{"id":4301,"date":"2022-10-12T13:34:46","date_gmt":"2022-10-12T13:34:46","guid":{"rendered":"https:\/\/www.public.sn\/?p=4301"},"modified":"2022-10-12T13:34:48","modified_gmt":"2022-10-12T13:34:48","slug":"ucad-les-travailleurs-reprennent-service","status":"publish","type":"post","link":"https:\/\/www.public.sn\/index.php\/2022\/10\/12\/ucad-les-travailleurs-reprennent-service\/","title":{"rendered":"UCAD : Les travailleurs reprennent service."},"content":{"rendered":"\n<p><br><strong>Le collectif des travailleurs des universit\u00e9s suspendent leur mouvement d\u2019humeur jusqu\u2019au 25 Octobre. <\/strong><\/p><div class=\"publi-paragraphe1\" style=\"margin-top: 10px;margin-bottom: 10px;margin-left: auto;margin-right: auto;text-align: center;\" id=\"publi-827785036\"><div class=\"publi-adlabel\">Publicit\u00e9<\/div><script async src=\"\/\/pagead2.googlesyndication.com\/pagead\/js\/adsbygoogle.js?client=ca-pub-4089586018074219\" crossorigin=\"anonymous\"><\/script><ins class=\"adsbygoogle\" style=\"display:block;\" data-ad-client=\"ca-pub-4089586018074219\" \ndata-ad-slot=\"2087940154\" \ndata-ad-format=\"auto\"><\/ins>\n<script> \n(adsbygoogle = window.adsbygoogle || []).push({}); \n<\/script>\n<\/div>\n\n\n\n<p>Une d\u00e9cision motiv\u00e9e par leur rencontre de ce Mardi avec le ministre de l\u2019enseignement sup\u00e9rieur et de  la Recherche et de l\u2019innovation. Ces travailleurs disent avoir espoir  du nouveau ministre pour la r\u00e9solution de leur revendication.  Des  rencontres sont pr\u00e9vues pour le 18 et le 20 Octobre avec le ministre  Pr Moussa Bald\u00e9. <\/p>\n\n\n\n<p>Des accords ont \u00e9t\u00e9 trouv\u00e9s entre les deux parties et les travailleurs esp\u00e8rent que pour cette fois ci ces accords vont \u00eatre respect\u00e9s.  <br><br>Samba SY.<br><\/p>\n<div class=\"publi-apres-le-contenu\" style=\"margin-top: 10px;margin-bottom: 10px;margin-left: auto;margin-right: auto;text-align: center;\" id=\"publi-3295851538\"><div class=\"publi-adlabel\">Publicit\u00e9<\/div><script async src=\"\/\/pagead2.googlesyndication.com\/pagead\/js\/adsbygoogle.js?client=ca-pub-4089586018074219\" crossorigin=\"anonymous\"><\/script><ins class=\"adsbygoogle\" style=\"display:block;\" data-ad-client=\"ca-pub-4089586018074219\" \ndata-ad-slot=\"2087940154\" \ndata-ad-format=\"auto\"><\/ins>\n<script> \n(adsbygoogle = window.adsbygoogle || []).push({}); \n<\/script>\n<\/div>","protected":false},"excerpt":{"rendered":"<p>Le collectif des travailleurs des universit\u00e9s suspendent leur mouvement d\u2019humeur jusqu\u2019au 25 Octobre. Une d\u00e9cision motiv\u00e9e par leur rencontre de ce Mardi avec le ministre de l\u2019enseignement sup\u00e9rieur et de la Recherche et de l\u2019innovation. Ces travailleurs disent avoir espoir du nouveau ministre pour la r\u00e9solution de leur revendication. Des rencontres sont pr\u00e9vues pour le 18 et le 20 Octobre avec le ministre Pr Moussa Bald\u00e9. Des accords ont \u00e9t\u00e9 trouv\u00e9s entre les deux parties et les travailleurs esp\u00e8rent que pour cette fois ci ces accords vont \u00eatre respect\u00e9s. Samba SY.<\/p>\n","protected":false},"author":1,"featured_media":4311,"comment_status":"open","ping_status":"open","sticky":false,"template":"","format":"standard","meta":{"_jetpack_memberships_contains_paid_content":false,"footnotes":""},"categories":[375,379,1],"tags":[1422,1424,1423],"class_list":["post-4301","post","type-post","status-publish","format-standard","has-post-thumbnail","hentry","category-actualites","category-faits-divers","category-non-classe","tag-collectif","tag-suspension","tag-travailleurs-coud","entry","has-media","owp-thumbs-layout-horizontal","owp-btn-normal","owp-tabs-layout-horizontal","has-no-thumbnails","has-product-nav"],"yoast_head":"<!-- This site is optimized with the Yoast SEO plugin v25.5 - https:\/\/yoast.com\/wordpress\/plugins\/seo\/ -->\n<title>UCAD : Les travailleurs reprennent service. - LE PUBLIC<\/title>\n<meta name=\"robots\" content=\"index, follow, max-snippet:-1, max-image-preview:large, max-video-preview:-1\" \/>\n<link rel=\"canonical\" href=\"https:\/\/www.public.sn\/index.php\/2022\/10\/12\/ucad-les-travailleurs-reprennent-service\/\" \/>\n<meta property=\"og:locale\" content=\"fr_FR\" \/>\n<meta property=\"og:type\" content=\"article\" \/>\n<meta property=\"og:title\" content=\"UCAD : Les travailleurs reprennent service. - LE PUBLIC\" \/>\n<meta property=\"og:description\" content=\"Le collectif des travailleurs des universit\u00e9s suspendent leur mouvement d\u2019humeur jusqu\u2019au 25 Octobre. Une d\u00e9cision motiv\u00e9e par leur rencontre de ce Mardi avec le ministre de l\u2019enseignement sup\u00e9rieur et de la Recherche et de l\u2019innovation. Ces travailleurs disent avoir espoir du nouveau ministre pour la r\u00e9solution de leur revendication. Des rencontres sont pr\u00e9vues pour le 18 et le 20 Octobre avec le ministre Pr Moussa Bald\u00e9. Des accords ont \u00e9t\u00e9 trouv\u00e9s entre les deux parties et les travailleurs esp\u00e8rent que pour cette fois ci ces accords vont \u00eatre respect\u00e9s. Samba SY.\" \/>\n<meta property=\"og:url\" content=\"https:\/\/www.public.sn\/index.php\/2022\/10\/12\/ucad-les-travailleurs-reprennent-service\/\" \/>\n<meta property=\"og:site_name\" content=\"LE PUBLIC\" \/>\n<meta property=\"article:published_time\" content=\"2022-10-12T13:34:46+00:00\" \/>\n<meta property=\"article:modified_time\" content=\"2022-10-12T13:34:48+00:00\" \/>\n<meta property=\"og:image\" content=\"https:\/\/www.public.sn\/wp-content\/uploads\/2022\/10\/87d32bb023918b6e3c43525df8ac5b9b6480a8ec-758x369-1.jpg\" \/>\n\t<meta property=\"og:image:width\" content=\"758\" \/>\n\t<meta property=\"og:image:height\" content=\"369\" \/>\n\t<meta property=\"og:image:type\" content=\"image\/jpeg\" \/>\n<meta name=\"author\" content=\"LA REDACTION\" \/>\n<meta name=\"twitter:card\" content=\"summary_large_image\" \/>\n<meta name=\"twitter:label1\" content=\"\u00c9crit par\" \/>\n\t<meta name=\"twitter:data1\" content=\"LA REDACTION\" \/>\n\t<meta name=\"twitter:label2\" content=\"Dur\u00e9e de lecture estim\u00e9e\" \/>\n\t<meta name=\"twitter:data2\" content=\"1 minute\" \/>\n<script type=\"application\/ld+json\" class=\"yoast-schema-graph\">{\"@context\":\"https:\/\/schema.org\",\"@graph\":[{\"@type\":\"Article\",\"@id\":\"https:\/\/www.public.sn\/index.php\/2022\/10\/12\/ucad-les-travailleurs-reprennent-service\/#article\",\"isPartOf\":{\"@id\":\"https:\/\/www.public.sn\/index.php\/2022\/10\/12\/ucad-les-travailleurs-reprennent-service\/\"},\"author\":{\"name\":\"LA REDACTION\",\"@id\":\"https:\/\/www.public.sn\/#\/schema\/person\/e3f4a11b037d4203902db148f9bc8d5a\"},\"headline\":\"UCAD : Les travailleurs reprennent service.\",\"datePublished\":\"2022-10-12T13:34:46+00:00\",\"dateModified\":\"2022-10-12T13:34:48+00:00\",\"mainEntityOfPage\":{\"@id\":\"https:\/\/www.public.sn\/index.php\/2022\/10\/12\/ucad-les-travailleurs-reprennent-service\/\"},\"wordCount\":106,\"commentCount\":0,\"publisher\":{\"@id\":\"https:\/\/www.public.sn\/#organization\"},\"image\":{\"@id\":\"https:\/\/www.public.sn\/index.php\/2022\/10\/12\/ucad-les-travailleurs-reprennent-service\/#primaryimage\"},\"thumbnailUrl\":\"https:\/\/www.public.sn\/wp-content\/uploads\/2022\/10\/87d32bb023918b6e3c43525df8ac5b9b6480a8ec-758x369-1.jpg\",\"keywords\":[\"collectif\",\"suspension\",\"travailleurs coud\"],\"articleSection\":[\"ACTUALIT\u00c9S\",\"FAITS DIVERS\",\"S\u00c9N\u00c9GAL\"],\"inLanguage\":\"fr-FR\",\"potentialAction\":[{\"@type\":\"CommentAction\",\"name\":\"Comment\",\"target\":[\"https:\/\/www.public.sn\/index.php\/2022\/10\/12\/ucad-les-travailleurs-reprennent-service\/#respond\"]}]},{\"@type\":\"WebPage\",\"@id\":\"https:\/\/www.public.sn\/index.php\/2022\/10\/12\/ucad-les-travailleurs-reprennent-service\/\",\"url\":\"https:\/\/www.public.sn\/index.php\/2022\/10\/12\/ucad-les-travailleurs-reprennent-service\/\",\"name\":\"UCAD : Les travailleurs reprennent service. - LE PUBLIC\",\"isPartOf\":{\"@id\":\"https:\/\/www.public.sn\/#website\"},\"primaryImageOfPage\":{\"@id\":\"https:\/\/www.public.sn\/index.php\/2022\/10\/12\/ucad-les-travailleurs-reprennent-service\/#primaryimage\"},\"image\":{\"@id\":\"https:\/\/www.public.sn\/index.php\/2022\/10\/12\/ucad-les-travailleurs-reprennent-service\/#primaryimage\"},\"thumbnailUrl\":\"https:\/\/www.public.sn\/wp-content\/uploads\/2022\/10\/87d32bb023918b6e3c43525df8ac5b9b6480a8ec-758x369-1.jpg\",\"datePublished\":\"2022-10-12T13:34:46+00:00\",\"dateModified\":\"2022-10-12T13:34:48+00:00\",\"breadcrumb\":{\"@id\":\"https:\/\/www.public.sn\/index.php\/2022\/10\/12\/ucad-les-travailleurs-reprennent-service\/#breadcrumb\"},\"inLanguage\":\"fr-FR\",\"potentialAction\":[{\"@type\":\"ReadAction\",\"target\":[\"https:\/\/www.public.sn\/index.php\/2022\/10\/12\/ucad-les-travailleurs-reprennent-service\/\"]}]},{\"@type\":\"ImageObject\",\"inLanguage\":\"fr-FR\",\"@id\":\"https:\/\/www.public.sn\/index.php\/2022\/10\/12\/ucad-les-travailleurs-reprennent-service\/#primaryimage\",\"url\":\"https:\/\/www.public.sn\/wp-content\/uploads\/2022\/10\/87d32bb023918b6e3c43525df8ac5b9b6480a8ec-758x369-1.jpg\",\"contentUrl\":\"https:\/\/www.public.sn\/wp-content\/uploads\/2022\/10\/87d32bb023918b6e3c43525df8ac5b9b6480a8ec-758x369-1.jpg\",\"width\":758,\"height\":369},{\"@type\":\"BreadcrumbList\",\"@id\":\"https:\/\/www.public.sn\/index.php\/2022\/10\/12\/ucad-les-travailleurs-reprennent-service\/#breadcrumb\",\"itemListElement\":[{\"@type\":\"ListItem\",\"position\":1,\"name\":\"Accueil\",\"item\":\"https:\/\/www.public.sn\/\"},{\"@type\":\"ListItem\",\"position\":2,\"name\":\"UCAD : Les travailleurs reprennent service.\"}]},{\"@type\":\"WebSite\",\"@id\":\"https:\/\/www.public.sn\/#website\",\"url\":\"https:\/\/www.public.sn\/\",\"name\":\"LE PUBLIC\",\"description\":\"\",\"publisher\":{\"@id\":\"https:\/\/www.public.sn\/#organization\"},\"potentialAction\":[{\"@type\":\"SearchAction\",\"target\":{\"@type\":\"EntryPoint\",\"urlTemplate\":\"https:\/\/www.public.sn\/?s={search_term_string}\"},\"query-input\":{\"@type\":\"PropertyValueSpecification\",\"valueRequired\":true,\"valueName\":\"search_term_string\"}}],\"inLanguage\":\"fr-FR\"},{\"@type\":\"Organization\",\"@id\":\"https:\/\/www.public.sn\/#organization\",\"name\":\"LE PUBLIC\",\"url\":\"https:\/\/www.public.sn\/\",\"logo\":{\"@type\":\"ImageObject\",\"inLanguage\":\"fr-FR\",\"@id\":\"https:\/\/www.public.sn\/#\/schema\/logo\/image\/\",\"url\":\"https:\/\/www.public.sn\/wp-content\/uploads\/2024\/05\/cropped-LOGO-PUBLIC.SN_.png\",\"contentUrl\":\"https:\/\/www.public.sn\/wp-content\/uploads\/2024\/05\/cropped-LOGO-PUBLIC.SN_.png\",\"width\":682,\"height\":192,\"caption\":\"LE PUBLIC\"},\"image\":{\"@id\":\"https:\/\/www.public.sn\/#\/schema\/logo\/image\/\"}},{\"@type\":\"Person\",\"@id\":\"https:\/\/www.public.sn\/#\/schema\/person\/e3f4a11b037d4203902db148f9bc8d5a\",\"name\":\"LA REDACTION\",\"image\":{\"@type\":\"ImageObject\",\"inLanguage\":\"fr-FR\",\"@id\":\"https:\/\/www.public.sn\/#\/schema\/person\/image\/\",\"url\":\"https:\/\/secure.gravatar.com\/avatar\/d6c030db45db2883c075085c5d6c6258654a801a93766b49af0b82d4f454e2a5?s=96&d=mm&r=g\",\"contentUrl\":\"https:\/\/secure.gravatar.com\/avatar\/d6c030db45db2883c075085c5d6c6258654a801a93766b49af0b82d4f454e2a5?s=96&d=mm&r=g\",\"caption\":\"LA REDACTION\"},\"sameAs\":[\"http:\/\/www.public.sn\"],\"url\":\"https:\/\/www.public.sn\/index.php\/author\/admin7324\/\"}]}<\/script>\n<!-- \/ Yoast SEO plugin. -->","yoast_head_json":{"title":"UCAD : Les travailleurs reprennent service. - LE PUBLIC","robots":{"index":"index","follow":"follow","max-snippet":"max-snippet:-1","max-image-preview":"max-image-preview:large","max-video-preview":"max-video-preview:-1"},"canonical":"https:\/\/www.public.sn\/index.php\/2022\/10\/12\/ucad-les-travailleurs-reprennent-service\/","og_locale":"fr_FR","og_type":"article","og_title":"UCAD : Les travailleurs reprennent service. - LE PUBLIC","og_description":"Le collectif des travailleurs des universit\u00e9s suspendent leur mouvement d\u2019humeur jusqu\u2019au 25 Octobre. Une d\u00e9cision motiv\u00e9e par leur rencontre de ce Mardi avec le ministre de l\u2019enseignement sup\u00e9rieur et de la Recherche et de l\u2019innovation. Ces travailleurs disent avoir espoir du nouveau ministre pour la r\u00e9solution de leur revendication. Des rencontres sont pr\u00e9vues pour le 18 et le 20 Octobre avec le ministre Pr Moussa Bald\u00e9. Des accords ont \u00e9t\u00e9 trouv\u00e9s entre les deux parties et les travailleurs esp\u00e8rent que pour cette fois ci ces accords vont \u00eatre respect\u00e9s. Samba SY.","og_url":"https:\/\/www.public.sn\/index.php\/2022\/10\/12\/ucad-les-travailleurs-reprennent-service\/","og_site_name":"LE PUBLIC","article_published_time":"2022-10-12T13:34:46+00:00","article_modified_time":"2022-10-12T13:34:48+00:00","og_image":[{"width":758,"height":369,"url":"https:\/\/www.public.sn\/wp-content\/uploads\/2022\/10\/87d32bb023918b6e3c43525df8ac5b9b6480a8ec-758x369-1.jpg","type":"image\/jpeg"}],"author":"LA REDACTION","twitter_card":"summary_large_image","twitter_misc":{"\u00c9crit par":"LA REDACTION","Dur\u00e9e de lecture estim\u00e9e":"1 minute"},"schema":{"@context":"https:\/\/schema.org","@graph":[{"@type":"Article","@id":"https:\/\/www.public.sn\/index.php\/2022\/10\/12\/ucad-les-travailleurs-reprennent-service\/#article","isPartOf":{"@id":"https:\/\/www.public.sn\/index.php\/2022\/10\/12\/ucad-les-travailleurs-reprennent-service\/"},"author":{"name":"LA REDACTION","@id":"https:\/\/www.public.sn\/#\/schema\/person\/e3f4a11b037d4203902db148f9bc8d5a"},"headline":"UCAD : Les travailleurs reprennent service.","datePublished":"2022-10-12T13:34:46+00:00","dateModified":"2022-10-12T13:34:48+00:00","mainEntityOfPage":{"@id":"https:\/\/www.public.sn\/index.php\/2022\/10\/12\/ucad-les-travailleurs-reprennent-service\/"},"wordCount":106,"commentCount":0,"publisher":{"@id":"https:\/\/www.public.sn\/#organization"},"image":{"@id":"https:\/\/www.public.sn\/index.php\/2022\/10\/12\/ucad-les-travailleurs-reprennent-service\/#primaryimage"},"thumbnailUrl":"https:\/\/www.public.sn\/wp-content\/uploads\/2022\/10\/87d32bb023918b6e3c43525df8ac5b9b6480a8ec-758x369-1.jpg","keywords":["collectif","suspension","travailleurs coud"],"articleSection":["ACTUALIT\u00c9S","FAITS DIVERS","S\u00c9N\u00c9GAL"],"inLanguage":"fr-FR","potentialAction":[{"@type":"CommentAction","name":"Comment","target":["https:\/\/www.public.sn\/index.php\/2022\/10\/12\/ucad-les-travailleurs-reprennent-service\/#respond"]}]},{"@type":"WebPage","@id":"https:\/\/www.public.sn\/index.php\/2022\/10\/12\/ucad-les-travailleurs-reprennent-service\/","url":"https:\/\/www.public.sn\/index.php\/2022\/10\/12\/ucad-les-travailleurs-reprennent-service\/","name":"UCAD : Les travailleurs reprennent service. - LE PUBLIC","isPartOf":{"@id":"https:\/\/www.public.sn\/#website"},"primaryImageOfPage":{"@id":"https:\/\/www.public.sn\/index.php\/2022\/10\/12\/ucad-les-travailleurs-reprennent-service\/#primaryimage"},"image":{"@id":"https:\/\/www.public.sn\/index.php\/2022\/10\/12\/ucad-les-travailleurs-reprennent-service\/#primaryimage"},"thumbnailUrl":"https:\/\/www.public.sn\/wp-content\/uploads\/2022\/10\/87d32bb023918b6e3c43525df8ac5b9b6480a8ec-758x369-1.jpg","datePublished":"2022-10-12T13:34:46+00:00","dateModified":"2022-10-12T13:34:48+00:00","breadcrumb":{"@id":"https:\/\/www.public.sn\/index.php\/2022\/10\/12\/ucad-les-travailleurs-reprennent-service\/#breadcrumb"},"inLanguage":"fr-FR","potentialAction":[{"@type":"ReadAction","target":["https:\/\/www.public.sn\/index.php\/2022\/10\/12\/ucad-les-travailleurs-reprennent-service\/"]}]},{"@type":"ImageObject","inLanguage":"fr-FR","@id":"https:\/\/www.public.sn\/index.php\/2022\/10\/12\/ucad-les-travailleurs-reprennent-service\/#primaryimage","url":"https:\/\/www.public.sn\/wp-content\/uploads\/2022\/10\/87d32bb023918b6e3c43525df8ac5b9b6480a8ec-758x369-1.jpg","contentUrl":"https:\/\/www.public.sn\/wp-content\/uploads\/2022\/10\/87d32bb023918b6e3c43525df8ac5b9b6480a8ec-758x369-1.jpg","width":758,"height":369},{"@type":"BreadcrumbList","@id":"https:\/\/www.public.sn\/index.php\/2022\/10\/12\/ucad-les-travailleurs-reprennent-service\/#breadcrumb","itemListElement":[{"@type":"ListItem","position":1,"name":"Accueil","item":"https:\/\/www.public.sn\/"},{"@type":"ListItem","position":2,"name":"UCAD : Les travailleurs reprennent service."}]},{"@type":"WebSite","@id":"https:\/\/www.public.sn\/#website","url":"https:\/\/www.public.sn\/","name":"LE PUBLIC","description":"","publisher":{"@id":"https:\/\/www.public.sn\/#organization"},"potentialAction":[{"@type":"SearchAction","target":{"@type":"EntryPoint","urlTemplate":"https:\/\/www.public.sn\/?s={search_term_string}"},"query-input":{"@type":"PropertyValueSpecification","valueRequired":true,"valueName":"search_term_string"}}],"inLanguage":"fr-FR"},{"@type":"Organization","@id":"https:\/\/www.public.sn\/#organization","name":"LE PUBLIC","url":"https:\/\/www.public.sn\/","logo":{"@type":"ImageObject","inLanguage":"fr-FR","@id":"https:\/\/www.public.sn\/#\/schema\/logo\/image\/","url":"https:\/\/www.public.sn\/wp-content\/uploads\/2024\/05\/cropped-LOGO-PUBLIC.SN_.png","contentUrl":"https:\/\/www.public.sn\/wp-content\/uploads\/2024\/05\/cropped-LOGO-PUBLIC.SN_.png","width":682,"height":192,"caption":"LE PUBLIC"},"image":{"@id":"https:\/\/www.public.sn\/#\/schema\/logo\/image\/"}},{"@type":"Person","@id":"https:\/\/www.public.sn\/#\/schema\/person\/e3f4a11b037d4203902db148f9bc8d5a","name":"LA REDACTION","image":{"@type":"ImageObject","inLanguage":"fr-FR","@id":"https:\/\/www.public.sn\/#\/schema\/person\/image\/","url":"https:\/\/secure.gravatar.com\/avatar\/d6c030db45db2883c075085c5d6c6258654a801a93766b49af0b82d4f454e2a5?s=96&d=mm&r=g","contentUrl":"https:\/\/secure.gravatar.com\/avatar\/d6c030db45db2883c075085c5d6c6258654a801a93766b49af0b82d4f454e2a5?s=96&d=mm&r=g","caption":"LA REDACTION"},"sameAs":["http:\/\/www.public.sn"],"url":"https:\/\/www.public.sn\/index.php\/author\/admin7324\/"}]}},"jetpack_featured_media_url":"https:\/\/www.public.sn\/wp-content\/uploads\/2022\/10\/87d32bb023918b6e3c43525df8ac5b9b6480a8ec-758x369-1.jpg","jetpack_sharing_enabled":true,"_links":{"self":[{"href":"https:\/\/www.public.sn\/index.php\/wp-json\/wp\/v2\/posts\/4301","targetHints":{"allow":["GET"]}}],"collection":[{"href":"https:\/\/www.public.sn\/index.php\/wp-json\/wp\/v2\/posts"}],"about":[{"href":"https:\/\/www.public.sn\/index.php\/wp-json\/wp\/v2\/types\/post"}],"author":[{"embeddable":true,"href":"https:\/\/www.public.sn\/index.php\/wp-json\/wp\/v2\/users\/1"}],"replies":[{"embeddable":true,"href":"https:\/\/www.public.sn\/index.php\/wp-json\/wp\/v2\/comments?post=4301"}],"version-history":[{"count":2,"href":"https:\/\/www.public.sn\/index.php\/wp-json\/wp\/v2\/posts\/4301\/revisions"}],"predecessor-version":[{"id":4312,"href":"https:\/\/www.public.sn\/index.php\/wp-json\/wp\/v2\/posts\/4301\/revisions\/4312"}],"wp:featuredmedia":[{"embeddable":true,"href":"https:\/\/www.public.sn\/index.php\/wp-json\/wp\/v2\/media\/4311"}],"wp:attachment":[{"href":"https:\/\/www.public.sn\/index.php\/wp-json\/wp\/v2\/media?parent=4301"}],"wp:term":[{"taxonomy":"category","embeddable":true,"href":"https:\/\/www.public.sn\/index.php\/wp-json\/wp\/v2\/categories?post=4301"},{"taxonomy":"post_tag","embeddable":true,"href":"https:\/\/www.public.sn\/index.php\/wp-json\/wp\/v2\/tags?post=4301"}],"curies":[{"name":"wp","href":"https:\/\/api.w.org\/{rel}","templated":true}]}}