{"id":4318,"date":"2022-10-12T13:56:09","date_gmt":"2022-10-12T13:56:09","guid":{"rendered":"https:\/\/www.public.sn\/?p=4318"},"modified":"2022-10-12T13:56:12","modified_gmt":"2022-10-12T13:56:12","slug":"biden-hausse-le-ton-contre-riyad-apres-la-reduction-de-la-production-de-petrole","status":"publish","type":"post","link":"https:\/\/www.public.sn\/index.php\/2022\/10\/12\/biden-hausse-le-ton-contre-riyad-apres-la-reduction-de-la-production-de-petrole\/","title":{"rendered":"Biden hausse le ton contre Riyad apr\u00e8s la r\u00e9duction de la production de p\u00e9trole."},"content":{"rendered":"\n<p><strong>\u00a0<em>Profonde col\u00e8re<\/em>\u00a0\u00bb du pr\u00e9sident am\u00e9ricain qui va donc \u00ab\u00a0<em>r\u00e9\u00e9valuer et possiblement modifier<\/em>\u00a0\u00bb les relations des \u00c9tats-Unis avec l&rsquo;Arabie saoudite apr\u00e8s le v\u00e9ritable \u00ab<em>\u00a0camouflet diplomatique\u00a0<\/em>\u00bb inflig\u00e9 par Riyad, dit le\u00a0<em>Washington Post<\/em>. Le royaume, chef de file des pays de l\u2019OPEP a choisi \u00ab\u00a0<em>de s&rsquo;associer avec la Russie pour r\u00e9duire la production de p\u00e9trole<\/em>\u00a0\u00bb. De quoi renforcer de fait \u00ab\u00a0<em>la position du Kremlin<\/em>\u00a0\u00bb, note de son c\u00f4t\u00e9 le\u00a0<em>New York Times<\/em>\u00a0tout en mettant le pr\u00e9sident Biden \u00ab\u00a0<em>dans l&#8217;embarras avec une mont\u00e9e des prix de l&rsquo;essence qui pourraient le p\u00e9naliser juste avant les \u00e9lections de mi-mandat<\/em>\u00a0\u00bb. \u00ab\u00a0<em>La Russie peut effectivement se frotter les mains puisqu&rsquo;elle retirera ainsi plus de revenus de son or noir<\/em>\u00a0\u00bb, note \u00e9galement\u00a0<em>Le Soir,\u00a0<\/em>qui parle de \u00ab\u00a0<em>gifle\u00a0ass\u00e9n\u00e9e<\/em>\u00a0\u00bb au pr\u00e9sident am\u00e9ricain par le prince saoudien Mohammed ben Salman\u00a0qui semble \u2013\u00a0selon le quotidien belge\u00a0\u2013\u00a0\u00ab\u00a0<em>bien d\u00e9cid\u00e9 \u00e0 r\u00e9gler ses comptes avec Biden<\/em>\u00a0\u00bb.<\/strong> Rapporte RFI<\/p><div class=\"publi-paragraphe1\" style=\"margin-top: 10px;margin-bottom: 10px;margin-left: auto;margin-right: auto;text-align: center;\" id=\"publi-2398963211\"><div class=\"publi-adlabel\">Publicit\u00e9<\/div><script async src=\"\/\/pagead2.googlesyndication.com\/pagead\/js\/adsbygoogle.js?client=ca-pub-4089586018074219\" crossorigin=\"anonymous\"><\/script><ins class=\"adsbygoogle\" style=\"display:block;\" data-ad-client=\"ca-pub-4089586018074219\" \ndata-ad-slot=\"2087940154\" \ndata-ad-format=\"auto\"><\/ins>\n<script> \n(adsbygoogle = window.adsbygoogle || []).push({}); \n<\/script>\n<\/div>\n\n\n\n<h2 class=\"wp-block-heading\">La Maison blanche pourrait&nbsp;bloquer les ventes d\u2019armes \u00e0 Riyad<\/h2>\n\n\n\n<p>Malgr\u00e9 la visite de r\u00e9conciliation du pr\u00e9sident am\u00e9ricain \u00e0 Riyad en juillet dernier, MBS n&rsquo;aurait pas pardonn\u00e9 \u00e0 Biden \u00ab&nbsp;<em>sa volont\u00e9 premi\u00e8re, en d\u00e9but de mandat, de faire du royaume un \u00ab\u00a0paria\u00a0\u00bb&nbsp;apr\u00e8s l&rsquo;assassinat brutal du journaliste Jamal Khashoggi<\/em>&nbsp;\u00bb, souligne le&nbsp;<em>Wall Street Journal<\/em>. Et voil\u00e0 qui jette un \u00ab&nbsp;<em>doute sur l&rsquo;avenir de la relation de s\u00e9curit\u00e9 am\u00e9ricano-saoudienne<\/em>&nbsp;\u00bb, commente le correspondant \u00e0 Washington du&nbsp;<em>Guardian<\/em>, qui explique que la Maison blanche pourrait bien suivre \u00ab&nbsp;<em>les mesures de r\u00e9torsion r\u00e9clam\u00e9es par des \u00e9lus d\u00e9mocrates pour bloquer toute vente d&rsquo;armes \u00e0 Riyad<\/em>&nbsp;\u00bb. \u00ab&nbsp;<em>MBS ne comprend que le langage de la force, il est temps que l&rsquo;administration Biden agisse comme le principal partenaire dans cette relation<\/em>&nbsp;\u00bb, fait valoir un ex-chef du renseignement saoudien dans le&nbsp;<em>Guardian<\/em>.<\/p>\n<div class=\"publi-apres-le-contenu\" style=\"margin-top: 10px;margin-bottom: 10px;margin-left: auto;margin-right: auto;text-align: center;\" id=\"publi-1412527346\"><div class=\"publi-adlabel\">Publicit\u00e9<\/div><script async src=\"\/\/pagead2.googlesyndication.com\/pagead\/js\/adsbygoogle.js?client=ca-pub-4089586018074219\" crossorigin=\"anonymous\"><\/script><ins class=\"adsbygoogle\" style=\"display:block;\" data-ad-client=\"ca-pub-4089586018074219\" \ndata-ad-slot=\"2087940154\" \ndata-ad-format=\"auto\"><\/ins>\n<script> \n(adsbygoogle = window.adsbygoogle || []).push({}); \n<\/script>\n<\/div>","protected":false},"excerpt":{"rendered":"<p>\u00a0Profonde col\u00e8re\u00a0\u00bb du pr\u00e9sident am\u00e9ricain qui va donc \u00ab\u00a0r\u00e9\u00e9valuer et possiblement modifier\u00a0\u00bb les relations des \u00c9tats-Unis avec l&rsquo;Arabie saoudite apr\u00e8s le v\u00e9ritable \u00ab\u00a0camouflet diplomatique\u00a0\u00bb inflig\u00e9 par Riyad, dit le\u00a0Washington Post. Le royaume, chef de file des pays de l\u2019OPEP a choisi \u00ab\u00a0de s&rsquo;associer avec la Russie pour r\u00e9duire la production de p\u00e9trole\u00a0\u00bb. De quoi renforcer de fait \u00ab\u00a0la position du Kremlin\u00a0\u00bb, note de son c\u00f4t\u00e9 le\u00a0New York Times\u00a0tout en mettant le pr\u00e9sident Biden \u00ab\u00a0dans l&#8217;embarras avec une mont\u00e9e des prix de l&rsquo;essence qui pourraient le p\u00e9naliser juste avant les \u00e9lections de mi-mandat\u00a0\u00bb. \u00ab\u00a0La Russie peut effectivement se frotter les mains puisqu&rsquo;elle retirera ainsi plus de revenus de son or noir\u00a0\u00bb, note \u00e9galement\u00a0Le Soir,\u00a0qui parle de \u00ab\u00a0gifle\u00a0ass\u00e9n\u00e9e\u00a0\u00bb au pr\u00e9sident am\u00e9ricain par le prince saoudien Mohammed ben Salman\u00a0qui semble \u2013\u00a0selon le quotidien belge\u00a0\u2013\u00a0\u00ab\u00a0bien d\u00e9cid\u00e9 \u00e0 r\u00e9gler ses comptes avec Biden\u00a0\u00bb. Rapporte RFI La Maison blanche pourrait&nbsp;bloquer les ventes d\u2019armes \u00e0 Riyad Malgr\u00e9 la visite de r\u00e9conciliation du pr\u00e9sident am\u00e9ricain \u00e0 Riyad en juillet dernier, MBS n&rsquo;aurait pas pardonn\u00e9 \u00e0 Biden \u00ab&nbsp;sa volont\u00e9 premi\u00e8re, en d\u00e9but de mandat, de faire du royaume un \u00ab\u00a0paria\u00a0\u00bb&nbsp;apr\u00e8s l&rsquo;assassinat brutal du journaliste Jamal Khashoggi&nbsp;\u00bb, souligne le&nbsp;Wall Street Journal. Et voil\u00e0 qui jette un \u00ab&nbsp;doute sur l&rsquo;avenir de la relation de s\u00e9curit\u00e9 am\u00e9ricano-saoudienne&nbsp;\u00bb, commente le correspondant \u00e0 Washington du&nbsp;Guardian, qui explique que la Maison blanche pourrait bien suivre \u00ab&nbsp;les mesures de r\u00e9torsion r\u00e9clam\u00e9es par des \u00e9lus d\u00e9mocrates pour bloquer toute vente d&rsquo;armes \u00e0 Riyad&nbsp;\u00bb. \u00ab&nbsp;MBS ne comprend que le langage de la force, il est temps que l&rsquo;administration Biden agisse comme le principal partenaire dans cette relation&nbsp;\u00bb, fait valoir un ex-chef du renseignement saoudien dans le&nbsp;Guardian.<\/p>\n","protected":false},"author":1,"featured_media":4319,"comment_status":"open","ping_status":"open","sticky":false,"template":"","format":"standard","meta":{"_jetpack_memberships_contains_paid_content":false,"footnotes":""},"categories":[375,550,3],"tags":[1427,1426,1428],"class_list":["post-4318","post","type-post","status-publish","format-standard","has-post-thumbnail","hentry","category-actualites","category-afrique-monde","category-politique","tag-a-rabie-saoudite","tag-biden","tag-colere","entry","has-media","owp-thumbs-layout-horizontal","owp-btn-normal","owp-tabs-layout-horizontal","has-no-thumbnails","has-product-nav"],"yoast_head":"<!-- This site is optimized with the Yoast SEO plugin v25.5 - https:\/\/yoast.com\/wordpress\/plugins\/seo\/ -->\n<title>Biden hausse le ton contre Riyad apr\u00e8s la r\u00e9duction de la production de p\u00e9trole. - LE PUBLIC<\/title>\n<meta name=\"robots\" content=\"index, follow, max-snippet:-1, max-image-preview:large, max-video-preview:-1\" \/>\n<link rel=\"canonical\" href=\"https:\/\/www.public.sn\/index.php\/2022\/10\/12\/biden-hausse-le-ton-contre-riyad-apres-la-reduction-de-la-production-de-petrole\/\" \/>\n<meta property=\"og:locale\" content=\"fr_FR\" \/>\n<meta property=\"og:type\" content=\"article\" \/>\n<meta property=\"og:title\" content=\"Biden hausse le ton contre Riyad apr\u00e8s la r\u00e9duction de la production de p\u00e9trole. - LE PUBLIC\" \/>\n<meta property=\"og:description\" content=\"\u00a0Profonde col\u00e8re\u00a0\u00bb du pr\u00e9sident am\u00e9ricain qui va donc \u00ab\u00a0r\u00e9\u00e9valuer et possiblement modifier\u00a0\u00bb les relations des \u00c9tats-Unis avec l&rsquo;Arabie saoudite apr\u00e8s le v\u00e9ritable \u00ab\u00a0camouflet diplomatique\u00a0\u00bb inflig\u00e9 par Riyad, dit le\u00a0Washington Post. Le royaume, chef de file des pays de l\u2019OPEP a choisi \u00ab\u00a0de s&rsquo;associer avec la Russie pour r\u00e9duire la production de p\u00e9trole\u00a0\u00bb. De quoi renforcer de fait \u00ab\u00a0la position du Kremlin\u00a0\u00bb, note de son c\u00f4t\u00e9 le\u00a0New York Times\u00a0tout en mettant le pr\u00e9sident Biden \u00ab\u00a0dans l&#8217;embarras avec une mont\u00e9e des prix de l&rsquo;essence qui pourraient le p\u00e9naliser juste avant les \u00e9lections de mi-mandat\u00a0\u00bb. \u00ab\u00a0La Russie peut effectivement se frotter les mains puisqu&rsquo;elle retirera ainsi plus de revenus de son or noir\u00a0\u00bb, note \u00e9galement\u00a0Le Soir,\u00a0qui parle de \u00ab\u00a0gifle\u00a0ass\u00e9n\u00e9e\u00a0\u00bb au pr\u00e9sident am\u00e9ricain par le prince saoudien Mohammed ben Salman\u00a0qui semble \u2013\u00a0selon le quotidien belge\u00a0\u2013\u00a0\u00ab\u00a0bien d\u00e9cid\u00e9 \u00e0 r\u00e9gler ses comptes avec Biden\u00a0\u00bb. Rapporte RFI La Maison blanche pourrait&nbsp;bloquer les ventes d\u2019armes \u00e0 Riyad Malgr\u00e9 la visite de r\u00e9conciliation du pr\u00e9sident am\u00e9ricain \u00e0 Riyad en juillet dernier, MBS n&rsquo;aurait pas pardonn\u00e9 \u00e0 Biden \u00ab&nbsp;sa volont\u00e9 premi\u00e8re, en d\u00e9but de mandat, de faire du royaume un \u00ab\u00a0paria\u00a0\u00bb&nbsp;apr\u00e8s l&rsquo;assassinat brutal du journaliste Jamal Khashoggi&nbsp;\u00bb, souligne le&nbsp;Wall Street Journal. Et voil\u00e0 qui jette un \u00ab&nbsp;doute sur l&rsquo;avenir de la relation de s\u00e9curit\u00e9 am\u00e9ricano-saoudienne&nbsp;\u00bb, commente le correspondant \u00e0 Washington du&nbsp;Guardian, qui explique que la Maison blanche pourrait bien suivre \u00ab&nbsp;les mesures de r\u00e9torsion r\u00e9clam\u00e9es par des \u00e9lus d\u00e9mocrates pour bloquer toute vente d&rsquo;armes \u00e0 Riyad&nbsp;\u00bb. \u00ab&nbsp;MBS ne comprend que le langage de la force, il est temps que l&rsquo;administration Biden agisse comme le principal partenaire dans cette relation&nbsp;\u00bb, fait valoir un ex-chef du renseignement saoudien dans le&nbsp;Guardian.\" \/>\n<meta property=\"og:url\" content=\"https:\/\/www.public.sn\/index.php\/2022\/10\/12\/biden-hausse-le-ton-contre-riyad-apres-la-reduction-de-la-production-de-petrole\/\" \/>\n<meta property=\"og:site_name\" content=\"LE PUBLIC\" \/>\n<meta property=\"article:published_time\" content=\"2022-10-12T13:56:09+00:00\" \/>\n<meta property=\"article:modified_time\" content=\"2022-10-12T13:56:12+00:00\" \/>\n<meta property=\"og:image\" content=\"https:\/\/www.public.sn\/wp-content\/uploads\/2022\/10\/2022-07-29T150314Z_1436869144_RC24LV9MWCQL_RTRMADP_3_USA-COURT-NOMINEES-ABORTION.webp\" \/>\n\t<meta property=\"og:image:width\" content=\"770\" \/>\n\t<meta property=\"og:image:height\" content=\"513\" \/>\n\t<meta property=\"og:image:type\" content=\"image\/webp\" \/>\n<meta name=\"author\" content=\"LA REDACTION\" \/>\n<meta name=\"twitter:card\" content=\"summary_large_image\" \/>\n<meta name=\"twitter:label1\" content=\"\u00c9crit par\" \/>\n\t<meta name=\"twitter:data1\" content=\"LA REDACTION\" \/>\n\t<meta name=\"twitter:label2\" content=\"Dur\u00e9e de lecture estim\u00e9e\" \/>\n\t<meta name=\"twitter:data2\" content=\"2 minutes\" \/>\n<script type=\"application\/ld+json\" class=\"yoast-schema-graph\">{\"@context\":\"https:\/\/schema.org\",\"@graph\":[{\"@type\":\"Article\",\"@id\":\"https:\/\/www.public.sn\/index.php\/2022\/10\/12\/biden-hausse-le-ton-contre-riyad-apres-la-reduction-de-la-production-de-petrole\/#article\",\"isPartOf\":{\"@id\":\"https:\/\/www.public.sn\/index.php\/2022\/10\/12\/biden-hausse-le-ton-contre-riyad-apres-la-reduction-de-la-production-de-petrole\/\"},\"author\":{\"name\":\"LA REDACTION\",\"@id\":\"https:\/\/www.public.sn\/#\/schema\/person\/e3f4a11b037d4203902db148f9bc8d5a\"},\"headline\":\"Biden hausse le ton contre Riyad apr\u00e8s la r\u00e9duction de la production de p\u00e9trole.\",\"datePublished\":\"2022-10-12T13:56:09+00:00\",\"dateModified\":\"2022-10-12T13:56:12+00:00\",\"mainEntityOfPage\":{\"@id\":\"https:\/\/www.public.sn\/index.php\/2022\/10\/12\/biden-hausse-le-ton-contre-riyad-apres-la-reduction-de-la-production-de-petrole\/\"},\"wordCount\":337,\"commentCount\":0,\"publisher\":{\"@id\":\"https:\/\/www.public.sn\/#organization\"},\"image\":{\"@id\":\"https:\/\/www.public.sn\/index.php\/2022\/10\/12\/biden-hausse-le-ton-contre-riyad-apres-la-reduction-de-la-production-de-petrole\/#primaryimage\"},\"thumbnailUrl\":\"https:\/\/www.public.sn\/wp-content\/uploads\/2022\/10\/2022-07-29T150314Z_1436869144_RC24LV9MWCQL_RTRMADP_3_USA-COURT-NOMINEES-ABORTION.webp\",\"keywords\":[\"A rabie Saoudite\",\"Biden\",\"col\u00e8re\"],\"articleSection\":[\"ACTUALIT\u00c9S\",\"AFRIQUE &amp; MONDE\",\"POLITIQUE\"],\"inLanguage\":\"fr-FR\",\"potentialAction\":[{\"@type\":\"CommentAction\",\"name\":\"Comment\",\"target\":[\"https:\/\/www.public.sn\/index.php\/2022\/10\/12\/biden-hausse-le-ton-contre-riyad-apres-la-reduction-de-la-production-de-petrole\/#respond\"]}]},{\"@type\":\"WebPage\",\"@id\":\"https:\/\/www.public.sn\/index.php\/2022\/10\/12\/biden-hausse-le-ton-contre-riyad-apres-la-reduction-de-la-production-de-petrole\/\",\"url\":\"https:\/\/www.public.sn\/index.php\/2022\/10\/12\/biden-hausse-le-ton-contre-riyad-apres-la-reduction-de-la-production-de-petrole\/\",\"name\":\"Biden hausse le ton contre Riyad apr\u00e8s la r\u00e9duction de la production de p\u00e9trole. - LE PUBLIC\",\"isPartOf\":{\"@id\":\"https:\/\/www.public.sn\/#website\"},\"primaryImageOfPage\":{\"@id\":\"https:\/\/www.public.sn\/index.php\/2022\/10\/12\/biden-hausse-le-ton-contre-riyad-apres-la-reduction-de-la-production-de-petrole\/#primaryimage\"},\"image\":{\"@id\":\"https:\/\/www.public.sn\/index.php\/2022\/10\/12\/biden-hausse-le-ton-contre-riyad-apres-la-reduction-de-la-production-de-petrole\/#primaryimage\"},\"thumbnailUrl\":\"https:\/\/www.public.sn\/wp-content\/uploads\/2022\/10\/2022-07-29T150314Z_1436869144_RC24LV9MWCQL_RTRMADP_3_USA-COURT-NOMINEES-ABORTION.webp\",\"datePublished\":\"2022-10-12T13:56:09+00:00\",\"dateModified\":\"2022-10-12T13:56:12+00:00\",\"breadcrumb\":{\"@id\":\"https:\/\/www.public.sn\/index.php\/2022\/10\/12\/biden-hausse-le-ton-contre-riyad-apres-la-reduction-de-la-production-de-petrole\/#breadcrumb\"},\"inLanguage\":\"fr-FR\",\"potentialAction\":[{\"@type\":\"ReadAction\",\"target\":[\"https:\/\/www.public.sn\/index.php\/2022\/10\/12\/biden-hausse-le-ton-contre-riyad-apres-la-reduction-de-la-production-de-petrole\/\"]}]},{\"@type\":\"ImageObject\",\"inLanguage\":\"fr-FR\",\"@id\":\"https:\/\/www.public.sn\/index.php\/2022\/10\/12\/biden-hausse-le-ton-contre-riyad-apres-la-reduction-de-la-production-de-petrole\/#primaryimage\",\"url\":\"https:\/\/www.public.sn\/wp-content\/uploads\/2022\/10\/2022-07-29T150314Z_1436869144_RC24LV9MWCQL_RTRMADP_3_USA-COURT-NOMINEES-ABORTION.webp\",\"contentUrl\":\"https:\/\/www.public.sn\/wp-content\/uploads\/2022\/10\/2022-07-29T150314Z_1436869144_RC24LV9MWCQL_RTRMADP_3_USA-COURT-NOMINEES-ABORTION.webp\",\"width\":770,\"height\":513,\"caption\":\"public sn\"},{\"@type\":\"BreadcrumbList\",\"@id\":\"https:\/\/www.public.sn\/index.php\/2022\/10\/12\/biden-hausse-le-ton-contre-riyad-apres-la-reduction-de-la-production-de-petrole\/#breadcrumb\",\"itemListElement\":[{\"@type\":\"ListItem\",\"position\":1,\"name\":\"Accueil\",\"item\":\"https:\/\/www.public.sn\/\"},{\"@type\":\"ListItem\",\"position\":2,\"name\":\"Biden hausse le ton contre Riyad apr\u00e8s la r\u00e9duction de la production de p\u00e9trole.\"}]},{\"@type\":\"WebSite\",\"@id\":\"https:\/\/www.public.sn\/#website\",\"url\":\"https:\/\/www.public.sn\/\",\"name\":\"LE PUBLIC\",\"description\":\"\",\"publisher\":{\"@id\":\"https:\/\/www.public.sn\/#organization\"},\"potentialAction\":[{\"@type\":\"SearchAction\",\"target\":{\"@type\":\"EntryPoint\",\"urlTemplate\":\"https:\/\/www.public.sn\/?s={search_term_string}\"},\"query-input\":{\"@type\":\"PropertyValueSpecification\",\"valueRequired\":true,\"valueName\":\"search_term_string\"}}],\"inLanguage\":\"fr-FR\"},{\"@type\":\"Organization\",\"@id\":\"https:\/\/www.public.sn\/#organization\",\"name\":\"LE PUBLIC\",\"url\":\"https:\/\/www.public.sn\/\",\"logo\":{\"@type\":\"ImageObject\",\"inLanguage\":\"fr-FR\",\"@id\":\"https:\/\/www.public.sn\/#\/schema\/logo\/image\/\",\"url\":\"https:\/\/www.public.sn\/wp-content\/uploads\/2024\/05\/cropped-LOGO-PUBLIC.SN_.png\",\"contentUrl\":\"https:\/\/www.public.sn\/wp-content\/uploads\/2024\/05\/cropped-LOGO-PUBLIC.SN_.png\",\"width\":682,\"height\":192,\"caption\":\"LE PUBLIC\"},\"image\":{\"@id\":\"https:\/\/www.public.sn\/#\/schema\/logo\/image\/\"}},{\"@type\":\"Person\",\"@id\":\"https:\/\/www.public.sn\/#\/schema\/person\/e3f4a11b037d4203902db148f9bc8d5a\",\"name\":\"LA REDACTION\",\"image\":{\"@type\":\"ImageObject\",\"inLanguage\":\"fr-FR\",\"@id\":\"https:\/\/www.public.sn\/#\/schema\/person\/image\/\",\"url\":\"https:\/\/secure.gravatar.com\/avatar\/d6c030db45db2883c075085c5d6c6258654a801a93766b49af0b82d4f454e2a5?s=96&d=mm&r=g\",\"contentUrl\":\"https:\/\/secure.gravatar.com\/avatar\/d6c030db45db2883c075085c5d6c6258654a801a93766b49af0b82d4f454e2a5?s=96&d=mm&r=g\",\"caption\":\"LA REDACTION\"},\"sameAs\":[\"http:\/\/www.public.sn\"],\"url\":\"https:\/\/www.public.sn\/index.php\/author\/admin7324\/\"}]}<\/script>\n<!-- \/ Yoast SEO plugin. -->","yoast_head_json":{"title":"Biden hausse le ton contre Riyad apr\u00e8s la r\u00e9duction de la production de p\u00e9trole. - LE PUBLIC","robots":{"index":"index","follow":"follow","max-snippet":"max-snippet:-1","max-image-preview":"max-image-preview:large","max-video-preview":"max-video-preview:-1"},"canonical":"https:\/\/www.public.sn\/index.php\/2022\/10\/12\/biden-hausse-le-ton-contre-riyad-apres-la-reduction-de-la-production-de-petrole\/","og_locale":"fr_FR","og_type":"article","og_title":"Biden hausse le ton contre Riyad apr\u00e8s la r\u00e9duction de la production de p\u00e9trole. - LE PUBLIC","og_description":"\u00a0Profonde col\u00e8re\u00a0\u00bb du pr\u00e9sident am\u00e9ricain qui va donc \u00ab\u00a0r\u00e9\u00e9valuer et possiblement modifier\u00a0\u00bb les relations des \u00c9tats-Unis avec l&rsquo;Arabie saoudite apr\u00e8s le v\u00e9ritable \u00ab\u00a0camouflet diplomatique\u00a0\u00bb inflig\u00e9 par Riyad, dit le\u00a0Washington Post. Le royaume, chef de file des pays de l\u2019OPEP a choisi \u00ab\u00a0de s&rsquo;associer avec la Russie pour r\u00e9duire la production de p\u00e9trole\u00a0\u00bb. De quoi renforcer de fait \u00ab\u00a0la position du Kremlin\u00a0\u00bb, note de son c\u00f4t\u00e9 le\u00a0New York Times\u00a0tout en mettant le pr\u00e9sident Biden \u00ab\u00a0dans l&#8217;embarras avec une mont\u00e9e des prix de l&rsquo;essence qui pourraient le p\u00e9naliser juste avant les \u00e9lections de mi-mandat\u00a0\u00bb. \u00ab\u00a0La Russie peut effectivement se frotter les mains puisqu&rsquo;elle retirera ainsi plus de revenus de son or noir\u00a0\u00bb, note \u00e9galement\u00a0Le Soir,\u00a0qui parle de \u00ab\u00a0gifle\u00a0ass\u00e9n\u00e9e\u00a0\u00bb au pr\u00e9sident am\u00e9ricain par le prince saoudien Mohammed ben Salman\u00a0qui semble \u2013\u00a0selon le quotidien belge\u00a0\u2013\u00a0\u00ab\u00a0bien d\u00e9cid\u00e9 \u00e0 r\u00e9gler ses comptes avec Biden\u00a0\u00bb. Rapporte RFI La Maison blanche pourrait&nbsp;bloquer les ventes d\u2019armes \u00e0 Riyad Malgr\u00e9 la visite de r\u00e9conciliation du pr\u00e9sident am\u00e9ricain \u00e0 Riyad en juillet dernier, MBS n&rsquo;aurait pas pardonn\u00e9 \u00e0 Biden \u00ab&nbsp;sa volont\u00e9 premi\u00e8re, en d\u00e9but de mandat, de faire du royaume un \u00ab\u00a0paria\u00a0\u00bb&nbsp;apr\u00e8s l&rsquo;assassinat brutal du journaliste Jamal Khashoggi&nbsp;\u00bb, souligne le&nbsp;Wall Street Journal. Et voil\u00e0 qui jette un \u00ab&nbsp;doute sur l&rsquo;avenir de la relation de s\u00e9curit\u00e9 am\u00e9ricano-saoudienne&nbsp;\u00bb, commente le correspondant \u00e0 Washington du&nbsp;Guardian, qui explique que la Maison blanche pourrait bien suivre \u00ab&nbsp;les mesures de r\u00e9torsion r\u00e9clam\u00e9es par des \u00e9lus d\u00e9mocrates pour bloquer toute vente d&rsquo;armes \u00e0 Riyad&nbsp;\u00bb. \u00ab&nbsp;MBS ne comprend que le langage de la force, il est temps que l&rsquo;administration Biden agisse comme le principal partenaire dans cette relation&nbsp;\u00bb, fait valoir un ex-chef du renseignement saoudien dans le&nbsp;Guardian.","og_url":"https:\/\/www.public.sn\/index.php\/2022\/10\/12\/biden-hausse-le-ton-contre-riyad-apres-la-reduction-de-la-production-de-petrole\/","og_site_name":"LE PUBLIC","article_published_time":"2022-10-12T13:56:09+00:00","article_modified_time":"2022-10-12T13:56:12+00:00","og_image":[{"width":770,"height":513,"url":"https:\/\/www.public.sn\/wp-content\/uploads\/2022\/10\/2022-07-29T150314Z_1436869144_RC24LV9MWCQL_RTRMADP_3_USA-COURT-NOMINEES-ABORTION.webp","type":"image\/webp"}],"author":"LA REDACTION","twitter_card":"summary_large_image","twitter_misc":{"\u00c9crit par":"LA REDACTION","Dur\u00e9e de lecture estim\u00e9e":"2 minutes"},"schema":{"@context":"https:\/\/schema.org","@graph":[{"@type":"Article","@id":"https:\/\/www.public.sn\/index.php\/2022\/10\/12\/biden-hausse-le-ton-contre-riyad-apres-la-reduction-de-la-production-de-petrole\/#article","isPartOf":{"@id":"https:\/\/www.public.sn\/index.php\/2022\/10\/12\/biden-hausse-le-ton-contre-riyad-apres-la-reduction-de-la-production-de-petrole\/"},"author":{"name":"LA REDACTION","@id":"https:\/\/www.public.sn\/#\/schema\/person\/e3f4a11b037d4203902db148f9bc8d5a"},"headline":"Biden hausse le ton contre Riyad apr\u00e8s la r\u00e9duction de la production de p\u00e9trole.","datePublished":"2022-10-12T13:56:09+00:00","dateModified":"2022-10-12T13:56:12+00:00","mainEntityOfPage":{"@id":"https:\/\/www.public.sn\/index.php\/2022\/10\/12\/biden-hausse-le-ton-contre-riyad-apres-la-reduction-de-la-production-de-petrole\/"},"wordCount":337,"commentCount":0,"publisher":{"@id":"https:\/\/www.public.sn\/#organization"},"image":{"@id":"https:\/\/www.public.sn\/index.php\/2022\/10\/12\/biden-hausse-le-ton-contre-riyad-apres-la-reduction-de-la-production-de-petrole\/#primaryimage"},"thumbnailUrl":"https:\/\/www.public.sn\/wp-content\/uploads\/2022\/10\/2022-07-29T150314Z_1436869144_RC24LV9MWCQL_RTRMADP_3_USA-COURT-NOMINEES-ABORTION.webp","keywords":["A rabie Saoudite","Biden","col\u00e8re"],"articleSection":["ACTUALIT\u00c9S","AFRIQUE &amp; MONDE","POLITIQUE"],"inLanguage":"fr-FR","potentialAction":[{"@type":"CommentAction","name":"Comment","target":["https:\/\/www.public.sn\/index.php\/2022\/10\/12\/biden-hausse-le-ton-contre-riyad-apres-la-reduction-de-la-production-de-petrole\/#respond"]}]},{"@type":"WebPage","@id":"https:\/\/www.public.sn\/index.php\/2022\/10\/12\/biden-hausse-le-ton-contre-riyad-apres-la-reduction-de-la-production-de-petrole\/","url":"https:\/\/www.public.sn\/index.php\/2022\/10\/12\/biden-hausse-le-ton-contre-riyad-apres-la-reduction-de-la-production-de-petrole\/","name":"Biden hausse le ton contre Riyad apr\u00e8s la r\u00e9duction de la production de p\u00e9trole. - LE PUBLIC","isPartOf":{"@id":"https:\/\/www.public.sn\/#website"},"primaryImageOfPage":{"@id":"https:\/\/www.public.sn\/index.php\/2022\/10\/12\/biden-hausse-le-ton-contre-riyad-apres-la-reduction-de-la-production-de-petrole\/#primaryimage"},"image":{"@id":"https:\/\/www.public.sn\/index.php\/2022\/10\/12\/biden-hausse-le-ton-contre-riyad-apres-la-reduction-de-la-production-de-petrole\/#primaryimage"},"thumbnailUrl":"https:\/\/www.public.sn\/wp-content\/uploads\/2022\/10\/2022-07-29T150314Z_1436869144_RC24LV9MWCQL_RTRMADP_3_USA-COURT-NOMINEES-ABORTION.webp","datePublished":"2022-10-12T13:56:09+00:00","dateModified":"2022-10-12T13:56:12+00:00","breadcrumb":{"@id":"https:\/\/www.public.sn\/index.php\/2022\/10\/12\/biden-hausse-le-ton-contre-riyad-apres-la-reduction-de-la-production-de-petrole\/#breadcrumb"},"inLanguage":"fr-FR","potentialAction":[{"@type":"ReadAction","target":["https:\/\/www.public.sn\/index.php\/2022\/10\/12\/biden-hausse-le-ton-contre-riyad-apres-la-reduction-de-la-production-de-petrole\/"]}]},{"@type":"ImageObject","inLanguage":"fr-FR","@id":"https:\/\/www.public.sn\/index.php\/2022\/10\/12\/biden-hausse-le-ton-contre-riyad-apres-la-reduction-de-la-production-de-petrole\/#primaryimage","url":"https:\/\/www.public.sn\/wp-content\/uploads\/2022\/10\/2022-07-29T150314Z_1436869144_RC24LV9MWCQL_RTRMADP_3_USA-COURT-NOMINEES-ABORTION.webp","contentUrl":"https:\/\/www.public.sn\/wp-content\/uploads\/2022\/10\/2022-07-29T150314Z_1436869144_RC24LV9MWCQL_RTRMADP_3_USA-COURT-NOMINEES-ABORTION.webp","width":770,"height":513,"caption":"public sn"},{"@type":"BreadcrumbList","@id":"https:\/\/www.public.sn\/index.php\/2022\/10\/12\/biden-hausse-le-ton-contre-riyad-apres-la-reduction-de-la-production-de-petrole\/#breadcrumb","itemListElement":[{"@type":"ListItem","position":1,"name":"Accueil","item":"https:\/\/www.public.sn\/"},{"@type":"ListItem","position":2,"name":"Biden hausse le ton contre Riyad apr\u00e8s la r\u00e9duction de la production de p\u00e9trole."}]},{"@type":"WebSite","@id":"https:\/\/www.public.sn\/#website","url":"https:\/\/www.public.sn\/","name":"LE PUBLIC","description":"","publisher":{"@id":"https:\/\/www.public.sn\/#organization"},"potentialAction":[{"@type":"SearchAction","target":{"@type":"EntryPoint","urlTemplate":"https:\/\/www.public.sn\/?s={search_term_string}"},"query-input":{"@type":"PropertyValueSpecification","valueRequired":true,"valueName":"search_term_string"}}],"inLanguage":"fr-FR"},{"@type":"Organization","@id":"https:\/\/www.public.sn\/#organization","name":"LE PUBLIC","url":"https:\/\/www.public.sn\/","logo":{"@type":"ImageObject","inLanguage":"fr-FR","@id":"https:\/\/www.public.sn\/#\/schema\/logo\/image\/","url":"https:\/\/www.public.sn\/wp-content\/uploads\/2024\/05\/cropped-LOGO-PUBLIC.SN_.png","contentUrl":"https:\/\/www.public.sn\/wp-content\/uploads\/2024\/05\/cropped-LOGO-PUBLIC.SN_.png","width":682,"height":192,"caption":"LE PUBLIC"},"image":{"@id":"https:\/\/www.public.sn\/#\/schema\/logo\/image\/"}},{"@type":"Person","@id":"https:\/\/www.public.sn\/#\/schema\/person\/e3f4a11b037d4203902db148f9bc8d5a","name":"LA REDACTION","image":{"@type":"ImageObject","inLanguage":"fr-FR","@id":"https:\/\/www.public.sn\/#\/schema\/person\/image\/","url":"https:\/\/secure.gravatar.com\/avatar\/d6c030db45db2883c075085c5d6c6258654a801a93766b49af0b82d4f454e2a5?s=96&d=mm&r=g","contentUrl":"https:\/\/secure.gravatar.com\/avatar\/d6c030db45db2883c075085c5d6c6258654a801a93766b49af0b82d4f454e2a5?s=96&d=mm&r=g","caption":"LA REDACTION"},"sameAs":["http:\/\/www.public.sn"],"url":"https:\/\/www.public.sn\/index.php\/author\/admin7324\/"}]}},"jetpack_featured_media_url":"https:\/\/www.public.sn\/wp-content\/uploads\/2022\/10\/2022-07-29T150314Z_1436869144_RC24LV9MWCQL_RTRMADP_3_USA-COURT-NOMINEES-ABORTION.webp","jetpack_sharing_enabled":true,"_links":{"self":[{"href":"https:\/\/www.public.sn\/index.php\/wp-json\/wp\/v2\/posts\/4318","targetHints":{"allow":["GET"]}}],"collection":[{"href":"https:\/\/www.public.sn\/index.php\/wp-json\/wp\/v2\/posts"}],"about":[{"href":"https:\/\/www.public.sn\/index.php\/wp-json\/wp\/v2\/types\/post"}],"author":[{"embeddable":true,"href":"https:\/\/www.public.sn\/index.php\/wp-json\/wp\/v2\/users\/1"}],"replies":[{"embeddable":true,"href":"https:\/\/www.public.sn\/index.php\/wp-json\/wp\/v2\/comments?post=4318"}],"version-history":[{"count":2,"href":"https:\/\/www.public.sn\/index.php\/wp-json\/wp\/v2\/posts\/4318\/revisions"}],"predecessor-version":[{"id":4321,"href":"https:\/\/www.public.sn\/index.php\/wp-json\/wp\/v2\/posts\/4318\/revisions\/4321"}],"wp:featuredmedia":[{"embeddable":true,"href":"https:\/\/www.public.sn\/index.php\/wp-json\/wp\/v2\/media\/4319"}],"wp:attachment":[{"href":"https:\/\/www.public.sn\/index.php\/wp-json\/wp\/v2\/media?parent=4318"}],"wp:term":[{"taxonomy":"category","embeddable":true,"href":"https:\/\/www.public.sn\/index.php\/wp-json\/wp\/v2\/categories?post=4318"},{"taxonomy":"post_tag","embeddable":true,"href":"https:\/\/www.public.sn\/index.php\/wp-json\/wp\/v2\/tags?post=4318"}],"curies":[{"name":"wp","href":"https:\/\/api.w.org\/{rel}","templated":true}]}}