{"id":4357,"date":"2022-10-12T17:00:12","date_gmt":"2022-10-12T17:00:12","guid":{"rendered":"https:\/\/www.public.sn\/?p=4357"},"modified":"2022-10-12T20:20:51","modified_gmt":"2022-10-12T20:20:51","slug":"bu-ko-sax-jeem-yen-a-marre-en-campagne-contre-le-3eme-mandat","status":"publish","type":"post","link":"https:\/\/www.public.sn\/index.php\/2022\/10\/12\/bu-ko-sax-jeem-yen-a-marre-en-campagne-contre-le-3eme-mandat\/","title":{"rendered":"\u00ab\u00a0Bu ko sax jeem\u00a0\u00bb : Y\u2019en a marre en campagne contre le 3eme mandat."},"content":{"rendered":"\n<p><br><strong>\u00ab Bu ko sax jeep \u00bb . C\u2019est le nouveau slogan de Y\u2019en a marre pour une campagne de sensibilisation et de pr\u00e9vention contre le fameux troisi\u00e8me mandat du pr\u00e9sident Macky Sall.<\/strong><\/p><div class=\"publi-paragraphe1\" style=\"margin-top: 10px;margin-bottom: 10px;margin-left: auto;margin-right: auto;text-align: center;\" id=\"publi-3990574249\"><div class=\"publi-adlabel\">Publicit\u00e9<\/div><script async src=\"\/\/pagead2.googlesyndication.com\/pagead\/js\/adsbygoogle.js?client=ca-pub-4089586018074219\" crossorigin=\"anonymous\"><\/script><ins class=\"adsbygoogle\" style=\"display:block;\" data-ad-client=\"ca-pub-4089586018074219\" \ndata-ad-slot=\"2087940154\" \ndata-ad-format=\"auto\"><\/ins>\n<script> \n(adsbygoogle = window.adsbygoogle || []).push({}); \n<\/script>\n<\/div>\n\n\n\n<p><br><br>Pour  Khafor Kandj, membre de la coordination du mouvement, \u00ab cette campagne digitale est le pr\u00e9ambule d&rsquo;une vaste campagne sur plusieurs \u00e9tapes pour mettre en garde le Pr\u00e9sident Macky Sall qui a d\u00e9j\u00e0 brigu\u00e9 deux mandats cons\u00e9cutifs, donc une troisi\u00e8me candidature est fortement bannie \u00bb.<br><br>ce nouveau slogan vient apr\u00e8s celui de \u00ab\u00a0Faut pas forcer\u00a0\u00bb contre Abdoulaye Wade en 2011.<\/p>\n\n\n\n<p><br>\u00ab\u00a0Bu ko sax jeem\u00a0\u00bb, lanc\u00e9 ce 10 octobre, fait fureur sur les r\u00e9seaux sociaux et Y\u2019en a marre ne compte pas seulement se limiter \u00e0 des slogans si le pr\u00e9sident persiste dans sa volont\u00e9 de briguer un nouveau mandat. <br><br>Samba SY.<br><br><\/p>\n<div class=\"publi-apres-le-contenu\" style=\"margin-top: 10px;margin-bottom: 10px;margin-left: auto;margin-right: auto;text-align: center;\" id=\"publi-1310318857\"><div class=\"publi-adlabel\">Publicit\u00e9<\/div><script async src=\"\/\/pagead2.googlesyndication.com\/pagead\/js\/adsbygoogle.js?client=ca-pub-4089586018074219\" crossorigin=\"anonymous\"><\/script><ins class=\"adsbygoogle\" style=\"display:block;\" data-ad-client=\"ca-pub-4089586018074219\" \ndata-ad-slot=\"2087940154\" \ndata-ad-format=\"auto\"><\/ins>\n<script> \n(adsbygoogle = window.adsbygoogle || []).push({}); \n<\/script>\n<\/div>","protected":false},"excerpt":{"rendered":"<p>\u00ab Bu ko sax jeep \u00bb . C\u2019est le nouveau slogan de Y\u2019en a marre pour une campagne de sensibilisation et de pr\u00e9vention contre le fameux troisi\u00e8me mandat du pr\u00e9sident Macky Sall. Pour Khafor Kandj, membre de la coordination du mouvement, \u00ab cette campagne digitale est le pr\u00e9ambule d&rsquo;une vaste campagne sur plusieurs \u00e9tapes pour mettre en garde le Pr\u00e9sident Macky Sall qui a d\u00e9j\u00e0 brigu\u00e9 deux mandats cons\u00e9cutifs, donc une troisi\u00e8me candidature est fortement bannie \u00bb. ce nouveau slogan vient apr\u00e8s celui de \u00ab\u00a0Faut pas forcer\u00a0\u00bb contre Abdoulaye Wade en 2011. \u00ab\u00a0Bu ko sax jeem\u00a0\u00bb, lanc\u00e9 ce 10 octobre, fait fureur sur les r\u00e9seaux sociaux et Y\u2019en a marre ne compte pas seulement se limiter \u00e0 des slogans si le pr\u00e9sident persiste dans sa volont\u00e9 de briguer un nouveau mandat. Samba SY.<\/p>\n","protected":false},"author":1,"featured_media":4363,"comment_status":"open","ping_status":"open","sticky":false,"template":"","format":"standard","meta":{"_jetpack_memberships_contains_paid_content":false,"footnotes":""},"categories":[375,1,4,372],"tags":[1436,1437,1435],"class_list":["post-4357","post","type-post","status-publish","format-standard","has-post-thumbnail","hentry","category-actualites","category-non-classe","category-societe","category-vedette","tag-3eme-mandat-2","tag-bu-ko-sax-jeem","tag-yen-a-marre","entry","has-media","owp-thumbs-layout-horizontal","owp-btn-normal","owp-tabs-layout-horizontal","has-no-thumbnails","has-product-nav"],"yoast_head":"<!-- This site is optimized with the Yoast SEO plugin v25.5 - https:\/\/yoast.com\/wordpress\/plugins\/seo\/ -->\n<title>&quot;Bu ko sax jeem&quot; : Y\u2019en a marre en campagne contre le 3eme mandat. - LE PUBLIC<\/title>\n<meta name=\"robots\" content=\"index, follow, max-snippet:-1, max-image-preview:large, max-video-preview:-1\" \/>\n<link rel=\"canonical\" href=\"https:\/\/www.public.sn\/index.php\/2022\/10\/12\/bu-ko-sax-jeem-yen-a-marre-en-campagne-contre-le-3eme-mandat\/\" \/>\n<meta property=\"og:locale\" content=\"fr_FR\" \/>\n<meta property=\"og:type\" content=\"article\" \/>\n<meta property=\"og:title\" content=\"&quot;Bu ko sax jeem&quot; : Y\u2019en a marre en campagne contre le 3eme mandat. - LE PUBLIC\" \/>\n<meta property=\"og:description\" content=\"\u00ab Bu ko sax jeep \u00bb . C\u2019est le nouveau slogan de Y\u2019en a marre pour une campagne de sensibilisation et de pr\u00e9vention contre le fameux troisi\u00e8me mandat du pr\u00e9sident Macky Sall. Pour Khafor Kandj, membre de la coordination du mouvement, \u00ab cette campagne digitale est le pr\u00e9ambule d&rsquo;une vaste campagne sur plusieurs \u00e9tapes pour mettre en garde le Pr\u00e9sident Macky Sall qui a d\u00e9j\u00e0 brigu\u00e9 deux mandats cons\u00e9cutifs, donc une troisi\u00e8me candidature est fortement bannie \u00bb. ce nouveau slogan vient apr\u00e8s celui de \u00ab\u00a0Faut pas forcer\u00a0\u00bb contre Abdoulaye Wade en 2011. \u00ab\u00a0Bu ko sax jeem\u00a0\u00bb, lanc\u00e9 ce 10 octobre, fait fureur sur les r\u00e9seaux sociaux et Y\u2019en a marre ne compte pas seulement se limiter \u00e0 des slogans si le pr\u00e9sident persiste dans sa volont\u00e9 de briguer un nouveau mandat. Samba SY.\" \/>\n<meta property=\"og:url\" content=\"https:\/\/www.public.sn\/index.php\/2022\/10\/12\/bu-ko-sax-jeem-yen-a-marre-en-campagne-contre-le-3eme-mandat\/\" \/>\n<meta property=\"og:site_name\" content=\"LE PUBLIC\" \/>\n<meta property=\"article:published_time\" content=\"2022-10-12T17:00:12+00:00\" \/>\n<meta property=\"article:modified_time\" content=\"2022-10-12T20:20:51+00:00\" \/>\n<meta property=\"og:image\" content=\"https:\/\/www.public.sn\/wp-content\/uploads\/2022\/10\/yen-a-marre.jpg\" \/>\n\t<meta property=\"og:image:width\" content=\"699\" \/>\n\t<meta property=\"og:image:height\" content=\"399\" \/>\n\t<meta property=\"og:image:type\" content=\"image\/jpeg\" \/>\n<meta name=\"author\" content=\"LA REDACTION\" \/>\n<meta name=\"twitter:card\" content=\"summary_large_image\" \/>\n<meta name=\"twitter:label1\" content=\"\u00c9crit par\" \/>\n\t<meta name=\"twitter:data1\" content=\"LA REDACTION\" \/>\n\t<meta name=\"twitter:label2\" content=\"Dur\u00e9e de lecture estim\u00e9e\" \/>\n\t<meta name=\"twitter:data2\" content=\"1 minute\" \/>\n<script type=\"application\/ld+json\" class=\"yoast-schema-graph\">{\"@context\":\"https:\/\/schema.org\",\"@graph\":[{\"@type\":\"Article\",\"@id\":\"https:\/\/www.public.sn\/index.php\/2022\/10\/12\/bu-ko-sax-jeem-yen-a-marre-en-campagne-contre-le-3eme-mandat\/#article\",\"isPartOf\":{\"@id\":\"https:\/\/www.public.sn\/index.php\/2022\/10\/12\/bu-ko-sax-jeem-yen-a-marre-en-campagne-contre-le-3eme-mandat\/\"},\"author\":{\"name\":\"LA REDACTION\",\"@id\":\"https:\/\/www.public.sn\/#\/schema\/person\/e3f4a11b037d4203902db148f9bc8d5a\"},\"headline\":\"\u00ab\u00a0Bu ko sax jeem\u00a0\u00bb : Y\u2019en a marre en campagne contre le 3eme mandat.\",\"datePublished\":\"2022-10-12T17:00:12+00:00\",\"dateModified\":\"2022-10-12T20:20:51+00:00\",\"mainEntityOfPage\":{\"@id\":\"https:\/\/www.public.sn\/index.php\/2022\/10\/12\/bu-ko-sax-jeem-yen-a-marre-en-campagne-contre-le-3eme-mandat\/\"},\"wordCount\":153,\"commentCount\":0,\"publisher\":{\"@id\":\"https:\/\/www.public.sn\/#organization\"},\"image\":{\"@id\":\"https:\/\/www.public.sn\/index.php\/2022\/10\/12\/bu-ko-sax-jeem-yen-a-marre-en-campagne-contre-le-3eme-mandat\/#primaryimage\"},\"thumbnailUrl\":\"https:\/\/www.public.sn\/wp-content\/uploads\/2022\/10\/yen-a-marre.jpg\",\"keywords\":[\"3eme mandat\",\"bu ko sax jeem\",\"y&#039;en a marre\"],\"articleSection\":[\"ACTUALIT\u00c9S\",\"S\u00c9N\u00c9GAL\",\"SOCIETE\",\"VEDETTE\"],\"inLanguage\":\"fr-FR\",\"potentialAction\":[{\"@type\":\"CommentAction\",\"name\":\"Comment\",\"target\":[\"https:\/\/www.public.sn\/index.php\/2022\/10\/12\/bu-ko-sax-jeem-yen-a-marre-en-campagne-contre-le-3eme-mandat\/#respond\"]}]},{\"@type\":\"WebPage\",\"@id\":\"https:\/\/www.public.sn\/index.php\/2022\/10\/12\/bu-ko-sax-jeem-yen-a-marre-en-campagne-contre-le-3eme-mandat\/\",\"url\":\"https:\/\/www.public.sn\/index.php\/2022\/10\/12\/bu-ko-sax-jeem-yen-a-marre-en-campagne-contre-le-3eme-mandat\/\",\"name\":\"\\\"Bu ko sax jeem\\\" : Y\u2019en a marre en campagne contre le 3eme mandat. - LE PUBLIC\",\"isPartOf\":{\"@id\":\"https:\/\/www.public.sn\/#website\"},\"primaryImageOfPage\":{\"@id\":\"https:\/\/www.public.sn\/index.php\/2022\/10\/12\/bu-ko-sax-jeem-yen-a-marre-en-campagne-contre-le-3eme-mandat\/#primaryimage\"},\"image\":{\"@id\":\"https:\/\/www.public.sn\/index.php\/2022\/10\/12\/bu-ko-sax-jeem-yen-a-marre-en-campagne-contre-le-3eme-mandat\/#primaryimage\"},\"thumbnailUrl\":\"https:\/\/www.public.sn\/wp-content\/uploads\/2022\/10\/yen-a-marre.jpg\",\"datePublished\":\"2022-10-12T17:00:12+00:00\",\"dateModified\":\"2022-10-12T20:20:51+00:00\",\"breadcrumb\":{\"@id\":\"https:\/\/www.public.sn\/index.php\/2022\/10\/12\/bu-ko-sax-jeem-yen-a-marre-en-campagne-contre-le-3eme-mandat\/#breadcrumb\"},\"inLanguage\":\"fr-FR\",\"potentialAction\":[{\"@type\":\"ReadAction\",\"target\":[\"https:\/\/www.public.sn\/index.php\/2022\/10\/12\/bu-ko-sax-jeem-yen-a-marre-en-campagne-contre-le-3eme-mandat\/\"]}]},{\"@type\":\"ImageObject\",\"inLanguage\":\"fr-FR\",\"@id\":\"https:\/\/www.public.sn\/index.php\/2022\/10\/12\/bu-ko-sax-jeem-yen-a-marre-en-campagne-contre-le-3eme-mandat\/#primaryimage\",\"url\":\"https:\/\/www.public.sn\/wp-content\/uploads\/2022\/10\/yen-a-marre.jpg\",\"contentUrl\":\"https:\/\/www.public.sn\/wp-content\/uploads\/2022\/10\/yen-a-marre.jpg\",\"width\":699,\"height\":399,\"caption\":\"publicsn\"},{\"@type\":\"BreadcrumbList\",\"@id\":\"https:\/\/www.public.sn\/index.php\/2022\/10\/12\/bu-ko-sax-jeem-yen-a-marre-en-campagne-contre-le-3eme-mandat\/#breadcrumb\",\"itemListElement\":[{\"@type\":\"ListItem\",\"position\":1,\"name\":\"Accueil\",\"item\":\"https:\/\/www.public.sn\/\"},{\"@type\":\"ListItem\",\"position\":2,\"name\":\"\u00ab\u00a0Bu ko sax jeem\u00a0\u00bb : Y\u2019en a marre en campagne contre le 3eme mandat.\"}]},{\"@type\":\"WebSite\",\"@id\":\"https:\/\/www.public.sn\/#website\",\"url\":\"https:\/\/www.public.sn\/\",\"name\":\"LE PUBLIC\",\"description\":\"\",\"publisher\":{\"@id\":\"https:\/\/www.public.sn\/#organization\"},\"potentialAction\":[{\"@type\":\"SearchAction\",\"target\":{\"@type\":\"EntryPoint\",\"urlTemplate\":\"https:\/\/www.public.sn\/?s={search_term_string}\"},\"query-input\":{\"@type\":\"PropertyValueSpecification\",\"valueRequired\":true,\"valueName\":\"search_term_string\"}}],\"inLanguage\":\"fr-FR\"},{\"@type\":\"Organization\",\"@id\":\"https:\/\/www.public.sn\/#organization\",\"name\":\"LE PUBLIC\",\"url\":\"https:\/\/www.public.sn\/\",\"logo\":{\"@type\":\"ImageObject\",\"inLanguage\":\"fr-FR\",\"@id\":\"https:\/\/www.public.sn\/#\/schema\/logo\/image\/\",\"url\":\"https:\/\/www.public.sn\/wp-content\/uploads\/2024\/05\/cropped-LOGO-PUBLIC.SN_.png\",\"contentUrl\":\"https:\/\/www.public.sn\/wp-content\/uploads\/2024\/05\/cropped-LOGO-PUBLIC.SN_.png\",\"width\":682,\"height\":192,\"caption\":\"LE PUBLIC\"},\"image\":{\"@id\":\"https:\/\/www.public.sn\/#\/schema\/logo\/image\/\"}},{\"@type\":\"Person\",\"@id\":\"https:\/\/www.public.sn\/#\/schema\/person\/e3f4a11b037d4203902db148f9bc8d5a\",\"name\":\"LA REDACTION\",\"image\":{\"@type\":\"ImageObject\",\"inLanguage\":\"fr-FR\",\"@id\":\"https:\/\/www.public.sn\/#\/schema\/person\/image\/\",\"url\":\"https:\/\/secure.gravatar.com\/avatar\/d6c030db45db2883c075085c5d6c6258654a801a93766b49af0b82d4f454e2a5?s=96&d=mm&r=g\",\"contentUrl\":\"https:\/\/secure.gravatar.com\/avatar\/d6c030db45db2883c075085c5d6c6258654a801a93766b49af0b82d4f454e2a5?s=96&d=mm&r=g\",\"caption\":\"LA REDACTION\"},\"sameAs\":[\"http:\/\/www.public.sn\"],\"url\":\"https:\/\/www.public.sn\/index.php\/author\/admin7324\/\"}]}<\/script>\n<!-- \/ Yoast SEO plugin. -->","yoast_head_json":{"title":"\"Bu ko sax jeem\" : Y\u2019en a marre en campagne contre le 3eme mandat. - LE PUBLIC","robots":{"index":"index","follow":"follow","max-snippet":"max-snippet:-1","max-image-preview":"max-image-preview:large","max-video-preview":"max-video-preview:-1"},"canonical":"https:\/\/www.public.sn\/index.php\/2022\/10\/12\/bu-ko-sax-jeem-yen-a-marre-en-campagne-contre-le-3eme-mandat\/","og_locale":"fr_FR","og_type":"article","og_title":"\"Bu ko sax jeem\" : Y\u2019en a marre en campagne contre le 3eme mandat. - LE PUBLIC","og_description":"\u00ab Bu ko sax jeep \u00bb . C\u2019est le nouveau slogan de Y\u2019en a marre pour une campagne de sensibilisation et de pr\u00e9vention contre le fameux troisi\u00e8me mandat du pr\u00e9sident Macky Sall. Pour Khafor Kandj, membre de la coordination du mouvement, \u00ab cette campagne digitale est le pr\u00e9ambule d&rsquo;une vaste campagne sur plusieurs \u00e9tapes pour mettre en garde le Pr\u00e9sident Macky Sall qui a d\u00e9j\u00e0 brigu\u00e9 deux mandats cons\u00e9cutifs, donc une troisi\u00e8me candidature est fortement bannie \u00bb. ce nouveau slogan vient apr\u00e8s celui de \u00ab\u00a0Faut pas forcer\u00a0\u00bb contre Abdoulaye Wade en 2011. \u00ab\u00a0Bu ko sax jeem\u00a0\u00bb, lanc\u00e9 ce 10 octobre, fait fureur sur les r\u00e9seaux sociaux et Y\u2019en a marre ne compte pas seulement se limiter \u00e0 des slogans si le pr\u00e9sident persiste dans sa volont\u00e9 de briguer un nouveau mandat. Samba SY.","og_url":"https:\/\/www.public.sn\/index.php\/2022\/10\/12\/bu-ko-sax-jeem-yen-a-marre-en-campagne-contre-le-3eme-mandat\/","og_site_name":"LE PUBLIC","article_published_time":"2022-10-12T17:00:12+00:00","article_modified_time":"2022-10-12T20:20:51+00:00","og_image":[{"width":699,"height":399,"url":"https:\/\/www.public.sn\/wp-content\/uploads\/2022\/10\/yen-a-marre.jpg","type":"image\/jpeg"}],"author":"LA REDACTION","twitter_card":"summary_large_image","twitter_misc":{"\u00c9crit par":"LA REDACTION","Dur\u00e9e de lecture estim\u00e9e":"1 minute"},"schema":{"@context":"https:\/\/schema.org","@graph":[{"@type":"Article","@id":"https:\/\/www.public.sn\/index.php\/2022\/10\/12\/bu-ko-sax-jeem-yen-a-marre-en-campagne-contre-le-3eme-mandat\/#article","isPartOf":{"@id":"https:\/\/www.public.sn\/index.php\/2022\/10\/12\/bu-ko-sax-jeem-yen-a-marre-en-campagne-contre-le-3eme-mandat\/"},"author":{"name":"LA REDACTION","@id":"https:\/\/www.public.sn\/#\/schema\/person\/e3f4a11b037d4203902db148f9bc8d5a"},"headline":"\u00ab\u00a0Bu ko sax jeem\u00a0\u00bb : Y\u2019en a marre en campagne contre le 3eme mandat.","datePublished":"2022-10-12T17:00:12+00:00","dateModified":"2022-10-12T20:20:51+00:00","mainEntityOfPage":{"@id":"https:\/\/www.public.sn\/index.php\/2022\/10\/12\/bu-ko-sax-jeem-yen-a-marre-en-campagne-contre-le-3eme-mandat\/"},"wordCount":153,"commentCount":0,"publisher":{"@id":"https:\/\/www.public.sn\/#organization"},"image":{"@id":"https:\/\/www.public.sn\/index.php\/2022\/10\/12\/bu-ko-sax-jeem-yen-a-marre-en-campagne-contre-le-3eme-mandat\/#primaryimage"},"thumbnailUrl":"https:\/\/www.public.sn\/wp-content\/uploads\/2022\/10\/yen-a-marre.jpg","keywords":["3eme mandat","bu ko sax jeem","y&#039;en a marre"],"articleSection":["ACTUALIT\u00c9S","S\u00c9N\u00c9GAL","SOCIETE","VEDETTE"],"inLanguage":"fr-FR","potentialAction":[{"@type":"CommentAction","name":"Comment","target":["https:\/\/www.public.sn\/index.php\/2022\/10\/12\/bu-ko-sax-jeem-yen-a-marre-en-campagne-contre-le-3eme-mandat\/#respond"]}]},{"@type":"WebPage","@id":"https:\/\/www.public.sn\/index.php\/2022\/10\/12\/bu-ko-sax-jeem-yen-a-marre-en-campagne-contre-le-3eme-mandat\/","url":"https:\/\/www.public.sn\/index.php\/2022\/10\/12\/bu-ko-sax-jeem-yen-a-marre-en-campagne-contre-le-3eme-mandat\/","name":"\"Bu ko sax jeem\" : Y\u2019en a marre en campagne contre le 3eme mandat. - LE PUBLIC","isPartOf":{"@id":"https:\/\/www.public.sn\/#website"},"primaryImageOfPage":{"@id":"https:\/\/www.public.sn\/index.php\/2022\/10\/12\/bu-ko-sax-jeem-yen-a-marre-en-campagne-contre-le-3eme-mandat\/#primaryimage"},"image":{"@id":"https:\/\/www.public.sn\/index.php\/2022\/10\/12\/bu-ko-sax-jeem-yen-a-marre-en-campagne-contre-le-3eme-mandat\/#primaryimage"},"thumbnailUrl":"https:\/\/www.public.sn\/wp-content\/uploads\/2022\/10\/yen-a-marre.jpg","datePublished":"2022-10-12T17:00:12+00:00","dateModified":"2022-10-12T20:20:51+00:00","breadcrumb":{"@id":"https:\/\/www.public.sn\/index.php\/2022\/10\/12\/bu-ko-sax-jeem-yen-a-marre-en-campagne-contre-le-3eme-mandat\/#breadcrumb"},"inLanguage":"fr-FR","potentialAction":[{"@type":"ReadAction","target":["https:\/\/www.public.sn\/index.php\/2022\/10\/12\/bu-ko-sax-jeem-yen-a-marre-en-campagne-contre-le-3eme-mandat\/"]}]},{"@type":"ImageObject","inLanguage":"fr-FR","@id":"https:\/\/www.public.sn\/index.php\/2022\/10\/12\/bu-ko-sax-jeem-yen-a-marre-en-campagne-contre-le-3eme-mandat\/#primaryimage","url":"https:\/\/www.public.sn\/wp-content\/uploads\/2022\/10\/yen-a-marre.jpg","contentUrl":"https:\/\/www.public.sn\/wp-content\/uploads\/2022\/10\/yen-a-marre.jpg","width":699,"height":399,"caption":"publicsn"},{"@type":"BreadcrumbList","@id":"https:\/\/www.public.sn\/index.php\/2022\/10\/12\/bu-ko-sax-jeem-yen-a-marre-en-campagne-contre-le-3eme-mandat\/#breadcrumb","itemListElement":[{"@type":"ListItem","position":1,"name":"Accueil","item":"https:\/\/www.public.sn\/"},{"@type":"ListItem","position":2,"name":"\u00ab\u00a0Bu ko sax jeem\u00a0\u00bb : Y\u2019en a marre en campagne contre le 3eme mandat."}]},{"@type":"WebSite","@id":"https:\/\/www.public.sn\/#website","url":"https:\/\/www.public.sn\/","name":"LE PUBLIC","description":"","publisher":{"@id":"https:\/\/www.public.sn\/#organization"},"potentialAction":[{"@type":"SearchAction","target":{"@type":"EntryPoint","urlTemplate":"https:\/\/www.public.sn\/?s={search_term_string}"},"query-input":{"@type":"PropertyValueSpecification","valueRequired":true,"valueName":"search_term_string"}}],"inLanguage":"fr-FR"},{"@type":"Organization","@id":"https:\/\/www.public.sn\/#organization","name":"LE PUBLIC","url":"https:\/\/www.public.sn\/","logo":{"@type":"ImageObject","inLanguage":"fr-FR","@id":"https:\/\/www.public.sn\/#\/schema\/logo\/image\/","url":"https:\/\/www.public.sn\/wp-content\/uploads\/2024\/05\/cropped-LOGO-PUBLIC.SN_.png","contentUrl":"https:\/\/www.public.sn\/wp-content\/uploads\/2024\/05\/cropped-LOGO-PUBLIC.SN_.png","width":682,"height":192,"caption":"LE PUBLIC"},"image":{"@id":"https:\/\/www.public.sn\/#\/schema\/logo\/image\/"}},{"@type":"Person","@id":"https:\/\/www.public.sn\/#\/schema\/person\/e3f4a11b037d4203902db148f9bc8d5a","name":"LA REDACTION","image":{"@type":"ImageObject","inLanguage":"fr-FR","@id":"https:\/\/www.public.sn\/#\/schema\/person\/image\/","url":"https:\/\/secure.gravatar.com\/avatar\/d6c030db45db2883c075085c5d6c6258654a801a93766b49af0b82d4f454e2a5?s=96&d=mm&r=g","contentUrl":"https:\/\/secure.gravatar.com\/avatar\/d6c030db45db2883c075085c5d6c6258654a801a93766b49af0b82d4f454e2a5?s=96&d=mm&r=g","caption":"LA REDACTION"},"sameAs":["http:\/\/www.public.sn"],"url":"https:\/\/www.public.sn\/index.php\/author\/admin7324\/"}]}},"jetpack_featured_media_url":"https:\/\/www.public.sn\/wp-content\/uploads\/2022\/10\/yen-a-marre.jpg","jetpack_sharing_enabled":true,"_links":{"self":[{"href":"https:\/\/www.public.sn\/index.php\/wp-json\/wp\/v2\/posts\/4357","targetHints":{"allow":["GET"]}}],"collection":[{"href":"https:\/\/www.public.sn\/index.php\/wp-json\/wp\/v2\/posts"}],"about":[{"href":"https:\/\/www.public.sn\/index.php\/wp-json\/wp\/v2\/types\/post"}],"author":[{"embeddable":true,"href":"https:\/\/www.public.sn\/index.php\/wp-json\/wp\/v2\/users\/1"}],"replies":[{"embeddable":true,"href":"https:\/\/www.public.sn\/index.php\/wp-json\/wp\/v2\/comments?post=4357"}],"version-history":[{"count":2,"href":"https:\/\/www.public.sn\/index.php\/wp-json\/wp\/v2\/posts\/4357\/revisions"}],"predecessor-version":[{"id":4364,"href":"https:\/\/www.public.sn\/index.php\/wp-json\/wp\/v2\/posts\/4357\/revisions\/4364"}],"wp:featuredmedia":[{"embeddable":true,"href":"https:\/\/www.public.sn\/index.php\/wp-json\/wp\/v2\/media\/4363"}],"wp:attachment":[{"href":"https:\/\/www.public.sn\/index.php\/wp-json\/wp\/v2\/media?parent=4357"}],"wp:term":[{"taxonomy":"category","embeddable":true,"href":"https:\/\/www.public.sn\/index.php\/wp-json\/wp\/v2\/categories?post=4357"},{"taxonomy":"post_tag","embeddable":true,"href":"https:\/\/www.public.sn\/index.php\/wp-json\/wp\/v2\/tags?post=4357"}],"curies":[{"name":"wp","href":"https:\/\/api.w.org\/{rel}","templated":true}]}}