{"id":4376,"date":"2022-10-13T07:57:46","date_gmt":"2022-10-13T07:57:46","guid":{"rendered":"https:\/\/www.public.sn\/?p=4376"},"modified":"2022-10-13T09:55:50","modified_gmt":"2022-10-13T09:55:50","slug":"voici-les-nominations-survenues-lors-du-conseil-des-ministres-de-ce-mercredi","status":"publish","type":"post","link":"https:\/\/www.public.sn\/index.php\/2022\/10\/13\/voici-les-nominations-survenues-lors-du-conseil-des-ministres-de-ce-mercredi\/","title":{"rendered":"Poste : Sit in des travailleurs ce Jeudi."},"content":{"rendered":"Malgr\u00e9 la nomination d\u2019un nouveau directeur en la personne de Mouhamadou Dia \u00eft\u00e9 , les travailleurs de la Poste ne comptent pas baisser les bras. En effet ils ont maintenus leur sit in pr\u00e9vu ce Jeudi. Ils estiment que la destitution de Abdoulaye Bibi Bald\u00e9 est un non \u00e9v\u00e9nement et qu\u2019ils vont poursuivre leur mouvement d\u2019humeur. Ces travailleurs exigent l\u2019audit de la Poste, un redressement de la boite, un appui cons\u00e9quent de l\u2019Etat  pour que l\u2019entreprise qui est un patrimoine national ne soit pas dilapid\u00e9. Le nouveau directeur  entend travailler en parfaite coll\u00e9gialit\u00e9 avec les travailleurs afin que la barre soit redress\u00e9e.<br \/><br \/>Samba SY.<br \/><div class=\"publi-apres-le-contenu\" style=\"margin-top: 10px;margin-bottom: 10px;margin-left: auto;margin-right: auto;text-align: center;\" id=\"publi-2264725275\"><div class=\"publi-adlabel\">Publicit\u00e9<\/div><script async src=\"\/\/pagead2.googlesyndication.com\/pagead\/js\/adsbygoogle.js?client=ca-pub-4089586018074219\" crossorigin=\"anonymous\"><\/script><ins class=\"adsbygoogle\" style=\"display:block;\" data-ad-client=\"ca-pub-4089586018074219\" \ndata-ad-slot=\"2087940154\" \ndata-ad-format=\"auto\"><\/ins>\n<script> \n(adsbygoogle = window.adsbygoogle || []).push({}); \n<\/script>\n<\/div>","protected":false},"excerpt":{"rendered":"<p>Malgr\u00e9 la nomination d\u2019un nouveau directeur en la personne de Mouhamadou Dia \u00eft\u00e9 , les travailleurs de la Poste ne comptent pas baisser les bras. En effet ils ont maintenus leur sit in pr\u00e9vu ce Jeudi. Ils estiment que la destitution de Abdoulaye Bibi Bald\u00e9 est un non \u00e9v\u00e9nement et qu\u2019ils vont poursuivre leur mouvement d\u2019humeur. Ces travailleurs exigent l\u2019audit de la Poste, un redressement de la boite, un appui cons\u00e9quent de l\u2019Etat pour que l\u2019entreprise qui est un patrimoine national ne soit pas dilapid\u00e9. Le nouveau directeur entend travailler en parfaite coll\u00e9gialit\u00e9 avec les travailleurs afin que la barre soit redress\u00e9e. Samba SY.<\/p>\n","protected":false},"author":7,"featured_media":4379,"comment_status":"open","ping_status":"open","sticky":false,"template":"","format":"standard","meta":{"_jetpack_memberships_contains_paid_content":false,"footnotes":""},"categories":[375,1,4],"tags":[1335,1063,1439],"class_list":["post-4376","post","type-post","status-publish","format-standard","has-post-thumbnail","hentry","category-actualites","category-non-classe","category-societe","tag-communique-2","tag-conseil-des-ministres","tag-nominations","entry","has-media","owp-thumbs-layout-horizontal","owp-btn-normal","owp-tabs-layout-horizontal","has-no-thumbnails","has-product-nav"],"yoast_head":"<!-- This site is optimized with the Yoast SEO plugin v25.5 - https:\/\/yoast.com\/wordpress\/plugins\/seo\/ -->\n<title>Poste : Sit in des travailleurs ce Jeudi. - LE PUBLIC<\/title>\n<meta name=\"robots\" content=\"index, follow, max-snippet:-1, max-image-preview:large, max-video-preview:-1\" \/>\n<link rel=\"canonical\" href=\"https:\/\/www.public.sn\/index.php\/2022\/10\/13\/voici-les-nominations-survenues-lors-du-conseil-des-ministres-de-ce-mercredi\/\" \/>\n<meta property=\"og:locale\" content=\"fr_FR\" \/>\n<meta property=\"og:type\" content=\"article\" \/>\n<meta property=\"og:title\" content=\"Poste : Sit in des travailleurs ce Jeudi. - LE PUBLIC\" \/>\n<meta property=\"og:description\" content=\"Malgr\u00e9 la nomination d\u2019un nouveau directeur en la personne de Mouhamadou Dia \u00eft\u00e9 , les travailleurs de la Poste ne comptent pas baisser les bras. En effet ils ont maintenus leur sit in pr\u00e9vu ce Jeudi. Ils estiment que la destitution de Abdoulaye Bibi Bald\u00e9 est un non \u00e9v\u00e9nement et qu\u2019ils vont poursuivre leur mouvement d\u2019humeur. Ces travailleurs exigent l\u2019audit de la Poste, un redressement de la boite, un appui cons\u00e9quent de l\u2019Etat pour que l\u2019entreprise qui est un patrimoine national ne soit pas dilapid\u00e9. Le nouveau directeur entend travailler en parfaite coll\u00e9gialit\u00e9 avec les travailleurs afin que la barre soit redress\u00e9e. Samba SY.\" \/>\n<meta property=\"og:url\" content=\"https:\/\/www.public.sn\/index.php\/2022\/10\/13\/voici-les-nominations-survenues-lors-du-conseil-des-ministres-de-ce-mercredi\/\" \/>\n<meta property=\"og:site_name\" content=\"LE PUBLIC\" \/>\n<meta property=\"article:published_time\" content=\"2022-10-13T07:57:46+00:00\" \/>\n<meta property=\"article:modified_time\" content=\"2022-10-13T09:55:50+00:00\" \/>\n<meta property=\"og:image\" content=\"https:\/\/www.public.sn\/wp-content\/uploads\/2022\/10\/Conseil-des-ministres-Senegal1.jpg\" \/>\n\t<meta property=\"og:image:width\" content=\"1200\" \/>\n\t<meta property=\"og:image:height\" content=\"574\" \/>\n\t<meta property=\"og:image:type\" content=\"image\/jpeg\" \/>\n<meta name=\"author\" content=\"LA REDACTION\" \/>\n<meta name=\"twitter:card\" content=\"summary_large_image\" \/>\n<meta name=\"twitter:label1\" content=\"\u00c9crit par\" \/>\n\t<meta name=\"twitter:data1\" content=\"LA REDACTION\" \/>\n\t<meta name=\"twitter:label2\" content=\"Dur\u00e9e de lecture estim\u00e9e\" \/>\n\t<meta name=\"twitter:data2\" content=\"3 minutes\" \/>\n<script type=\"application\/ld+json\" class=\"yoast-schema-graph\">{\"@context\":\"https:\/\/schema.org\",\"@graph\":[{\"@type\":\"Article\",\"@id\":\"https:\/\/www.public.sn\/index.php\/2022\/10\/13\/voici-les-nominations-survenues-lors-du-conseil-des-ministres-de-ce-mercredi\/#article\",\"isPartOf\":{\"@id\":\"https:\/\/www.public.sn\/index.php\/2022\/10\/13\/voici-les-nominations-survenues-lors-du-conseil-des-ministres-de-ce-mercredi\/\"},\"author\":{\"name\":\"LA REDACTION\",\"@id\":\"https:\/\/www.public.sn\/#\/schema\/person\/cb76c8e1b8becc6be61fb5e92d6d0224\"},\"headline\":\"Poste : Sit in des travailleurs ce Jeudi.\",\"datePublished\":\"2022-10-13T07:57:46+00:00\",\"dateModified\":\"2022-10-13T09:55:50+00:00\",\"mainEntityOfPage\":{\"@id\":\"https:\/\/www.public.sn\/index.php\/2022\/10\/13\/voici-les-nominations-survenues-lors-du-conseil-des-ministres-de-ce-mercredi\/\"},\"wordCount\":121,\"commentCount\":0,\"publisher\":{\"@id\":\"https:\/\/www.public.sn\/#organization\"},\"image\":{\"@id\":\"https:\/\/www.public.sn\/index.php\/2022\/10\/13\/voici-les-nominations-survenues-lors-du-conseil-des-ministres-de-ce-mercredi\/#primaryimage\"},\"thumbnailUrl\":\"https:\/\/www.public.sn\/wp-content\/uploads\/2022\/10\/Conseil-des-ministres-Senegal1.jpg\",\"keywords\":[\"communique\",\"conseil des ministres\",\"nominations\"],\"articleSection\":[\"ACTUALIT\u00c9S\",\"S\u00c9N\u00c9GAL\",\"SOCIETE\"],\"inLanguage\":\"fr-FR\",\"potentialAction\":[{\"@type\":\"CommentAction\",\"name\":\"Comment\",\"target\":[\"https:\/\/www.public.sn\/index.php\/2022\/10\/13\/voici-les-nominations-survenues-lors-du-conseil-des-ministres-de-ce-mercredi\/#respond\"]}]},{\"@type\":\"WebPage\",\"@id\":\"https:\/\/www.public.sn\/index.php\/2022\/10\/13\/voici-les-nominations-survenues-lors-du-conseil-des-ministres-de-ce-mercredi\/\",\"url\":\"https:\/\/www.public.sn\/index.php\/2022\/10\/13\/voici-les-nominations-survenues-lors-du-conseil-des-ministres-de-ce-mercredi\/\",\"name\":\"Poste : Sit in des travailleurs ce Jeudi. - LE PUBLIC\",\"isPartOf\":{\"@id\":\"https:\/\/www.public.sn\/#website\"},\"primaryImageOfPage\":{\"@id\":\"https:\/\/www.public.sn\/index.php\/2022\/10\/13\/voici-les-nominations-survenues-lors-du-conseil-des-ministres-de-ce-mercredi\/#primaryimage\"},\"image\":{\"@id\":\"https:\/\/www.public.sn\/index.php\/2022\/10\/13\/voici-les-nominations-survenues-lors-du-conseil-des-ministres-de-ce-mercredi\/#primaryimage\"},\"thumbnailUrl\":\"https:\/\/www.public.sn\/wp-content\/uploads\/2022\/10\/Conseil-des-ministres-Senegal1.jpg\",\"datePublished\":\"2022-10-13T07:57:46+00:00\",\"dateModified\":\"2022-10-13T09:55:50+00:00\",\"breadcrumb\":{\"@id\":\"https:\/\/www.public.sn\/index.php\/2022\/10\/13\/voici-les-nominations-survenues-lors-du-conseil-des-ministres-de-ce-mercredi\/#breadcrumb\"},\"inLanguage\":\"fr-FR\",\"potentialAction\":[{\"@type\":\"ReadAction\",\"target\":[\"https:\/\/www.public.sn\/index.php\/2022\/10\/13\/voici-les-nominations-survenues-lors-du-conseil-des-ministres-de-ce-mercredi\/\"]}]},{\"@type\":\"ImageObject\",\"inLanguage\":\"fr-FR\",\"@id\":\"https:\/\/www.public.sn\/index.php\/2022\/10\/13\/voici-les-nominations-survenues-lors-du-conseil-des-ministres-de-ce-mercredi\/#primaryimage\",\"url\":\"https:\/\/www.public.sn\/wp-content\/uploads\/2022\/10\/Conseil-des-ministres-Senegal1.jpg\",\"contentUrl\":\"https:\/\/www.public.sn\/wp-content\/uploads\/2022\/10\/Conseil-des-ministres-Senegal1.jpg\",\"width\":1200,\"height\":574,\"caption\":\"publicsn\"},{\"@type\":\"BreadcrumbList\",\"@id\":\"https:\/\/www.public.sn\/index.php\/2022\/10\/13\/voici-les-nominations-survenues-lors-du-conseil-des-ministres-de-ce-mercredi\/#breadcrumb\",\"itemListElement\":[{\"@type\":\"ListItem\",\"position\":1,\"name\":\"Accueil\",\"item\":\"https:\/\/www.public.sn\/\"},{\"@type\":\"ListItem\",\"position\":2,\"name\":\"Poste : Sit in des travailleurs ce Jeudi.\"}]},{\"@type\":\"WebSite\",\"@id\":\"https:\/\/www.public.sn\/#website\",\"url\":\"https:\/\/www.public.sn\/\",\"name\":\"LE PUBLIC\",\"description\":\"\",\"publisher\":{\"@id\":\"https:\/\/www.public.sn\/#organization\"},\"potentialAction\":[{\"@type\":\"SearchAction\",\"target\":{\"@type\":\"EntryPoint\",\"urlTemplate\":\"https:\/\/www.public.sn\/?s={search_term_string}\"},\"query-input\":{\"@type\":\"PropertyValueSpecification\",\"valueRequired\":true,\"valueName\":\"search_term_string\"}}],\"inLanguage\":\"fr-FR\"},{\"@type\":\"Organization\",\"@id\":\"https:\/\/www.public.sn\/#organization\",\"name\":\"LE PUBLIC\",\"url\":\"https:\/\/www.public.sn\/\",\"logo\":{\"@type\":\"ImageObject\",\"inLanguage\":\"fr-FR\",\"@id\":\"https:\/\/www.public.sn\/#\/schema\/logo\/image\/\",\"url\":\"https:\/\/www.public.sn\/wp-content\/uploads\/2024\/05\/cropped-LOGO-PUBLIC.SN_.png\",\"contentUrl\":\"https:\/\/www.public.sn\/wp-content\/uploads\/2024\/05\/cropped-LOGO-PUBLIC.SN_.png\",\"width\":682,\"height\":192,\"caption\":\"LE PUBLIC\"},\"image\":{\"@id\":\"https:\/\/www.public.sn\/#\/schema\/logo\/image\/\"}},{\"@type\":\"Person\",\"@id\":\"https:\/\/www.public.sn\/#\/schema\/person\/cb76c8e1b8becc6be61fb5e92d6d0224\",\"name\":\"LA REDACTION\",\"image\":{\"@type\":\"ImageObject\",\"inLanguage\":\"fr-FR\",\"@id\":\"https:\/\/www.public.sn\/#\/schema\/person\/image\/\",\"url\":\"https:\/\/secure.gravatar.com\/avatar\/2dce5ddd34b8fef0180efe03aa2a9bee7d953856048f9a16b298190a3178407c?s=96&d=mm&r=g\",\"contentUrl\":\"https:\/\/secure.gravatar.com\/avatar\/2dce5ddd34b8fef0180efe03aa2a9bee7d953856048f9a16b298190a3178407c?s=96&d=mm&r=g\",\"caption\":\"LA REDACTION\"},\"url\":\"https:\/\/www.public.sn\/index.php\/author\/editeurpsn\/\"}]}<\/script>\n<!-- \/ Yoast SEO plugin. -->","yoast_head_json":{"title":"Poste : Sit in des travailleurs ce Jeudi. - LE PUBLIC","robots":{"index":"index","follow":"follow","max-snippet":"max-snippet:-1","max-image-preview":"max-image-preview:large","max-video-preview":"max-video-preview:-1"},"canonical":"https:\/\/www.public.sn\/index.php\/2022\/10\/13\/voici-les-nominations-survenues-lors-du-conseil-des-ministres-de-ce-mercredi\/","og_locale":"fr_FR","og_type":"article","og_title":"Poste : Sit in des travailleurs ce Jeudi. - LE PUBLIC","og_description":"Malgr\u00e9 la nomination d\u2019un nouveau directeur en la personne de Mouhamadou Dia \u00eft\u00e9 , les travailleurs de la Poste ne comptent pas baisser les bras. En effet ils ont maintenus leur sit in pr\u00e9vu ce Jeudi. Ils estiment que la destitution de Abdoulaye Bibi Bald\u00e9 est un non \u00e9v\u00e9nement et qu\u2019ils vont poursuivre leur mouvement d\u2019humeur. Ces travailleurs exigent l\u2019audit de la Poste, un redressement de la boite, un appui cons\u00e9quent de l\u2019Etat pour que l\u2019entreprise qui est un patrimoine national ne soit pas dilapid\u00e9. Le nouveau directeur entend travailler en parfaite coll\u00e9gialit\u00e9 avec les travailleurs afin que la barre soit redress\u00e9e. Samba SY.","og_url":"https:\/\/www.public.sn\/index.php\/2022\/10\/13\/voici-les-nominations-survenues-lors-du-conseil-des-ministres-de-ce-mercredi\/","og_site_name":"LE PUBLIC","article_published_time":"2022-10-13T07:57:46+00:00","article_modified_time":"2022-10-13T09:55:50+00:00","og_image":[{"width":1200,"height":574,"url":"https:\/\/www.public.sn\/wp-content\/uploads\/2022\/10\/Conseil-des-ministres-Senegal1.jpg","type":"image\/jpeg"}],"author":"LA REDACTION","twitter_card":"summary_large_image","twitter_misc":{"\u00c9crit par":"LA REDACTION","Dur\u00e9e de lecture estim\u00e9e":"3 minutes"},"schema":{"@context":"https:\/\/schema.org","@graph":[{"@type":"Article","@id":"https:\/\/www.public.sn\/index.php\/2022\/10\/13\/voici-les-nominations-survenues-lors-du-conseil-des-ministres-de-ce-mercredi\/#article","isPartOf":{"@id":"https:\/\/www.public.sn\/index.php\/2022\/10\/13\/voici-les-nominations-survenues-lors-du-conseil-des-ministres-de-ce-mercredi\/"},"author":{"name":"LA REDACTION","@id":"https:\/\/www.public.sn\/#\/schema\/person\/cb76c8e1b8becc6be61fb5e92d6d0224"},"headline":"Poste : Sit in des travailleurs ce Jeudi.","datePublished":"2022-10-13T07:57:46+00:00","dateModified":"2022-10-13T09:55:50+00:00","mainEntityOfPage":{"@id":"https:\/\/www.public.sn\/index.php\/2022\/10\/13\/voici-les-nominations-survenues-lors-du-conseil-des-ministres-de-ce-mercredi\/"},"wordCount":121,"commentCount":0,"publisher":{"@id":"https:\/\/www.public.sn\/#organization"},"image":{"@id":"https:\/\/www.public.sn\/index.php\/2022\/10\/13\/voici-les-nominations-survenues-lors-du-conseil-des-ministres-de-ce-mercredi\/#primaryimage"},"thumbnailUrl":"https:\/\/www.public.sn\/wp-content\/uploads\/2022\/10\/Conseil-des-ministres-Senegal1.jpg","keywords":["communique","conseil des ministres","nominations"],"articleSection":["ACTUALIT\u00c9S","S\u00c9N\u00c9GAL","SOCIETE"],"inLanguage":"fr-FR","potentialAction":[{"@type":"CommentAction","name":"Comment","target":["https:\/\/www.public.sn\/index.php\/2022\/10\/13\/voici-les-nominations-survenues-lors-du-conseil-des-ministres-de-ce-mercredi\/#respond"]}]},{"@type":"WebPage","@id":"https:\/\/www.public.sn\/index.php\/2022\/10\/13\/voici-les-nominations-survenues-lors-du-conseil-des-ministres-de-ce-mercredi\/","url":"https:\/\/www.public.sn\/index.php\/2022\/10\/13\/voici-les-nominations-survenues-lors-du-conseil-des-ministres-de-ce-mercredi\/","name":"Poste : Sit in des travailleurs ce Jeudi. - LE PUBLIC","isPartOf":{"@id":"https:\/\/www.public.sn\/#website"},"primaryImageOfPage":{"@id":"https:\/\/www.public.sn\/index.php\/2022\/10\/13\/voici-les-nominations-survenues-lors-du-conseil-des-ministres-de-ce-mercredi\/#primaryimage"},"image":{"@id":"https:\/\/www.public.sn\/index.php\/2022\/10\/13\/voici-les-nominations-survenues-lors-du-conseil-des-ministres-de-ce-mercredi\/#primaryimage"},"thumbnailUrl":"https:\/\/www.public.sn\/wp-content\/uploads\/2022\/10\/Conseil-des-ministres-Senegal1.jpg","datePublished":"2022-10-13T07:57:46+00:00","dateModified":"2022-10-13T09:55:50+00:00","breadcrumb":{"@id":"https:\/\/www.public.sn\/index.php\/2022\/10\/13\/voici-les-nominations-survenues-lors-du-conseil-des-ministres-de-ce-mercredi\/#breadcrumb"},"inLanguage":"fr-FR","potentialAction":[{"@type":"ReadAction","target":["https:\/\/www.public.sn\/index.php\/2022\/10\/13\/voici-les-nominations-survenues-lors-du-conseil-des-ministres-de-ce-mercredi\/"]}]},{"@type":"ImageObject","inLanguage":"fr-FR","@id":"https:\/\/www.public.sn\/index.php\/2022\/10\/13\/voici-les-nominations-survenues-lors-du-conseil-des-ministres-de-ce-mercredi\/#primaryimage","url":"https:\/\/www.public.sn\/wp-content\/uploads\/2022\/10\/Conseil-des-ministres-Senegal1.jpg","contentUrl":"https:\/\/www.public.sn\/wp-content\/uploads\/2022\/10\/Conseil-des-ministres-Senegal1.jpg","width":1200,"height":574,"caption":"publicsn"},{"@type":"BreadcrumbList","@id":"https:\/\/www.public.sn\/index.php\/2022\/10\/13\/voici-les-nominations-survenues-lors-du-conseil-des-ministres-de-ce-mercredi\/#breadcrumb","itemListElement":[{"@type":"ListItem","position":1,"name":"Accueil","item":"https:\/\/www.public.sn\/"},{"@type":"ListItem","position":2,"name":"Poste : Sit in des travailleurs ce Jeudi."}]},{"@type":"WebSite","@id":"https:\/\/www.public.sn\/#website","url":"https:\/\/www.public.sn\/","name":"LE PUBLIC","description":"","publisher":{"@id":"https:\/\/www.public.sn\/#organization"},"potentialAction":[{"@type":"SearchAction","target":{"@type":"EntryPoint","urlTemplate":"https:\/\/www.public.sn\/?s={search_term_string}"},"query-input":{"@type":"PropertyValueSpecification","valueRequired":true,"valueName":"search_term_string"}}],"inLanguage":"fr-FR"},{"@type":"Organization","@id":"https:\/\/www.public.sn\/#organization","name":"LE PUBLIC","url":"https:\/\/www.public.sn\/","logo":{"@type":"ImageObject","inLanguage":"fr-FR","@id":"https:\/\/www.public.sn\/#\/schema\/logo\/image\/","url":"https:\/\/www.public.sn\/wp-content\/uploads\/2024\/05\/cropped-LOGO-PUBLIC.SN_.png","contentUrl":"https:\/\/www.public.sn\/wp-content\/uploads\/2024\/05\/cropped-LOGO-PUBLIC.SN_.png","width":682,"height":192,"caption":"LE PUBLIC"},"image":{"@id":"https:\/\/www.public.sn\/#\/schema\/logo\/image\/"}},{"@type":"Person","@id":"https:\/\/www.public.sn\/#\/schema\/person\/cb76c8e1b8becc6be61fb5e92d6d0224","name":"LA REDACTION","image":{"@type":"ImageObject","inLanguage":"fr-FR","@id":"https:\/\/www.public.sn\/#\/schema\/person\/image\/","url":"https:\/\/secure.gravatar.com\/avatar\/2dce5ddd34b8fef0180efe03aa2a9bee7d953856048f9a16b298190a3178407c?s=96&d=mm&r=g","contentUrl":"https:\/\/secure.gravatar.com\/avatar\/2dce5ddd34b8fef0180efe03aa2a9bee7d953856048f9a16b298190a3178407c?s=96&d=mm&r=g","caption":"LA REDACTION"},"url":"https:\/\/www.public.sn\/index.php\/author\/editeurpsn\/"}]}},"jetpack_featured_media_url":"https:\/\/www.public.sn\/wp-content\/uploads\/2022\/10\/Conseil-des-ministres-Senegal1.jpg","jetpack_sharing_enabled":true,"_links":{"self":[{"href":"https:\/\/www.public.sn\/index.php\/wp-json\/wp\/v2\/posts\/4376","targetHints":{"allow":["GET"]}}],"collection":[{"href":"https:\/\/www.public.sn\/index.php\/wp-json\/wp\/v2\/posts"}],"about":[{"href":"https:\/\/www.public.sn\/index.php\/wp-json\/wp\/v2\/types\/post"}],"author":[{"embeddable":true,"href":"https:\/\/www.public.sn\/index.php\/wp-json\/wp\/v2\/users\/7"}],"replies":[{"embeddable":true,"href":"https:\/\/www.public.sn\/index.php\/wp-json\/wp\/v2\/comments?post=4376"}],"version-history":[{"count":9,"href":"https:\/\/www.public.sn\/index.php\/wp-json\/wp\/v2\/posts\/4376\/revisions"}],"predecessor-version":[{"id":4425,"href":"https:\/\/www.public.sn\/index.php\/wp-json\/wp\/v2\/posts\/4376\/revisions\/4425"}],"wp:featuredmedia":[{"embeddable":true,"href":"https:\/\/www.public.sn\/index.php\/wp-json\/wp\/v2\/media\/4379"}],"wp:attachment":[{"href":"https:\/\/www.public.sn\/index.php\/wp-json\/wp\/v2\/media?parent=4376"}],"wp:term":[{"taxonomy":"category","embeddable":true,"href":"https:\/\/www.public.sn\/index.php\/wp-json\/wp\/v2\/categories?post=4376"},{"taxonomy":"post_tag","embeddable":true,"href":"https:\/\/www.public.sn\/index.php\/wp-json\/wp\/v2\/tags?post=4376"}],"curies":[{"name":"wp","href":"https:\/\/api.w.org\/{rel}","templated":true}]}}