{"id":438,"date":"2022-08-22T20:14:17","date_gmt":"2022-08-22T18:14:17","guid":{"rendered":"https:\/\/www.public.sn\/?p=438"},"modified":"2022-08-22T20:17:08","modified_gmt":"2022-08-22T18:17:08","slug":"hopital-ledantec-les-58-depouilles-reposent-desormais-au-cimetiere-de-yoff-dakar","status":"publish","type":"post","link":"https:\/\/www.public.sn\/index.php\/2022\/08\/22\/hopital-ledantec-les-58-depouilles-reposent-desormais-au-cimetiere-de-yoff-dakar\/","title":{"rendered":"H\u00f4pital Ledantec : Les 58 d\u00e9pouilles reposent d\u00e9sormais au cimeti\u00e8re de Yoff (Dakar)."},"content":{"rendered":"\n<p><strong><em>Une semaine apr\u00e8s le red\u00e9ploiement du personnel de sant\u00e9 et de la quasi totalit\u00e9 des services, les 58 d\u00e9pouilles \u00e0 la morgue dudit \u00e9tablissement sont inhum\u00e9es hier dimanche. \u00c0 rappeler que ces corps en question n&rsquo;ont jamais \u00e9t\u00e9 r\u00e9clam\u00e9s.\u00a0<\/em><\/strong><\/p><div class=\"publi-paragraphe1\" style=\"margin-top: 10px;margin-bottom: 10px;margin-left: auto;margin-right: auto;text-align: center;\" id=\"publi-3936233241\"><div class=\"publi-adlabel\">Publicit\u00e9<\/div><script async src=\"\/\/pagead2.googlesyndication.com\/pagead\/js\/adsbygoogle.js?client=ca-pub-4089586018074219\" crossorigin=\"anonymous\"><\/script><ins class=\"adsbygoogle\" style=\"display:block;\" data-ad-client=\"ca-pub-4089586018074219\" \ndata-ad-slot=\"2087940154\" \ndata-ad-format=\"auto\"><\/ins>\n<script> \n(adsbygoogle = window.adsbygoogle || []).push({}); \n<\/script>\n<\/div>\n\n\n\n<p>\u00c0 en croire au journal Les Echos qui donne l\u2019information ce lundi, les 58 d\u00e9pouilles \u00e9taient compos\u00e9es de 26 adultes et 32 enfants.\u00a0<\/p>\n\n\n\n<p>L\u2019h\u00f4pital Ledantec sera reconstruit, les services de l\u2019\u00e9tablissement public de sant\u00e9 ont \u00e9t\u00e9 red\u00e9ploy\u00e9s dans dix-sept structures de sant\u00e9 \u00e0 Dakar (16) et Touba (1). \u00c0 retenir que l\u2019h\u00f4pital Dalal Jamm de Gu\u00e9diawaye a accueilli le plus grand nombre avec huit services abrit\u00e9s.<\/p>\n\n\n\n<p><em>R\u00e9daction Public SN<\/em><\/p>\n<div class=\"publi-apres-le-contenu\" style=\"margin-top: 10px;margin-bottom: 10px;margin-left: auto;margin-right: auto;text-align: center;\" id=\"publi-3300225386\"><div class=\"publi-adlabel\">Publicit\u00e9<\/div><script async src=\"\/\/pagead2.googlesyndication.com\/pagead\/js\/adsbygoogle.js?client=ca-pub-4089586018074219\" crossorigin=\"anonymous\"><\/script><ins class=\"adsbygoogle\" style=\"display:block;\" data-ad-client=\"ca-pub-4089586018074219\" \ndata-ad-slot=\"2087940154\" \ndata-ad-format=\"auto\"><\/ins>\n<script> \n(adsbygoogle = window.adsbygoogle || []).push({}); \n<\/script>\n<\/div>","protected":false},"excerpt":{"rendered":"<p>Une semaine apr\u00e8s le red\u00e9ploiement du personnel de sant\u00e9 et de la quasi totalit\u00e9 des services, les 58 d\u00e9pouilles \u00e0 la morgue dudit \u00e9tablissement sont inhum\u00e9es hier dimanche. \u00c0 rappeler que ces corps en question n&rsquo;ont jamais \u00e9t\u00e9 r\u00e9clam\u00e9s.\u00a0 \u00c0 en croire au journal Les Echos qui donne l\u2019information ce lundi, les 58 d\u00e9pouilles \u00e9taient compos\u00e9es de 26 adultes et 32 enfants.\u00a0 L\u2019h\u00f4pital Ledantec sera reconstruit, les services de l\u2019\u00e9tablissement public de sant\u00e9 ont \u00e9t\u00e9 red\u00e9ploy\u00e9s dans dix-sept structures de sant\u00e9 \u00e0 Dakar (16) et Touba (1). \u00c0 retenir que l\u2019h\u00f4pital Dalal Jamm de Gu\u00e9diawaye a accueilli le plus grand nombre avec huit services abrit\u00e9s. R\u00e9daction Public SN<\/p>\n","protected":false},"author":1,"featured_media":440,"comment_status":"open","ping_status":"open","sticky":false,"template":"","format":"standard","meta":{"_jetpack_memberships_contains_paid_content":false,"footnotes":""},"categories":[1],"tags":[78,208,195,209],"class_list":["post-438","post","type-post","status-publish","format-standard","has-post-thumbnail","hentry","category-non-classe","tag-ledantec","tag-mogue","tag-sante","tag-yoff","entry","has-media","owp-thumbs-layout-horizontal","owp-btn-normal","owp-tabs-layout-horizontal","has-no-thumbnails","has-product-nav"],"yoast_head":"<!-- This site is optimized with the Yoast SEO plugin v25.5 - https:\/\/yoast.com\/wordpress\/plugins\/seo\/ -->\n<title>H\u00f4pital Ledantec : Les 58 d\u00e9pouilles reposent d\u00e9sormais au cimeti\u00e8re de Yoff (Dakar). - LE PUBLIC<\/title>\n<meta name=\"robots\" content=\"index, follow, max-snippet:-1, max-image-preview:large, max-video-preview:-1\" \/>\n<link rel=\"canonical\" href=\"https:\/\/www.public.sn\/index.php\/2022\/08\/22\/hopital-ledantec-les-58-depouilles-reposent-desormais-au-cimetiere-de-yoff-dakar\/\" \/>\n<meta property=\"og:locale\" content=\"fr_FR\" \/>\n<meta property=\"og:type\" content=\"article\" \/>\n<meta property=\"og:title\" content=\"H\u00f4pital Ledantec : Les 58 d\u00e9pouilles reposent d\u00e9sormais au cimeti\u00e8re de Yoff (Dakar). - LE PUBLIC\" \/>\n<meta property=\"og:description\" content=\"Une semaine apr\u00e8s le red\u00e9ploiement du personnel de sant\u00e9 et de la quasi totalit\u00e9 des services, les 58 d\u00e9pouilles \u00e0 la morgue dudit \u00e9tablissement sont inhum\u00e9es hier dimanche. \u00c0 rappeler que ces corps en question n&rsquo;ont jamais \u00e9t\u00e9 r\u00e9clam\u00e9s.\u00a0 \u00c0 en croire au journal Les Echos qui donne l\u2019information ce lundi, les 58 d\u00e9pouilles \u00e9taient compos\u00e9es de 26 adultes et 32 enfants.\u00a0 L\u2019h\u00f4pital Ledantec sera reconstruit, les services de l\u2019\u00e9tablissement public de sant\u00e9 ont \u00e9t\u00e9 red\u00e9ploy\u00e9s dans dix-sept structures de sant\u00e9 \u00e0 Dakar (16) et Touba (1). \u00c0 retenir que l\u2019h\u00f4pital Dalal Jamm de Gu\u00e9diawaye a accueilli le plus grand nombre avec huit services abrit\u00e9s. R\u00e9daction Public SN\" \/>\n<meta property=\"og:url\" content=\"https:\/\/www.public.sn\/index.php\/2022\/08\/22\/hopital-ledantec-les-58-depouilles-reposent-desormais-au-cimetiere-de-yoff-dakar\/\" \/>\n<meta property=\"og:site_name\" content=\"LE PUBLIC\" \/>\n<meta property=\"article:published_time\" content=\"2022-08-22T18:14:17+00:00\" \/>\n<meta property=\"article:modified_time\" content=\"2022-08-22T18:17:08+00:00\" \/>\n<meta property=\"og:image\" content=\"https:\/\/www.public.sn\/wp-content\/uploads\/2022\/08\/Hopital-Le-Dantec.png.webp\" \/>\n\t<meta property=\"og:image:width\" content=\"640\" \/>\n\t<meta property=\"og:image:height\" content=\"320\" \/>\n\t<meta property=\"og:image:type\" content=\"image\/webp\" \/>\n<meta name=\"author\" content=\"LA REDACTION\" \/>\n<meta name=\"twitter:card\" content=\"summary_large_image\" \/>\n<meta name=\"twitter:label1\" content=\"\u00c9crit par\" \/>\n\t<meta name=\"twitter:data1\" content=\"LA REDACTION\" \/>\n\t<meta name=\"twitter:label2\" content=\"Dur\u00e9e de lecture estim\u00e9e\" \/>\n\t<meta name=\"twitter:data2\" content=\"1 minute\" \/>\n<script type=\"application\/ld+json\" class=\"yoast-schema-graph\">{\"@context\":\"https:\/\/schema.org\",\"@graph\":[{\"@type\":\"Article\",\"@id\":\"https:\/\/www.public.sn\/index.php\/2022\/08\/22\/hopital-ledantec-les-58-depouilles-reposent-desormais-au-cimetiere-de-yoff-dakar\/#article\",\"isPartOf\":{\"@id\":\"https:\/\/www.public.sn\/index.php\/2022\/08\/22\/hopital-ledantec-les-58-depouilles-reposent-desormais-au-cimetiere-de-yoff-dakar\/\"},\"author\":{\"name\":\"LA REDACTION\",\"@id\":\"https:\/\/www.public.sn\/#\/schema\/person\/e3f4a11b037d4203902db148f9bc8d5a\"},\"headline\":\"H\u00f4pital Ledantec : Les 58 d\u00e9pouilles reposent d\u00e9sormais au cimeti\u00e8re de Yoff (Dakar).\",\"datePublished\":\"2022-08-22T18:14:17+00:00\",\"dateModified\":\"2022-08-22T18:17:08+00:00\",\"mainEntityOfPage\":{\"@id\":\"https:\/\/www.public.sn\/index.php\/2022\/08\/22\/hopital-ledantec-les-58-depouilles-reposent-desormais-au-cimetiere-de-yoff-dakar\/\"},\"wordCount\":131,\"commentCount\":0,\"publisher\":{\"@id\":\"https:\/\/www.public.sn\/#organization\"},\"image\":{\"@id\":\"https:\/\/www.public.sn\/index.php\/2022\/08\/22\/hopital-ledantec-les-58-depouilles-reposent-desormais-au-cimetiere-de-yoff-dakar\/#primaryimage\"},\"thumbnailUrl\":\"https:\/\/www.public.sn\/wp-content\/uploads\/2022\/08\/Hopital-Le-Dantec.png.webp\",\"keywords\":[\"Ledantec\",\"Mogue\",\"Sant\u00e9\",\"Yoff\"],\"articleSection\":[\"S\u00c9N\u00c9GAL\"],\"inLanguage\":\"fr-FR\",\"potentialAction\":[{\"@type\":\"CommentAction\",\"name\":\"Comment\",\"target\":[\"https:\/\/www.public.sn\/index.php\/2022\/08\/22\/hopital-ledantec-les-58-depouilles-reposent-desormais-au-cimetiere-de-yoff-dakar\/#respond\"]}]},{\"@type\":\"WebPage\",\"@id\":\"https:\/\/www.public.sn\/index.php\/2022\/08\/22\/hopital-ledantec-les-58-depouilles-reposent-desormais-au-cimetiere-de-yoff-dakar\/\",\"url\":\"https:\/\/www.public.sn\/index.php\/2022\/08\/22\/hopital-ledantec-les-58-depouilles-reposent-desormais-au-cimetiere-de-yoff-dakar\/\",\"name\":\"H\u00f4pital Ledantec : Les 58 d\u00e9pouilles reposent d\u00e9sormais au cimeti\u00e8re de Yoff (Dakar). - LE PUBLIC\",\"isPartOf\":{\"@id\":\"https:\/\/www.public.sn\/#website\"},\"primaryImageOfPage\":{\"@id\":\"https:\/\/www.public.sn\/index.php\/2022\/08\/22\/hopital-ledantec-les-58-depouilles-reposent-desormais-au-cimetiere-de-yoff-dakar\/#primaryimage\"},\"image\":{\"@id\":\"https:\/\/www.public.sn\/index.php\/2022\/08\/22\/hopital-ledantec-les-58-depouilles-reposent-desormais-au-cimetiere-de-yoff-dakar\/#primaryimage\"},\"thumbnailUrl\":\"https:\/\/www.public.sn\/wp-content\/uploads\/2022\/08\/Hopital-Le-Dantec.png.webp\",\"datePublished\":\"2022-08-22T18:14:17+00:00\",\"dateModified\":\"2022-08-22T18:17:08+00:00\",\"breadcrumb\":{\"@id\":\"https:\/\/www.public.sn\/index.php\/2022\/08\/22\/hopital-ledantec-les-58-depouilles-reposent-desormais-au-cimetiere-de-yoff-dakar\/#breadcrumb\"},\"inLanguage\":\"fr-FR\",\"potentialAction\":[{\"@type\":\"ReadAction\",\"target\":[\"https:\/\/www.public.sn\/index.php\/2022\/08\/22\/hopital-ledantec-les-58-depouilles-reposent-desormais-au-cimetiere-de-yoff-dakar\/\"]}]},{\"@type\":\"ImageObject\",\"inLanguage\":\"fr-FR\",\"@id\":\"https:\/\/www.public.sn\/index.php\/2022\/08\/22\/hopital-ledantec-les-58-depouilles-reposent-desormais-au-cimetiere-de-yoff-dakar\/#primaryimage\",\"url\":\"https:\/\/www.public.sn\/wp-content\/uploads\/2022\/08\/Hopital-Le-Dantec.png.webp\",\"contentUrl\":\"https:\/\/www.public.sn\/wp-content\/uploads\/2022\/08\/Hopital-Le-Dantec.png.webp\",\"width\":640,\"height\":320},{\"@type\":\"BreadcrumbList\",\"@id\":\"https:\/\/www.public.sn\/index.php\/2022\/08\/22\/hopital-ledantec-les-58-depouilles-reposent-desormais-au-cimetiere-de-yoff-dakar\/#breadcrumb\",\"itemListElement\":[{\"@type\":\"ListItem\",\"position\":1,\"name\":\"Accueil\",\"item\":\"https:\/\/www.public.sn\/\"},{\"@type\":\"ListItem\",\"position\":2,\"name\":\"H\u00f4pital Ledantec : Les 58 d\u00e9pouilles reposent d\u00e9sormais au cimeti\u00e8re de Yoff (Dakar).\"}]},{\"@type\":\"WebSite\",\"@id\":\"https:\/\/www.public.sn\/#website\",\"url\":\"https:\/\/www.public.sn\/\",\"name\":\"LE PUBLIC\",\"description\":\"\",\"publisher\":{\"@id\":\"https:\/\/www.public.sn\/#organization\"},\"potentialAction\":[{\"@type\":\"SearchAction\",\"target\":{\"@type\":\"EntryPoint\",\"urlTemplate\":\"https:\/\/www.public.sn\/?s={search_term_string}\"},\"query-input\":{\"@type\":\"PropertyValueSpecification\",\"valueRequired\":true,\"valueName\":\"search_term_string\"}}],\"inLanguage\":\"fr-FR\"},{\"@type\":\"Organization\",\"@id\":\"https:\/\/www.public.sn\/#organization\",\"name\":\"LE PUBLIC\",\"url\":\"https:\/\/www.public.sn\/\",\"logo\":{\"@type\":\"ImageObject\",\"inLanguage\":\"fr-FR\",\"@id\":\"https:\/\/www.public.sn\/#\/schema\/logo\/image\/\",\"url\":\"https:\/\/www.public.sn\/wp-content\/uploads\/2024\/05\/cropped-LOGO-PUBLIC.SN_.png\",\"contentUrl\":\"https:\/\/www.public.sn\/wp-content\/uploads\/2024\/05\/cropped-LOGO-PUBLIC.SN_.png\",\"width\":682,\"height\":192,\"caption\":\"LE PUBLIC\"},\"image\":{\"@id\":\"https:\/\/www.public.sn\/#\/schema\/logo\/image\/\"}},{\"@type\":\"Person\",\"@id\":\"https:\/\/www.public.sn\/#\/schema\/person\/e3f4a11b037d4203902db148f9bc8d5a\",\"name\":\"LA REDACTION\",\"image\":{\"@type\":\"ImageObject\",\"inLanguage\":\"fr-FR\",\"@id\":\"https:\/\/www.public.sn\/#\/schema\/person\/image\/\",\"url\":\"https:\/\/secure.gravatar.com\/avatar\/d6c030db45db2883c075085c5d6c6258654a801a93766b49af0b82d4f454e2a5?s=96&d=mm&r=g\",\"contentUrl\":\"https:\/\/secure.gravatar.com\/avatar\/d6c030db45db2883c075085c5d6c6258654a801a93766b49af0b82d4f454e2a5?s=96&d=mm&r=g\",\"caption\":\"LA REDACTION\"},\"sameAs\":[\"http:\/\/www.public.sn\"],\"url\":\"https:\/\/www.public.sn\/index.php\/author\/admin7324\/\"}]}<\/script>\n<!-- \/ Yoast SEO plugin. -->","yoast_head_json":{"title":"H\u00f4pital Ledantec : Les 58 d\u00e9pouilles reposent d\u00e9sormais au cimeti\u00e8re de Yoff (Dakar). - LE PUBLIC","robots":{"index":"index","follow":"follow","max-snippet":"max-snippet:-1","max-image-preview":"max-image-preview:large","max-video-preview":"max-video-preview:-1"},"canonical":"https:\/\/www.public.sn\/index.php\/2022\/08\/22\/hopital-ledantec-les-58-depouilles-reposent-desormais-au-cimetiere-de-yoff-dakar\/","og_locale":"fr_FR","og_type":"article","og_title":"H\u00f4pital Ledantec : Les 58 d\u00e9pouilles reposent d\u00e9sormais au cimeti\u00e8re de Yoff (Dakar). - LE PUBLIC","og_description":"Une semaine apr\u00e8s le red\u00e9ploiement du personnel de sant\u00e9 et de la quasi totalit\u00e9 des services, les 58 d\u00e9pouilles \u00e0 la morgue dudit \u00e9tablissement sont inhum\u00e9es hier dimanche. \u00c0 rappeler que ces corps en question n&rsquo;ont jamais \u00e9t\u00e9 r\u00e9clam\u00e9s.\u00a0 \u00c0 en croire au journal Les Echos qui donne l\u2019information ce lundi, les 58 d\u00e9pouilles \u00e9taient compos\u00e9es de 26 adultes et 32 enfants.\u00a0 L\u2019h\u00f4pital Ledantec sera reconstruit, les services de l\u2019\u00e9tablissement public de sant\u00e9 ont \u00e9t\u00e9 red\u00e9ploy\u00e9s dans dix-sept structures de sant\u00e9 \u00e0 Dakar (16) et Touba (1). \u00c0 retenir que l\u2019h\u00f4pital Dalal Jamm de Gu\u00e9diawaye a accueilli le plus grand nombre avec huit services abrit\u00e9s. R\u00e9daction Public SN","og_url":"https:\/\/www.public.sn\/index.php\/2022\/08\/22\/hopital-ledantec-les-58-depouilles-reposent-desormais-au-cimetiere-de-yoff-dakar\/","og_site_name":"LE PUBLIC","article_published_time":"2022-08-22T18:14:17+00:00","article_modified_time":"2022-08-22T18:17:08+00:00","og_image":[{"width":640,"height":320,"url":"https:\/\/www.public.sn\/wp-content\/uploads\/2022\/08\/Hopital-Le-Dantec.png.webp","type":"image\/webp"}],"author":"LA REDACTION","twitter_card":"summary_large_image","twitter_misc":{"\u00c9crit par":"LA REDACTION","Dur\u00e9e de lecture estim\u00e9e":"1 minute"},"schema":{"@context":"https:\/\/schema.org","@graph":[{"@type":"Article","@id":"https:\/\/www.public.sn\/index.php\/2022\/08\/22\/hopital-ledantec-les-58-depouilles-reposent-desormais-au-cimetiere-de-yoff-dakar\/#article","isPartOf":{"@id":"https:\/\/www.public.sn\/index.php\/2022\/08\/22\/hopital-ledantec-les-58-depouilles-reposent-desormais-au-cimetiere-de-yoff-dakar\/"},"author":{"name":"LA REDACTION","@id":"https:\/\/www.public.sn\/#\/schema\/person\/e3f4a11b037d4203902db148f9bc8d5a"},"headline":"H\u00f4pital Ledantec : Les 58 d\u00e9pouilles reposent d\u00e9sormais au cimeti\u00e8re de Yoff (Dakar).","datePublished":"2022-08-22T18:14:17+00:00","dateModified":"2022-08-22T18:17:08+00:00","mainEntityOfPage":{"@id":"https:\/\/www.public.sn\/index.php\/2022\/08\/22\/hopital-ledantec-les-58-depouilles-reposent-desormais-au-cimetiere-de-yoff-dakar\/"},"wordCount":131,"commentCount":0,"publisher":{"@id":"https:\/\/www.public.sn\/#organization"},"image":{"@id":"https:\/\/www.public.sn\/index.php\/2022\/08\/22\/hopital-ledantec-les-58-depouilles-reposent-desormais-au-cimetiere-de-yoff-dakar\/#primaryimage"},"thumbnailUrl":"https:\/\/www.public.sn\/wp-content\/uploads\/2022\/08\/Hopital-Le-Dantec.png.webp","keywords":["Ledantec","Mogue","Sant\u00e9","Yoff"],"articleSection":["S\u00c9N\u00c9GAL"],"inLanguage":"fr-FR","potentialAction":[{"@type":"CommentAction","name":"Comment","target":["https:\/\/www.public.sn\/index.php\/2022\/08\/22\/hopital-ledantec-les-58-depouilles-reposent-desormais-au-cimetiere-de-yoff-dakar\/#respond"]}]},{"@type":"WebPage","@id":"https:\/\/www.public.sn\/index.php\/2022\/08\/22\/hopital-ledantec-les-58-depouilles-reposent-desormais-au-cimetiere-de-yoff-dakar\/","url":"https:\/\/www.public.sn\/index.php\/2022\/08\/22\/hopital-ledantec-les-58-depouilles-reposent-desormais-au-cimetiere-de-yoff-dakar\/","name":"H\u00f4pital Ledantec : Les 58 d\u00e9pouilles reposent d\u00e9sormais au cimeti\u00e8re de Yoff (Dakar). - LE PUBLIC","isPartOf":{"@id":"https:\/\/www.public.sn\/#website"},"primaryImageOfPage":{"@id":"https:\/\/www.public.sn\/index.php\/2022\/08\/22\/hopital-ledantec-les-58-depouilles-reposent-desormais-au-cimetiere-de-yoff-dakar\/#primaryimage"},"image":{"@id":"https:\/\/www.public.sn\/index.php\/2022\/08\/22\/hopital-ledantec-les-58-depouilles-reposent-desormais-au-cimetiere-de-yoff-dakar\/#primaryimage"},"thumbnailUrl":"https:\/\/www.public.sn\/wp-content\/uploads\/2022\/08\/Hopital-Le-Dantec.png.webp","datePublished":"2022-08-22T18:14:17+00:00","dateModified":"2022-08-22T18:17:08+00:00","breadcrumb":{"@id":"https:\/\/www.public.sn\/index.php\/2022\/08\/22\/hopital-ledantec-les-58-depouilles-reposent-desormais-au-cimetiere-de-yoff-dakar\/#breadcrumb"},"inLanguage":"fr-FR","potentialAction":[{"@type":"ReadAction","target":["https:\/\/www.public.sn\/index.php\/2022\/08\/22\/hopital-ledantec-les-58-depouilles-reposent-desormais-au-cimetiere-de-yoff-dakar\/"]}]},{"@type":"ImageObject","inLanguage":"fr-FR","@id":"https:\/\/www.public.sn\/index.php\/2022\/08\/22\/hopital-ledantec-les-58-depouilles-reposent-desormais-au-cimetiere-de-yoff-dakar\/#primaryimage","url":"https:\/\/www.public.sn\/wp-content\/uploads\/2022\/08\/Hopital-Le-Dantec.png.webp","contentUrl":"https:\/\/www.public.sn\/wp-content\/uploads\/2022\/08\/Hopital-Le-Dantec.png.webp","width":640,"height":320},{"@type":"BreadcrumbList","@id":"https:\/\/www.public.sn\/index.php\/2022\/08\/22\/hopital-ledantec-les-58-depouilles-reposent-desormais-au-cimetiere-de-yoff-dakar\/#breadcrumb","itemListElement":[{"@type":"ListItem","position":1,"name":"Accueil","item":"https:\/\/www.public.sn\/"},{"@type":"ListItem","position":2,"name":"H\u00f4pital Ledantec : Les 58 d\u00e9pouilles reposent d\u00e9sormais au cimeti\u00e8re de Yoff (Dakar)."}]},{"@type":"WebSite","@id":"https:\/\/www.public.sn\/#website","url":"https:\/\/www.public.sn\/","name":"LE PUBLIC","description":"","publisher":{"@id":"https:\/\/www.public.sn\/#organization"},"potentialAction":[{"@type":"SearchAction","target":{"@type":"EntryPoint","urlTemplate":"https:\/\/www.public.sn\/?s={search_term_string}"},"query-input":{"@type":"PropertyValueSpecification","valueRequired":true,"valueName":"search_term_string"}}],"inLanguage":"fr-FR"},{"@type":"Organization","@id":"https:\/\/www.public.sn\/#organization","name":"LE PUBLIC","url":"https:\/\/www.public.sn\/","logo":{"@type":"ImageObject","inLanguage":"fr-FR","@id":"https:\/\/www.public.sn\/#\/schema\/logo\/image\/","url":"https:\/\/www.public.sn\/wp-content\/uploads\/2024\/05\/cropped-LOGO-PUBLIC.SN_.png","contentUrl":"https:\/\/www.public.sn\/wp-content\/uploads\/2024\/05\/cropped-LOGO-PUBLIC.SN_.png","width":682,"height":192,"caption":"LE PUBLIC"},"image":{"@id":"https:\/\/www.public.sn\/#\/schema\/logo\/image\/"}},{"@type":"Person","@id":"https:\/\/www.public.sn\/#\/schema\/person\/e3f4a11b037d4203902db148f9bc8d5a","name":"LA REDACTION","image":{"@type":"ImageObject","inLanguage":"fr-FR","@id":"https:\/\/www.public.sn\/#\/schema\/person\/image\/","url":"https:\/\/secure.gravatar.com\/avatar\/d6c030db45db2883c075085c5d6c6258654a801a93766b49af0b82d4f454e2a5?s=96&d=mm&r=g","contentUrl":"https:\/\/secure.gravatar.com\/avatar\/d6c030db45db2883c075085c5d6c6258654a801a93766b49af0b82d4f454e2a5?s=96&d=mm&r=g","caption":"LA REDACTION"},"sameAs":["http:\/\/www.public.sn"],"url":"https:\/\/www.public.sn\/index.php\/author\/admin7324\/"}]}},"jetpack_featured_media_url":"https:\/\/www.public.sn\/wp-content\/uploads\/2022\/08\/Hopital-Le-Dantec.png.webp","jetpack_sharing_enabled":true,"_links":{"self":[{"href":"https:\/\/www.public.sn\/index.php\/wp-json\/wp\/v2\/posts\/438","targetHints":{"allow":["GET"]}}],"collection":[{"href":"https:\/\/www.public.sn\/index.php\/wp-json\/wp\/v2\/posts"}],"about":[{"href":"https:\/\/www.public.sn\/index.php\/wp-json\/wp\/v2\/types\/post"}],"author":[{"embeddable":true,"href":"https:\/\/www.public.sn\/index.php\/wp-json\/wp\/v2\/users\/1"}],"replies":[{"embeddable":true,"href":"https:\/\/www.public.sn\/index.php\/wp-json\/wp\/v2\/comments?post=438"}],"version-history":[{"count":2,"href":"https:\/\/www.public.sn\/index.php\/wp-json\/wp\/v2\/posts\/438\/revisions"}],"predecessor-version":[{"id":442,"href":"https:\/\/www.public.sn\/index.php\/wp-json\/wp\/v2\/posts\/438\/revisions\/442"}],"wp:featuredmedia":[{"embeddable":true,"href":"https:\/\/www.public.sn\/index.php\/wp-json\/wp\/v2\/media\/440"}],"wp:attachment":[{"href":"https:\/\/www.public.sn\/index.php\/wp-json\/wp\/v2\/media?parent=438"}],"wp:term":[{"taxonomy":"category","embeddable":true,"href":"https:\/\/www.public.sn\/index.php\/wp-json\/wp\/v2\/categories?post=438"},{"taxonomy":"post_tag","embeddable":true,"href":"https:\/\/www.public.sn\/index.php\/wp-json\/wp\/v2\/tags?post=438"}],"curies":[{"name":"wp","href":"https:\/\/api.w.org\/{rel}","templated":true}]}}