{"id":4389,"date":"2022-10-13T08:37:24","date_gmt":"2022-10-13T08:37:24","guid":{"rendered":"https:\/\/www.public.sn\/?p=4389"},"modified":"2022-10-13T08:37:26","modified_gmt":"2022-10-13T08:37:26","slug":"nomme-general-le-cl-kande-dirige-desormais-larmee-de-terre","status":"publish","type":"post","link":"https:\/\/www.public.sn\/index.php\/2022\/10\/13\/nomme-general-le-cl-kande-dirige-desormais-larmee-de-terre\/","title":{"rendered":"nomm\u00e9 G\u00e9n\u00e9ral, le Cl Kand\u00e9 dirige d\u00e9sormais l&rsquo;Arm\u00e9e de terre."},"content":{"rendered":"\n<p>Jusque-l\u00e0 colonel, Souleymane Kand\u00e9 a \u00e9t\u00e9 promu g\u00e9n\u00e9ral \u00e0 l\u2019issue du conseil des ministres de ce 10 octobre. Il a \u00e9t\u00e9 nomm\u00e9 ensuite Chef d\u2019Etat-major g\u00e9n\u00e9ral de l\u2019arm\u00e9e de terre. Le Colonel Kand\u00e9 s\u2019est fait connaitre r\u00e9cemment avec le d\u00e9mant\u00e8lement de toutes les bases de Salif Sadio en Casamance.<br><br>L\u2019ancien occupant du poste, le g\u00e9n\u00e9ral de brigade Philipe Henry Alfred Dia qui passe au grade de g\u00e9n\u00e9ral de division, est nomm\u00e9 Inspecteur g\u00e9n\u00e9ral des Forces arm\u00e9es en remplacement du g\u00e9n\u00e9ral de division El Hadj Daouda Niang.<br><br>Ce dernier devient ambassadeur du S\u00e9n\u00e9gal en C\u00f4te d\u2019Ivoire. Il remplace Abdou Khadir Agne.<br>Samba SY.<br><\/p><div class=\"publi-paragraphe1\" style=\"margin-top: 10px;margin-bottom: 10px;margin-left: auto;margin-right: auto;text-align: center;\" id=\"publi-2604042614\"><div class=\"publi-adlabel\">Publicit\u00e9<\/div><script async src=\"\/\/pagead2.googlesyndication.com\/pagead\/js\/adsbygoogle.js?client=ca-pub-4089586018074219\" crossorigin=\"anonymous\"><\/script><ins class=\"adsbygoogle\" style=\"display:block;\" data-ad-client=\"ca-pub-4089586018074219\" \ndata-ad-slot=\"2087940154\" \ndata-ad-format=\"auto\"><\/ins>\n<script> \n(adsbygoogle = window.adsbygoogle || []).push({}); \n<\/script>\n<\/div>\n<div class=\"publi-apres-le-contenu\" style=\"margin-top: 10px;margin-bottom: 10px;margin-left: auto;margin-right: auto;text-align: center;\" id=\"publi-632654630\"><div class=\"publi-adlabel\">Publicit\u00e9<\/div><script async src=\"\/\/pagead2.googlesyndication.com\/pagead\/js\/adsbygoogle.js?client=ca-pub-4089586018074219\" crossorigin=\"anonymous\"><\/script><ins class=\"adsbygoogle\" style=\"display:block;\" data-ad-client=\"ca-pub-4089586018074219\" \ndata-ad-slot=\"2087940154\" \ndata-ad-format=\"auto\"><\/ins>\n<script> \n(adsbygoogle = window.adsbygoogle || []).push({}); \n<\/script>\n<\/div>","protected":false},"excerpt":{"rendered":"<p>Jusque-l\u00e0 colonel, Souleymane Kand\u00e9 a \u00e9t\u00e9 promu g\u00e9n\u00e9ral \u00e0 l\u2019issue du conseil des ministres de ce 10 octobre. Il a \u00e9t\u00e9 nomm\u00e9 ensuite Chef d\u2019Etat-major g\u00e9n\u00e9ral de l\u2019arm\u00e9e de terre. Le Colonel Kand\u00e9 s\u2019est fait connaitre r\u00e9cemment avec le d\u00e9mant\u00e8lement de toutes les bases de Salif Sadio en Casamance. L\u2019ancien occupant du poste, le g\u00e9n\u00e9ral de brigade Philipe Henry Alfred Dia qui passe au grade de g\u00e9n\u00e9ral de division, est nomm\u00e9 Inspecteur g\u00e9n\u00e9ral des Forces arm\u00e9es en remplacement du g\u00e9n\u00e9ral de division El Hadj Daouda Niang. Ce dernier devient ambassadeur du S\u00e9n\u00e9gal en C\u00f4te d\u2019Ivoire. Il remplace Abdou Khadir Agne.Samba SY.<\/p>\n","protected":false},"author":7,"featured_media":4396,"comment_status":"open","ping_status":"open","sticky":false,"template":"","format":"standard","meta":{"_jetpack_memberships_contains_paid_content":false,"footnotes":""},"categories":[375,1,4],"tags":[1445,1444,457],"class_list":["post-4389","post","type-post","status-publish","format-standard","has-post-thumbnail","hentry","category-actualites","category-non-classe","category-societe","tag-armee-de-terre","tag-gl-kande","tag-nomination","entry","has-media","owp-thumbs-layout-horizontal","owp-btn-normal","owp-tabs-layout-horizontal","has-no-thumbnails","has-product-nav"],"yoast_head":"<!-- This site is optimized with the Yoast SEO plugin v25.5 - https:\/\/yoast.com\/wordpress\/plugins\/seo\/ -->\n<title>nomm\u00e9 G\u00e9n\u00e9ral, le Cl Kand\u00e9 dirige d\u00e9sormais l&#039;Arm\u00e9e de terre. - LE PUBLIC<\/title>\n<meta name=\"robots\" content=\"index, follow, max-snippet:-1, max-image-preview:large, max-video-preview:-1\" \/>\n<link rel=\"canonical\" href=\"https:\/\/www.public.sn\/index.php\/2022\/10\/13\/nomme-general-le-cl-kande-dirige-desormais-larmee-de-terre\/\" \/>\n<meta property=\"og:locale\" content=\"fr_FR\" \/>\n<meta property=\"og:type\" content=\"article\" \/>\n<meta property=\"og:title\" content=\"nomm\u00e9 G\u00e9n\u00e9ral, le Cl Kand\u00e9 dirige d\u00e9sormais l&#039;Arm\u00e9e de terre. - LE PUBLIC\" \/>\n<meta property=\"og:description\" content=\"Jusque-l\u00e0 colonel, Souleymane Kand\u00e9 a \u00e9t\u00e9 promu g\u00e9n\u00e9ral \u00e0 l\u2019issue du conseil des ministres de ce 10 octobre. Il a \u00e9t\u00e9 nomm\u00e9 ensuite Chef d\u2019Etat-major g\u00e9n\u00e9ral de l\u2019arm\u00e9e de terre. Le Colonel Kand\u00e9 s\u2019est fait connaitre r\u00e9cemment avec le d\u00e9mant\u00e8lement de toutes les bases de Salif Sadio en Casamance. L\u2019ancien occupant du poste, le g\u00e9n\u00e9ral de brigade Philipe Henry Alfred Dia qui passe au grade de g\u00e9n\u00e9ral de division, est nomm\u00e9 Inspecteur g\u00e9n\u00e9ral des Forces arm\u00e9es en remplacement du g\u00e9n\u00e9ral de division El Hadj Daouda Niang. Ce dernier devient ambassadeur du S\u00e9n\u00e9gal en C\u00f4te d\u2019Ivoire. Il remplace Abdou Khadir Agne.Samba SY.\" \/>\n<meta property=\"og:url\" content=\"https:\/\/www.public.sn\/index.php\/2022\/10\/13\/nomme-general-le-cl-kande-dirige-desormais-larmee-de-terre\/\" \/>\n<meta property=\"og:site_name\" content=\"LE PUBLIC\" \/>\n<meta property=\"article:published_time\" content=\"2022-10-13T08:37:24+00:00\" \/>\n<meta property=\"article:modified_time\" content=\"2022-10-13T08:37:26+00:00\" \/>\n<meta property=\"og:image\" content=\"https:\/\/www.public.sn\/wp-content\/uploads\/2022\/10\/colonel-kande\u0301.png\" \/>\n\t<meta property=\"og:image:width\" content=\"1024\" \/>\n\t<meta property=\"og:image:height\" content=\"576\" \/>\n\t<meta property=\"og:image:type\" content=\"image\/png\" \/>\n<meta name=\"author\" content=\"LA REDACTION\" \/>\n<meta name=\"twitter:card\" content=\"summary_large_image\" \/>\n<meta name=\"twitter:label1\" content=\"\u00c9crit par\" \/>\n\t<meta name=\"twitter:data1\" content=\"LA REDACTION\" \/>\n\t<meta name=\"twitter:label2\" content=\"Dur\u00e9e de lecture estim\u00e9e\" \/>\n\t<meta name=\"twitter:data2\" content=\"1 minute\" \/>\n<script type=\"application\/ld+json\" class=\"yoast-schema-graph\">{\"@context\":\"https:\/\/schema.org\",\"@graph\":[{\"@type\":\"Article\",\"@id\":\"https:\/\/www.public.sn\/index.php\/2022\/10\/13\/nomme-general-le-cl-kande-dirige-desormais-larmee-de-terre\/#article\",\"isPartOf\":{\"@id\":\"https:\/\/www.public.sn\/index.php\/2022\/10\/13\/nomme-general-le-cl-kande-dirige-desormais-larmee-de-terre\/\"},\"author\":{\"name\":\"LA REDACTION\",\"@id\":\"https:\/\/www.public.sn\/#\/schema\/person\/cb76c8e1b8becc6be61fb5e92d6d0224\"},\"headline\":\"nomm\u00e9 G\u00e9n\u00e9ral, le Cl Kand\u00e9 dirige d\u00e9sormais l&rsquo;Arm\u00e9e de terre.\",\"datePublished\":\"2022-10-13T08:37:24+00:00\",\"dateModified\":\"2022-10-13T08:37:26+00:00\",\"mainEntityOfPage\":{\"@id\":\"https:\/\/www.public.sn\/index.php\/2022\/10\/13\/nomme-general-le-cl-kande-dirige-desormais-larmee-de-terre\/\"},\"wordCount\":140,\"commentCount\":0,\"publisher\":{\"@id\":\"https:\/\/www.public.sn\/#organization\"},\"image\":{\"@id\":\"https:\/\/www.public.sn\/index.php\/2022\/10\/13\/nomme-general-le-cl-kande-dirige-desormais-larmee-de-terre\/#primaryimage\"},\"thumbnailUrl\":\"https:\/\/www.public.sn\/wp-content\/uploads\/2022\/10\/colonel-kande\u0301.png\",\"keywords\":[\"armee de terre\",\"gl kande\",\"Nomination\"],\"articleSection\":[\"ACTUALIT\u00c9S\",\"S\u00c9N\u00c9GAL\",\"SOCIETE\"],\"inLanguage\":\"fr-FR\",\"potentialAction\":[{\"@type\":\"CommentAction\",\"name\":\"Comment\",\"target\":[\"https:\/\/www.public.sn\/index.php\/2022\/10\/13\/nomme-general-le-cl-kande-dirige-desormais-larmee-de-terre\/#respond\"]}]},{\"@type\":\"WebPage\",\"@id\":\"https:\/\/www.public.sn\/index.php\/2022\/10\/13\/nomme-general-le-cl-kande-dirige-desormais-larmee-de-terre\/\",\"url\":\"https:\/\/www.public.sn\/index.php\/2022\/10\/13\/nomme-general-le-cl-kande-dirige-desormais-larmee-de-terre\/\",\"name\":\"nomm\u00e9 G\u00e9n\u00e9ral, le Cl Kand\u00e9 dirige d\u00e9sormais l'Arm\u00e9e de terre. - LE PUBLIC\",\"isPartOf\":{\"@id\":\"https:\/\/www.public.sn\/#website\"},\"primaryImageOfPage\":{\"@id\":\"https:\/\/www.public.sn\/index.php\/2022\/10\/13\/nomme-general-le-cl-kande-dirige-desormais-larmee-de-terre\/#primaryimage\"},\"image\":{\"@id\":\"https:\/\/www.public.sn\/index.php\/2022\/10\/13\/nomme-general-le-cl-kande-dirige-desormais-larmee-de-terre\/#primaryimage\"},\"thumbnailUrl\":\"https:\/\/www.public.sn\/wp-content\/uploads\/2022\/10\/colonel-kande\u0301.png\",\"datePublished\":\"2022-10-13T08:37:24+00:00\",\"dateModified\":\"2022-10-13T08:37:26+00:00\",\"breadcrumb\":{\"@id\":\"https:\/\/www.public.sn\/index.php\/2022\/10\/13\/nomme-general-le-cl-kande-dirige-desormais-larmee-de-terre\/#breadcrumb\"},\"inLanguage\":\"fr-FR\",\"potentialAction\":[{\"@type\":\"ReadAction\",\"target\":[\"https:\/\/www.public.sn\/index.php\/2022\/10\/13\/nomme-general-le-cl-kande-dirige-desormais-larmee-de-terre\/\"]}]},{\"@type\":\"ImageObject\",\"inLanguage\":\"fr-FR\",\"@id\":\"https:\/\/www.public.sn\/index.php\/2022\/10\/13\/nomme-general-le-cl-kande-dirige-desormais-larmee-de-terre\/#primaryimage\",\"url\":\"https:\/\/www.public.sn\/wp-content\/uploads\/2022\/10\/colonel-kande\u0301.png\",\"contentUrl\":\"https:\/\/www.public.sn\/wp-content\/uploads\/2022\/10\/colonel-kande\u0301.png\",\"width\":1024,\"height\":576,\"caption\":\"publicsn\"},{\"@type\":\"BreadcrumbList\",\"@id\":\"https:\/\/www.public.sn\/index.php\/2022\/10\/13\/nomme-general-le-cl-kande-dirige-desormais-larmee-de-terre\/#breadcrumb\",\"itemListElement\":[{\"@type\":\"ListItem\",\"position\":1,\"name\":\"Accueil\",\"item\":\"https:\/\/www.public.sn\/\"},{\"@type\":\"ListItem\",\"position\":2,\"name\":\"nomm\u00e9 G\u00e9n\u00e9ral, le Cl Kand\u00e9 dirige d\u00e9sormais l&rsquo;Arm\u00e9e de terre.\"}]},{\"@type\":\"WebSite\",\"@id\":\"https:\/\/www.public.sn\/#website\",\"url\":\"https:\/\/www.public.sn\/\",\"name\":\"LE PUBLIC\",\"description\":\"\",\"publisher\":{\"@id\":\"https:\/\/www.public.sn\/#organization\"},\"potentialAction\":[{\"@type\":\"SearchAction\",\"target\":{\"@type\":\"EntryPoint\",\"urlTemplate\":\"https:\/\/www.public.sn\/?s={search_term_string}\"},\"query-input\":{\"@type\":\"PropertyValueSpecification\",\"valueRequired\":true,\"valueName\":\"search_term_string\"}}],\"inLanguage\":\"fr-FR\"},{\"@type\":\"Organization\",\"@id\":\"https:\/\/www.public.sn\/#organization\",\"name\":\"LE PUBLIC\",\"url\":\"https:\/\/www.public.sn\/\",\"logo\":{\"@type\":\"ImageObject\",\"inLanguage\":\"fr-FR\",\"@id\":\"https:\/\/www.public.sn\/#\/schema\/logo\/image\/\",\"url\":\"https:\/\/www.public.sn\/wp-content\/uploads\/2024\/05\/cropped-LOGO-PUBLIC.SN_.png\",\"contentUrl\":\"https:\/\/www.public.sn\/wp-content\/uploads\/2024\/05\/cropped-LOGO-PUBLIC.SN_.png\",\"width\":682,\"height\":192,\"caption\":\"LE PUBLIC\"},\"image\":{\"@id\":\"https:\/\/www.public.sn\/#\/schema\/logo\/image\/\"}},{\"@type\":\"Person\",\"@id\":\"https:\/\/www.public.sn\/#\/schema\/person\/cb76c8e1b8becc6be61fb5e92d6d0224\",\"name\":\"LA REDACTION\",\"image\":{\"@type\":\"ImageObject\",\"inLanguage\":\"fr-FR\",\"@id\":\"https:\/\/www.public.sn\/#\/schema\/person\/image\/\",\"url\":\"https:\/\/secure.gravatar.com\/avatar\/2dce5ddd34b8fef0180efe03aa2a9bee7d953856048f9a16b298190a3178407c?s=96&d=mm&r=g\",\"contentUrl\":\"https:\/\/secure.gravatar.com\/avatar\/2dce5ddd34b8fef0180efe03aa2a9bee7d953856048f9a16b298190a3178407c?s=96&d=mm&r=g\",\"caption\":\"LA REDACTION\"},\"url\":\"https:\/\/www.public.sn\/index.php\/author\/editeurpsn\/\"}]}<\/script>\n<!-- \/ Yoast SEO plugin. -->","yoast_head_json":{"title":"nomm\u00e9 G\u00e9n\u00e9ral, le Cl Kand\u00e9 dirige d\u00e9sormais l'Arm\u00e9e de terre. - LE PUBLIC","robots":{"index":"index","follow":"follow","max-snippet":"max-snippet:-1","max-image-preview":"max-image-preview:large","max-video-preview":"max-video-preview:-1"},"canonical":"https:\/\/www.public.sn\/index.php\/2022\/10\/13\/nomme-general-le-cl-kande-dirige-desormais-larmee-de-terre\/","og_locale":"fr_FR","og_type":"article","og_title":"nomm\u00e9 G\u00e9n\u00e9ral, le Cl Kand\u00e9 dirige d\u00e9sormais l'Arm\u00e9e de terre. - LE PUBLIC","og_description":"Jusque-l\u00e0 colonel, Souleymane Kand\u00e9 a \u00e9t\u00e9 promu g\u00e9n\u00e9ral \u00e0 l\u2019issue du conseil des ministres de ce 10 octobre. Il a \u00e9t\u00e9 nomm\u00e9 ensuite Chef d\u2019Etat-major g\u00e9n\u00e9ral de l\u2019arm\u00e9e de terre. Le Colonel Kand\u00e9 s\u2019est fait connaitre r\u00e9cemment avec le d\u00e9mant\u00e8lement de toutes les bases de Salif Sadio en Casamance. L\u2019ancien occupant du poste, le g\u00e9n\u00e9ral de brigade Philipe Henry Alfred Dia qui passe au grade de g\u00e9n\u00e9ral de division, est nomm\u00e9 Inspecteur g\u00e9n\u00e9ral des Forces arm\u00e9es en remplacement du g\u00e9n\u00e9ral de division El Hadj Daouda Niang. Ce dernier devient ambassadeur du S\u00e9n\u00e9gal en C\u00f4te d\u2019Ivoire. Il remplace Abdou Khadir Agne.Samba SY.","og_url":"https:\/\/www.public.sn\/index.php\/2022\/10\/13\/nomme-general-le-cl-kande-dirige-desormais-larmee-de-terre\/","og_site_name":"LE PUBLIC","article_published_time":"2022-10-13T08:37:24+00:00","article_modified_time":"2022-10-13T08:37:26+00:00","og_image":[{"width":1024,"height":576,"url":"https:\/\/www.public.sn\/wp-content\/uploads\/2022\/10\/colonel-kande\u0301.png","type":"image\/png"}],"author":"LA REDACTION","twitter_card":"summary_large_image","twitter_misc":{"\u00c9crit par":"LA REDACTION","Dur\u00e9e de lecture estim\u00e9e":"1 minute"},"schema":{"@context":"https:\/\/schema.org","@graph":[{"@type":"Article","@id":"https:\/\/www.public.sn\/index.php\/2022\/10\/13\/nomme-general-le-cl-kande-dirige-desormais-larmee-de-terre\/#article","isPartOf":{"@id":"https:\/\/www.public.sn\/index.php\/2022\/10\/13\/nomme-general-le-cl-kande-dirige-desormais-larmee-de-terre\/"},"author":{"name":"LA REDACTION","@id":"https:\/\/www.public.sn\/#\/schema\/person\/cb76c8e1b8becc6be61fb5e92d6d0224"},"headline":"nomm\u00e9 G\u00e9n\u00e9ral, le Cl Kand\u00e9 dirige d\u00e9sormais l&rsquo;Arm\u00e9e de terre.","datePublished":"2022-10-13T08:37:24+00:00","dateModified":"2022-10-13T08:37:26+00:00","mainEntityOfPage":{"@id":"https:\/\/www.public.sn\/index.php\/2022\/10\/13\/nomme-general-le-cl-kande-dirige-desormais-larmee-de-terre\/"},"wordCount":140,"commentCount":0,"publisher":{"@id":"https:\/\/www.public.sn\/#organization"},"image":{"@id":"https:\/\/www.public.sn\/index.php\/2022\/10\/13\/nomme-general-le-cl-kande-dirige-desormais-larmee-de-terre\/#primaryimage"},"thumbnailUrl":"https:\/\/www.public.sn\/wp-content\/uploads\/2022\/10\/colonel-kande\u0301.png","keywords":["armee de terre","gl kande","Nomination"],"articleSection":["ACTUALIT\u00c9S","S\u00c9N\u00c9GAL","SOCIETE"],"inLanguage":"fr-FR","potentialAction":[{"@type":"CommentAction","name":"Comment","target":["https:\/\/www.public.sn\/index.php\/2022\/10\/13\/nomme-general-le-cl-kande-dirige-desormais-larmee-de-terre\/#respond"]}]},{"@type":"WebPage","@id":"https:\/\/www.public.sn\/index.php\/2022\/10\/13\/nomme-general-le-cl-kande-dirige-desormais-larmee-de-terre\/","url":"https:\/\/www.public.sn\/index.php\/2022\/10\/13\/nomme-general-le-cl-kande-dirige-desormais-larmee-de-terre\/","name":"nomm\u00e9 G\u00e9n\u00e9ral, le Cl Kand\u00e9 dirige d\u00e9sormais l'Arm\u00e9e de terre. - LE PUBLIC","isPartOf":{"@id":"https:\/\/www.public.sn\/#website"},"primaryImageOfPage":{"@id":"https:\/\/www.public.sn\/index.php\/2022\/10\/13\/nomme-general-le-cl-kande-dirige-desormais-larmee-de-terre\/#primaryimage"},"image":{"@id":"https:\/\/www.public.sn\/index.php\/2022\/10\/13\/nomme-general-le-cl-kande-dirige-desormais-larmee-de-terre\/#primaryimage"},"thumbnailUrl":"https:\/\/www.public.sn\/wp-content\/uploads\/2022\/10\/colonel-kande\u0301.png","datePublished":"2022-10-13T08:37:24+00:00","dateModified":"2022-10-13T08:37:26+00:00","breadcrumb":{"@id":"https:\/\/www.public.sn\/index.php\/2022\/10\/13\/nomme-general-le-cl-kande-dirige-desormais-larmee-de-terre\/#breadcrumb"},"inLanguage":"fr-FR","potentialAction":[{"@type":"ReadAction","target":["https:\/\/www.public.sn\/index.php\/2022\/10\/13\/nomme-general-le-cl-kande-dirige-desormais-larmee-de-terre\/"]}]},{"@type":"ImageObject","inLanguage":"fr-FR","@id":"https:\/\/www.public.sn\/index.php\/2022\/10\/13\/nomme-general-le-cl-kande-dirige-desormais-larmee-de-terre\/#primaryimage","url":"https:\/\/www.public.sn\/wp-content\/uploads\/2022\/10\/colonel-kande\u0301.png","contentUrl":"https:\/\/www.public.sn\/wp-content\/uploads\/2022\/10\/colonel-kande\u0301.png","width":1024,"height":576,"caption":"publicsn"},{"@type":"BreadcrumbList","@id":"https:\/\/www.public.sn\/index.php\/2022\/10\/13\/nomme-general-le-cl-kande-dirige-desormais-larmee-de-terre\/#breadcrumb","itemListElement":[{"@type":"ListItem","position":1,"name":"Accueil","item":"https:\/\/www.public.sn\/"},{"@type":"ListItem","position":2,"name":"nomm\u00e9 G\u00e9n\u00e9ral, le Cl Kand\u00e9 dirige d\u00e9sormais l&rsquo;Arm\u00e9e de terre."}]},{"@type":"WebSite","@id":"https:\/\/www.public.sn\/#website","url":"https:\/\/www.public.sn\/","name":"LE PUBLIC","description":"","publisher":{"@id":"https:\/\/www.public.sn\/#organization"},"potentialAction":[{"@type":"SearchAction","target":{"@type":"EntryPoint","urlTemplate":"https:\/\/www.public.sn\/?s={search_term_string}"},"query-input":{"@type":"PropertyValueSpecification","valueRequired":true,"valueName":"search_term_string"}}],"inLanguage":"fr-FR"},{"@type":"Organization","@id":"https:\/\/www.public.sn\/#organization","name":"LE PUBLIC","url":"https:\/\/www.public.sn\/","logo":{"@type":"ImageObject","inLanguage":"fr-FR","@id":"https:\/\/www.public.sn\/#\/schema\/logo\/image\/","url":"https:\/\/www.public.sn\/wp-content\/uploads\/2024\/05\/cropped-LOGO-PUBLIC.SN_.png","contentUrl":"https:\/\/www.public.sn\/wp-content\/uploads\/2024\/05\/cropped-LOGO-PUBLIC.SN_.png","width":682,"height":192,"caption":"LE PUBLIC"},"image":{"@id":"https:\/\/www.public.sn\/#\/schema\/logo\/image\/"}},{"@type":"Person","@id":"https:\/\/www.public.sn\/#\/schema\/person\/cb76c8e1b8becc6be61fb5e92d6d0224","name":"LA REDACTION","image":{"@type":"ImageObject","inLanguage":"fr-FR","@id":"https:\/\/www.public.sn\/#\/schema\/person\/image\/","url":"https:\/\/secure.gravatar.com\/avatar\/2dce5ddd34b8fef0180efe03aa2a9bee7d953856048f9a16b298190a3178407c?s=96&d=mm&r=g","contentUrl":"https:\/\/secure.gravatar.com\/avatar\/2dce5ddd34b8fef0180efe03aa2a9bee7d953856048f9a16b298190a3178407c?s=96&d=mm&r=g","caption":"LA REDACTION"},"url":"https:\/\/www.public.sn\/index.php\/author\/editeurpsn\/"}]}},"jetpack_featured_media_url":"https:\/\/www.public.sn\/wp-content\/uploads\/2022\/10\/colonel-kande\u0301.png","jetpack_sharing_enabled":true,"_links":{"self":[{"href":"https:\/\/www.public.sn\/index.php\/wp-json\/wp\/v2\/posts\/4389","targetHints":{"allow":["GET"]}}],"collection":[{"href":"https:\/\/www.public.sn\/index.php\/wp-json\/wp\/v2\/posts"}],"about":[{"href":"https:\/\/www.public.sn\/index.php\/wp-json\/wp\/v2\/types\/post"}],"author":[{"embeddable":true,"href":"https:\/\/www.public.sn\/index.php\/wp-json\/wp\/v2\/users\/7"}],"replies":[{"embeddable":true,"href":"https:\/\/www.public.sn\/index.php\/wp-json\/wp\/v2\/comments?post=4389"}],"version-history":[{"count":3,"href":"https:\/\/www.public.sn\/index.php\/wp-json\/wp\/v2\/posts\/4389\/revisions"}],"predecessor-version":[{"id":4398,"href":"https:\/\/www.public.sn\/index.php\/wp-json\/wp\/v2\/posts\/4389\/revisions\/4398"}],"wp:featuredmedia":[{"embeddable":true,"href":"https:\/\/www.public.sn\/index.php\/wp-json\/wp\/v2\/media\/4396"}],"wp:attachment":[{"href":"https:\/\/www.public.sn\/index.php\/wp-json\/wp\/v2\/media?parent=4389"}],"wp:term":[{"taxonomy":"category","embeddable":true,"href":"https:\/\/www.public.sn\/index.php\/wp-json\/wp\/v2\/categories?post=4389"},{"taxonomy":"post_tag","embeddable":true,"href":"https:\/\/www.public.sn\/index.php\/wp-json\/wp\/v2\/tags?post=4389"}],"curies":[{"name":"wp","href":"https:\/\/api.w.org\/{rel}","templated":true}]}}