{"id":443,"date":"2022-08-22T20:31:40","date_gmt":"2022-08-22T18:31:40","guid":{"rendered":"https:\/\/www.public.sn\/?p=443"},"modified":"2022-08-22T20:33:45","modified_gmt":"2022-08-22T18:33:45","slug":"443","status":"publish","type":"post","link":"https:\/\/www.public.sn\/index.php\/2022\/08\/22\/443\/","title":{"rendered":"N\u00e9crologie : Momo Camara, le jeune acteur de la s\u00e9rie Virginie est d\u00e9c\u00e9d\u00e9."},"content":{"rendered":"\n<p><strong><em>Mohamed Camara est d\u00e9c\u00e9d\u00e9 ce matin \u00e0 l&rsquo;h\u00f4pital militaire de Ouakam, informe une source proche de la famille.\u00a0<\/em><\/strong><\/p><div class=\"publi-paragraphe1\" style=\"margin-top: 10px;margin-bottom: 10px;margin-left: auto;margin-right: auto;text-align: center;\" id=\"publi-3378124039\"><div class=\"publi-adlabel\">Publicit\u00e9<\/div><script async src=\"\/\/pagead2.googlesyndication.com\/pagead\/js\/adsbygoogle.js?client=ca-pub-4089586018074219\" crossorigin=\"anonymous\"><\/script><ins class=\"adsbygoogle\" style=\"display:block;\" data-ad-client=\"ca-pub-4089586018074219\" \ndata-ad-slot=\"2087940154\" \ndata-ad-format=\"auto\"><\/ins>\n<script> \n(adsbygoogle = window.adsbygoogle || []).push({}); \n<\/script>\n<\/div>\n\n\n\n<p>Plus connu sous le surnom de Momo, il incarnait un gar\u00e7on consciencieux et studieux dont la principale ambition est d\u2019honorer son p\u00e8re d\u00e9c\u00e9d\u00e9. C\u2019est pour \u00e7a qu\u2019il s\u2019implique autant \u00e0 l\u2019\u00e9cole dans le but de r\u00e9aliser ses r\u00eaves.\u00a0<\/p>\n\n\n\n<p>Momo Camara \u00e9tait une personnalit\u00e9 attachante dont la popularit\u00e9 augmentait aupr\u00e8s du public au fur et \u00e0 mesure de l\u2019avancement des saisons de la s\u00e9rie.\u00a0Il est d\u00e9c\u00e9d\u00e9 ce matin \u00e0 l&rsquo;\u00e2ge de 24 ans \u00e0 l&rsquo;h\u00f4pital de Ouakam o\u00f9 il \u00e9tait hospitalis\u00e9, emport\u00e9 par la dr\u00e9panocytose.\u00a0<\/p>\n\n\n\n<p>La R\u00e9daction Public SN pr\u00e9sente ses sinc\u00e8res condol\u00e9ances les plus attrist\u00e9es \u00e0 sa famille. RIP<\/p>\n\n\n\n<p><em>R\u00e9daction Public SN<\/em><\/p>\n<div class=\"publi-apres-le-contenu\" style=\"margin-top: 10px;margin-bottom: 10px;margin-left: auto;margin-right: auto;text-align: center;\" id=\"publi-2985357082\"><div class=\"publi-adlabel\">Publicit\u00e9<\/div><script async src=\"\/\/pagead2.googlesyndication.com\/pagead\/js\/adsbygoogle.js?client=ca-pub-4089586018074219\" crossorigin=\"anonymous\"><\/script><ins class=\"adsbygoogle\" style=\"display:block;\" data-ad-client=\"ca-pub-4089586018074219\" \ndata-ad-slot=\"2087940154\" \ndata-ad-format=\"auto\"><\/ins>\n<script> \n(adsbygoogle = window.adsbygoogle || []).push({}); \n<\/script>\n<\/div>","protected":false},"excerpt":{"rendered":"<p>Mohamed Camara est d\u00e9c\u00e9d\u00e9 ce matin \u00e0 l&rsquo;h\u00f4pital militaire de Ouakam, informe une source proche de la famille.\u00a0 Plus connu sous le surnom de Momo, il incarnait un gar\u00e7on consciencieux et studieux dont la principale ambition est d\u2019honorer son p\u00e8re d\u00e9c\u00e9d\u00e9. C\u2019est pour \u00e7a qu\u2019il s\u2019implique autant \u00e0 l\u2019\u00e9cole dans le but de r\u00e9aliser ses r\u00eaves.\u00a0 Momo Camara \u00e9tait une personnalit\u00e9 attachante dont la popularit\u00e9 augmentait aupr\u00e8s du public au fur et \u00e0 mesure de l\u2019avancement des saisons de la s\u00e9rie.\u00a0Il est d\u00e9c\u00e9d\u00e9 ce matin \u00e0 l&rsquo;\u00e2ge de 24 ans \u00e0 l&rsquo;h\u00f4pital de Ouakam o\u00f9 il \u00e9tait hospitalis\u00e9, emport\u00e9 par la dr\u00e9panocytose.\u00a0 La R\u00e9daction Public SN pr\u00e9sente ses sinc\u00e8res condol\u00e9ances les plus attrist\u00e9es \u00e0 sa famille. RIP R\u00e9daction Public SN<\/p>\n","protected":false},"author":1,"featured_media":444,"comment_status":"open","ping_status":"open","sticky":false,"template":"","format":"standard","meta":{"_jetpack_memberships_contains_paid_content":false,"footnotes":""},"categories":[1],"tags":[210,212,211],"class_list":["post-443","post","type-post","status-publish","format-standard","has-post-thumbnail","hentry","category-non-classe","tag-momo","tag-ouakam","tag-virginie","entry","has-media","owp-thumbs-layout-horizontal","owp-btn-normal","owp-tabs-layout-horizontal","has-no-thumbnails","has-product-nav"],"yoast_head":"<!-- This site is optimized with the Yoast SEO plugin v25.5 - https:\/\/yoast.com\/wordpress\/plugins\/seo\/ -->\n<title>N\u00e9crologie : Momo Camara, le jeune acteur de la s\u00e9rie Virginie est d\u00e9c\u00e9d\u00e9. - LE PUBLIC<\/title>\n<meta name=\"robots\" content=\"index, follow, max-snippet:-1, max-image-preview:large, max-video-preview:-1\" \/>\n<link rel=\"canonical\" href=\"https:\/\/www.public.sn\/index.php\/2022\/08\/22\/443\/\" \/>\n<meta property=\"og:locale\" content=\"fr_FR\" \/>\n<meta property=\"og:type\" content=\"article\" \/>\n<meta property=\"og:title\" content=\"N\u00e9crologie : Momo Camara, le jeune acteur de la s\u00e9rie Virginie est d\u00e9c\u00e9d\u00e9. - LE PUBLIC\" \/>\n<meta property=\"og:description\" content=\"Mohamed Camara est d\u00e9c\u00e9d\u00e9 ce matin \u00e0 l&rsquo;h\u00f4pital militaire de Ouakam, informe une source proche de la famille.\u00a0 Plus connu sous le surnom de Momo, il incarnait un gar\u00e7on consciencieux et studieux dont la principale ambition est d\u2019honorer son p\u00e8re d\u00e9c\u00e9d\u00e9. C\u2019est pour \u00e7a qu\u2019il s\u2019implique autant \u00e0 l\u2019\u00e9cole dans le but de r\u00e9aliser ses r\u00eaves.\u00a0 Momo Camara \u00e9tait une personnalit\u00e9 attachante dont la popularit\u00e9 augmentait aupr\u00e8s du public au fur et \u00e0 mesure de l\u2019avancement des saisons de la s\u00e9rie.\u00a0Il est d\u00e9c\u00e9d\u00e9 ce matin \u00e0 l&rsquo;\u00e2ge de 24 ans \u00e0 l&rsquo;h\u00f4pital de Ouakam o\u00f9 il \u00e9tait hospitalis\u00e9, emport\u00e9 par la dr\u00e9panocytose.\u00a0 La R\u00e9daction Public SN pr\u00e9sente ses sinc\u00e8res condol\u00e9ances les plus attrist\u00e9es \u00e0 sa famille. RIP R\u00e9daction Public SN\" \/>\n<meta property=\"og:url\" content=\"https:\/\/www.public.sn\/index.php\/2022\/08\/22\/443\/\" \/>\n<meta property=\"og:site_name\" content=\"LE PUBLIC\" \/>\n<meta property=\"article:published_time\" content=\"2022-08-22T18:31:40+00:00\" \/>\n<meta property=\"article:modified_time\" content=\"2022-08-22T18:33:45+00:00\" \/>\n<meta property=\"og:image\" content=\"https:\/\/www.public.sn\/wp-content\/uploads\/2022\/08\/WhatsApp-Image-2022-08-22-at-18.29.28.jpeg\" \/>\n\t<meta property=\"og:image:width\" content=\"1080\" \/>\n\t<meta property=\"og:image:height\" content=\"968\" \/>\n\t<meta property=\"og:image:type\" content=\"image\/jpeg\" \/>\n<meta name=\"author\" content=\"LA REDACTION\" \/>\n<meta name=\"twitter:card\" content=\"summary_large_image\" \/>\n<meta name=\"twitter:label1\" content=\"\u00c9crit par\" \/>\n\t<meta name=\"twitter:data1\" content=\"LA REDACTION\" \/>\n\t<meta name=\"twitter:label2\" content=\"Dur\u00e9e de lecture estim\u00e9e\" \/>\n\t<meta name=\"twitter:data2\" content=\"1 minute\" \/>\n<script type=\"application\/ld+json\" class=\"yoast-schema-graph\">{\"@context\":\"https:\/\/schema.org\",\"@graph\":[{\"@type\":\"Article\",\"@id\":\"https:\/\/www.public.sn\/index.php\/2022\/08\/22\/443\/#article\",\"isPartOf\":{\"@id\":\"https:\/\/www.public.sn\/index.php\/2022\/08\/22\/443\/\"},\"author\":{\"name\":\"LA REDACTION\",\"@id\":\"https:\/\/www.public.sn\/#\/schema\/person\/e3f4a11b037d4203902db148f9bc8d5a\"},\"headline\":\"N\u00e9crologie : Momo Camara, le jeune acteur de la s\u00e9rie Virginie est d\u00e9c\u00e9d\u00e9.\",\"datePublished\":\"2022-08-22T18:31:40+00:00\",\"dateModified\":\"2022-08-22T18:33:45+00:00\",\"mainEntityOfPage\":{\"@id\":\"https:\/\/www.public.sn\/index.php\/2022\/08\/22\/443\/\"},\"wordCount\":158,\"commentCount\":0,\"publisher\":{\"@id\":\"https:\/\/www.public.sn\/#organization\"},\"image\":{\"@id\":\"https:\/\/www.public.sn\/index.php\/2022\/08\/22\/443\/#primaryimage\"},\"thumbnailUrl\":\"https:\/\/www.public.sn\/wp-content\/uploads\/2022\/08\/WhatsApp-Image-2022-08-22-at-18.29.28.jpeg\",\"keywords\":[\"Momo\",\"Ouakam\",\"Virginie\"],\"articleSection\":[\"S\u00c9N\u00c9GAL\"],\"inLanguage\":\"fr-FR\",\"potentialAction\":[{\"@type\":\"CommentAction\",\"name\":\"Comment\",\"target\":[\"https:\/\/www.public.sn\/index.php\/2022\/08\/22\/443\/#respond\"]}]},{\"@type\":\"WebPage\",\"@id\":\"https:\/\/www.public.sn\/index.php\/2022\/08\/22\/443\/\",\"url\":\"https:\/\/www.public.sn\/index.php\/2022\/08\/22\/443\/\",\"name\":\"N\u00e9crologie : Momo Camara, le jeune acteur de la s\u00e9rie Virginie est d\u00e9c\u00e9d\u00e9. - LE PUBLIC\",\"isPartOf\":{\"@id\":\"https:\/\/www.public.sn\/#website\"},\"primaryImageOfPage\":{\"@id\":\"https:\/\/www.public.sn\/index.php\/2022\/08\/22\/443\/#primaryimage\"},\"image\":{\"@id\":\"https:\/\/www.public.sn\/index.php\/2022\/08\/22\/443\/#primaryimage\"},\"thumbnailUrl\":\"https:\/\/www.public.sn\/wp-content\/uploads\/2022\/08\/WhatsApp-Image-2022-08-22-at-18.29.28.jpeg\",\"datePublished\":\"2022-08-22T18:31:40+00:00\",\"dateModified\":\"2022-08-22T18:33:45+00:00\",\"breadcrumb\":{\"@id\":\"https:\/\/www.public.sn\/index.php\/2022\/08\/22\/443\/#breadcrumb\"},\"inLanguage\":\"fr-FR\",\"potentialAction\":[{\"@type\":\"ReadAction\",\"target\":[\"https:\/\/www.public.sn\/index.php\/2022\/08\/22\/443\/\"]}]},{\"@type\":\"ImageObject\",\"inLanguage\":\"fr-FR\",\"@id\":\"https:\/\/www.public.sn\/index.php\/2022\/08\/22\/443\/#primaryimage\",\"url\":\"https:\/\/www.public.sn\/wp-content\/uploads\/2022\/08\/WhatsApp-Image-2022-08-22-at-18.29.28.jpeg\",\"contentUrl\":\"https:\/\/www.public.sn\/wp-content\/uploads\/2022\/08\/WhatsApp-Image-2022-08-22-at-18.29.28.jpeg\",\"width\":1080,\"height\":968},{\"@type\":\"BreadcrumbList\",\"@id\":\"https:\/\/www.public.sn\/index.php\/2022\/08\/22\/443\/#breadcrumb\",\"itemListElement\":[{\"@type\":\"ListItem\",\"position\":1,\"name\":\"Accueil\",\"item\":\"https:\/\/www.public.sn\/\"},{\"@type\":\"ListItem\",\"position\":2,\"name\":\"N\u00e9crologie : Momo Camara, le jeune acteur de la s\u00e9rie Virginie est d\u00e9c\u00e9d\u00e9.\"}]},{\"@type\":\"WebSite\",\"@id\":\"https:\/\/www.public.sn\/#website\",\"url\":\"https:\/\/www.public.sn\/\",\"name\":\"LE PUBLIC\",\"description\":\"\",\"publisher\":{\"@id\":\"https:\/\/www.public.sn\/#organization\"},\"potentialAction\":[{\"@type\":\"SearchAction\",\"target\":{\"@type\":\"EntryPoint\",\"urlTemplate\":\"https:\/\/www.public.sn\/?s={search_term_string}\"},\"query-input\":{\"@type\":\"PropertyValueSpecification\",\"valueRequired\":true,\"valueName\":\"search_term_string\"}}],\"inLanguage\":\"fr-FR\"},{\"@type\":\"Organization\",\"@id\":\"https:\/\/www.public.sn\/#organization\",\"name\":\"LE PUBLIC\",\"url\":\"https:\/\/www.public.sn\/\",\"logo\":{\"@type\":\"ImageObject\",\"inLanguage\":\"fr-FR\",\"@id\":\"https:\/\/www.public.sn\/#\/schema\/logo\/image\/\",\"url\":\"https:\/\/www.public.sn\/wp-content\/uploads\/2024\/05\/cropped-LOGO-PUBLIC.SN_.png\",\"contentUrl\":\"https:\/\/www.public.sn\/wp-content\/uploads\/2024\/05\/cropped-LOGO-PUBLIC.SN_.png\",\"width\":682,\"height\":192,\"caption\":\"LE PUBLIC\"},\"image\":{\"@id\":\"https:\/\/www.public.sn\/#\/schema\/logo\/image\/\"}},{\"@type\":\"Person\",\"@id\":\"https:\/\/www.public.sn\/#\/schema\/person\/e3f4a11b037d4203902db148f9bc8d5a\",\"name\":\"LA REDACTION\",\"image\":{\"@type\":\"ImageObject\",\"inLanguage\":\"fr-FR\",\"@id\":\"https:\/\/www.public.sn\/#\/schema\/person\/image\/\",\"url\":\"https:\/\/secure.gravatar.com\/avatar\/d6c030db45db2883c075085c5d6c6258654a801a93766b49af0b82d4f454e2a5?s=96&d=mm&r=g\",\"contentUrl\":\"https:\/\/secure.gravatar.com\/avatar\/d6c030db45db2883c075085c5d6c6258654a801a93766b49af0b82d4f454e2a5?s=96&d=mm&r=g\",\"caption\":\"LA REDACTION\"},\"sameAs\":[\"http:\/\/www.public.sn\"],\"url\":\"https:\/\/www.public.sn\/index.php\/author\/admin7324\/\"}]}<\/script>\n<!-- \/ Yoast SEO plugin. -->","yoast_head_json":{"title":"N\u00e9crologie : Momo Camara, le jeune acteur de la s\u00e9rie Virginie est d\u00e9c\u00e9d\u00e9. - LE PUBLIC","robots":{"index":"index","follow":"follow","max-snippet":"max-snippet:-1","max-image-preview":"max-image-preview:large","max-video-preview":"max-video-preview:-1"},"canonical":"https:\/\/www.public.sn\/index.php\/2022\/08\/22\/443\/","og_locale":"fr_FR","og_type":"article","og_title":"N\u00e9crologie : Momo Camara, le jeune acteur de la s\u00e9rie Virginie est d\u00e9c\u00e9d\u00e9. - LE PUBLIC","og_description":"Mohamed Camara est d\u00e9c\u00e9d\u00e9 ce matin \u00e0 l&rsquo;h\u00f4pital militaire de Ouakam, informe une source proche de la famille.\u00a0 Plus connu sous le surnom de Momo, il incarnait un gar\u00e7on consciencieux et studieux dont la principale ambition est d\u2019honorer son p\u00e8re d\u00e9c\u00e9d\u00e9. C\u2019est pour \u00e7a qu\u2019il s\u2019implique autant \u00e0 l\u2019\u00e9cole dans le but de r\u00e9aliser ses r\u00eaves.\u00a0 Momo Camara \u00e9tait une personnalit\u00e9 attachante dont la popularit\u00e9 augmentait aupr\u00e8s du public au fur et \u00e0 mesure de l\u2019avancement des saisons de la s\u00e9rie.\u00a0Il est d\u00e9c\u00e9d\u00e9 ce matin \u00e0 l&rsquo;\u00e2ge de 24 ans \u00e0 l&rsquo;h\u00f4pital de Ouakam o\u00f9 il \u00e9tait hospitalis\u00e9, emport\u00e9 par la dr\u00e9panocytose.\u00a0 La R\u00e9daction Public SN pr\u00e9sente ses sinc\u00e8res condol\u00e9ances les plus attrist\u00e9es \u00e0 sa famille. RIP R\u00e9daction Public SN","og_url":"https:\/\/www.public.sn\/index.php\/2022\/08\/22\/443\/","og_site_name":"LE PUBLIC","article_published_time":"2022-08-22T18:31:40+00:00","article_modified_time":"2022-08-22T18:33:45+00:00","og_image":[{"width":1080,"height":968,"url":"https:\/\/www.public.sn\/wp-content\/uploads\/2022\/08\/WhatsApp-Image-2022-08-22-at-18.29.28.jpeg","type":"image\/jpeg"}],"author":"LA REDACTION","twitter_card":"summary_large_image","twitter_misc":{"\u00c9crit par":"LA REDACTION","Dur\u00e9e de lecture estim\u00e9e":"1 minute"},"schema":{"@context":"https:\/\/schema.org","@graph":[{"@type":"Article","@id":"https:\/\/www.public.sn\/index.php\/2022\/08\/22\/443\/#article","isPartOf":{"@id":"https:\/\/www.public.sn\/index.php\/2022\/08\/22\/443\/"},"author":{"name":"LA REDACTION","@id":"https:\/\/www.public.sn\/#\/schema\/person\/e3f4a11b037d4203902db148f9bc8d5a"},"headline":"N\u00e9crologie : Momo Camara, le jeune acteur de la s\u00e9rie Virginie est d\u00e9c\u00e9d\u00e9.","datePublished":"2022-08-22T18:31:40+00:00","dateModified":"2022-08-22T18:33:45+00:00","mainEntityOfPage":{"@id":"https:\/\/www.public.sn\/index.php\/2022\/08\/22\/443\/"},"wordCount":158,"commentCount":0,"publisher":{"@id":"https:\/\/www.public.sn\/#organization"},"image":{"@id":"https:\/\/www.public.sn\/index.php\/2022\/08\/22\/443\/#primaryimage"},"thumbnailUrl":"https:\/\/www.public.sn\/wp-content\/uploads\/2022\/08\/WhatsApp-Image-2022-08-22-at-18.29.28.jpeg","keywords":["Momo","Ouakam","Virginie"],"articleSection":["S\u00c9N\u00c9GAL"],"inLanguage":"fr-FR","potentialAction":[{"@type":"CommentAction","name":"Comment","target":["https:\/\/www.public.sn\/index.php\/2022\/08\/22\/443\/#respond"]}]},{"@type":"WebPage","@id":"https:\/\/www.public.sn\/index.php\/2022\/08\/22\/443\/","url":"https:\/\/www.public.sn\/index.php\/2022\/08\/22\/443\/","name":"N\u00e9crologie : Momo Camara, le jeune acteur de la s\u00e9rie Virginie est d\u00e9c\u00e9d\u00e9. - LE PUBLIC","isPartOf":{"@id":"https:\/\/www.public.sn\/#website"},"primaryImageOfPage":{"@id":"https:\/\/www.public.sn\/index.php\/2022\/08\/22\/443\/#primaryimage"},"image":{"@id":"https:\/\/www.public.sn\/index.php\/2022\/08\/22\/443\/#primaryimage"},"thumbnailUrl":"https:\/\/www.public.sn\/wp-content\/uploads\/2022\/08\/WhatsApp-Image-2022-08-22-at-18.29.28.jpeg","datePublished":"2022-08-22T18:31:40+00:00","dateModified":"2022-08-22T18:33:45+00:00","breadcrumb":{"@id":"https:\/\/www.public.sn\/index.php\/2022\/08\/22\/443\/#breadcrumb"},"inLanguage":"fr-FR","potentialAction":[{"@type":"ReadAction","target":["https:\/\/www.public.sn\/index.php\/2022\/08\/22\/443\/"]}]},{"@type":"ImageObject","inLanguage":"fr-FR","@id":"https:\/\/www.public.sn\/index.php\/2022\/08\/22\/443\/#primaryimage","url":"https:\/\/www.public.sn\/wp-content\/uploads\/2022\/08\/WhatsApp-Image-2022-08-22-at-18.29.28.jpeg","contentUrl":"https:\/\/www.public.sn\/wp-content\/uploads\/2022\/08\/WhatsApp-Image-2022-08-22-at-18.29.28.jpeg","width":1080,"height":968},{"@type":"BreadcrumbList","@id":"https:\/\/www.public.sn\/index.php\/2022\/08\/22\/443\/#breadcrumb","itemListElement":[{"@type":"ListItem","position":1,"name":"Accueil","item":"https:\/\/www.public.sn\/"},{"@type":"ListItem","position":2,"name":"N\u00e9crologie : Momo Camara, le jeune acteur de la s\u00e9rie Virginie est d\u00e9c\u00e9d\u00e9."}]},{"@type":"WebSite","@id":"https:\/\/www.public.sn\/#website","url":"https:\/\/www.public.sn\/","name":"LE PUBLIC","description":"","publisher":{"@id":"https:\/\/www.public.sn\/#organization"},"potentialAction":[{"@type":"SearchAction","target":{"@type":"EntryPoint","urlTemplate":"https:\/\/www.public.sn\/?s={search_term_string}"},"query-input":{"@type":"PropertyValueSpecification","valueRequired":true,"valueName":"search_term_string"}}],"inLanguage":"fr-FR"},{"@type":"Organization","@id":"https:\/\/www.public.sn\/#organization","name":"LE PUBLIC","url":"https:\/\/www.public.sn\/","logo":{"@type":"ImageObject","inLanguage":"fr-FR","@id":"https:\/\/www.public.sn\/#\/schema\/logo\/image\/","url":"https:\/\/www.public.sn\/wp-content\/uploads\/2024\/05\/cropped-LOGO-PUBLIC.SN_.png","contentUrl":"https:\/\/www.public.sn\/wp-content\/uploads\/2024\/05\/cropped-LOGO-PUBLIC.SN_.png","width":682,"height":192,"caption":"LE PUBLIC"},"image":{"@id":"https:\/\/www.public.sn\/#\/schema\/logo\/image\/"}},{"@type":"Person","@id":"https:\/\/www.public.sn\/#\/schema\/person\/e3f4a11b037d4203902db148f9bc8d5a","name":"LA REDACTION","image":{"@type":"ImageObject","inLanguage":"fr-FR","@id":"https:\/\/www.public.sn\/#\/schema\/person\/image\/","url":"https:\/\/secure.gravatar.com\/avatar\/d6c030db45db2883c075085c5d6c6258654a801a93766b49af0b82d4f454e2a5?s=96&d=mm&r=g","contentUrl":"https:\/\/secure.gravatar.com\/avatar\/d6c030db45db2883c075085c5d6c6258654a801a93766b49af0b82d4f454e2a5?s=96&d=mm&r=g","caption":"LA REDACTION"},"sameAs":["http:\/\/www.public.sn"],"url":"https:\/\/www.public.sn\/index.php\/author\/admin7324\/"}]}},"jetpack_featured_media_url":"https:\/\/www.public.sn\/wp-content\/uploads\/2022\/08\/WhatsApp-Image-2022-08-22-at-18.29.28.jpeg","jetpack_sharing_enabled":true,"_links":{"self":[{"href":"https:\/\/www.public.sn\/index.php\/wp-json\/wp\/v2\/posts\/443","targetHints":{"allow":["GET"]}}],"collection":[{"href":"https:\/\/www.public.sn\/index.php\/wp-json\/wp\/v2\/posts"}],"about":[{"href":"https:\/\/www.public.sn\/index.php\/wp-json\/wp\/v2\/types\/post"}],"author":[{"embeddable":true,"href":"https:\/\/www.public.sn\/index.php\/wp-json\/wp\/v2\/users\/1"}],"replies":[{"embeddable":true,"href":"https:\/\/www.public.sn\/index.php\/wp-json\/wp\/v2\/comments?post=443"}],"version-history":[{"count":2,"href":"https:\/\/www.public.sn\/index.php\/wp-json\/wp\/v2\/posts\/443\/revisions"}],"predecessor-version":[{"id":447,"href":"https:\/\/www.public.sn\/index.php\/wp-json\/wp\/v2\/posts\/443\/revisions\/447"}],"wp:featuredmedia":[{"embeddable":true,"href":"https:\/\/www.public.sn\/index.php\/wp-json\/wp\/v2\/media\/444"}],"wp:attachment":[{"href":"https:\/\/www.public.sn\/index.php\/wp-json\/wp\/v2\/media?parent=443"}],"wp:term":[{"taxonomy":"category","embeddable":true,"href":"https:\/\/www.public.sn\/index.php\/wp-json\/wp\/v2\/categories?post=443"},{"taxonomy":"post_tag","embeddable":true,"href":"https:\/\/www.public.sn\/index.php\/wp-json\/wp\/v2\/tags?post=443"}],"curies":[{"name":"wp","href":"https:\/\/api.w.org\/{rel}","templated":true}]}}