{"id":4453,"date":"2022-10-13T16:04:05","date_gmt":"2022-10-13T16:04:05","guid":{"rendered":"https:\/\/www.public.sn\/?p=4453"},"modified":"2022-10-13T16:04:47","modified_gmt":"2022-10-13T16:04:47","slug":"attaque-de-diagaly-un-suspect-arrete","status":"publish","type":"post","link":"https:\/\/www.public.sn\/index.php\/2022\/10\/13\/attaque-de-diagaly-un-suspect-arrete\/","title":{"rendered":"Attaque de Diagaly: Un suspect arr\u00eat\u00e9."},"content":{"rendered":"<p>Elimane Dia avait \u00e9t\u00e9 abattu par une bande de malfaiteurs qui cambriolaient la boutique de son grand fr\u00e8re. Ces derniers avaient fini par s\u2019\u00e9vaporer dans la nature emportant leur butin.<\/p><div class=\"publi-paragraphe1\" style=\"margin-top: 10px;margin-bottom: 10px;margin-left: auto;margin-right: auto;text-align: center;\" id=\"publi-3501994731\"><div class=\"publi-adlabel\">Publicit\u00e9<\/div><script async src=\"\/\/pagead2.googlesyndication.com\/pagead\/js\/adsbygoogle.js?client=ca-pub-4089586018074219\" crossorigin=\"anonymous\"><\/script><ins class=\"adsbygoogle\" style=\"display:block;\" data-ad-client=\"ca-pub-4089586018074219\" \ndata-ad-slot=\"2087940154\" \ndata-ad-format=\"auto\"><\/ins>\n<script> \n(adsbygoogle = window.adsbygoogle || []).push({}); \n<\/script>\n<\/div>\n<p>Mais c\u2019\u00e9tait sans compter sur la perspicacit\u00e9 des enqu\u00eateurs de Lingu\u00e8re. C\u2019est aux environs de 19H30 qu\u2019un jeune homme du nom de A Dia a \u00e9t\u00e9 alpagu\u00e9 chez lui par les gendarmes. Certaines sources rapportent qu\u2019il a \u00e9t\u00e9 cueilli au moment o\u00f9 il s\u2019y attendait le moins. A Dia est connu pour \u00eatre des milieux interlopes.<\/p>\n<p>Dans le d\u00e9partement de Lingu\u00e8re son arrestation est au c\u0153ur des discussions et les motifs de son arrestation restent pour le moment inconnus. Toutefois certaines avancent qu\u2019il fait partie de la bande qui a d\u00e9valis\u00e9 la boutique du commer\u00e7ant et auteur des coups de feu mortels.<\/p>\n<p>Samba SY.<\/p>\n<div class=\"publi-apres-le-contenu\" style=\"margin-top: 10px;margin-bottom: 10px;margin-left: auto;margin-right: auto;text-align: center;\" id=\"publi-3587399324\"><div class=\"publi-adlabel\">Publicit\u00e9<\/div><script async src=\"\/\/pagead2.googlesyndication.com\/pagead\/js\/adsbygoogle.js?client=ca-pub-4089586018074219\" crossorigin=\"anonymous\"><\/script><ins class=\"adsbygoogle\" style=\"display:block;\" data-ad-client=\"ca-pub-4089586018074219\" \ndata-ad-slot=\"2087940154\" \ndata-ad-format=\"auto\"><\/ins>\n<script> \n(adsbygoogle = window.adsbygoogle || []).push({}); \n<\/script>\n<\/div>","protected":false},"excerpt":{"rendered":"<p>Elimane Dia avait \u00e9t\u00e9 abattu par une bande de malfaiteurs qui cambriolaient la boutique de son grand fr\u00e8re. Ces derniers avaient fini par s\u2019\u00e9vaporer dans la nature emportant leur butin. Mais c\u2019\u00e9tait sans compter sur la perspicacit\u00e9 des enqu\u00eateurs de Lingu\u00e8re. C\u2019est aux environs de 19H30 qu\u2019un jeune homme du nom de A Dia a \u00e9t\u00e9 alpagu\u00e9 chez lui par les gendarmes. Certaines sources rapportent qu\u2019il a \u00e9t\u00e9 cueilli au moment o\u00f9 il s\u2019y attendait le moins. A Dia est connu pour \u00eatre des milieux interlopes. Dans le d\u00e9partement de Lingu\u00e8re son arrestation est au c\u0153ur des discussions et les motifs de son arrestation restent pour le moment inconnus. Toutefois certaines avancent qu\u2019il fait partie de la bande qui a d\u00e9valis\u00e9 la boutique du commer\u00e7ant et auteur des coups de feu mortels. Samba SY.<\/p>\n","protected":false},"author":7,"featured_media":4454,"comment_status":"open","ping_status":"open","sticky":false,"template":"","format":"standard","meta":{"_jetpack_memberships_contains_paid_content":false,"footnotes":""},"categories":[375,379],"tags":[1464,1361,1465],"class_list":["post-4453","post","type-post","status-publish","format-standard","has-post-thumbnail","hentry","category-actualites","category-faits-divers","tag-commercant-tue-2","tag-diagaly","tag-suspect-arrete-2","entry","has-media","owp-thumbs-layout-horizontal","owp-btn-normal","owp-tabs-layout-horizontal","has-no-thumbnails","has-product-nav"],"yoast_head":"<!-- This site is optimized with the Yoast SEO plugin v25.5 - https:\/\/yoast.com\/wordpress\/plugins\/seo\/ -->\n<title>Attaque de Diagaly: Un suspect arr\u00eat\u00e9. - LE PUBLIC<\/title>\n<meta name=\"robots\" content=\"index, follow, max-snippet:-1, max-image-preview:large, max-video-preview:-1\" \/>\n<link rel=\"canonical\" href=\"https:\/\/www.public.sn\/index.php\/2022\/10\/13\/attaque-de-diagaly-un-suspect-arrete\/\" \/>\n<meta property=\"og:locale\" content=\"fr_FR\" \/>\n<meta property=\"og:type\" content=\"article\" \/>\n<meta property=\"og:title\" content=\"Attaque de Diagaly: Un suspect arr\u00eat\u00e9. - LE PUBLIC\" \/>\n<meta property=\"og:description\" content=\"Elimane Dia avait \u00e9t\u00e9 abattu par une bande de malfaiteurs qui cambriolaient la boutique de son grand fr\u00e8re. Ces derniers avaient fini par s\u2019\u00e9vaporer dans la nature emportant leur butin. Mais c\u2019\u00e9tait sans compter sur la perspicacit\u00e9 des enqu\u00eateurs de Lingu\u00e8re. C\u2019est aux environs de 19H30 qu\u2019un jeune homme du nom de A Dia a \u00e9t\u00e9 alpagu\u00e9 chez lui par les gendarmes. Certaines sources rapportent qu\u2019il a \u00e9t\u00e9 cueilli au moment o\u00f9 il s\u2019y attendait le moins. A Dia est connu pour \u00eatre des milieux interlopes. Dans le d\u00e9partement de Lingu\u00e8re son arrestation est au c\u0153ur des discussions et les motifs de son arrestation restent pour le moment inconnus. Toutefois certaines avancent qu\u2019il fait partie de la bande qui a d\u00e9valis\u00e9 la boutique du commer\u00e7ant et auteur des coups de feu mortels. Samba SY.\" \/>\n<meta property=\"og:url\" content=\"https:\/\/www.public.sn\/index.php\/2022\/10\/13\/attaque-de-diagaly-un-suspect-arrete\/\" \/>\n<meta property=\"og:site_name\" content=\"LE PUBLIC\" \/>\n<meta property=\"article:published_time\" content=\"2022-10-13T16:04:05+00:00\" \/>\n<meta property=\"article:modified_time\" content=\"2022-10-13T16:04:47+00:00\" \/>\n<meta property=\"og:image\" content=\"https:\/\/www.public.sn\/wp-content\/uploads\/2022\/10\/attaque-1.jpg\" \/>\n\t<meta property=\"og:image:width\" content=\"699\" \/>\n\t<meta property=\"og:image:height\" content=\"383\" \/>\n\t<meta property=\"og:image:type\" content=\"image\/jpeg\" \/>\n<meta name=\"author\" content=\"LA REDACTION\" \/>\n<meta name=\"twitter:card\" content=\"summary_large_image\" \/>\n<meta name=\"twitter:label1\" content=\"\u00c9crit par\" \/>\n\t<meta name=\"twitter:data1\" content=\"LA REDACTION\" \/>\n\t<meta name=\"twitter:label2\" content=\"Dur\u00e9e de lecture estim\u00e9e\" \/>\n\t<meta name=\"twitter:data2\" content=\"1 minute\" \/>\n<script type=\"application\/ld+json\" class=\"yoast-schema-graph\">{\"@context\":\"https:\/\/schema.org\",\"@graph\":[{\"@type\":\"Article\",\"@id\":\"https:\/\/www.public.sn\/index.php\/2022\/10\/13\/attaque-de-diagaly-un-suspect-arrete\/#article\",\"isPartOf\":{\"@id\":\"https:\/\/www.public.sn\/index.php\/2022\/10\/13\/attaque-de-diagaly-un-suspect-arrete\/\"},\"author\":{\"name\":\"LA REDACTION\",\"@id\":\"https:\/\/www.public.sn\/#\/schema\/person\/cb76c8e1b8becc6be61fb5e92d6d0224\"},\"headline\":\"Attaque de Diagaly: Un suspect arr\u00eat\u00e9.\",\"datePublished\":\"2022-10-13T16:04:05+00:00\",\"dateModified\":\"2022-10-13T16:04:47+00:00\",\"mainEntityOfPage\":{\"@id\":\"https:\/\/www.public.sn\/index.php\/2022\/10\/13\/attaque-de-diagaly-un-suspect-arrete\/\"},\"wordCount\":156,\"commentCount\":0,\"publisher\":{\"@id\":\"https:\/\/www.public.sn\/#organization\"},\"image\":{\"@id\":\"https:\/\/www.public.sn\/index.php\/2022\/10\/13\/attaque-de-diagaly-un-suspect-arrete\/#primaryimage\"},\"thumbnailUrl\":\"https:\/\/www.public.sn\/wp-content\/uploads\/2022\/10\/attaque-1.jpg\",\"keywords\":[\"commercant tu\u00e9\",\"diagaly\",\"suspect arr\u00e9t\u00e9\"],\"articleSection\":[\"ACTUALIT\u00c9S\",\"FAITS DIVERS\"],\"inLanguage\":\"fr-FR\",\"potentialAction\":[{\"@type\":\"CommentAction\",\"name\":\"Comment\",\"target\":[\"https:\/\/www.public.sn\/index.php\/2022\/10\/13\/attaque-de-diagaly-un-suspect-arrete\/#respond\"]}]},{\"@type\":\"WebPage\",\"@id\":\"https:\/\/www.public.sn\/index.php\/2022\/10\/13\/attaque-de-diagaly-un-suspect-arrete\/\",\"url\":\"https:\/\/www.public.sn\/index.php\/2022\/10\/13\/attaque-de-diagaly-un-suspect-arrete\/\",\"name\":\"Attaque de Diagaly: Un suspect arr\u00eat\u00e9. - LE PUBLIC\",\"isPartOf\":{\"@id\":\"https:\/\/www.public.sn\/#website\"},\"primaryImageOfPage\":{\"@id\":\"https:\/\/www.public.sn\/index.php\/2022\/10\/13\/attaque-de-diagaly-un-suspect-arrete\/#primaryimage\"},\"image\":{\"@id\":\"https:\/\/www.public.sn\/index.php\/2022\/10\/13\/attaque-de-diagaly-un-suspect-arrete\/#primaryimage\"},\"thumbnailUrl\":\"https:\/\/www.public.sn\/wp-content\/uploads\/2022\/10\/attaque-1.jpg\",\"datePublished\":\"2022-10-13T16:04:05+00:00\",\"dateModified\":\"2022-10-13T16:04:47+00:00\",\"breadcrumb\":{\"@id\":\"https:\/\/www.public.sn\/index.php\/2022\/10\/13\/attaque-de-diagaly-un-suspect-arrete\/#breadcrumb\"},\"inLanguage\":\"fr-FR\",\"potentialAction\":[{\"@type\":\"ReadAction\",\"target\":[\"https:\/\/www.public.sn\/index.php\/2022\/10\/13\/attaque-de-diagaly-un-suspect-arrete\/\"]}]},{\"@type\":\"ImageObject\",\"inLanguage\":\"fr-FR\",\"@id\":\"https:\/\/www.public.sn\/index.php\/2022\/10\/13\/attaque-de-diagaly-un-suspect-arrete\/#primaryimage\",\"url\":\"https:\/\/www.public.sn\/wp-content\/uploads\/2022\/10\/attaque-1.jpg\",\"contentUrl\":\"https:\/\/www.public.sn\/wp-content\/uploads\/2022\/10\/attaque-1.jpg\",\"width\":699,\"height\":383},{\"@type\":\"BreadcrumbList\",\"@id\":\"https:\/\/www.public.sn\/index.php\/2022\/10\/13\/attaque-de-diagaly-un-suspect-arrete\/#breadcrumb\",\"itemListElement\":[{\"@type\":\"ListItem\",\"position\":1,\"name\":\"Accueil\",\"item\":\"https:\/\/www.public.sn\/\"},{\"@type\":\"ListItem\",\"position\":2,\"name\":\"Attaque de Diagaly: Un suspect arr\u00eat\u00e9.\"}]},{\"@type\":\"WebSite\",\"@id\":\"https:\/\/www.public.sn\/#website\",\"url\":\"https:\/\/www.public.sn\/\",\"name\":\"LE PUBLIC\",\"description\":\"\",\"publisher\":{\"@id\":\"https:\/\/www.public.sn\/#organization\"},\"potentialAction\":[{\"@type\":\"SearchAction\",\"target\":{\"@type\":\"EntryPoint\",\"urlTemplate\":\"https:\/\/www.public.sn\/?s={search_term_string}\"},\"query-input\":{\"@type\":\"PropertyValueSpecification\",\"valueRequired\":true,\"valueName\":\"search_term_string\"}}],\"inLanguage\":\"fr-FR\"},{\"@type\":\"Organization\",\"@id\":\"https:\/\/www.public.sn\/#organization\",\"name\":\"LE PUBLIC\",\"url\":\"https:\/\/www.public.sn\/\",\"logo\":{\"@type\":\"ImageObject\",\"inLanguage\":\"fr-FR\",\"@id\":\"https:\/\/www.public.sn\/#\/schema\/logo\/image\/\",\"url\":\"https:\/\/www.public.sn\/wp-content\/uploads\/2024\/05\/cropped-LOGO-PUBLIC.SN_.png\",\"contentUrl\":\"https:\/\/www.public.sn\/wp-content\/uploads\/2024\/05\/cropped-LOGO-PUBLIC.SN_.png\",\"width\":682,\"height\":192,\"caption\":\"LE PUBLIC\"},\"image\":{\"@id\":\"https:\/\/www.public.sn\/#\/schema\/logo\/image\/\"}},{\"@type\":\"Person\",\"@id\":\"https:\/\/www.public.sn\/#\/schema\/person\/cb76c8e1b8becc6be61fb5e92d6d0224\",\"name\":\"LA REDACTION\",\"image\":{\"@type\":\"ImageObject\",\"inLanguage\":\"fr-FR\",\"@id\":\"https:\/\/www.public.sn\/#\/schema\/person\/image\/\",\"url\":\"https:\/\/secure.gravatar.com\/avatar\/2dce5ddd34b8fef0180efe03aa2a9bee7d953856048f9a16b298190a3178407c?s=96&d=mm&r=g\",\"contentUrl\":\"https:\/\/secure.gravatar.com\/avatar\/2dce5ddd34b8fef0180efe03aa2a9bee7d953856048f9a16b298190a3178407c?s=96&d=mm&r=g\",\"caption\":\"LA REDACTION\"},\"url\":\"https:\/\/www.public.sn\/index.php\/author\/editeurpsn\/\"}]}<\/script>\n<!-- \/ Yoast SEO plugin. -->","yoast_head_json":{"title":"Attaque de Diagaly: Un suspect arr\u00eat\u00e9. - LE PUBLIC","robots":{"index":"index","follow":"follow","max-snippet":"max-snippet:-1","max-image-preview":"max-image-preview:large","max-video-preview":"max-video-preview:-1"},"canonical":"https:\/\/www.public.sn\/index.php\/2022\/10\/13\/attaque-de-diagaly-un-suspect-arrete\/","og_locale":"fr_FR","og_type":"article","og_title":"Attaque de Diagaly: Un suspect arr\u00eat\u00e9. - LE PUBLIC","og_description":"Elimane Dia avait \u00e9t\u00e9 abattu par une bande de malfaiteurs qui cambriolaient la boutique de son grand fr\u00e8re. Ces derniers avaient fini par s\u2019\u00e9vaporer dans la nature emportant leur butin. Mais c\u2019\u00e9tait sans compter sur la perspicacit\u00e9 des enqu\u00eateurs de Lingu\u00e8re. C\u2019est aux environs de 19H30 qu\u2019un jeune homme du nom de A Dia a \u00e9t\u00e9 alpagu\u00e9 chez lui par les gendarmes. Certaines sources rapportent qu\u2019il a \u00e9t\u00e9 cueilli au moment o\u00f9 il s\u2019y attendait le moins. A Dia est connu pour \u00eatre des milieux interlopes. Dans le d\u00e9partement de Lingu\u00e8re son arrestation est au c\u0153ur des discussions et les motifs de son arrestation restent pour le moment inconnus. Toutefois certaines avancent qu\u2019il fait partie de la bande qui a d\u00e9valis\u00e9 la boutique du commer\u00e7ant et auteur des coups de feu mortels. Samba SY.","og_url":"https:\/\/www.public.sn\/index.php\/2022\/10\/13\/attaque-de-diagaly-un-suspect-arrete\/","og_site_name":"LE PUBLIC","article_published_time":"2022-10-13T16:04:05+00:00","article_modified_time":"2022-10-13T16:04:47+00:00","og_image":[{"width":699,"height":383,"url":"https:\/\/www.public.sn\/wp-content\/uploads\/2022\/10\/attaque-1.jpg","type":"image\/jpeg"}],"author":"LA REDACTION","twitter_card":"summary_large_image","twitter_misc":{"\u00c9crit par":"LA REDACTION","Dur\u00e9e de lecture estim\u00e9e":"1 minute"},"schema":{"@context":"https:\/\/schema.org","@graph":[{"@type":"Article","@id":"https:\/\/www.public.sn\/index.php\/2022\/10\/13\/attaque-de-diagaly-un-suspect-arrete\/#article","isPartOf":{"@id":"https:\/\/www.public.sn\/index.php\/2022\/10\/13\/attaque-de-diagaly-un-suspect-arrete\/"},"author":{"name":"LA REDACTION","@id":"https:\/\/www.public.sn\/#\/schema\/person\/cb76c8e1b8becc6be61fb5e92d6d0224"},"headline":"Attaque de Diagaly: Un suspect arr\u00eat\u00e9.","datePublished":"2022-10-13T16:04:05+00:00","dateModified":"2022-10-13T16:04:47+00:00","mainEntityOfPage":{"@id":"https:\/\/www.public.sn\/index.php\/2022\/10\/13\/attaque-de-diagaly-un-suspect-arrete\/"},"wordCount":156,"commentCount":0,"publisher":{"@id":"https:\/\/www.public.sn\/#organization"},"image":{"@id":"https:\/\/www.public.sn\/index.php\/2022\/10\/13\/attaque-de-diagaly-un-suspect-arrete\/#primaryimage"},"thumbnailUrl":"https:\/\/www.public.sn\/wp-content\/uploads\/2022\/10\/attaque-1.jpg","keywords":["commercant tu\u00e9","diagaly","suspect arr\u00e9t\u00e9"],"articleSection":["ACTUALIT\u00c9S","FAITS DIVERS"],"inLanguage":"fr-FR","potentialAction":[{"@type":"CommentAction","name":"Comment","target":["https:\/\/www.public.sn\/index.php\/2022\/10\/13\/attaque-de-diagaly-un-suspect-arrete\/#respond"]}]},{"@type":"WebPage","@id":"https:\/\/www.public.sn\/index.php\/2022\/10\/13\/attaque-de-diagaly-un-suspect-arrete\/","url":"https:\/\/www.public.sn\/index.php\/2022\/10\/13\/attaque-de-diagaly-un-suspect-arrete\/","name":"Attaque de Diagaly: Un suspect arr\u00eat\u00e9. - LE PUBLIC","isPartOf":{"@id":"https:\/\/www.public.sn\/#website"},"primaryImageOfPage":{"@id":"https:\/\/www.public.sn\/index.php\/2022\/10\/13\/attaque-de-diagaly-un-suspect-arrete\/#primaryimage"},"image":{"@id":"https:\/\/www.public.sn\/index.php\/2022\/10\/13\/attaque-de-diagaly-un-suspect-arrete\/#primaryimage"},"thumbnailUrl":"https:\/\/www.public.sn\/wp-content\/uploads\/2022\/10\/attaque-1.jpg","datePublished":"2022-10-13T16:04:05+00:00","dateModified":"2022-10-13T16:04:47+00:00","breadcrumb":{"@id":"https:\/\/www.public.sn\/index.php\/2022\/10\/13\/attaque-de-diagaly-un-suspect-arrete\/#breadcrumb"},"inLanguage":"fr-FR","potentialAction":[{"@type":"ReadAction","target":["https:\/\/www.public.sn\/index.php\/2022\/10\/13\/attaque-de-diagaly-un-suspect-arrete\/"]}]},{"@type":"ImageObject","inLanguage":"fr-FR","@id":"https:\/\/www.public.sn\/index.php\/2022\/10\/13\/attaque-de-diagaly-un-suspect-arrete\/#primaryimage","url":"https:\/\/www.public.sn\/wp-content\/uploads\/2022\/10\/attaque-1.jpg","contentUrl":"https:\/\/www.public.sn\/wp-content\/uploads\/2022\/10\/attaque-1.jpg","width":699,"height":383},{"@type":"BreadcrumbList","@id":"https:\/\/www.public.sn\/index.php\/2022\/10\/13\/attaque-de-diagaly-un-suspect-arrete\/#breadcrumb","itemListElement":[{"@type":"ListItem","position":1,"name":"Accueil","item":"https:\/\/www.public.sn\/"},{"@type":"ListItem","position":2,"name":"Attaque de Diagaly: Un suspect arr\u00eat\u00e9."}]},{"@type":"WebSite","@id":"https:\/\/www.public.sn\/#website","url":"https:\/\/www.public.sn\/","name":"LE PUBLIC","description":"","publisher":{"@id":"https:\/\/www.public.sn\/#organization"},"potentialAction":[{"@type":"SearchAction","target":{"@type":"EntryPoint","urlTemplate":"https:\/\/www.public.sn\/?s={search_term_string}"},"query-input":{"@type":"PropertyValueSpecification","valueRequired":true,"valueName":"search_term_string"}}],"inLanguage":"fr-FR"},{"@type":"Organization","@id":"https:\/\/www.public.sn\/#organization","name":"LE PUBLIC","url":"https:\/\/www.public.sn\/","logo":{"@type":"ImageObject","inLanguage":"fr-FR","@id":"https:\/\/www.public.sn\/#\/schema\/logo\/image\/","url":"https:\/\/www.public.sn\/wp-content\/uploads\/2024\/05\/cropped-LOGO-PUBLIC.SN_.png","contentUrl":"https:\/\/www.public.sn\/wp-content\/uploads\/2024\/05\/cropped-LOGO-PUBLIC.SN_.png","width":682,"height":192,"caption":"LE PUBLIC"},"image":{"@id":"https:\/\/www.public.sn\/#\/schema\/logo\/image\/"}},{"@type":"Person","@id":"https:\/\/www.public.sn\/#\/schema\/person\/cb76c8e1b8becc6be61fb5e92d6d0224","name":"LA REDACTION","image":{"@type":"ImageObject","inLanguage":"fr-FR","@id":"https:\/\/www.public.sn\/#\/schema\/person\/image\/","url":"https:\/\/secure.gravatar.com\/avatar\/2dce5ddd34b8fef0180efe03aa2a9bee7d953856048f9a16b298190a3178407c?s=96&d=mm&r=g","contentUrl":"https:\/\/secure.gravatar.com\/avatar\/2dce5ddd34b8fef0180efe03aa2a9bee7d953856048f9a16b298190a3178407c?s=96&d=mm&r=g","caption":"LA REDACTION"},"url":"https:\/\/www.public.sn\/index.php\/author\/editeurpsn\/"}]}},"jetpack_featured_media_url":"https:\/\/www.public.sn\/wp-content\/uploads\/2022\/10\/attaque-1.jpg","jetpack_sharing_enabled":true,"_links":{"self":[{"href":"https:\/\/www.public.sn\/index.php\/wp-json\/wp\/v2\/posts\/4453","targetHints":{"allow":["GET"]}}],"collection":[{"href":"https:\/\/www.public.sn\/index.php\/wp-json\/wp\/v2\/posts"}],"about":[{"href":"https:\/\/www.public.sn\/index.php\/wp-json\/wp\/v2\/types\/post"}],"author":[{"embeddable":true,"href":"https:\/\/www.public.sn\/index.php\/wp-json\/wp\/v2\/users\/7"}],"replies":[{"embeddable":true,"href":"https:\/\/www.public.sn\/index.php\/wp-json\/wp\/v2\/comments?post=4453"}],"version-history":[{"count":2,"href":"https:\/\/www.public.sn\/index.php\/wp-json\/wp\/v2\/posts\/4453\/revisions"}],"predecessor-version":[{"id":4456,"href":"https:\/\/www.public.sn\/index.php\/wp-json\/wp\/v2\/posts\/4453\/revisions\/4456"}],"wp:featuredmedia":[{"embeddable":true,"href":"https:\/\/www.public.sn\/index.php\/wp-json\/wp\/v2\/media\/4454"}],"wp:attachment":[{"href":"https:\/\/www.public.sn\/index.php\/wp-json\/wp\/v2\/media?parent=4453"}],"wp:term":[{"taxonomy":"category","embeddable":true,"href":"https:\/\/www.public.sn\/index.php\/wp-json\/wp\/v2\/categories?post=4453"},{"taxonomy":"post_tag","embeddable":true,"href":"https:\/\/www.public.sn\/index.php\/wp-json\/wp\/v2\/tags?post=4453"}],"curies":[{"name":"wp","href":"https:\/\/api.w.org\/{rel}","templated":true}]}}