{"id":4470,"date":"2022-10-13T18:12:23","date_gmt":"2022-10-13T18:12:23","guid":{"rendered":"https:\/\/www.public.sn\/?p=4470"},"modified":"2022-10-13T18:12:25","modified_gmt":"2022-10-13T18:12:25","slug":"manifestation-devant-lambassade-de-france-2-membres-de-frapp-arretes","status":"publish","type":"post","link":"https:\/\/www.public.sn\/index.php\/2022\/10\/13\/manifestation-devant-lambassade-de-france-2-membres-de-frapp-arretes\/","title":{"rendered":"Manifestation devant l\u2019ambassade de France : 2 membres de FRAPP arr\u00eat\u00e9s."},"content":{"rendered":"\n<p>Aliou G\u00e9rald Keita et Djibril Ba ont \u00e9t\u00e9 interpell\u00e9 par les forces de l\u2019ordre. Aliou G\u00e9rard a \u00e9t\u00e9 arr\u00eat\u00e9 \u00e0 la Place de l\u2019Ind\u00e9pendance alors qu\u2019il entendait d\u00e9poser une lettre de protestation contre \u00ab la politique d\u2019arnaque de l\u2019ambassade de France \u00bb. \n\n<br><br>Pour rappel le FRAP avait re\u00e7u une interdiction de manifester pour les motifs de trouble \u00e0 l\u2019ordre public et entrave \u00e0 la libre circulation des biens et des personnes. Une interdiction du pr\u00e9fet que les membres de FRAPP avaient jug\u00e9 \u00ab ill\u00e9gale \u00bb.<br><br>\n\nSamba SY.<br><\/p><div class=\"publi-paragraphe1\" style=\"margin-top: 10px;margin-bottom: 10px;margin-left: auto;margin-right: auto;text-align: center;\" id=\"publi-1541311311\"><div class=\"publi-adlabel\">Publicit\u00e9<\/div><script async src=\"\/\/pagead2.googlesyndication.com\/pagead\/js\/adsbygoogle.js?client=ca-pub-4089586018074219\" crossorigin=\"anonymous\"><\/script><ins class=\"adsbygoogle\" style=\"display:block;\" data-ad-client=\"ca-pub-4089586018074219\" \ndata-ad-slot=\"2087940154\" \ndata-ad-format=\"auto\"><\/ins>\n<script> \n(adsbygoogle = window.adsbygoogle || []).push({}); \n<\/script>\n<\/div>\n<div class=\"publi-apres-le-contenu\" style=\"margin-top: 10px;margin-bottom: 10px;margin-left: auto;margin-right: auto;text-align: center;\" id=\"publi-3545363977\"><div class=\"publi-adlabel\">Publicit\u00e9<\/div><script async src=\"\/\/pagead2.googlesyndication.com\/pagead\/js\/adsbygoogle.js?client=ca-pub-4089586018074219\" crossorigin=\"anonymous\"><\/script><ins class=\"adsbygoogle\" style=\"display:block;\" data-ad-client=\"ca-pub-4089586018074219\" \ndata-ad-slot=\"2087940154\" \ndata-ad-format=\"auto\"><\/ins>\n<script> \n(adsbygoogle = window.adsbygoogle || []).push({}); \n<\/script>\n<\/div>","protected":false},"excerpt":{"rendered":"<p>Aliou G\u00e9rald Keita et Djibril Ba ont \u00e9t\u00e9 interpell\u00e9 par les forces de l\u2019ordre. Aliou G\u00e9rard a \u00e9t\u00e9 arr\u00eat\u00e9 \u00e0 la Place de l\u2019Ind\u00e9pendance alors qu\u2019il entendait d\u00e9poser une lettre de protestation contre \u00ab la politique d\u2019arnaque de l\u2019ambassade de France \u00bb. Pour rappel le FRAP avait re\u00e7u une interdiction de manifester pour les motifs de trouble \u00e0 l\u2019ordre public et entrave \u00e0 la libre circulation des biens et des personnes. Une interdiction du pr\u00e9fet que les membres de FRAPP avaient jug\u00e9 \u00ab ill\u00e9gale \u00bb. Samba SY.<\/p>\n","protected":false},"author":7,"featured_media":4476,"comment_status":"open","ping_status":"open","sticky":false,"template":"","format":"standard","meta":{"_jetpack_memberships_contains_paid_content":false,"footnotes":""},"categories":[375,1,4,372],"tags":[1473,183,1154],"class_list":["post-4470","post","type-post","status-publish","format-standard","has-post-thumbnail","hentry","category-actualites","category-non-classe","category-societe","category-vedette","tag-arrestation","tag-frapp","tag-manifestation","entry","has-media","owp-thumbs-layout-horizontal","owp-btn-normal","owp-tabs-layout-horizontal","has-no-thumbnails","has-product-nav"],"yoast_head":"<!-- This site is optimized with the Yoast SEO plugin v25.5 - https:\/\/yoast.com\/wordpress\/plugins\/seo\/ -->\n<title>Manifestation devant l\u2019ambassade de France : 2 membres de FRAPP arr\u00eat\u00e9s. - LE PUBLIC<\/title>\n<meta name=\"robots\" content=\"index, follow, max-snippet:-1, max-image-preview:large, max-video-preview:-1\" \/>\n<link rel=\"canonical\" href=\"https:\/\/www.public.sn\/index.php\/2022\/10\/13\/manifestation-devant-lambassade-de-france-2-membres-de-frapp-arretes\/\" \/>\n<meta property=\"og:locale\" content=\"fr_FR\" \/>\n<meta property=\"og:type\" content=\"article\" \/>\n<meta property=\"og:title\" content=\"Manifestation devant l\u2019ambassade de France : 2 membres de FRAPP arr\u00eat\u00e9s. - LE PUBLIC\" \/>\n<meta property=\"og:description\" content=\"Aliou G\u00e9rald Keita et Djibril Ba ont \u00e9t\u00e9 interpell\u00e9 par les forces de l\u2019ordre. Aliou G\u00e9rard a \u00e9t\u00e9 arr\u00eat\u00e9 \u00e0 la Place de l\u2019Ind\u00e9pendance alors qu\u2019il entendait d\u00e9poser une lettre de protestation contre \u00ab la politique d\u2019arnaque de l\u2019ambassade de France \u00bb. Pour rappel le FRAP avait re\u00e7u une interdiction de manifester pour les motifs de trouble \u00e0 l\u2019ordre public et entrave \u00e0 la libre circulation des biens et des personnes. Une interdiction du pr\u00e9fet que les membres de FRAPP avaient jug\u00e9 \u00ab ill\u00e9gale \u00bb. Samba SY.\" \/>\n<meta property=\"og:url\" content=\"https:\/\/www.public.sn\/index.php\/2022\/10\/13\/manifestation-devant-lambassade-de-france-2-membres-de-frapp-arretes\/\" \/>\n<meta property=\"og:site_name\" content=\"LE PUBLIC\" \/>\n<meta property=\"article:published_time\" content=\"2022-10-13T18:12:23+00:00\" \/>\n<meta property=\"article:modified_time\" content=\"2022-10-13T18:12:25+00:00\" \/>\n<meta property=\"og:image\" content=\"https:\/\/www.public.sn\/wp-content\/uploads\/2022\/10\/frapp.webp\" \/>\n\t<meta property=\"og:image:width\" content=\"660\" \/>\n\t<meta property=\"og:image:height\" content=\"330\" \/>\n\t<meta property=\"og:image:type\" content=\"image\/webp\" \/>\n<meta name=\"author\" content=\"LA REDACTION\" \/>\n<meta name=\"twitter:card\" content=\"summary_large_image\" \/>\n<meta name=\"twitter:label1\" content=\"\u00c9crit par\" \/>\n\t<meta name=\"twitter:data1\" content=\"LA REDACTION\" \/>\n\t<meta name=\"twitter:label2\" content=\"Dur\u00e9e de lecture estim\u00e9e\" \/>\n\t<meta name=\"twitter:data2\" content=\"1 minute\" \/>\n<script type=\"application\/ld+json\" class=\"yoast-schema-graph\">{\"@context\":\"https:\/\/schema.org\",\"@graph\":[{\"@type\":\"Article\",\"@id\":\"https:\/\/www.public.sn\/index.php\/2022\/10\/13\/manifestation-devant-lambassade-de-france-2-membres-de-frapp-arretes\/#article\",\"isPartOf\":{\"@id\":\"https:\/\/www.public.sn\/index.php\/2022\/10\/13\/manifestation-devant-lambassade-de-france-2-membres-de-frapp-arretes\/\"},\"author\":{\"name\":\"LA REDACTION\",\"@id\":\"https:\/\/www.public.sn\/#\/schema\/person\/cb76c8e1b8becc6be61fb5e92d6d0224\"},\"headline\":\"Manifestation devant l\u2019ambassade de France : 2 membres de FRAPP arr\u00eat\u00e9s.\",\"datePublished\":\"2022-10-13T18:12:23+00:00\",\"dateModified\":\"2022-10-13T18:12:25+00:00\",\"mainEntityOfPage\":{\"@id\":\"https:\/\/www.public.sn\/index.php\/2022\/10\/13\/manifestation-devant-lambassade-de-france-2-membres-de-frapp-arretes\/\"},\"wordCount\":106,\"commentCount\":0,\"publisher\":{\"@id\":\"https:\/\/www.public.sn\/#organization\"},\"image\":{\"@id\":\"https:\/\/www.public.sn\/index.php\/2022\/10\/13\/manifestation-devant-lambassade-de-france-2-membres-de-frapp-arretes\/#primaryimage\"},\"thumbnailUrl\":\"https:\/\/www.public.sn\/wp-content\/uploads\/2022\/10\/frapp.webp\",\"keywords\":[\"arrestation\",\"Frapp\",\"manifestation\"],\"articleSection\":[\"ACTUALIT\u00c9S\",\"S\u00c9N\u00c9GAL\",\"SOCIETE\",\"VEDETTE\"],\"inLanguage\":\"fr-FR\",\"potentialAction\":[{\"@type\":\"CommentAction\",\"name\":\"Comment\",\"target\":[\"https:\/\/www.public.sn\/index.php\/2022\/10\/13\/manifestation-devant-lambassade-de-france-2-membres-de-frapp-arretes\/#respond\"]}]},{\"@type\":\"WebPage\",\"@id\":\"https:\/\/www.public.sn\/index.php\/2022\/10\/13\/manifestation-devant-lambassade-de-france-2-membres-de-frapp-arretes\/\",\"url\":\"https:\/\/www.public.sn\/index.php\/2022\/10\/13\/manifestation-devant-lambassade-de-france-2-membres-de-frapp-arretes\/\",\"name\":\"Manifestation devant l\u2019ambassade de France : 2 membres de FRAPP arr\u00eat\u00e9s. - LE PUBLIC\",\"isPartOf\":{\"@id\":\"https:\/\/www.public.sn\/#website\"},\"primaryImageOfPage\":{\"@id\":\"https:\/\/www.public.sn\/index.php\/2022\/10\/13\/manifestation-devant-lambassade-de-france-2-membres-de-frapp-arretes\/#primaryimage\"},\"image\":{\"@id\":\"https:\/\/www.public.sn\/index.php\/2022\/10\/13\/manifestation-devant-lambassade-de-france-2-membres-de-frapp-arretes\/#primaryimage\"},\"thumbnailUrl\":\"https:\/\/www.public.sn\/wp-content\/uploads\/2022\/10\/frapp.webp\",\"datePublished\":\"2022-10-13T18:12:23+00:00\",\"dateModified\":\"2022-10-13T18:12:25+00:00\",\"breadcrumb\":{\"@id\":\"https:\/\/www.public.sn\/index.php\/2022\/10\/13\/manifestation-devant-lambassade-de-france-2-membres-de-frapp-arretes\/#breadcrumb\"},\"inLanguage\":\"fr-FR\",\"potentialAction\":[{\"@type\":\"ReadAction\",\"target\":[\"https:\/\/www.public.sn\/index.php\/2022\/10\/13\/manifestation-devant-lambassade-de-france-2-membres-de-frapp-arretes\/\"]}]},{\"@type\":\"ImageObject\",\"inLanguage\":\"fr-FR\",\"@id\":\"https:\/\/www.public.sn\/index.php\/2022\/10\/13\/manifestation-devant-lambassade-de-france-2-membres-de-frapp-arretes\/#primaryimage\",\"url\":\"https:\/\/www.public.sn\/wp-content\/uploads\/2022\/10\/frapp.webp\",\"contentUrl\":\"https:\/\/www.public.sn\/wp-content\/uploads\/2022\/10\/frapp.webp\",\"width\":660,\"height\":330,\"caption\":\"publicsn\"},{\"@type\":\"BreadcrumbList\",\"@id\":\"https:\/\/www.public.sn\/index.php\/2022\/10\/13\/manifestation-devant-lambassade-de-france-2-membres-de-frapp-arretes\/#breadcrumb\",\"itemListElement\":[{\"@type\":\"ListItem\",\"position\":1,\"name\":\"Accueil\",\"item\":\"https:\/\/www.public.sn\/\"},{\"@type\":\"ListItem\",\"position\":2,\"name\":\"Manifestation devant l\u2019ambassade de France : 2 membres de FRAPP arr\u00eat\u00e9s.\"}]},{\"@type\":\"WebSite\",\"@id\":\"https:\/\/www.public.sn\/#website\",\"url\":\"https:\/\/www.public.sn\/\",\"name\":\"LE PUBLIC\",\"description\":\"\",\"publisher\":{\"@id\":\"https:\/\/www.public.sn\/#organization\"},\"potentialAction\":[{\"@type\":\"SearchAction\",\"target\":{\"@type\":\"EntryPoint\",\"urlTemplate\":\"https:\/\/www.public.sn\/?s={search_term_string}\"},\"query-input\":{\"@type\":\"PropertyValueSpecification\",\"valueRequired\":true,\"valueName\":\"search_term_string\"}}],\"inLanguage\":\"fr-FR\"},{\"@type\":\"Organization\",\"@id\":\"https:\/\/www.public.sn\/#organization\",\"name\":\"LE PUBLIC\",\"url\":\"https:\/\/www.public.sn\/\",\"logo\":{\"@type\":\"ImageObject\",\"inLanguage\":\"fr-FR\",\"@id\":\"https:\/\/www.public.sn\/#\/schema\/logo\/image\/\",\"url\":\"https:\/\/www.public.sn\/wp-content\/uploads\/2024\/05\/cropped-LOGO-PUBLIC.SN_.png\",\"contentUrl\":\"https:\/\/www.public.sn\/wp-content\/uploads\/2024\/05\/cropped-LOGO-PUBLIC.SN_.png\",\"width\":682,\"height\":192,\"caption\":\"LE PUBLIC\"},\"image\":{\"@id\":\"https:\/\/www.public.sn\/#\/schema\/logo\/image\/\"}},{\"@type\":\"Person\",\"@id\":\"https:\/\/www.public.sn\/#\/schema\/person\/cb76c8e1b8becc6be61fb5e92d6d0224\",\"name\":\"LA REDACTION\",\"image\":{\"@type\":\"ImageObject\",\"inLanguage\":\"fr-FR\",\"@id\":\"https:\/\/www.public.sn\/#\/schema\/person\/image\/\",\"url\":\"https:\/\/secure.gravatar.com\/avatar\/2dce5ddd34b8fef0180efe03aa2a9bee7d953856048f9a16b298190a3178407c?s=96&d=mm&r=g\",\"contentUrl\":\"https:\/\/secure.gravatar.com\/avatar\/2dce5ddd34b8fef0180efe03aa2a9bee7d953856048f9a16b298190a3178407c?s=96&d=mm&r=g\",\"caption\":\"LA REDACTION\"},\"url\":\"https:\/\/www.public.sn\/index.php\/author\/editeurpsn\/\"}]}<\/script>\n<!-- \/ Yoast SEO plugin. -->","yoast_head_json":{"title":"Manifestation devant l\u2019ambassade de France : 2 membres de FRAPP arr\u00eat\u00e9s. - LE PUBLIC","robots":{"index":"index","follow":"follow","max-snippet":"max-snippet:-1","max-image-preview":"max-image-preview:large","max-video-preview":"max-video-preview:-1"},"canonical":"https:\/\/www.public.sn\/index.php\/2022\/10\/13\/manifestation-devant-lambassade-de-france-2-membres-de-frapp-arretes\/","og_locale":"fr_FR","og_type":"article","og_title":"Manifestation devant l\u2019ambassade de France : 2 membres de FRAPP arr\u00eat\u00e9s. - LE PUBLIC","og_description":"Aliou G\u00e9rald Keita et Djibril Ba ont \u00e9t\u00e9 interpell\u00e9 par les forces de l\u2019ordre. Aliou G\u00e9rard a \u00e9t\u00e9 arr\u00eat\u00e9 \u00e0 la Place de l\u2019Ind\u00e9pendance alors qu\u2019il entendait d\u00e9poser une lettre de protestation contre \u00ab la politique d\u2019arnaque de l\u2019ambassade de France \u00bb. Pour rappel le FRAP avait re\u00e7u une interdiction de manifester pour les motifs de trouble \u00e0 l\u2019ordre public et entrave \u00e0 la libre circulation des biens et des personnes. Une interdiction du pr\u00e9fet que les membres de FRAPP avaient jug\u00e9 \u00ab ill\u00e9gale \u00bb. Samba SY.","og_url":"https:\/\/www.public.sn\/index.php\/2022\/10\/13\/manifestation-devant-lambassade-de-france-2-membres-de-frapp-arretes\/","og_site_name":"LE PUBLIC","article_published_time":"2022-10-13T18:12:23+00:00","article_modified_time":"2022-10-13T18:12:25+00:00","og_image":[{"width":660,"height":330,"url":"https:\/\/www.public.sn\/wp-content\/uploads\/2022\/10\/frapp.webp","type":"image\/webp"}],"author":"LA REDACTION","twitter_card":"summary_large_image","twitter_misc":{"\u00c9crit par":"LA REDACTION","Dur\u00e9e de lecture estim\u00e9e":"1 minute"},"schema":{"@context":"https:\/\/schema.org","@graph":[{"@type":"Article","@id":"https:\/\/www.public.sn\/index.php\/2022\/10\/13\/manifestation-devant-lambassade-de-france-2-membres-de-frapp-arretes\/#article","isPartOf":{"@id":"https:\/\/www.public.sn\/index.php\/2022\/10\/13\/manifestation-devant-lambassade-de-france-2-membres-de-frapp-arretes\/"},"author":{"name":"LA REDACTION","@id":"https:\/\/www.public.sn\/#\/schema\/person\/cb76c8e1b8becc6be61fb5e92d6d0224"},"headline":"Manifestation devant l\u2019ambassade de France : 2 membres de FRAPP arr\u00eat\u00e9s.","datePublished":"2022-10-13T18:12:23+00:00","dateModified":"2022-10-13T18:12:25+00:00","mainEntityOfPage":{"@id":"https:\/\/www.public.sn\/index.php\/2022\/10\/13\/manifestation-devant-lambassade-de-france-2-membres-de-frapp-arretes\/"},"wordCount":106,"commentCount":0,"publisher":{"@id":"https:\/\/www.public.sn\/#organization"},"image":{"@id":"https:\/\/www.public.sn\/index.php\/2022\/10\/13\/manifestation-devant-lambassade-de-france-2-membres-de-frapp-arretes\/#primaryimage"},"thumbnailUrl":"https:\/\/www.public.sn\/wp-content\/uploads\/2022\/10\/frapp.webp","keywords":["arrestation","Frapp","manifestation"],"articleSection":["ACTUALIT\u00c9S","S\u00c9N\u00c9GAL","SOCIETE","VEDETTE"],"inLanguage":"fr-FR","potentialAction":[{"@type":"CommentAction","name":"Comment","target":["https:\/\/www.public.sn\/index.php\/2022\/10\/13\/manifestation-devant-lambassade-de-france-2-membres-de-frapp-arretes\/#respond"]}]},{"@type":"WebPage","@id":"https:\/\/www.public.sn\/index.php\/2022\/10\/13\/manifestation-devant-lambassade-de-france-2-membres-de-frapp-arretes\/","url":"https:\/\/www.public.sn\/index.php\/2022\/10\/13\/manifestation-devant-lambassade-de-france-2-membres-de-frapp-arretes\/","name":"Manifestation devant l\u2019ambassade de France : 2 membres de FRAPP arr\u00eat\u00e9s. - LE PUBLIC","isPartOf":{"@id":"https:\/\/www.public.sn\/#website"},"primaryImageOfPage":{"@id":"https:\/\/www.public.sn\/index.php\/2022\/10\/13\/manifestation-devant-lambassade-de-france-2-membres-de-frapp-arretes\/#primaryimage"},"image":{"@id":"https:\/\/www.public.sn\/index.php\/2022\/10\/13\/manifestation-devant-lambassade-de-france-2-membres-de-frapp-arretes\/#primaryimage"},"thumbnailUrl":"https:\/\/www.public.sn\/wp-content\/uploads\/2022\/10\/frapp.webp","datePublished":"2022-10-13T18:12:23+00:00","dateModified":"2022-10-13T18:12:25+00:00","breadcrumb":{"@id":"https:\/\/www.public.sn\/index.php\/2022\/10\/13\/manifestation-devant-lambassade-de-france-2-membres-de-frapp-arretes\/#breadcrumb"},"inLanguage":"fr-FR","potentialAction":[{"@type":"ReadAction","target":["https:\/\/www.public.sn\/index.php\/2022\/10\/13\/manifestation-devant-lambassade-de-france-2-membres-de-frapp-arretes\/"]}]},{"@type":"ImageObject","inLanguage":"fr-FR","@id":"https:\/\/www.public.sn\/index.php\/2022\/10\/13\/manifestation-devant-lambassade-de-france-2-membres-de-frapp-arretes\/#primaryimage","url":"https:\/\/www.public.sn\/wp-content\/uploads\/2022\/10\/frapp.webp","contentUrl":"https:\/\/www.public.sn\/wp-content\/uploads\/2022\/10\/frapp.webp","width":660,"height":330,"caption":"publicsn"},{"@type":"BreadcrumbList","@id":"https:\/\/www.public.sn\/index.php\/2022\/10\/13\/manifestation-devant-lambassade-de-france-2-membres-de-frapp-arretes\/#breadcrumb","itemListElement":[{"@type":"ListItem","position":1,"name":"Accueil","item":"https:\/\/www.public.sn\/"},{"@type":"ListItem","position":2,"name":"Manifestation devant l\u2019ambassade de France : 2 membres de FRAPP arr\u00eat\u00e9s."}]},{"@type":"WebSite","@id":"https:\/\/www.public.sn\/#website","url":"https:\/\/www.public.sn\/","name":"LE PUBLIC","description":"","publisher":{"@id":"https:\/\/www.public.sn\/#organization"},"potentialAction":[{"@type":"SearchAction","target":{"@type":"EntryPoint","urlTemplate":"https:\/\/www.public.sn\/?s={search_term_string}"},"query-input":{"@type":"PropertyValueSpecification","valueRequired":true,"valueName":"search_term_string"}}],"inLanguage":"fr-FR"},{"@type":"Organization","@id":"https:\/\/www.public.sn\/#organization","name":"LE PUBLIC","url":"https:\/\/www.public.sn\/","logo":{"@type":"ImageObject","inLanguage":"fr-FR","@id":"https:\/\/www.public.sn\/#\/schema\/logo\/image\/","url":"https:\/\/www.public.sn\/wp-content\/uploads\/2024\/05\/cropped-LOGO-PUBLIC.SN_.png","contentUrl":"https:\/\/www.public.sn\/wp-content\/uploads\/2024\/05\/cropped-LOGO-PUBLIC.SN_.png","width":682,"height":192,"caption":"LE PUBLIC"},"image":{"@id":"https:\/\/www.public.sn\/#\/schema\/logo\/image\/"}},{"@type":"Person","@id":"https:\/\/www.public.sn\/#\/schema\/person\/cb76c8e1b8becc6be61fb5e92d6d0224","name":"LA REDACTION","image":{"@type":"ImageObject","inLanguage":"fr-FR","@id":"https:\/\/www.public.sn\/#\/schema\/person\/image\/","url":"https:\/\/secure.gravatar.com\/avatar\/2dce5ddd34b8fef0180efe03aa2a9bee7d953856048f9a16b298190a3178407c?s=96&d=mm&r=g","contentUrl":"https:\/\/secure.gravatar.com\/avatar\/2dce5ddd34b8fef0180efe03aa2a9bee7d953856048f9a16b298190a3178407c?s=96&d=mm&r=g","caption":"LA REDACTION"},"url":"https:\/\/www.public.sn\/index.php\/author\/editeurpsn\/"}]}},"jetpack_featured_media_url":"https:\/\/www.public.sn\/wp-content\/uploads\/2022\/10\/frapp.webp","jetpack_sharing_enabled":true,"_links":{"self":[{"href":"https:\/\/www.public.sn\/index.php\/wp-json\/wp\/v2\/posts\/4470","targetHints":{"allow":["GET"]}}],"collection":[{"href":"https:\/\/www.public.sn\/index.php\/wp-json\/wp\/v2\/posts"}],"about":[{"href":"https:\/\/www.public.sn\/index.php\/wp-json\/wp\/v2\/types\/post"}],"author":[{"embeddable":true,"href":"https:\/\/www.public.sn\/index.php\/wp-json\/wp\/v2\/users\/7"}],"replies":[{"embeddable":true,"href":"https:\/\/www.public.sn\/index.php\/wp-json\/wp\/v2\/comments?post=4470"}],"version-history":[{"count":2,"href":"https:\/\/www.public.sn\/index.php\/wp-json\/wp\/v2\/posts\/4470\/revisions"}],"predecessor-version":[{"id":4477,"href":"https:\/\/www.public.sn\/index.php\/wp-json\/wp\/v2\/posts\/4470\/revisions\/4477"}],"wp:featuredmedia":[{"embeddable":true,"href":"https:\/\/www.public.sn\/index.php\/wp-json\/wp\/v2\/media\/4476"}],"wp:attachment":[{"href":"https:\/\/www.public.sn\/index.php\/wp-json\/wp\/v2\/media?parent=4470"}],"wp:term":[{"taxonomy":"category","embeddable":true,"href":"https:\/\/www.public.sn\/index.php\/wp-json\/wp\/v2\/categories?post=4470"},{"taxonomy":"post_tag","embeddable":true,"href":"https:\/\/www.public.sn\/index.php\/wp-json\/wp\/v2\/tags?post=4470"}],"curies":[{"name":"wp","href":"https:\/\/api.w.org\/{rel}","templated":true}]}}