{"id":4516,"date":"2022-10-14T10:21:27","date_gmt":"2022-10-14T10:21:27","guid":{"rendered":"https:\/\/www.public.sn\/?p=4516"},"modified":"2022-10-14T10:22:04","modified_gmt":"2022-10-14T10:22:04","slug":"apres-le-telephone-et-le-loyer-letat-rationnalise-les-vehicules","status":"publish","type":"post","link":"https:\/\/www.public.sn\/index.php\/2022\/10\/14\/apres-le-telephone-et-le-loyer-letat-rationnalise-les-vehicules\/","title":{"rendered":"Apr\u00e8s le t\u00e9l\u00e9phone et le loyer, l\u2019Etat rationnalise \u2026les v\u00e9hicules."},"content":{"rendered":"\n<p>Apr\u00e8s le Loyer et le t\u00e9l\u00e9phone l\u2019Etat entend rationnaliser ses d\u00e9penses. C\u2019est \u00e0 cet effet qu\u2019une note de la pr\u00e9sidence renseigne qu\u2019une r\u00e9forme en profondeur des modalit\u00e9s d\u2019acquisition, l\u2019utilisation, la r\u00e9paration,  et l\u2019entretien des v\u00e9hicules administratifs, tout en faisant participer le secteur priv\u00e9 \u00e0 la prise en charge  des besoins de d\u00e9placement des structures de l\u2019administration en vue de rationnaliser et d\u2019optimiser son parc automobile.\n\n\n\n Il sera ainsi proc\u00e9d\u00e9 \u00e0 la limitation de la liste des ayants droit aux v\u00e9hicules de fonction, la suppression de la cat\u00e9gorie des v\u00e9hicules de service de l\u2019Etat, la suppression des v\u00e9hicules pour n\u00e9cessit\u00e9 de service. Une attribution qui sera remplac\u00e9 par  une indemnit\u00e9 forfaitaire globale, nette imp\u00f4ts  attribu\u00e9 \u00e0 une liste tr\u00e8s r\u00e9duite des v\u00e9hicules d\u00e9tenus  par cette cat\u00e9gorie de personnels. Une proc\u00e9dure qui va ainsi permettre d\u2019all\u00e9ger  des diff\u00e9rents parcs de l\u2019Etat par des proc\u00e9dures sp\u00e9cifiques de reformes  et de cession des v\u00e9hicules, l\u2019identification et la r\u00e9cup\u00e9ration de tous les v\u00e9hicules de l\u2019Etat d\u00e9tenus en surplus par les agents de l\u2019Etat. , la restitution des parcs automobiles de la pr\u00e9sidence de la R\u00e9publique d\u00e9tenus par des personnes  sans lien avec l\u2019Institution, la transmission de la liste des v\u00e9hicules enregistr\u00e9s au niveau des parcs de la Pr\u00e9sidence et non localis\u00e9s  \u00e0 la gendarmerie nationale en vue de proc\u00e9der \u00e0 l\u2019identification de leurs d\u00e9tenteurs et \u00e0 leur r\u00e9cup\u00e9ration, le cas \u00e9ch\u00e9ant. \n\nCes v\u00e9hicules seront d\u00e9sormais affect\u00e9s aux membres du gouvernement et \u00e0 certains responsables du cabinet pr\u00e9sidentiel affectataires de v\u00e9hicules de fonction.<br><br><br>\n\nSamba SY.<br><\/p><div class=\"publi-paragraphe1\" style=\"margin-top: 10px;margin-bottom: 10px;margin-left: auto;margin-right: auto;text-align: center;\" id=\"publi-3098344109\"><div class=\"publi-adlabel\">Publicit\u00e9<\/div><script async src=\"\/\/pagead2.googlesyndication.com\/pagead\/js\/adsbygoogle.js?client=ca-pub-4089586018074219\" crossorigin=\"anonymous\"><\/script><ins class=\"adsbygoogle\" style=\"display:block;\" data-ad-client=\"ca-pub-4089586018074219\" \ndata-ad-slot=\"2087940154\" \ndata-ad-format=\"auto\"><\/ins>\n<script> \n(adsbygoogle = window.adsbygoogle || []).push({}); \n<\/script>\n<\/div>\n<div class=\"publi-apres-le-contenu\" style=\"margin-top: 10px;margin-bottom: 10px;margin-left: auto;margin-right: auto;text-align: center;\" id=\"publi-275366051\"><div class=\"publi-adlabel\">Publicit\u00e9<\/div><script async src=\"\/\/pagead2.googlesyndication.com\/pagead\/js\/adsbygoogle.js?client=ca-pub-4089586018074219\" crossorigin=\"anonymous\"><\/script><ins class=\"adsbygoogle\" style=\"display:block;\" data-ad-client=\"ca-pub-4089586018074219\" \ndata-ad-slot=\"2087940154\" \ndata-ad-format=\"auto\"><\/ins>\n<script> \n(adsbygoogle = window.adsbygoogle || []).push({}); \n<\/script>\n<\/div>","protected":false},"excerpt":{"rendered":"<p>Apr\u00e8s le Loyer et le t\u00e9l\u00e9phone l\u2019Etat entend rationnaliser ses d\u00e9penses. C\u2019est \u00e0 cet effet qu\u2019une note de la pr\u00e9sidence renseigne qu\u2019une r\u00e9forme en profondeur des modalit\u00e9s d\u2019acquisition, l\u2019utilisation, la r\u00e9paration, et l\u2019entretien des v\u00e9hicules administratifs, tout en faisant participer le secteur priv\u00e9 \u00e0 la prise en charge des besoins de d\u00e9placement des structures de l\u2019administration en vue de rationnaliser et d\u2019optimiser son parc automobile. Il sera ainsi proc\u00e9d\u00e9 \u00e0 la limitation de la liste des ayants droit aux v\u00e9hicules de fonction, la suppression de la cat\u00e9gorie des v\u00e9hicules de service de l\u2019Etat, la suppression des v\u00e9hicules pour n\u00e9cessit\u00e9 de service. Une attribution qui sera remplac\u00e9 par une indemnit\u00e9 forfaitaire globale, nette imp\u00f4ts attribu\u00e9 \u00e0 une liste tr\u00e8s r\u00e9duite des v\u00e9hicules d\u00e9tenus par cette cat\u00e9gorie de personnels. Une proc\u00e9dure qui va ainsi permettre d\u2019all\u00e9ger des diff\u00e9rents parcs de l\u2019Etat par des proc\u00e9dures sp\u00e9cifiques de reformes et de cession des v\u00e9hicules, l\u2019identification et la r\u00e9cup\u00e9ration de tous les v\u00e9hicules de l\u2019Etat d\u00e9tenus en surplus par les agents de l\u2019Etat. , la restitution des parcs automobiles de la pr\u00e9sidence de la R\u00e9publique d\u00e9tenus par des personnes sans lien avec l\u2019Institution, la transmission de la liste des v\u00e9hicules enregistr\u00e9s au niveau des parcs de la Pr\u00e9sidence et non localis\u00e9s \u00e0 la gendarmerie nationale en vue de proc\u00e9der \u00e0 l\u2019identification de leurs d\u00e9tenteurs et \u00e0 leur r\u00e9cup\u00e9ration, le cas \u00e9ch\u00e9ant. Ces v\u00e9hicules seront d\u00e9sormais affect\u00e9s aux membres du gouvernement et \u00e0 certains responsables du cabinet pr\u00e9sidentiel affectataires de v\u00e9hicules de fonction. Samba SY.<\/p>\n","protected":false},"author":7,"featured_media":4525,"comment_status":"open","ping_status":"open","sticky":false,"template":"","format":"standard","meta":{"_jetpack_memberships_contains_paid_content":false,"footnotes":""},"categories":[375,549,1],"tags":[754,1490,1489],"class_list":["post-4516","post","type-post","status-publish","format-standard","has-post-thumbnail","hentry","category-actualites","category-economie","category-non-classe","tag-gouvernement","tag-rationnalisation","tag-vehicule","entry","has-media","owp-thumbs-layout-horizontal","owp-btn-normal","owp-tabs-layout-horizontal","has-no-thumbnails","has-product-nav"],"yoast_head":"<!-- This site is optimized with the Yoast SEO plugin v25.5 - https:\/\/yoast.com\/wordpress\/plugins\/seo\/ -->\n<title>Apr\u00e8s le t\u00e9l\u00e9phone et le loyer, l\u2019Etat rationnalise \u2026les v\u00e9hicules. - LE PUBLIC<\/title>\n<meta name=\"robots\" content=\"index, follow, max-snippet:-1, max-image-preview:large, max-video-preview:-1\" \/>\n<link rel=\"canonical\" href=\"https:\/\/www.public.sn\/index.php\/2022\/10\/14\/apres-le-telephone-et-le-loyer-letat-rationnalise-les-vehicules\/\" \/>\n<meta property=\"og:locale\" content=\"fr_FR\" \/>\n<meta property=\"og:type\" content=\"article\" \/>\n<meta property=\"og:title\" content=\"Apr\u00e8s le t\u00e9l\u00e9phone et le loyer, l\u2019Etat rationnalise \u2026les v\u00e9hicules. - LE PUBLIC\" \/>\n<meta property=\"og:description\" content=\"Apr\u00e8s le Loyer et le t\u00e9l\u00e9phone l\u2019Etat entend rationnaliser ses d\u00e9penses. C\u2019est \u00e0 cet effet qu\u2019une note de la pr\u00e9sidence renseigne qu\u2019une r\u00e9forme en profondeur des modalit\u00e9s d\u2019acquisition, l\u2019utilisation, la r\u00e9paration, et l\u2019entretien des v\u00e9hicules administratifs, tout en faisant participer le secteur priv\u00e9 \u00e0 la prise en charge des besoins de d\u00e9placement des structures de l\u2019administration en vue de rationnaliser et d\u2019optimiser son parc automobile. Il sera ainsi proc\u00e9d\u00e9 \u00e0 la limitation de la liste des ayants droit aux v\u00e9hicules de fonction, la suppression de la cat\u00e9gorie des v\u00e9hicules de service de l\u2019Etat, la suppression des v\u00e9hicules pour n\u00e9cessit\u00e9 de service. Une attribution qui sera remplac\u00e9 par une indemnit\u00e9 forfaitaire globale, nette imp\u00f4ts attribu\u00e9 \u00e0 une liste tr\u00e8s r\u00e9duite des v\u00e9hicules d\u00e9tenus par cette cat\u00e9gorie de personnels. Une proc\u00e9dure qui va ainsi permettre d\u2019all\u00e9ger des diff\u00e9rents parcs de l\u2019Etat par des proc\u00e9dures sp\u00e9cifiques de reformes et de cession des v\u00e9hicules, l\u2019identification et la r\u00e9cup\u00e9ration de tous les v\u00e9hicules de l\u2019Etat d\u00e9tenus en surplus par les agents de l\u2019Etat. , la restitution des parcs automobiles de la pr\u00e9sidence de la R\u00e9publique d\u00e9tenus par des personnes sans lien avec l\u2019Institution, la transmission de la liste des v\u00e9hicules enregistr\u00e9s au niveau des parcs de la Pr\u00e9sidence et non localis\u00e9s \u00e0 la gendarmerie nationale en vue de proc\u00e9der \u00e0 l\u2019identification de leurs d\u00e9tenteurs et \u00e0 leur r\u00e9cup\u00e9ration, le cas \u00e9ch\u00e9ant. Ces v\u00e9hicules seront d\u00e9sormais affect\u00e9s aux membres du gouvernement et \u00e0 certains responsables du cabinet pr\u00e9sidentiel affectataires de v\u00e9hicules de fonction. Samba SY.\" \/>\n<meta property=\"og:url\" content=\"https:\/\/www.public.sn\/index.php\/2022\/10\/14\/apres-le-telephone-et-le-loyer-letat-rationnalise-les-vehicules\/\" \/>\n<meta property=\"og:site_name\" content=\"LE PUBLIC\" \/>\n<meta property=\"article:published_time\" content=\"2022-10-14T10:21:27+00:00\" \/>\n<meta property=\"article:modified_time\" content=\"2022-10-14T10:22:04+00:00\" \/>\n<meta property=\"og:image\" content=\"https:\/\/www.public.sn\/wp-content\/uploads\/2022\/10\/voiture.jpg\" \/>\n\t<meta property=\"og:image:width\" content=\"300\" \/>\n\t<meta property=\"og:image:height\" content=\"168\" \/>\n\t<meta property=\"og:image:type\" content=\"image\/jpeg\" \/>\n<meta name=\"author\" content=\"LA REDACTION\" \/>\n<meta name=\"twitter:card\" content=\"summary_large_image\" \/>\n<meta name=\"twitter:label1\" content=\"\u00c9crit par\" \/>\n\t<meta name=\"twitter:data1\" content=\"LA REDACTION\" \/>\n\t<meta name=\"twitter:label2\" content=\"Dur\u00e9e de lecture estim\u00e9e\" \/>\n\t<meta name=\"twitter:data2\" content=\"2 minutes\" \/>\n<script type=\"application\/ld+json\" class=\"yoast-schema-graph\">{\"@context\":\"https:\/\/schema.org\",\"@graph\":[{\"@type\":\"Article\",\"@id\":\"https:\/\/www.public.sn\/index.php\/2022\/10\/14\/apres-le-telephone-et-le-loyer-letat-rationnalise-les-vehicules\/#article\",\"isPartOf\":{\"@id\":\"https:\/\/www.public.sn\/index.php\/2022\/10\/14\/apres-le-telephone-et-le-loyer-letat-rationnalise-les-vehicules\/\"},\"author\":{\"name\":\"LA REDACTION\",\"@id\":\"https:\/\/www.public.sn\/#\/schema\/person\/cb76c8e1b8becc6be61fb5e92d6d0224\"},\"headline\":\"Apr\u00e8s le t\u00e9l\u00e9phone et le loyer, l\u2019Etat rationnalise \u2026les v\u00e9hicules.\",\"datePublished\":\"2022-10-14T10:21:27+00:00\",\"dateModified\":\"2022-10-14T10:22:04+00:00\",\"mainEntityOfPage\":{\"@id\":\"https:\/\/www.public.sn\/index.php\/2022\/10\/14\/apres-le-telephone-et-le-loyer-letat-rationnalise-les-vehicules\/\"},\"wordCount\":321,\"commentCount\":0,\"publisher\":{\"@id\":\"https:\/\/www.public.sn\/#organization\"},\"image\":{\"@id\":\"https:\/\/www.public.sn\/index.php\/2022\/10\/14\/apres-le-telephone-et-le-loyer-letat-rationnalise-les-vehicules\/#primaryimage\"},\"thumbnailUrl\":\"https:\/\/www.public.sn\/wp-content\/uploads\/2022\/10\/voiture.jpg\",\"keywords\":[\"Gouvernement\",\"rationnalisation\",\"vehicule\"],\"articleSection\":[\"ACTUALIT\u00c9S\",\"\u00c9CONOMIE\",\"S\u00c9N\u00c9GAL\"],\"inLanguage\":\"fr-FR\",\"potentialAction\":[{\"@type\":\"CommentAction\",\"name\":\"Comment\",\"target\":[\"https:\/\/www.public.sn\/index.php\/2022\/10\/14\/apres-le-telephone-et-le-loyer-letat-rationnalise-les-vehicules\/#respond\"]}]},{\"@type\":\"WebPage\",\"@id\":\"https:\/\/www.public.sn\/index.php\/2022\/10\/14\/apres-le-telephone-et-le-loyer-letat-rationnalise-les-vehicules\/\",\"url\":\"https:\/\/www.public.sn\/index.php\/2022\/10\/14\/apres-le-telephone-et-le-loyer-letat-rationnalise-les-vehicules\/\",\"name\":\"Apr\u00e8s le t\u00e9l\u00e9phone et le loyer, l\u2019Etat rationnalise \u2026les v\u00e9hicules. - LE PUBLIC\",\"isPartOf\":{\"@id\":\"https:\/\/www.public.sn\/#website\"},\"primaryImageOfPage\":{\"@id\":\"https:\/\/www.public.sn\/index.php\/2022\/10\/14\/apres-le-telephone-et-le-loyer-letat-rationnalise-les-vehicules\/#primaryimage\"},\"image\":{\"@id\":\"https:\/\/www.public.sn\/index.php\/2022\/10\/14\/apres-le-telephone-et-le-loyer-letat-rationnalise-les-vehicules\/#primaryimage\"},\"thumbnailUrl\":\"https:\/\/www.public.sn\/wp-content\/uploads\/2022\/10\/voiture.jpg\",\"datePublished\":\"2022-10-14T10:21:27+00:00\",\"dateModified\":\"2022-10-14T10:22:04+00:00\",\"breadcrumb\":{\"@id\":\"https:\/\/www.public.sn\/index.php\/2022\/10\/14\/apres-le-telephone-et-le-loyer-letat-rationnalise-les-vehicules\/#breadcrumb\"},\"inLanguage\":\"fr-FR\",\"potentialAction\":[{\"@type\":\"ReadAction\",\"target\":[\"https:\/\/www.public.sn\/index.php\/2022\/10\/14\/apres-le-telephone-et-le-loyer-letat-rationnalise-les-vehicules\/\"]}]},{\"@type\":\"ImageObject\",\"inLanguage\":\"fr-FR\",\"@id\":\"https:\/\/www.public.sn\/index.php\/2022\/10\/14\/apres-le-telephone-et-le-loyer-letat-rationnalise-les-vehicules\/#primaryimage\",\"url\":\"https:\/\/www.public.sn\/wp-content\/uploads\/2022\/10\/voiture.jpg\",\"contentUrl\":\"https:\/\/www.public.sn\/wp-content\/uploads\/2022\/10\/voiture.jpg\",\"width\":300,\"height\":168,\"caption\":\"publicsn\"},{\"@type\":\"BreadcrumbList\",\"@id\":\"https:\/\/www.public.sn\/index.php\/2022\/10\/14\/apres-le-telephone-et-le-loyer-letat-rationnalise-les-vehicules\/#breadcrumb\",\"itemListElement\":[{\"@type\":\"ListItem\",\"position\":1,\"name\":\"Accueil\",\"item\":\"https:\/\/www.public.sn\/\"},{\"@type\":\"ListItem\",\"position\":2,\"name\":\"Apr\u00e8s le t\u00e9l\u00e9phone et le loyer, l\u2019Etat rationnalise \u2026les v\u00e9hicules.\"}]},{\"@type\":\"WebSite\",\"@id\":\"https:\/\/www.public.sn\/#website\",\"url\":\"https:\/\/www.public.sn\/\",\"name\":\"LE PUBLIC\",\"description\":\"\",\"publisher\":{\"@id\":\"https:\/\/www.public.sn\/#organization\"},\"potentialAction\":[{\"@type\":\"SearchAction\",\"target\":{\"@type\":\"EntryPoint\",\"urlTemplate\":\"https:\/\/www.public.sn\/?s={search_term_string}\"},\"query-input\":{\"@type\":\"PropertyValueSpecification\",\"valueRequired\":true,\"valueName\":\"search_term_string\"}}],\"inLanguage\":\"fr-FR\"},{\"@type\":\"Organization\",\"@id\":\"https:\/\/www.public.sn\/#organization\",\"name\":\"LE PUBLIC\",\"url\":\"https:\/\/www.public.sn\/\",\"logo\":{\"@type\":\"ImageObject\",\"inLanguage\":\"fr-FR\",\"@id\":\"https:\/\/www.public.sn\/#\/schema\/logo\/image\/\",\"url\":\"https:\/\/www.public.sn\/wp-content\/uploads\/2024\/05\/cropped-LOGO-PUBLIC.SN_.png\",\"contentUrl\":\"https:\/\/www.public.sn\/wp-content\/uploads\/2024\/05\/cropped-LOGO-PUBLIC.SN_.png\",\"width\":682,\"height\":192,\"caption\":\"LE PUBLIC\"},\"image\":{\"@id\":\"https:\/\/www.public.sn\/#\/schema\/logo\/image\/\"}},{\"@type\":\"Person\",\"@id\":\"https:\/\/www.public.sn\/#\/schema\/person\/cb76c8e1b8becc6be61fb5e92d6d0224\",\"name\":\"LA REDACTION\",\"image\":{\"@type\":\"ImageObject\",\"inLanguage\":\"fr-FR\",\"@id\":\"https:\/\/www.public.sn\/#\/schema\/person\/image\/\",\"url\":\"https:\/\/secure.gravatar.com\/avatar\/2dce5ddd34b8fef0180efe03aa2a9bee7d953856048f9a16b298190a3178407c?s=96&d=mm&r=g\",\"contentUrl\":\"https:\/\/secure.gravatar.com\/avatar\/2dce5ddd34b8fef0180efe03aa2a9bee7d953856048f9a16b298190a3178407c?s=96&d=mm&r=g\",\"caption\":\"LA REDACTION\"},\"url\":\"https:\/\/www.public.sn\/index.php\/author\/editeurpsn\/\"}]}<\/script>\n<!-- \/ Yoast SEO plugin. -->","yoast_head_json":{"title":"Apr\u00e8s le t\u00e9l\u00e9phone et le loyer, l\u2019Etat rationnalise \u2026les v\u00e9hicules. - LE PUBLIC","robots":{"index":"index","follow":"follow","max-snippet":"max-snippet:-1","max-image-preview":"max-image-preview:large","max-video-preview":"max-video-preview:-1"},"canonical":"https:\/\/www.public.sn\/index.php\/2022\/10\/14\/apres-le-telephone-et-le-loyer-letat-rationnalise-les-vehicules\/","og_locale":"fr_FR","og_type":"article","og_title":"Apr\u00e8s le t\u00e9l\u00e9phone et le loyer, l\u2019Etat rationnalise \u2026les v\u00e9hicules. - LE PUBLIC","og_description":"Apr\u00e8s le Loyer et le t\u00e9l\u00e9phone l\u2019Etat entend rationnaliser ses d\u00e9penses. C\u2019est \u00e0 cet effet qu\u2019une note de la pr\u00e9sidence renseigne qu\u2019une r\u00e9forme en profondeur des modalit\u00e9s d\u2019acquisition, l\u2019utilisation, la r\u00e9paration, et l\u2019entretien des v\u00e9hicules administratifs, tout en faisant participer le secteur priv\u00e9 \u00e0 la prise en charge des besoins de d\u00e9placement des structures de l\u2019administration en vue de rationnaliser et d\u2019optimiser son parc automobile. Il sera ainsi proc\u00e9d\u00e9 \u00e0 la limitation de la liste des ayants droit aux v\u00e9hicules de fonction, la suppression de la cat\u00e9gorie des v\u00e9hicules de service de l\u2019Etat, la suppression des v\u00e9hicules pour n\u00e9cessit\u00e9 de service. Une attribution qui sera remplac\u00e9 par une indemnit\u00e9 forfaitaire globale, nette imp\u00f4ts attribu\u00e9 \u00e0 une liste tr\u00e8s r\u00e9duite des v\u00e9hicules d\u00e9tenus par cette cat\u00e9gorie de personnels. Une proc\u00e9dure qui va ainsi permettre d\u2019all\u00e9ger des diff\u00e9rents parcs de l\u2019Etat par des proc\u00e9dures sp\u00e9cifiques de reformes et de cession des v\u00e9hicules, l\u2019identification et la r\u00e9cup\u00e9ration de tous les v\u00e9hicules de l\u2019Etat d\u00e9tenus en surplus par les agents de l\u2019Etat. , la restitution des parcs automobiles de la pr\u00e9sidence de la R\u00e9publique d\u00e9tenus par des personnes sans lien avec l\u2019Institution, la transmission de la liste des v\u00e9hicules enregistr\u00e9s au niveau des parcs de la Pr\u00e9sidence et non localis\u00e9s \u00e0 la gendarmerie nationale en vue de proc\u00e9der \u00e0 l\u2019identification de leurs d\u00e9tenteurs et \u00e0 leur r\u00e9cup\u00e9ration, le cas \u00e9ch\u00e9ant. Ces v\u00e9hicules seront d\u00e9sormais affect\u00e9s aux membres du gouvernement et \u00e0 certains responsables du cabinet pr\u00e9sidentiel affectataires de v\u00e9hicules de fonction. Samba SY.","og_url":"https:\/\/www.public.sn\/index.php\/2022\/10\/14\/apres-le-telephone-et-le-loyer-letat-rationnalise-les-vehicules\/","og_site_name":"LE PUBLIC","article_published_time":"2022-10-14T10:21:27+00:00","article_modified_time":"2022-10-14T10:22:04+00:00","og_image":[{"width":300,"height":168,"url":"https:\/\/www.public.sn\/wp-content\/uploads\/2022\/10\/voiture.jpg","type":"image\/jpeg"}],"author":"LA REDACTION","twitter_card":"summary_large_image","twitter_misc":{"\u00c9crit par":"LA REDACTION","Dur\u00e9e de lecture estim\u00e9e":"2 minutes"},"schema":{"@context":"https:\/\/schema.org","@graph":[{"@type":"Article","@id":"https:\/\/www.public.sn\/index.php\/2022\/10\/14\/apres-le-telephone-et-le-loyer-letat-rationnalise-les-vehicules\/#article","isPartOf":{"@id":"https:\/\/www.public.sn\/index.php\/2022\/10\/14\/apres-le-telephone-et-le-loyer-letat-rationnalise-les-vehicules\/"},"author":{"name":"LA REDACTION","@id":"https:\/\/www.public.sn\/#\/schema\/person\/cb76c8e1b8becc6be61fb5e92d6d0224"},"headline":"Apr\u00e8s le t\u00e9l\u00e9phone et le loyer, l\u2019Etat rationnalise \u2026les v\u00e9hicules.","datePublished":"2022-10-14T10:21:27+00:00","dateModified":"2022-10-14T10:22:04+00:00","mainEntityOfPage":{"@id":"https:\/\/www.public.sn\/index.php\/2022\/10\/14\/apres-le-telephone-et-le-loyer-letat-rationnalise-les-vehicules\/"},"wordCount":321,"commentCount":0,"publisher":{"@id":"https:\/\/www.public.sn\/#organization"},"image":{"@id":"https:\/\/www.public.sn\/index.php\/2022\/10\/14\/apres-le-telephone-et-le-loyer-letat-rationnalise-les-vehicules\/#primaryimage"},"thumbnailUrl":"https:\/\/www.public.sn\/wp-content\/uploads\/2022\/10\/voiture.jpg","keywords":["Gouvernement","rationnalisation","vehicule"],"articleSection":["ACTUALIT\u00c9S","\u00c9CONOMIE","S\u00c9N\u00c9GAL"],"inLanguage":"fr-FR","potentialAction":[{"@type":"CommentAction","name":"Comment","target":["https:\/\/www.public.sn\/index.php\/2022\/10\/14\/apres-le-telephone-et-le-loyer-letat-rationnalise-les-vehicules\/#respond"]}]},{"@type":"WebPage","@id":"https:\/\/www.public.sn\/index.php\/2022\/10\/14\/apres-le-telephone-et-le-loyer-letat-rationnalise-les-vehicules\/","url":"https:\/\/www.public.sn\/index.php\/2022\/10\/14\/apres-le-telephone-et-le-loyer-letat-rationnalise-les-vehicules\/","name":"Apr\u00e8s le t\u00e9l\u00e9phone et le loyer, l\u2019Etat rationnalise \u2026les v\u00e9hicules. - LE PUBLIC","isPartOf":{"@id":"https:\/\/www.public.sn\/#website"},"primaryImageOfPage":{"@id":"https:\/\/www.public.sn\/index.php\/2022\/10\/14\/apres-le-telephone-et-le-loyer-letat-rationnalise-les-vehicules\/#primaryimage"},"image":{"@id":"https:\/\/www.public.sn\/index.php\/2022\/10\/14\/apres-le-telephone-et-le-loyer-letat-rationnalise-les-vehicules\/#primaryimage"},"thumbnailUrl":"https:\/\/www.public.sn\/wp-content\/uploads\/2022\/10\/voiture.jpg","datePublished":"2022-10-14T10:21:27+00:00","dateModified":"2022-10-14T10:22:04+00:00","breadcrumb":{"@id":"https:\/\/www.public.sn\/index.php\/2022\/10\/14\/apres-le-telephone-et-le-loyer-letat-rationnalise-les-vehicules\/#breadcrumb"},"inLanguage":"fr-FR","potentialAction":[{"@type":"ReadAction","target":["https:\/\/www.public.sn\/index.php\/2022\/10\/14\/apres-le-telephone-et-le-loyer-letat-rationnalise-les-vehicules\/"]}]},{"@type":"ImageObject","inLanguage":"fr-FR","@id":"https:\/\/www.public.sn\/index.php\/2022\/10\/14\/apres-le-telephone-et-le-loyer-letat-rationnalise-les-vehicules\/#primaryimage","url":"https:\/\/www.public.sn\/wp-content\/uploads\/2022\/10\/voiture.jpg","contentUrl":"https:\/\/www.public.sn\/wp-content\/uploads\/2022\/10\/voiture.jpg","width":300,"height":168,"caption":"publicsn"},{"@type":"BreadcrumbList","@id":"https:\/\/www.public.sn\/index.php\/2022\/10\/14\/apres-le-telephone-et-le-loyer-letat-rationnalise-les-vehicules\/#breadcrumb","itemListElement":[{"@type":"ListItem","position":1,"name":"Accueil","item":"https:\/\/www.public.sn\/"},{"@type":"ListItem","position":2,"name":"Apr\u00e8s le t\u00e9l\u00e9phone et le loyer, l\u2019Etat rationnalise \u2026les v\u00e9hicules."}]},{"@type":"WebSite","@id":"https:\/\/www.public.sn\/#website","url":"https:\/\/www.public.sn\/","name":"LE PUBLIC","description":"","publisher":{"@id":"https:\/\/www.public.sn\/#organization"},"potentialAction":[{"@type":"SearchAction","target":{"@type":"EntryPoint","urlTemplate":"https:\/\/www.public.sn\/?s={search_term_string}"},"query-input":{"@type":"PropertyValueSpecification","valueRequired":true,"valueName":"search_term_string"}}],"inLanguage":"fr-FR"},{"@type":"Organization","@id":"https:\/\/www.public.sn\/#organization","name":"LE PUBLIC","url":"https:\/\/www.public.sn\/","logo":{"@type":"ImageObject","inLanguage":"fr-FR","@id":"https:\/\/www.public.sn\/#\/schema\/logo\/image\/","url":"https:\/\/www.public.sn\/wp-content\/uploads\/2024\/05\/cropped-LOGO-PUBLIC.SN_.png","contentUrl":"https:\/\/www.public.sn\/wp-content\/uploads\/2024\/05\/cropped-LOGO-PUBLIC.SN_.png","width":682,"height":192,"caption":"LE PUBLIC"},"image":{"@id":"https:\/\/www.public.sn\/#\/schema\/logo\/image\/"}},{"@type":"Person","@id":"https:\/\/www.public.sn\/#\/schema\/person\/cb76c8e1b8becc6be61fb5e92d6d0224","name":"LA REDACTION","image":{"@type":"ImageObject","inLanguage":"fr-FR","@id":"https:\/\/www.public.sn\/#\/schema\/person\/image\/","url":"https:\/\/secure.gravatar.com\/avatar\/2dce5ddd34b8fef0180efe03aa2a9bee7d953856048f9a16b298190a3178407c?s=96&d=mm&r=g","contentUrl":"https:\/\/secure.gravatar.com\/avatar\/2dce5ddd34b8fef0180efe03aa2a9bee7d953856048f9a16b298190a3178407c?s=96&d=mm&r=g","caption":"LA REDACTION"},"url":"https:\/\/www.public.sn\/index.php\/author\/editeurpsn\/"}]}},"jetpack_featured_media_url":"https:\/\/www.public.sn\/wp-content\/uploads\/2022\/10\/voiture.jpg","jetpack_sharing_enabled":true,"_links":{"self":[{"href":"https:\/\/www.public.sn\/index.php\/wp-json\/wp\/v2\/posts\/4516","targetHints":{"allow":["GET"]}}],"collection":[{"href":"https:\/\/www.public.sn\/index.php\/wp-json\/wp\/v2\/posts"}],"about":[{"href":"https:\/\/www.public.sn\/index.php\/wp-json\/wp\/v2\/types\/post"}],"author":[{"embeddable":true,"href":"https:\/\/www.public.sn\/index.php\/wp-json\/wp\/v2\/users\/7"}],"replies":[{"embeddable":true,"href":"https:\/\/www.public.sn\/index.php\/wp-json\/wp\/v2\/comments?post=4516"}],"version-history":[{"count":2,"href":"https:\/\/www.public.sn\/index.php\/wp-json\/wp\/v2\/posts\/4516\/revisions"}],"predecessor-version":[{"id":4526,"href":"https:\/\/www.public.sn\/index.php\/wp-json\/wp\/v2\/posts\/4516\/revisions\/4526"}],"wp:featuredmedia":[{"embeddable":true,"href":"https:\/\/www.public.sn\/index.php\/wp-json\/wp\/v2\/media\/4525"}],"wp:attachment":[{"href":"https:\/\/www.public.sn\/index.php\/wp-json\/wp\/v2\/media?parent=4516"}],"wp:term":[{"taxonomy":"category","embeddable":true,"href":"https:\/\/www.public.sn\/index.php\/wp-json\/wp\/v2\/categories?post=4516"},{"taxonomy":"post_tag","embeddable":true,"href":"https:\/\/www.public.sn\/index.php\/wp-json\/wp\/v2\/tags?post=4516"}],"curies":[{"name":"wp","href":"https:\/\/api.w.org\/{rel}","templated":true}]}}