{"id":4545,"date":"2022-10-14T13:22:35","date_gmt":"2022-10-14T13:22:35","guid":{"rendered":"https:\/\/www.public.sn\/?p=4545"},"modified":"2022-10-14T13:23:21","modified_gmt":"2022-10-14T13:23:21","slug":"fortes-pluies-a-matam-1-mort-et-1-blesse","status":"publish","type":"post","link":"https:\/\/www.public.sn\/index.php\/2022\/10\/14\/fortes-pluies-a-matam-1-mort-et-1-blesse\/","title":{"rendered":"Fortes pluies \u00e0 Matam : 1 mort et 1 bless\u00e9."},"content":{"rendered":"\n<p><br>Alors que l\u2019hivernage touche \u00e0 sa fin, les sinistres continuent d\u2019endeuiller les familles. A Tambacounda, une fillette de 4 ans a trouv\u00e9 la mort. <br><br><br>L\u2019accident s\u2019est pass\u00e9 dans le village de Doumga Wouro Thiernoise situ\u00e9 dans la commune de Bokidiaw\u00e9. En effet du fait d\u2019une forte pluie accompagn\u00e9e de vents dans la nuit de Jeudi \u00e0 Vendredi, la toiture d\u2019une maison est tomb\u00e9e sur une fillette de 4 ans.\n\n Le bilan fait \u00e9galement \u00e9tat de la blessure d\u2019une personne \u00e2g\u00e9e d\u2019une trentaine d\u2019ann\u00e9e. Le corps de la victime a \u00e9t\u00e9 achemin\u00e9 \u00e0 l\u2019h\u00f4pital r\u00e9gional de Ourosogui.<br>Samba SY.<br><\/p><div class=\"publi-paragraphe1\" style=\"margin-top: 10px;margin-bottom: 10px;margin-left: auto;margin-right: auto;text-align: center;\" id=\"publi-427890161\"><div class=\"publi-adlabel\">Publicit\u00e9<\/div><script async src=\"\/\/pagead2.googlesyndication.com\/pagead\/js\/adsbygoogle.js?client=ca-pub-4089586018074219\" crossorigin=\"anonymous\"><\/script><ins class=\"adsbygoogle\" style=\"display:block;\" data-ad-client=\"ca-pub-4089586018074219\" \ndata-ad-slot=\"2087940154\" \ndata-ad-format=\"auto\"><\/ins>\n<script> \n(adsbygoogle = window.adsbygoogle || []).push({}); \n<\/script>\n<\/div>\n<div class=\"publi-apres-le-contenu\" style=\"margin-top: 10px;margin-bottom: 10px;margin-left: auto;margin-right: auto;text-align: center;\" id=\"publi-846172553\"><div class=\"publi-adlabel\">Publicit\u00e9<\/div><script async src=\"\/\/pagead2.googlesyndication.com\/pagead\/js\/adsbygoogle.js?client=ca-pub-4089586018074219\" crossorigin=\"anonymous\"><\/script><ins class=\"adsbygoogle\" style=\"display:block;\" data-ad-client=\"ca-pub-4089586018074219\" \ndata-ad-slot=\"2087940154\" \ndata-ad-format=\"auto\"><\/ins>\n<script> \n(adsbygoogle = window.adsbygoogle || []).push({}); \n<\/script>\n<\/div>","protected":false},"excerpt":{"rendered":"<p>Alors que l\u2019hivernage touche \u00e0 sa fin, les sinistres continuent d\u2019endeuiller les familles. A Tambacounda, une fillette de 4 ans a trouv\u00e9 la mort. L\u2019accident s\u2019est pass\u00e9 dans le village de Doumga Wouro Thiernoise situ\u00e9 dans la commune de Bokidiaw\u00e9. En effet du fait d\u2019une forte pluie accompagn\u00e9e de vents dans la nuit de Jeudi \u00e0 Vendredi, la toiture d\u2019une maison est tomb\u00e9e sur une fillette de 4 ans. Le bilan fait \u00e9galement \u00e9tat de la blessure d\u2019une personne \u00e2g\u00e9e d\u2019une trentaine d\u2019ann\u00e9e. Le corps de la victime a \u00e9t\u00e9 achemin\u00e9 \u00e0 l\u2019h\u00f4pital r\u00e9gional de Ourosogui.Samba SY.<\/p>\n","protected":false},"author":7,"featured_media":4550,"comment_status":"open","ping_status":"open","sticky":false,"template":"","format":"standard","meta":{"_jetpack_memberships_contains_paid_content":false,"footnotes":""},"categories":[375,379,1],"tags":[577,1500],"class_list":["post-4545","post","type-post","status-publish","format-standard","has-post-thumbnail","hentry","category-actualites","category-faits-divers","category-non-classe","tag-matam","tag-mort-a-matam","entry","has-media","owp-thumbs-layout-horizontal","owp-btn-normal","owp-tabs-layout-horizontal","has-no-thumbnails","has-product-nav"],"yoast_head":"<!-- This site is optimized with the Yoast SEO plugin v25.5 - https:\/\/yoast.com\/wordpress\/plugins\/seo\/ -->\n<title>Fortes pluies \u00e0 Matam : 1 mort et 1 bless\u00e9. - LE PUBLIC<\/title>\n<meta name=\"robots\" content=\"index, follow, max-snippet:-1, max-image-preview:large, max-video-preview:-1\" \/>\n<link rel=\"canonical\" href=\"https:\/\/www.public.sn\/index.php\/2022\/10\/14\/fortes-pluies-a-matam-1-mort-et-1-blesse\/\" \/>\n<meta property=\"og:locale\" content=\"fr_FR\" \/>\n<meta property=\"og:type\" content=\"article\" \/>\n<meta property=\"og:title\" content=\"Fortes pluies \u00e0 Matam : 1 mort et 1 bless\u00e9. - LE PUBLIC\" \/>\n<meta property=\"og:description\" content=\"Alors que l\u2019hivernage touche \u00e0 sa fin, les sinistres continuent d\u2019endeuiller les familles. A Tambacounda, une fillette de 4 ans a trouv\u00e9 la mort. L\u2019accident s\u2019est pass\u00e9 dans le village de Doumga Wouro Thiernoise situ\u00e9 dans la commune de Bokidiaw\u00e9. En effet du fait d\u2019une forte pluie accompagn\u00e9e de vents dans la nuit de Jeudi \u00e0 Vendredi, la toiture d\u2019une maison est tomb\u00e9e sur une fillette de 4 ans. Le bilan fait \u00e9galement \u00e9tat de la blessure d\u2019une personne \u00e2g\u00e9e d\u2019une trentaine d\u2019ann\u00e9e. Le corps de la victime a \u00e9t\u00e9 achemin\u00e9 \u00e0 l\u2019h\u00f4pital r\u00e9gional de Ourosogui.Samba SY.\" \/>\n<meta property=\"og:url\" content=\"https:\/\/www.public.sn\/index.php\/2022\/10\/14\/fortes-pluies-a-matam-1-mort-et-1-blesse\/\" \/>\n<meta property=\"og:site_name\" content=\"LE PUBLIC\" \/>\n<meta property=\"article:published_time\" content=\"2022-10-14T13:22:35+00:00\" \/>\n<meta property=\"article:modified_time\" content=\"2022-10-14T13:23:21+00:00\" \/>\n<meta property=\"og:image\" content=\"https:\/\/www.public.sn\/wp-content\/uploads\/2022\/10\/dalle.jpg\" \/>\n\t<meta property=\"og:image:width\" content=\"800\" \/>\n\t<meta property=\"og:image:height\" content=\"532\" \/>\n\t<meta property=\"og:image:type\" content=\"image\/jpeg\" \/>\n<meta name=\"author\" content=\"LA REDACTION\" \/>\n<meta name=\"twitter:card\" content=\"summary_large_image\" \/>\n<meta name=\"twitter:label1\" content=\"\u00c9crit par\" \/>\n\t<meta name=\"twitter:data1\" content=\"LA REDACTION\" \/>\n\t<meta name=\"twitter:label2\" content=\"Dur\u00e9e de lecture estim\u00e9e\" \/>\n\t<meta name=\"twitter:data2\" content=\"1 minute\" \/>\n<script type=\"application\/ld+json\" class=\"yoast-schema-graph\">{\"@context\":\"https:\/\/schema.org\",\"@graph\":[{\"@type\":\"Article\",\"@id\":\"https:\/\/www.public.sn\/index.php\/2022\/10\/14\/fortes-pluies-a-matam-1-mort-et-1-blesse\/#article\",\"isPartOf\":{\"@id\":\"https:\/\/www.public.sn\/index.php\/2022\/10\/14\/fortes-pluies-a-matam-1-mort-et-1-blesse\/\"},\"author\":{\"name\":\"LA REDACTION\",\"@id\":\"https:\/\/www.public.sn\/#\/schema\/person\/cb76c8e1b8becc6be61fb5e92d6d0224\"},\"headline\":\"Fortes pluies \u00e0 Matam : 1 mort et 1 bless\u00e9.\",\"datePublished\":\"2022-10-14T13:22:35+00:00\",\"dateModified\":\"2022-10-14T13:23:21+00:00\",\"mainEntityOfPage\":{\"@id\":\"https:\/\/www.public.sn\/index.php\/2022\/10\/14\/fortes-pluies-a-matam-1-mort-et-1-blesse\/\"},\"wordCount\":115,\"commentCount\":0,\"publisher\":{\"@id\":\"https:\/\/www.public.sn\/#organization\"},\"image\":{\"@id\":\"https:\/\/www.public.sn\/index.php\/2022\/10\/14\/fortes-pluies-a-matam-1-mort-et-1-blesse\/#primaryimage\"},\"thumbnailUrl\":\"https:\/\/www.public.sn\/wp-content\/uploads\/2022\/10\/dalle.jpg\",\"keywords\":[\"Matam\",\"mort a matam\"],\"articleSection\":[\"ACTUALIT\u00c9S\",\"FAITS DIVERS\",\"S\u00c9N\u00c9GAL\"],\"inLanguage\":\"fr-FR\",\"potentialAction\":[{\"@type\":\"CommentAction\",\"name\":\"Comment\",\"target\":[\"https:\/\/www.public.sn\/index.php\/2022\/10\/14\/fortes-pluies-a-matam-1-mort-et-1-blesse\/#respond\"]}]},{\"@type\":\"WebPage\",\"@id\":\"https:\/\/www.public.sn\/index.php\/2022\/10\/14\/fortes-pluies-a-matam-1-mort-et-1-blesse\/\",\"url\":\"https:\/\/www.public.sn\/index.php\/2022\/10\/14\/fortes-pluies-a-matam-1-mort-et-1-blesse\/\",\"name\":\"Fortes pluies \u00e0 Matam : 1 mort et 1 bless\u00e9. - LE PUBLIC\",\"isPartOf\":{\"@id\":\"https:\/\/www.public.sn\/#website\"},\"primaryImageOfPage\":{\"@id\":\"https:\/\/www.public.sn\/index.php\/2022\/10\/14\/fortes-pluies-a-matam-1-mort-et-1-blesse\/#primaryimage\"},\"image\":{\"@id\":\"https:\/\/www.public.sn\/index.php\/2022\/10\/14\/fortes-pluies-a-matam-1-mort-et-1-blesse\/#primaryimage\"},\"thumbnailUrl\":\"https:\/\/www.public.sn\/wp-content\/uploads\/2022\/10\/dalle.jpg\",\"datePublished\":\"2022-10-14T13:22:35+00:00\",\"dateModified\":\"2022-10-14T13:23:21+00:00\",\"breadcrumb\":{\"@id\":\"https:\/\/www.public.sn\/index.php\/2022\/10\/14\/fortes-pluies-a-matam-1-mort-et-1-blesse\/#breadcrumb\"},\"inLanguage\":\"fr-FR\",\"potentialAction\":[{\"@type\":\"ReadAction\",\"target\":[\"https:\/\/www.public.sn\/index.php\/2022\/10\/14\/fortes-pluies-a-matam-1-mort-et-1-blesse\/\"]}]},{\"@type\":\"ImageObject\",\"inLanguage\":\"fr-FR\",\"@id\":\"https:\/\/www.public.sn\/index.php\/2022\/10\/14\/fortes-pluies-a-matam-1-mort-et-1-blesse\/#primaryimage\",\"url\":\"https:\/\/www.public.sn\/wp-content\/uploads\/2022\/10\/dalle.jpg\",\"contentUrl\":\"https:\/\/www.public.sn\/wp-content\/uploads\/2022\/10\/dalle.jpg\",\"width\":800,\"height\":532,\"caption\":\"publicsn\"},{\"@type\":\"BreadcrumbList\",\"@id\":\"https:\/\/www.public.sn\/index.php\/2022\/10\/14\/fortes-pluies-a-matam-1-mort-et-1-blesse\/#breadcrumb\",\"itemListElement\":[{\"@type\":\"ListItem\",\"position\":1,\"name\":\"Accueil\",\"item\":\"https:\/\/www.public.sn\/\"},{\"@type\":\"ListItem\",\"position\":2,\"name\":\"Fortes pluies \u00e0 Matam : 1 mort et 1 bless\u00e9.\"}]},{\"@type\":\"WebSite\",\"@id\":\"https:\/\/www.public.sn\/#website\",\"url\":\"https:\/\/www.public.sn\/\",\"name\":\"LE PUBLIC\",\"description\":\"\",\"publisher\":{\"@id\":\"https:\/\/www.public.sn\/#organization\"},\"potentialAction\":[{\"@type\":\"SearchAction\",\"target\":{\"@type\":\"EntryPoint\",\"urlTemplate\":\"https:\/\/www.public.sn\/?s={search_term_string}\"},\"query-input\":{\"@type\":\"PropertyValueSpecification\",\"valueRequired\":true,\"valueName\":\"search_term_string\"}}],\"inLanguage\":\"fr-FR\"},{\"@type\":\"Organization\",\"@id\":\"https:\/\/www.public.sn\/#organization\",\"name\":\"LE PUBLIC\",\"url\":\"https:\/\/www.public.sn\/\",\"logo\":{\"@type\":\"ImageObject\",\"inLanguage\":\"fr-FR\",\"@id\":\"https:\/\/www.public.sn\/#\/schema\/logo\/image\/\",\"url\":\"https:\/\/www.public.sn\/wp-content\/uploads\/2024\/05\/cropped-LOGO-PUBLIC.SN_.png\",\"contentUrl\":\"https:\/\/www.public.sn\/wp-content\/uploads\/2024\/05\/cropped-LOGO-PUBLIC.SN_.png\",\"width\":682,\"height\":192,\"caption\":\"LE PUBLIC\"},\"image\":{\"@id\":\"https:\/\/www.public.sn\/#\/schema\/logo\/image\/\"}},{\"@type\":\"Person\",\"@id\":\"https:\/\/www.public.sn\/#\/schema\/person\/cb76c8e1b8becc6be61fb5e92d6d0224\",\"name\":\"LA REDACTION\",\"image\":{\"@type\":\"ImageObject\",\"inLanguage\":\"fr-FR\",\"@id\":\"https:\/\/www.public.sn\/#\/schema\/person\/image\/\",\"url\":\"https:\/\/secure.gravatar.com\/avatar\/2dce5ddd34b8fef0180efe03aa2a9bee7d953856048f9a16b298190a3178407c?s=96&d=mm&r=g\",\"contentUrl\":\"https:\/\/secure.gravatar.com\/avatar\/2dce5ddd34b8fef0180efe03aa2a9bee7d953856048f9a16b298190a3178407c?s=96&d=mm&r=g\",\"caption\":\"LA REDACTION\"},\"url\":\"https:\/\/www.public.sn\/index.php\/author\/editeurpsn\/\"}]}<\/script>\n<!-- \/ Yoast SEO plugin. -->","yoast_head_json":{"title":"Fortes pluies \u00e0 Matam : 1 mort et 1 bless\u00e9. - LE PUBLIC","robots":{"index":"index","follow":"follow","max-snippet":"max-snippet:-1","max-image-preview":"max-image-preview:large","max-video-preview":"max-video-preview:-1"},"canonical":"https:\/\/www.public.sn\/index.php\/2022\/10\/14\/fortes-pluies-a-matam-1-mort-et-1-blesse\/","og_locale":"fr_FR","og_type":"article","og_title":"Fortes pluies \u00e0 Matam : 1 mort et 1 bless\u00e9. - LE PUBLIC","og_description":"Alors que l\u2019hivernage touche \u00e0 sa fin, les sinistres continuent d\u2019endeuiller les familles. A Tambacounda, une fillette de 4 ans a trouv\u00e9 la mort. L\u2019accident s\u2019est pass\u00e9 dans le village de Doumga Wouro Thiernoise situ\u00e9 dans la commune de Bokidiaw\u00e9. En effet du fait d\u2019une forte pluie accompagn\u00e9e de vents dans la nuit de Jeudi \u00e0 Vendredi, la toiture d\u2019une maison est tomb\u00e9e sur une fillette de 4 ans. Le bilan fait \u00e9galement \u00e9tat de la blessure d\u2019une personne \u00e2g\u00e9e d\u2019une trentaine d\u2019ann\u00e9e. Le corps de la victime a \u00e9t\u00e9 achemin\u00e9 \u00e0 l\u2019h\u00f4pital r\u00e9gional de Ourosogui.Samba SY.","og_url":"https:\/\/www.public.sn\/index.php\/2022\/10\/14\/fortes-pluies-a-matam-1-mort-et-1-blesse\/","og_site_name":"LE PUBLIC","article_published_time":"2022-10-14T13:22:35+00:00","article_modified_time":"2022-10-14T13:23:21+00:00","og_image":[{"width":800,"height":532,"url":"https:\/\/www.public.sn\/wp-content\/uploads\/2022\/10\/dalle.jpg","type":"image\/jpeg"}],"author":"LA REDACTION","twitter_card":"summary_large_image","twitter_misc":{"\u00c9crit par":"LA REDACTION","Dur\u00e9e de lecture estim\u00e9e":"1 minute"},"schema":{"@context":"https:\/\/schema.org","@graph":[{"@type":"Article","@id":"https:\/\/www.public.sn\/index.php\/2022\/10\/14\/fortes-pluies-a-matam-1-mort-et-1-blesse\/#article","isPartOf":{"@id":"https:\/\/www.public.sn\/index.php\/2022\/10\/14\/fortes-pluies-a-matam-1-mort-et-1-blesse\/"},"author":{"name":"LA REDACTION","@id":"https:\/\/www.public.sn\/#\/schema\/person\/cb76c8e1b8becc6be61fb5e92d6d0224"},"headline":"Fortes pluies \u00e0 Matam : 1 mort et 1 bless\u00e9.","datePublished":"2022-10-14T13:22:35+00:00","dateModified":"2022-10-14T13:23:21+00:00","mainEntityOfPage":{"@id":"https:\/\/www.public.sn\/index.php\/2022\/10\/14\/fortes-pluies-a-matam-1-mort-et-1-blesse\/"},"wordCount":115,"commentCount":0,"publisher":{"@id":"https:\/\/www.public.sn\/#organization"},"image":{"@id":"https:\/\/www.public.sn\/index.php\/2022\/10\/14\/fortes-pluies-a-matam-1-mort-et-1-blesse\/#primaryimage"},"thumbnailUrl":"https:\/\/www.public.sn\/wp-content\/uploads\/2022\/10\/dalle.jpg","keywords":["Matam","mort a matam"],"articleSection":["ACTUALIT\u00c9S","FAITS DIVERS","S\u00c9N\u00c9GAL"],"inLanguage":"fr-FR","potentialAction":[{"@type":"CommentAction","name":"Comment","target":["https:\/\/www.public.sn\/index.php\/2022\/10\/14\/fortes-pluies-a-matam-1-mort-et-1-blesse\/#respond"]}]},{"@type":"WebPage","@id":"https:\/\/www.public.sn\/index.php\/2022\/10\/14\/fortes-pluies-a-matam-1-mort-et-1-blesse\/","url":"https:\/\/www.public.sn\/index.php\/2022\/10\/14\/fortes-pluies-a-matam-1-mort-et-1-blesse\/","name":"Fortes pluies \u00e0 Matam : 1 mort et 1 bless\u00e9. - LE PUBLIC","isPartOf":{"@id":"https:\/\/www.public.sn\/#website"},"primaryImageOfPage":{"@id":"https:\/\/www.public.sn\/index.php\/2022\/10\/14\/fortes-pluies-a-matam-1-mort-et-1-blesse\/#primaryimage"},"image":{"@id":"https:\/\/www.public.sn\/index.php\/2022\/10\/14\/fortes-pluies-a-matam-1-mort-et-1-blesse\/#primaryimage"},"thumbnailUrl":"https:\/\/www.public.sn\/wp-content\/uploads\/2022\/10\/dalle.jpg","datePublished":"2022-10-14T13:22:35+00:00","dateModified":"2022-10-14T13:23:21+00:00","breadcrumb":{"@id":"https:\/\/www.public.sn\/index.php\/2022\/10\/14\/fortes-pluies-a-matam-1-mort-et-1-blesse\/#breadcrumb"},"inLanguage":"fr-FR","potentialAction":[{"@type":"ReadAction","target":["https:\/\/www.public.sn\/index.php\/2022\/10\/14\/fortes-pluies-a-matam-1-mort-et-1-blesse\/"]}]},{"@type":"ImageObject","inLanguage":"fr-FR","@id":"https:\/\/www.public.sn\/index.php\/2022\/10\/14\/fortes-pluies-a-matam-1-mort-et-1-blesse\/#primaryimage","url":"https:\/\/www.public.sn\/wp-content\/uploads\/2022\/10\/dalle.jpg","contentUrl":"https:\/\/www.public.sn\/wp-content\/uploads\/2022\/10\/dalle.jpg","width":800,"height":532,"caption":"publicsn"},{"@type":"BreadcrumbList","@id":"https:\/\/www.public.sn\/index.php\/2022\/10\/14\/fortes-pluies-a-matam-1-mort-et-1-blesse\/#breadcrumb","itemListElement":[{"@type":"ListItem","position":1,"name":"Accueil","item":"https:\/\/www.public.sn\/"},{"@type":"ListItem","position":2,"name":"Fortes pluies \u00e0 Matam : 1 mort et 1 bless\u00e9."}]},{"@type":"WebSite","@id":"https:\/\/www.public.sn\/#website","url":"https:\/\/www.public.sn\/","name":"LE PUBLIC","description":"","publisher":{"@id":"https:\/\/www.public.sn\/#organization"},"potentialAction":[{"@type":"SearchAction","target":{"@type":"EntryPoint","urlTemplate":"https:\/\/www.public.sn\/?s={search_term_string}"},"query-input":{"@type":"PropertyValueSpecification","valueRequired":true,"valueName":"search_term_string"}}],"inLanguage":"fr-FR"},{"@type":"Organization","@id":"https:\/\/www.public.sn\/#organization","name":"LE PUBLIC","url":"https:\/\/www.public.sn\/","logo":{"@type":"ImageObject","inLanguage":"fr-FR","@id":"https:\/\/www.public.sn\/#\/schema\/logo\/image\/","url":"https:\/\/www.public.sn\/wp-content\/uploads\/2024\/05\/cropped-LOGO-PUBLIC.SN_.png","contentUrl":"https:\/\/www.public.sn\/wp-content\/uploads\/2024\/05\/cropped-LOGO-PUBLIC.SN_.png","width":682,"height":192,"caption":"LE PUBLIC"},"image":{"@id":"https:\/\/www.public.sn\/#\/schema\/logo\/image\/"}},{"@type":"Person","@id":"https:\/\/www.public.sn\/#\/schema\/person\/cb76c8e1b8becc6be61fb5e92d6d0224","name":"LA REDACTION","image":{"@type":"ImageObject","inLanguage":"fr-FR","@id":"https:\/\/www.public.sn\/#\/schema\/person\/image\/","url":"https:\/\/secure.gravatar.com\/avatar\/2dce5ddd34b8fef0180efe03aa2a9bee7d953856048f9a16b298190a3178407c?s=96&d=mm&r=g","contentUrl":"https:\/\/secure.gravatar.com\/avatar\/2dce5ddd34b8fef0180efe03aa2a9bee7d953856048f9a16b298190a3178407c?s=96&d=mm&r=g","caption":"LA REDACTION"},"url":"https:\/\/www.public.sn\/index.php\/author\/editeurpsn\/"}]}},"jetpack_featured_media_url":"https:\/\/www.public.sn\/wp-content\/uploads\/2022\/10\/dalle.jpg","jetpack_sharing_enabled":true,"_links":{"self":[{"href":"https:\/\/www.public.sn\/index.php\/wp-json\/wp\/v2\/posts\/4545","targetHints":{"allow":["GET"]}}],"collection":[{"href":"https:\/\/www.public.sn\/index.php\/wp-json\/wp\/v2\/posts"}],"about":[{"href":"https:\/\/www.public.sn\/index.php\/wp-json\/wp\/v2\/types\/post"}],"author":[{"embeddable":true,"href":"https:\/\/www.public.sn\/index.php\/wp-json\/wp\/v2\/users\/7"}],"replies":[{"embeddable":true,"href":"https:\/\/www.public.sn\/index.php\/wp-json\/wp\/v2\/comments?post=4545"}],"version-history":[{"count":2,"href":"https:\/\/www.public.sn\/index.php\/wp-json\/wp\/v2\/posts\/4545\/revisions"}],"predecessor-version":[{"id":4551,"href":"https:\/\/www.public.sn\/index.php\/wp-json\/wp\/v2\/posts\/4545\/revisions\/4551"}],"wp:featuredmedia":[{"embeddable":true,"href":"https:\/\/www.public.sn\/index.php\/wp-json\/wp\/v2\/media\/4550"}],"wp:attachment":[{"href":"https:\/\/www.public.sn\/index.php\/wp-json\/wp\/v2\/media?parent=4545"}],"wp:term":[{"taxonomy":"category","embeddable":true,"href":"https:\/\/www.public.sn\/index.php\/wp-json\/wp\/v2\/categories?post=4545"},{"taxonomy":"post_tag","embeddable":true,"href":"https:\/\/www.public.sn\/index.php\/wp-json\/wp\/v2\/tags?post=4545"}],"curies":[{"name":"wp","href":"https:\/\/api.w.org\/{rel}","templated":true}]}}