{"id":4589,"date":"2022-10-14T15:28:50","date_gmt":"2022-10-14T15:28:50","guid":{"rendered":"https:\/\/www.public.sn\/?p=4589"},"modified":"2022-10-14T15:32:08","modified_gmt":"2022-10-14T15:32:08","slug":"assemblee-nationale-dr-amadou-mame-diop-parle-aux-deputes","status":"publish","type":"post","link":"https:\/\/www.public.sn\/index.php\/2022\/10\/14\/assemblee-nationale-dr-amadou-mame-diop-parle-aux-deputes\/","title":{"rendered":"Assembl\u00e9e Nationale : Dr Amadou Mame Diop parle aux d\u00e9put\u00e9s."},"content":{"rendered":"\n<p>Le pr\u00e9sident de l\u2019Assembl\u00e9e nationale lors de son discours inaugural de ce Vendredi \u00e0 l\u2019Assembl\u00e9e nationale, a tenu \u00e0 adresser un message aux d\u00e9put\u00e9s surtout apr\u00e8s l\u2019\u00e9pisode du 12 septembre dernier, o\u00f9 les citoyens ont \u00e9t\u00e9 scandalis\u00e9s par le spectacle offert par les \u00e9lus au niveau de l\u2019h\u00e9micycle.<br><br><br>\u00ab Ne perdons pas de vue que, apr\u00e8s l\u2019\u00e9pisode malheureux du 12 septembre dernier, nous sommes surveill\u00e9s et attendus par le peuple s\u00e9n\u00e9galais et m\u00eame, au-del\u00e0, par tous ceux qui ont eu \u00e0 regretter ces \u00e9v\u00e8nements jusqu\u2019au-del\u00e0 de nos fronti\u00e8res \u00bb.<br><br>Dr Amadou Mame Diop appelle \u00e0 plus de responsabilit\u00e9s, malgr\u00e9 leurs divergences politiques. \u00abA nous alors de la jouer avec responsabilit\u00e9 et efficacit\u00e9 sous le sceau particulier de la s\u00e9r\u00e9nit\u00e9 lors de nos travaux. Notre R\u00e8glement int\u00e9rieur est pour cela l\u2019un de nos meilleurs alli\u00e9s ; Quel que soit le bord o\u00f9 nous nous situons. Le respecter, nous y adosser, sera essentiel \u00e0 la bonne marche de nos travaux \u00bb, a-t-il fait savoir.<br><br>Samba SY.<br><\/p><div class=\"publi-paragraphe1\" style=\"margin-top: 10px;margin-bottom: 10px;margin-left: auto;margin-right: auto;text-align: center;\" id=\"publi-2243170541\"><div class=\"publi-adlabel\">Publicit\u00e9<\/div><script async src=\"\/\/pagead2.googlesyndication.com\/pagead\/js\/adsbygoogle.js?client=ca-pub-4089586018074219\" crossorigin=\"anonymous\"><\/script><ins class=\"adsbygoogle\" style=\"display:block;\" data-ad-client=\"ca-pub-4089586018074219\" \ndata-ad-slot=\"2087940154\" \ndata-ad-format=\"auto\"><\/ins>\n<script> \n(adsbygoogle = window.adsbygoogle || []).push({}); \n<\/script>\n<\/div>\n<div class=\"publi-apres-le-contenu\" style=\"margin-top: 10px;margin-bottom: 10px;margin-left: auto;margin-right: auto;text-align: center;\" id=\"publi-464069570\"><div class=\"publi-adlabel\">Publicit\u00e9<\/div><script async src=\"\/\/pagead2.googlesyndication.com\/pagead\/js\/adsbygoogle.js?client=ca-pub-4089586018074219\" crossorigin=\"anonymous\"><\/script><ins class=\"adsbygoogle\" style=\"display:block;\" data-ad-client=\"ca-pub-4089586018074219\" \ndata-ad-slot=\"2087940154\" \ndata-ad-format=\"auto\"><\/ins>\n<script> \n(adsbygoogle = window.adsbygoogle || []).push({}); \n<\/script>\n<\/div>","protected":false},"excerpt":{"rendered":"<p>Le pr\u00e9sident de l\u2019Assembl\u00e9e nationale lors de son discours inaugural de ce Vendredi \u00e0 l\u2019Assembl\u00e9e nationale, a tenu \u00e0 adresser un message aux d\u00e9put\u00e9s surtout apr\u00e8s l\u2019\u00e9pisode du 12 septembre dernier, o\u00f9 les citoyens ont \u00e9t\u00e9 scandalis\u00e9s par le spectacle offert par les \u00e9lus au niveau de l\u2019h\u00e9micycle. \u00ab Ne perdons pas de vue que, apr\u00e8s l\u2019\u00e9pisode malheureux du 12 septembre dernier, nous sommes surveill\u00e9s et attendus par le peuple s\u00e9n\u00e9galais et m\u00eame, au-del\u00e0, par tous ceux qui ont eu \u00e0 regretter ces \u00e9v\u00e8nements jusqu\u2019au-del\u00e0 de nos fronti\u00e8res \u00bb. Dr Amadou Mame Diop appelle \u00e0 plus de responsabilit\u00e9s, malgr\u00e9 leurs divergences politiques. \u00abA nous alors de la jouer avec responsabilit\u00e9 et efficacit\u00e9 sous le sceau particulier de la s\u00e9r\u00e9nit\u00e9 lors de nos travaux. Notre R\u00e8glement int\u00e9rieur est pour cela l\u2019un de nos meilleurs alli\u00e9s ; Quel que soit le bord o\u00f9 nous nous situons. Le respecter, nous y adosser, sera essentiel \u00e0 la bonne marche de nos travaux \u00bb, a-t-il fait savoir. Samba SY.<\/p>\n","protected":false},"author":7,"featured_media":4594,"comment_status":"open","ping_status":"open","sticky":false,"template":"","format":"standard","meta":{"_jetpack_memberships_contains_paid_content":false,"footnotes":""},"categories":[375,3,1],"tags":[1511,1512,1510],"class_list":["post-4589","post","type-post","status-publish","format-standard","has-post-thumbnail","hentry","category-actualites","category-politique","category-non-classe","tag-assemblee-nationale-3","tag-cession","tag-dr-mame-diop","entry","has-media","owp-thumbs-layout-horizontal","owp-btn-normal","owp-tabs-layout-horizontal","has-no-thumbnails","has-product-nav"],"yoast_head":"<!-- This site is optimized with the Yoast SEO plugin v25.5 - https:\/\/yoast.com\/wordpress\/plugins\/seo\/ -->\n<title>Assembl\u00e9e Nationale : Dr Amadou Mame Diop parle aux d\u00e9put\u00e9s. - LE PUBLIC<\/title>\n<meta name=\"robots\" content=\"index, follow, max-snippet:-1, max-image-preview:large, max-video-preview:-1\" \/>\n<link rel=\"canonical\" href=\"https:\/\/www.public.sn\/index.php\/2022\/10\/14\/assemblee-nationale-dr-amadou-mame-diop-parle-aux-deputes\/\" \/>\n<meta property=\"og:locale\" content=\"fr_FR\" \/>\n<meta property=\"og:type\" content=\"article\" \/>\n<meta property=\"og:title\" content=\"Assembl\u00e9e Nationale : Dr Amadou Mame Diop parle aux d\u00e9put\u00e9s. - LE PUBLIC\" \/>\n<meta property=\"og:description\" content=\"Le pr\u00e9sident de l\u2019Assembl\u00e9e nationale lors de son discours inaugural de ce Vendredi \u00e0 l\u2019Assembl\u00e9e nationale, a tenu \u00e0 adresser un message aux d\u00e9put\u00e9s surtout apr\u00e8s l\u2019\u00e9pisode du 12 septembre dernier, o\u00f9 les citoyens ont \u00e9t\u00e9 scandalis\u00e9s par le spectacle offert par les \u00e9lus au niveau de l\u2019h\u00e9micycle. \u00ab Ne perdons pas de vue que, apr\u00e8s l\u2019\u00e9pisode malheureux du 12 septembre dernier, nous sommes surveill\u00e9s et attendus par le peuple s\u00e9n\u00e9galais et m\u00eame, au-del\u00e0, par tous ceux qui ont eu \u00e0 regretter ces \u00e9v\u00e8nements jusqu\u2019au-del\u00e0 de nos fronti\u00e8res \u00bb. Dr Amadou Mame Diop appelle \u00e0 plus de responsabilit\u00e9s, malgr\u00e9 leurs divergences politiques. \u00abA nous alors de la jouer avec responsabilit\u00e9 et efficacit\u00e9 sous le sceau particulier de la s\u00e9r\u00e9nit\u00e9 lors de nos travaux. Notre R\u00e8glement int\u00e9rieur est pour cela l\u2019un de nos meilleurs alli\u00e9s ; Quel que soit le bord o\u00f9 nous nous situons. Le respecter, nous y adosser, sera essentiel \u00e0 la bonne marche de nos travaux \u00bb, a-t-il fait savoir. Samba SY.\" \/>\n<meta property=\"og:url\" content=\"https:\/\/www.public.sn\/index.php\/2022\/10\/14\/assemblee-nationale-dr-amadou-mame-diop-parle-aux-deputes\/\" \/>\n<meta property=\"og:site_name\" content=\"LE PUBLIC\" \/>\n<meta property=\"article:published_time\" content=\"2022-10-14T15:28:50+00:00\" \/>\n<meta property=\"article:modified_time\" content=\"2022-10-14T15:32:08+00:00\" \/>\n<meta property=\"og:image\" content=\"https:\/\/www.public.sn\/wp-content\/uploads\/2022\/10\/Amadou-Mame-Diop-2.jpg\" \/>\n\t<meta property=\"og:image:width\" content=\"600\" \/>\n\t<meta property=\"og:image:height\" content=\"400\" \/>\n\t<meta property=\"og:image:type\" content=\"image\/jpeg\" \/>\n<meta name=\"author\" content=\"LA REDACTION\" \/>\n<meta name=\"twitter:card\" content=\"summary_large_image\" \/>\n<meta name=\"twitter:label1\" content=\"\u00c9crit par\" \/>\n\t<meta name=\"twitter:data1\" content=\"LA REDACTION\" \/>\n\t<meta name=\"twitter:label2\" content=\"Dur\u00e9e de lecture estim\u00e9e\" \/>\n\t<meta name=\"twitter:data2\" content=\"1 minute\" \/>\n<script type=\"application\/ld+json\" class=\"yoast-schema-graph\">{\"@context\":\"https:\/\/schema.org\",\"@graph\":[{\"@type\":\"Article\",\"@id\":\"https:\/\/www.public.sn\/index.php\/2022\/10\/14\/assemblee-nationale-dr-amadou-mame-diop-parle-aux-deputes\/#article\",\"isPartOf\":{\"@id\":\"https:\/\/www.public.sn\/index.php\/2022\/10\/14\/assemblee-nationale-dr-amadou-mame-diop-parle-aux-deputes\/\"},\"author\":{\"name\":\"LA REDACTION\",\"@id\":\"https:\/\/www.public.sn\/#\/schema\/person\/cb76c8e1b8becc6be61fb5e92d6d0224\"},\"headline\":\"Assembl\u00e9e Nationale : Dr Amadou Mame Diop parle aux d\u00e9put\u00e9s.\",\"datePublished\":\"2022-10-14T15:28:50+00:00\",\"dateModified\":\"2022-10-14T15:32:08+00:00\",\"mainEntityOfPage\":{\"@id\":\"https:\/\/www.public.sn\/index.php\/2022\/10\/14\/assemblee-nationale-dr-amadou-mame-diop-parle-aux-deputes\/\"},\"wordCount\":193,\"commentCount\":0,\"publisher\":{\"@id\":\"https:\/\/www.public.sn\/#organization\"},\"image\":{\"@id\":\"https:\/\/www.public.sn\/index.php\/2022\/10\/14\/assemblee-nationale-dr-amadou-mame-diop-parle-aux-deputes\/#primaryimage\"},\"thumbnailUrl\":\"https:\/\/www.public.sn\/wp-content\/uploads\/2022\/10\/Amadou-Mame-Diop-2.jpg\",\"keywords\":[\"assembl\u00e9\u00e9 nationale\",\"cession\",\"dr mame diop\"],\"articleSection\":[\"ACTUALIT\u00c9S\",\"POLITIQUE\",\"S\u00c9N\u00c9GAL\"],\"inLanguage\":\"fr-FR\",\"potentialAction\":[{\"@type\":\"CommentAction\",\"name\":\"Comment\",\"target\":[\"https:\/\/www.public.sn\/index.php\/2022\/10\/14\/assemblee-nationale-dr-amadou-mame-diop-parle-aux-deputes\/#respond\"]}]},{\"@type\":\"WebPage\",\"@id\":\"https:\/\/www.public.sn\/index.php\/2022\/10\/14\/assemblee-nationale-dr-amadou-mame-diop-parle-aux-deputes\/\",\"url\":\"https:\/\/www.public.sn\/index.php\/2022\/10\/14\/assemblee-nationale-dr-amadou-mame-diop-parle-aux-deputes\/\",\"name\":\"Assembl\u00e9e Nationale : Dr Amadou Mame Diop parle aux d\u00e9put\u00e9s. - LE PUBLIC\",\"isPartOf\":{\"@id\":\"https:\/\/www.public.sn\/#website\"},\"primaryImageOfPage\":{\"@id\":\"https:\/\/www.public.sn\/index.php\/2022\/10\/14\/assemblee-nationale-dr-amadou-mame-diop-parle-aux-deputes\/#primaryimage\"},\"image\":{\"@id\":\"https:\/\/www.public.sn\/index.php\/2022\/10\/14\/assemblee-nationale-dr-amadou-mame-diop-parle-aux-deputes\/#primaryimage\"},\"thumbnailUrl\":\"https:\/\/www.public.sn\/wp-content\/uploads\/2022\/10\/Amadou-Mame-Diop-2.jpg\",\"datePublished\":\"2022-10-14T15:28:50+00:00\",\"dateModified\":\"2022-10-14T15:32:08+00:00\",\"breadcrumb\":{\"@id\":\"https:\/\/www.public.sn\/index.php\/2022\/10\/14\/assemblee-nationale-dr-amadou-mame-diop-parle-aux-deputes\/#breadcrumb\"},\"inLanguage\":\"fr-FR\",\"potentialAction\":[{\"@type\":\"ReadAction\",\"target\":[\"https:\/\/www.public.sn\/index.php\/2022\/10\/14\/assemblee-nationale-dr-amadou-mame-diop-parle-aux-deputes\/\"]}]},{\"@type\":\"ImageObject\",\"inLanguage\":\"fr-FR\",\"@id\":\"https:\/\/www.public.sn\/index.php\/2022\/10\/14\/assemblee-nationale-dr-amadou-mame-diop-parle-aux-deputes\/#primaryimage\",\"url\":\"https:\/\/www.public.sn\/wp-content\/uploads\/2022\/10\/Amadou-Mame-Diop-2.jpg\",\"contentUrl\":\"https:\/\/www.public.sn\/wp-content\/uploads\/2022\/10\/Amadou-Mame-Diop-2.jpg\",\"width\":600,\"height\":400,\"caption\":\"publicsn\"},{\"@type\":\"BreadcrumbList\",\"@id\":\"https:\/\/www.public.sn\/index.php\/2022\/10\/14\/assemblee-nationale-dr-amadou-mame-diop-parle-aux-deputes\/#breadcrumb\",\"itemListElement\":[{\"@type\":\"ListItem\",\"position\":1,\"name\":\"Accueil\",\"item\":\"https:\/\/www.public.sn\/\"},{\"@type\":\"ListItem\",\"position\":2,\"name\":\"Assembl\u00e9e Nationale : Dr Amadou Mame Diop parle aux d\u00e9put\u00e9s.\"}]},{\"@type\":\"WebSite\",\"@id\":\"https:\/\/www.public.sn\/#website\",\"url\":\"https:\/\/www.public.sn\/\",\"name\":\"LE PUBLIC\",\"description\":\"\",\"publisher\":{\"@id\":\"https:\/\/www.public.sn\/#organization\"},\"potentialAction\":[{\"@type\":\"SearchAction\",\"target\":{\"@type\":\"EntryPoint\",\"urlTemplate\":\"https:\/\/www.public.sn\/?s={search_term_string}\"},\"query-input\":{\"@type\":\"PropertyValueSpecification\",\"valueRequired\":true,\"valueName\":\"search_term_string\"}}],\"inLanguage\":\"fr-FR\"},{\"@type\":\"Organization\",\"@id\":\"https:\/\/www.public.sn\/#organization\",\"name\":\"LE PUBLIC\",\"url\":\"https:\/\/www.public.sn\/\",\"logo\":{\"@type\":\"ImageObject\",\"inLanguage\":\"fr-FR\",\"@id\":\"https:\/\/www.public.sn\/#\/schema\/logo\/image\/\",\"url\":\"https:\/\/www.public.sn\/wp-content\/uploads\/2024\/05\/cropped-LOGO-PUBLIC.SN_.png\",\"contentUrl\":\"https:\/\/www.public.sn\/wp-content\/uploads\/2024\/05\/cropped-LOGO-PUBLIC.SN_.png\",\"width\":682,\"height\":192,\"caption\":\"LE PUBLIC\"},\"image\":{\"@id\":\"https:\/\/www.public.sn\/#\/schema\/logo\/image\/\"}},{\"@type\":\"Person\",\"@id\":\"https:\/\/www.public.sn\/#\/schema\/person\/cb76c8e1b8becc6be61fb5e92d6d0224\",\"name\":\"LA REDACTION\",\"image\":{\"@type\":\"ImageObject\",\"inLanguage\":\"fr-FR\",\"@id\":\"https:\/\/www.public.sn\/#\/schema\/person\/image\/\",\"url\":\"https:\/\/secure.gravatar.com\/avatar\/2dce5ddd34b8fef0180efe03aa2a9bee7d953856048f9a16b298190a3178407c?s=96&d=mm&r=g\",\"contentUrl\":\"https:\/\/secure.gravatar.com\/avatar\/2dce5ddd34b8fef0180efe03aa2a9bee7d953856048f9a16b298190a3178407c?s=96&d=mm&r=g\",\"caption\":\"LA REDACTION\"},\"url\":\"https:\/\/www.public.sn\/index.php\/author\/editeurpsn\/\"}]}<\/script>\n<!-- \/ Yoast SEO plugin. -->","yoast_head_json":{"title":"Assembl\u00e9e Nationale : Dr Amadou Mame Diop parle aux d\u00e9put\u00e9s. - LE PUBLIC","robots":{"index":"index","follow":"follow","max-snippet":"max-snippet:-1","max-image-preview":"max-image-preview:large","max-video-preview":"max-video-preview:-1"},"canonical":"https:\/\/www.public.sn\/index.php\/2022\/10\/14\/assemblee-nationale-dr-amadou-mame-diop-parle-aux-deputes\/","og_locale":"fr_FR","og_type":"article","og_title":"Assembl\u00e9e Nationale : Dr Amadou Mame Diop parle aux d\u00e9put\u00e9s. - LE PUBLIC","og_description":"Le pr\u00e9sident de l\u2019Assembl\u00e9e nationale lors de son discours inaugural de ce Vendredi \u00e0 l\u2019Assembl\u00e9e nationale, a tenu \u00e0 adresser un message aux d\u00e9put\u00e9s surtout apr\u00e8s l\u2019\u00e9pisode du 12 septembre dernier, o\u00f9 les citoyens ont \u00e9t\u00e9 scandalis\u00e9s par le spectacle offert par les \u00e9lus au niveau de l\u2019h\u00e9micycle. \u00ab Ne perdons pas de vue que, apr\u00e8s l\u2019\u00e9pisode malheureux du 12 septembre dernier, nous sommes surveill\u00e9s et attendus par le peuple s\u00e9n\u00e9galais et m\u00eame, au-del\u00e0, par tous ceux qui ont eu \u00e0 regretter ces \u00e9v\u00e8nements jusqu\u2019au-del\u00e0 de nos fronti\u00e8res \u00bb. Dr Amadou Mame Diop appelle \u00e0 plus de responsabilit\u00e9s, malgr\u00e9 leurs divergences politiques. \u00abA nous alors de la jouer avec responsabilit\u00e9 et efficacit\u00e9 sous le sceau particulier de la s\u00e9r\u00e9nit\u00e9 lors de nos travaux. Notre R\u00e8glement int\u00e9rieur est pour cela l\u2019un de nos meilleurs alli\u00e9s ; Quel que soit le bord o\u00f9 nous nous situons. Le respecter, nous y adosser, sera essentiel \u00e0 la bonne marche de nos travaux \u00bb, a-t-il fait savoir. Samba SY.","og_url":"https:\/\/www.public.sn\/index.php\/2022\/10\/14\/assemblee-nationale-dr-amadou-mame-diop-parle-aux-deputes\/","og_site_name":"LE PUBLIC","article_published_time":"2022-10-14T15:28:50+00:00","article_modified_time":"2022-10-14T15:32:08+00:00","og_image":[{"width":600,"height":400,"url":"https:\/\/www.public.sn\/wp-content\/uploads\/2022\/10\/Amadou-Mame-Diop-2.jpg","type":"image\/jpeg"}],"author":"LA REDACTION","twitter_card":"summary_large_image","twitter_misc":{"\u00c9crit par":"LA REDACTION","Dur\u00e9e de lecture estim\u00e9e":"1 minute"},"schema":{"@context":"https:\/\/schema.org","@graph":[{"@type":"Article","@id":"https:\/\/www.public.sn\/index.php\/2022\/10\/14\/assemblee-nationale-dr-amadou-mame-diop-parle-aux-deputes\/#article","isPartOf":{"@id":"https:\/\/www.public.sn\/index.php\/2022\/10\/14\/assemblee-nationale-dr-amadou-mame-diop-parle-aux-deputes\/"},"author":{"name":"LA REDACTION","@id":"https:\/\/www.public.sn\/#\/schema\/person\/cb76c8e1b8becc6be61fb5e92d6d0224"},"headline":"Assembl\u00e9e Nationale : Dr Amadou Mame Diop parle aux d\u00e9put\u00e9s.","datePublished":"2022-10-14T15:28:50+00:00","dateModified":"2022-10-14T15:32:08+00:00","mainEntityOfPage":{"@id":"https:\/\/www.public.sn\/index.php\/2022\/10\/14\/assemblee-nationale-dr-amadou-mame-diop-parle-aux-deputes\/"},"wordCount":193,"commentCount":0,"publisher":{"@id":"https:\/\/www.public.sn\/#organization"},"image":{"@id":"https:\/\/www.public.sn\/index.php\/2022\/10\/14\/assemblee-nationale-dr-amadou-mame-diop-parle-aux-deputes\/#primaryimage"},"thumbnailUrl":"https:\/\/www.public.sn\/wp-content\/uploads\/2022\/10\/Amadou-Mame-Diop-2.jpg","keywords":["assembl\u00e9\u00e9 nationale","cession","dr mame diop"],"articleSection":["ACTUALIT\u00c9S","POLITIQUE","S\u00c9N\u00c9GAL"],"inLanguage":"fr-FR","potentialAction":[{"@type":"CommentAction","name":"Comment","target":["https:\/\/www.public.sn\/index.php\/2022\/10\/14\/assemblee-nationale-dr-amadou-mame-diop-parle-aux-deputes\/#respond"]}]},{"@type":"WebPage","@id":"https:\/\/www.public.sn\/index.php\/2022\/10\/14\/assemblee-nationale-dr-amadou-mame-diop-parle-aux-deputes\/","url":"https:\/\/www.public.sn\/index.php\/2022\/10\/14\/assemblee-nationale-dr-amadou-mame-diop-parle-aux-deputes\/","name":"Assembl\u00e9e Nationale : Dr Amadou Mame Diop parle aux d\u00e9put\u00e9s. - LE PUBLIC","isPartOf":{"@id":"https:\/\/www.public.sn\/#website"},"primaryImageOfPage":{"@id":"https:\/\/www.public.sn\/index.php\/2022\/10\/14\/assemblee-nationale-dr-amadou-mame-diop-parle-aux-deputes\/#primaryimage"},"image":{"@id":"https:\/\/www.public.sn\/index.php\/2022\/10\/14\/assemblee-nationale-dr-amadou-mame-diop-parle-aux-deputes\/#primaryimage"},"thumbnailUrl":"https:\/\/www.public.sn\/wp-content\/uploads\/2022\/10\/Amadou-Mame-Diop-2.jpg","datePublished":"2022-10-14T15:28:50+00:00","dateModified":"2022-10-14T15:32:08+00:00","breadcrumb":{"@id":"https:\/\/www.public.sn\/index.php\/2022\/10\/14\/assemblee-nationale-dr-amadou-mame-diop-parle-aux-deputes\/#breadcrumb"},"inLanguage":"fr-FR","potentialAction":[{"@type":"ReadAction","target":["https:\/\/www.public.sn\/index.php\/2022\/10\/14\/assemblee-nationale-dr-amadou-mame-diop-parle-aux-deputes\/"]}]},{"@type":"ImageObject","inLanguage":"fr-FR","@id":"https:\/\/www.public.sn\/index.php\/2022\/10\/14\/assemblee-nationale-dr-amadou-mame-diop-parle-aux-deputes\/#primaryimage","url":"https:\/\/www.public.sn\/wp-content\/uploads\/2022\/10\/Amadou-Mame-Diop-2.jpg","contentUrl":"https:\/\/www.public.sn\/wp-content\/uploads\/2022\/10\/Amadou-Mame-Diop-2.jpg","width":600,"height":400,"caption":"publicsn"},{"@type":"BreadcrumbList","@id":"https:\/\/www.public.sn\/index.php\/2022\/10\/14\/assemblee-nationale-dr-amadou-mame-diop-parle-aux-deputes\/#breadcrumb","itemListElement":[{"@type":"ListItem","position":1,"name":"Accueil","item":"https:\/\/www.public.sn\/"},{"@type":"ListItem","position":2,"name":"Assembl\u00e9e Nationale : Dr Amadou Mame Diop parle aux d\u00e9put\u00e9s."}]},{"@type":"WebSite","@id":"https:\/\/www.public.sn\/#website","url":"https:\/\/www.public.sn\/","name":"LE PUBLIC","description":"","publisher":{"@id":"https:\/\/www.public.sn\/#organization"},"potentialAction":[{"@type":"SearchAction","target":{"@type":"EntryPoint","urlTemplate":"https:\/\/www.public.sn\/?s={search_term_string}"},"query-input":{"@type":"PropertyValueSpecification","valueRequired":true,"valueName":"search_term_string"}}],"inLanguage":"fr-FR"},{"@type":"Organization","@id":"https:\/\/www.public.sn\/#organization","name":"LE PUBLIC","url":"https:\/\/www.public.sn\/","logo":{"@type":"ImageObject","inLanguage":"fr-FR","@id":"https:\/\/www.public.sn\/#\/schema\/logo\/image\/","url":"https:\/\/www.public.sn\/wp-content\/uploads\/2024\/05\/cropped-LOGO-PUBLIC.SN_.png","contentUrl":"https:\/\/www.public.sn\/wp-content\/uploads\/2024\/05\/cropped-LOGO-PUBLIC.SN_.png","width":682,"height":192,"caption":"LE PUBLIC"},"image":{"@id":"https:\/\/www.public.sn\/#\/schema\/logo\/image\/"}},{"@type":"Person","@id":"https:\/\/www.public.sn\/#\/schema\/person\/cb76c8e1b8becc6be61fb5e92d6d0224","name":"LA REDACTION","image":{"@type":"ImageObject","inLanguage":"fr-FR","@id":"https:\/\/www.public.sn\/#\/schema\/person\/image\/","url":"https:\/\/secure.gravatar.com\/avatar\/2dce5ddd34b8fef0180efe03aa2a9bee7d953856048f9a16b298190a3178407c?s=96&d=mm&r=g","contentUrl":"https:\/\/secure.gravatar.com\/avatar\/2dce5ddd34b8fef0180efe03aa2a9bee7d953856048f9a16b298190a3178407c?s=96&d=mm&r=g","caption":"LA REDACTION"},"url":"https:\/\/www.public.sn\/index.php\/author\/editeurpsn\/"}]}},"jetpack_featured_media_url":"https:\/\/www.public.sn\/wp-content\/uploads\/2022\/10\/Amadou-Mame-Diop-2.jpg","jetpack_sharing_enabled":true,"_links":{"self":[{"href":"https:\/\/www.public.sn\/index.php\/wp-json\/wp\/v2\/posts\/4589","targetHints":{"allow":["GET"]}}],"collection":[{"href":"https:\/\/www.public.sn\/index.php\/wp-json\/wp\/v2\/posts"}],"about":[{"href":"https:\/\/www.public.sn\/index.php\/wp-json\/wp\/v2\/types\/post"}],"author":[{"embeddable":true,"href":"https:\/\/www.public.sn\/index.php\/wp-json\/wp\/v2\/users\/7"}],"replies":[{"embeddable":true,"href":"https:\/\/www.public.sn\/index.php\/wp-json\/wp\/v2\/comments?post=4589"}],"version-history":[{"count":2,"href":"https:\/\/www.public.sn\/index.php\/wp-json\/wp\/v2\/posts\/4589\/revisions"}],"predecessor-version":[{"id":4595,"href":"https:\/\/www.public.sn\/index.php\/wp-json\/wp\/v2\/posts\/4589\/revisions\/4595"}],"wp:featuredmedia":[{"embeddable":true,"href":"https:\/\/www.public.sn\/index.php\/wp-json\/wp\/v2\/media\/4594"}],"wp:attachment":[{"href":"https:\/\/www.public.sn\/index.php\/wp-json\/wp\/v2\/media?parent=4589"}],"wp:term":[{"taxonomy":"category","embeddable":true,"href":"https:\/\/www.public.sn\/index.php\/wp-json\/wp\/v2\/categories?post=4589"},{"taxonomy":"post_tag","embeddable":true,"href":"https:\/\/www.public.sn\/index.php\/wp-json\/wp\/v2\/tags?post=4589"}],"curies":[{"name":"wp","href":"https:\/\/api.w.org\/{rel}","templated":true}]}}