{"id":4602,"date":"2022-10-14T15:56:58","date_gmt":"2022-10-14T15:56:58","guid":{"rendered":"https:\/\/www.public.sn\/?p=4602"},"modified":"2022-10-14T15:57:01","modified_gmt":"2022-10-14T15:57:01","slug":"coupe-du-monde-ngolo-kante-forfait","status":"publish","type":"post","link":"https:\/\/www.public.sn\/index.php\/2022\/10\/14\/coupe-du-monde-ngolo-kante-forfait\/","title":{"rendered":"Coupe du Monde : Ngolo Kant\u00e9 forfait."},"content":{"rendered":"\n<p><br><br>L\u2019\u00e9quipe nationale de la France vient de subir un coup tr\u00e8s dur. En effet le milieu de terrain Ngolo Kant\u00e9 est d\u00e9clar\u00e9 forfait pour cette comp\u00e9tition intercontinentale selon l\u2019EQUIPE.<br><br><br>Apr\u00e8s avoir rechut\u00e9 de sa blessure aux ischios la semaine derni\u00e8re \u00e0 l&rsquo;entra\u00eenement, le milieu de terrain de Chelsea va \u00eatre contraint de d\u00e9clarer forfait. Didier Deschamps doit annoncer sa liste pour le Mondial le 9 novembre et le coupe du monde se joue du 20 Novembre au 18 D\u00e9cembre.<br><br>Samba SY.<br><\/p><div class=\"publi-paragraphe1\" style=\"margin-top: 10px;margin-bottom: 10px;margin-left: auto;margin-right: auto;text-align: center;\" id=\"publi-3450661817\"><div class=\"publi-adlabel\">Publicit\u00e9<\/div><script async src=\"\/\/pagead2.googlesyndication.com\/pagead\/js\/adsbygoogle.js?client=ca-pub-4089586018074219\" crossorigin=\"anonymous\"><\/script><ins class=\"adsbygoogle\" style=\"display:block;\" data-ad-client=\"ca-pub-4089586018074219\" \ndata-ad-slot=\"2087940154\" \ndata-ad-format=\"auto\"><\/ins>\n<script> \n(adsbygoogle = window.adsbygoogle || []).push({}); \n<\/script>\n<\/div>\n<div class=\"publi-apres-le-contenu\" style=\"margin-top: 10px;margin-bottom: 10px;margin-left: auto;margin-right: auto;text-align: center;\" id=\"publi-3703319211\"><div class=\"publi-adlabel\">Publicit\u00e9<\/div><script async src=\"\/\/pagead2.googlesyndication.com\/pagead\/js\/adsbygoogle.js?client=ca-pub-4089586018074219\" crossorigin=\"anonymous\"><\/script><ins class=\"adsbygoogle\" style=\"display:block;\" data-ad-client=\"ca-pub-4089586018074219\" \ndata-ad-slot=\"2087940154\" \ndata-ad-format=\"auto\"><\/ins>\n<script> \n(adsbygoogle = window.adsbygoogle || []).push({}); \n<\/script>\n<\/div>","protected":false},"excerpt":{"rendered":"<p>L\u2019\u00e9quipe nationale de la France vient de subir un coup tr\u00e8s dur. En effet le milieu de terrain Ngolo Kant\u00e9 est d\u00e9clar\u00e9 forfait pour cette comp\u00e9tition intercontinentale selon l\u2019EQUIPE. Apr\u00e8s avoir rechut\u00e9 de sa blessure aux ischios la semaine derni\u00e8re \u00e0 l&rsquo;entra\u00eenement, le milieu de terrain de Chelsea va \u00eatre contraint de d\u00e9clarer forfait. Didier Deschamps doit annoncer sa liste pour le Mondial le 9 novembre et le coupe du monde se joue du 20 Novembre au 18 D\u00e9cembre. Samba SY.<\/p>\n","protected":false},"author":7,"featured_media":4607,"comment_status":"open","ping_status":"open","sticky":false,"template":"","format":"standard","meta":{"_jetpack_memberships_contains_paid_content":false,"footnotes":""},"categories":[375,1,7],"tags":[1223,1518,1262],"class_list":["post-4602","post","type-post","status-publish","format-standard","has-post-thumbnail","hentry","category-actualites","category-non-classe","category-sport","tag-coupe-du-monde","tag-ngolo-kante","tag-sport","entry","has-media","owp-thumbs-layout-horizontal","owp-btn-normal","owp-tabs-layout-horizontal","has-no-thumbnails","has-product-nav"],"yoast_head":"<!-- This site is optimized with the Yoast SEO plugin v25.5 - https:\/\/yoast.com\/wordpress\/plugins\/seo\/ -->\n<title>Coupe du Monde : Ngolo Kant\u00e9 forfait. - LE PUBLIC<\/title>\n<meta name=\"robots\" content=\"index, follow, max-snippet:-1, max-image-preview:large, max-video-preview:-1\" \/>\n<link rel=\"canonical\" href=\"https:\/\/www.public.sn\/index.php\/2022\/10\/14\/coupe-du-monde-ngolo-kante-forfait\/\" \/>\n<meta property=\"og:locale\" content=\"fr_FR\" \/>\n<meta property=\"og:type\" content=\"article\" \/>\n<meta property=\"og:title\" content=\"Coupe du Monde : Ngolo Kant\u00e9 forfait. - LE PUBLIC\" \/>\n<meta property=\"og:description\" content=\"L\u2019\u00e9quipe nationale de la France vient de subir un coup tr\u00e8s dur. En effet le milieu de terrain Ngolo Kant\u00e9 est d\u00e9clar\u00e9 forfait pour cette comp\u00e9tition intercontinentale selon l\u2019EQUIPE. Apr\u00e8s avoir rechut\u00e9 de sa blessure aux ischios la semaine derni\u00e8re \u00e0 l&rsquo;entra\u00eenement, le milieu de terrain de Chelsea va \u00eatre contraint de d\u00e9clarer forfait. Didier Deschamps doit annoncer sa liste pour le Mondial le 9 novembre et le coupe du monde se joue du 20 Novembre au 18 D\u00e9cembre. Samba SY.\" \/>\n<meta property=\"og:url\" content=\"https:\/\/www.public.sn\/index.php\/2022\/10\/14\/coupe-du-monde-ngolo-kante-forfait\/\" \/>\n<meta property=\"og:site_name\" content=\"LE PUBLIC\" \/>\n<meta property=\"article:published_time\" content=\"2022-10-14T15:56:58+00:00\" \/>\n<meta property=\"article:modified_time\" content=\"2022-10-14T15:57:01+00:00\" \/>\n<meta property=\"og:image\" content=\"https:\/\/www.public.sn\/wp-content\/uploads\/2022\/10\/kante.jpg\" \/>\n\t<meta property=\"og:image:width\" content=\"1200\" \/>\n\t<meta property=\"og:image:height\" content=\"640\" \/>\n\t<meta property=\"og:image:type\" content=\"image\/jpeg\" \/>\n<meta name=\"author\" content=\"LA REDACTION\" \/>\n<meta name=\"twitter:card\" content=\"summary_large_image\" \/>\n<meta name=\"twitter:label1\" content=\"\u00c9crit par\" \/>\n\t<meta name=\"twitter:data1\" content=\"LA REDACTION\" \/>\n\t<meta name=\"twitter:label2\" content=\"Dur\u00e9e de lecture estim\u00e9e\" \/>\n\t<meta name=\"twitter:data2\" content=\"1 minute\" \/>\n<script type=\"application\/ld+json\" class=\"yoast-schema-graph\">{\"@context\":\"https:\/\/schema.org\",\"@graph\":[{\"@type\":\"Article\",\"@id\":\"https:\/\/www.public.sn\/index.php\/2022\/10\/14\/coupe-du-monde-ngolo-kante-forfait\/#article\",\"isPartOf\":{\"@id\":\"https:\/\/www.public.sn\/index.php\/2022\/10\/14\/coupe-du-monde-ngolo-kante-forfait\/\"},\"author\":{\"name\":\"LA REDACTION\",\"@id\":\"https:\/\/www.public.sn\/#\/schema\/person\/cb76c8e1b8becc6be61fb5e92d6d0224\"},\"headline\":\"Coupe du Monde : Ngolo Kant\u00e9 forfait.\",\"datePublished\":\"2022-10-14T15:56:58+00:00\",\"dateModified\":\"2022-10-14T15:57:01+00:00\",\"mainEntityOfPage\":{\"@id\":\"https:\/\/www.public.sn\/index.php\/2022\/10\/14\/coupe-du-monde-ngolo-kante-forfait\/\"},\"wordCount\":93,\"commentCount\":0,\"publisher\":{\"@id\":\"https:\/\/www.public.sn\/#organization\"},\"image\":{\"@id\":\"https:\/\/www.public.sn\/index.php\/2022\/10\/14\/coupe-du-monde-ngolo-kante-forfait\/#primaryimage\"},\"thumbnailUrl\":\"https:\/\/www.public.sn\/wp-content\/uploads\/2022\/10\/kante.jpg\",\"keywords\":[\"coupe du monde\",\"ngolo kante\",\"Sport\"],\"articleSection\":[\"ACTUALIT\u00c9S\",\"S\u00c9N\u00c9GAL\",\"SPORTS\"],\"inLanguage\":\"fr-FR\",\"potentialAction\":[{\"@type\":\"CommentAction\",\"name\":\"Comment\",\"target\":[\"https:\/\/www.public.sn\/index.php\/2022\/10\/14\/coupe-du-monde-ngolo-kante-forfait\/#respond\"]}]},{\"@type\":\"WebPage\",\"@id\":\"https:\/\/www.public.sn\/index.php\/2022\/10\/14\/coupe-du-monde-ngolo-kante-forfait\/\",\"url\":\"https:\/\/www.public.sn\/index.php\/2022\/10\/14\/coupe-du-monde-ngolo-kante-forfait\/\",\"name\":\"Coupe du Monde : Ngolo Kant\u00e9 forfait. - LE PUBLIC\",\"isPartOf\":{\"@id\":\"https:\/\/www.public.sn\/#website\"},\"primaryImageOfPage\":{\"@id\":\"https:\/\/www.public.sn\/index.php\/2022\/10\/14\/coupe-du-monde-ngolo-kante-forfait\/#primaryimage\"},\"image\":{\"@id\":\"https:\/\/www.public.sn\/index.php\/2022\/10\/14\/coupe-du-monde-ngolo-kante-forfait\/#primaryimage\"},\"thumbnailUrl\":\"https:\/\/www.public.sn\/wp-content\/uploads\/2022\/10\/kante.jpg\",\"datePublished\":\"2022-10-14T15:56:58+00:00\",\"dateModified\":\"2022-10-14T15:57:01+00:00\",\"breadcrumb\":{\"@id\":\"https:\/\/www.public.sn\/index.php\/2022\/10\/14\/coupe-du-monde-ngolo-kante-forfait\/#breadcrumb\"},\"inLanguage\":\"fr-FR\",\"potentialAction\":[{\"@type\":\"ReadAction\",\"target\":[\"https:\/\/www.public.sn\/index.php\/2022\/10\/14\/coupe-du-monde-ngolo-kante-forfait\/\"]}]},{\"@type\":\"ImageObject\",\"inLanguage\":\"fr-FR\",\"@id\":\"https:\/\/www.public.sn\/index.php\/2022\/10\/14\/coupe-du-monde-ngolo-kante-forfait\/#primaryimage\",\"url\":\"https:\/\/www.public.sn\/wp-content\/uploads\/2022\/10\/kante.jpg\",\"contentUrl\":\"https:\/\/www.public.sn\/wp-content\/uploads\/2022\/10\/kante.jpg\",\"width\":1200,\"height\":640,\"caption\":\"publicsn\"},{\"@type\":\"BreadcrumbList\",\"@id\":\"https:\/\/www.public.sn\/index.php\/2022\/10\/14\/coupe-du-monde-ngolo-kante-forfait\/#breadcrumb\",\"itemListElement\":[{\"@type\":\"ListItem\",\"position\":1,\"name\":\"Accueil\",\"item\":\"https:\/\/www.public.sn\/\"},{\"@type\":\"ListItem\",\"position\":2,\"name\":\"Coupe du Monde : Ngolo Kant\u00e9 forfait.\"}]},{\"@type\":\"WebSite\",\"@id\":\"https:\/\/www.public.sn\/#website\",\"url\":\"https:\/\/www.public.sn\/\",\"name\":\"LE PUBLIC\",\"description\":\"\",\"publisher\":{\"@id\":\"https:\/\/www.public.sn\/#organization\"},\"potentialAction\":[{\"@type\":\"SearchAction\",\"target\":{\"@type\":\"EntryPoint\",\"urlTemplate\":\"https:\/\/www.public.sn\/?s={search_term_string}\"},\"query-input\":{\"@type\":\"PropertyValueSpecification\",\"valueRequired\":true,\"valueName\":\"search_term_string\"}}],\"inLanguage\":\"fr-FR\"},{\"@type\":\"Organization\",\"@id\":\"https:\/\/www.public.sn\/#organization\",\"name\":\"LE PUBLIC\",\"url\":\"https:\/\/www.public.sn\/\",\"logo\":{\"@type\":\"ImageObject\",\"inLanguage\":\"fr-FR\",\"@id\":\"https:\/\/www.public.sn\/#\/schema\/logo\/image\/\",\"url\":\"https:\/\/www.public.sn\/wp-content\/uploads\/2024\/05\/cropped-LOGO-PUBLIC.SN_.png\",\"contentUrl\":\"https:\/\/www.public.sn\/wp-content\/uploads\/2024\/05\/cropped-LOGO-PUBLIC.SN_.png\",\"width\":682,\"height\":192,\"caption\":\"LE PUBLIC\"},\"image\":{\"@id\":\"https:\/\/www.public.sn\/#\/schema\/logo\/image\/\"}},{\"@type\":\"Person\",\"@id\":\"https:\/\/www.public.sn\/#\/schema\/person\/cb76c8e1b8becc6be61fb5e92d6d0224\",\"name\":\"LA REDACTION\",\"image\":{\"@type\":\"ImageObject\",\"inLanguage\":\"fr-FR\",\"@id\":\"https:\/\/www.public.sn\/#\/schema\/person\/image\/\",\"url\":\"https:\/\/secure.gravatar.com\/avatar\/2dce5ddd34b8fef0180efe03aa2a9bee7d953856048f9a16b298190a3178407c?s=96&d=mm&r=g\",\"contentUrl\":\"https:\/\/secure.gravatar.com\/avatar\/2dce5ddd34b8fef0180efe03aa2a9bee7d953856048f9a16b298190a3178407c?s=96&d=mm&r=g\",\"caption\":\"LA REDACTION\"},\"url\":\"https:\/\/www.public.sn\/index.php\/author\/editeurpsn\/\"}]}<\/script>\n<!-- \/ Yoast SEO plugin. -->","yoast_head_json":{"title":"Coupe du Monde : Ngolo Kant\u00e9 forfait. - LE PUBLIC","robots":{"index":"index","follow":"follow","max-snippet":"max-snippet:-1","max-image-preview":"max-image-preview:large","max-video-preview":"max-video-preview:-1"},"canonical":"https:\/\/www.public.sn\/index.php\/2022\/10\/14\/coupe-du-monde-ngolo-kante-forfait\/","og_locale":"fr_FR","og_type":"article","og_title":"Coupe du Monde : Ngolo Kant\u00e9 forfait. - LE PUBLIC","og_description":"L\u2019\u00e9quipe nationale de la France vient de subir un coup tr\u00e8s dur. En effet le milieu de terrain Ngolo Kant\u00e9 est d\u00e9clar\u00e9 forfait pour cette comp\u00e9tition intercontinentale selon l\u2019EQUIPE. Apr\u00e8s avoir rechut\u00e9 de sa blessure aux ischios la semaine derni\u00e8re \u00e0 l&rsquo;entra\u00eenement, le milieu de terrain de Chelsea va \u00eatre contraint de d\u00e9clarer forfait. Didier Deschamps doit annoncer sa liste pour le Mondial le 9 novembre et le coupe du monde se joue du 20 Novembre au 18 D\u00e9cembre. Samba SY.","og_url":"https:\/\/www.public.sn\/index.php\/2022\/10\/14\/coupe-du-monde-ngolo-kante-forfait\/","og_site_name":"LE PUBLIC","article_published_time":"2022-10-14T15:56:58+00:00","article_modified_time":"2022-10-14T15:57:01+00:00","og_image":[{"width":1200,"height":640,"url":"https:\/\/www.public.sn\/wp-content\/uploads\/2022\/10\/kante.jpg","type":"image\/jpeg"}],"author":"LA REDACTION","twitter_card":"summary_large_image","twitter_misc":{"\u00c9crit par":"LA REDACTION","Dur\u00e9e de lecture estim\u00e9e":"1 minute"},"schema":{"@context":"https:\/\/schema.org","@graph":[{"@type":"Article","@id":"https:\/\/www.public.sn\/index.php\/2022\/10\/14\/coupe-du-monde-ngolo-kante-forfait\/#article","isPartOf":{"@id":"https:\/\/www.public.sn\/index.php\/2022\/10\/14\/coupe-du-monde-ngolo-kante-forfait\/"},"author":{"name":"LA REDACTION","@id":"https:\/\/www.public.sn\/#\/schema\/person\/cb76c8e1b8becc6be61fb5e92d6d0224"},"headline":"Coupe du Monde : Ngolo Kant\u00e9 forfait.","datePublished":"2022-10-14T15:56:58+00:00","dateModified":"2022-10-14T15:57:01+00:00","mainEntityOfPage":{"@id":"https:\/\/www.public.sn\/index.php\/2022\/10\/14\/coupe-du-monde-ngolo-kante-forfait\/"},"wordCount":93,"commentCount":0,"publisher":{"@id":"https:\/\/www.public.sn\/#organization"},"image":{"@id":"https:\/\/www.public.sn\/index.php\/2022\/10\/14\/coupe-du-monde-ngolo-kante-forfait\/#primaryimage"},"thumbnailUrl":"https:\/\/www.public.sn\/wp-content\/uploads\/2022\/10\/kante.jpg","keywords":["coupe du monde","ngolo kante","Sport"],"articleSection":["ACTUALIT\u00c9S","S\u00c9N\u00c9GAL","SPORTS"],"inLanguage":"fr-FR","potentialAction":[{"@type":"CommentAction","name":"Comment","target":["https:\/\/www.public.sn\/index.php\/2022\/10\/14\/coupe-du-monde-ngolo-kante-forfait\/#respond"]}]},{"@type":"WebPage","@id":"https:\/\/www.public.sn\/index.php\/2022\/10\/14\/coupe-du-monde-ngolo-kante-forfait\/","url":"https:\/\/www.public.sn\/index.php\/2022\/10\/14\/coupe-du-monde-ngolo-kante-forfait\/","name":"Coupe du Monde : Ngolo Kant\u00e9 forfait. - LE PUBLIC","isPartOf":{"@id":"https:\/\/www.public.sn\/#website"},"primaryImageOfPage":{"@id":"https:\/\/www.public.sn\/index.php\/2022\/10\/14\/coupe-du-monde-ngolo-kante-forfait\/#primaryimage"},"image":{"@id":"https:\/\/www.public.sn\/index.php\/2022\/10\/14\/coupe-du-monde-ngolo-kante-forfait\/#primaryimage"},"thumbnailUrl":"https:\/\/www.public.sn\/wp-content\/uploads\/2022\/10\/kante.jpg","datePublished":"2022-10-14T15:56:58+00:00","dateModified":"2022-10-14T15:57:01+00:00","breadcrumb":{"@id":"https:\/\/www.public.sn\/index.php\/2022\/10\/14\/coupe-du-monde-ngolo-kante-forfait\/#breadcrumb"},"inLanguage":"fr-FR","potentialAction":[{"@type":"ReadAction","target":["https:\/\/www.public.sn\/index.php\/2022\/10\/14\/coupe-du-monde-ngolo-kante-forfait\/"]}]},{"@type":"ImageObject","inLanguage":"fr-FR","@id":"https:\/\/www.public.sn\/index.php\/2022\/10\/14\/coupe-du-monde-ngolo-kante-forfait\/#primaryimage","url":"https:\/\/www.public.sn\/wp-content\/uploads\/2022\/10\/kante.jpg","contentUrl":"https:\/\/www.public.sn\/wp-content\/uploads\/2022\/10\/kante.jpg","width":1200,"height":640,"caption":"publicsn"},{"@type":"BreadcrumbList","@id":"https:\/\/www.public.sn\/index.php\/2022\/10\/14\/coupe-du-monde-ngolo-kante-forfait\/#breadcrumb","itemListElement":[{"@type":"ListItem","position":1,"name":"Accueil","item":"https:\/\/www.public.sn\/"},{"@type":"ListItem","position":2,"name":"Coupe du Monde : Ngolo Kant\u00e9 forfait."}]},{"@type":"WebSite","@id":"https:\/\/www.public.sn\/#website","url":"https:\/\/www.public.sn\/","name":"LE PUBLIC","description":"","publisher":{"@id":"https:\/\/www.public.sn\/#organization"},"potentialAction":[{"@type":"SearchAction","target":{"@type":"EntryPoint","urlTemplate":"https:\/\/www.public.sn\/?s={search_term_string}"},"query-input":{"@type":"PropertyValueSpecification","valueRequired":true,"valueName":"search_term_string"}}],"inLanguage":"fr-FR"},{"@type":"Organization","@id":"https:\/\/www.public.sn\/#organization","name":"LE PUBLIC","url":"https:\/\/www.public.sn\/","logo":{"@type":"ImageObject","inLanguage":"fr-FR","@id":"https:\/\/www.public.sn\/#\/schema\/logo\/image\/","url":"https:\/\/www.public.sn\/wp-content\/uploads\/2024\/05\/cropped-LOGO-PUBLIC.SN_.png","contentUrl":"https:\/\/www.public.sn\/wp-content\/uploads\/2024\/05\/cropped-LOGO-PUBLIC.SN_.png","width":682,"height":192,"caption":"LE PUBLIC"},"image":{"@id":"https:\/\/www.public.sn\/#\/schema\/logo\/image\/"}},{"@type":"Person","@id":"https:\/\/www.public.sn\/#\/schema\/person\/cb76c8e1b8becc6be61fb5e92d6d0224","name":"LA REDACTION","image":{"@type":"ImageObject","inLanguage":"fr-FR","@id":"https:\/\/www.public.sn\/#\/schema\/person\/image\/","url":"https:\/\/secure.gravatar.com\/avatar\/2dce5ddd34b8fef0180efe03aa2a9bee7d953856048f9a16b298190a3178407c?s=96&d=mm&r=g","contentUrl":"https:\/\/secure.gravatar.com\/avatar\/2dce5ddd34b8fef0180efe03aa2a9bee7d953856048f9a16b298190a3178407c?s=96&d=mm&r=g","caption":"LA REDACTION"},"url":"https:\/\/www.public.sn\/index.php\/author\/editeurpsn\/"}]}},"jetpack_featured_media_url":"https:\/\/www.public.sn\/wp-content\/uploads\/2022\/10\/kante.jpg","jetpack_sharing_enabled":true,"_links":{"self":[{"href":"https:\/\/www.public.sn\/index.php\/wp-json\/wp\/v2\/posts\/4602","targetHints":{"allow":["GET"]}}],"collection":[{"href":"https:\/\/www.public.sn\/index.php\/wp-json\/wp\/v2\/posts"}],"about":[{"href":"https:\/\/www.public.sn\/index.php\/wp-json\/wp\/v2\/types\/post"}],"author":[{"embeddable":true,"href":"https:\/\/www.public.sn\/index.php\/wp-json\/wp\/v2\/users\/7"}],"replies":[{"embeddable":true,"href":"https:\/\/www.public.sn\/index.php\/wp-json\/wp\/v2\/comments?post=4602"}],"version-history":[{"count":2,"href":"https:\/\/www.public.sn\/index.php\/wp-json\/wp\/v2\/posts\/4602\/revisions"}],"predecessor-version":[{"id":4608,"href":"https:\/\/www.public.sn\/index.php\/wp-json\/wp\/v2\/posts\/4602\/revisions\/4608"}],"wp:featuredmedia":[{"embeddable":true,"href":"https:\/\/www.public.sn\/index.php\/wp-json\/wp\/v2\/media\/4607"}],"wp:attachment":[{"href":"https:\/\/www.public.sn\/index.php\/wp-json\/wp\/v2\/media?parent=4602"}],"wp:term":[{"taxonomy":"category","embeddable":true,"href":"https:\/\/www.public.sn\/index.php\/wp-json\/wp\/v2\/categories?post=4602"},{"taxonomy":"post_tag","embeddable":true,"href":"https:\/\/www.public.sn\/index.php\/wp-json\/wp\/v2\/tags?post=4602"}],"curies":[{"name":"wp","href":"https:\/\/api.w.org\/{rel}","templated":true}]}}