{"id":4606,"date":"2022-10-14T16:09:31","date_gmt":"2022-10-14T16:09:31","guid":{"rendered":"https:\/\/www.public.sn\/?p=4606"},"modified":"2022-10-14T16:10:02","modified_gmt":"2022-10-14T16:10:02","slug":"ousmane-sonko-chez-thierno-madani-tall","status":"publish","type":"post","link":"https:\/\/www.public.sn\/index.php\/2022\/10\/14\/ousmane-sonko-chez-thierno-madani-tall\/","title":{"rendered":"Ousmane Sonko chez Thierno Madani Tall."},"content":{"rendered":"\n<p>Le pr\u00e9sident de Pastef a rendu une visite de courtoisie au khalife de la famille omarienne et \u00e0 cette occasion, Ousmane Sonko a vivement magnifi\u00e9 l\u2019accueil chaleureux de Thierno Madani Tall. <\/p><div class=\"publi-paragraphe1\" style=\"margin-top: 10px;margin-bottom: 10px;margin-left: auto;margin-right: auto;text-align: center;\" id=\"publi-3486140810\"><div class=\"publi-adlabel\">Publicit\u00e9<\/div><script async src=\"\/\/pagead2.googlesyndication.com\/pagead\/js\/adsbygoogle.js?client=ca-pub-4089586018074219\" crossorigin=\"anonymous\"><\/script><ins class=\"adsbygoogle\" style=\"display:block;\" data-ad-client=\"ca-pub-4089586018074219\" \ndata-ad-slot=\"2087940154\" \ndata-ad-format=\"auto\"><\/ins>\n<script> \n(adsbygoogle = window.adsbygoogle || []).push({}); \n<\/script>\n<\/div>\n\n\n\n<p><br><br>\u00ab Je remercie tr\u00e8s sinc\u00e8rement le guide Thierno Madani Tall, \u00e0 qui j\u2019ai rendu une visite de courtoisie hier apr\u00e8s-midi, pour son accueil chaleureux \u00bb, se r\u00e9jouit-il. Ainsi, dit- il, \u201capr\u00e8s une heure de discussions tr\u00e8s agr\u00e9ables et profondes sur beaucoup de sujets, nous avons effectu\u00e9 ensemble la pri\u00e8re de Timis\u201d.<\/p>\n\n\n\n<p><br><br>Ousmane Sonko de formuler ses pri\u00e8res en l\u2019endroit su Khalife de la famille omarienne : \u00ab qu&rsquo;Allah puisse lui accorder une longue vie de sant\u00e9 et de f\u00e9licit\u00e9 et qu&rsquo;il puisse agr\u00e9er \u00e9galement les pri\u00e8res  formul\u00e9es  pour le S\u00e9n\u00e9gal\u00a0\u00bb.<br><br>Samba SY.<br><\/p>\n<div class=\"publi-apres-le-contenu\" style=\"margin-top: 10px;margin-bottom: 10px;margin-left: auto;margin-right: auto;text-align: center;\" id=\"publi-337461129\"><div class=\"publi-adlabel\">Publicit\u00e9<\/div><script async src=\"\/\/pagead2.googlesyndication.com\/pagead\/js\/adsbygoogle.js?client=ca-pub-4089586018074219\" crossorigin=\"anonymous\"><\/script><ins class=\"adsbygoogle\" style=\"display:block;\" data-ad-client=\"ca-pub-4089586018074219\" \ndata-ad-slot=\"2087940154\" \ndata-ad-format=\"auto\"><\/ins>\n<script> \n(adsbygoogle = window.adsbygoogle || []).push({}); \n<\/script>\n<\/div>","protected":false},"excerpt":{"rendered":"<p>Le pr\u00e9sident de Pastef a rendu une visite de courtoisie au khalife de la famille omarienne et \u00e0 cette occasion, Ousmane Sonko a vivement magnifi\u00e9 l\u2019accueil chaleureux de Thierno Madani Tall. \u00ab Je remercie tr\u00e8s sinc\u00e8rement le guide Thierno Madani Tall, \u00e0 qui j\u2019ai rendu une visite de courtoisie hier apr\u00e8s-midi, pour son accueil chaleureux \u00bb, se r\u00e9jouit-il. Ainsi, dit- il, \u201capr\u00e8s une heure de discussions tr\u00e8s agr\u00e9ables et profondes sur beaucoup de sujets, nous avons effectu\u00e9 ensemble la pri\u00e8re de Timis\u201d. Ousmane Sonko de formuler ses pri\u00e8res en l\u2019endroit su Khalife de la famille omarienne : \u00ab qu&rsquo;Allah puisse lui accorder une longue vie de sant\u00e9 et de f\u00e9licit\u00e9 et qu&rsquo;il puisse agr\u00e9er \u00e9galement les pri\u00e8res formul\u00e9es pour le S\u00e9n\u00e9gal\u00a0\u00bb. Samba SY.<\/p>\n","protected":false},"author":7,"featured_media":4611,"comment_status":"open","ping_status":"open","sticky":false,"template":"","format":"standard","meta":{"_jetpack_memberships_contains_paid_content":false,"footnotes":""},"categories":[375,878,1],"tags":[16,1519],"class_list":["post-4606","post","type-post","status-publish","format-standard","has-post-thumbnail","hentry","category-actualites","category-religion","category-non-classe","tag-ousmane-sonko","tag-thierno-madani","entry","has-media","owp-thumbs-layout-horizontal","owp-btn-normal","owp-tabs-layout-horizontal","has-no-thumbnails","has-product-nav"],"yoast_head":"<!-- This site is optimized with the Yoast SEO plugin v25.5 - https:\/\/yoast.com\/wordpress\/plugins\/seo\/ -->\n<title>Ousmane Sonko chez Thierno Madani Tall. - LE PUBLIC<\/title>\n<meta name=\"robots\" content=\"index, follow, max-snippet:-1, max-image-preview:large, max-video-preview:-1\" \/>\n<link rel=\"canonical\" href=\"https:\/\/www.public.sn\/index.php\/2022\/10\/14\/ousmane-sonko-chez-thierno-madani-tall\/\" \/>\n<meta property=\"og:locale\" content=\"fr_FR\" \/>\n<meta property=\"og:type\" content=\"article\" \/>\n<meta property=\"og:title\" content=\"Ousmane Sonko chez Thierno Madani Tall. - LE PUBLIC\" \/>\n<meta property=\"og:description\" content=\"Le pr\u00e9sident de Pastef a rendu une visite de courtoisie au khalife de la famille omarienne et \u00e0 cette occasion, Ousmane Sonko a vivement magnifi\u00e9 l\u2019accueil chaleureux de Thierno Madani Tall. \u00ab Je remercie tr\u00e8s sinc\u00e8rement le guide Thierno Madani Tall, \u00e0 qui j\u2019ai rendu une visite de courtoisie hier apr\u00e8s-midi, pour son accueil chaleureux \u00bb, se r\u00e9jouit-il. Ainsi, dit- il, \u201capr\u00e8s une heure de discussions tr\u00e8s agr\u00e9ables et profondes sur beaucoup de sujets, nous avons effectu\u00e9 ensemble la pri\u00e8re de Timis\u201d. Ousmane Sonko de formuler ses pri\u00e8res en l\u2019endroit su Khalife de la famille omarienne : \u00ab qu&rsquo;Allah puisse lui accorder une longue vie de sant\u00e9 et de f\u00e9licit\u00e9 et qu&rsquo;il puisse agr\u00e9er \u00e9galement les pri\u00e8res formul\u00e9es pour le S\u00e9n\u00e9gal\u00a0\u00bb. Samba SY.\" \/>\n<meta property=\"og:url\" content=\"https:\/\/www.public.sn\/index.php\/2022\/10\/14\/ousmane-sonko-chez-thierno-madani-tall\/\" \/>\n<meta property=\"og:site_name\" content=\"LE PUBLIC\" \/>\n<meta property=\"article:published_time\" content=\"2022-10-14T16:09:31+00:00\" \/>\n<meta property=\"article:modified_time\" content=\"2022-10-14T16:10:02+00:00\" \/>\n<meta property=\"og:image\" content=\"https:\/\/www.public.sn\/wp-content\/uploads\/2022\/10\/pastef.webp\" \/>\n\t<meta property=\"og:image:width\" content=\"1280\" \/>\n\t<meta property=\"og:image:height\" content=\"720\" \/>\n\t<meta property=\"og:image:type\" content=\"image\/webp\" \/>\n<meta name=\"author\" content=\"LA REDACTION\" \/>\n<meta name=\"twitter:card\" content=\"summary_large_image\" \/>\n<meta name=\"twitter:label1\" content=\"\u00c9crit par\" \/>\n\t<meta name=\"twitter:data1\" content=\"LA REDACTION\" \/>\n\t<meta name=\"twitter:label2\" content=\"Dur\u00e9e de lecture estim\u00e9e\" \/>\n\t<meta name=\"twitter:data2\" content=\"1 minute\" \/>\n<script type=\"application\/ld+json\" class=\"yoast-schema-graph\">{\"@context\":\"https:\/\/schema.org\",\"@graph\":[{\"@type\":\"Article\",\"@id\":\"https:\/\/www.public.sn\/index.php\/2022\/10\/14\/ousmane-sonko-chez-thierno-madani-tall\/#article\",\"isPartOf\":{\"@id\":\"https:\/\/www.public.sn\/index.php\/2022\/10\/14\/ousmane-sonko-chez-thierno-madani-tall\/\"},\"author\":{\"name\":\"LA REDACTION\",\"@id\":\"https:\/\/www.public.sn\/#\/schema\/person\/cb76c8e1b8becc6be61fb5e92d6d0224\"},\"headline\":\"Ousmane Sonko chez Thierno Madani Tall.\",\"datePublished\":\"2022-10-14T16:09:31+00:00\",\"dateModified\":\"2022-10-14T16:10:02+00:00\",\"mainEntityOfPage\":{\"@id\":\"https:\/\/www.public.sn\/index.php\/2022\/10\/14\/ousmane-sonko-chez-thierno-madani-tall\/\"},\"wordCount\":142,\"commentCount\":0,\"publisher\":{\"@id\":\"https:\/\/www.public.sn\/#organization\"},\"image\":{\"@id\":\"https:\/\/www.public.sn\/index.php\/2022\/10\/14\/ousmane-sonko-chez-thierno-madani-tall\/#primaryimage\"},\"thumbnailUrl\":\"https:\/\/www.public.sn\/wp-content\/uploads\/2022\/10\/pastef.webp\",\"keywords\":[\"Ousmane Sonko\",\"thierno madani\"],\"articleSection\":[\"ACTUALIT\u00c9S\",\"RELIGION\",\"S\u00c9N\u00c9GAL\"],\"inLanguage\":\"fr-FR\",\"potentialAction\":[{\"@type\":\"CommentAction\",\"name\":\"Comment\",\"target\":[\"https:\/\/www.public.sn\/index.php\/2022\/10\/14\/ousmane-sonko-chez-thierno-madani-tall\/#respond\"]}]},{\"@type\":\"WebPage\",\"@id\":\"https:\/\/www.public.sn\/index.php\/2022\/10\/14\/ousmane-sonko-chez-thierno-madani-tall\/\",\"url\":\"https:\/\/www.public.sn\/index.php\/2022\/10\/14\/ousmane-sonko-chez-thierno-madani-tall\/\",\"name\":\"Ousmane Sonko chez Thierno Madani Tall. - LE PUBLIC\",\"isPartOf\":{\"@id\":\"https:\/\/www.public.sn\/#website\"},\"primaryImageOfPage\":{\"@id\":\"https:\/\/www.public.sn\/index.php\/2022\/10\/14\/ousmane-sonko-chez-thierno-madani-tall\/#primaryimage\"},\"image\":{\"@id\":\"https:\/\/www.public.sn\/index.php\/2022\/10\/14\/ousmane-sonko-chez-thierno-madani-tall\/#primaryimage\"},\"thumbnailUrl\":\"https:\/\/www.public.sn\/wp-content\/uploads\/2022\/10\/pastef.webp\",\"datePublished\":\"2022-10-14T16:09:31+00:00\",\"dateModified\":\"2022-10-14T16:10:02+00:00\",\"breadcrumb\":{\"@id\":\"https:\/\/www.public.sn\/index.php\/2022\/10\/14\/ousmane-sonko-chez-thierno-madani-tall\/#breadcrumb\"},\"inLanguage\":\"fr-FR\",\"potentialAction\":[{\"@type\":\"ReadAction\",\"target\":[\"https:\/\/www.public.sn\/index.php\/2022\/10\/14\/ousmane-sonko-chez-thierno-madani-tall\/\"]}]},{\"@type\":\"ImageObject\",\"inLanguage\":\"fr-FR\",\"@id\":\"https:\/\/www.public.sn\/index.php\/2022\/10\/14\/ousmane-sonko-chez-thierno-madani-tall\/#primaryimage\",\"url\":\"https:\/\/www.public.sn\/wp-content\/uploads\/2022\/10\/pastef.webp\",\"contentUrl\":\"https:\/\/www.public.sn\/wp-content\/uploads\/2022\/10\/pastef.webp\",\"width\":1280,\"height\":720,\"caption\":\"publicsn\"},{\"@type\":\"BreadcrumbList\",\"@id\":\"https:\/\/www.public.sn\/index.php\/2022\/10\/14\/ousmane-sonko-chez-thierno-madani-tall\/#breadcrumb\",\"itemListElement\":[{\"@type\":\"ListItem\",\"position\":1,\"name\":\"Accueil\",\"item\":\"https:\/\/www.public.sn\/\"},{\"@type\":\"ListItem\",\"position\":2,\"name\":\"Ousmane Sonko chez Thierno Madani Tall.\"}]},{\"@type\":\"WebSite\",\"@id\":\"https:\/\/www.public.sn\/#website\",\"url\":\"https:\/\/www.public.sn\/\",\"name\":\"LE PUBLIC\",\"description\":\"\",\"publisher\":{\"@id\":\"https:\/\/www.public.sn\/#organization\"},\"potentialAction\":[{\"@type\":\"SearchAction\",\"target\":{\"@type\":\"EntryPoint\",\"urlTemplate\":\"https:\/\/www.public.sn\/?s={search_term_string}\"},\"query-input\":{\"@type\":\"PropertyValueSpecification\",\"valueRequired\":true,\"valueName\":\"search_term_string\"}}],\"inLanguage\":\"fr-FR\"},{\"@type\":\"Organization\",\"@id\":\"https:\/\/www.public.sn\/#organization\",\"name\":\"LE PUBLIC\",\"url\":\"https:\/\/www.public.sn\/\",\"logo\":{\"@type\":\"ImageObject\",\"inLanguage\":\"fr-FR\",\"@id\":\"https:\/\/www.public.sn\/#\/schema\/logo\/image\/\",\"url\":\"https:\/\/www.public.sn\/wp-content\/uploads\/2024\/05\/cropped-LOGO-PUBLIC.SN_.png\",\"contentUrl\":\"https:\/\/www.public.sn\/wp-content\/uploads\/2024\/05\/cropped-LOGO-PUBLIC.SN_.png\",\"width\":682,\"height\":192,\"caption\":\"LE PUBLIC\"},\"image\":{\"@id\":\"https:\/\/www.public.sn\/#\/schema\/logo\/image\/\"}},{\"@type\":\"Person\",\"@id\":\"https:\/\/www.public.sn\/#\/schema\/person\/cb76c8e1b8becc6be61fb5e92d6d0224\",\"name\":\"LA REDACTION\",\"image\":{\"@type\":\"ImageObject\",\"inLanguage\":\"fr-FR\",\"@id\":\"https:\/\/www.public.sn\/#\/schema\/person\/image\/\",\"url\":\"https:\/\/secure.gravatar.com\/avatar\/2dce5ddd34b8fef0180efe03aa2a9bee7d953856048f9a16b298190a3178407c?s=96&d=mm&r=g\",\"contentUrl\":\"https:\/\/secure.gravatar.com\/avatar\/2dce5ddd34b8fef0180efe03aa2a9bee7d953856048f9a16b298190a3178407c?s=96&d=mm&r=g\",\"caption\":\"LA REDACTION\"},\"url\":\"https:\/\/www.public.sn\/index.php\/author\/editeurpsn\/\"}]}<\/script>\n<!-- \/ Yoast SEO plugin. -->","yoast_head_json":{"title":"Ousmane Sonko chez Thierno Madani Tall. - LE PUBLIC","robots":{"index":"index","follow":"follow","max-snippet":"max-snippet:-1","max-image-preview":"max-image-preview:large","max-video-preview":"max-video-preview:-1"},"canonical":"https:\/\/www.public.sn\/index.php\/2022\/10\/14\/ousmane-sonko-chez-thierno-madani-tall\/","og_locale":"fr_FR","og_type":"article","og_title":"Ousmane Sonko chez Thierno Madani Tall. - LE PUBLIC","og_description":"Le pr\u00e9sident de Pastef a rendu une visite de courtoisie au khalife de la famille omarienne et \u00e0 cette occasion, Ousmane Sonko a vivement magnifi\u00e9 l\u2019accueil chaleureux de Thierno Madani Tall. \u00ab Je remercie tr\u00e8s sinc\u00e8rement le guide Thierno Madani Tall, \u00e0 qui j\u2019ai rendu une visite de courtoisie hier apr\u00e8s-midi, pour son accueil chaleureux \u00bb, se r\u00e9jouit-il. Ainsi, dit- il, \u201capr\u00e8s une heure de discussions tr\u00e8s agr\u00e9ables et profondes sur beaucoup de sujets, nous avons effectu\u00e9 ensemble la pri\u00e8re de Timis\u201d. Ousmane Sonko de formuler ses pri\u00e8res en l\u2019endroit su Khalife de la famille omarienne : \u00ab qu&rsquo;Allah puisse lui accorder une longue vie de sant\u00e9 et de f\u00e9licit\u00e9 et qu&rsquo;il puisse agr\u00e9er \u00e9galement les pri\u00e8res formul\u00e9es pour le S\u00e9n\u00e9gal\u00a0\u00bb. Samba SY.","og_url":"https:\/\/www.public.sn\/index.php\/2022\/10\/14\/ousmane-sonko-chez-thierno-madani-tall\/","og_site_name":"LE PUBLIC","article_published_time":"2022-10-14T16:09:31+00:00","article_modified_time":"2022-10-14T16:10:02+00:00","og_image":[{"width":1280,"height":720,"url":"https:\/\/www.public.sn\/wp-content\/uploads\/2022\/10\/pastef.webp","type":"image\/webp"}],"author":"LA REDACTION","twitter_card":"summary_large_image","twitter_misc":{"\u00c9crit par":"LA REDACTION","Dur\u00e9e de lecture estim\u00e9e":"1 minute"},"schema":{"@context":"https:\/\/schema.org","@graph":[{"@type":"Article","@id":"https:\/\/www.public.sn\/index.php\/2022\/10\/14\/ousmane-sonko-chez-thierno-madani-tall\/#article","isPartOf":{"@id":"https:\/\/www.public.sn\/index.php\/2022\/10\/14\/ousmane-sonko-chez-thierno-madani-tall\/"},"author":{"name":"LA REDACTION","@id":"https:\/\/www.public.sn\/#\/schema\/person\/cb76c8e1b8becc6be61fb5e92d6d0224"},"headline":"Ousmane Sonko chez Thierno Madani Tall.","datePublished":"2022-10-14T16:09:31+00:00","dateModified":"2022-10-14T16:10:02+00:00","mainEntityOfPage":{"@id":"https:\/\/www.public.sn\/index.php\/2022\/10\/14\/ousmane-sonko-chez-thierno-madani-tall\/"},"wordCount":142,"commentCount":0,"publisher":{"@id":"https:\/\/www.public.sn\/#organization"},"image":{"@id":"https:\/\/www.public.sn\/index.php\/2022\/10\/14\/ousmane-sonko-chez-thierno-madani-tall\/#primaryimage"},"thumbnailUrl":"https:\/\/www.public.sn\/wp-content\/uploads\/2022\/10\/pastef.webp","keywords":["Ousmane Sonko","thierno madani"],"articleSection":["ACTUALIT\u00c9S","RELIGION","S\u00c9N\u00c9GAL"],"inLanguage":"fr-FR","potentialAction":[{"@type":"CommentAction","name":"Comment","target":["https:\/\/www.public.sn\/index.php\/2022\/10\/14\/ousmane-sonko-chez-thierno-madani-tall\/#respond"]}]},{"@type":"WebPage","@id":"https:\/\/www.public.sn\/index.php\/2022\/10\/14\/ousmane-sonko-chez-thierno-madani-tall\/","url":"https:\/\/www.public.sn\/index.php\/2022\/10\/14\/ousmane-sonko-chez-thierno-madani-tall\/","name":"Ousmane Sonko chez Thierno Madani Tall. - LE PUBLIC","isPartOf":{"@id":"https:\/\/www.public.sn\/#website"},"primaryImageOfPage":{"@id":"https:\/\/www.public.sn\/index.php\/2022\/10\/14\/ousmane-sonko-chez-thierno-madani-tall\/#primaryimage"},"image":{"@id":"https:\/\/www.public.sn\/index.php\/2022\/10\/14\/ousmane-sonko-chez-thierno-madani-tall\/#primaryimage"},"thumbnailUrl":"https:\/\/www.public.sn\/wp-content\/uploads\/2022\/10\/pastef.webp","datePublished":"2022-10-14T16:09:31+00:00","dateModified":"2022-10-14T16:10:02+00:00","breadcrumb":{"@id":"https:\/\/www.public.sn\/index.php\/2022\/10\/14\/ousmane-sonko-chez-thierno-madani-tall\/#breadcrumb"},"inLanguage":"fr-FR","potentialAction":[{"@type":"ReadAction","target":["https:\/\/www.public.sn\/index.php\/2022\/10\/14\/ousmane-sonko-chez-thierno-madani-tall\/"]}]},{"@type":"ImageObject","inLanguage":"fr-FR","@id":"https:\/\/www.public.sn\/index.php\/2022\/10\/14\/ousmane-sonko-chez-thierno-madani-tall\/#primaryimage","url":"https:\/\/www.public.sn\/wp-content\/uploads\/2022\/10\/pastef.webp","contentUrl":"https:\/\/www.public.sn\/wp-content\/uploads\/2022\/10\/pastef.webp","width":1280,"height":720,"caption":"publicsn"},{"@type":"BreadcrumbList","@id":"https:\/\/www.public.sn\/index.php\/2022\/10\/14\/ousmane-sonko-chez-thierno-madani-tall\/#breadcrumb","itemListElement":[{"@type":"ListItem","position":1,"name":"Accueil","item":"https:\/\/www.public.sn\/"},{"@type":"ListItem","position":2,"name":"Ousmane Sonko chez Thierno Madani Tall."}]},{"@type":"WebSite","@id":"https:\/\/www.public.sn\/#website","url":"https:\/\/www.public.sn\/","name":"LE PUBLIC","description":"","publisher":{"@id":"https:\/\/www.public.sn\/#organization"},"potentialAction":[{"@type":"SearchAction","target":{"@type":"EntryPoint","urlTemplate":"https:\/\/www.public.sn\/?s={search_term_string}"},"query-input":{"@type":"PropertyValueSpecification","valueRequired":true,"valueName":"search_term_string"}}],"inLanguage":"fr-FR"},{"@type":"Organization","@id":"https:\/\/www.public.sn\/#organization","name":"LE PUBLIC","url":"https:\/\/www.public.sn\/","logo":{"@type":"ImageObject","inLanguage":"fr-FR","@id":"https:\/\/www.public.sn\/#\/schema\/logo\/image\/","url":"https:\/\/www.public.sn\/wp-content\/uploads\/2024\/05\/cropped-LOGO-PUBLIC.SN_.png","contentUrl":"https:\/\/www.public.sn\/wp-content\/uploads\/2024\/05\/cropped-LOGO-PUBLIC.SN_.png","width":682,"height":192,"caption":"LE PUBLIC"},"image":{"@id":"https:\/\/www.public.sn\/#\/schema\/logo\/image\/"}},{"@type":"Person","@id":"https:\/\/www.public.sn\/#\/schema\/person\/cb76c8e1b8becc6be61fb5e92d6d0224","name":"LA REDACTION","image":{"@type":"ImageObject","inLanguage":"fr-FR","@id":"https:\/\/www.public.sn\/#\/schema\/person\/image\/","url":"https:\/\/secure.gravatar.com\/avatar\/2dce5ddd34b8fef0180efe03aa2a9bee7d953856048f9a16b298190a3178407c?s=96&d=mm&r=g","contentUrl":"https:\/\/secure.gravatar.com\/avatar\/2dce5ddd34b8fef0180efe03aa2a9bee7d953856048f9a16b298190a3178407c?s=96&d=mm&r=g","caption":"LA REDACTION"},"url":"https:\/\/www.public.sn\/index.php\/author\/editeurpsn\/"}]}},"jetpack_featured_media_url":"https:\/\/www.public.sn\/wp-content\/uploads\/2022\/10\/pastef.webp","jetpack_sharing_enabled":true,"_links":{"self":[{"href":"https:\/\/www.public.sn\/index.php\/wp-json\/wp\/v2\/posts\/4606","targetHints":{"allow":["GET"]}}],"collection":[{"href":"https:\/\/www.public.sn\/index.php\/wp-json\/wp\/v2\/posts"}],"about":[{"href":"https:\/\/www.public.sn\/index.php\/wp-json\/wp\/v2\/types\/post"}],"author":[{"embeddable":true,"href":"https:\/\/www.public.sn\/index.php\/wp-json\/wp\/v2\/users\/7"}],"replies":[{"embeddable":true,"href":"https:\/\/www.public.sn\/index.php\/wp-json\/wp\/v2\/comments?post=4606"}],"version-history":[{"count":2,"href":"https:\/\/www.public.sn\/index.php\/wp-json\/wp\/v2\/posts\/4606\/revisions"}],"predecessor-version":[{"id":4612,"href":"https:\/\/www.public.sn\/index.php\/wp-json\/wp\/v2\/posts\/4606\/revisions\/4612"}],"wp:featuredmedia":[{"embeddable":true,"href":"https:\/\/www.public.sn\/index.php\/wp-json\/wp\/v2\/media\/4611"}],"wp:attachment":[{"href":"https:\/\/www.public.sn\/index.php\/wp-json\/wp\/v2\/media?parent=4606"}],"wp:term":[{"taxonomy":"category","embeddable":true,"href":"https:\/\/www.public.sn\/index.php\/wp-json\/wp\/v2\/categories?post=4606"},{"taxonomy":"post_tag","embeddable":true,"href":"https:\/\/www.public.sn\/index.php\/wp-json\/wp\/v2\/tags?post=4606"}],"curies":[{"name":"wp","href":"https:\/\/api.w.org\/{rel}","templated":true}]}}