{"id":4610,"date":"2022-10-14T16:29:48","date_gmt":"2022-10-14T16:29:48","guid":{"rendered":"https:\/\/www.public.sn\/?p=4610"},"modified":"2022-10-14T16:30:21","modified_gmt":"2022-10-14T16:30:21","slug":"kelcom-les-recoltes-demarrent","status":"publish","type":"post","link":"https:\/\/www.public.sn\/index.php\/2022\/10\/14\/kelcom-les-recoltes-demarrent\/","title":{"rendered":"Khelcom : Les r\u00e9coltes d\u00e9marrent."},"content":{"rendered":"\n<p>C\u2019est ce Samedi que d\u00e9marre les travaux de r\u00e9coltes de mil dans le p\u00e9rim\u00e8tre agrosylvopastoral de Khelcom  pr\u00e9vue ce 15  octobre 2022. Le ma\u00eetre d\u2019\u0153uvre n\u2019est nul autre que Dieuwrigne Cheikh Amar avec la b\u00e9n\u00e9diction de Serigne Cheikh Saliou Mback\u00e9, son guide religieux.<br><br><br>D\u2019une superficie de 45.000 hectares, Khelcom est le plus vaste champ en Afrique de l\u2019Ouest et permet de nourrir des milliers de talib\u00e9s dans les diff\u00e9rents daaras. D\u00e9j\u00e0 une grande ferveur est not\u00e9e \u00e0 Khelcom o\u00f9 des milliers de fid\u00e8les convergent pour r\u00e9pondre \u00e0 l\u2019appel de Dieuwrigne Cheikh Amar.<br><br>Samba SY.<br><\/p><div class=\"publi-paragraphe1\" style=\"margin-top: 10px;margin-bottom: 10px;margin-left: auto;margin-right: auto;text-align: center;\" id=\"publi-2545825368\"><div class=\"publi-adlabel\">Publicit\u00e9<\/div><script async src=\"\/\/pagead2.googlesyndication.com\/pagead\/js\/adsbygoogle.js?client=ca-pub-4089586018074219\" crossorigin=\"anonymous\"><\/script><ins class=\"adsbygoogle\" style=\"display:block;\" data-ad-client=\"ca-pub-4089586018074219\" \ndata-ad-slot=\"2087940154\" \ndata-ad-format=\"auto\"><\/ins>\n<script> \n(adsbygoogle = window.adsbygoogle || []).push({}); \n<\/script>\n<\/div>\n<div class=\"publi-apres-le-contenu\" style=\"margin-top: 10px;margin-bottom: 10px;margin-left: auto;margin-right: auto;text-align: center;\" id=\"publi-618269700\"><div class=\"publi-adlabel\">Publicit\u00e9<\/div><script async src=\"\/\/pagead2.googlesyndication.com\/pagead\/js\/adsbygoogle.js?client=ca-pub-4089586018074219\" crossorigin=\"anonymous\"><\/script><ins class=\"adsbygoogle\" style=\"display:block;\" data-ad-client=\"ca-pub-4089586018074219\" \ndata-ad-slot=\"2087940154\" \ndata-ad-format=\"auto\"><\/ins>\n<script> \n(adsbygoogle = window.adsbygoogle || []).push({}); \n<\/script>\n<\/div>","protected":false},"excerpt":{"rendered":"<p>C\u2019est ce Samedi que d\u00e9marre les travaux de r\u00e9coltes de mil dans le p\u00e9rim\u00e8tre agrosylvopastoral de Khelcom pr\u00e9vue ce 15 octobre 2022. Le ma\u00eetre d\u2019\u0153uvre n\u2019est nul autre que Dieuwrigne Cheikh Amar avec la b\u00e9n\u00e9diction de Serigne Cheikh Saliou Mback\u00e9, son guide religieux. D\u2019une superficie de 45.000 hectares, Khelcom est le plus vaste champ en Afrique de l\u2019Ouest et permet de nourrir des milliers de talib\u00e9s dans les diff\u00e9rents daaras. D\u00e9j\u00e0 une grande ferveur est not\u00e9e \u00e0 Khelcom o\u00f9 des milliers de fid\u00e8les convergent pour r\u00e9pondre \u00e0 l\u2019appel de Dieuwrigne Cheikh Amar. Samba SY.<\/p>\n","protected":false},"author":7,"featured_media":4616,"comment_status":"open","ping_status":"open","sticky":false,"template":"","format":"standard","meta":{"_jetpack_memberships_contains_paid_content":false,"footnotes":""},"categories":[375,878,1],"tags":[1521,1522,1520],"class_list":["post-4610","post","type-post","status-publish","format-standard","has-post-thumbnail","hentry","category-actualites","category-religion","category-non-classe","tag-champs","tag-cheikh-amar","tag-khelcom","entry","has-media","owp-thumbs-layout-horizontal","owp-btn-normal","owp-tabs-layout-horizontal","has-no-thumbnails","has-product-nav"],"yoast_head":"<!-- This site is optimized with the Yoast SEO plugin v25.5 - https:\/\/yoast.com\/wordpress\/plugins\/seo\/ -->\n<title>Khelcom : Les r\u00e9coltes d\u00e9marrent. - LE PUBLIC<\/title>\n<meta name=\"robots\" content=\"index, follow, max-snippet:-1, max-image-preview:large, max-video-preview:-1\" \/>\n<link rel=\"canonical\" href=\"https:\/\/www.public.sn\/index.php\/2022\/10\/14\/kelcom-les-recoltes-demarrent\/\" \/>\n<meta property=\"og:locale\" content=\"fr_FR\" \/>\n<meta property=\"og:type\" content=\"article\" \/>\n<meta property=\"og:title\" content=\"Khelcom : Les r\u00e9coltes d\u00e9marrent. - LE PUBLIC\" \/>\n<meta property=\"og:description\" content=\"C\u2019est ce Samedi que d\u00e9marre les travaux de r\u00e9coltes de mil dans le p\u00e9rim\u00e8tre agrosylvopastoral de Khelcom pr\u00e9vue ce 15 octobre 2022. Le ma\u00eetre d\u2019\u0153uvre n\u2019est nul autre que Dieuwrigne Cheikh Amar avec la b\u00e9n\u00e9diction de Serigne Cheikh Saliou Mback\u00e9, son guide religieux. D\u2019une superficie de 45.000 hectares, Khelcom est le plus vaste champ en Afrique de l\u2019Ouest et permet de nourrir des milliers de talib\u00e9s dans les diff\u00e9rents daaras. D\u00e9j\u00e0 une grande ferveur est not\u00e9e \u00e0 Khelcom o\u00f9 des milliers de fid\u00e8les convergent pour r\u00e9pondre \u00e0 l\u2019appel de Dieuwrigne Cheikh Amar. Samba SY.\" \/>\n<meta property=\"og:url\" content=\"https:\/\/www.public.sn\/index.php\/2022\/10\/14\/kelcom-les-recoltes-demarrent\/\" \/>\n<meta property=\"og:site_name\" content=\"LE PUBLIC\" \/>\n<meta property=\"article:published_time\" content=\"2022-10-14T16:29:48+00:00\" \/>\n<meta property=\"article:modified_time\" content=\"2022-10-14T16:30:21+00:00\" \/>\n<meta property=\"og:image\" content=\"https:\/\/www.public.sn\/wp-content\/uploads\/2022\/10\/khelcom.jpg\" \/>\n\t<meta property=\"og:image:width\" content=\"1024\" \/>\n\t<meta property=\"og:image:height\" content=\"683\" \/>\n\t<meta property=\"og:image:type\" content=\"image\/jpeg\" \/>\n<meta name=\"author\" content=\"LA REDACTION\" \/>\n<meta name=\"twitter:card\" content=\"summary_large_image\" \/>\n<meta name=\"twitter:label1\" content=\"\u00c9crit par\" \/>\n\t<meta name=\"twitter:data1\" content=\"LA REDACTION\" \/>\n\t<meta name=\"twitter:label2\" content=\"Dur\u00e9e de lecture estim\u00e9e\" \/>\n\t<meta name=\"twitter:data2\" content=\"1 minute\" \/>\n<script type=\"application\/ld+json\" class=\"yoast-schema-graph\">{\"@context\":\"https:\/\/schema.org\",\"@graph\":[{\"@type\":\"Article\",\"@id\":\"https:\/\/www.public.sn\/index.php\/2022\/10\/14\/kelcom-les-recoltes-demarrent\/#article\",\"isPartOf\":{\"@id\":\"https:\/\/www.public.sn\/index.php\/2022\/10\/14\/kelcom-les-recoltes-demarrent\/\"},\"author\":{\"name\":\"LA REDACTION\",\"@id\":\"https:\/\/www.public.sn\/#\/schema\/person\/cb76c8e1b8becc6be61fb5e92d6d0224\"},\"headline\":\"Khelcom : Les r\u00e9coltes d\u00e9marrent.\",\"datePublished\":\"2022-10-14T16:29:48+00:00\",\"dateModified\":\"2022-10-14T16:30:21+00:00\",\"mainEntityOfPage\":{\"@id\":\"https:\/\/www.public.sn\/index.php\/2022\/10\/14\/kelcom-les-recoltes-demarrent\/\"},\"wordCount\":115,\"commentCount\":1,\"publisher\":{\"@id\":\"https:\/\/www.public.sn\/#organization\"},\"image\":{\"@id\":\"https:\/\/www.public.sn\/index.php\/2022\/10\/14\/kelcom-les-recoltes-demarrent\/#primaryimage\"},\"thumbnailUrl\":\"https:\/\/www.public.sn\/wp-content\/uploads\/2022\/10\/khelcom.jpg\",\"keywords\":[\"champs\",\"cheikh amar\",\"khelcom\"],\"articleSection\":[\"ACTUALIT\u00c9S\",\"RELIGION\",\"S\u00c9N\u00c9GAL\"],\"inLanguage\":\"fr-FR\",\"potentialAction\":[{\"@type\":\"CommentAction\",\"name\":\"Comment\",\"target\":[\"https:\/\/www.public.sn\/index.php\/2022\/10\/14\/kelcom-les-recoltes-demarrent\/#respond\"]}]},{\"@type\":\"WebPage\",\"@id\":\"https:\/\/www.public.sn\/index.php\/2022\/10\/14\/kelcom-les-recoltes-demarrent\/\",\"url\":\"https:\/\/www.public.sn\/index.php\/2022\/10\/14\/kelcom-les-recoltes-demarrent\/\",\"name\":\"Khelcom : Les r\u00e9coltes d\u00e9marrent. - LE PUBLIC\",\"isPartOf\":{\"@id\":\"https:\/\/www.public.sn\/#website\"},\"primaryImageOfPage\":{\"@id\":\"https:\/\/www.public.sn\/index.php\/2022\/10\/14\/kelcom-les-recoltes-demarrent\/#primaryimage\"},\"image\":{\"@id\":\"https:\/\/www.public.sn\/index.php\/2022\/10\/14\/kelcom-les-recoltes-demarrent\/#primaryimage\"},\"thumbnailUrl\":\"https:\/\/www.public.sn\/wp-content\/uploads\/2022\/10\/khelcom.jpg\",\"datePublished\":\"2022-10-14T16:29:48+00:00\",\"dateModified\":\"2022-10-14T16:30:21+00:00\",\"breadcrumb\":{\"@id\":\"https:\/\/www.public.sn\/index.php\/2022\/10\/14\/kelcom-les-recoltes-demarrent\/#breadcrumb\"},\"inLanguage\":\"fr-FR\",\"potentialAction\":[{\"@type\":\"ReadAction\",\"target\":[\"https:\/\/www.public.sn\/index.php\/2022\/10\/14\/kelcom-les-recoltes-demarrent\/\"]}]},{\"@type\":\"ImageObject\",\"inLanguage\":\"fr-FR\",\"@id\":\"https:\/\/www.public.sn\/index.php\/2022\/10\/14\/kelcom-les-recoltes-demarrent\/#primaryimage\",\"url\":\"https:\/\/www.public.sn\/wp-content\/uploads\/2022\/10\/khelcom.jpg\",\"contentUrl\":\"https:\/\/www.public.sn\/wp-content\/uploads\/2022\/10\/khelcom.jpg\",\"width\":1024,\"height\":683,\"caption\":\"publicsn\"},{\"@type\":\"BreadcrumbList\",\"@id\":\"https:\/\/www.public.sn\/index.php\/2022\/10\/14\/kelcom-les-recoltes-demarrent\/#breadcrumb\",\"itemListElement\":[{\"@type\":\"ListItem\",\"position\":1,\"name\":\"Accueil\",\"item\":\"https:\/\/www.public.sn\/\"},{\"@type\":\"ListItem\",\"position\":2,\"name\":\"Khelcom : Les r\u00e9coltes d\u00e9marrent.\"}]},{\"@type\":\"WebSite\",\"@id\":\"https:\/\/www.public.sn\/#website\",\"url\":\"https:\/\/www.public.sn\/\",\"name\":\"LE PUBLIC\",\"description\":\"\",\"publisher\":{\"@id\":\"https:\/\/www.public.sn\/#organization\"},\"potentialAction\":[{\"@type\":\"SearchAction\",\"target\":{\"@type\":\"EntryPoint\",\"urlTemplate\":\"https:\/\/www.public.sn\/?s={search_term_string}\"},\"query-input\":{\"@type\":\"PropertyValueSpecification\",\"valueRequired\":true,\"valueName\":\"search_term_string\"}}],\"inLanguage\":\"fr-FR\"},{\"@type\":\"Organization\",\"@id\":\"https:\/\/www.public.sn\/#organization\",\"name\":\"LE PUBLIC\",\"url\":\"https:\/\/www.public.sn\/\",\"logo\":{\"@type\":\"ImageObject\",\"inLanguage\":\"fr-FR\",\"@id\":\"https:\/\/www.public.sn\/#\/schema\/logo\/image\/\",\"url\":\"https:\/\/www.public.sn\/wp-content\/uploads\/2024\/05\/cropped-LOGO-PUBLIC.SN_.png\",\"contentUrl\":\"https:\/\/www.public.sn\/wp-content\/uploads\/2024\/05\/cropped-LOGO-PUBLIC.SN_.png\",\"width\":682,\"height\":192,\"caption\":\"LE PUBLIC\"},\"image\":{\"@id\":\"https:\/\/www.public.sn\/#\/schema\/logo\/image\/\"}},{\"@type\":\"Person\",\"@id\":\"https:\/\/www.public.sn\/#\/schema\/person\/cb76c8e1b8becc6be61fb5e92d6d0224\",\"name\":\"LA REDACTION\",\"image\":{\"@type\":\"ImageObject\",\"inLanguage\":\"fr-FR\",\"@id\":\"https:\/\/www.public.sn\/#\/schema\/person\/image\/\",\"url\":\"https:\/\/secure.gravatar.com\/avatar\/2dce5ddd34b8fef0180efe03aa2a9bee7d953856048f9a16b298190a3178407c?s=96&d=mm&r=g\",\"contentUrl\":\"https:\/\/secure.gravatar.com\/avatar\/2dce5ddd34b8fef0180efe03aa2a9bee7d953856048f9a16b298190a3178407c?s=96&d=mm&r=g\",\"caption\":\"LA REDACTION\"},\"url\":\"https:\/\/www.public.sn\/index.php\/author\/editeurpsn\/\"}]}<\/script>\n<!-- \/ Yoast SEO plugin. -->","yoast_head_json":{"title":"Khelcom : Les r\u00e9coltes d\u00e9marrent. - LE PUBLIC","robots":{"index":"index","follow":"follow","max-snippet":"max-snippet:-1","max-image-preview":"max-image-preview:large","max-video-preview":"max-video-preview:-1"},"canonical":"https:\/\/www.public.sn\/index.php\/2022\/10\/14\/kelcom-les-recoltes-demarrent\/","og_locale":"fr_FR","og_type":"article","og_title":"Khelcom : Les r\u00e9coltes d\u00e9marrent. - LE PUBLIC","og_description":"C\u2019est ce Samedi que d\u00e9marre les travaux de r\u00e9coltes de mil dans le p\u00e9rim\u00e8tre agrosylvopastoral de Khelcom pr\u00e9vue ce 15 octobre 2022. Le ma\u00eetre d\u2019\u0153uvre n\u2019est nul autre que Dieuwrigne Cheikh Amar avec la b\u00e9n\u00e9diction de Serigne Cheikh Saliou Mback\u00e9, son guide religieux. D\u2019une superficie de 45.000 hectares, Khelcom est le plus vaste champ en Afrique de l\u2019Ouest et permet de nourrir des milliers de talib\u00e9s dans les diff\u00e9rents daaras. D\u00e9j\u00e0 une grande ferveur est not\u00e9e \u00e0 Khelcom o\u00f9 des milliers de fid\u00e8les convergent pour r\u00e9pondre \u00e0 l\u2019appel de Dieuwrigne Cheikh Amar. Samba SY.","og_url":"https:\/\/www.public.sn\/index.php\/2022\/10\/14\/kelcom-les-recoltes-demarrent\/","og_site_name":"LE PUBLIC","article_published_time":"2022-10-14T16:29:48+00:00","article_modified_time":"2022-10-14T16:30:21+00:00","og_image":[{"width":1024,"height":683,"url":"https:\/\/www.public.sn\/wp-content\/uploads\/2022\/10\/khelcom.jpg","type":"image\/jpeg"}],"author":"LA REDACTION","twitter_card":"summary_large_image","twitter_misc":{"\u00c9crit par":"LA REDACTION","Dur\u00e9e de lecture estim\u00e9e":"1 minute"},"schema":{"@context":"https:\/\/schema.org","@graph":[{"@type":"Article","@id":"https:\/\/www.public.sn\/index.php\/2022\/10\/14\/kelcom-les-recoltes-demarrent\/#article","isPartOf":{"@id":"https:\/\/www.public.sn\/index.php\/2022\/10\/14\/kelcom-les-recoltes-demarrent\/"},"author":{"name":"LA REDACTION","@id":"https:\/\/www.public.sn\/#\/schema\/person\/cb76c8e1b8becc6be61fb5e92d6d0224"},"headline":"Khelcom : Les r\u00e9coltes d\u00e9marrent.","datePublished":"2022-10-14T16:29:48+00:00","dateModified":"2022-10-14T16:30:21+00:00","mainEntityOfPage":{"@id":"https:\/\/www.public.sn\/index.php\/2022\/10\/14\/kelcom-les-recoltes-demarrent\/"},"wordCount":115,"commentCount":1,"publisher":{"@id":"https:\/\/www.public.sn\/#organization"},"image":{"@id":"https:\/\/www.public.sn\/index.php\/2022\/10\/14\/kelcom-les-recoltes-demarrent\/#primaryimage"},"thumbnailUrl":"https:\/\/www.public.sn\/wp-content\/uploads\/2022\/10\/khelcom.jpg","keywords":["champs","cheikh amar","khelcom"],"articleSection":["ACTUALIT\u00c9S","RELIGION","S\u00c9N\u00c9GAL"],"inLanguage":"fr-FR","potentialAction":[{"@type":"CommentAction","name":"Comment","target":["https:\/\/www.public.sn\/index.php\/2022\/10\/14\/kelcom-les-recoltes-demarrent\/#respond"]}]},{"@type":"WebPage","@id":"https:\/\/www.public.sn\/index.php\/2022\/10\/14\/kelcom-les-recoltes-demarrent\/","url":"https:\/\/www.public.sn\/index.php\/2022\/10\/14\/kelcom-les-recoltes-demarrent\/","name":"Khelcom : Les r\u00e9coltes d\u00e9marrent. - LE PUBLIC","isPartOf":{"@id":"https:\/\/www.public.sn\/#website"},"primaryImageOfPage":{"@id":"https:\/\/www.public.sn\/index.php\/2022\/10\/14\/kelcom-les-recoltes-demarrent\/#primaryimage"},"image":{"@id":"https:\/\/www.public.sn\/index.php\/2022\/10\/14\/kelcom-les-recoltes-demarrent\/#primaryimage"},"thumbnailUrl":"https:\/\/www.public.sn\/wp-content\/uploads\/2022\/10\/khelcom.jpg","datePublished":"2022-10-14T16:29:48+00:00","dateModified":"2022-10-14T16:30:21+00:00","breadcrumb":{"@id":"https:\/\/www.public.sn\/index.php\/2022\/10\/14\/kelcom-les-recoltes-demarrent\/#breadcrumb"},"inLanguage":"fr-FR","potentialAction":[{"@type":"ReadAction","target":["https:\/\/www.public.sn\/index.php\/2022\/10\/14\/kelcom-les-recoltes-demarrent\/"]}]},{"@type":"ImageObject","inLanguage":"fr-FR","@id":"https:\/\/www.public.sn\/index.php\/2022\/10\/14\/kelcom-les-recoltes-demarrent\/#primaryimage","url":"https:\/\/www.public.sn\/wp-content\/uploads\/2022\/10\/khelcom.jpg","contentUrl":"https:\/\/www.public.sn\/wp-content\/uploads\/2022\/10\/khelcom.jpg","width":1024,"height":683,"caption":"publicsn"},{"@type":"BreadcrumbList","@id":"https:\/\/www.public.sn\/index.php\/2022\/10\/14\/kelcom-les-recoltes-demarrent\/#breadcrumb","itemListElement":[{"@type":"ListItem","position":1,"name":"Accueil","item":"https:\/\/www.public.sn\/"},{"@type":"ListItem","position":2,"name":"Khelcom : Les r\u00e9coltes d\u00e9marrent."}]},{"@type":"WebSite","@id":"https:\/\/www.public.sn\/#website","url":"https:\/\/www.public.sn\/","name":"LE PUBLIC","description":"","publisher":{"@id":"https:\/\/www.public.sn\/#organization"},"potentialAction":[{"@type":"SearchAction","target":{"@type":"EntryPoint","urlTemplate":"https:\/\/www.public.sn\/?s={search_term_string}"},"query-input":{"@type":"PropertyValueSpecification","valueRequired":true,"valueName":"search_term_string"}}],"inLanguage":"fr-FR"},{"@type":"Organization","@id":"https:\/\/www.public.sn\/#organization","name":"LE PUBLIC","url":"https:\/\/www.public.sn\/","logo":{"@type":"ImageObject","inLanguage":"fr-FR","@id":"https:\/\/www.public.sn\/#\/schema\/logo\/image\/","url":"https:\/\/www.public.sn\/wp-content\/uploads\/2024\/05\/cropped-LOGO-PUBLIC.SN_.png","contentUrl":"https:\/\/www.public.sn\/wp-content\/uploads\/2024\/05\/cropped-LOGO-PUBLIC.SN_.png","width":682,"height":192,"caption":"LE PUBLIC"},"image":{"@id":"https:\/\/www.public.sn\/#\/schema\/logo\/image\/"}},{"@type":"Person","@id":"https:\/\/www.public.sn\/#\/schema\/person\/cb76c8e1b8becc6be61fb5e92d6d0224","name":"LA REDACTION","image":{"@type":"ImageObject","inLanguage":"fr-FR","@id":"https:\/\/www.public.sn\/#\/schema\/person\/image\/","url":"https:\/\/secure.gravatar.com\/avatar\/2dce5ddd34b8fef0180efe03aa2a9bee7d953856048f9a16b298190a3178407c?s=96&d=mm&r=g","contentUrl":"https:\/\/secure.gravatar.com\/avatar\/2dce5ddd34b8fef0180efe03aa2a9bee7d953856048f9a16b298190a3178407c?s=96&d=mm&r=g","caption":"LA REDACTION"},"url":"https:\/\/www.public.sn\/index.php\/author\/editeurpsn\/"}]}},"jetpack_featured_media_url":"https:\/\/www.public.sn\/wp-content\/uploads\/2022\/10\/khelcom.jpg","jetpack_sharing_enabled":true,"_links":{"self":[{"href":"https:\/\/www.public.sn\/index.php\/wp-json\/wp\/v2\/posts\/4610","targetHints":{"allow":["GET"]}}],"collection":[{"href":"https:\/\/www.public.sn\/index.php\/wp-json\/wp\/v2\/posts"}],"about":[{"href":"https:\/\/www.public.sn\/index.php\/wp-json\/wp\/v2\/types\/post"}],"author":[{"embeddable":true,"href":"https:\/\/www.public.sn\/index.php\/wp-json\/wp\/v2\/users\/7"}],"replies":[{"embeddable":true,"href":"https:\/\/www.public.sn\/index.php\/wp-json\/wp\/v2\/comments?post=4610"}],"version-history":[{"count":3,"href":"https:\/\/www.public.sn\/index.php\/wp-json\/wp\/v2\/posts\/4610\/revisions"}],"predecessor-version":[{"id":4618,"href":"https:\/\/www.public.sn\/index.php\/wp-json\/wp\/v2\/posts\/4610\/revisions\/4618"}],"wp:featuredmedia":[{"embeddable":true,"href":"https:\/\/www.public.sn\/index.php\/wp-json\/wp\/v2\/media\/4616"}],"wp:attachment":[{"href":"https:\/\/www.public.sn\/index.php\/wp-json\/wp\/v2\/media?parent=4610"}],"wp:term":[{"taxonomy":"category","embeddable":true,"href":"https:\/\/www.public.sn\/index.php\/wp-json\/wp\/v2\/categories?post=4610"},{"taxonomy":"post_tag","embeddable":true,"href":"https:\/\/www.public.sn\/index.php\/wp-json\/wp\/v2\/tags?post=4610"}],"curies":[{"name":"wp","href":"https:\/\/api.w.org\/{rel}","templated":true}]}}