{"id":4640,"date":"2022-10-14T18:27:16","date_gmt":"2022-10-14T18:27:16","guid":{"rendered":"https:\/\/www.public.sn\/?p=4640"},"modified":"2022-10-14T18:34:21","modified_gmt":"2022-10-14T18:34:21","slug":"les-verite-sur-la-naissance-de-la-fille-del-hadji-diouf-apres-six-mois-de-grossesse","status":"publish","type":"post","link":"https:\/\/www.public.sn\/index.php\/2022\/10\/14\/les-verite-sur-la-naissance-de-la-fille-del-hadji-diouf-apres-six-mois-de-grossesse\/","title":{"rendered":"Les v\u00e9rit\u00e9s sur la naissance de la fille d\u2019El Hadji Diouf apr\u00e8s six mois de grossesse"},"content":{"rendered":"\n<p><strong>La deuxi\u00e8me \u00e9pouse de l\u2019ancien attaquant qui a fait les beaux jours de l\u2019\u00e9quipe nationale du S\u00e9n\u00e9gal en 2022, a accouch\u00e9 d\u2019une fille apr\u00e8s seulement six mois de grossesse. Sur ce, le m\u00e9nage de l&rsquo;ancien international s\u00e9n\u00e9galais, El Hadji Ousseynou Diouf est propuls\u00e9 au devant de la sc\u00e8ne m\u00e9diatique. La naissance de sa fille issue de son deuxi\u00e8me mariage est sujet \u00e0 pol\u00e9mique pour certains.<\/strong><\/p><div class=\"publi-paragraphe1\" style=\"margin-top: 10px;margin-bottom: 10px;margin-left: auto;margin-right: auto;text-align: center;\" id=\"publi-3519949303\"><div class=\"publi-adlabel\">Publicit\u00e9<\/div><script async src=\"\/\/pagead2.googlesyndication.com\/pagead\/js\/adsbygoogle.js?client=ca-pub-4089586018074219\" crossorigin=\"anonymous\"><\/script><ins class=\"adsbygoogle\" style=\"display:block;\" data-ad-client=\"ca-pub-4089586018074219\" \ndata-ad-slot=\"2087940154\" \ndata-ad-format=\"auto\"><\/ins>\n<script> \n(adsbygoogle = window.adsbygoogle || []).push({}); \n<\/script>\n<\/div>\n\n\n\n<p><br>Alors qu\u2019une certaine presse soutient que la femme aurait \u00e9t\u00e9 engross\u00e9e avant m\u00eame le mariage.<\/p>\n\n\n\n<p><br>Mme Diouf n\u00e9e Nd\u00e8ye Aly a accouch\u00e9 plus t\u00f4t que pr\u00e9vu. Il s\u2019agit donc d\u2019un accouchement pr\u00e9coce. La deuxi\u00e8me femme de l\u2019ancien international s\u00e9n\u00e9galais est actuellement malade, hospitalis\u00e9e dans un h\u00f4pital de Paris o\u00f9 elle est prise en charge. Selon senegal7 le nouveau-n\u00e9 est en vie.<\/p>\n\n\n\n<p><br>Mame Marie THIAM<\/p>\n<div class=\"publi-apres-le-contenu\" style=\"margin-top: 10px;margin-bottom: 10px;margin-left: auto;margin-right: auto;text-align: center;\" id=\"publi-2321867887\"><div class=\"publi-adlabel\">Publicit\u00e9<\/div><script async src=\"\/\/pagead2.googlesyndication.com\/pagead\/js\/adsbygoogle.js?client=ca-pub-4089586018074219\" crossorigin=\"anonymous\"><\/script><ins class=\"adsbygoogle\" style=\"display:block;\" data-ad-client=\"ca-pub-4089586018074219\" \ndata-ad-slot=\"2087940154\" \ndata-ad-format=\"auto\"><\/ins>\n<script> \n(adsbygoogle = window.adsbygoogle || []).push({}); \n<\/script>\n<\/div>","protected":false},"excerpt":{"rendered":"<p>La deuxi\u00e8me \u00e9pouse de l\u2019ancien attaquant qui a fait les beaux jours de l\u2019\u00e9quipe nationale du S\u00e9n\u00e9gal en 2022, a accouch\u00e9 d\u2019une fille apr\u00e8s seulement six mois de grossesse. Sur ce, le m\u00e9nage de l&rsquo;ancien international s\u00e9n\u00e9galais, El Hadji Ousseynou Diouf est propuls\u00e9 au devant de la sc\u00e8ne m\u00e9diatique. La naissance de sa fille issue de son deuxi\u00e8me mariage est sujet \u00e0 pol\u00e9mique pour certains. Alors qu\u2019une certaine presse soutient que la femme aurait \u00e9t\u00e9 engross\u00e9e avant m\u00eame le mariage. Mme Diouf n\u00e9e Nd\u00e8ye Aly a accouch\u00e9 plus t\u00f4t que pr\u00e9vu. Il s\u2019agit donc d\u2019un accouchement pr\u00e9coce. La deuxi\u00e8me femme de l\u2019ancien international s\u00e9n\u00e9galais est actuellement malade, hospitalis\u00e9e dans un h\u00f4pital de Paris o\u00f9 elle est prise en charge. Selon senegal7 le nouveau-n\u00e9 est en vie. Mame Marie THIAM<\/p>\n","protected":false},"author":1,"featured_media":4641,"comment_status":"open","ping_status":"open","sticky":false,"template":"","format":"standard","meta":{"_jetpack_memberships_contains_paid_content":false,"footnotes":""},"categories":[379,5,4],"tags":[1530,1532,1531],"class_list":["post-4640","post","type-post","status-publish","format-standard","has-post-thumbnail","hentry","category-faits-divers","category-people","category-societe","tag-el-hadji-diouf","tag-grossesse","tag-mme-diouf","entry","has-media","owp-thumbs-layout-horizontal","owp-btn-normal","owp-tabs-layout-horizontal","has-no-thumbnails","has-product-nav"],"yoast_head":"<!-- This site is optimized with the Yoast SEO plugin v25.5 - https:\/\/yoast.com\/wordpress\/plugins\/seo\/ -->\n<title>Les v\u00e9rit\u00e9s sur la naissance de la fille d\u2019El Hadji Diouf apr\u00e8s six mois de grossesse - LE PUBLIC<\/title>\n<meta name=\"robots\" content=\"index, follow, max-snippet:-1, max-image-preview:large, max-video-preview:-1\" \/>\n<link rel=\"canonical\" href=\"https:\/\/www.public.sn\/index.php\/2022\/10\/14\/les-verite-sur-la-naissance-de-la-fille-del-hadji-diouf-apres-six-mois-de-grossesse\/\" \/>\n<meta property=\"og:locale\" content=\"fr_FR\" \/>\n<meta property=\"og:type\" content=\"article\" \/>\n<meta property=\"og:title\" content=\"Les v\u00e9rit\u00e9s sur la naissance de la fille d\u2019El Hadji Diouf apr\u00e8s six mois de grossesse - LE PUBLIC\" \/>\n<meta property=\"og:description\" content=\"La deuxi\u00e8me \u00e9pouse de l\u2019ancien attaquant qui a fait les beaux jours de l\u2019\u00e9quipe nationale du S\u00e9n\u00e9gal en 2022, a accouch\u00e9 d\u2019une fille apr\u00e8s seulement six mois de grossesse. Sur ce, le m\u00e9nage de l&rsquo;ancien international s\u00e9n\u00e9galais, El Hadji Ousseynou Diouf est propuls\u00e9 au devant de la sc\u00e8ne m\u00e9diatique. La naissance de sa fille issue de son deuxi\u00e8me mariage est sujet \u00e0 pol\u00e9mique pour certains. Alors qu\u2019une certaine presse soutient que la femme aurait \u00e9t\u00e9 engross\u00e9e avant m\u00eame le mariage. Mme Diouf n\u00e9e Nd\u00e8ye Aly a accouch\u00e9 plus t\u00f4t que pr\u00e9vu. Il s\u2019agit donc d\u2019un accouchement pr\u00e9coce. La deuxi\u00e8me femme de l\u2019ancien international s\u00e9n\u00e9galais est actuellement malade, hospitalis\u00e9e dans un h\u00f4pital de Paris o\u00f9 elle est prise en charge. Selon senegal7 le nouveau-n\u00e9 est en vie. Mame Marie THIAM\" \/>\n<meta property=\"og:url\" content=\"https:\/\/www.public.sn\/index.php\/2022\/10\/14\/les-verite-sur-la-naissance-de-la-fille-del-hadji-diouf-apres-six-mois-de-grossesse\/\" \/>\n<meta property=\"og:site_name\" content=\"LE PUBLIC\" \/>\n<meta property=\"article:published_time\" content=\"2022-10-14T18:27:16+00:00\" \/>\n<meta property=\"article:modified_time\" content=\"2022-10-14T18:34:21+00:00\" \/>\n<meta property=\"og:image\" content=\"https:\/\/www.public.sn\/wp-content\/uploads\/2022\/10\/elhadji-diouf.jpg\" \/>\n\t<meta property=\"og:image:width\" content=\"298\" \/>\n\t<meta property=\"og:image:height\" content=\"169\" \/>\n\t<meta property=\"og:image:type\" content=\"image\/jpeg\" \/>\n<meta name=\"author\" content=\"LA REDACTION\" \/>\n<meta name=\"twitter:card\" content=\"summary_large_image\" \/>\n<meta name=\"twitter:label1\" content=\"\u00c9crit par\" \/>\n\t<meta name=\"twitter:data1\" content=\"LA REDACTION\" \/>\n\t<meta name=\"twitter:label2\" content=\"Dur\u00e9e de lecture estim\u00e9e\" \/>\n\t<meta name=\"twitter:data2\" content=\"1 minute\" \/>\n<script type=\"application\/ld+json\" class=\"yoast-schema-graph\">{\"@context\":\"https:\/\/schema.org\",\"@graph\":[{\"@type\":\"Article\",\"@id\":\"https:\/\/www.public.sn\/index.php\/2022\/10\/14\/les-verite-sur-la-naissance-de-la-fille-del-hadji-diouf-apres-six-mois-de-grossesse\/#article\",\"isPartOf\":{\"@id\":\"https:\/\/www.public.sn\/index.php\/2022\/10\/14\/les-verite-sur-la-naissance-de-la-fille-del-hadji-diouf-apres-six-mois-de-grossesse\/\"},\"author\":{\"name\":\"LA REDACTION\",\"@id\":\"https:\/\/www.public.sn\/#\/schema\/person\/e3f4a11b037d4203902db148f9bc8d5a\"},\"headline\":\"Les v\u00e9rit\u00e9s sur la naissance de la fille d\u2019El Hadji Diouf apr\u00e8s six mois de grossesse\",\"datePublished\":\"2022-10-14T18:27:16+00:00\",\"dateModified\":\"2022-10-14T18:34:21+00:00\",\"mainEntityOfPage\":{\"@id\":\"https:\/\/www.public.sn\/index.php\/2022\/10\/14\/les-verite-sur-la-naissance-de-la-fille-del-hadji-diouf-apres-six-mois-de-grossesse\/\"},\"wordCount\":177,\"commentCount\":0,\"publisher\":{\"@id\":\"https:\/\/www.public.sn\/#organization\"},\"image\":{\"@id\":\"https:\/\/www.public.sn\/index.php\/2022\/10\/14\/les-verite-sur-la-naissance-de-la-fille-del-hadji-diouf-apres-six-mois-de-grossesse\/#primaryimage\"},\"thumbnailUrl\":\"https:\/\/www.public.sn\/wp-content\/uploads\/2022\/10\/elhadji-diouf.jpg\",\"keywords\":[\"el hadji diouf\",\"grossesse\",\"mme diouf\"],\"articleSection\":[\"FAITS DIVERS\",\"PEOPLE\",\"SOCIETE\"],\"inLanguage\":\"fr-FR\",\"potentialAction\":[{\"@type\":\"CommentAction\",\"name\":\"Comment\",\"target\":[\"https:\/\/www.public.sn\/index.php\/2022\/10\/14\/les-verite-sur-la-naissance-de-la-fille-del-hadji-diouf-apres-six-mois-de-grossesse\/#respond\"]}]},{\"@type\":\"WebPage\",\"@id\":\"https:\/\/www.public.sn\/index.php\/2022\/10\/14\/les-verite-sur-la-naissance-de-la-fille-del-hadji-diouf-apres-six-mois-de-grossesse\/\",\"url\":\"https:\/\/www.public.sn\/index.php\/2022\/10\/14\/les-verite-sur-la-naissance-de-la-fille-del-hadji-diouf-apres-six-mois-de-grossesse\/\",\"name\":\"Les v\u00e9rit\u00e9s sur la naissance de la fille d\u2019El Hadji Diouf apr\u00e8s six mois de grossesse - LE PUBLIC\",\"isPartOf\":{\"@id\":\"https:\/\/www.public.sn\/#website\"},\"primaryImageOfPage\":{\"@id\":\"https:\/\/www.public.sn\/index.php\/2022\/10\/14\/les-verite-sur-la-naissance-de-la-fille-del-hadji-diouf-apres-six-mois-de-grossesse\/#primaryimage\"},\"image\":{\"@id\":\"https:\/\/www.public.sn\/index.php\/2022\/10\/14\/les-verite-sur-la-naissance-de-la-fille-del-hadji-diouf-apres-six-mois-de-grossesse\/#primaryimage\"},\"thumbnailUrl\":\"https:\/\/www.public.sn\/wp-content\/uploads\/2022\/10\/elhadji-diouf.jpg\",\"datePublished\":\"2022-10-14T18:27:16+00:00\",\"dateModified\":\"2022-10-14T18:34:21+00:00\",\"breadcrumb\":{\"@id\":\"https:\/\/www.public.sn\/index.php\/2022\/10\/14\/les-verite-sur-la-naissance-de-la-fille-del-hadji-diouf-apres-six-mois-de-grossesse\/#breadcrumb\"},\"inLanguage\":\"fr-FR\",\"potentialAction\":[{\"@type\":\"ReadAction\",\"target\":[\"https:\/\/www.public.sn\/index.php\/2022\/10\/14\/les-verite-sur-la-naissance-de-la-fille-del-hadji-diouf-apres-six-mois-de-grossesse\/\"]}]},{\"@type\":\"ImageObject\",\"inLanguage\":\"fr-FR\",\"@id\":\"https:\/\/www.public.sn\/index.php\/2022\/10\/14\/les-verite-sur-la-naissance-de-la-fille-del-hadji-diouf-apres-six-mois-de-grossesse\/#primaryimage\",\"url\":\"https:\/\/www.public.sn\/wp-content\/uploads\/2022\/10\/elhadji-diouf.jpg\",\"contentUrl\":\"https:\/\/www.public.sn\/wp-content\/uploads\/2022\/10\/elhadji-diouf.jpg\",\"width\":298,\"height\":169},{\"@type\":\"BreadcrumbList\",\"@id\":\"https:\/\/www.public.sn\/index.php\/2022\/10\/14\/les-verite-sur-la-naissance-de-la-fille-del-hadji-diouf-apres-six-mois-de-grossesse\/#breadcrumb\",\"itemListElement\":[{\"@type\":\"ListItem\",\"position\":1,\"name\":\"Accueil\",\"item\":\"https:\/\/www.public.sn\/\"},{\"@type\":\"ListItem\",\"position\":2,\"name\":\"Les v\u00e9rit\u00e9s sur la naissance de la fille d\u2019El Hadji Diouf apr\u00e8s six mois de grossesse\"}]},{\"@type\":\"WebSite\",\"@id\":\"https:\/\/www.public.sn\/#website\",\"url\":\"https:\/\/www.public.sn\/\",\"name\":\"LE PUBLIC\",\"description\":\"\",\"publisher\":{\"@id\":\"https:\/\/www.public.sn\/#organization\"},\"potentialAction\":[{\"@type\":\"SearchAction\",\"target\":{\"@type\":\"EntryPoint\",\"urlTemplate\":\"https:\/\/www.public.sn\/?s={search_term_string}\"},\"query-input\":{\"@type\":\"PropertyValueSpecification\",\"valueRequired\":true,\"valueName\":\"search_term_string\"}}],\"inLanguage\":\"fr-FR\"},{\"@type\":\"Organization\",\"@id\":\"https:\/\/www.public.sn\/#organization\",\"name\":\"LE PUBLIC\",\"url\":\"https:\/\/www.public.sn\/\",\"logo\":{\"@type\":\"ImageObject\",\"inLanguage\":\"fr-FR\",\"@id\":\"https:\/\/www.public.sn\/#\/schema\/logo\/image\/\",\"url\":\"https:\/\/www.public.sn\/wp-content\/uploads\/2024\/05\/cropped-LOGO-PUBLIC.SN_.png\",\"contentUrl\":\"https:\/\/www.public.sn\/wp-content\/uploads\/2024\/05\/cropped-LOGO-PUBLIC.SN_.png\",\"width\":682,\"height\":192,\"caption\":\"LE PUBLIC\"},\"image\":{\"@id\":\"https:\/\/www.public.sn\/#\/schema\/logo\/image\/\"}},{\"@type\":\"Person\",\"@id\":\"https:\/\/www.public.sn\/#\/schema\/person\/e3f4a11b037d4203902db148f9bc8d5a\",\"name\":\"LA REDACTION\",\"image\":{\"@type\":\"ImageObject\",\"inLanguage\":\"fr-FR\",\"@id\":\"https:\/\/www.public.sn\/#\/schema\/person\/image\/\",\"url\":\"https:\/\/secure.gravatar.com\/avatar\/d6c030db45db2883c075085c5d6c6258654a801a93766b49af0b82d4f454e2a5?s=96&d=mm&r=g\",\"contentUrl\":\"https:\/\/secure.gravatar.com\/avatar\/d6c030db45db2883c075085c5d6c6258654a801a93766b49af0b82d4f454e2a5?s=96&d=mm&r=g\",\"caption\":\"LA REDACTION\"},\"sameAs\":[\"http:\/\/www.public.sn\"],\"url\":\"https:\/\/www.public.sn\/index.php\/author\/admin7324\/\"}]}<\/script>\n<!-- \/ Yoast SEO plugin. -->","yoast_head_json":{"title":"Les v\u00e9rit\u00e9s sur la naissance de la fille d\u2019El Hadji Diouf apr\u00e8s six mois de grossesse - LE PUBLIC","robots":{"index":"index","follow":"follow","max-snippet":"max-snippet:-1","max-image-preview":"max-image-preview:large","max-video-preview":"max-video-preview:-1"},"canonical":"https:\/\/www.public.sn\/index.php\/2022\/10\/14\/les-verite-sur-la-naissance-de-la-fille-del-hadji-diouf-apres-six-mois-de-grossesse\/","og_locale":"fr_FR","og_type":"article","og_title":"Les v\u00e9rit\u00e9s sur la naissance de la fille d\u2019El Hadji Diouf apr\u00e8s six mois de grossesse - LE PUBLIC","og_description":"La deuxi\u00e8me \u00e9pouse de l\u2019ancien attaquant qui a fait les beaux jours de l\u2019\u00e9quipe nationale du S\u00e9n\u00e9gal en 2022, a accouch\u00e9 d\u2019une fille apr\u00e8s seulement six mois de grossesse. Sur ce, le m\u00e9nage de l&rsquo;ancien international s\u00e9n\u00e9galais, El Hadji Ousseynou Diouf est propuls\u00e9 au devant de la sc\u00e8ne m\u00e9diatique. La naissance de sa fille issue de son deuxi\u00e8me mariage est sujet \u00e0 pol\u00e9mique pour certains. Alors qu\u2019une certaine presse soutient que la femme aurait \u00e9t\u00e9 engross\u00e9e avant m\u00eame le mariage. Mme Diouf n\u00e9e Nd\u00e8ye Aly a accouch\u00e9 plus t\u00f4t que pr\u00e9vu. Il s\u2019agit donc d\u2019un accouchement pr\u00e9coce. La deuxi\u00e8me femme de l\u2019ancien international s\u00e9n\u00e9galais est actuellement malade, hospitalis\u00e9e dans un h\u00f4pital de Paris o\u00f9 elle est prise en charge. Selon senegal7 le nouveau-n\u00e9 est en vie. Mame Marie THIAM","og_url":"https:\/\/www.public.sn\/index.php\/2022\/10\/14\/les-verite-sur-la-naissance-de-la-fille-del-hadji-diouf-apres-six-mois-de-grossesse\/","og_site_name":"LE PUBLIC","article_published_time":"2022-10-14T18:27:16+00:00","article_modified_time":"2022-10-14T18:34:21+00:00","og_image":[{"width":298,"height":169,"url":"https:\/\/www.public.sn\/wp-content\/uploads\/2022\/10\/elhadji-diouf.jpg","type":"image\/jpeg"}],"author":"LA REDACTION","twitter_card":"summary_large_image","twitter_misc":{"\u00c9crit par":"LA REDACTION","Dur\u00e9e de lecture estim\u00e9e":"1 minute"},"schema":{"@context":"https:\/\/schema.org","@graph":[{"@type":"Article","@id":"https:\/\/www.public.sn\/index.php\/2022\/10\/14\/les-verite-sur-la-naissance-de-la-fille-del-hadji-diouf-apres-six-mois-de-grossesse\/#article","isPartOf":{"@id":"https:\/\/www.public.sn\/index.php\/2022\/10\/14\/les-verite-sur-la-naissance-de-la-fille-del-hadji-diouf-apres-six-mois-de-grossesse\/"},"author":{"name":"LA REDACTION","@id":"https:\/\/www.public.sn\/#\/schema\/person\/e3f4a11b037d4203902db148f9bc8d5a"},"headline":"Les v\u00e9rit\u00e9s sur la naissance de la fille d\u2019El Hadji Diouf apr\u00e8s six mois de grossesse","datePublished":"2022-10-14T18:27:16+00:00","dateModified":"2022-10-14T18:34:21+00:00","mainEntityOfPage":{"@id":"https:\/\/www.public.sn\/index.php\/2022\/10\/14\/les-verite-sur-la-naissance-de-la-fille-del-hadji-diouf-apres-six-mois-de-grossesse\/"},"wordCount":177,"commentCount":0,"publisher":{"@id":"https:\/\/www.public.sn\/#organization"},"image":{"@id":"https:\/\/www.public.sn\/index.php\/2022\/10\/14\/les-verite-sur-la-naissance-de-la-fille-del-hadji-diouf-apres-six-mois-de-grossesse\/#primaryimage"},"thumbnailUrl":"https:\/\/www.public.sn\/wp-content\/uploads\/2022\/10\/elhadji-diouf.jpg","keywords":["el hadji diouf","grossesse","mme diouf"],"articleSection":["FAITS DIVERS","PEOPLE","SOCIETE"],"inLanguage":"fr-FR","potentialAction":[{"@type":"CommentAction","name":"Comment","target":["https:\/\/www.public.sn\/index.php\/2022\/10\/14\/les-verite-sur-la-naissance-de-la-fille-del-hadji-diouf-apres-six-mois-de-grossesse\/#respond"]}]},{"@type":"WebPage","@id":"https:\/\/www.public.sn\/index.php\/2022\/10\/14\/les-verite-sur-la-naissance-de-la-fille-del-hadji-diouf-apres-six-mois-de-grossesse\/","url":"https:\/\/www.public.sn\/index.php\/2022\/10\/14\/les-verite-sur-la-naissance-de-la-fille-del-hadji-diouf-apres-six-mois-de-grossesse\/","name":"Les v\u00e9rit\u00e9s sur la naissance de la fille d\u2019El Hadji Diouf apr\u00e8s six mois de grossesse - LE PUBLIC","isPartOf":{"@id":"https:\/\/www.public.sn\/#website"},"primaryImageOfPage":{"@id":"https:\/\/www.public.sn\/index.php\/2022\/10\/14\/les-verite-sur-la-naissance-de-la-fille-del-hadji-diouf-apres-six-mois-de-grossesse\/#primaryimage"},"image":{"@id":"https:\/\/www.public.sn\/index.php\/2022\/10\/14\/les-verite-sur-la-naissance-de-la-fille-del-hadji-diouf-apres-six-mois-de-grossesse\/#primaryimage"},"thumbnailUrl":"https:\/\/www.public.sn\/wp-content\/uploads\/2022\/10\/elhadji-diouf.jpg","datePublished":"2022-10-14T18:27:16+00:00","dateModified":"2022-10-14T18:34:21+00:00","breadcrumb":{"@id":"https:\/\/www.public.sn\/index.php\/2022\/10\/14\/les-verite-sur-la-naissance-de-la-fille-del-hadji-diouf-apres-six-mois-de-grossesse\/#breadcrumb"},"inLanguage":"fr-FR","potentialAction":[{"@type":"ReadAction","target":["https:\/\/www.public.sn\/index.php\/2022\/10\/14\/les-verite-sur-la-naissance-de-la-fille-del-hadji-diouf-apres-six-mois-de-grossesse\/"]}]},{"@type":"ImageObject","inLanguage":"fr-FR","@id":"https:\/\/www.public.sn\/index.php\/2022\/10\/14\/les-verite-sur-la-naissance-de-la-fille-del-hadji-diouf-apres-six-mois-de-grossesse\/#primaryimage","url":"https:\/\/www.public.sn\/wp-content\/uploads\/2022\/10\/elhadji-diouf.jpg","contentUrl":"https:\/\/www.public.sn\/wp-content\/uploads\/2022\/10\/elhadji-diouf.jpg","width":298,"height":169},{"@type":"BreadcrumbList","@id":"https:\/\/www.public.sn\/index.php\/2022\/10\/14\/les-verite-sur-la-naissance-de-la-fille-del-hadji-diouf-apres-six-mois-de-grossesse\/#breadcrumb","itemListElement":[{"@type":"ListItem","position":1,"name":"Accueil","item":"https:\/\/www.public.sn\/"},{"@type":"ListItem","position":2,"name":"Les v\u00e9rit\u00e9s sur la naissance de la fille d\u2019El Hadji Diouf apr\u00e8s six mois de grossesse"}]},{"@type":"WebSite","@id":"https:\/\/www.public.sn\/#website","url":"https:\/\/www.public.sn\/","name":"LE PUBLIC","description":"","publisher":{"@id":"https:\/\/www.public.sn\/#organization"},"potentialAction":[{"@type":"SearchAction","target":{"@type":"EntryPoint","urlTemplate":"https:\/\/www.public.sn\/?s={search_term_string}"},"query-input":{"@type":"PropertyValueSpecification","valueRequired":true,"valueName":"search_term_string"}}],"inLanguage":"fr-FR"},{"@type":"Organization","@id":"https:\/\/www.public.sn\/#organization","name":"LE PUBLIC","url":"https:\/\/www.public.sn\/","logo":{"@type":"ImageObject","inLanguage":"fr-FR","@id":"https:\/\/www.public.sn\/#\/schema\/logo\/image\/","url":"https:\/\/www.public.sn\/wp-content\/uploads\/2024\/05\/cropped-LOGO-PUBLIC.SN_.png","contentUrl":"https:\/\/www.public.sn\/wp-content\/uploads\/2024\/05\/cropped-LOGO-PUBLIC.SN_.png","width":682,"height":192,"caption":"LE PUBLIC"},"image":{"@id":"https:\/\/www.public.sn\/#\/schema\/logo\/image\/"}},{"@type":"Person","@id":"https:\/\/www.public.sn\/#\/schema\/person\/e3f4a11b037d4203902db148f9bc8d5a","name":"LA REDACTION","image":{"@type":"ImageObject","inLanguage":"fr-FR","@id":"https:\/\/www.public.sn\/#\/schema\/person\/image\/","url":"https:\/\/secure.gravatar.com\/avatar\/d6c030db45db2883c075085c5d6c6258654a801a93766b49af0b82d4f454e2a5?s=96&d=mm&r=g","contentUrl":"https:\/\/secure.gravatar.com\/avatar\/d6c030db45db2883c075085c5d6c6258654a801a93766b49af0b82d4f454e2a5?s=96&d=mm&r=g","caption":"LA REDACTION"},"sameAs":["http:\/\/www.public.sn"],"url":"https:\/\/www.public.sn\/index.php\/author\/admin7324\/"}]}},"jetpack_featured_media_url":"https:\/\/www.public.sn\/wp-content\/uploads\/2022\/10\/elhadji-diouf.jpg","jetpack_sharing_enabled":true,"_links":{"self":[{"href":"https:\/\/www.public.sn\/index.php\/wp-json\/wp\/v2\/posts\/4640","targetHints":{"allow":["GET"]}}],"collection":[{"href":"https:\/\/www.public.sn\/index.php\/wp-json\/wp\/v2\/posts"}],"about":[{"href":"https:\/\/www.public.sn\/index.php\/wp-json\/wp\/v2\/types\/post"}],"author":[{"embeddable":true,"href":"https:\/\/www.public.sn\/index.php\/wp-json\/wp\/v2\/users\/1"}],"replies":[{"embeddable":true,"href":"https:\/\/www.public.sn\/index.php\/wp-json\/wp\/v2\/comments?post=4640"}],"version-history":[{"count":4,"href":"https:\/\/www.public.sn\/index.php\/wp-json\/wp\/v2\/posts\/4640\/revisions"}],"predecessor-version":[{"id":4646,"href":"https:\/\/www.public.sn\/index.php\/wp-json\/wp\/v2\/posts\/4640\/revisions\/4646"}],"wp:featuredmedia":[{"embeddable":true,"href":"https:\/\/www.public.sn\/index.php\/wp-json\/wp\/v2\/media\/4641"}],"wp:attachment":[{"href":"https:\/\/www.public.sn\/index.php\/wp-json\/wp\/v2\/media?parent=4640"}],"wp:term":[{"taxonomy":"category","embeddable":true,"href":"https:\/\/www.public.sn\/index.php\/wp-json\/wp\/v2\/categories?post=4640"},{"taxonomy":"post_tag","embeddable":true,"href":"https:\/\/www.public.sn\/index.php\/wp-json\/wp\/v2\/tags?post=4640"}],"curies":[{"name":"wp","href":"https:\/\/api.w.org\/{rel}","templated":true}]}}