{"id":4649,"date":"2022-10-15T08:21:00","date_gmt":"2022-10-15T08:21:00","guid":{"rendered":"https:\/\/www.public.sn\/?p=4649"},"modified":"2022-10-15T08:21:03","modified_gmt":"2022-10-15T08:21:03","slug":"gamou-yeewu-a-ndiassane","status":"publish","type":"post","link":"https:\/\/www.public.sn\/index.php\/2022\/10\/15\/gamou-yeewu-a-ndiassane\/","title":{"rendered":"Gamou : Yeewu \u00e0 Ndiassane."},"content":{"rendered":"\n<p>Une d\u00e9l\u00e9gation de la coalition Yeewi Askan Wi  conduite par Ousmane Sonko et Aida Mbodj s\u2019est rendue \u00e0 Ndiassane.<br><br><br>Serigne Cheikh B\u00e9caye Kounta a re\u00e7u la d\u00e9l\u00e9gation des leaders de la Coalition Yewwi Askan Wi  qui \u00e9tait partie pr\u00e9senter son \u00ab ziar\u2019 au Khalife g\u00e9n\u00e9ral de la famille Kountiyou de Ndiassane. La ville qui c\u00e9l\u00e8bre ce Samedi son Gamou<br><br><br>Le th\u00e8me retenu pour cette 139e \u00e9dition de est  : \u00ab\u00a0La fraternit\u00e9 islamique et la contribution des Kounta dans sa consolidation\u00a0\u00bb.<br><br>Samba SY.<br><\/p><div class=\"publi-paragraphe1\" style=\"margin-top: 10px;margin-bottom: 10px;margin-left: auto;margin-right: auto;text-align: center;\" id=\"publi-1643584458\"><div class=\"publi-adlabel\">Publicit\u00e9<\/div><script async src=\"\/\/pagead2.googlesyndication.com\/pagead\/js\/adsbygoogle.js?client=ca-pub-4089586018074219\" crossorigin=\"anonymous\"><\/script><ins class=\"adsbygoogle\" style=\"display:block;\" data-ad-client=\"ca-pub-4089586018074219\" \ndata-ad-slot=\"2087940154\" \ndata-ad-format=\"auto\"><\/ins>\n<script> \n(adsbygoogle = window.adsbygoogle || []).push({}); \n<\/script>\n<\/div>\n<div class=\"publi-apres-le-contenu\" style=\"margin-top: 10px;margin-bottom: 10px;margin-left: auto;margin-right: auto;text-align: center;\" id=\"publi-401798389\"><div class=\"publi-adlabel\">Publicit\u00e9<\/div><script async src=\"\/\/pagead2.googlesyndication.com\/pagead\/js\/adsbygoogle.js?client=ca-pub-4089586018074219\" crossorigin=\"anonymous\"><\/script><ins class=\"adsbygoogle\" style=\"display:block;\" data-ad-client=\"ca-pub-4089586018074219\" \ndata-ad-slot=\"2087940154\" \ndata-ad-format=\"auto\"><\/ins>\n<script> \n(adsbygoogle = window.adsbygoogle || []).push({}); \n<\/script>\n<\/div>","protected":false},"excerpt":{"rendered":"<p>Une d\u00e9l\u00e9gation de la coalition Yeewi Askan Wi conduite par Ousmane Sonko et Aida Mbodj s\u2019est rendue \u00e0 Ndiassane. Serigne Cheikh B\u00e9caye Kounta a re\u00e7u la d\u00e9l\u00e9gation des leaders de la Coalition Yewwi Askan Wi qui \u00e9tait partie pr\u00e9senter son \u00ab ziar\u2019 au Khalife g\u00e9n\u00e9ral de la famille Kountiyou de Ndiassane. La ville qui c\u00e9l\u00e8bre ce Samedi son Gamou Le th\u00e8me retenu pour cette 139e \u00e9dition de est : \u00ab\u00a0La fraternit\u00e9 islamique et la contribution des Kounta dans sa consolidation\u00a0\u00bb. Samba SY.<\/p>\n","protected":false},"author":7,"featured_media":4656,"comment_status":"open","ping_status":"open","sticky":false,"template":"","format":"standard","meta":{"_jetpack_memberships_contains_paid_content":false,"footnotes":""},"categories":[375,878,1],"tags":[1534,959,1458],"class_list":["post-4649","post","type-post","status-publish","format-standard","has-post-thumbnail","hentry","category-actualites","category-religion","category-non-classe","tag-felegation-yeewi","tag-gamou","tag-ndiassane","entry","has-media","owp-thumbs-layout-horizontal","owp-btn-normal","owp-tabs-layout-horizontal","has-no-thumbnails","has-product-nav"],"yoast_head":"<!-- This site is optimized with the Yoast SEO plugin v25.5 - https:\/\/yoast.com\/wordpress\/plugins\/seo\/ -->\n<title>Gamou : Yeewu \u00e0 Ndiassane. - LE PUBLIC<\/title>\n<meta name=\"robots\" content=\"index, follow, max-snippet:-1, max-image-preview:large, max-video-preview:-1\" \/>\n<link rel=\"canonical\" href=\"https:\/\/www.public.sn\/index.php\/2022\/10\/15\/gamou-yeewu-a-ndiassane\/\" \/>\n<meta property=\"og:locale\" content=\"fr_FR\" \/>\n<meta property=\"og:type\" content=\"article\" \/>\n<meta property=\"og:title\" content=\"Gamou : Yeewu \u00e0 Ndiassane. - LE PUBLIC\" \/>\n<meta property=\"og:description\" content=\"Une d\u00e9l\u00e9gation de la coalition Yeewi Askan Wi conduite par Ousmane Sonko et Aida Mbodj s\u2019est rendue \u00e0 Ndiassane. Serigne Cheikh B\u00e9caye Kounta a re\u00e7u la d\u00e9l\u00e9gation des leaders de la Coalition Yewwi Askan Wi qui \u00e9tait partie pr\u00e9senter son \u00ab ziar\u2019 au Khalife g\u00e9n\u00e9ral de la famille Kountiyou de Ndiassane. La ville qui c\u00e9l\u00e8bre ce Samedi son Gamou Le th\u00e8me retenu pour cette 139e \u00e9dition de est : \u00ab\u00a0La fraternit\u00e9 islamique et la contribution des Kounta dans sa consolidation\u00a0\u00bb. Samba SY.\" \/>\n<meta property=\"og:url\" content=\"https:\/\/www.public.sn\/index.php\/2022\/10\/15\/gamou-yeewu-a-ndiassane\/\" \/>\n<meta property=\"og:site_name\" content=\"LE PUBLIC\" \/>\n<meta property=\"article:published_time\" content=\"2022-10-15T08:21:00+00:00\" \/>\n<meta property=\"article:modified_time\" content=\"2022-10-15T08:21:03+00:00\" \/>\n<meta property=\"og:image\" content=\"https:\/\/www.public.sn\/wp-content\/uploads\/2022\/10\/aida.jpg\" \/>\n\t<meta property=\"og:image:width\" content=\"620\" \/>\n\t<meta property=\"og:image:height\" content=\"400\" \/>\n\t<meta property=\"og:image:type\" content=\"image\/jpeg\" \/>\n<meta name=\"author\" content=\"LA REDACTION\" \/>\n<meta name=\"twitter:card\" content=\"summary_large_image\" \/>\n<meta name=\"twitter:label1\" content=\"\u00c9crit par\" \/>\n\t<meta name=\"twitter:data1\" content=\"LA REDACTION\" \/>\n\t<meta name=\"twitter:label2\" content=\"Dur\u00e9e de lecture estim\u00e9e\" \/>\n\t<meta name=\"twitter:data2\" content=\"1 minute\" \/>\n<script type=\"application\/ld+json\" class=\"yoast-schema-graph\">{\"@context\":\"https:\/\/schema.org\",\"@graph\":[{\"@type\":\"Article\",\"@id\":\"https:\/\/www.public.sn\/index.php\/2022\/10\/15\/gamou-yeewu-a-ndiassane\/#article\",\"isPartOf\":{\"@id\":\"https:\/\/www.public.sn\/index.php\/2022\/10\/15\/gamou-yeewu-a-ndiassane\/\"},\"author\":{\"name\":\"LA REDACTION\",\"@id\":\"https:\/\/www.public.sn\/#\/schema\/person\/cb76c8e1b8becc6be61fb5e92d6d0224\"},\"headline\":\"Gamou : Yeewu \u00e0 Ndiassane.\",\"datePublished\":\"2022-10-15T08:21:00+00:00\",\"dateModified\":\"2022-10-15T08:21:03+00:00\",\"mainEntityOfPage\":{\"@id\":\"https:\/\/www.public.sn\/index.php\/2022\/10\/15\/gamou-yeewu-a-ndiassane\/\"},\"wordCount\":95,\"commentCount\":0,\"publisher\":{\"@id\":\"https:\/\/www.public.sn\/#organization\"},\"image\":{\"@id\":\"https:\/\/www.public.sn\/index.php\/2022\/10\/15\/gamou-yeewu-a-ndiassane\/#primaryimage\"},\"thumbnailUrl\":\"https:\/\/www.public.sn\/wp-content\/uploads\/2022\/10\/aida.jpg\",\"keywords\":[\"felegation yeewi\",\"Gamou\",\"ndiassane\"],\"articleSection\":[\"ACTUALIT\u00c9S\",\"RELIGION\",\"S\u00c9N\u00c9GAL\"],\"inLanguage\":\"fr-FR\",\"potentialAction\":[{\"@type\":\"CommentAction\",\"name\":\"Comment\",\"target\":[\"https:\/\/www.public.sn\/index.php\/2022\/10\/15\/gamou-yeewu-a-ndiassane\/#respond\"]}]},{\"@type\":\"WebPage\",\"@id\":\"https:\/\/www.public.sn\/index.php\/2022\/10\/15\/gamou-yeewu-a-ndiassane\/\",\"url\":\"https:\/\/www.public.sn\/index.php\/2022\/10\/15\/gamou-yeewu-a-ndiassane\/\",\"name\":\"Gamou : Yeewu \u00e0 Ndiassane. - LE PUBLIC\",\"isPartOf\":{\"@id\":\"https:\/\/www.public.sn\/#website\"},\"primaryImageOfPage\":{\"@id\":\"https:\/\/www.public.sn\/index.php\/2022\/10\/15\/gamou-yeewu-a-ndiassane\/#primaryimage\"},\"image\":{\"@id\":\"https:\/\/www.public.sn\/index.php\/2022\/10\/15\/gamou-yeewu-a-ndiassane\/#primaryimage\"},\"thumbnailUrl\":\"https:\/\/www.public.sn\/wp-content\/uploads\/2022\/10\/aida.jpg\",\"datePublished\":\"2022-10-15T08:21:00+00:00\",\"dateModified\":\"2022-10-15T08:21:03+00:00\",\"breadcrumb\":{\"@id\":\"https:\/\/www.public.sn\/index.php\/2022\/10\/15\/gamou-yeewu-a-ndiassane\/#breadcrumb\"},\"inLanguage\":\"fr-FR\",\"potentialAction\":[{\"@type\":\"ReadAction\",\"target\":[\"https:\/\/www.public.sn\/index.php\/2022\/10\/15\/gamou-yeewu-a-ndiassane\/\"]}]},{\"@type\":\"ImageObject\",\"inLanguage\":\"fr-FR\",\"@id\":\"https:\/\/www.public.sn\/index.php\/2022\/10\/15\/gamou-yeewu-a-ndiassane\/#primaryimage\",\"url\":\"https:\/\/www.public.sn\/wp-content\/uploads\/2022\/10\/aida.jpg\",\"contentUrl\":\"https:\/\/www.public.sn\/wp-content\/uploads\/2022\/10\/aida.jpg\",\"width\":620,\"height\":400,\"caption\":\"publicsn\"},{\"@type\":\"BreadcrumbList\",\"@id\":\"https:\/\/www.public.sn\/index.php\/2022\/10\/15\/gamou-yeewu-a-ndiassane\/#breadcrumb\",\"itemListElement\":[{\"@type\":\"ListItem\",\"position\":1,\"name\":\"Accueil\",\"item\":\"https:\/\/www.public.sn\/\"},{\"@type\":\"ListItem\",\"position\":2,\"name\":\"Gamou : Yeewu \u00e0 Ndiassane.\"}]},{\"@type\":\"WebSite\",\"@id\":\"https:\/\/www.public.sn\/#website\",\"url\":\"https:\/\/www.public.sn\/\",\"name\":\"LE PUBLIC\",\"description\":\"\",\"publisher\":{\"@id\":\"https:\/\/www.public.sn\/#organization\"},\"potentialAction\":[{\"@type\":\"SearchAction\",\"target\":{\"@type\":\"EntryPoint\",\"urlTemplate\":\"https:\/\/www.public.sn\/?s={search_term_string}\"},\"query-input\":{\"@type\":\"PropertyValueSpecification\",\"valueRequired\":true,\"valueName\":\"search_term_string\"}}],\"inLanguage\":\"fr-FR\"},{\"@type\":\"Organization\",\"@id\":\"https:\/\/www.public.sn\/#organization\",\"name\":\"LE PUBLIC\",\"url\":\"https:\/\/www.public.sn\/\",\"logo\":{\"@type\":\"ImageObject\",\"inLanguage\":\"fr-FR\",\"@id\":\"https:\/\/www.public.sn\/#\/schema\/logo\/image\/\",\"url\":\"https:\/\/www.public.sn\/wp-content\/uploads\/2024\/05\/cropped-LOGO-PUBLIC.SN_.png\",\"contentUrl\":\"https:\/\/www.public.sn\/wp-content\/uploads\/2024\/05\/cropped-LOGO-PUBLIC.SN_.png\",\"width\":682,\"height\":192,\"caption\":\"LE PUBLIC\"},\"image\":{\"@id\":\"https:\/\/www.public.sn\/#\/schema\/logo\/image\/\"}},{\"@type\":\"Person\",\"@id\":\"https:\/\/www.public.sn\/#\/schema\/person\/cb76c8e1b8becc6be61fb5e92d6d0224\",\"name\":\"LA REDACTION\",\"image\":{\"@type\":\"ImageObject\",\"inLanguage\":\"fr-FR\",\"@id\":\"https:\/\/www.public.sn\/#\/schema\/person\/image\/\",\"url\":\"https:\/\/secure.gravatar.com\/avatar\/2dce5ddd34b8fef0180efe03aa2a9bee7d953856048f9a16b298190a3178407c?s=96&d=mm&r=g\",\"contentUrl\":\"https:\/\/secure.gravatar.com\/avatar\/2dce5ddd34b8fef0180efe03aa2a9bee7d953856048f9a16b298190a3178407c?s=96&d=mm&r=g\",\"caption\":\"LA REDACTION\"},\"url\":\"https:\/\/www.public.sn\/index.php\/author\/editeurpsn\/\"}]}<\/script>\n<!-- \/ Yoast SEO plugin. -->","yoast_head_json":{"title":"Gamou : Yeewu \u00e0 Ndiassane. - LE PUBLIC","robots":{"index":"index","follow":"follow","max-snippet":"max-snippet:-1","max-image-preview":"max-image-preview:large","max-video-preview":"max-video-preview:-1"},"canonical":"https:\/\/www.public.sn\/index.php\/2022\/10\/15\/gamou-yeewu-a-ndiassane\/","og_locale":"fr_FR","og_type":"article","og_title":"Gamou : Yeewu \u00e0 Ndiassane. - LE PUBLIC","og_description":"Une d\u00e9l\u00e9gation de la coalition Yeewi Askan Wi conduite par Ousmane Sonko et Aida Mbodj s\u2019est rendue \u00e0 Ndiassane. Serigne Cheikh B\u00e9caye Kounta a re\u00e7u la d\u00e9l\u00e9gation des leaders de la Coalition Yewwi Askan Wi qui \u00e9tait partie pr\u00e9senter son \u00ab ziar\u2019 au Khalife g\u00e9n\u00e9ral de la famille Kountiyou de Ndiassane. La ville qui c\u00e9l\u00e8bre ce Samedi son Gamou Le th\u00e8me retenu pour cette 139e \u00e9dition de est : \u00ab\u00a0La fraternit\u00e9 islamique et la contribution des Kounta dans sa consolidation\u00a0\u00bb. Samba SY.","og_url":"https:\/\/www.public.sn\/index.php\/2022\/10\/15\/gamou-yeewu-a-ndiassane\/","og_site_name":"LE PUBLIC","article_published_time":"2022-10-15T08:21:00+00:00","article_modified_time":"2022-10-15T08:21:03+00:00","og_image":[{"width":620,"height":400,"url":"https:\/\/www.public.sn\/wp-content\/uploads\/2022\/10\/aida.jpg","type":"image\/jpeg"}],"author":"LA REDACTION","twitter_card":"summary_large_image","twitter_misc":{"\u00c9crit par":"LA REDACTION","Dur\u00e9e de lecture estim\u00e9e":"1 minute"},"schema":{"@context":"https:\/\/schema.org","@graph":[{"@type":"Article","@id":"https:\/\/www.public.sn\/index.php\/2022\/10\/15\/gamou-yeewu-a-ndiassane\/#article","isPartOf":{"@id":"https:\/\/www.public.sn\/index.php\/2022\/10\/15\/gamou-yeewu-a-ndiassane\/"},"author":{"name":"LA REDACTION","@id":"https:\/\/www.public.sn\/#\/schema\/person\/cb76c8e1b8becc6be61fb5e92d6d0224"},"headline":"Gamou : Yeewu \u00e0 Ndiassane.","datePublished":"2022-10-15T08:21:00+00:00","dateModified":"2022-10-15T08:21:03+00:00","mainEntityOfPage":{"@id":"https:\/\/www.public.sn\/index.php\/2022\/10\/15\/gamou-yeewu-a-ndiassane\/"},"wordCount":95,"commentCount":0,"publisher":{"@id":"https:\/\/www.public.sn\/#organization"},"image":{"@id":"https:\/\/www.public.sn\/index.php\/2022\/10\/15\/gamou-yeewu-a-ndiassane\/#primaryimage"},"thumbnailUrl":"https:\/\/www.public.sn\/wp-content\/uploads\/2022\/10\/aida.jpg","keywords":["felegation yeewi","Gamou","ndiassane"],"articleSection":["ACTUALIT\u00c9S","RELIGION","S\u00c9N\u00c9GAL"],"inLanguage":"fr-FR","potentialAction":[{"@type":"CommentAction","name":"Comment","target":["https:\/\/www.public.sn\/index.php\/2022\/10\/15\/gamou-yeewu-a-ndiassane\/#respond"]}]},{"@type":"WebPage","@id":"https:\/\/www.public.sn\/index.php\/2022\/10\/15\/gamou-yeewu-a-ndiassane\/","url":"https:\/\/www.public.sn\/index.php\/2022\/10\/15\/gamou-yeewu-a-ndiassane\/","name":"Gamou : Yeewu \u00e0 Ndiassane. - LE PUBLIC","isPartOf":{"@id":"https:\/\/www.public.sn\/#website"},"primaryImageOfPage":{"@id":"https:\/\/www.public.sn\/index.php\/2022\/10\/15\/gamou-yeewu-a-ndiassane\/#primaryimage"},"image":{"@id":"https:\/\/www.public.sn\/index.php\/2022\/10\/15\/gamou-yeewu-a-ndiassane\/#primaryimage"},"thumbnailUrl":"https:\/\/www.public.sn\/wp-content\/uploads\/2022\/10\/aida.jpg","datePublished":"2022-10-15T08:21:00+00:00","dateModified":"2022-10-15T08:21:03+00:00","breadcrumb":{"@id":"https:\/\/www.public.sn\/index.php\/2022\/10\/15\/gamou-yeewu-a-ndiassane\/#breadcrumb"},"inLanguage":"fr-FR","potentialAction":[{"@type":"ReadAction","target":["https:\/\/www.public.sn\/index.php\/2022\/10\/15\/gamou-yeewu-a-ndiassane\/"]}]},{"@type":"ImageObject","inLanguage":"fr-FR","@id":"https:\/\/www.public.sn\/index.php\/2022\/10\/15\/gamou-yeewu-a-ndiassane\/#primaryimage","url":"https:\/\/www.public.sn\/wp-content\/uploads\/2022\/10\/aida.jpg","contentUrl":"https:\/\/www.public.sn\/wp-content\/uploads\/2022\/10\/aida.jpg","width":620,"height":400,"caption":"publicsn"},{"@type":"BreadcrumbList","@id":"https:\/\/www.public.sn\/index.php\/2022\/10\/15\/gamou-yeewu-a-ndiassane\/#breadcrumb","itemListElement":[{"@type":"ListItem","position":1,"name":"Accueil","item":"https:\/\/www.public.sn\/"},{"@type":"ListItem","position":2,"name":"Gamou : Yeewu \u00e0 Ndiassane."}]},{"@type":"WebSite","@id":"https:\/\/www.public.sn\/#website","url":"https:\/\/www.public.sn\/","name":"LE PUBLIC","description":"","publisher":{"@id":"https:\/\/www.public.sn\/#organization"},"potentialAction":[{"@type":"SearchAction","target":{"@type":"EntryPoint","urlTemplate":"https:\/\/www.public.sn\/?s={search_term_string}"},"query-input":{"@type":"PropertyValueSpecification","valueRequired":true,"valueName":"search_term_string"}}],"inLanguage":"fr-FR"},{"@type":"Organization","@id":"https:\/\/www.public.sn\/#organization","name":"LE PUBLIC","url":"https:\/\/www.public.sn\/","logo":{"@type":"ImageObject","inLanguage":"fr-FR","@id":"https:\/\/www.public.sn\/#\/schema\/logo\/image\/","url":"https:\/\/www.public.sn\/wp-content\/uploads\/2024\/05\/cropped-LOGO-PUBLIC.SN_.png","contentUrl":"https:\/\/www.public.sn\/wp-content\/uploads\/2024\/05\/cropped-LOGO-PUBLIC.SN_.png","width":682,"height":192,"caption":"LE PUBLIC"},"image":{"@id":"https:\/\/www.public.sn\/#\/schema\/logo\/image\/"}},{"@type":"Person","@id":"https:\/\/www.public.sn\/#\/schema\/person\/cb76c8e1b8becc6be61fb5e92d6d0224","name":"LA REDACTION","image":{"@type":"ImageObject","inLanguage":"fr-FR","@id":"https:\/\/www.public.sn\/#\/schema\/person\/image\/","url":"https:\/\/secure.gravatar.com\/avatar\/2dce5ddd34b8fef0180efe03aa2a9bee7d953856048f9a16b298190a3178407c?s=96&d=mm&r=g","contentUrl":"https:\/\/secure.gravatar.com\/avatar\/2dce5ddd34b8fef0180efe03aa2a9bee7d953856048f9a16b298190a3178407c?s=96&d=mm&r=g","caption":"LA REDACTION"},"url":"https:\/\/www.public.sn\/index.php\/author\/editeurpsn\/"}]}},"jetpack_featured_media_url":"https:\/\/www.public.sn\/wp-content\/uploads\/2022\/10\/aida.jpg","jetpack_sharing_enabled":true,"_links":{"self":[{"href":"https:\/\/www.public.sn\/index.php\/wp-json\/wp\/v2\/posts\/4649","targetHints":{"allow":["GET"]}}],"collection":[{"href":"https:\/\/www.public.sn\/index.php\/wp-json\/wp\/v2\/posts"}],"about":[{"href":"https:\/\/www.public.sn\/index.php\/wp-json\/wp\/v2\/types\/post"}],"author":[{"embeddable":true,"href":"https:\/\/www.public.sn\/index.php\/wp-json\/wp\/v2\/users\/7"}],"replies":[{"embeddable":true,"href":"https:\/\/www.public.sn\/index.php\/wp-json\/wp\/v2\/comments?post=4649"}],"version-history":[{"count":2,"href":"https:\/\/www.public.sn\/index.php\/wp-json\/wp\/v2\/posts\/4649\/revisions"}],"predecessor-version":[{"id":4657,"href":"https:\/\/www.public.sn\/index.php\/wp-json\/wp\/v2\/posts\/4649\/revisions\/4657"}],"wp:featuredmedia":[{"embeddable":true,"href":"https:\/\/www.public.sn\/index.php\/wp-json\/wp\/v2\/media\/4656"}],"wp:attachment":[{"href":"https:\/\/www.public.sn\/index.php\/wp-json\/wp\/v2\/media?parent=4649"}],"wp:term":[{"taxonomy":"category","embeddable":true,"href":"https:\/\/www.public.sn\/index.php\/wp-json\/wp\/v2\/categories?post=4649"},{"taxonomy":"post_tag","embeddable":true,"href":"https:\/\/www.public.sn\/index.php\/wp-json\/wp\/v2\/tags?post=4649"}],"curies":[{"name":"wp","href":"https:\/\/api.w.org\/{rel}","templated":true}]}}