{"id":4655,"date":"2022-10-15T08:34:33","date_gmt":"2022-10-15T08:34:33","guid":{"rendered":"https:\/\/www.public.sn\/?p=4655"},"modified":"2022-10-15T08:34:35","modified_gmt":"2022-10-15T08:34:35","slug":"occupation-du-littoral-atepa-dit-stop","status":"publish","type":"post","link":"https:\/\/www.public.sn\/index.php\/2022\/10\/15\/occupation-du-littoral-atepa-dit-stop\/","title":{"rendered":"Occupation du littoral : At\u00e9pa dit Stop."},"content":{"rendered":"\n<p><br><br>Devant la presse le pr\u00e9sident d\u2019honneur de la Plateforme pour l&rsquo;environnement et la r\u00e9appropriation du littoral entier (Perle) dit avoir constat\u00e9 que malgr\u00e9 les efforts du pr\u00e9sident de la R\u00e9publique, les constructions se poursuivent sur le littoral. <\/p><div class=\"publi-paragraphe1\" style=\"margin-top: 10px;margin-bottom: 10px;margin-left: auto;margin-right: auto;text-align: center;\" id=\"publi-690899575\"><div class=\"publi-adlabel\">Publicit\u00e9<\/div><script async src=\"\/\/pagead2.googlesyndication.com\/pagead\/js\/adsbygoogle.js?client=ca-pub-4089586018074219\" crossorigin=\"anonymous\"><\/script><ins class=\"adsbygoogle\" style=\"display:block;\" data-ad-client=\"ca-pub-4089586018074219\" \ndata-ad-slot=\"2087940154\" \ndata-ad-format=\"auto\"><\/ins>\n<script> \n(adsbygoogle = window.adsbygoogle || []).push({}); \n<\/script>\n<\/div>\n\n\n\n<p><br><br>Il d\u00e9nonce ainsi la construction d\u2019un immeuble R+6 de Moustapha Ndiaye qui documents \u00e0 l\u2019appui, a r\u00e9ussi \u00e0 avoir une ordonnance de la Cour Supr\u00eame lui permettant de poursuivre son chantier R+6 dans la zone. Pierre Goudiaby At\u00e9pa ne compte pas laisser une telle d\u00e9marche prosp\u00e9rer sur le domaine public maritime qui est inali\u00e9nable. Une plainte est d\u00e9j\u00e0 envisag\u00e9e contre Moustapha Ndiaye car celui-ci prive les citoyens de la vue de la mer car ce qui se passe est un carnage de la Corniche. <\/p>\n\n\n\n<p><br><br>Le pr\u00e9sident de la R\u00e9publique ainsi que le maire de Dakar sont interpell\u00e9s. At\u00e9pa avance \u00e9galement qu\u2019il ne comprend pas l\u2019ordonnance de la cour supr\u00eame qui est venue casser l\u2019arr\u00eat\u00e9 de la Direction de la Surveillance et du Contr\u00f4le de l&rsquo;Occupation du Sol (Dscos) qui avait somm\u00e9 l\u2019arr\u00eat des travaux dudit chantier. <br><br><br>Samba SY.<br><\/p>\n<div class=\"publi-apres-le-contenu\" style=\"margin-top: 10px;margin-bottom: 10px;margin-left: auto;margin-right: auto;text-align: center;\" id=\"publi-2547721176\"><div class=\"publi-adlabel\">Publicit\u00e9<\/div><script async src=\"\/\/pagead2.googlesyndication.com\/pagead\/js\/adsbygoogle.js?client=ca-pub-4089586018074219\" crossorigin=\"anonymous\"><\/script><ins class=\"adsbygoogle\" style=\"display:block;\" data-ad-client=\"ca-pub-4089586018074219\" \ndata-ad-slot=\"2087940154\" \ndata-ad-format=\"auto\"><\/ins>\n<script> \n(adsbygoogle = window.adsbygoogle || []).push({}); \n<\/script>\n<\/div>","protected":false},"excerpt":{"rendered":"<p>Devant la presse le pr\u00e9sident d\u2019honneur de la Plateforme pour l&rsquo;environnement et la r\u00e9appropriation du littoral entier (Perle) dit avoir constat\u00e9 que malgr\u00e9 les efforts du pr\u00e9sident de la R\u00e9publique, les constructions se poursuivent sur le littoral. Il d\u00e9nonce ainsi la construction d\u2019un immeuble R+6 de Moustapha Ndiaye qui documents \u00e0 l\u2019appui, a r\u00e9ussi \u00e0 avoir une ordonnance de la Cour Supr\u00eame lui permettant de poursuivre son chantier R+6 dans la zone. Pierre Goudiaby At\u00e9pa ne compte pas laisser une telle d\u00e9marche prosp\u00e9rer sur le domaine public maritime qui est inali\u00e9nable. Une plainte est d\u00e9j\u00e0 envisag\u00e9e contre Moustapha Ndiaye car celui-ci prive les citoyens de la vue de la mer car ce qui se passe est un carnage de la Corniche. Le pr\u00e9sident de la R\u00e9publique ainsi que le maire de Dakar sont interpell\u00e9s. At\u00e9pa avance \u00e9galement qu\u2019il ne comprend pas l\u2019ordonnance de la cour supr\u00eame qui est venue casser l\u2019arr\u00eat\u00e9 de la Direction de la Surveillance et du Contr\u00f4le de l&rsquo;Occupation du Sol (Dscos) qui avait somm\u00e9 l\u2019arr\u00eat des travaux dudit chantier. Samba SY.<\/p>\n","protected":false},"author":7,"featured_media":4660,"comment_status":"open","ping_status":"open","sticky":false,"template":"","format":"standard","meta":{"_jetpack_memberships_contains_paid_content":false,"footnotes":""},"categories":[375,3,1],"tags":[1536,1535,1537],"class_list":["post-4655","post","type-post","status-publish","format-standard","has-post-thumbnail","hentry","category-actualites","category-politique","category-non-classe","tag-atepa","tag-littoral","tag-occupation-illegale","entry","has-media","owp-thumbs-layout-horizontal","owp-btn-normal","owp-tabs-layout-horizontal","has-no-thumbnails","has-product-nav"],"yoast_head":"<!-- This site is optimized with the Yoast SEO plugin v25.5 - https:\/\/yoast.com\/wordpress\/plugins\/seo\/ -->\n<title>Occupation du littoral : At\u00e9pa dit Stop. - LE PUBLIC<\/title>\n<meta name=\"robots\" content=\"index, follow, max-snippet:-1, max-image-preview:large, max-video-preview:-1\" \/>\n<link rel=\"canonical\" href=\"https:\/\/www.public.sn\/index.php\/2022\/10\/15\/occupation-du-littoral-atepa-dit-stop\/\" \/>\n<meta property=\"og:locale\" content=\"fr_FR\" \/>\n<meta property=\"og:type\" content=\"article\" \/>\n<meta property=\"og:title\" content=\"Occupation du littoral : At\u00e9pa dit Stop. - LE PUBLIC\" \/>\n<meta property=\"og:description\" content=\"Devant la presse le pr\u00e9sident d\u2019honneur de la Plateforme pour l&rsquo;environnement et la r\u00e9appropriation du littoral entier (Perle) dit avoir constat\u00e9 que malgr\u00e9 les efforts du pr\u00e9sident de la R\u00e9publique, les constructions se poursuivent sur le littoral. Il d\u00e9nonce ainsi la construction d\u2019un immeuble R+6 de Moustapha Ndiaye qui documents \u00e0 l\u2019appui, a r\u00e9ussi \u00e0 avoir une ordonnance de la Cour Supr\u00eame lui permettant de poursuivre son chantier R+6 dans la zone. Pierre Goudiaby At\u00e9pa ne compte pas laisser une telle d\u00e9marche prosp\u00e9rer sur le domaine public maritime qui est inali\u00e9nable. Une plainte est d\u00e9j\u00e0 envisag\u00e9e contre Moustapha Ndiaye car celui-ci prive les citoyens de la vue de la mer car ce qui se passe est un carnage de la Corniche. Le pr\u00e9sident de la R\u00e9publique ainsi que le maire de Dakar sont interpell\u00e9s. At\u00e9pa avance \u00e9galement qu\u2019il ne comprend pas l\u2019ordonnance de la cour supr\u00eame qui est venue casser l\u2019arr\u00eat\u00e9 de la Direction de la Surveillance et du Contr\u00f4le de l&rsquo;Occupation du Sol (Dscos) qui avait somm\u00e9 l\u2019arr\u00eat des travaux dudit chantier. Samba SY.\" \/>\n<meta property=\"og:url\" content=\"https:\/\/www.public.sn\/index.php\/2022\/10\/15\/occupation-du-littoral-atepa-dit-stop\/\" \/>\n<meta property=\"og:site_name\" content=\"LE PUBLIC\" \/>\n<meta property=\"article:published_time\" content=\"2022-10-15T08:34:33+00:00\" \/>\n<meta property=\"article:modified_time\" content=\"2022-10-15T08:34:35+00:00\" \/>\n<meta property=\"og:image\" content=\"https:\/\/www.public.sn\/wp-content\/uploads\/2022\/10\/littoral.jpg\" \/>\n\t<meta property=\"og:image:width\" content=\"600\" \/>\n\t<meta property=\"og:image:height\" content=\"400\" \/>\n\t<meta property=\"og:image:type\" content=\"image\/jpeg\" \/>\n<meta name=\"author\" content=\"LA REDACTION\" \/>\n<meta name=\"twitter:card\" content=\"summary_large_image\" \/>\n<meta name=\"twitter:label1\" content=\"\u00c9crit par\" \/>\n\t<meta name=\"twitter:data1\" content=\"LA REDACTION\" \/>\n\t<meta name=\"twitter:label2\" content=\"Dur\u00e9e de lecture estim\u00e9e\" \/>\n\t<meta name=\"twitter:data2\" content=\"1 minute\" \/>\n<script type=\"application\/ld+json\" class=\"yoast-schema-graph\">{\"@context\":\"https:\/\/schema.org\",\"@graph\":[{\"@type\":\"Article\",\"@id\":\"https:\/\/www.public.sn\/index.php\/2022\/10\/15\/occupation-du-littoral-atepa-dit-stop\/#article\",\"isPartOf\":{\"@id\":\"https:\/\/www.public.sn\/index.php\/2022\/10\/15\/occupation-du-littoral-atepa-dit-stop\/\"},\"author\":{\"name\":\"LA REDACTION\",\"@id\":\"https:\/\/www.public.sn\/#\/schema\/person\/cb76c8e1b8becc6be61fb5e92d6d0224\"},\"headline\":\"Occupation du littoral : At\u00e9pa dit Stop.\",\"datePublished\":\"2022-10-15T08:34:33+00:00\",\"dateModified\":\"2022-10-15T08:34:35+00:00\",\"mainEntityOfPage\":{\"@id\":\"https:\/\/www.public.sn\/index.php\/2022\/10\/15\/occupation-du-littoral-atepa-dit-stop\/\"},\"wordCount\":208,\"commentCount\":0,\"publisher\":{\"@id\":\"https:\/\/www.public.sn\/#organization\"},\"image\":{\"@id\":\"https:\/\/www.public.sn\/index.php\/2022\/10\/15\/occupation-du-littoral-atepa-dit-stop\/#primaryimage\"},\"thumbnailUrl\":\"https:\/\/www.public.sn\/wp-content\/uploads\/2022\/10\/littoral.jpg\",\"keywords\":[\"at\u00e9pa\",\"littoral\",\"occupation illegale\"],\"articleSection\":[\"ACTUALIT\u00c9S\",\"POLITIQUE\",\"S\u00c9N\u00c9GAL\"],\"inLanguage\":\"fr-FR\",\"potentialAction\":[{\"@type\":\"CommentAction\",\"name\":\"Comment\",\"target\":[\"https:\/\/www.public.sn\/index.php\/2022\/10\/15\/occupation-du-littoral-atepa-dit-stop\/#respond\"]}]},{\"@type\":\"WebPage\",\"@id\":\"https:\/\/www.public.sn\/index.php\/2022\/10\/15\/occupation-du-littoral-atepa-dit-stop\/\",\"url\":\"https:\/\/www.public.sn\/index.php\/2022\/10\/15\/occupation-du-littoral-atepa-dit-stop\/\",\"name\":\"Occupation du littoral : At\u00e9pa dit Stop. - LE PUBLIC\",\"isPartOf\":{\"@id\":\"https:\/\/www.public.sn\/#website\"},\"primaryImageOfPage\":{\"@id\":\"https:\/\/www.public.sn\/index.php\/2022\/10\/15\/occupation-du-littoral-atepa-dit-stop\/#primaryimage\"},\"image\":{\"@id\":\"https:\/\/www.public.sn\/index.php\/2022\/10\/15\/occupation-du-littoral-atepa-dit-stop\/#primaryimage\"},\"thumbnailUrl\":\"https:\/\/www.public.sn\/wp-content\/uploads\/2022\/10\/littoral.jpg\",\"datePublished\":\"2022-10-15T08:34:33+00:00\",\"dateModified\":\"2022-10-15T08:34:35+00:00\",\"breadcrumb\":{\"@id\":\"https:\/\/www.public.sn\/index.php\/2022\/10\/15\/occupation-du-littoral-atepa-dit-stop\/#breadcrumb\"},\"inLanguage\":\"fr-FR\",\"potentialAction\":[{\"@type\":\"ReadAction\",\"target\":[\"https:\/\/www.public.sn\/index.php\/2022\/10\/15\/occupation-du-littoral-atepa-dit-stop\/\"]}]},{\"@type\":\"ImageObject\",\"inLanguage\":\"fr-FR\",\"@id\":\"https:\/\/www.public.sn\/index.php\/2022\/10\/15\/occupation-du-littoral-atepa-dit-stop\/#primaryimage\",\"url\":\"https:\/\/www.public.sn\/wp-content\/uploads\/2022\/10\/littoral.jpg\",\"contentUrl\":\"https:\/\/www.public.sn\/wp-content\/uploads\/2022\/10\/littoral.jpg\",\"width\":600,\"height\":400,\"caption\":\"publicsn\"},{\"@type\":\"BreadcrumbList\",\"@id\":\"https:\/\/www.public.sn\/index.php\/2022\/10\/15\/occupation-du-littoral-atepa-dit-stop\/#breadcrumb\",\"itemListElement\":[{\"@type\":\"ListItem\",\"position\":1,\"name\":\"Accueil\",\"item\":\"https:\/\/www.public.sn\/\"},{\"@type\":\"ListItem\",\"position\":2,\"name\":\"Occupation du littoral : At\u00e9pa dit Stop.\"}]},{\"@type\":\"WebSite\",\"@id\":\"https:\/\/www.public.sn\/#website\",\"url\":\"https:\/\/www.public.sn\/\",\"name\":\"LE PUBLIC\",\"description\":\"\",\"publisher\":{\"@id\":\"https:\/\/www.public.sn\/#organization\"},\"potentialAction\":[{\"@type\":\"SearchAction\",\"target\":{\"@type\":\"EntryPoint\",\"urlTemplate\":\"https:\/\/www.public.sn\/?s={search_term_string}\"},\"query-input\":{\"@type\":\"PropertyValueSpecification\",\"valueRequired\":true,\"valueName\":\"search_term_string\"}}],\"inLanguage\":\"fr-FR\"},{\"@type\":\"Organization\",\"@id\":\"https:\/\/www.public.sn\/#organization\",\"name\":\"LE PUBLIC\",\"url\":\"https:\/\/www.public.sn\/\",\"logo\":{\"@type\":\"ImageObject\",\"inLanguage\":\"fr-FR\",\"@id\":\"https:\/\/www.public.sn\/#\/schema\/logo\/image\/\",\"url\":\"https:\/\/www.public.sn\/wp-content\/uploads\/2024\/05\/cropped-LOGO-PUBLIC.SN_.png\",\"contentUrl\":\"https:\/\/www.public.sn\/wp-content\/uploads\/2024\/05\/cropped-LOGO-PUBLIC.SN_.png\",\"width\":682,\"height\":192,\"caption\":\"LE PUBLIC\"},\"image\":{\"@id\":\"https:\/\/www.public.sn\/#\/schema\/logo\/image\/\"}},{\"@type\":\"Person\",\"@id\":\"https:\/\/www.public.sn\/#\/schema\/person\/cb76c8e1b8becc6be61fb5e92d6d0224\",\"name\":\"LA REDACTION\",\"image\":{\"@type\":\"ImageObject\",\"inLanguage\":\"fr-FR\",\"@id\":\"https:\/\/www.public.sn\/#\/schema\/person\/image\/\",\"url\":\"https:\/\/secure.gravatar.com\/avatar\/2dce5ddd34b8fef0180efe03aa2a9bee7d953856048f9a16b298190a3178407c?s=96&d=mm&r=g\",\"contentUrl\":\"https:\/\/secure.gravatar.com\/avatar\/2dce5ddd34b8fef0180efe03aa2a9bee7d953856048f9a16b298190a3178407c?s=96&d=mm&r=g\",\"caption\":\"LA REDACTION\"},\"url\":\"https:\/\/www.public.sn\/index.php\/author\/editeurpsn\/\"}]}<\/script>\n<!-- \/ Yoast SEO plugin. -->","yoast_head_json":{"title":"Occupation du littoral : At\u00e9pa dit Stop. - LE PUBLIC","robots":{"index":"index","follow":"follow","max-snippet":"max-snippet:-1","max-image-preview":"max-image-preview:large","max-video-preview":"max-video-preview:-1"},"canonical":"https:\/\/www.public.sn\/index.php\/2022\/10\/15\/occupation-du-littoral-atepa-dit-stop\/","og_locale":"fr_FR","og_type":"article","og_title":"Occupation du littoral : At\u00e9pa dit Stop. - LE PUBLIC","og_description":"Devant la presse le pr\u00e9sident d\u2019honneur de la Plateforme pour l&rsquo;environnement et la r\u00e9appropriation du littoral entier (Perle) dit avoir constat\u00e9 que malgr\u00e9 les efforts du pr\u00e9sident de la R\u00e9publique, les constructions se poursuivent sur le littoral. Il d\u00e9nonce ainsi la construction d\u2019un immeuble R+6 de Moustapha Ndiaye qui documents \u00e0 l\u2019appui, a r\u00e9ussi \u00e0 avoir une ordonnance de la Cour Supr\u00eame lui permettant de poursuivre son chantier R+6 dans la zone. Pierre Goudiaby At\u00e9pa ne compte pas laisser une telle d\u00e9marche prosp\u00e9rer sur le domaine public maritime qui est inali\u00e9nable. Une plainte est d\u00e9j\u00e0 envisag\u00e9e contre Moustapha Ndiaye car celui-ci prive les citoyens de la vue de la mer car ce qui se passe est un carnage de la Corniche. Le pr\u00e9sident de la R\u00e9publique ainsi que le maire de Dakar sont interpell\u00e9s. At\u00e9pa avance \u00e9galement qu\u2019il ne comprend pas l\u2019ordonnance de la cour supr\u00eame qui est venue casser l\u2019arr\u00eat\u00e9 de la Direction de la Surveillance et du Contr\u00f4le de l&rsquo;Occupation du Sol (Dscos) qui avait somm\u00e9 l\u2019arr\u00eat des travaux dudit chantier. Samba SY.","og_url":"https:\/\/www.public.sn\/index.php\/2022\/10\/15\/occupation-du-littoral-atepa-dit-stop\/","og_site_name":"LE PUBLIC","article_published_time":"2022-10-15T08:34:33+00:00","article_modified_time":"2022-10-15T08:34:35+00:00","og_image":[{"width":600,"height":400,"url":"https:\/\/www.public.sn\/wp-content\/uploads\/2022\/10\/littoral.jpg","type":"image\/jpeg"}],"author":"LA REDACTION","twitter_card":"summary_large_image","twitter_misc":{"\u00c9crit par":"LA REDACTION","Dur\u00e9e de lecture estim\u00e9e":"1 minute"},"schema":{"@context":"https:\/\/schema.org","@graph":[{"@type":"Article","@id":"https:\/\/www.public.sn\/index.php\/2022\/10\/15\/occupation-du-littoral-atepa-dit-stop\/#article","isPartOf":{"@id":"https:\/\/www.public.sn\/index.php\/2022\/10\/15\/occupation-du-littoral-atepa-dit-stop\/"},"author":{"name":"LA REDACTION","@id":"https:\/\/www.public.sn\/#\/schema\/person\/cb76c8e1b8becc6be61fb5e92d6d0224"},"headline":"Occupation du littoral : At\u00e9pa dit Stop.","datePublished":"2022-10-15T08:34:33+00:00","dateModified":"2022-10-15T08:34:35+00:00","mainEntityOfPage":{"@id":"https:\/\/www.public.sn\/index.php\/2022\/10\/15\/occupation-du-littoral-atepa-dit-stop\/"},"wordCount":208,"commentCount":0,"publisher":{"@id":"https:\/\/www.public.sn\/#organization"},"image":{"@id":"https:\/\/www.public.sn\/index.php\/2022\/10\/15\/occupation-du-littoral-atepa-dit-stop\/#primaryimage"},"thumbnailUrl":"https:\/\/www.public.sn\/wp-content\/uploads\/2022\/10\/littoral.jpg","keywords":["at\u00e9pa","littoral","occupation illegale"],"articleSection":["ACTUALIT\u00c9S","POLITIQUE","S\u00c9N\u00c9GAL"],"inLanguage":"fr-FR","potentialAction":[{"@type":"CommentAction","name":"Comment","target":["https:\/\/www.public.sn\/index.php\/2022\/10\/15\/occupation-du-littoral-atepa-dit-stop\/#respond"]}]},{"@type":"WebPage","@id":"https:\/\/www.public.sn\/index.php\/2022\/10\/15\/occupation-du-littoral-atepa-dit-stop\/","url":"https:\/\/www.public.sn\/index.php\/2022\/10\/15\/occupation-du-littoral-atepa-dit-stop\/","name":"Occupation du littoral : At\u00e9pa dit Stop. - LE PUBLIC","isPartOf":{"@id":"https:\/\/www.public.sn\/#website"},"primaryImageOfPage":{"@id":"https:\/\/www.public.sn\/index.php\/2022\/10\/15\/occupation-du-littoral-atepa-dit-stop\/#primaryimage"},"image":{"@id":"https:\/\/www.public.sn\/index.php\/2022\/10\/15\/occupation-du-littoral-atepa-dit-stop\/#primaryimage"},"thumbnailUrl":"https:\/\/www.public.sn\/wp-content\/uploads\/2022\/10\/littoral.jpg","datePublished":"2022-10-15T08:34:33+00:00","dateModified":"2022-10-15T08:34:35+00:00","breadcrumb":{"@id":"https:\/\/www.public.sn\/index.php\/2022\/10\/15\/occupation-du-littoral-atepa-dit-stop\/#breadcrumb"},"inLanguage":"fr-FR","potentialAction":[{"@type":"ReadAction","target":["https:\/\/www.public.sn\/index.php\/2022\/10\/15\/occupation-du-littoral-atepa-dit-stop\/"]}]},{"@type":"ImageObject","inLanguage":"fr-FR","@id":"https:\/\/www.public.sn\/index.php\/2022\/10\/15\/occupation-du-littoral-atepa-dit-stop\/#primaryimage","url":"https:\/\/www.public.sn\/wp-content\/uploads\/2022\/10\/littoral.jpg","contentUrl":"https:\/\/www.public.sn\/wp-content\/uploads\/2022\/10\/littoral.jpg","width":600,"height":400,"caption":"publicsn"},{"@type":"BreadcrumbList","@id":"https:\/\/www.public.sn\/index.php\/2022\/10\/15\/occupation-du-littoral-atepa-dit-stop\/#breadcrumb","itemListElement":[{"@type":"ListItem","position":1,"name":"Accueil","item":"https:\/\/www.public.sn\/"},{"@type":"ListItem","position":2,"name":"Occupation du littoral : At\u00e9pa dit Stop."}]},{"@type":"WebSite","@id":"https:\/\/www.public.sn\/#website","url":"https:\/\/www.public.sn\/","name":"LE PUBLIC","description":"","publisher":{"@id":"https:\/\/www.public.sn\/#organization"},"potentialAction":[{"@type":"SearchAction","target":{"@type":"EntryPoint","urlTemplate":"https:\/\/www.public.sn\/?s={search_term_string}"},"query-input":{"@type":"PropertyValueSpecification","valueRequired":true,"valueName":"search_term_string"}}],"inLanguage":"fr-FR"},{"@type":"Organization","@id":"https:\/\/www.public.sn\/#organization","name":"LE PUBLIC","url":"https:\/\/www.public.sn\/","logo":{"@type":"ImageObject","inLanguage":"fr-FR","@id":"https:\/\/www.public.sn\/#\/schema\/logo\/image\/","url":"https:\/\/www.public.sn\/wp-content\/uploads\/2024\/05\/cropped-LOGO-PUBLIC.SN_.png","contentUrl":"https:\/\/www.public.sn\/wp-content\/uploads\/2024\/05\/cropped-LOGO-PUBLIC.SN_.png","width":682,"height":192,"caption":"LE PUBLIC"},"image":{"@id":"https:\/\/www.public.sn\/#\/schema\/logo\/image\/"}},{"@type":"Person","@id":"https:\/\/www.public.sn\/#\/schema\/person\/cb76c8e1b8becc6be61fb5e92d6d0224","name":"LA REDACTION","image":{"@type":"ImageObject","inLanguage":"fr-FR","@id":"https:\/\/www.public.sn\/#\/schema\/person\/image\/","url":"https:\/\/secure.gravatar.com\/avatar\/2dce5ddd34b8fef0180efe03aa2a9bee7d953856048f9a16b298190a3178407c?s=96&d=mm&r=g","contentUrl":"https:\/\/secure.gravatar.com\/avatar\/2dce5ddd34b8fef0180efe03aa2a9bee7d953856048f9a16b298190a3178407c?s=96&d=mm&r=g","caption":"LA REDACTION"},"url":"https:\/\/www.public.sn\/index.php\/author\/editeurpsn\/"}]}},"jetpack_featured_media_url":"https:\/\/www.public.sn\/wp-content\/uploads\/2022\/10\/littoral.jpg","jetpack_sharing_enabled":true,"_links":{"self":[{"href":"https:\/\/www.public.sn\/index.php\/wp-json\/wp\/v2\/posts\/4655","targetHints":{"allow":["GET"]}}],"collection":[{"href":"https:\/\/www.public.sn\/index.php\/wp-json\/wp\/v2\/posts"}],"about":[{"href":"https:\/\/www.public.sn\/index.php\/wp-json\/wp\/v2\/types\/post"}],"author":[{"embeddable":true,"href":"https:\/\/www.public.sn\/index.php\/wp-json\/wp\/v2\/users\/7"}],"replies":[{"embeddable":true,"href":"https:\/\/www.public.sn\/index.php\/wp-json\/wp\/v2\/comments?post=4655"}],"version-history":[{"count":2,"href":"https:\/\/www.public.sn\/index.php\/wp-json\/wp\/v2\/posts\/4655\/revisions"}],"predecessor-version":[{"id":4661,"href":"https:\/\/www.public.sn\/index.php\/wp-json\/wp\/v2\/posts\/4655\/revisions\/4661"}],"wp:featuredmedia":[{"embeddable":true,"href":"https:\/\/www.public.sn\/index.php\/wp-json\/wp\/v2\/media\/4660"}],"wp:attachment":[{"href":"https:\/\/www.public.sn\/index.php\/wp-json\/wp\/v2\/media?parent=4655"}],"wp:term":[{"taxonomy":"category","embeddable":true,"href":"https:\/\/www.public.sn\/index.php\/wp-json\/wp\/v2\/categories?post=4655"},{"taxonomy":"post_tag","embeddable":true,"href":"https:\/\/www.public.sn\/index.php\/wp-json\/wp\/v2\/tags?post=4655"}],"curies":[{"name":"wp","href":"https:\/\/api.w.org\/{rel}","templated":true}]}}