{"id":4659,"date":"2022-10-15T08:50:34","date_gmt":"2022-10-15T08:50:34","guid":{"rendered":"https:\/\/www.public.sn\/?p=4659"},"modified":"2022-10-15T08:50:36","modified_gmt":"2022-10-15T08:50:36","slug":"aida-diongue-macky-est-une-chance-pour-le-senegal","status":"publish","type":"post","link":"https:\/\/www.public.sn\/index.php\/2022\/10\/15\/aida-diongue-macky-est-une-chance-pour-le-senegal\/","title":{"rendered":"Aida Diongue : \u00ab\u00a0Macky est une chance pour le S\u00e9n\u00e9gal\u00a0\u00bb"},"content":{"rendered":"\n<p><br>La pr\u00e9sidente du r\u00e9seau des amis et sympathisants de A\u00efda Ndiongue a fait face \u00e0 la presse  pour apporter son soutien entier et total au pr\u00e9sident de la R\u00e9publique Macky Sall. <\/p><div class=\"publi-paragraphe1\" style=\"margin-top: 10px;margin-bottom: 10px;margin-left: auto;margin-right: auto;text-align: center;\" id=\"publi-1267911327\"><div class=\"publi-adlabel\">Publicit\u00e9<\/div><script async src=\"\/\/pagead2.googlesyndication.com\/pagead\/js\/adsbygoogle.js?client=ca-pub-4089586018074219\" crossorigin=\"anonymous\"><\/script><ins class=\"adsbygoogle\" style=\"display:block;\" data-ad-client=\"ca-pub-4089586018074219\" \ndata-ad-slot=\"2087940154\" \ndata-ad-format=\"auto\"><\/ins>\n<script> \n(adsbygoogle = window.adsbygoogle || []).push({}); \n<\/script>\n<\/div>\n\n\n\n<p><br>Et sur la question d\u2019une nouvelle candidature de Macky Sall en 2024, Aida Diongue se veut tr\u00e8s claire : \u00ab  Je suis une personne reconnaissante. Macky a beaucoup fait pour moi. Si le conseil constitutionnel valide sa candidature en 2024, je serai la premi\u00e8re \u00e0 me mettre \u00e0 ses c\u00f4t\u00e9s pour le soutenir en 2024\u2026 \u00bb. <\/p>\n\n\n\n<p><br><br>Elle rappelle que son compagnonnage avec le pr\u00e9sident Macky Sall est bas\u00e9 sur la sinc\u00e9rit\u00e9. Une relation entre fr\u00e8re et s\u0153ur et un compagnonnage pour l\u2019assistance permanente des S\u00e9n\u00e9galais dira t-elle. Elle termine par dire qu\u2019elle est toujours en phase avec lui sur ses politiques, sa vision et son engagement. Et que Macky Sall est une chance pour le pays. Une conf\u00e9rence de presse qui s\u2019est tenue en pr\u00e9sence du Dr Cheikh Kant\u00e9, ministre charg\u00e9 du suivi du plan S\u00e9n\u00e9gal \u00e9mergent. <br><br><br>Samba SY. <br><\/p>\n<div class=\"publi-apres-le-contenu\" style=\"margin-top: 10px;margin-bottom: 10px;margin-left: auto;margin-right: auto;text-align: center;\" id=\"publi-1825629824\"><div class=\"publi-adlabel\">Publicit\u00e9<\/div><script async src=\"\/\/pagead2.googlesyndication.com\/pagead\/js\/adsbygoogle.js?client=ca-pub-4089586018074219\" crossorigin=\"anonymous\"><\/script><ins class=\"adsbygoogle\" style=\"display:block;\" data-ad-client=\"ca-pub-4089586018074219\" \ndata-ad-slot=\"2087940154\" \ndata-ad-format=\"auto\"><\/ins>\n<script> \n(adsbygoogle = window.adsbygoogle || []).push({}); \n<\/script>\n<\/div>","protected":false},"excerpt":{"rendered":"<p>La pr\u00e9sidente du r\u00e9seau des amis et sympathisants de A\u00efda Ndiongue a fait face \u00e0 la presse pour apporter son soutien entier et total au pr\u00e9sident de la R\u00e9publique Macky Sall. Et sur la question d\u2019une nouvelle candidature de Macky Sall en 2024, Aida Diongue se veut tr\u00e8s claire : \u00ab Je suis une personne reconnaissante. Macky a beaucoup fait pour moi. Si le conseil constitutionnel valide sa candidature en 2024, je serai la premi\u00e8re \u00e0 me mettre \u00e0 ses c\u00f4t\u00e9s pour le soutenir en 2024\u2026 \u00bb. Elle rappelle que son compagnonnage avec le pr\u00e9sident Macky Sall est bas\u00e9 sur la sinc\u00e9rit\u00e9. Une relation entre fr\u00e8re et s\u0153ur et un compagnonnage pour l\u2019assistance permanente des S\u00e9n\u00e9galais dira t-elle. Elle termine par dire qu\u2019elle est toujours en phase avec lui sur ses politiques, sa vision et son engagement. Et que Macky Sall est une chance pour le pays. Une conf\u00e9rence de presse qui s\u2019est tenue en pr\u00e9sence du Dr Cheikh Kant\u00e9, ministre charg\u00e9 du suivi du plan S\u00e9n\u00e9gal \u00e9mergent. Samba SY.<\/p>\n","protected":false},"author":7,"featured_media":4664,"comment_status":"open","ping_status":"open","sticky":false,"template":"","format":"standard","meta":{"_jetpack_memberships_contains_paid_content":false,"footnotes":""},"categories":[375,3,1],"tags":[1538,1539,1158],"class_list":["post-4659","post","type-post","status-publish","format-standard","has-post-thumbnail","hentry","category-actualites","category-politique","category-non-classe","tag-aida-diongue","tag-candidature-macky","tag-politique","entry","has-media","owp-thumbs-layout-horizontal","owp-btn-normal","owp-tabs-layout-horizontal","has-no-thumbnails","has-product-nav"],"yoast_head":"<!-- This site is optimized with the Yoast SEO plugin v25.5 - https:\/\/yoast.com\/wordpress\/plugins\/seo\/ -->\n<title>Aida Diongue : &quot;Macky est une chance pour le S\u00e9n\u00e9gal&quot; - LE PUBLIC<\/title>\n<meta name=\"robots\" content=\"index, follow, max-snippet:-1, max-image-preview:large, max-video-preview:-1\" \/>\n<link rel=\"canonical\" href=\"https:\/\/www.public.sn\/index.php\/2022\/10\/15\/aida-diongue-macky-est-une-chance-pour-le-senegal\/\" \/>\n<meta property=\"og:locale\" content=\"fr_FR\" \/>\n<meta property=\"og:type\" content=\"article\" \/>\n<meta property=\"og:title\" content=\"Aida Diongue : &quot;Macky est une chance pour le S\u00e9n\u00e9gal&quot; - LE PUBLIC\" \/>\n<meta property=\"og:description\" content=\"La pr\u00e9sidente du r\u00e9seau des amis et sympathisants de A\u00efda Ndiongue a fait face \u00e0 la presse pour apporter son soutien entier et total au pr\u00e9sident de la R\u00e9publique Macky Sall. Et sur la question d\u2019une nouvelle candidature de Macky Sall en 2024, Aida Diongue se veut tr\u00e8s claire : \u00ab Je suis une personne reconnaissante. Macky a beaucoup fait pour moi. Si le conseil constitutionnel valide sa candidature en 2024, je serai la premi\u00e8re \u00e0 me mettre \u00e0 ses c\u00f4t\u00e9s pour le soutenir en 2024\u2026 \u00bb. Elle rappelle que son compagnonnage avec le pr\u00e9sident Macky Sall est bas\u00e9 sur la sinc\u00e9rit\u00e9. Une relation entre fr\u00e8re et s\u0153ur et un compagnonnage pour l\u2019assistance permanente des S\u00e9n\u00e9galais dira t-elle. Elle termine par dire qu\u2019elle est toujours en phase avec lui sur ses politiques, sa vision et son engagement. Et que Macky Sall est une chance pour le pays. Une conf\u00e9rence de presse qui s\u2019est tenue en pr\u00e9sence du Dr Cheikh Kant\u00e9, ministre charg\u00e9 du suivi du plan S\u00e9n\u00e9gal \u00e9mergent. Samba SY.\" \/>\n<meta property=\"og:url\" content=\"https:\/\/www.public.sn\/index.php\/2022\/10\/15\/aida-diongue-macky-est-une-chance-pour-le-senegal\/\" \/>\n<meta property=\"og:site_name\" content=\"LE PUBLIC\" \/>\n<meta property=\"article:published_time\" content=\"2022-10-15T08:50:34+00:00\" \/>\n<meta property=\"article:modified_time\" content=\"2022-10-15T08:50:36+00:00\" \/>\n<meta property=\"og:image\" content=\"https:\/\/www.public.sn\/wp-content\/uploads\/2022\/10\/aida-diongue.png\" \/>\n\t<meta property=\"og:image:width\" content=\"1170\" \/>\n\t<meta property=\"og:image:height\" content=\"754\" \/>\n\t<meta property=\"og:image:type\" content=\"image\/png\" \/>\n<meta name=\"author\" content=\"LA REDACTION\" \/>\n<meta name=\"twitter:card\" content=\"summary_large_image\" \/>\n<meta name=\"twitter:label1\" content=\"\u00c9crit par\" \/>\n\t<meta name=\"twitter:data1\" content=\"LA REDACTION\" \/>\n\t<meta name=\"twitter:label2\" content=\"Dur\u00e9e de lecture estim\u00e9e\" \/>\n\t<meta name=\"twitter:data2\" content=\"1 minute\" \/>\n<script type=\"application\/ld+json\" class=\"yoast-schema-graph\">{\"@context\":\"https:\/\/schema.org\",\"@graph\":[{\"@type\":\"Article\",\"@id\":\"https:\/\/www.public.sn\/index.php\/2022\/10\/15\/aida-diongue-macky-est-une-chance-pour-le-senegal\/#article\",\"isPartOf\":{\"@id\":\"https:\/\/www.public.sn\/index.php\/2022\/10\/15\/aida-diongue-macky-est-une-chance-pour-le-senegal\/\"},\"author\":{\"name\":\"LA REDACTION\",\"@id\":\"https:\/\/www.public.sn\/#\/schema\/person\/cb76c8e1b8becc6be61fb5e92d6d0224\"},\"headline\":\"Aida Diongue : \u00ab\u00a0Macky est une chance pour le S\u00e9n\u00e9gal\u00a0\u00bb\",\"datePublished\":\"2022-10-15T08:50:34+00:00\",\"dateModified\":\"2022-10-15T08:50:36+00:00\",\"mainEntityOfPage\":{\"@id\":\"https:\/\/www.public.sn\/index.php\/2022\/10\/15\/aida-diongue-macky-est-une-chance-pour-le-senegal\/\"},\"wordCount\":195,\"commentCount\":0,\"publisher\":{\"@id\":\"https:\/\/www.public.sn\/#organization\"},\"image\":{\"@id\":\"https:\/\/www.public.sn\/index.php\/2022\/10\/15\/aida-diongue-macky-est-une-chance-pour-le-senegal\/#primaryimage\"},\"thumbnailUrl\":\"https:\/\/www.public.sn\/wp-content\/uploads\/2022\/10\/aida-diongue.png\",\"keywords\":[\"aida diongue\",\"candidature macky\",\"politique\"],\"articleSection\":[\"ACTUALIT\u00c9S\",\"POLITIQUE\",\"S\u00c9N\u00c9GAL\"],\"inLanguage\":\"fr-FR\",\"potentialAction\":[{\"@type\":\"CommentAction\",\"name\":\"Comment\",\"target\":[\"https:\/\/www.public.sn\/index.php\/2022\/10\/15\/aida-diongue-macky-est-une-chance-pour-le-senegal\/#respond\"]}]},{\"@type\":\"WebPage\",\"@id\":\"https:\/\/www.public.sn\/index.php\/2022\/10\/15\/aida-diongue-macky-est-une-chance-pour-le-senegal\/\",\"url\":\"https:\/\/www.public.sn\/index.php\/2022\/10\/15\/aida-diongue-macky-est-une-chance-pour-le-senegal\/\",\"name\":\"Aida Diongue : \\\"Macky est une chance pour le S\u00e9n\u00e9gal\\\" - LE PUBLIC\",\"isPartOf\":{\"@id\":\"https:\/\/www.public.sn\/#website\"},\"primaryImageOfPage\":{\"@id\":\"https:\/\/www.public.sn\/index.php\/2022\/10\/15\/aida-diongue-macky-est-une-chance-pour-le-senegal\/#primaryimage\"},\"image\":{\"@id\":\"https:\/\/www.public.sn\/index.php\/2022\/10\/15\/aida-diongue-macky-est-une-chance-pour-le-senegal\/#primaryimage\"},\"thumbnailUrl\":\"https:\/\/www.public.sn\/wp-content\/uploads\/2022\/10\/aida-diongue.png\",\"datePublished\":\"2022-10-15T08:50:34+00:00\",\"dateModified\":\"2022-10-15T08:50:36+00:00\",\"breadcrumb\":{\"@id\":\"https:\/\/www.public.sn\/index.php\/2022\/10\/15\/aida-diongue-macky-est-une-chance-pour-le-senegal\/#breadcrumb\"},\"inLanguage\":\"fr-FR\",\"potentialAction\":[{\"@type\":\"ReadAction\",\"target\":[\"https:\/\/www.public.sn\/index.php\/2022\/10\/15\/aida-diongue-macky-est-une-chance-pour-le-senegal\/\"]}]},{\"@type\":\"ImageObject\",\"inLanguage\":\"fr-FR\",\"@id\":\"https:\/\/www.public.sn\/index.php\/2022\/10\/15\/aida-diongue-macky-est-une-chance-pour-le-senegal\/#primaryimage\",\"url\":\"https:\/\/www.public.sn\/wp-content\/uploads\/2022\/10\/aida-diongue.png\",\"contentUrl\":\"https:\/\/www.public.sn\/wp-content\/uploads\/2022\/10\/aida-diongue.png\",\"width\":1170,\"height\":754,\"caption\":\"publicsn\"},{\"@type\":\"BreadcrumbList\",\"@id\":\"https:\/\/www.public.sn\/index.php\/2022\/10\/15\/aida-diongue-macky-est-une-chance-pour-le-senegal\/#breadcrumb\",\"itemListElement\":[{\"@type\":\"ListItem\",\"position\":1,\"name\":\"Accueil\",\"item\":\"https:\/\/www.public.sn\/\"},{\"@type\":\"ListItem\",\"position\":2,\"name\":\"Aida Diongue : \u00ab\u00a0Macky est une chance pour le S\u00e9n\u00e9gal\u00a0\u00bb\"}]},{\"@type\":\"WebSite\",\"@id\":\"https:\/\/www.public.sn\/#website\",\"url\":\"https:\/\/www.public.sn\/\",\"name\":\"LE PUBLIC\",\"description\":\"\",\"publisher\":{\"@id\":\"https:\/\/www.public.sn\/#organization\"},\"potentialAction\":[{\"@type\":\"SearchAction\",\"target\":{\"@type\":\"EntryPoint\",\"urlTemplate\":\"https:\/\/www.public.sn\/?s={search_term_string}\"},\"query-input\":{\"@type\":\"PropertyValueSpecification\",\"valueRequired\":true,\"valueName\":\"search_term_string\"}}],\"inLanguage\":\"fr-FR\"},{\"@type\":\"Organization\",\"@id\":\"https:\/\/www.public.sn\/#organization\",\"name\":\"LE PUBLIC\",\"url\":\"https:\/\/www.public.sn\/\",\"logo\":{\"@type\":\"ImageObject\",\"inLanguage\":\"fr-FR\",\"@id\":\"https:\/\/www.public.sn\/#\/schema\/logo\/image\/\",\"url\":\"https:\/\/www.public.sn\/wp-content\/uploads\/2024\/05\/cropped-LOGO-PUBLIC.SN_.png\",\"contentUrl\":\"https:\/\/www.public.sn\/wp-content\/uploads\/2024\/05\/cropped-LOGO-PUBLIC.SN_.png\",\"width\":682,\"height\":192,\"caption\":\"LE PUBLIC\"},\"image\":{\"@id\":\"https:\/\/www.public.sn\/#\/schema\/logo\/image\/\"}},{\"@type\":\"Person\",\"@id\":\"https:\/\/www.public.sn\/#\/schema\/person\/cb76c8e1b8becc6be61fb5e92d6d0224\",\"name\":\"LA REDACTION\",\"image\":{\"@type\":\"ImageObject\",\"inLanguage\":\"fr-FR\",\"@id\":\"https:\/\/www.public.sn\/#\/schema\/person\/image\/\",\"url\":\"https:\/\/secure.gravatar.com\/avatar\/2dce5ddd34b8fef0180efe03aa2a9bee7d953856048f9a16b298190a3178407c?s=96&d=mm&r=g\",\"contentUrl\":\"https:\/\/secure.gravatar.com\/avatar\/2dce5ddd34b8fef0180efe03aa2a9bee7d953856048f9a16b298190a3178407c?s=96&d=mm&r=g\",\"caption\":\"LA REDACTION\"},\"url\":\"https:\/\/www.public.sn\/index.php\/author\/editeurpsn\/\"}]}<\/script>\n<!-- \/ Yoast SEO plugin. -->","yoast_head_json":{"title":"Aida Diongue : \"Macky est une chance pour le S\u00e9n\u00e9gal\" - LE PUBLIC","robots":{"index":"index","follow":"follow","max-snippet":"max-snippet:-1","max-image-preview":"max-image-preview:large","max-video-preview":"max-video-preview:-1"},"canonical":"https:\/\/www.public.sn\/index.php\/2022\/10\/15\/aida-diongue-macky-est-une-chance-pour-le-senegal\/","og_locale":"fr_FR","og_type":"article","og_title":"Aida Diongue : \"Macky est une chance pour le S\u00e9n\u00e9gal\" - LE PUBLIC","og_description":"La pr\u00e9sidente du r\u00e9seau des amis et sympathisants de A\u00efda Ndiongue a fait face \u00e0 la presse pour apporter son soutien entier et total au pr\u00e9sident de la R\u00e9publique Macky Sall. Et sur la question d\u2019une nouvelle candidature de Macky Sall en 2024, Aida Diongue se veut tr\u00e8s claire : \u00ab Je suis une personne reconnaissante. Macky a beaucoup fait pour moi. Si le conseil constitutionnel valide sa candidature en 2024, je serai la premi\u00e8re \u00e0 me mettre \u00e0 ses c\u00f4t\u00e9s pour le soutenir en 2024\u2026 \u00bb. Elle rappelle que son compagnonnage avec le pr\u00e9sident Macky Sall est bas\u00e9 sur la sinc\u00e9rit\u00e9. Une relation entre fr\u00e8re et s\u0153ur et un compagnonnage pour l\u2019assistance permanente des S\u00e9n\u00e9galais dira t-elle. Elle termine par dire qu\u2019elle est toujours en phase avec lui sur ses politiques, sa vision et son engagement. Et que Macky Sall est une chance pour le pays. Une conf\u00e9rence de presse qui s\u2019est tenue en pr\u00e9sence du Dr Cheikh Kant\u00e9, ministre charg\u00e9 du suivi du plan S\u00e9n\u00e9gal \u00e9mergent. Samba SY.","og_url":"https:\/\/www.public.sn\/index.php\/2022\/10\/15\/aida-diongue-macky-est-une-chance-pour-le-senegal\/","og_site_name":"LE PUBLIC","article_published_time":"2022-10-15T08:50:34+00:00","article_modified_time":"2022-10-15T08:50:36+00:00","og_image":[{"width":1170,"height":754,"url":"https:\/\/www.public.sn\/wp-content\/uploads\/2022\/10\/aida-diongue.png","type":"image\/png"}],"author":"LA REDACTION","twitter_card":"summary_large_image","twitter_misc":{"\u00c9crit par":"LA REDACTION","Dur\u00e9e de lecture estim\u00e9e":"1 minute"},"schema":{"@context":"https:\/\/schema.org","@graph":[{"@type":"Article","@id":"https:\/\/www.public.sn\/index.php\/2022\/10\/15\/aida-diongue-macky-est-une-chance-pour-le-senegal\/#article","isPartOf":{"@id":"https:\/\/www.public.sn\/index.php\/2022\/10\/15\/aida-diongue-macky-est-une-chance-pour-le-senegal\/"},"author":{"name":"LA REDACTION","@id":"https:\/\/www.public.sn\/#\/schema\/person\/cb76c8e1b8becc6be61fb5e92d6d0224"},"headline":"Aida Diongue : \u00ab\u00a0Macky est une chance pour le S\u00e9n\u00e9gal\u00a0\u00bb","datePublished":"2022-10-15T08:50:34+00:00","dateModified":"2022-10-15T08:50:36+00:00","mainEntityOfPage":{"@id":"https:\/\/www.public.sn\/index.php\/2022\/10\/15\/aida-diongue-macky-est-une-chance-pour-le-senegal\/"},"wordCount":195,"commentCount":0,"publisher":{"@id":"https:\/\/www.public.sn\/#organization"},"image":{"@id":"https:\/\/www.public.sn\/index.php\/2022\/10\/15\/aida-diongue-macky-est-une-chance-pour-le-senegal\/#primaryimage"},"thumbnailUrl":"https:\/\/www.public.sn\/wp-content\/uploads\/2022\/10\/aida-diongue.png","keywords":["aida diongue","candidature macky","politique"],"articleSection":["ACTUALIT\u00c9S","POLITIQUE","S\u00c9N\u00c9GAL"],"inLanguage":"fr-FR","potentialAction":[{"@type":"CommentAction","name":"Comment","target":["https:\/\/www.public.sn\/index.php\/2022\/10\/15\/aida-diongue-macky-est-une-chance-pour-le-senegal\/#respond"]}]},{"@type":"WebPage","@id":"https:\/\/www.public.sn\/index.php\/2022\/10\/15\/aida-diongue-macky-est-une-chance-pour-le-senegal\/","url":"https:\/\/www.public.sn\/index.php\/2022\/10\/15\/aida-diongue-macky-est-une-chance-pour-le-senegal\/","name":"Aida Diongue : \"Macky est une chance pour le S\u00e9n\u00e9gal\" - LE PUBLIC","isPartOf":{"@id":"https:\/\/www.public.sn\/#website"},"primaryImageOfPage":{"@id":"https:\/\/www.public.sn\/index.php\/2022\/10\/15\/aida-diongue-macky-est-une-chance-pour-le-senegal\/#primaryimage"},"image":{"@id":"https:\/\/www.public.sn\/index.php\/2022\/10\/15\/aida-diongue-macky-est-une-chance-pour-le-senegal\/#primaryimage"},"thumbnailUrl":"https:\/\/www.public.sn\/wp-content\/uploads\/2022\/10\/aida-diongue.png","datePublished":"2022-10-15T08:50:34+00:00","dateModified":"2022-10-15T08:50:36+00:00","breadcrumb":{"@id":"https:\/\/www.public.sn\/index.php\/2022\/10\/15\/aida-diongue-macky-est-une-chance-pour-le-senegal\/#breadcrumb"},"inLanguage":"fr-FR","potentialAction":[{"@type":"ReadAction","target":["https:\/\/www.public.sn\/index.php\/2022\/10\/15\/aida-diongue-macky-est-une-chance-pour-le-senegal\/"]}]},{"@type":"ImageObject","inLanguage":"fr-FR","@id":"https:\/\/www.public.sn\/index.php\/2022\/10\/15\/aida-diongue-macky-est-une-chance-pour-le-senegal\/#primaryimage","url":"https:\/\/www.public.sn\/wp-content\/uploads\/2022\/10\/aida-diongue.png","contentUrl":"https:\/\/www.public.sn\/wp-content\/uploads\/2022\/10\/aida-diongue.png","width":1170,"height":754,"caption":"publicsn"},{"@type":"BreadcrumbList","@id":"https:\/\/www.public.sn\/index.php\/2022\/10\/15\/aida-diongue-macky-est-une-chance-pour-le-senegal\/#breadcrumb","itemListElement":[{"@type":"ListItem","position":1,"name":"Accueil","item":"https:\/\/www.public.sn\/"},{"@type":"ListItem","position":2,"name":"Aida Diongue : \u00ab\u00a0Macky est une chance pour le S\u00e9n\u00e9gal\u00a0\u00bb"}]},{"@type":"WebSite","@id":"https:\/\/www.public.sn\/#website","url":"https:\/\/www.public.sn\/","name":"LE PUBLIC","description":"","publisher":{"@id":"https:\/\/www.public.sn\/#organization"},"potentialAction":[{"@type":"SearchAction","target":{"@type":"EntryPoint","urlTemplate":"https:\/\/www.public.sn\/?s={search_term_string}"},"query-input":{"@type":"PropertyValueSpecification","valueRequired":true,"valueName":"search_term_string"}}],"inLanguage":"fr-FR"},{"@type":"Organization","@id":"https:\/\/www.public.sn\/#organization","name":"LE PUBLIC","url":"https:\/\/www.public.sn\/","logo":{"@type":"ImageObject","inLanguage":"fr-FR","@id":"https:\/\/www.public.sn\/#\/schema\/logo\/image\/","url":"https:\/\/www.public.sn\/wp-content\/uploads\/2024\/05\/cropped-LOGO-PUBLIC.SN_.png","contentUrl":"https:\/\/www.public.sn\/wp-content\/uploads\/2024\/05\/cropped-LOGO-PUBLIC.SN_.png","width":682,"height":192,"caption":"LE PUBLIC"},"image":{"@id":"https:\/\/www.public.sn\/#\/schema\/logo\/image\/"}},{"@type":"Person","@id":"https:\/\/www.public.sn\/#\/schema\/person\/cb76c8e1b8becc6be61fb5e92d6d0224","name":"LA REDACTION","image":{"@type":"ImageObject","inLanguage":"fr-FR","@id":"https:\/\/www.public.sn\/#\/schema\/person\/image\/","url":"https:\/\/secure.gravatar.com\/avatar\/2dce5ddd34b8fef0180efe03aa2a9bee7d953856048f9a16b298190a3178407c?s=96&d=mm&r=g","contentUrl":"https:\/\/secure.gravatar.com\/avatar\/2dce5ddd34b8fef0180efe03aa2a9bee7d953856048f9a16b298190a3178407c?s=96&d=mm&r=g","caption":"LA REDACTION"},"url":"https:\/\/www.public.sn\/index.php\/author\/editeurpsn\/"}]}},"jetpack_featured_media_url":"https:\/\/www.public.sn\/wp-content\/uploads\/2022\/10\/aida-diongue.png","jetpack_sharing_enabled":true,"_links":{"self":[{"href":"https:\/\/www.public.sn\/index.php\/wp-json\/wp\/v2\/posts\/4659","targetHints":{"allow":["GET"]}}],"collection":[{"href":"https:\/\/www.public.sn\/index.php\/wp-json\/wp\/v2\/posts"}],"about":[{"href":"https:\/\/www.public.sn\/index.php\/wp-json\/wp\/v2\/types\/post"}],"author":[{"embeddable":true,"href":"https:\/\/www.public.sn\/index.php\/wp-json\/wp\/v2\/users\/7"}],"replies":[{"embeddable":true,"href":"https:\/\/www.public.sn\/index.php\/wp-json\/wp\/v2\/comments?post=4659"}],"version-history":[{"count":2,"href":"https:\/\/www.public.sn\/index.php\/wp-json\/wp\/v2\/posts\/4659\/revisions"}],"predecessor-version":[{"id":4665,"href":"https:\/\/www.public.sn\/index.php\/wp-json\/wp\/v2\/posts\/4659\/revisions\/4665"}],"wp:featuredmedia":[{"embeddable":true,"href":"https:\/\/www.public.sn\/index.php\/wp-json\/wp\/v2\/media\/4664"}],"wp:attachment":[{"href":"https:\/\/www.public.sn\/index.php\/wp-json\/wp\/v2\/media?parent=4659"}],"wp:term":[{"taxonomy":"category","embeddable":true,"href":"https:\/\/www.public.sn\/index.php\/wp-json\/wp\/v2\/categories?post=4659"},{"taxonomy":"post_tag","embeddable":true,"href":"https:\/\/www.public.sn\/index.php\/wp-json\/wp\/v2\/tags?post=4659"}],"curies":[{"name":"wp","href":"https:\/\/api.w.org\/{rel}","templated":true}]}}