{"id":470,"date":"2022-08-23T12:51:45","date_gmt":"2022-08-23T10:51:45","guid":{"rendered":"https:\/\/www.public.sn\/?p=470"},"modified":"2022-08-23T12:51:47","modified_gmt":"2022-08-23T10:51:47","slug":"inondations-a-touba-les-populations-sinquietent-a-moins-dun-mois-du-grand-magal","status":"publish","type":"post","link":"https:\/\/www.public.sn\/index.php\/2022\/08\/23\/inondations-a-touba-les-populations-sinquietent-a-moins-dun-mois-du-grand-magal\/","title":{"rendered":"Inondations \u00e0 Touba : Les populations s&rsquo;inqui\u00e8tent \u00e0 moins d&rsquo;un mois du Grand Magal."},"content":{"rendered":"\n<p><strong><em>Dans quatre semaines au plus, sera c\u00e9l\u00e9br\u00e9 le grand Magal de Touba. Mais d\u2019ici l\u00e0, l\u2019inqui\u00e9tude grandit autour du bassin de Darou Rahmane, qui a atteint ses limites de contenance, alors que plusieurs quartiers de la ville sainte ont \u00e9t\u00e9 touch\u00e9s par les inondations.<\/em><\/strong><\/p><div class=\"publi-paragraphe1\" style=\"margin-top: 10px;margin-bottom: 10px;margin-left: auto;margin-right: auto;text-align: center;\" id=\"publi-3634188899\"><div class=\"publi-adlabel\">Publicit\u00e9<\/div><script async src=\"\/\/pagead2.googlesyndication.com\/pagead\/js\/adsbygoogle.js?client=ca-pub-4089586018074219\" crossorigin=\"anonymous\"><\/script><ins class=\"adsbygoogle\" style=\"display:block;\" data-ad-client=\"ca-pub-4089586018074219\" \ndata-ad-slot=\"2087940154\" \ndata-ad-format=\"auto\"><\/ins>\n<script> \n(adsbygoogle = window.adsbygoogle || []).push({}); \n<\/script>\n<\/div>\n\n\n\n<p>Comme le rapporte Dakaractu, des routes comme celle qui va de Mback\u00e9 \u00e0 Touba ont \u00e9t\u00e9 coup\u00e9es par l\u2019eau \u00e0 hauteur de la mairie et \u00e0 Ndamatou, des maisons sont englouties, tout comme \u00e0 Darou Marnane, Madyana etc.<\/p>\n\n\n\n<p>Le pire, c\u2019est que cette situation qui pr\u00e9vaut d\u00e9j\u00e0 \u00e0 Touba pourrait s\u2019empirer, puisque le bassin de Darou Rahmane, qui retient l\u2019eau, a atteint ses limites. En cas de nouvelles pluies, l\u2019eau ne tiendra pas et risque de se d\u00e9verser sur les habitations environnantes.<\/p>\n\n\n\n<p><em>R\u00e9daction Public SN<\/em><\/p>\n<div class=\"publi-apres-le-contenu\" style=\"margin-top: 10px;margin-bottom: 10px;margin-left: auto;margin-right: auto;text-align: center;\" id=\"publi-2107453813\"><div class=\"publi-adlabel\">Publicit\u00e9<\/div><script async src=\"\/\/pagead2.googlesyndication.com\/pagead\/js\/adsbygoogle.js?client=ca-pub-4089586018074219\" crossorigin=\"anonymous\"><\/script><ins class=\"adsbygoogle\" style=\"display:block;\" data-ad-client=\"ca-pub-4089586018074219\" \ndata-ad-slot=\"2087940154\" \ndata-ad-format=\"auto\"><\/ins>\n<script> \n(adsbygoogle = window.adsbygoogle || []).push({}); \n<\/script>\n<\/div>","protected":false},"excerpt":{"rendered":"<p>Dans quatre semaines au plus, sera c\u00e9l\u00e9br\u00e9 le grand Magal de Touba. Mais d\u2019ici l\u00e0, l\u2019inqui\u00e9tude grandit autour du bassin de Darou Rahmane, qui a atteint ses limites de contenance, alors que plusieurs quartiers de la ville sainte ont \u00e9t\u00e9 touch\u00e9s par les inondations. Comme le rapporte Dakaractu, des routes comme celle qui va de Mback\u00e9 \u00e0 Touba ont \u00e9t\u00e9 coup\u00e9es par l\u2019eau \u00e0 hauteur de la mairie et \u00e0 Ndamatou, des maisons sont englouties, tout comme \u00e0 Darou Marnane, Madyana etc. Le pire, c\u2019est que cette situation qui pr\u00e9vaut d\u00e9j\u00e0 \u00e0 Touba pourrait s\u2019empirer, puisque le bassin de Darou Rahmane, qui retient l\u2019eau, a atteint ses limites. En cas de nouvelles pluies, l\u2019eau ne tiendra pas et risque de se d\u00e9verser sur les habitations environnantes. R\u00e9daction Public SN<\/p>\n","protected":false},"author":1,"featured_media":471,"comment_status":"open","ping_status":"open","sticky":false,"template":"","format":"standard","meta":{"_jetpack_memberships_contains_paid_content":false,"footnotes":""},"categories":[4],"tags":[233,201,92,232],"class_list":["post-470","post","type-post","status-publish","format-standard","has-post-thumbnail","hentry","category-societe","tag-bassins","tag-etat-du-senegal","tag-inondations","tag-magal-de-touba","entry","has-media","owp-thumbs-layout-horizontal","owp-btn-normal","owp-tabs-layout-horizontal","has-no-thumbnails","has-product-nav"],"yoast_head":"<!-- This site is optimized with the Yoast SEO plugin v25.5 - https:\/\/yoast.com\/wordpress\/plugins\/seo\/ -->\n<title>Inondations \u00e0 Touba : Les populations s&#039;inqui\u00e8tent \u00e0 moins d&#039;un mois du Grand Magal. - LE PUBLIC<\/title>\n<meta name=\"robots\" content=\"index, follow, max-snippet:-1, max-image-preview:large, max-video-preview:-1\" \/>\n<link rel=\"canonical\" href=\"https:\/\/www.public.sn\/index.php\/2022\/08\/23\/inondations-a-touba-les-populations-sinquietent-a-moins-dun-mois-du-grand-magal\/\" \/>\n<meta property=\"og:locale\" content=\"fr_FR\" \/>\n<meta property=\"og:type\" content=\"article\" \/>\n<meta property=\"og:title\" content=\"Inondations \u00e0 Touba : Les populations s&#039;inqui\u00e8tent \u00e0 moins d&#039;un mois du Grand Magal. - LE PUBLIC\" \/>\n<meta property=\"og:description\" content=\"Dans quatre semaines au plus, sera c\u00e9l\u00e9br\u00e9 le grand Magal de Touba. Mais d\u2019ici l\u00e0, l\u2019inqui\u00e9tude grandit autour du bassin de Darou Rahmane, qui a atteint ses limites de contenance, alors que plusieurs quartiers de la ville sainte ont \u00e9t\u00e9 touch\u00e9s par les inondations. Comme le rapporte Dakaractu, des routes comme celle qui va de Mback\u00e9 \u00e0 Touba ont \u00e9t\u00e9 coup\u00e9es par l\u2019eau \u00e0 hauteur de la mairie et \u00e0 Ndamatou, des maisons sont englouties, tout comme \u00e0 Darou Marnane, Madyana etc. Le pire, c\u2019est que cette situation qui pr\u00e9vaut d\u00e9j\u00e0 \u00e0 Touba pourrait s\u2019empirer, puisque le bassin de Darou Rahmane, qui retient l\u2019eau, a atteint ses limites. En cas de nouvelles pluies, l\u2019eau ne tiendra pas et risque de se d\u00e9verser sur les habitations environnantes. R\u00e9daction Public SN\" \/>\n<meta property=\"og:url\" content=\"https:\/\/www.public.sn\/index.php\/2022\/08\/23\/inondations-a-touba-les-populations-sinquietent-a-moins-dun-mois-du-grand-magal\/\" \/>\n<meta property=\"og:site_name\" content=\"LE PUBLIC\" \/>\n<meta property=\"article:published_time\" content=\"2022-08-23T10:51:45+00:00\" \/>\n<meta property=\"article:modified_time\" content=\"2022-08-23T10:51:47+00:00\" \/>\n<meta property=\"og:image\" content=\"https:\/\/www.public.sn\/wp-content\/uploads\/2022\/08\/WhatsApp-Image-2022-08-23-at-10.48.08.jpeg\" \/>\n\t<meta property=\"og:image:width\" content=\"1080\" \/>\n\t<meta property=\"og:image:height\" content=\"593\" \/>\n\t<meta property=\"og:image:type\" content=\"image\/jpeg\" \/>\n<meta name=\"author\" content=\"LA REDACTION\" \/>\n<meta name=\"twitter:card\" content=\"summary_large_image\" \/>\n<meta name=\"twitter:label1\" content=\"\u00c9crit par\" \/>\n\t<meta name=\"twitter:data1\" content=\"LA REDACTION\" \/>\n\t<meta name=\"twitter:label2\" content=\"Dur\u00e9e de lecture estim\u00e9e\" \/>\n\t<meta name=\"twitter:data2\" content=\"1 minute\" \/>\n<script type=\"application\/ld+json\" class=\"yoast-schema-graph\">{\"@context\":\"https:\/\/schema.org\",\"@graph\":[{\"@type\":\"Article\",\"@id\":\"https:\/\/www.public.sn\/index.php\/2022\/08\/23\/inondations-a-touba-les-populations-sinquietent-a-moins-dun-mois-du-grand-magal\/#article\",\"isPartOf\":{\"@id\":\"https:\/\/www.public.sn\/index.php\/2022\/08\/23\/inondations-a-touba-les-populations-sinquietent-a-moins-dun-mois-du-grand-magal\/\"},\"author\":{\"name\":\"LA REDACTION\",\"@id\":\"https:\/\/www.public.sn\/#\/schema\/person\/e3f4a11b037d4203902db148f9bc8d5a\"},\"headline\":\"Inondations \u00e0 Touba : Les populations s&rsquo;inqui\u00e8tent \u00e0 moins d&rsquo;un mois du Grand Magal.\",\"datePublished\":\"2022-08-23T10:51:45+00:00\",\"dateModified\":\"2022-08-23T10:51:47+00:00\",\"mainEntityOfPage\":{\"@id\":\"https:\/\/www.public.sn\/index.php\/2022\/08\/23\/inondations-a-touba-les-populations-sinquietent-a-moins-dun-mois-du-grand-magal\/\"},\"wordCount\":152,\"commentCount\":0,\"publisher\":{\"@id\":\"https:\/\/www.public.sn\/#organization\"},\"image\":{\"@id\":\"https:\/\/www.public.sn\/index.php\/2022\/08\/23\/inondations-a-touba-les-populations-sinquietent-a-moins-dun-mois-du-grand-magal\/#primaryimage\"},\"thumbnailUrl\":\"https:\/\/www.public.sn\/wp-content\/uploads\/2022\/08\/WhatsApp-Image-2022-08-23-at-10.48.08.jpeg\",\"keywords\":[\"Bassins\",\"\u00c9tat du S\u00e9n\u00e9gal\",\"Inondations\",\"Magal de Touba\"],\"articleSection\":[\"SOCIETE\"],\"inLanguage\":\"fr-FR\",\"potentialAction\":[{\"@type\":\"CommentAction\",\"name\":\"Comment\",\"target\":[\"https:\/\/www.public.sn\/index.php\/2022\/08\/23\/inondations-a-touba-les-populations-sinquietent-a-moins-dun-mois-du-grand-magal\/#respond\"]}]},{\"@type\":\"WebPage\",\"@id\":\"https:\/\/www.public.sn\/index.php\/2022\/08\/23\/inondations-a-touba-les-populations-sinquietent-a-moins-dun-mois-du-grand-magal\/\",\"url\":\"https:\/\/www.public.sn\/index.php\/2022\/08\/23\/inondations-a-touba-les-populations-sinquietent-a-moins-dun-mois-du-grand-magal\/\",\"name\":\"Inondations \u00e0 Touba : Les populations s'inqui\u00e8tent \u00e0 moins d'un mois du Grand Magal. - LE PUBLIC\",\"isPartOf\":{\"@id\":\"https:\/\/www.public.sn\/#website\"},\"primaryImageOfPage\":{\"@id\":\"https:\/\/www.public.sn\/index.php\/2022\/08\/23\/inondations-a-touba-les-populations-sinquietent-a-moins-dun-mois-du-grand-magal\/#primaryimage\"},\"image\":{\"@id\":\"https:\/\/www.public.sn\/index.php\/2022\/08\/23\/inondations-a-touba-les-populations-sinquietent-a-moins-dun-mois-du-grand-magal\/#primaryimage\"},\"thumbnailUrl\":\"https:\/\/www.public.sn\/wp-content\/uploads\/2022\/08\/WhatsApp-Image-2022-08-23-at-10.48.08.jpeg\",\"datePublished\":\"2022-08-23T10:51:45+00:00\",\"dateModified\":\"2022-08-23T10:51:47+00:00\",\"breadcrumb\":{\"@id\":\"https:\/\/www.public.sn\/index.php\/2022\/08\/23\/inondations-a-touba-les-populations-sinquietent-a-moins-dun-mois-du-grand-magal\/#breadcrumb\"},\"inLanguage\":\"fr-FR\",\"potentialAction\":[{\"@type\":\"ReadAction\",\"target\":[\"https:\/\/www.public.sn\/index.php\/2022\/08\/23\/inondations-a-touba-les-populations-sinquietent-a-moins-dun-mois-du-grand-magal\/\"]}]},{\"@type\":\"ImageObject\",\"inLanguage\":\"fr-FR\",\"@id\":\"https:\/\/www.public.sn\/index.php\/2022\/08\/23\/inondations-a-touba-les-populations-sinquietent-a-moins-dun-mois-du-grand-magal\/#primaryimage\",\"url\":\"https:\/\/www.public.sn\/wp-content\/uploads\/2022\/08\/WhatsApp-Image-2022-08-23-at-10.48.08.jpeg\",\"contentUrl\":\"https:\/\/www.public.sn\/wp-content\/uploads\/2022\/08\/WhatsApp-Image-2022-08-23-at-10.48.08.jpeg\",\"width\":1080,\"height\":593},{\"@type\":\"BreadcrumbList\",\"@id\":\"https:\/\/www.public.sn\/index.php\/2022\/08\/23\/inondations-a-touba-les-populations-sinquietent-a-moins-dun-mois-du-grand-magal\/#breadcrumb\",\"itemListElement\":[{\"@type\":\"ListItem\",\"position\":1,\"name\":\"Accueil\",\"item\":\"https:\/\/www.public.sn\/\"},{\"@type\":\"ListItem\",\"position\":2,\"name\":\"Inondations \u00e0 Touba : Les populations s&rsquo;inqui\u00e8tent \u00e0 moins d&rsquo;un mois du Grand Magal.\"}]},{\"@type\":\"WebSite\",\"@id\":\"https:\/\/www.public.sn\/#website\",\"url\":\"https:\/\/www.public.sn\/\",\"name\":\"LE PUBLIC\",\"description\":\"\",\"publisher\":{\"@id\":\"https:\/\/www.public.sn\/#organization\"},\"potentialAction\":[{\"@type\":\"SearchAction\",\"target\":{\"@type\":\"EntryPoint\",\"urlTemplate\":\"https:\/\/www.public.sn\/?s={search_term_string}\"},\"query-input\":{\"@type\":\"PropertyValueSpecification\",\"valueRequired\":true,\"valueName\":\"search_term_string\"}}],\"inLanguage\":\"fr-FR\"},{\"@type\":\"Organization\",\"@id\":\"https:\/\/www.public.sn\/#organization\",\"name\":\"LE PUBLIC\",\"url\":\"https:\/\/www.public.sn\/\",\"logo\":{\"@type\":\"ImageObject\",\"inLanguage\":\"fr-FR\",\"@id\":\"https:\/\/www.public.sn\/#\/schema\/logo\/image\/\",\"url\":\"https:\/\/www.public.sn\/wp-content\/uploads\/2024\/05\/cropped-LOGO-PUBLIC.SN_.png\",\"contentUrl\":\"https:\/\/www.public.sn\/wp-content\/uploads\/2024\/05\/cropped-LOGO-PUBLIC.SN_.png\",\"width\":682,\"height\":192,\"caption\":\"LE PUBLIC\"},\"image\":{\"@id\":\"https:\/\/www.public.sn\/#\/schema\/logo\/image\/\"}},{\"@type\":\"Person\",\"@id\":\"https:\/\/www.public.sn\/#\/schema\/person\/e3f4a11b037d4203902db148f9bc8d5a\",\"name\":\"LA REDACTION\",\"image\":{\"@type\":\"ImageObject\",\"inLanguage\":\"fr-FR\",\"@id\":\"https:\/\/www.public.sn\/#\/schema\/person\/image\/\",\"url\":\"https:\/\/secure.gravatar.com\/avatar\/d6c030db45db2883c075085c5d6c6258654a801a93766b49af0b82d4f454e2a5?s=96&d=mm&r=g\",\"contentUrl\":\"https:\/\/secure.gravatar.com\/avatar\/d6c030db45db2883c075085c5d6c6258654a801a93766b49af0b82d4f454e2a5?s=96&d=mm&r=g\",\"caption\":\"LA REDACTION\"},\"sameAs\":[\"http:\/\/www.public.sn\"],\"url\":\"https:\/\/www.public.sn\/index.php\/author\/admin7324\/\"}]}<\/script>\n<!-- \/ Yoast SEO plugin. -->","yoast_head_json":{"title":"Inondations \u00e0 Touba : Les populations s'inqui\u00e8tent \u00e0 moins d'un mois du Grand Magal. - LE PUBLIC","robots":{"index":"index","follow":"follow","max-snippet":"max-snippet:-1","max-image-preview":"max-image-preview:large","max-video-preview":"max-video-preview:-1"},"canonical":"https:\/\/www.public.sn\/index.php\/2022\/08\/23\/inondations-a-touba-les-populations-sinquietent-a-moins-dun-mois-du-grand-magal\/","og_locale":"fr_FR","og_type":"article","og_title":"Inondations \u00e0 Touba : Les populations s'inqui\u00e8tent \u00e0 moins d'un mois du Grand Magal. - LE PUBLIC","og_description":"Dans quatre semaines au plus, sera c\u00e9l\u00e9br\u00e9 le grand Magal de Touba. Mais d\u2019ici l\u00e0, l\u2019inqui\u00e9tude grandit autour du bassin de Darou Rahmane, qui a atteint ses limites de contenance, alors que plusieurs quartiers de la ville sainte ont \u00e9t\u00e9 touch\u00e9s par les inondations. Comme le rapporte Dakaractu, des routes comme celle qui va de Mback\u00e9 \u00e0 Touba ont \u00e9t\u00e9 coup\u00e9es par l\u2019eau \u00e0 hauteur de la mairie et \u00e0 Ndamatou, des maisons sont englouties, tout comme \u00e0 Darou Marnane, Madyana etc. Le pire, c\u2019est que cette situation qui pr\u00e9vaut d\u00e9j\u00e0 \u00e0 Touba pourrait s\u2019empirer, puisque le bassin de Darou Rahmane, qui retient l\u2019eau, a atteint ses limites. En cas de nouvelles pluies, l\u2019eau ne tiendra pas et risque de se d\u00e9verser sur les habitations environnantes. R\u00e9daction Public SN","og_url":"https:\/\/www.public.sn\/index.php\/2022\/08\/23\/inondations-a-touba-les-populations-sinquietent-a-moins-dun-mois-du-grand-magal\/","og_site_name":"LE PUBLIC","article_published_time":"2022-08-23T10:51:45+00:00","article_modified_time":"2022-08-23T10:51:47+00:00","og_image":[{"width":1080,"height":593,"url":"https:\/\/www.public.sn\/wp-content\/uploads\/2022\/08\/WhatsApp-Image-2022-08-23-at-10.48.08.jpeg","type":"image\/jpeg"}],"author":"LA REDACTION","twitter_card":"summary_large_image","twitter_misc":{"\u00c9crit par":"LA REDACTION","Dur\u00e9e de lecture estim\u00e9e":"1 minute"},"schema":{"@context":"https:\/\/schema.org","@graph":[{"@type":"Article","@id":"https:\/\/www.public.sn\/index.php\/2022\/08\/23\/inondations-a-touba-les-populations-sinquietent-a-moins-dun-mois-du-grand-magal\/#article","isPartOf":{"@id":"https:\/\/www.public.sn\/index.php\/2022\/08\/23\/inondations-a-touba-les-populations-sinquietent-a-moins-dun-mois-du-grand-magal\/"},"author":{"name":"LA REDACTION","@id":"https:\/\/www.public.sn\/#\/schema\/person\/e3f4a11b037d4203902db148f9bc8d5a"},"headline":"Inondations \u00e0 Touba : Les populations s&rsquo;inqui\u00e8tent \u00e0 moins d&rsquo;un mois du Grand Magal.","datePublished":"2022-08-23T10:51:45+00:00","dateModified":"2022-08-23T10:51:47+00:00","mainEntityOfPage":{"@id":"https:\/\/www.public.sn\/index.php\/2022\/08\/23\/inondations-a-touba-les-populations-sinquietent-a-moins-dun-mois-du-grand-magal\/"},"wordCount":152,"commentCount":0,"publisher":{"@id":"https:\/\/www.public.sn\/#organization"},"image":{"@id":"https:\/\/www.public.sn\/index.php\/2022\/08\/23\/inondations-a-touba-les-populations-sinquietent-a-moins-dun-mois-du-grand-magal\/#primaryimage"},"thumbnailUrl":"https:\/\/www.public.sn\/wp-content\/uploads\/2022\/08\/WhatsApp-Image-2022-08-23-at-10.48.08.jpeg","keywords":["Bassins","\u00c9tat du S\u00e9n\u00e9gal","Inondations","Magal de Touba"],"articleSection":["SOCIETE"],"inLanguage":"fr-FR","potentialAction":[{"@type":"CommentAction","name":"Comment","target":["https:\/\/www.public.sn\/index.php\/2022\/08\/23\/inondations-a-touba-les-populations-sinquietent-a-moins-dun-mois-du-grand-magal\/#respond"]}]},{"@type":"WebPage","@id":"https:\/\/www.public.sn\/index.php\/2022\/08\/23\/inondations-a-touba-les-populations-sinquietent-a-moins-dun-mois-du-grand-magal\/","url":"https:\/\/www.public.sn\/index.php\/2022\/08\/23\/inondations-a-touba-les-populations-sinquietent-a-moins-dun-mois-du-grand-magal\/","name":"Inondations \u00e0 Touba : Les populations s'inqui\u00e8tent \u00e0 moins d'un mois du Grand Magal. - LE PUBLIC","isPartOf":{"@id":"https:\/\/www.public.sn\/#website"},"primaryImageOfPage":{"@id":"https:\/\/www.public.sn\/index.php\/2022\/08\/23\/inondations-a-touba-les-populations-sinquietent-a-moins-dun-mois-du-grand-magal\/#primaryimage"},"image":{"@id":"https:\/\/www.public.sn\/index.php\/2022\/08\/23\/inondations-a-touba-les-populations-sinquietent-a-moins-dun-mois-du-grand-magal\/#primaryimage"},"thumbnailUrl":"https:\/\/www.public.sn\/wp-content\/uploads\/2022\/08\/WhatsApp-Image-2022-08-23-at-10.48.08.jpeg","datePublished":"2022-08-23T10:51:45+00:00","dateModified":"2022-08-23T10:51:47+00:00","breadcrumb":{"@id":"https:\/\/www.public.sn\/index.php\/2022\/08\/23\/inondations-a-touba-les-populations-sinquietent-a-moins-dun-mois-du-grand-magal\/#breadcrumb"},"inLanguage":"fr-FR","potentialAction":[{"@type":"ReadAction","target":["https:\/\/www.public.sn\/index.php\/2022\/08\/23\/inondations-a-touba-les-populations-sinquietent-a-moins-dun-mois-du-grand-magal\/"]}]},{"@type":"ImageObject","inLanguage":"fr-FR","@id":"https:\/\/www.public.sn\/index.php\/2022\/08\/23\/inondations-a-touba-les-populations-sinquietent-a-moins-dun-mois-du-grand-magal\/#primaryimage","url":"https:\/\/www.public.sn\/wp-content\/uploads\/2022\/08\/WhatsApp-Image-2022-08-23-at-10.48.08.jpeg","contentUrl":"https:\/\/www.public.sn\/wp-content\/uploads\/2022\/08\/WhatsApp-Image-2022-08-23-at-10.48.08.jpeg","width":1080,"height":593},{"@type":"BreadcrumbList","@id":"https:\/\/www.public.sn\/index.php\/2022\/08\/23\/inondations-a-touba-les-populations-sinquietent-a-moins-dun-mois-du-grand-magal\/#breadcrumb","itemListElement":[{"@type":"ListItem","position":1,"name":"Accueil","item":"https:\/\/www.public.sn\/"},{"@type":"ListItem","position":2,"name":"Inondations \u00e0 Touba : Les populations s&rsquo;inqui\u00e8tent \u00e0 moins d&rsquo;un mois du Grand Magal."}]},{"@type":"WebSite","@id":"https:\/\/www.public.sn\/#website","url":"https:\/\/www.public.sn\/","name":"LE PUBLIC","description":"","publisher":{"@id":"https:\/\/www.public.sn\/#organization"},"potentialAction":[{"@type":"SearchAction","target":{"@type":"EntryPoint","urlTemplate":"https:\/\/www.public.sn\/?s={search_term_string}"},"query-input":{"@type":"PropertyValueSpecification","valueRequired":true,"valueName":"search_term_string"}}],"inLanguage":"fr-FR"},{"@type":"Organization","@id":"https:\/\/www.public.sn\/#organization","name":"LE PUBLIC","url":"https:\/\/www.public.sn\/","logo":{"@type":"ImageObject","inLanguage":"fr-FR","@id":"https:\/\/www.public.sn\/#\/schema\/logo\/image\/","url":"https:\/\/www.public.sn\/wp-content\/uploads\/2024\/05\/cropped-LOGO-PUBLIC.SN_.png","contentUrl":"https:\/\/www.public.sn\/wp-content\/uploads\/2024\/05\/cropped-LOGO-PUBLIC.SN_.png","width":682,"height":192,"caption":"LE PUBLIC"},"image":{"@id":"https:\/\/www.public.sn\/#\/schema\/logo\/image\/"}},{"@type":"Person","@id":"https:\/\/www.public.sn\/#\/schema\/person\/e3f4a11b037d4203902db148f9bc8d5a","name":"LA REDACTION","image":{"@type":"ImageObject","inLanguage":"fr-FR","@id":"https:\/\/www.public.sn\/#\/schema\/person\/image\/","url":"https:\/\/secure.gravatar.com\/avatar\/d6c030db45db2883c075085c5d6c6258654a801a93766b49af0b82d4f454e2a5?s=96&d=mm&r=g","contentUrl":"https:\/\/secure.gravatar.com\/avatar\/d6c030db45db2883c075085c5d6c6258654a801a93766b49af0b82d4f454e2a5?s=96&d=mm&r=g","caption":"LA REDACTION"},"sameAs":["http:\/\/www.public.sn"],"url":"https:\/\/www.public.sn\/index.php\/author\/admin7324\/"}]}},"jetpack_featured_media_url":"https:\/\/www.public.sn\/wp-content\/uploads\/2022\/08\/WhatsApp-Image-2022-08-23-at-10.48.08.jpeg","jetpack_sharing_enabled":true,"_links":{"self":[{"href":"https:\/\/www.public.sn\/index.php\/wp-json\/wp\/v2\/posts\/470","targetHints":{"allow":["GET"]}}],"collection":[{"href":"https:\/\/www.public.sn\/index.php\/wp-json\/wp\/v2\/posts"}],"about":[{"href":"https:\/\/www.public.sn\/index.php\/wp-json\/wp\/v2\/types\/post"}],"author":[{"embeddable":true,"href":"https:\/\/www.public.sn\/index.php\/wp-json\/wp\/v2\/users\/1"}],"replies":[{"embeddable":true,"href":"https:\/\/www.public.sn\/index.php\/wp-json\/wp\/v2\/comments?post=470"}],"version-history":[{"count":1,"href":"https:\/\/www.public.sn\/index.php\/wp-json\/wp\/v2\/posts\/470\/revisions"}],"predecessor-version":[{"id":472,"href":"https:\/\/www.public.sn\/index.php\/wp-json\/wp\/v2\/posts\/470\/revisions\/472"}],"wp:featuredmedia":[{"embeddable":true,"href":"https:\/\/www.public.sn\/index.php\/wp-json\/wp\/v2\/media\/471"}],"wp:attachment":[{"href":"https:\/\/www.public.sn\/index.php\/wp-json\/wp\/v2\/media?parent=470"}],"wp:term":[{"taxonomy":"category","embeddable":true,"href":"https:\/\/www.public.sn\/index.php\/wp-json\/wp\/v2\/categories?post=470"},{"taxonomy":"post_tag","embeddable":true,"href":"https:\/\/www.public.sn\/index.php\/wp-json\/wp\/v2\/tags?post=470"}],"curies":[{"name":"wp","href":"https:\/\/api.w.org\/{rel}","templated":true}]}}