{"id":476,"date":"2022-08-23T13:29:53","date_gmt":"2022-08-23T11:29:53","guid":{"rendered":"https:\/\/www.public.sn\/?p=476"},"modified":"2022-08-23T13:30:08","modified_gmt":"2022-08-23T11:30:08","slug":"fc-barcelone-la-prestigieuse-promesse-dousmane-dembele","status":"publish","type":"post","link":"https:\/\/www.public.sn\/index.php\/2022\/08\/23\/fc-barcelone-la-prestigieuse-promesse-dousmane-dembele\/","title":{"rendered":"Fc Barcelone : La prestigieuse promesse d&rsquo;Ousmane Demb\u00e9l\u00e9."},"content":{"rendered":"\n<p><strong><em>Prolong\u00e9 et buteur dimanche face \u00e0 la Real Sociedad, Ousmane Demb\u00e9l\u00e9 a \u00e9voqu\u00e9 sa grande forme et ses ambitions avec le Bar\u00e7a.<\/em><\/strong><\/p><div class=\"publi-paragraphe1\" style=\"margin-top: 10px;margin-bottom: 10px;margin-left: auto;margin-right: auto;text-align: center;\" id=\"publi-2017320739\"><div class=\"publi-adlabel\">Publicit\u00e9<\/div><script async src=\"\/\/pagead2.googlesyndication.com\/pagead\/js\/adsbygoogle.js?client=ca-pub-4089586018074219\" crossorigin=\"anonymous\"><\/script><ins class=\"adsbygoogle\" style=\"display:block;\" data-ad-client=\"ca-pub-4089586018074219\" \ndata-ad-slot=\"2087940154\" \ndata-ad-format=\"auto\"><\/ins>\n<script> \n(adsbygoogle = window.adsbygoogle || []).push({}); \n<\/script>\n<\/div>\n\n\n\n<p>Buteur lors du dernier r\u00e9cital (4-1) du Bar\u00e7a contre la Real Sociedad ce dimanche, l&rsquo;international tricolore flamboyant en a profit\u00e9 pour annoncer la couleur au cours d&rsquo;une interview accord\u00e9e \u00e0 Bar\u00e7a TV. Et le natif de Vernon, dont la prolongation de contrat avec les Blaugranas n&rsquo;a pas \u00e9t\u00e9 une mince affaire, compte bien donner le maximum de lui-m\u00eame pour d\u00e9fendre les couleurs du club catalan. <\/p>\n\n\n\n<p><strong><em>\u00ab\u00a0Je vais tout donner pour ce club\u00a0\u00bb.<\/em><\/strong><br><em>\u00ab\u00a0Apr\u00e8s quatre matchs, l\u2019\u00e9quipe se porte tr\u00e8s bien, a ainsi confi\u00e9 \u00ab&nbsp;Dembouz&nbsp;\u00bb. La tourn\u00e9e est tr\u00e8s difficile avec la chaleur et les voyages, mais l\u2019\u00e9quipe se sent bien et je pense que nous nous en sortons bien. (&#8230;) D\u2019un point de vue personnel, ces deux buts me donnent beaucoup de confiance et je suis tr\u00e8s heureux, a-t-il poursuivi, avant de conclure. J\u2019ai la confiance de l\u2019entra\u00eeneur, de mes co\u00e9quipiers et de tout le monde au Bar\u00e7a. La confiance est tr\u00e8s importante pour les joueurs et je vais tout donner pour ce club.\u00a0\u00bb<\/em><\/p>\n\n\n\n<p><em>R\u00e9daction Public SN<\/em><\/p>\n<div class=\"publi-apres-le-contenu\" style=\"margin-top: 10px;margin-bottom: 10px;margin-left: auto;margin-right: auto;text-align: center;\" id=\"publi-2167943226\"><div class=\"publi-adlabel\">Publicit\u00e9<\/div><script async src=\"\/\/pagead2.googlesyndication.com\/pagead\/js\/adsbygoogle.js?client=ca-pub-4089586018074219\" crossorigin=\"anonymous\"><\/script><ins class=\"adsbygoogle\" style=\"display:block;\" data-ad-client=\"ca-pub-4089586018074219\" \ndata-ad-slot=\"2087940154\" \ndata-ad-format=\"auto\"><\/ins>\n<script> \n(adsbygoogle = window.adsbygoogle || []).push({}); \n<\/script>\n<\/div>","protected":false},"excerpt":{"rendered":"<p>Prolong\u00e9 et buteur dimanche face \u00e0 la Real Sociedad, Ousmane Demb\u00e9l\u00e9 a \u00e9voqu\u00e9 sa grande forme et ses ambitions avec le Bar\u00e7a. Buteur lors du dernier r\u00e9cital (4-1) du Bar\u00e7a contre la Real Sociedad ce dimanche, l&rsquo;international tricolore flamboyant en a profit\u00e9 pour annoncer la couleur au cours d&rsquo;une interview accord\u00e9e \u00e0 Bar\u00e7a TV. Et le natif de Vernon, dont la prolongation de contrat avec les Blaugranas n&rsquo;a pas \u00e9t\u00e9 une mince affaire, compte bien donner le maximum de lui-m\u00eame pour d\u00e9fendre les couleurs du club catalan. \u00ab\u00a0Je vais tout donner pour ce club\u00a0\u00bb.\u00ab\u00a0Apr\u00e8s quatre matchs, l\u2019\u00e9quipe se porte tr\u00e8s bien, a ainsi confi\u00e9 \u00ab&nbsp;Dembouz&nbsp;\u00bb. La tourn\u00e9e est tr\u00e8s difficile avec la chaleur et les voyages, mais l\u2019\u00e9quipe se sent bien et je pense que nous nous en sortons bien. (&#8230;) D\u2019un point de vue personnel, ces deux buts me donnent beaucoup de confiance et je suis tr\u00e8s heureux, a-t-il poursuivi, avant de conclure. J\u2019ai la confiance de l\u2019entra\u00eeneur, de mes co\u00e9quipiers et de tout le monde au Bar\u00e7a. La confiance est tr\u00e8s importante pour les joueurs et je vais tout donner pour ce club.\u00a0\u00bb R\u00e9daction Public SN<\/p>\n","protected":false},"author":1,"featured_media":477,"comment_status":"open","ping_status":"open","sticky":false,"template":"","format":"standard","meta":{"_jetpack_memberships_contains_paid_content":false,"footnotes":""},"categories":[7],"tags":[235,68,236],"class_list":["post-476","post","type-post","status-publish","format-standard","has-post-thumbnail","hentry","category-sport","tag-barcelone","tag-football","tag-ousmane-dembele","entry","has-media","owp-thumbs-layout-horizontal","owp-btn-normal","owp-tabs-layout-horizontal","has-no-thumbnails","has-product-nav"],"yoast_head":"<!-- This site is optimized with the Yoast SEO plugin v25.5 - https:\/\/yoast.com\/wordpress\/plugins\/seo\/ -->\n<title>Fc Barcelone : La prestigieuse promesse d&#039;Ousmane Demb\u00e9l\u00e9. - LE PUBLIC<\/title>\n<meta name=\"robots\" content=\"index, follow, max-snippet:-1, max-image-preview:large, max-video-preview:-1\" \/>\n<link rel=\"canonical\" href=\"https:\/\/www.public.sn\/index.php\/2022\/08\/23\/fc-barcelone-la-prestigieuse-promesse-dousmane-dembele\/\" \/>\n<meta property=\"og:locale\" content=\"fr_FR\" \/>\n<meta property=\"og:type\" content=\"article\" \/>\n<meta property=\"og:title\" content=\"Fc Barcelone : La prestigieuse promesse d&#039;Ousmane Demb\u00e9l\u00e9. - LE PUBLIC\" \/>\n<meta property=\"og:description\" content=\"Prolong\u00e9 et buteur dimanche face \u00e0 la Real Sociedad, Ousmane Demb\u00e9l\u00e9 a \u00e9voqu\u00e9 sa grande forme et ses ambitions avec le Bar\u00e7a. Buteur lors du dernier r\u00e9cital (4-1) du Bar\u00e7a contre la Real Sociedad ce dimanche, l&rsquo;international tricolore flamboyant en a profit\u00e9 pour annoncer la couleur au cours d&rsquo;une interview accord\u00e9e \u00e0 Bar\u00e7a TV. Et le natif de Vernon, dont la prolongation de contrat avec les Blaugranas n&rsquo;a pas \u00e9t\u00e9 une mince affaire, compte bien donner le maximum de lui-m\u00eame pour d\u00e9fendre les couleurs du club catalan. \u00ab\u00a0Je vais tout donner pour ce club\u00a0\u00bb.\u00ab\u00a0Apr\u00e8s quatre matchs, l\u2019\u00e9quipe se porte tr\u00e8s bien, a ainsi confi\u00e9 \u00ab&nbsp;Dembouz&nbsp;\u00bb. La tourn\u00e9e est tr\u00e8s difficile avec la chaleur et les voyages, mais l\u2019\u00e9quipe se sent bien et je pense que nous nous en sortons bien. (&#8230;) D\u2019un point de vue personnel, ces deux buts me donnent beaucoup de confiance et je suis tr\u00e8s heureux, a-t-il poursuivi, avant de conclure. J\u2019ai la confiance de l\u2019entra\u00eeneur, de mes co\u00e9quipiers et de tout le monde au Bar\u00e7a. La confiance est tr\u00e8s importante pour les joueurs et je vais tout donner pour ce club.\u00a0\u00bb R\u00e9daction Public SN\" \/>\n<meta property=\"og:url\" content=\"https:\/\/www.public.sn\/index.php\/2022\/08\/23\/fc-barcelone-la-prestigieuse-promesse-dousmane-dembele\/\" \/>\n<meta property=\"og:site_name\" content=\"LE PUBLIC\" \/>\n<meta property=\"article:published_time\" content=\"2022-08-23T11:29:53+00:00\" \/>\n<meta property=\"article:modified_time\" content=\"2022-08-23T11:30:08+00:00\" \/>\n<meta property=\"og:image\" content=\"https:\/\/www.public.sn\/wp-content\/uploads\/2022\/08\/dembouz-1.jpg.webp\" \/>\n\t<meta property=\"og:image:width\" content=\"1200\" \/>\n\t<meta property=\"og:image:height\" content=\"675\" \/>\n\t<meta property=\"og:image:type\" content=\"image\/webp\" \/>\n<meta name=\"author\" content=\"LA REDACTION\" \/>\n<meta name=\"twitter:card\" content=\"summary_large_image\" \/>\n<meta name=\"twitter:label1\" content=\"\u00c9crit par\" \/>\n\t<meta name=\"twitter:data1\" content=\"LA REDACTION\" \/>\n\t<meta name=\"twitter:label2\" content=\"Dur\u00e9e de lecture estim\u00e9e\" \/>\n\t<meta name=\"twitter:data2\" content=\"1 minute\" \/>\n<script type=\"application\/ld+json\" class=\"yoast-schema-graph\">{\"@context\":\"https:\/\/schema.org\",\"@graph\":[{\"@type\":\"Article\",\"@id\":\"https:\/\/www.public.sn\/index.php\/2022\/08\/23\/fc-barcelone-la-prestigieuse-promesse-dousmane-dembele\/#article\",\"isPartOf\":{\"@id\":\"https:\/\/www.public.sn\/index.php\/2022\/08\/23\/fc-barcelone-la-prestigieuse-promesse-dousmane-dembele\/\"},\"author\":{\"name\":\"LA REDACTION\",\"@id\":\"https:\/\/www.public.sn\/#\/schema\/person\/e3f4a11b037d4203902db148f9bc8d5a\"},\"headline\":\"Fc Barcelone : La prestigieuse promesse d&rsquo;Ousmane Demb\u00e9l\u00e9.\",\"datePublished\":\"2022-08-23T11:29:53+00:00\",\"dateModified\":\"2022-08-23T11:30:08+00:00\",\"mainEntityOfPage\":{\"@id\":\"https:\/\/www.public.sn\/index.php\/2022\/08\/23\/fc-barcelone-la-prestigieuse-promesse-dousmane-dembele\/\"},\"wordCount\":219,\"commentCount\":0,\"publisher\":{\"@id\":\"https:\/\/www.public.sn\/#organization\"},\"image\":{\"@id\":\"https:\/\/www.public.sn\/index.php\/2022\/08\/23\/fc-barcelone-la-prestigieuse-promesse-dousmane-dembele\/#primaryimage\"},\"thumbnailUrl\":\"https:\/\/www.public.sn\/wp-content\/uploads\/2022\/08\/dembouz-1.jpg.webp\",\"keywords\":[\"Barcelone\",\"Football\",\"Ousmane Demb\u00e9l\u00e9\"],\"articleSection\":[\"SPORTS\"],\"inLanguage\":\"fr-FR\",\"potentialAction\":[{\"@type\":\"CommentAction\",\"name\":\"Comment\",\"target\":[\"https:\/\/www.public.sn\/index.php\/2022\/08\/23\/fc-barcelone-la-prestigieuse-promesse-dousmane-dembele\/#respond\"]}]},{\"@type\":\"WebPage\",\"@id\":\"https:\/\/www.public.sn\/index.php\/2022\/08\/23\/fc-barcelone-la-prestigieuse-promesse-dousmane-dembele\/\",\"url\":\"https:\/\/www.public.sn\/index.php\/2022\/08\/23\/fc-barcelone-la-prestigieuse-promesse-dousmane-dembele\/\",\"name\":\"Fc Barcelone : La prestigieuse promesse d'Ousmane Demb\u00e9l\u00e9. - LE PUBLIC\",\"isPartOf\":{\"@id\":\"https:\/\/www.public.sn\/#website\"},\"primaryImageOfPage\":{\"@id\":\"https:\/\/www.public.sn\/index.php\/2022\/08\/23\/fc-barcelone-la-prestigieuse-promesse-dousmane-dembele\/#primaryimage\"},\"image\":{\"@id\":\"https:\/\/www.public.sn\/index.php\/2022\/08\/23\/fc-barcelone-la-prestigieuse-promesse-dousmane-dembele\/#primaryimage\"},\"thumbnailUrl\":\"https:\/\/www.public.sn\/wp-content\/uploads\/2022\/08\/dembouz-1.jpg.webp\",\"datePublished\":\"2022-08-23T11:29:53+00:00\",\"dateModified\":\"2022-08-23T11:30:08+00:00\",\"breadcrumb\":{\"@id\":\"https:\/\/www.public.sn\/index.php\/2022\/08\/23\/fc-barcelone-la-prestigieuse-promesse-dousmane-dembele\/#breadcrumb\"},\"inLanguage\":\"fr-FR\",\"potentialAction\":[{\"@type\":\"ReadAction\",\"target\":[\"https:\/\/www.public.sn\/index.php\/2022\/08\/23\/fc-barcelone-la-prestigieuse-promesse-dousmane-dembele\/\"]}]},{\"@type\":\"ImageObject\",\"inLanguage\":\"fr-FR\",\"@id\":\"https:\/\/www.public.sn\/index.php\/2022\/08\/23\/fc-barcelone-la-prestigieuse-promesse-dousmane-dembele\/#primaryimage\",\"url\":\"https:\/\/www.public.sn\/wp-content\/uploads\/2022\/08\/dembouz-1.jpg.webp\",\"contentUrl\":\"https:\/\/www.public.sn\/wp-content\/uploads\/2022\/08\/dembouz-1.jpg.webp\",\"width\":1200,\"height\":675},{\"@type\":\"BreadcrumbList\",\"@id\":\"https:\/\/www.public.sn\/index.php\/2022\/08\/23\/fc-barcelone-la-prestigieuse-promesse-dousmane-dembele\/#breadcrumb\",\"itemListElement\":[{\"@type\":\"ListItem\",\"position\":1,\"name\":\"Accueil\",\"item\":\"https:\/\/www.public.sn\/\"},{\"@type\":\"ListItem\",\"position\":2,\"name\":\"Fc Barcelone : La prestigieuse promesse d&rsquo;Ousmane Demb\u00e9l\u00e9.\"}]},{\"@type\":\"WebSite\",\"@id\":\"https:\/\/www.public.sn\/#website\",\"url\":\"https:\/\/www.public.sn\/\",\"name\":\"LE PUBLIC\",\"description\":\"\",\"publisher\":{\"@id\":\"https:\/\/www.public.sn\/#organization\"},\"potentialAction\":[{\"@type\":\"SearchAction\",\"target\":{\"@type\":\"EntryPoint\",\"urlTemplate\":\"https:\/\/www.public.sn\/?s={search_term_string}\"},\"query-input\":{\"@type\":\"PropertyValueSpecification\",\"valueRequired\":true,\"valueName\":\"search_term_string\"}}],\"inLanguage\":\"fr-FR\"},{\"@type\":\"Organization\",\"@id\":\"https:\/\/www.public.sn\/#organization\",\"name\":\"LE PUBLIC\",\"url\":\"https:\/\/www.public.sn\/\",\"logo\":{\"@type\":\"ImageObject\",\"inLanguage\":\"fr-FR\",\"@id\":\"https:\/\/www.public.sn\/#\/schema\/logo\/image\/\",\"url\":\"https:\/\/www.public.sn\/wp-content\/uploads\/2024\/05\/cropped-LOGO-PUBLIC.SN_.png\",\"contentUrl\":\"https:\/\/www.public.sn\/wp-content\/uploads\/2024\/05\/cropped-LOGO-PUBLIC.SN_.png\",\"width\":682,\"height\":192,\"caption\":\"LE PUBLIC\"},\"image\":{\"@id\":\"https:\/\/www.public.sn\/#\/schema\/logo\/image\/\"}},{\"@type\":\"Person\",\"@id\":\"https:\/\/www.public.sn\/#\/schema\/person\/e3f4a11b037d4203902db148f9bc8d5a\",\"name\":\"LA REDACTION\",\"image\":{\"@type\":\"ImageObject\",\"inLanguage\":\"fr-FR\",\"@id\":\"https:\/\/www.public.sn\/#\/schema\/person\/image\/\",\"url\":\"https:\/\/secure.gravatar.com\/avatar\/d6c030db45db2883c075085c5d6c6258654a801a93766b49af0b82d4f454e2a5?s=96&d=mm&r=g\",\"contentUrl\":\"https:\/\/secure.gravatar.com\/avatar\/d6c030db45db2883c075085c5d6c6258654a801a93766b49af0b82d4f454e2a5?s=96&d=mm&r=g\",\"caption\":\"LA REDACTION\"},\"sameAs\":[\"http:\/\/www.public.sn\"],\"url\":\"https:\/\/www.public.sn\/index.php\/author\/admin7324\/\"}]}<\/script>\n<!-- \/ Yoast SEO plugin. -->","yoast_head_json":{"title":"Fc Barcelone : La prestigieuse promesse d'Ousmane Demb\u00e9l\u00e9. - LE PUBLIC","robots":{"index":"index","follow":"follow","max-snippet":"max-snippet:-1","max-image-preview":"max-image-preview:large","max-video-preview":"max-video-preview:-1"},"canonical":"https:\/\/www.public.sn\/index.php\/2022\/08\/23\/fc-barcelone-la-prestigieuse-promesse-dousmane-dembele\/","og_locale":"fr_FR","og_type":"article","og_title":"Fc Barcelone : La prestigieuse promesse d'Ousmane Demb\u00e9l\u00e9. - LE PUBLIC","og_description":"Prolong\u00e9 et buteur dimanche face \u00e0 la Real Sociedad, Ousmane Demb\u00e9l\u00e9 a \u00e9voqu\u00e9 sa grande forme et ses ambitions avec le Bar\u00e7a. Buteur lors du dernier r\u00e9cital (4-1) du Bar\u00e7a contre la Real Sociedad ce dimanche, l&rsquo;international tricolore flamboyant en a profit\u00e9 pour annoncer la couleur au cours d&rsquo;une interview accord\u00e9e \u00e0 Bar\u00e7a TV. Et le natif de Vernon, dont la prolongation de contrat avec les Blaugranas n&rsquo;a pas \u00e9t\u00e9 une mince affaire, compte bien donner le maximum de lui-m\u00eame pour d\u00e9fendre les couleurs du club catalan. \u00ab\u00a0Je vais tout donner pour ce club\u00a0\u00bb.\u00ab\u00a0Apr\u00e8s quatre matchs, l\u2019\u00e9quipe se porte tr\u00e8s bien, a ainsi confi\u00e9 \u00ab&nbsp;Dembouz&nbsp;\u00bb. La tourn\u00e9e est tr\u00e8s difficile avec la chaleur et les voyages, mais l\u2019\u00e9quipe se sent bien et je pense que nous nous en sortons bien. (&#8230;) D\u2019un point de vue personnel, ces deux buts me donnent beaucoup de confiance et je suis tr\u00e8s heureux, a-t-il poursuivi, avant de conclure. J\u2019ai la confiance de l\u2019entra\u00eeneur, de mes co\u00e9quipiers et de tout le monde au Bar\u00e7a. La confiance est tr\u00e8s importante pour les joueurs et je vais tout donner pour ce club.\u00a0\u00bb R\u00e9daction Public SN","og_url":"https:\/\/www.public.sn\/index.php\/2022\/08\/23\/fc-barcelone-la-prestigieuse-promesse-dousmane-dembele\/","og_site_name":"LE PUBLIC","article_published_time":"2022-08-23T11:29:53+00:00","article_modified_time":"2022-08-23T11:30:08+00:00","og_image":[{"width":1200,"height":675,"url":"https:\/\/www.public.sn\/wp-content\/uploads\/2022\/08\/dembouz-1.jpg.webp","type":"image\/webp"}],"author":"LA REDACTION","twitter_card":"summary_large_image","twitter_misc":{"\u00c9crit par":"LA REDACTION","Dur\u00e9e de lecture estim\u00e9e":"1 minute"},"schema":{"@context":"https:\/\/schema.org","@graph":[{"@type":"Article","@id":"https:\/\/www.public.sn\/index.php\/2022\/08\/23\/fc-barcelone-la-prestigieuse-promesse-dousmane-dembele\/#article","isPartOf":{"@id":"https:\/\/www.public.sn\/index.php\/2022\/08\/23\/fc-barcelone-la-prestigieuse-promesse-dousmane-dembele\/"},"author":{"name":"LA REDACTION","@id":"https:\/\/www.public.sn\/#\/schema\/person\/e3f4a11b037d4203902db148f9bc8d5a"},"headline":"Fc Barcelone : La prestigieuse promesse d&rsquo;Ousmane Demb\u00e9l\u00e9.","datePublished":"2022-08-23T11:29:53+00:00","dateModified":"2022-08-23T11:30:08+00:00","mainEntityOfPage":{"@id":"https:\/\/www.public.sn\/index.php\/2022\/08\/23\/fc-barcelone-la-prestigieuse-promesse-dousmane-dembele\/"},"wordCount":219,"commentCount":0,"publisher":{"@id":"https:\/\/www.public.sn\/#organization"},"image":{"@id":"https:\/\/www.public.sn\/index.php\/2022\/08\/23\/fc-barcelone-la-prestigieuse-promesse-dousmane-dembele\/#primaryimage"},"thumbnailUrl":"https:\/\/www.public.sn\/wp-content\/uploads\/2022\/08\/dembouz-1.jpg.webp","keywords":["Barcelone","Football","Ousmane Demb\u00e9l\u00e9"],"articleSection":["SPORTS"],"inLanguage":"fr-FR","potentialAction":[{"@type":"CommentAction","name":"Comment","target":["https:\/\/www.public.sn\/index.php\/2022\/08\/23\/fc-barcelone-la-prestigieuse-promesse-dousmane-dembele\/#respond"]}]},{"@type":"WebPage","@id":"https:\/\/www.public.sn\/index.php\/2022\/08\/23\/fc-barcelone-la-prestigieuse-promesse-dousmane-dembele\/","url":"https:\/\/www.public.sn\/index.php\/2022\/08\/23\/fc-barcelone-la-prestigieuse-promesse-dousmane-dembele\/","name":"Fc Barcelone : La prestigieuse promesse d'Ousmane Demb\u00e9l\u00e9. - LE PUBLIC","isPartOf":{"@id":"https:\/\/www.public.sn\/#website"},"primaryImageOfPage":{"@id":"https:\/\/www.public.sn\/index.php\/2022\/08\/23\/fc-barcelone-la-prestigieuse-promesse-dousmane-dembele\/#primaryimage"},"image":{"@id":"https:\/\/www.public.sn\/index.php\/2022\/08\/23\/fc-barcelone-la-prestigieuse-promesse-dousmane-dembele\/#primaryimage"},"thumbnailUrl":"https:\/\/www.public.sn\/wp-content\/uploads\/2022\/08\/dembouz-1.jpg.webp","datePublished":"2022-08-23T11:29:53+00:00","dateModified":"2022-08-23T11:30:08+00:00","breadcrumb":{"@id":"https:\/\/www.public.sn\/index.php\/2022\/08\/23\/fc-barcelone-la-prestigieuse-promesse-dousmane-dembele\/#breadcrumb"},"inLanguage":"fr-FR","potentialAction":[{"@type":"ReadAction","target":["https:\/\/www.public.sn\/index.php\/2022\/08\/23\/fc-barcelone-la-prestigieuse-promesse-dousmane-dembele\/"]}]},{"@type":"ImageObject","inLanguage":"fr-FR","@id":"https:\/\/www.public.sn\/index.php\/2022\/08\/23\/fc-barcelone-la-prestigieuse-promesse-dousmane-dembele\/#primaryimage","url":"https:\/\/www.public.sn\/wp-content\/uploads\/2022\/08\/dembouz-1.jpg.webp","contentUrl":"https:\/\/www.public.sn\/wp-content\/uploads\/2022\/08\/dembouz-1.jpg.webp","width":1200,"height":675},{"@type":"BreadcrumbList","@id":"https:\/\/www.public.sn\/index.php\/2022\/08\/23\/fc-barcelone-la-prestigieuse-promesse-dousmane-dembele\/#breadcrumb","itemListElement":[{"@type":"ListItem","position":1,"name":"Accueil","item":"https:\/\/www.public.sn\/"},{"@type":"ListItem","position":2,"name":"Fc Barcelone : La prestigieuse promesse d&rsquo;Ousmane Demb\u00e9l\u00e9."}]},{"@type":"WebSite","@id":"https:\/\/www.public.sn\/#website","url":"https:\/\/www.public.sn\/","name":"LE PUBLIC","description":"","publisher":{"@id":"https:\/\/www.public.sn\/#organization"},"potentialAction":[{"@type":"SearchAction","target":{"@type":"EntryPoint","urlTemplate":"https:\/\/www.public.sn\/?s={search_term_string}"},"query-input":{"@type":"PropertyValueSpecification","valueRequired":true,"valueName":"search_term_string"}}],"inLanguage":"fr-FR"},{"@type":"Organization","@id":"https:\/\/www.public.sn\/#organization","name":"LE PUBLIC","url":"https:\/\/www.public.sn\/","logo":{"@type":"ImageObject","inLanguage":"fr-FR","@id":"https:\/\/www.public.sn\/#\/schema\/logo\/image\/","url":"https:\/\/www.public.sn\/wp-content\/uploads\/2024\/05\/cropped-LOGO-PUBLIC.SN_.png","contentUrl":"https:\/\/www.public.sn\/wp-content\/uploads\/2024\/05\/cropped-LOGO-PUBLIC.SN_.png","width":682,"height":192,"caption":"LE PUBLIC"},"image":{"@id":"https:\/\/www.public.sn\/#\/schema\/logo\/image\/"}},{"@type":"Person","@id":"https:\/\/www.public.sn\/#\/schema\/person\/e3f4a11b037d4203902db148f9bc8d5a","name":"LA REDACTION","image":{"@type":"ImageObject","inLanguage":"fr-FR","@id":"https:\/\/www.public.sn\/#\/schema\/person\/image\/","url":"https:\/\/secure.gravatar.com\/avatar\/d6c030db45db2883c075085c5d6c6258654a801a93766b49af0b82d4f454e2a5?s=96&d=mm&r=g","contentUrl":"https:\/\/secure.gravatar.com\/avatar\/d6c030db45db2883c075085c5d6c6258654a801a93766b49af0b82d4f454e2a5?s=96&d=mm&r=g","caption":"LA REDACTION"},"sameAs":["http:\/\/www.public.sn"],"url":"https:\/\/www.public.sn\/index.php\/author\/admin7324\/"}]}},"jetpack_featured_media_url":"https:\/\/www.public.sn\/wp-content\/uploads\/2022\/08\/dembouz-1.jpg.webp","jetpack_sharing_enabled":true,"_links":{"self":[{"href":"https:\/\/www.public.sn\/index.php\/wp-json\/wp\/v2\/posts\/476","targetHints":{"allow":["GET"]}}],"collection":[{"href":"https:\/\/www.public.sn\/index.php\/wp-json\/wp\/v2\/posts"}],"about":[{"href":"https:\/\/www.public.sn\/index.php\/wp-json\/wp\/v2\/types\/post"}],"author":[{"embeddable":true,"href":"https:\/\/www.public.sn\/index.php\/wp-json\/wp\/v2\/users\/1"}],"replies":[{"embeddable":true,"href":"https:\/\/www.public.sn\/index.php\/wp-json\/wp\/v2\/comments?post=476"}],"version-history":[{"count":1,"href":"https:\/\/www.public.sn\/index.php\/wp-json\/wp\/v2\/posts\/476\/revisions"}],"predecessor-version":[{"id":478,"href":"https:\/\/www.public.sn\/index.php\/wp-json\/wp\/v2\/posts\/476\/revisions\/478"}],"wp:featuredmedia":[{"embeddable":true,"href":"https:\/\/www.public.sn\/index.php\/wp-json\/wp\/v2\/media\/477"}],"wp:attachment":[{"href":"https:\/\/www.public.sn\/index.php\/wp-json\/wp\/v2\/media?parent=476"}],"wp:term":[{"taxonomy":"category","embeddable":true,"href":"https:\/\/www.public.sn\/index.php\/wp-json\/wp\/v2\/categories?post=476"},{"taxonomy":"post_tag","embeddable":true,"href":"https:\/\/www.public.sn\/index.php\/wp-json\/wp\/v2\/tags?post=476"}],"curies":[{"name":"wp","href":"https:\/\/api.w.org\/{rel}","templated":true}]}}