{"id":4812,"date":"2022-10-15T19:52:35","date_gmt":"2022-10-15T19:52:35","guid":{"rendered":"https:\/\/www.public.sn\/?p=4812"},"modified":"2022-10-15T19:53:38","modified_gmt":"2022-10-15T19:53:38","slug":"4812","status":"publish","type":"post","link":"https:\/\/www.public.sn\/index.php\/2022\/10\/15\/4812\/","title":{"rendered":""},"content":{"rendered":"<p><strong>Des Iraniens ont envahi de nouveau la rue ce samedi 15 Octobre pour manifester contre le r\u00e9gime, apr\u00e8s un mois de contestation d\u00e9clench\u00e9 par la mort de Mahsa Amini, et r\u00e9prim\u00e9 dans le sang, selon des m\u00e9dias et des ONG.<\/strong><\/p><div class=\"publi-paragraphe1\" style=\"margin-top: 10px;margin-bottom: 10px;margin-left: auto;margin-right: auto;text-align: center;\" id=\"publi-2282093951\"><div class=\"publi-adlabel\">Publicit\u00e9<\/div><script async src=\"\/\/pagead2.googlesyndication.com\/pagead\/js\/adsbygoogle.js?client=ca-pub-4089586018074219\" crossorigin=\"anonymous\"><\/script><ins class=\"adsbygoogle\" style=\"display:block;\" data-ad-client=\"ca-pub-4089586018074219\" \ndata-ad-slot=\"2087940154\" \ndata-ad-format=\"auto\"><\/ins>\n<script> \n(adsbygoogle = window.adsbygoogle || []).push({}); \n<\/script>\n<\/div>\n<p>Mahsa Amini, une jeune iranienne, de 22 ans, d\u00e9c\u00e9d\u00e9e trois jours apr\u00e8s son arrestation par la police des m\u0153urs. Selon celle-ci, elle a enfreint le code vestimentaire strict de la R\u00e9publique islamique pour les femmes pr\u00e9voyant notamment le port du voile. Depuis son d\u00e9c\u00e8s, La contestation a suscit\u00e9 des rassemblements de solidarit\u00e9 \u00e0 l&rsquo;\u00e9tranger et la r\u00e9pression, qui a fait plus de 100 morts selon des ONG, a \u00e9t\u00e9 condamn\u00e9e par la communaut\u00e9 internationale.<\/p>\n<p>Selon les autorit\u00e9s iraniennes\u00a0 la jeune femme est morte des suites d&rsquo;une maladie et non de \u00ab <em>coups<\/em>\u00a0\u00bb, d&rsquo;apr\u00e8s un rapport m\u00e9dical rejet\u00e9 par son p\u00e8re. Son cousin a affirm\u00e9 qu&rsquo;elle \u00e9tait d\u00e9c\u00e9d\u00e9e apr\u00e8s \u00ab\u00a0<em>un violent coup \u00e0 la t\u00eate<\/em>\u00a0\u00bb.<\/p>\n<p>Falil Gadio<\/p>\n<p>&nbsp;<\/p>\n<div class=\"publi-apres-le-contenu\" style=\"margin-top: 10px;margin-bottom: 10px;margin-left: auto;margin-right: auto;text-align: center;\" id=\"publi-262550424\"><div class=\"publi-adlabel\">Publicit\u00e9<\/div><script async src=\"\/\/pagead2.googlesyndication.com\/pagead\/js\/adsbygoogle.js?client=ca-pub-4089586018074219\" crossorigin=\"anonymous\"><\/script><ins class=\"adsbygoogle\" style=\"display:block;\" data-ad-client=\"ca-pub-4089586018074219\" \ndata-ad-slot=\"2087940154\" \ndata-ad-format=\"auto\"><\/ins>\n<script> \n(adsbygoogle = window.adsbygoogle || []).push({}); \n<\/script>\n<\/div>","protected":false},"excerpt":{"rendered":"<p>Des Iraniens ont envahi de nouveau la rue ce samedi 15 Octobre pour manifester contre le r\u00e9gime, apr\u00e8s un mois de contestation d\u00e9clench\u00e9 par la mort de Mahsa Amini, et r\u00e9prim\u00e9 dans le sang, selon des m\u00e9dias et des ONG. Mahsa Amini, une jeune iranienne, de 22 ans, d\u00e9c\u00e9d\u00e9e trois jours apr\u00e8s son arrestation par la police des m\u0153urs. Selon celle-ci, elle a enfreint le code vestimentaire strict de la R\u00e9publique islamique pour les femmes pr\u00e9voyant notamment le port du voile. Depuis son d\u00e9c\u00e8s, La contestation a suscit\u00e9 des rassemblements de solidarit\u00e9 \u00e0 l&rsquo;\u00e9tranger et la r\u00e9pression, qui a fait plus de 100 morts selon des ONG, a \u00e9t\u00e9 condamn\u00e9e par la communaut\u00e9 internationale. Selon les autorit\u00e9s iraniennes\u00a0 la jeune femme est morte des suites d&rsquo;une maladie et non de \u00ab coups\u00a0\u00bb, d&rsquo;apr\u00e8s un rapport m\u00e9dical rejet\u00e9 par son p\u00e8re. Son cousin a affirm\u00e9 qu&rsquo;elle \u00e9tait d\u00e9c\u00e9d\u00e9e apr\u00e8s \u00ab\u00a0un violent coup \u00e0 la t\u00eate\u00a0\u00bb. Falil Gadio &nbsp;<\/p>\n","protected":false},"author":1,"featured_media":4813,"comment_status":"open","ping_status":"open","sticky":false,"template":"","format":"standard","meta":{"_jetpack_memberships_contains_paid_content":false,"footnotes":""},"categories":[375,550,4],"tags":[1586,971,1154],"class_list":["post-4812","post","type-post","status-publish","format-standard","has-post-thumbnail","hentry","category-actualites","category-afrique-monde","category-societe","tag-femme","tag-iran","tag-manifestation","entry","has-media","owp-thumbs-layout-horizontal","owp-btn-normal","owp-tabs-layout-horizontal","has-no-thumbnails","has-product-nav"],"yoast_head":"<!-- This site is optimized with the Yoast SEO plugin v25.5 - https:\/\/yoast.com\/wordpress\/plugins\/seo\/ -->\n<title>- LE PUBLIC<\/title>\n<meta name=\"robots\" content=\"index, follow, max-snippet:-1, max-image-preview:large, max-video-preview:-1\" \/>\n<link rel=\"canonical\" href=\"https:\/\/www.public.sn\/index.php\/2022\/10\/15\/4812\/\" \/>\n<meta property=\"og:locale\" content=\"fr_FR\" \/>\n<meta property=\"og:type\" content=\"article\" \/>\n<meta property=\"og:title\" content=\"- LE PUBLIC\" \/>\n<meta property=\"og:description\" content=\"Des Iraniens ont envahi de nouveau la rue ce samedi 15 Octobre pour manifester contre le r\u00e9gime, apr\u00e8s un mois de contestation d\u00e9clench\u00e9 par la mort de Mahsa Amini, et r\u00e9prim\u00e9 dans le sang, selon des m\u00e9dias et des ONG. Mahsa Amini, une jeune iranienne, de 22 ans, d\u00e9c\u00e9d\u00e9e trois jours apr\u00e8s son arrestation par la police des m\u0153urs. Selon celle-ci, elle a enfreint le code vestimentaire strict de la R\u00e9publique islamique pour les femmes pr\u00e9voyant notamment le port du voile. Depuis son d\u00e9c\u00e8s, La contestation a suscit\u00e9 des rassemblements de solidarit\u00e9 \u00e0 l&rsquo;\u00e9tranger et la r\u00e9pression, qui a fait plus de 100 morts selon des ONG, a \u00e9t\u00e9 condamn\u00e9e par la communaut\u00e9 internationale. Selon les autorit\u00e9s iraniennes\u00a0 la jeune femme est morte des suites d&rsquo;une maladie et non de \u00ab coups\u00a0\u00bb, d&rsquo;apr\u00e8s un rapport m\u00e9dical rejet\u00e9 par son p\u00e8re. Son cousin a affirm\u00e9 qu&rsquo;elle \u00e9tait d\u00e9c\u00e9d\u00e9e apr\u00e8s \u00ab\u00a0un violent coup \u00e0 la t\u00eate\u00a0\u00bb. Falil Gadio &nbsp;\" \/>\n<meta property=\"og:url\" content=\"https:\/\/www.public.sn\/index.php\/2022\/10\/15\/4812\/\" \/>\n<meta property=\"og:site_name\" content=\"LE PUBLIC\" \/>\n<meta property=\"article:published_time\" content=\"2022-10-15T19:52:35+00:00\" \/>\n<meta property=\"article:modified_time\" content=\"2022-10-15T19:53:38+00:00\" \/>\n<meta property=\"og:image\" content=\"https:\/\/www.public.sn\/wp-content\/uploads\/2022\/10\/manifestation-iran-91654.webp\" \/>\n\t<meta property=\"og:image:width\" content=\"960\" \/>\n\t<meta property=\"og:image:height\" content=\"540\" \/>\n\t<meta property=\"og:image:type\" content=\"image\/webp\" \/>\n<meta name=\"author\" content=\"LA REDACTION\" \/>\n<meta name=\"twitter:card\" content=\"summary_large_image\" \/>\n<meta name=\"twitter:label1\" content=\"\u00c9crit par\" \/>\n\t<meta name=\"twitter:data1\" content=\"LA REDACTION\" \/>\n\t<meta name=\"twitter:label2\" content=\"Dur\u00e9e de lecture estim\u00e9e\" \/>\n\t<meta name=\"twitter:data2\" content=\"1 minute\" \/>\n<script type=\"application\/ld+json\" class=\"yoast-schema-graph\">{\"@context\":\"https:\/\/schema.org\",\"@graph\":[{\"@type\":\"Article\",\"@id\":\"https:\/\/www.public.sn\/index.php\/2022\/10\/15\/4812\/#article\",\"isPartOf\":{\"@id\":\"https:\/\/www.public.sn\/index.php\/2022\/10\/15\/4812\/\"},\"author\":{\"name\":\"LA REDACTION\",\"@id\":\"https:\/\/www.public.sn\/#\/schema\/person\/e3f4a11b037d4203902db148f9bc8d5a\"},\"headline\":\"Aucun titre\",\"datePublished\":\"2022-10-15T19:52:35+00:00\",\"dateModified\":\"2022-10-15T19:53:38+00:00\",\"mainEntityOfPage\":{\"@id\":\"https:\/\/www.public.sn\/index.php\/2022\/10\/15\/4812\/\"},\"wordCount\":177,\"commentCount\":0,\"publisher\":{\"@id\":\"https:\/\/www.public.sn\/#organization\"},\"image\":{\"@id\":\"https:\/\/www.public.sn\/index.php\/2022\/10\/15\/4812\/#primaryimage\"},\"thumbnailUrl\":\"https:\/\/www.public.sn\/wp-content\/uploads\/2022\/10\/manifestation-iran-91654.webp\",\"keywords\":[\"Femme\",\"Iran\",\"manifestation\"],\"articleSection\":[\"ACTUALIT\u00c9S\",\"AFRIQUE &amp; MONDE\",\"SOCIETE\"],\"inLanguage\":\"fr-FR\",\"potentialAction\":[{\"@type\":\"CommentAction\",\"name\":\"Comment\",\"target\":[\"https:\/\/www.public.sn\/index.php\/2022\/10\/15\/4812\/#respond\"]}]},{\"@type\":\"WebPage\",\"@id\":\"https:\/\/www.public.sn\/index.php\/2022\/10\/15\/4812\/\",\"url\":\"https:\/\/www.public.sn\/index.php\/2022\/10\/15\/4812\/\",\"name\":\"- LE PUBLIC\",\"isPartOf\":{\"@id\":\"https:\/\/www.public.sn\/#website\"},\"primaryImageOfPage\":{\"@id\":\"https:\/\/www.public.sn\/index.php\/2022\/10\/15\/4812\/#primaryimage\"},\"image\":{\"@id\":\"https:\/\/www.public.sn\/index.php\/2022\/10\/15\/4812\/#primaryimage\"},\"thumbnailUrl\":\"https:\/\/www.public.sn\/wp-content\/uploads\/2022\/10\/manifestation-iran-91654.webp\",\"datePublished\":\"2022-10-15T19:52:35+00:00\",\"dateModified\":\"2022-10-15T19:53:38+00:00\",\"inLanguage\":\"fr-FR\",\"potentialAction\":[{\"@type\":\"ReadAction\",\"target\":[\"https:\/\/www.public.sn\/index.php\/2022\/10\/15\/4812\/\"]}]},{\"@type\":\"ImageObject\",\"inLanguage\":\"fr-FR\",\"@id\":\"https:\/\/www.public.sn\/index.php\/2022\/10\/15\/4812\/#primaryimage\",\"url\":\"https:\/\/www.public.sn\/wp-content\/uploads\/2022\/10\/manifestation-iran-91654.webp\",\"contentUrl\":\"https:\/\/www.public.sn\/wp-content\/uploads\/2022\/10\/manifestation-iran-91654.webp\",\"width\":960,\"height\":540,\"caption\":\"public sn\"},{\"@type\":\"WebSite\",\"@id\":\"https:\/\/www.public.sn\/#website\",\"url\":\"https:\/\/www.public.sn\/\",\"name\":\"LE PUBLIC\",\"description\":\"\",\"publisher\":{\"@id\":\"https:\/\/www.public.sn\/#organization\"},\"potentialAction\":[{\"@type\":\"SearchAction\",\"target\":{\"@type\":\"EntryPoint\",\"urlTemplate\":\"https:\/\/www.public.sn\/?s={search_term_string}\"},\"query-input\":{\"@type\":\"PropertyValueSpecification\",\"valueRequired\":true,\"valueName\":\"search_term_string\"}}],\"inLanguage\":\"fr-FR\"},{\"@type\":\"Organization\",\"@id\":\"https:\/\/www.public.sn\/#organization\",\"name\":\"LE PUBLIC\",\"url\":\"https:\/\/www.public.sn\/\",\"logo\":{\"@type\":\"ImageObject\",\"inLanguage\":\"fr-FR\",\"@id\":\"https:\/\/www.public.sn\/#\/schema\/logo\/image\/\",\"url\":\"https:\/\/www.public.sn\/wp-content\/uploads\/2024\/05\/cropped-LOGO-PUBLIC.SN_.png\",\"contentUrl\":\"https:\/\/www.public.sn\/wp-content\/uploads\/2024\/05\/cropped-LOGO-PUBLIC.SN_.png\",\"width\":682,\"height\":192,\"caption\":\"LE PUBLIC\"},\"image\":{\"@id\":\"https:\/\/www.public.sn\/#\/schema\/logo\/image\/\"}},{\"@type\":\"Person\",\"@id\":\"https:\/\/www.public.sn\/#\/schema\/person\/e3f4a11b037d4203902db148f9bc8d5a\",\"name\":\"LA REDACTION\",\"image\":{\"@type\":\"ImageObject\",\"inLanguage\":\"fr-FR\",\"@id\":\"https:\/\/www.public.sn\/#\/schema\/person\/image\/\",\"url\":\"https:\/\/secure.gravatar.com\/avatar\/d6c030db45db2883c075085c5d6c6258654a801a93766b49af0b82d4f454e2a5?s=96&d=mm&r=g\",\"contentUrl\":\"https:\/\/secure.gravatar.com\/avatar\/d6c030db45db2883c075085c5d6c6258654a801a93766b49af0b82d4f454e2a5?s=96&d=mm&r=g\",\"caption\":\"LA REDACTION\"},\"sameAs\":[\"http:\/\/www.public.sn\"],\"url\":\"https:\/\/www.public.sn\/index.php\/author\/admin7324\/\"}]}<\/script>\n<!-- \/ Yoast SEO plugin. -->","yoast_head_json":{"title":"- LE PUBLIC","robots":{"index":"index","follow":"follow","max-snippet":"max-snippet:-1","max-image-preview":"max-image-preview:large","max-video-preview":"max-video-preview:-1"},"canonical":"https:\/\/www.public.sn\/index.php\/2022\/10\/15\/4812\/","og_locale":"fr_FR","og_type":"article","og_title":"- LE PUBLIC","og_description":"Des Iraniens ont envahi de nouveau la rue ce samedi 15 Octobre pour manifester contre le r\u00e9gime, apr\u00e8s un mois de contestation d\u00e9clench\u00e9 par la mort de Mahsa Amini, et r\u00e9prim\u00e9 dans le sang, selon des m\u00e9dias et des ONG. Mahsa Amini, une jeune iranienne, de 22 ans, d\u00e9c\u00e9d\u00e9e trois jours apr\u00e8s son arrestation par la police des m\u0153urs. Selon celle-ci, elle a enfreint le code vestimentaire strict de la R\u00e9publique islamique pour les femmes pr\u00e9voyant notamment le port du voile. Depuis son d\u00e9c\u00e8s, La contestation a suscit\u00e9 des rassemblements de solidarit\u00e9 \u00e0 l&rsquo;\u00e9tranger et la r\u00e9pression, qui a fait plus de 100 morts selon des ONG, a \u00e9t\u00e9 condamn\u00e9e par la communaut\u00e9 internationale. Selon les autorit\u00e9s iraniennes\u00a0 la jeune femme est morte des suites d&rsquo;une maladie et non de \u00ab coups\u00a0\u00bb, d&rsquo;apr\u00e8s un rapport m\u00e9dical rejet\u00e9 par son p\u00e8re. Son cousin a affirm\u00e9 qu&rsquo;elle \u00e9tait d\u00e9c\u00e9d\u00e9e apr\u00e8s \u00ab\u00a0un violent coup \u00e0 la t\u00eate\u00a0\u00bb. Falil Gadio &nbsp;","og_url":"https:\/\/www.public.sn\/index.php\/2022\/10\/15\/4812\/","og_site_name":"LE PUBLIC","article_published_time":"2022-10-15T19:52:35+00:00","article_modified_time":"2022-10-15T19:53:38+00:00","og_image":[{"width":960,"height":540,"url":"https:\/\/www.public.sn\/wp-content\/uploads\/2022\/10\/manifestation-iran-91654.webp","type":"image\/webp"}],"author":"LA REDACTION","twitter_card":"summary_large_image","twitter_misc":{"\u00c9crit par":"LA REDACTION","Dur\u00e9e de lecture estim\u00e9e":"1 minute"},"schema":{"@context":"https:\/\/schema.org","@graph":[{"@type":"Article","@id":"https:\/\/www.public.sn\/index.php\/2022\/10\/15\/4812\/#article","isPartOf":{"@id":"https:\/\/www.public.sn\/index.php\/2022\/10\/15\/4812\/"},"author":{"name":"LA REDACTION","@id":"https:\/\/www.public.sn\/#\/schema\/person\/e3f4a11b037d4203902db148f9bc8d5a"},"headline":"Aucun titre","datePublished":"2022-10-15T19:52:35+00:00","dateModified":"2022-10-15T19:53:38+00:00","mainEntityOfPage":{"@id":"https:\/\/www.public.sn\/index.php\/2022\/10\/15\/4812\/"},"wordCount":177,"commentCount":0,"publisher":{"@id":"https:\/\/www.public.sn\/#organization"},"image":{"@id":"https:\/\/www.public.sn\/index.php\/2022\/10\/15\/4812\/#primaryimage"},"thumbnailUrl":"https:\/\/www.public.sn\/wp-content\/uploads\/2022\/10\/manifestation-iran-91654.webp","keywords":["Femme","Iran","manifestation"],"articleSection":["ACTUALIT\u00c9S","AFRIQUE &amp; MONDE","SOCIETE"],"inLanguage":"fr-FR","potentialAction":[{"@type":"CommentAction","name":"Comment","target":["https:\/\/www.public.sn\/index.php\/2022\/10\/15\/4812\/#respond"]}]},{"@type":"WebPage","@id":"https:\/\/www.public.sn\/index.php\/2022\/10\/15\/4812\/","url":"https:\/\/www.public.sn\/index.php\/2022\/10\/15\/4812\/","name":"- LE PUBLIC","isPartOf":{"@id":"https:\/\/www.public.sn\/#website"},"primaryImageOfPage":{"@id":"https:\/\/www.public.sn\/index.php\/2022\/10\/15\/4812\/#primaryimage"},"image":{"@id":"https:\/\/www.public.sn\/index.php\/2022\/10\/15\/4812\/#primaryimage"},"thumbnailUrl":"https:\/\/www.public.sn\/wp-content\/uploads\/2022\/10\/manifestation-iran-91654.webp","datePublished":"2022-10-15T19:52:35+00:00","dateModified":"2022-10-15T19:53:38+00:00","inLanguage":"fr-FR","potentialAction":[{"@type":"ReadAction","target":["https:\/\/www.public.sn\/index.php\/2022\/10\/15\/4812\/"]}]},{"@type":"ImageObject","inLanguage":"fr-FR","@id":"https:\/\/www.public.sn\/index.php\/2022\/10\/15\/4812\/#primaryimage","url":"https:\/\/www.public.sn\/wp-content\/uploads\/2022\/10\/manifestation-iran-91654.webp","contentUrl":"https:\/\/www.public.sn\/wp-content\/uploads\/2022\/10\/manifestation-iran-91654.webp","width":960,"height":540,"caption":"public sn"},{"@type":"WebSite","@id":"https:\/\/www.public.sn\/#website","url":"https:\/\/www.public.sn\/","name":"LE PUBLIC","description":"","publisher":{"@id":"https:\/\/www.public.sn\/#organization"},"potentialAction":[{"@type":"SearchAction","target":{"@type":"EntryPoint","urlTemplate":"https:\/\/www.public.sn\/?s={search_term_string}"},"query-input":{"@type":"PropertyValueSpecification","valueRequired":true,"valueName":"search_term_string"}}],"inLanguage":"fr-FR"},{"@type":"Organization","@id":"https:\/\/www.public.sn\/#organization","name":"LE PUBLIC","url":"https:\/\/www.public.sn\/","logo":{"@type":"ImageObject","inLanguage":"fr-FR","@id":"https:\/\/www.public.sn\/#\/schema\/logo\/image\/","url":"https:\/\/www.public.sn\/wp-content\/uploads\/2024\/05\/cropped-LOGO-PUBLIC.SN_.png","contentUrl":"https:\/\/www.public.sn\/wp-content\/uploads\/2024\/05\/cropped-LOGO-PUBLIC.SN_.png","width":682,"height":192,"caption":"LE PUBLIC"},"image":{"@id":"https:\/\/www.public.sn\/#\/schema\/logo\/image\/"}},{"@type":"Person","@id":"https:\/\/www.public.sn\/#\/schema\/person\/e3f4a11b037d4203902db148f9bc8d5a","name":"LA REDACTION","image":{"@type":"ImageObject","inLanguage":"fr-FR","@id":"https:\/\/www.public.sn\/#\/schema\/person\/image\/","url":"https:\/\/secure.gravatar.com\/avatar\/d6c030db45db2883c075085c5d6c6258654a801a93766b49af0b82d4f454e2a5?s=96&d=mm&r=g","contentUrl":"https:\/\/secure.gravatar.com\/avatar\/d6c030db45db2883c075085c5d6c6258654a801a93766b49af0b82d4f454e2a5?s=96&d=mm&r=g","caption":"LA REDACTION"},"sameAs":["http:\/\/www.public.sn"],"url":"https:\/\/www.public.sn\/index.php\/author\/admin7324\/"}]}},"jetpack_featured_media_url":"https:\/\/www.public.sn\/wp-content\/uploads\/2022\/10\/manifestation-iran-91654.webp","jetpack_sharing_enabled":true,"_links":{"self":[{"href":"https:\/\/www.public.sn\/index.php\/wp-json\/wp\/v2\/posts\/4812","targetHints":{"allow":["GET"]}}],"collection":[{"href":"https:\/\/www.public.sn\/index.php\/wp-json\/wp\/v2\/posts"}],"about":[{"href":"https:\/\/www.public.sn\/index.php\/wp-json\/wp\/v2\/types\/post"}],"author":[{"embeddable":true,"href":"https:\/\/www.public.sn\/index.php\/wp-json\/wp\/v2\/users\/1"}],"replies":[{"embeddable":true,"href":"https:\/\/www.public.sn\/index.php\/wp-json\/wp\/v2\/comments?post=4812"}],"version-history":[{"count":2,"href":"https:\/\/www.public.sn\/index.php\/wp-json\/wp\/v2\/posts\/4812\/revisions"}],"predecessor-version":[{"id":4815,"href":"https:\/\/www.public.sn\/index.php\/wp-json\/wp\/v2\/posts\/4812\/revisions\/4815"}],"wp:featuredmedia":[{"embeddable":true,"href":"https:\/\/www.public.sn\/index.php\/wp-json\/wp\/v2\/media\/4813"}],"wp:attachment":[{"href":"https:\/\/www.public.sn\/index.php\/wp-json\/wp\/v2\/media?parent=4812"}],"wp:term":[{"taxonomy":"category","embeddable":true,"href":"https:\/\/www.public.sn\/index.php\/wp-json\/wp\/v2\/categories?post=4812"},{"taxonomy":"post_tag","embeddable":true,"href":"https:\/\/www.public.sn\/index.php\/wp-json\/wp\/v2\/tags?post=4812"}],"curies":[{"name":"wp","href":"https:\/\/api.w.org\/{rel}","templated":true}]}}