{"id":4835,"date":"2022-10-17T08:27:11","date_gmt":"2022-10-17T08:27:11","guid":{"rendered":"https:\/\/www.public.sn\/?p=4835"},"modified":"2022-10-17T13:42:52","modified_gmt":"2022-10-17T13:42:52","slug":"4835","status":"publish","type":"post","link":"https:\/\/www.public.sn\/index.php\/2022\/10\/17\/4835\/","title":{"rendered":"Macky Sall pr\u00e9pare un sale coup contre Mimi."},"content":{"rendered":"\n<p>C\u2019est Le Quotidien qui livre l\u2019information dans son \u00e9dition de ce lundi. D\u2019apr\u00e8s le journal du groupe Avenir communication, le Pr\u00e9sident Macky Sall pr\u00e9pare une riposte contre Mimi Tour\u00e9, qui a rompu ses liens  avec le camp pr\u00e9sidentiel, en d\u00e9missionnant du groupe Benno Bokk Yakaar \u00e0 l\u2019Assembl\u00e9e nationale.<\/p><div class=\"publi-paragraphe1\" style=\"margin-top: 10px;margin-bottom: 10px;margin-left: auto;margin-right: auto;text-align: center;\" id=\"publi-4234839391\"><div class=\"publi-adlabel\">Publicit\u00e9<\/div><script async src=\"\/\/pagead2.googlesyndication.com\/pagead\/js\/adsbygoogle.js?client=ca-pub-4089586018074219\" crossorigin=\"anonymous\"><\/script><ins class=\"adsbygoogle\" style=\"display:block;\" data-ad-client=\"ca-pub-4089586018074219\" \ndata-ad-slot=\"2087940154\" \ndata-ad-format=\"auto\"><\/ins>\n<script> \n(adsbygoogle = window.adsbygoogle || []).push({}); \n<\/script>\n<\/div>\n\n\n\n<p>La m\u00eame source pr\u00e9cise que le chef de l\u2019\u00c9tat pr\u00e9pare un grand coup de balai pour exclure de l\u2019appareil d\u2019\u00c9tat tous les pro-Mimi Tour\u00e9 assum\u00e9s ou embusqu\u00e9s. Macky Sall serait en train de confectionner la liste des t\u00eates qui devraient tomber dans les prochains jours.<\/p>\n\n\n\n<p>     Le Quotidien informe que ces inconditionnels de l\u2019ancienne Premi\u00e8re ministre se retrouvent aussi bien au niveau des cabinets minist\u00e9riels qu\u2019au Palais et dans les agences et autres stations de d\u00e9cision. L\u2019objectif de ces derniers, assure le journal, est d\u2019alimenter Mimi Tour\u00e9 en informations susceptibles de fragiliser le chef de l\u2019\u00c9tat et servir son agenda personnel.<\/p>\n\n\n\n<p>    Macky Sall aurait \u00e9t\u00e9 inform\u00e9 de ce dessein. C\u2019est d\u2019ailleurs, selon Le Quotidien, la raison pour laquelle il a renonc\u00e9 \u00e0 choisir l\u2019ancienne Garde des Sceaux comme candidate du groupe Benno pour le poste de pr\u00e9sident de l\u2019Assembl\u00e9e nationale. D\u2019autant que, souligne la m\u00eame source, des d\u00e9put\u00e9s du camp pr\u00e9sidentiel avaient exprim\u00e9 de vives r\u00e9ticences \u00e0 l\u2019id\u00e9e de voir leur t\u00eate de liste aux L\u00e9gislatives occuper le perchoir.<\/p>\n\n\n\n<p>Falil Gadio<\/p>\n<div class=\"publi-apres-le-contenu\" style=\"margin-top: 10px;margin-bottom: 10px;margin-left: auto;margin-right: auto;text-align: center;\" id=\"publi-1055271556\"><div class=\"publi-adlabel\">Publicit\u00e9<\/div><script async src=\"\/\/pagead2.googlesyndication.com\/pagead\/js\/adsbygoogle.js?client=ca-pub-4089586018074219\" crossorigin=\"anonymous\"><\/script><ins class=\"adsbygoogle\" style=\"display:block;\" data-ad-client=\"ca-pub-4089586018074219\" \ndata-ad-slot=\"2087940154\" \ndata-ad-format=\"auto\"><\/ins>\n<script> \n(adsbygoogle = window.adsbygoogle || []).push({}); \n<\/script>\n<\/div>","protected":false},"excerpt":{"rendered":"<p>C\u2019est Le Quotidien qui livre l\u2019information dans son \u00e9dition de ce lundi. D\u2019apr\u00e8s le journal du groupe Avenir communication, le Pr\u00e9sident Macky Sall pr\u00e9pare une riposte contre Mimi Tour\u00e9, qui a rompu ses liens avec le camp pr\u00e9sidentiel, en d\u00e9missionnant du groupe Benno Bokk Yakaar \u00e0 l\u2019Assembl\u00e9e nationale. La m\u00eame source pr\u00e9cise que le chef de l\u2019\u00c9tat pr\u00e9pare un grand coup de balai pour exclure de l\u2019appareil d\u2019\u00c9tat tous les pro-Mimi Tour\u00e9 assum\u00e9s ou embusqu\u00e9s. Macky Sall serait en train de confectionner la liste des t\u00eates qui devraient tomber dans les prochains jours. Le Quotidien informe que ces inconditionnels de l\u2019ancienne Premi\u00e8re ministre se retrouvent aussi bien au niveau des cabinets minist\u00e9riels qu\u2019au Palais et dans les agences et autres stations de d\u00e9cision. L\u2019objectif de ces derniers, assure le journal, est d\u2019alimenter Mimi Tour\u00e9 en informations susceptibles de fragiliser le chef de l\u2019\u00c9tat et servir son agenda personnel. Macky Sall aurait \u00e9t\u00e9 inform\u00e9 de ce dessein. C\u2019est d\u2019ailleurs, selon Le Quotidien, la raison pour laquelle il a renonc\u00e9 \u00e0 choisir l\u2019ancienne Garde des Sceaux comme candidate du groupe Benno pour le poste de pr\u00e9sident de l\u2019Assembl\u00e9e nationale. D\u2019autant que, souligne la m\u00eame source, des d\u00e9put\u00e9s du camp pr\u00e9sidentiel avaient exprim\u00e9 de vives r\u00e9ticences \u00e0 l\u2019id\u00e9e de voir leur t\u00eate de liste aux L\u00e9gislatives occuper le perchoir. Falil Gadio<\/p>\n","protected":false},"author":1,"featured_media":4839,"comment_status":"open","ping_status":"open","sticky":false,"template":"","format":"standard","meta":{"_jetpack_memberships_contains_paid_content":false,"footnotes":""},"categories":[375,3,1],"tags":[1201,11,724],"class_list":["post-4835","post","type-post","status-publish","format-standard","has-post-thumbnail","hentry","category-actualites","category-politique","category-non-classe","tag-demission-2","tag-macky-sall","tag-mimi-toure","entry","has-media","owp-thumbs-layout-horizontal","owp-btn-normal","owp-tabs-layout-horizontal","has-no-thumbnails","has-product-nav"],"yoast_head":"<!-- This site is optimized with the Yoast SEO plugin v25.5 - https:\/\/yoast.com\/wordpress\/plugins\/seo\/ -->\n<title>Macky Sall pr\u00e9pare un sale coup contre Mimi. - LE PUBLIC<\/title>\n<meta name=\"robots\" content=\"index, follow, max-snippet:-1, max-image-preview:large, max-video-preview:-1\" \/>\n<link rel=\"canonical\" href=\"https:\/\/www.public.sn\/index.php\/2022\/10\/17\/4835\/\" \/>\n<meta property=\"og:locale\" content=\"fr_FR\" \/>\n<meta property=\"og:type\" content=\"article\" \/>\n<meta property=\"og:title\" content=\"Macky Sall pr\u00e9pare un sale coup contre Mimi. - LE PUBLIC\" \/>\n<meta property=\"og:description\" content=\"C\u2019est Le Quotidien qui livre l\u2019information dans son \u00e9dition de ce lundi. D\u2019apr\u00e8s le journal du groupe Avenir communication, le Pr\u00e9sident Macky Sall pr\u00e9pare une riposte contre Mimi Tour\u00e9, qui a rompu ses liens avec le camp pr\u00e9sidentiel, en d\u00e9missionnant du groupe Benno Bokk Yakaar \u00e0 l\u2019Assembl\u00e9e nationale. La m\u00eame source pr\u00e9cise que le chef de l\u2019\u00c9tat pr\u00e9pare un grand coup de balai pour exclure de l\u2019appareil d\u2019\u00c9tat tous les pro-Mimi Tour\u00e9 assum\u00e9s ou embusqu\u00e9s. Macky Sall serait en train de confectionner la liste des t\u00eates qui devraient tomber dans les prochains jours. Le Quotidien informe que ces inconditionnels de l\u2019ancienne Premi\u00e8re ministre se retrouvent aussi bien au niveau des cabinets minist\u00e9riels qu\u2019au Palais et dans les agences et autres stations de d\u00e9cision. L\u2019objectif de ces derniers, assure le journal, est d\u2019alimenter Mimi Tour\u00e9 en informations susceptibles de fragiliser le chef de l\u2019\u00c9tat et servir son agenda personnel. Macky Sall aurait \u00e9t\u00e9 inform\u00e9 de ce dessein. C\u2019est d\u2019ailleurs, selon Le Quotidien, la raison pour laquelle il a renonc\u00e9 \u00e0 choisir l\u2019ancienne Garde des Sceaux comme candidate du groupe Benno pour le poste de pr\u00e9sident de l\u2019Assembl\u00e9e nationale. D\u2019autant que, souligne la m\u00eame source, des d\u00e9put\u00e9s du camp pr\u00e9sidentiel avaient exprim\u00e9 de vives r\u00e9ticences \u00e0 l\u2019id\u00e9e de voir leur t\u00eate de liste aux L\u00e9gislatives occuper le perchoir. Falil Gadio\" \/>\n<meta property=\"og:url\" content=\"https:\/\/www.public.sn\/index.php\/2022\/10\/17\/4835\/\" \/>\n<meta property=\"og:site_name\" content=\"LE PUBLIC\" \/>\n<meta property=\"article:published_time\" content=\"2022-10-17T08:27:11+00:00\" \/>\n<meta property=\"article:modified_time\" content=\"2022-10-17T13:42:52+00:00\" \/>\n<meta property=\"og:image\" content=\"https:\/\/www.public.sn\/wp-content\/uploads\/2022\/10\/mimi-macky.jpeg\" \/>\n\t<meta property=\"og:image:width\" content=\"600\" \/>\n\t<meta property=\"og:image:height\" content=\"301\" \/>\n\t<meta property=\"og:image:type\" content=\"image\/jpeg\" \/>\n<meta name=\"author\" content=\"LA REDACTION\" \/>\n<meta name=\"twitter:card\" content=\"summary_large_image\" \/>\n<meta name=\"twitter:label1\" content=\"\u00c9crit par\" \/>\n\t<meta name=\"twitter:data1\" content=\"LA REDACTION\" \/>\n\t<meta name=\"twitter:label2\" content=\"Dur\u00e9e de lecture estim\u00e9e\" \/>\n\t<meta name=\"twitter:data2\" content=\"2 minutes\" \/>\n<script type=\"application\/ld+json\" class=\"yoast-schema-graph\">{\"@context\":\"https:\/\/schema.org\",\"@graph\":[{\"@type\":\"Article\",\"@id\":\"https:\/\/www.public.sn\/index.php\/2022\/10\/17\/4835\/#article\",\"isPartOf\":{\"@id\":\"https:\/\/www.public.sn\/index.php\/2022\/10\/17\/4835\/\"},\"author\":{\"name\":\"LA REDACTION\",\"@id\":\"https:\/\/www.public.sn\/#\/schema\/person\/e3f4a11b037d4203902db148f9bc8d5a\"},\"headline\":\"Macky Sall pr\u00e9pare un sale coup contre Mimi.\",\"datePublished\":\"2022-10-17T08:27:11+00:00\",\"dateModified\":\"2022-10-17T13:42:52+00:00\",\"mainEntityOfPage\":{\"@id\":\"https:\/\/www.public.sn\/index.php\/2022\/10\/17\/4835\/\"},\"wordCount\":267,\"commentCount\":0,\"publisher\":{\"@id\":\"https:\/\/www.public.sn\/#organization\"},\"image\":{\"@id\":\"https:\/\/www.public.sn\/index.php\/2022\/10\/17\/4835\/#primaryimage\"},\"thumbnailUrl\":\"https:\/\/www.public.sn\/wp-content\/uploads\/2022\/10\/mimi-macky.jpeg\",\"keywords\":[\"D\u00e9mission\",\"Macky Sall\",\"Mimi Tour\u00e9\"],\"articleSection\":[\"ACTUALIT\u00c9S\",\"POLITIQUE\",\"S\u00c9N\u00c9GAL\"],\"inLanguage\":\"fr-FR\",\"potentialAction\":[{\"@type\":\"CommentAction\",\"name\":\"Comment\",\"target\":[\"https:\/\/www.public.sn\/index.php\/2022\/10\/17\/4835\/#respond\"]}]},{\"@type\":\"WebPage\",\"@id\":\"https:\/\/www.public.sn\/index.php\/2022\/10\/17\/4835\/\",\"url\":\"https:\/\/www.public.sn\/index.php\/2022\/10\/17\/4835\/\",\"name\":\"Macky Sall pr\u00e9pare un sale coup contre Mimi. - LE PUBLIC\",\"isPartOf\":{\"@id\":\"https:\/\/www.public.sn\/#website\"},\"primaryImageOfPage\":{\"@id\":\"https:\/\/www.public.sn\/index.php\/2022\/10\/17\/4835\/#primaryimage\"},\"image\":{\"@id\":\"https:\/\/www.public.sn\/index.php\/2022\/10\/17\/4835\/#primaryimage\"},\"thumbnailUrl\":\"https:\/\/www.public.sn\/wp-content\/uploads\/2022\/10\/mimi-macky.jpeg\",\"datePublished\":\"2022-10-17T08:27:11+00:00\",\"dateModified\":\"2022-10-17T13:42:52+00:00\",\"breadcrumb\":{\"@id\":\"https:\/\/www.public.sn\/index.php\/2022\/10\/17\/4835\/#breadcrumb\"},\"inLanguage\":\"fr-FR\",\"potentialAction\":[{\"@type\":\"ReadAction\",\"target\":[\"https:\/\/www.public.sn\/index.php\/2022\/10\/17\/4835\/\"]}]},{\"@type\":\"ImageObject\",\"inLanguage\":\"fr-FR\",\"@id\":\"https:\/\/www.public.sn\/index.php\/2022\/10\/17\/4835\/#primaryimage\",\"url\":\"https:\/\/www.public.sn\/wp-content\/uploads\/2022\/10\/mimi-macky.jpeg\",\"contentUrl\":\"https:\/\/www.public.sn\/wp-content\/uploads\/2022\/10\/mimi-macky.jpeg\",\"width\":600,\"height\":301,\"caption\":\"Public Sn\"},{\"@type\":\"BreadcrumbList\",\"@id\":\"https:\/\/www.public.sn\/index.php\/2022\/10\/17\/4835\/#breadcrumb\",\"itemListElement\":[{\"@type\":\"ListItem\",\"position\":1,\"name\":\"Accueil\",\"item\":\"https:\/\/www.public.sn\/\"},{\"@type\":\"ListItem\",\"position\":2,\"name\":\"Macky Sall pr\u00e9pare un sale coup contre Mimi.\"}]},{\"@type\":\"WebSite\",\"@id\":\"https:\/\/www.public.sn\/#website\",\"url\":\"https:\/\/www.public.sn\/\",\"name\":\"LE PUBLIC\",\"description\":\"\",\"publisher\":{\"@id\":\"https:\/\/www.public.sn\/#organization\"},\"potentialAction\":[{\"@type\":\"SearchAction\",\"target\":{\"@type\":\"EntryPoint\",\"urlTemplate\":\"https:\/\/www.public.sn\/?s={search_term_string}\"},\"query-input\":{\"@type\":\"PropertyValueSpecification\",\"valueRequired\":true,\"valueName\":\"search_term_string\"}}],\"inLanguage\":\"fr-FR\"},{\"@type\":\"Organization\",\"@id\":\"https:\/\/www.public.sn\/#organization\",\"name\":\"LE PUBLIC\",\"url\":\"https:\/\/www.public.sn\/\",\"logo\":{\"@type\":\"ImageObject\",\"inLanguage\":\"fr-FR\",\"@id\":\"https:\/\/www.public.sn\/#\/schema\/logo\/image\/\",\"url\":\"https:\/\/www.public.sn\/wp-content\/uploads\/2024\/05\/cropped-LOGO-PUBLIC.SN_.png\",\"contentUrl\":\"https:\/\/www.public.sn\/wp-content\/uploads\/2024\/05\/cropped-LOGO-PUBLIC.SN_.png\",\"width\":682,\"height\":192,\"caption\":\"LE PUBLIC\"},\"image\":{\"@id\":\"https:\/\/www.public.sn\/#\/schema\/logo\/image\/\"}},{\"@type\":\"Person\",\"@id\":\"https:\/\/www.public.sn\/#\/schema\/person\/e3f4a11b037d4203902db148f9bc8d5a\",\"name\":\"LA REDACTION\",\"image\":{\"@type\":\"ImageObject\",\"inLanguage\":\"fr-FR\",\"@id\":\"https:\/\/www.public.sn\/#\/schema\/person\/image\/\",\"url\":\"https:\/\/secure.gravatar.com\/avatar\/d6c030db45db2883c075085c5d6c6258654a801a93766b49af0b82d4f454e2a5?s=96&d=mm&r=g\",\"contentUrl\":\"https:\/\/secure.gravatar.com\/avatar\/d6c030db45db2883c075085c5d6c6258654a801a93766b49af0b82d4f454e2a5?s=96&d=mm&r=g\",\"caption\":\"LA REDACTION\"},\"sameAs\":[\"http:\/\/www.public.sn\"],\"url\":\"https:\/\/www.public.sn\/index.php\/author\/admin7324\/\"}]}<\/script>\n<!-- \/ Yoast SEO plugin. -->","yoast_head_json":{"title":"Macky Sall pr\u00e9pare un sale coup contre Mimi. - LE PUBLIC","robots":{"index":"index","follow":"follow","max-snippet":"max-snippet:-1","max-image-preview":"max-image-preview:large","max-video-preview":"max-video-preview:-1"},"canonical":"https:\/\/www.public.sn\/index.php\/2022\/10\/17\/4835\/","og_locale":"fr_FR","og_type":"article","og_title":"Macky Sall pr\u00e9pare un sale coup contre Mimi. - LE PUBLIC","og_description":"C\u2019est Le Quotidien qui livre l\u2019information dans son \u00e9dition de ce lundi. D\u2019apr\u00e8s le journal du groupe Avenir communication, le Pr\u00e9sident Macky Sall pr\u00e9pare une riposte contre Mimi Tour\u00e9, qui a rompu ses liens avec le camp pr\u00e9sidentiel, en d\u00e9missionnant du groupe Benno Bokk Yakaar \u00e0 l\u2019Assembl\u00e9e nationale. La m\u00eame source pr\u00e9cise que le chef de l\u2019\u00c9tat pr\u00e9pare un grand coup de balai pour exclure de l\u2019appareil d\u2019\u00c9tat tous les pro-Mimi Tour\u00e9 assum\u00e9s ou embusqu\u00e9s. Macky Sall serait en train de confectionner la liste des t\u00eates qui devraient tomber dans les prochains jours. Le Quotidien informe que ces inconditionnels de l\u2019ancienne Premi\u00e8re ministre se retrouvent aussi bien au niveau des cabinets minist\u00e9riels qu\u2019au Palais et dans les agences et autres stations de d\u00e9cision. L\u2019objectif de ces derniers, assure le journal, est d\u2019alimenter Mimi Tour\u00e9 en informations susceptibles de fragiliser le chef de l\u2019\u00c9tat et servir son agenda personnel. Macky Sall aurait \u00e9t\u00e9 inform\u00e9 de ce dessein. C\u2019est d\u2019ailleurs, selon Le Quotidien, la raison pour laquelle il a renonc\u00e9 \u00e0 choisir l\u2019ancienne Garde des Sceaux comme candidate du groupe Benno pour le poste de pr\u00e9sident de l\u2019Assembl\u00e9e nationale. D\u2019autant que, souligne la m\u00eame source, des d\u00e9put\u00e9s du camp pr\u00e9sidentiel avaient exprim\u00e9 de vives r\u00e9ticences \u00e0 l\u2019id\u00e9e de voir leur t\u00eate de liste aux L\u00e9gislatives occuper le perchoir. Falil Gadio","og_url":"https:\/\/www.public.sn\/index.php\/2022\/10\/17\/4835\/","og_site_name":"LE PUBLIC","article_published_time":"2022-10-17T08:27:11+00:00","article_modified_time":"2022-10-17T13:42:52+00:00","og_image":[{"width":600,"height":301,"url":"https:\/\/www.public.sn\/wp-content\/uploads\/2022\/10\/mimi-macky.jpeg","type":"image\/jpeg"}],"author":"LA REDACTION","twitter_card":"summary_large_image","twitter_misc":{"\u00c9crit par":"LA REDACTION","Dur\u00e9e de lecture estim\u00e9e":"2 minutes"},"schema":{"@context":"https:\/\/schema.org","@graph":[{"@type":"Article","@id":"https:\/\/www.public.sn\/index.php\/2022\/10\/17\/4835\/#article","isPartOf":{"@id":"https:\/\/www.public.sn\/index.php\/2022\/10\/17\/4835\/"},"author":{"name":"LA REDACTION","@id":"https:\/\/www.public.sn\/#\/schema\/person\/e3f4a11b037d4203902db148f9bc8d5a"},"headline":"Macky Sall pr\u00e9pare un sale coup contre Mimi.","datePublished":"2022-10-17T08:27:11+00:00","dateModified":"2022-10-17T13:42:52+00:00","mainEntityOfPage":{"@id":"https:\/\/www.public.sn\/index.php\/2022\/10\/17\/4835\/"},"wordCount":267,"commentCount":0,"publisher":{"@id":"https:\/\/www.public.sn\/#organization"},"image":{"@id":"https:\/\/www.public.sn\/index.php\/2022\/10\/17\/4835\/#primaryimage"},"thumbnailUrl":"https:\/\/www.public.sn\/wp-content\/uploads\/2022\/10\/mimi-macky.jpeg","keywords":["D\u00e9mission","Macky Sall","Mimi Tour\u00e9"],"articleSection":["ACTUALIT\u00c9S","POLITIQUE","S\u00c9N\u00c9GAL"],"inLanguage":"fr-FR","potentialAction":[{"@type":"CommentAction","name":"Comment","target":["https:\/\/www.public.sn\/index.php\/2022\/10\/17\/4835\/#respond"]}]},{"@type":"WebPage","@id":"https:\/\/www.public.sn\/index.php\/2022\/10\/17\/4835\/","url":"https:\/\/www.public.sn\/index.php\/2022\/10\/17\/4835\/","name":"Macky Sall pr\u00e9pare un sale coup contre Mimi. - LE PUBLIC","isPartOf":{"@id":"https:\/\/www.public.sn\/#website"},"primaryImageOfPage":{"@id":"https:\/\/www.public.sn\/index.php\/2022\/10\/17\/4835\/#primaryimage"},"image":{"@id":"https:\/\/www.public.sn\/index.php\/2022\/10\/17\/4835\/#primaryimage"},"thumbnailUrl":"https:\/\/www.public.sn\/wp-content\/uploads\/2022\/10\/mimi-macky.jpeg","datePublished":"2022-10-17T08:27:11+00:00","dateModified":"2022-10-17T13:42:52+00:00","breadcrumb":{"@id":"https:\/\/www.public.sn\/index.php\/2022\/10\/17\/4835\/#breadcrumb"},"inLanguage":"fr-FR","potentialAction":[{"@type":"ReadAction","target":["https:\/\/www.public.sn\/index.php\/2022\/10\/17\/4835\/"]}]},{"@type":"ImageObject","inLanguage":"fr-FR","@id":"https:\/\/www.public.sn\/index.php\/2022\/10\/17\/4835\/#primaryimage","url":"https:\/\/www.public.sn\/wp-content\/uploads\/2022\/10\/mimi-macky.jpeg","contentUrl":"https:\/\/www.public.sn\/wp-content\/uploads\/2022\/10\/mimi-macky.jpeg","width":600,"height":301,"caption":"Public Sn"},{"@type":"BreadcrumbList","@id":"https:\/\/www.public.sn\/index.php\/2022\/10\/17\/4835\/#breadcrumb","itemListElement":[{"@type":"ListItem","position":1,"name":"Accueil","item":"https:\/\/www.public.sn\/"},{"@type":"ListItem","position":2,"name":"Macky Sall pr\u00e9pare un sale coup contre Mimi."}]},{"@type":"WebSite","@id":"https:\/\/www.public.sn\/#website","url":"https:\/\/www.public.sn\/","name":"LE PUBLIC","description":"","publisher":{"@id":"https:\/\/www.public.sn\/#organization"},"potentialAction":[{"@type":"SearchAction","target":{"@type":"EntryPoint","urlTemplate":"https:\/\/www.public.sn\/?s={search_term_string}"},"query-input":{"@type":"PropertyValueSpecification","valueRequired":true,"valueName":"search_term_string"}}],"inLanguage":"fr-FR"},{"@type":"Organization","@id":"https:\/\/www.public.sn\/#organization","name":"LE PUBLIC","url":"https:\/\/www.public.sn\/","logo":{"@type":"ImageObject","inLanguage":"fr-FR","@id":"https:\/\/www.public.sn\/#\/schema\/logo\/image\/","url":"https:\/\/www.public.sn\/wp-content\/uploads\/2024\/05\/cropped-LOGO-PUBLIC.SN_.png","contentUrl":"https:\/\/www.public.sn\/wp-content\/uploads\/2024\/05\/cropped-LOGO-PUBLIC.SN_.png","width":682,"height":192,"caption":"LE PUBLIC"},"image":{"@id":"https:\/\/www.public.sn\/#\/schema\/logo\/image\/"}},{"@type":"Person","@id":"https:\/\/www.public.sn\/#\/schema\/person\/e3f4a11b037d4203902db148f9bc8d5a","name":"LA REDACTION","image":{"@type":"ImageObject","inLanguage":"fr-FR","@id":"https:\/\/www.public.sn\/#\/schema\/person\/image\/","url":"https:\/\/secure.gravatar.com\/avatar\/d6c030db45db2883c075085c5d6c6258654a801a93766b49af0b82d4f454e2a5?s=96&d=mm&r=g","contentUrl":"https:\/\/secure.gravatar.com\/avatar\/d6c030db45db2883c075085c5d6c6258654a801a93766b49af0b82d4f454e2a5?s=96&d=mm&r=g","caption":"LA REDACTION"},"sameAs":["http:\/\/www.public.sn"],"url":"https:\/\/www.public.sn\/index.php\/author\/admin7324\/"}]}},"jetpack_featured_media_url":"https:\/\/www.public.sn\/wp-content\/uploads\/2022\/10\/mimi-macky.jpeg","jetpack_sharing_enabled":true,"_links":{"self":[{"href":"https:\/\/www.public.sn\/index.php\/wp-json\/wp\/v2\/posts\/4835","targetHints":{"allow":["GET"]}}],"collection":[{"href":"https:\/\/www.public.sn\/index.php\/wp-json\/wp\/v2\/posts"}],"about":[{"href":"https:\/\/www.public.sn\/index.php\/wp-json\/wp\/v2\/types\/post"}],"author":[{"embeddable":true,"href":"https:\/\/www.public.sn\/index.php\/wp-json\/wp\/v2\/users\/1"}],"replies":[{"embeddable":true,"href":"https:\/\/www.public.sn\/index.php\/wp-json\/wp\/v2\/comments?post=4835"}],"version-history":[{"count":4,"href":"https:\/\/www.public.sn\/index.php\/wp-json\/wp\/v2\/posts\/4835\/revisions"}],"predecessor-version":[{"id":4905,"href":"https:\/\/www.public.sn\/index.php\/wp-json\/wp\/v2\/posts\/4835\/revisions\/4905"}],"wp:featuredmedia":[{"embeddable":true,"href":"https:\/\/www.public.sn\/index.php\/wp-json\/wp\/v2\/media\/4839"}],"wp:attachment":[{"href":"https:\/\/www.public.sn\/index.php\/wp-json\/wp\/v2\/media?parent=4835"}],"wp:term":[{"taxonomy":"category","embeddable":true,"href":"https:\/\/www.public.sn\/index.php\/wp-json\/wp\/v2\/categories?post=4835"},{"taxonomy":"post_tag","embeddable":true,"href":"https:\/\/www.public.sn\/index.php\/wp-json\/wp\/v2\/tags?post=4835"}],"curies":[{"name":"wp","href":"https:\/\/api.w.org\/{rel}","templated":true}]}}