{"id":484,"date":"2022-08-23T14:56:43","date_gmt":"2022-08-23T12:56:43","guid":{"rendered":"https:\/\/www.public.sn\/?p=484"},"modified":"2022-08-23T14:56:44","modified_gmt":"2022-08-23T12:56:44","slug":"crise-a-expresso-letat-du-senegal-intervient-et-rassure-les-agents","status":"publish","type":"post","link":"https:\/\/www.public.sn\/index.php\/2022\/08\/23\/crise-a-expresso-letat-du-senegal-intervient-et-rassure-les-agents\/","title":{"rendered":"Crise \u00e0 Expresso : L&rsquo;\u00c9tat du S\u00e9n\u00e9gal intervient et rassure les agents."},"content":{"rendered":"\n<p><strong><em>La crise actuelle qui pr\u00e9vaut \u00e0 Expresso\u00a0o\u00f9 50 agents ont \u00e9t\u00e9 licenci\u00e9s vire \u00e0 une affaire d\u2019Etat. En effet, le ministre de l\u2019Economie num\u00e9rique et des T\u00e9l\u00e9communications, Yankhoba Diatara, a demand\u00e9 \u00e0 Expresso de surseoir aux licenciements de ses agents. <\/em><\/strong><\/p><div class=\"publi-paragraphe1\" style=\"margin-top: 10px;margin-bottom: 10px;margin-left: auto;margin-right: auto;text-align: center;\" id=\"publi-66205550\"><div class=\"publi-adlabel\">Publicit\u00e9<\/div><script async src=\"\/\/pagead2.googlesyndication.com\/pagead\/js\/adsbygoogle.js?client=ca-pub-4089586018074219\" crossorigin=\"anonymous\"><\/script><ins class=\"adsbygoogle\" style=\"display:block;\" data-ad-client=\"ca-pub-4089586018074219\" \ndata-ad-slot=\"2087940154\" \ndata-ad-format=\"auto\"><\/ins>\n<script> \n(adsbygoogle = window.adsbygoogle || []).push({}); \n<\/script>\n<\/div>\n\n\n\n<p>Il a d\u2019ailleurs rappel\u00e9 \u00e0 la Direction g\u00e9n\u00e9rale d\u2019Expresso les engagements pris devant le chef de l\u2019Etat lors de l\u2019acquisition de la licence 4G<strong>.\u00a0<\/strong><\/p>\n\n\n\n<p>Le ministre invite les parties prenantes autour du dialogue afin de trouver une <em>\u00ab\u00a0issue heureuse pour tous<\/em>\u00ab\u00a0. C\u2019est ainsi qu\u2019il a re\u00e7u en audience le Ceo du Group Expresso et lui a rappel\u00e9 les engagements pris devant le chef de l\u2019Etat au moment de l\u2019acquisition de la licence 4G.<\/p>\n\n\n\n<p>Pour sortir de cette crise, le ministre avait d\u2019ailleurs propos\u00e9 la mise en place d\u2019une commission de n\u00e9gociation coordonn\u00e9e par le secr\u00e9taire g\u00e9n\u00e9ral du minist\u00e8re. <em>\u00ab\u00a0Le souci du gouvernement du S\u00e9n\u00e9gal \u00e9tant de tout faire pour pr\u00e9server les emplois d\u00e8s lors que le secteur des t\u00e9l\u00e9communications ne souffre pas de crise particuli\u00e8re\u00a0\u00bb.<\/em><\/p>\n\n\n\n<p>En attendant de trouver un compromis entre les parties, le minist\u00e8re de l\u2019Economie num\u00e9rique et des T\u00e9l\u00e9communications tient \u00e0 rassurer les agents qu\u2019ils ne sauraient \u00eatre victimes de licenciement de la part de la Direction d\u2019Expresso S\u00e9n\u00e9gal dans le cas actuel de la proc\u00e9dure.<\/p>\n\n\n\n<p>L\u2019Autorit\u00e9 de R\u00e9gulation des T\u00e9l\u00e9communications et des Postes, a \u00e9galement entam\u00e9 une m\u00e9diation pour d\u00e9samorcer la crise \u00e0 Expresso. A l\u2019\u00e9tat actuel, le processus est en cours et que l\u2019ARTP esp\u00e8re un d\u00e9nouement heureux de cette affaire.<\/p>\n\n\n\n<p><em>R\u00e9daction Public SN<\/em><\/p>\n<div class=\"publi-apres-le-contenu\" style=\"margin-top: 10px;margin-bottom: 10px;margin-left: auto;margin-right: auto;text-align: center;\" id=\"publi-1446018312\"><div class=\"publi-adlabel\">Publicit\u00e9<\/div><script async src=\"\/\/pagead2.googlesyndication.com\/pagead\/js\/adsbygoogle.js?client=ca-pub-4089586018074219\" crossorigin=\"anonymous\"><\/script><ins class=\"adsbygoogle\" style=\"display:block;\" data-ad-client=\"ca-pub-4089586018074219\" \ndata-ad-slot=\"2087940154\" \ndata-ad-format=\"auto\"><\/ins>\n<script> \n(adsbygoogle = window.adsbygoogle || []).push({}); \n<\/script>\n<\/div>","protected":false},"excerpt":{"rendered":"<p>La crise actuelle qui pr\u00e9vaut \u00e0 Expresso\u00a0o\u00f9 50 agents ont \u00e9t\u00e9 licenci\u00e9s vire \u00e0 une affaire d\u2019Etat. En effet, le ministre de l\u2019Economie num\u00e9rique et des T\u00e9l\u00e9communications, Yankhoba Diatara, a demand\u00e9 \u00e0 Expresso de surseoir aux licenciements de ses agents. Il a d\u2019ailleurs rappel\u00e9 \u00e0 la Direction g\u00e9n\u00e9rale d\u2019Expresso les engagements pris devant le chef de l\u2019Etat lors de l\u2019acquisition de la licence 4G.\u00a0 Le ministre invite les parties prenantes autour du dialogue afin de trouver une \u00ab\u00a0issue heureuse pour tous\u00ab\u00a0. C\u2019est ainsi qu\u2019il a re\u00e7u en audience le Ceo du Group Expresso et lui a rappel\u00e9 les engagements pris devant le chef de l\u2019Etat au moment de l\u2019acquisition de la licence 4G. Pour sortir de cette crise, le ministre avait d\u2019ailleurs propos\u00e9 la mise en place d\u2019une commission de n\u00e9gociation coordonn\u00e9e par le secr\u00e9taire g\u00e9n\u00e9ral du minist\u00e8re. \u00ab\u00a0Le souci du gouvernement du S\u00e9n\u00e9gal \u00e9tant de tout faire pour pr\u00e9server les emplois d\u00e8s lors que le secteur des t\u00e9l\u00e9communications ne souffre pas de crise particuli\u00e8re\u00a0\u00bb. En attendant de trouver un compromis entre les parties, le minist\u00e8re de l\u2019Economie num\u00e9rique et des T\u00e9l\u00e9communications tient \u00e0 rassurer les agents qu\u2019ils ne sauraient \u00eatre victimes de licenciement de la part de la Direction d\u2019Expresso S\u00e9n\u00e9gal dans le cas actuel de la proc\u00e9dure. L\u2019Autorit\u00e9 de R\u00e9gulation des T\u00e9l\u00e9communications et des Postes, a \u00e9galement entam\u00e9 une m\u00e9diation pour d\u00e9samorcer la crise \u00e0 Expresso. A l\u2019\u00e9tat actuel, le processus est en cours et que l\u2019ARTP esp\u00e8re un d\u00e9nouement heureux de cette affaire. R\u00e9daction Public SN<\/p>\n","protected":false},"author":1,"featured_media":485,"comment_status":"open","ping_status":"open","sticky":false,"template":"","format":"standard","meta":{"_jetpack_memberships_contains_paid_content":false,"footnotes":""},"categories":[4],"tags":[174,240,177,239],"class_list":["post-484","post","type-post","status-publish","format-standard","has-post-thumbnail","hentry","category-societe","tag-expresso","tag-licence-4g","tag-licenciements","tag-yankhoba-diattara","entry","has-media","owp-thumbs-layout-horizontal","owp-btn-normal","owp-tabs-layout-horizontal","has-no-thumbnails","has-product-nav"],"yoast_head":"<!-- This site is optimized with the Yoast SEO plugin v25.5 - https:\/\/yoast.com\/wordpress\/plugins\/seo\/ -->\n<title>Crise \u00e0 Expresso : L&#039;\u00c9tat du S\u00e9n\u00e9gal intervient et rassure les agents. - LE PUBLIC<\/title>\n<meta name=\"robots\" content=\"index, follow, max-snippet:-1, max-image-preview:large, max-video-preview:-1\" \/>\n<link rel=\"canonical\" href=\"https:\/\/www.public.sn\/index.php\/2022\/08\/23\/crise-a-expresso-letat-du-senegal-intervient-et-rassure-les-agents\/\" \/>\n<meta property=\"og:locale\" content=\"fr_FR\" \/>\n<meta property=\"og:type\" content=\"article\" \/>\n<meta property=\"og:title\" content=\"Crise \u00e0 Expresso : L&#039;\u00c9tat du S\u00e9n\u00e9gal intervient et rassure les agents. - LE PUBLIC\" \/>\n<meta property=\"og:description\" content=\"La crise actuelle qui pr\u00e9vaut \u00e0 Expresso\u00a0o\u00f9 50 agents ont \u00e9t\u00e9 licenci\u00e9s vire \u00e0 une affaire d\u2019Etat. En effet, le ministre de l\u2019Economie num\u00e9rique et des T\u00e9l\u00e9communications, Yankhoba Diatara, a demand\u00e9 \u00e0 Expresso de surseoir aux licenciements de ses agents. Il a d\u2019ailleurs rappel\u00e9 \u00e0 la Direction g\u00e9n\u00e9rale d\u2019Expresso les engagements pris devant le chef de l\u2019Etat lors de l\u2019acquisition de la licence 4G.\u00a0 Le ministre invite les parties prenantes autour du dialogue afin de trouver une \u00ab\u00a0issue heureuse pour tous\u00ab\u00a0. C\u2019est ainsi qu\u2019il a re\u00e7u en audience le Ceo du Group Expresso et lui a rappel\u00e9 les engagements pris devant le chef de l\u2019Etat au moment de l\u2019acquisition de la licence 4G. Pour sortir de cette crise, le ministre avait d\u2019ailleurs propos\u00e9 la mise en place d\u2019une commission de n\u00e9gociation coordonn\u00e9e par le secr\u00e9taire g\u00e9n\u00e9ral du minist\u00e8re. \u00ab\u00a0Le souci du gouvernement du S\u00e9n\u00e9gal \u00e9tant de tout faire pour pr\u00e9server les emplois d\u00e8s lors que le secteur des t\u00e9l\u00e9communications ne souffre pas de crise particuli\u00e8re\u00a0\u00bb. En attendant de trouver un compromis entre les parties, le minist\u00e8re de l\u2019Economie num\u00e9rique et des T\u00e9l\u00e9communications tient \u00e0 rassurer les agents qu\u2019ils ne sauraient \u00eatre victimes de licenciement de la part de la Direction d\u2019Expresso S\u00e9n\u00e9gal dans le cas actuel de la proc\u00e9dure. L\u2019Autorit\u00e9 de R\u00e9gulation des T\u00e9l\u00e9communications et des Postes, a \u00e9galement entam\u00e9 une m\u00e9diation pour d\u00e9samorcer la crise \u00e0 Expresso. A l\u2019\u00e9tat actuel, le processus est en cours et que l\u2019ARTP esp\u00e8re un d\u00e9nouement heureux de cette affaire. R\u00e9daction Public SN\" \/>\n<meta property=\"og:url\" content=\"https:\/\/www.public.sn\/index.php\/2022\/08\/23\/crise-a-expresso-letat-du-senegal-intervient-et-rassure-les-agents\/\" \/>\n<meta property=\"og:site_name\" content=\"LE PUBLIC\" \/>\n<meta property=\"article:published_time\" content=\"2022-08-23T12:56:43+00:00\" \/>\n<meta property=\"article:modified_time\" content=\"2022-08-23T12:56:44+00:00\" \/>\n<meta property=\"og:image\" content=\"https:\/\/www.public.sn\/wp-content\/uploads\/2022\/08\/YANKHOBA-DIATTARA-LICENCIEMENTS-EXPRESSION-e1661244735712.jpg.webp\" \/>\n\t<meta property=\"og:image:width\" content=\"780\" \/>\n\t<meta property=\"og:image:height\" content=\"470\" \/>\n\t<meta property=\"og:image:type\" content=\"image\/webp\" \/>\n<meta name=\"author\" content=\"LA REDACTION\" \/>\n<meta name=\"twitter:card\" content=\"summary_large_image\" \/>\n<meta name=\"twitter:label1\" content=\"\u00c9crit par\" \/>\n\t<meta name=\"twitter:data1\" content=\"LA REDACTION\" \/>\n\t<meta name=\"twitter:label2\" content=\"Dur\u00e9e de lecture estim\u00e9e\" \/>\n\t<meta name=\"twitter:data2\" content=\"2 minutes\" \/>\n<script type=\"application\/ld+json\" class=\"yoast-schema-graph\">{\"@context\":\"https:\/\/schema.org\",\"@graph\":[{\"@type\":\"Article\",\"@id\":\"https:\/\/www.public.sn\/index.php\/2022\/08\/23\/crise-a-expresso-letat-du-senegal-intervient-et-rassure-les-agents\/#article\",\"isPartOf\":{\"@id\":\"https:\/\/www.public.sn\/index.php\/2022\/08\/23\/crise-a-expresso-letat-du-senegal-intervient-et-rassure-les-agents\/\"},\"author\":{\"name\":\"LA REDACTION\",\"@id\":\"https:\/\/www.public.sn\/#\/schema\/person\/e3f4a11b037d4203902db148f9bc8d5a\"},\"headline\":\"Crise \u00e0 Expresso : L&rsquo;\u00c9tat du S\u00e9n\u00e9gal intervient et rassure les agents.\",\"datePublished\":\"2022-08-23T12:56:43+00:00\",\"dateModified\":\"2022-08-23T12:56:44+00:00\",\"mainEntityOfPage\":{\"@id\":\"https:\/\/www.public.sn\/index.php\/2022\/08\/23\/crise-a-expresso-letat-du-senegal-intervient-et-rassure-les-agents\/\"},\"wordCount\":310,\"commentCount\":0,\"publisher\":{\"@id\":\"https:\/\/www.public.sn\/#organization\"},\"image\":{\"@id\":\"https:\/\/www.public.sn\/index.php\/2022\/08\/23\/crise-a-expresso-letat-du-senegal-intervient-et-rassure-les-agents\/#primaryimage\"},\"thumbnailUrl\":\"https:\/\/www.public.sn\/wp-content\/uploads\/2022\/08\/YANKHOBA-DIATTARA-LICENCIEMENTS-EXPRESSION-e1661244735712.jpg.webp\",\"keywords\":[\"Expresso\",\"Licence 4G\",\"Licenciements\",\"Yankhoba Diattara\"],\"articleSection\":[\"SOCIETE\"],\"inLanguage\":\"fr-FR\",\"potentialAction\":[{\"@type\":\"CommentAction\",\"name\":\"Comment\",\"target\":[\"https:\/\/www.public.sn\/index.php\/2022\/08\/23\/crise-a-expresso-letat-du-senegal-intervient-et-rassure-les-agents\/#respond\"]}]},{\"@type\":\"WebPage\",\"@id\":\"https:\/\/www.public.sn\/index.php\/2022\/08\/23\/crise-a-expresso-letat-du-senegal-intervient-et-rassure-les-agents\/\",\"url\":\"https:\/\/www.public.sn\/index.php\/2022\/08\/23\/crise-a-expresso-letat-du-senegal-intervient-et-rassure-les-agents\/\",\"name\":\"Crise \u00e0 Expresso : L'\u00c9tat du S\u00e9n\u00e9gal intervient et rassure les agents. - LE PUBLIC\",\"isPartOf\":{\"@id\":\"https:\/\/www.public.sn\/#website\"},\"primaryImageOfPage\":{\"@id\":\"https:\/\/www.public.sn\/index.php\/2022\/08\/23\/crise-a-expresso-letat-du-senegal-intervient-et-rassure-les-agents\/#primaryimage\"},\"image\":{\"@id\":\"https:\/\/www.public.sn\/index.php\/2022\/08\/23\/crise-a-expresso-letat-du-senegal-intervient-et-rassure-les-agents\/#primaryimage\"},\"thumbnailUrl\":\"https:\/\/www.public.sn\/wp-content\/uploads\/2022\/08\/YANKHOBA-DIATTARA-LICENCIEMENTS-EXPRESSION-e1661244735712.jpg.webp\",\"datePublished\":\"2022-08-23T12:56:43+00:00\",\"dateModified\":\"2022-08-23T12:56:44+00:00\",\"breadcrumb\":{\"@id\":\"https:\/\/www.public.sn\/index.php\/2022\/08\/23\/crise-a-expresso-letat-du-senegal-intervient-et-rassure-les-agents\/#breadcrumb\"},\"inLanguage\":\"fr-FR\",\"potentialAction\":[{\"@type\":\"ReadAction\",\"target\":[\"https:\/\/www.public.sn\/index.php\/2022\/08\/23\/crise-a-expresso-letat-du-senegal-intervient-et-rassure-les-agents\/\"]}]},{\"@type\":\"ImageObject\",\"inLanguage\":\"fr-FR\",\"@id\":\"https:\/\/www.public.sn\/index.php\/2022\/08\/23\/crise-a-expresso-letat-du-senegal-intervient-et-rassure-les-agents\/#primaryimage\",\"url\":\"https:\/\/www.public.sn\/wp-content\/uploads\/2022\/08\/YANKHOBA-DIATTARA-LICENCIEMENTS-EXPRESSION-e1661244735712.jpg.webp\",\"contentUrl\":\"https:\/\/www.public.sn\/wp-content\/uploads\/2022\/08\/YANKHOBA-DIATTARA-LICENCIEMENTS-EXPRESSION-e1661244735712.jpg.webp\",\"width\":780,\"height\":470},{\"@type\":\"BreadcrumbList\",\"@id\":\"https:\/\/www.public.sn\/index.php\/2022\/08\/23\/crise-a-expresso-letat-du-senegal-intervient-et-rassure-les-agents\/#breadcrumb\",\"itemListElement\":[{\"@type\":\"ListItem\",\"position\":1,\"name\":\"Accueil\",\"item\":\"https:\/\/www.public.sn\/\"},{\"@type\":\"ListItem\",\"position\":2,\"name\":\"Crise \u00e0 Expresso : L&rsquo;\u00c9tat du S\u00e9n\u00e9gal intervient et rassure les agents.\"}]},{\"@type\":\"WebSite\",\"@id\":\"https:\/\/www.public.sn\/#website\",\"url\":\"https:\/\/www.public.sn\/\",\"name\":\"LE PUBLIC\",\"description\":\"\",\"publisher\":{\"@id\":\"https:\/\/www.public.sn\/#organization\"},\"potentialAction\":[{\"@type\":\"SearchAction\",\"target\":{\"@type\":\"EntryPoint\",\"urlTemplate\":\"https:\/\/www.public.sn\/?s={search_term_string}\"},\"query-input\":{\"@type\":\"PropertyValueSpecification\",\"valueRequired\":true,\"valueName\":\"search_term_string\"}}],\"inLanguage\":\"fr-FR\"},{\"@type\":\"Organization\",\"@id\":\"https:\/\/www.public.sn\/#organization\",\"name\":\"LE PUBLIC\",\"url\":\"https:\/\/www.public.sn\/\",\"logo\":{\"@type\":\"ImageObject\",\"inLanguage\":\"fr-FR\",\"@id\":\"https:\/\/www.public.sn\/#\/schema\/logo\/image\/\",\"url\":\"https:\/\/www.public.sn\/wp-content\/uploads\/2024\/05\/cropped-LOGO-PUBLIC.SN_.png\",\"contentUrl\":\"https:\/\/www.public.sn\/wp-content\/uploads\/2024\/05\/cropped-LOGO-PUBLIC.SN_.png\",\"width\":682,\"height\":192,\"caption\":\"LE PUBLIC\"},\"image\":{\"@id\":\"https:\/\/www.public.sn\/#\/schema\/logo\/image\/\"}},{\"@type\":\"Person\",\"@id\":\"https:\/\/www.public.sn\/#\/schema\/person\/e3f4a11b037d4203902db148f9bc8d5a\",\"name\":\"LA REDACTION\",\"image\":{\"@type\":\"ImageObject\",\"inLanguage\":\"fr-FR\",\"@id\":\"https:\/\/www.public.sn\/#\/schema\/person\/image\/\",\"url\":\"https:\/\/secure.gravatar.com\/avatar\/d6c030db45db2883c075085c5d6c6258654a801a93766b49af0b82d4f454e2a5?s=96&d=mm&r=g\",\"contentUrl\":\"https:\/\/secure.gravatar.com\/avatar\/d6c030db45db2883c075085c5d6c6258654a801a93766b49af0b82d4f454e2a5?s=96&d=mm&r=g\",\"caption\":\"LA REDACTION\"},\"sameAs\":[\"http:\/\/www.public.sn\"],\"url\":\"https:\/\/www.public.sn\/index.php\/author\/admin7324\/\"}]}<\/script>\n<!-- \/ Yoast SEO plugin. -->","yoast_head_json":{"title":"Crise \u00e0 Expresso : L'\u00c9tat du S\u00e9n\u00e9gal intervient et rassure les agents. - LE PUBLIC","robots":{"index":"index","follow":"follow","max-snippet":"max-snippet:-1","max-image-preview":"max-image-preview:large","max-video-preview":"max-video-preview:-1"},"canonical":"https:\/\/www.public.sn\/index.php\/2022\/08\/23\/crise-a-expresso-letat-du-senegal-intervient-et-rassure-les-agents\/","og_locale":"fr_FR","og_type":"article","og_title":"Crise \u00e0 Expresso : L'\u00c9tat du S\u00e9n\u00e9gal intervient et rassure les agents. - LE PUBLIC","og_description":"La crise actuelle qui pr\u00e9vaut \u00e0 Expresso\u00a0o\u00f9 50 agents ont \u00e9t\u00e9 licenci\u00e9s vire \u00e0 une affaire d\u2019Etat. En effet, le ministre de l\u2019Economie num\u00e9rique et des T\u00e9l\u00e9communications, Yankhoba Diatara, a demand\u00e9 \u00e0 Expresso de surseoir aux licenciements de ses agents. Il a d\u2019ailleurs rappel\u00e9 \u00e0 la Direction g\u00e9n\u00e9rale d\u2019Expresso les engagements pris devant le chef de l\u2019Etat lors de l\u2019acquisition de la licence 4G.\u00a0 Le ministre invite les parties prenantes autour du dialogue afin de trouver une \u00ab\u00a0issue heureuse pour tous\u00ab\u00a0. C\u2019est ainsi qu\u2019il a re\u00e7u en audience le Ceo du Group Expresso et lui a rappel\u00e9 les engagements pris devant le chef de l\u2019Etat au moment de l\u2019acquisition de la licence 4G. Pour sortir de cette crise, le ministre avait d\u2019ailleurs propos\u00e9 la mise en place d\u2019une commission de n\u00e9gociation coordonn\u00e9e par le secr\u00e9taire g\u00e9n\u00e9ral du minist\u00e8re. \u00ab\u00a0Le souci du gouvernement du S\u00e9n\u00e9gal \u00e9tant de tout faire pour pr\u00e9server les emplois d\u00e8s lors que le secteur des t\u00e9l\u00e9communications ne souffre pas de crise particuli\u00e8re\u00a0\u00bb. En attendant de trouver un compromis entre les parties, le minist\u00e8re de l\u2019Economie num\u00e9rique et des T\u00e9l\u00e9communications tient \u00e0 rassurer les agents qu\u2019ils ne sauraient \u00eatre victimes de licenciement de la part de la Direction d\u2019Expresso S\u00e9n\u00e9gal dans le cas actuel de la proc\u00e9dure. L\u2019Autorit\u00e9 de R\u00e9gulation des T\u00e9l\u00e9communications et des Postes, a \u00e9galement entam\u00e9 une m\u00e9diation pour d\u00e9samorcer la crise \u00e0 Expresso. A l\u2019\u00e9tat actuel, le processus est en cours et que l\u2019ARTP esp\u00e8re un d\u00e9nouement heureux de cette affaire. R\u00e9daction Public SN","og_url":"https:\/\/www.public.sn\/index.php\/2022\/08\/23\/crise-a-expresso-letat-du-senegal-intervient-et-rassure-les-agents\/","og_site_name":"LE PUBLIC","article_published_time":"2022-08-23T12:56:43+00:00","article_modified_time":"2022-08-23T12:56:44+00:00","og_image":[{"width":780,"height":470,"url":"https:\/\/www.public.sn\/wp-content\/uploads\/2022\/08\/YANKHOBA-DIATTARA-LICENCIEMENTS-EXPRESSION-e1661244735712.jpg.webp","type":"image\/webp"}],"author":"LA REDACTION","twitter_card":"summary_large_image","twitter_misc":{"\u00c9crit par":"LA REDACTION","Dur\u00e9e de lecture estim\u00e9e":"2 minutes"},"schema":{"@context":"https:\/\/schema.org","@graph":[{"@type":"Article","@id":"https:\/\/www.public.sn\/index.php\/2022\/08\/23\/crise-a-expresso-letat-du-senegal-intervient-et-rassure-les-agents\/#article","isPartOf":{"@id":"https:\/\/www.public.sn\/index.php\/2022\/08\/23\/crise-a-expresso-letat-du-senegal-intervient-et-rassure-les-agents\/"},"author":{"name":"LA REDACTION","@id":"https:\/\/www.public.sn\/#\/schema\/person\/e3f4a11b037d4203902db148f9bc8d5a"},"headline":"Crise \u00e0 Expresso : L&rsquo;\u00c9tat du S\u00e9n\u00e9gal intervient et rassure les agents.","datePublished":"2022-08-23T12:56:43+00:00","dateModified":"2022-08-23T12:56:44+00:00","mainEntityOfPage":{"@id":"https:\/\/www.public.sn\/index.php\/2022\/08\/23\/crise-a-expresso-letat-du-senegal-intervient-et-rassure-les-agents\/"},"wordCount":310,"commentCount":0,"publisher":{"@id":"https:\/\/www.public.sn\/#organization"},"image":{"@id":"https:\/\/www.public.sn\/index.php\/2022\/08\/23\/crise-a-expresso-letat-du-senegal-intervient-et-rassure-les-agents\/#primaryimage"},"thumbnailUrl":"https:\/\/www.public.sn\/wp-content\/uploads\/2022\/08\/YANKHOBA-DIATTARA-LICENCIEMENTS-EXPRESSION-e1661244735712.jpg.webp","keywords":["Expresso","Licence 4G","Licenciements","Yankhoba Diattara"],"articleSection":["SOCIETE"],"inLanguage":"fr-FR","potentialAction":[{"@type":"CommentAction","name":"Comment","target":["https:\/\/www.public.sn\/index.php\/2022\/08\/23\/crise-a-expresso-letat-du-senegal-intervient-et-rassure-les-agents\/#respond"]}]},{"@type":"WebPage","@id":"https:\/\/www.public.sn\/index.php\/2022\/08\/23\/crise-a-expresso-letat-du-senegal-intervient-et-rassure-les-agents\/","url":"https:\/\/www.public.sn\/index.php\/2022\/08\/23\/crise-a-expresso-letat-du-senegal-intervient-et-rassure-les-agents\/","name":"Crise \u00e0 Expresso : L'\u00c9tat du S\u00e9n\u00e9gal intervient et rassure les agents. - LE PUBLIC","isPartOf":{"@id":"https:\/\/www.public.sn\/#website"},"primaryImageOfPage":{"@id":"https:\/\/www.public.sn\/index.php\/2022\/08\/23\/crise-a-expresso-letat-du-senegal-intervient-et-rassure-les-agents\/#primaryimage"},"image":{"@id":"https:\/\/www.public.sn\/index.php\/2022\/08\/23\/crise-a-expresso-letat-du-senegal-intervient-et-rassure-les-agents\/#primaryimage"},"thumbnailUrl":"https:\/\/www.public.sn\/wp-content\/uploads\/2022\/08\/YANKHOBA-DIATTARA-LICENCIEMENTS-EXPRESSION-e1661244735712.jpg.webp","datePublished":"2022-08-23T12:56:43+00:00","dateModified":"2022-08-23T12:56:44+00:00","breadcrumb":{"@id":"https:\/\/www.public.sn\/index.php\/2022\/08\/23\/crise-a-expresso-letat-du-senegal-intervient-et-rassure-les-agents\/#breadcrumb"},"inLanguage":"fr-FR","potentialAction":[{"@type":"ReadAction","target":["https:\/\/www.public.sn\/index.php\/2022\/08\/23\/crise-a-expresso-letat-du-senegal-intervient-et-rassure-les-agents\/"]}]},{"@type":"ImageObject","inLanguage":"fr-FR","@id":"https:\/\/www.public.sn\/index.php\/2022\/08\/23\/crise-a-expresso-letat-du-senegal-intervient-et-rassure-les-agents\/#primaryimage","url":"https:\/\/www.public.sn\/wp-content\/uploads\/2022\/08\/YANKHOBA-DIATTARA-LICENCIEMENTS-EXPRESSION-e1661244735712.jpg.webp","contentUrl":"https:\/\/www.public.sn\/wp-content\/uploads\/2022\/08\/YANKHOBA-DIATTARA-LICENCIEMENTS-EXPRESSION-e1661244735712.jpg.webp","width":780,"height":470},{"@type":"BreadcrumbList","@id":"https:\/\/www.public.sn\/index.php\/2022\/08\/23\/crise-a-expresso-letat-du-senegal-intervient-et-rassure-les-agents\/#breadcrumb","itemListElement":[{"@type":"ListItem","position":1,"name":"Accueil","item":"https:\/\/www.public.sn\/"},{"@type":"ListItem","position":2,"name":"Crise \u00e0 Expresso : L&rsquo;\u00c9tat du S\u00e9n\u00e9gal intervient et rassure les agents."}]},{"@type":"WebSite","@id":"https:\/\/www.public.sn\/#website","url":"https:\/\/www.public.sn\/","name":"LE PUBLIC","description":"","publisher":{"@id":"https:\/\/www.public.sn\/#organization"},"potentialAction":[{"@type":"SearchAction","target":{"@type":"EntryPoint","urlTemplate":"https:\/\/www.public.sn\/?s={search_term_string}"},"query-input":{"@type":"PropertyValueSpecification","valueRequired":true,"valueName":"search_term_string"}}],"inLanguage":"fr-FR"},{"@type":"Organization","@id":"https:\/\/www.public.sn\/#organization","name":"LE PUBLIC","url":"https:\/\/www.public.sn\/","logo":{"@type":"ImageObject","inLanguage":"fr-FR","@id":"https:\/\/www.public.sn\/#\/schema\/logo\/image\/","url":"https:\/\/www.public.sn\/wp-content\/uploads\/2024\/05\/cropped-LOGO-PUBLIC.SN_.png","contentUrl":"https:\/\/www.public.sn\/wp-content\/uploads\/2024\/05\/cropped-LOGO-PUBLIC.SN_.png","width":682,"height":192,"caption":"LE PUBLIC"},"image":{"@id":"https:\/\/www.public.sn\/#\/schema\/logo\/image\/"}},{"@type":"Person","@id":"https:\/\/www.public.sn\/#\/schema\/person\/e3f4a11b037d4203902db148f9bc8d5a","name":"LA REDACTION","image":{"@type":"ImageObject","inLanguage":"fr-FR","@id":"https:\/\/www.public.sn\/#\/schema\/person\/image\/","url":"https:\/\/secure.gravatar.com\/avatar\/d6c030db45db2883c075085c5d6c6258654a801a93766b49af0b82d4f454e2a5?s=96&d=mm&r=g","contentUrl":"https:\/\/secure.gravatar.com\/avatar\/d6c030db45db2883c075085c5d6c6258654a801a93766b49af0b82d4f454e2a5?s=96&d=mm&r=g","caption":"LA REDACTION"},"sameAs":["http:\/\/www.public.sn"],"url":"https:\/\/www.public.sn\/index.php\/author\/admin7324\/"}]}},"jetpack_featured_media_url":"https:\/\/www.public.sn\/wp-content\/uploads\/2022\/08\/YANKHOBA-DIATTARA-LICENCIEMENTS-EXPRESSION-e1661244735712.jpg.webp","jetpack_sharing_enabled":true,"_links":{"self":[{"href":"https:\/\/www.public.sn\/index.php\/wp-json\/wp\/v2\/posts\/484","targetHints":{"allow":["GET"]}}],"collection":[{"href":"https:\/\/www.public.sn\/index.php\/wp-json\/wp\/v2\/posts"}],"about":[{"href":"https:\/\/www.public.sn\/index.php\/wp-json\/wp\/v2\/types\/post"}],"author":[{"embeddable":true,"href":"https:\/\/www.public.sn\/index.php\/wp-json\/wp\/v2\/users\/1"}],"replies":[{"embeddable":true,"href":"https:\/\/www.public.sn\/index.php\/wp-json\/wp\/v2\/comments?post=484"}],"version-history":[{"count":1,"href":"https:\/\/www.public.sn\/index.php\/wp-json\/wp\/v2\/posts\/484\/revisions"}],"predecessor-version":[{"id":486,"href":"https:\/\/www.public.sn\/index.php\/wp-json\/wp\/v2\/posts\/484\/revisions\/486"}],"wp:featuredmedia":[{"embeddable":true,"href":"https:\/\/www.public.sn\/index.php\/wp-json\/wp\/v2\/media\/485"}],"wp:attachment":[{"href":"https:\/\/www.public.sn\/index.php\/wp-json\/wp\/v2\/media?parent=484"}],"wp:term":[{"taxonomy":"category","embeddable":true,"href":"https:\/\/www.public.sn\/index.php\/wp-json\/wp\/v2\/categories?post=484"},{"taxonomy":"post_tag","embeddable":true,"href":"https:\/\/www.public.sn\/index.php\/wp-json\/wp\/v2\/tags?post=484"}],"curies":[{"name":"wp","href":"https:\/\/api.w.org\/{rel}","templated":true}]}}