{"id":487,"date":"2022-08-23T15:15:37","date_gmt":"2022-08-23T13:15:37","guid":{"rendered":"https:\/\/www.public.sn\/?p=487"},"modified":"2022-08-23T15:15:38","modified_gmt":"2022-08-23T13:15:38","slug":"dakar-bissau-et-le-mfdc-signent-un-accord-de-paix-pour-deposer-les-armes","status":"publish","type":"post","link":"https:\/\/www.public.sn\/index.php\/2022\/08\/23\/dakar-bissau-et-le-mfdc-signent-un-accord-de-paix-pour-deposer-les-armes\/","title":{"rendered":"Dakar, Bissau et le MFDC signent un accord de paix pour d\u00e9poser les armes."},"content":{"rendered":"\n<p><strong><em>Le chef rebelle, C\u00e9sar Atoute Badiate, \u00e0 la t\u00eate d\u2019une unit\u00e9 du Mouvement des forces d\u00e9mocratiques de Casamance (MFDC), et un \u00e9missaire du pr\u00e9sident s\u00e9n\u00e9galais, Macky Sall, qui a ratifi\u00e9 l\u2019accord \u00e0 la pr\u00e9sidence de la R\u00e9publique bissau-guin\u00e9enne s\u2019engagent \u00e0 d\u00e9poser les armes.<\/em><\/strong><\/p><div class=\"publi-paragraphe1\" style=\"margin-top: 10px;margin-bottom: 10px;margin-left: auto;margin-right: auto;text-align: center;\" id=\"publi-3224939931\"><div class=\"publi-adlabel\">Publicit\u00e9<\/div><script async src=\"\/\/pagead2.googlesyndication.com\/pagead\/js\/adsbygoogle.js?client=ca-pub-4089586018074219\" crossorigin=\"anonymous\"><\/script><ins class=\"adsbygoogle\" style=\"display:block;\" data-ad-client=\"ca-pub-4089586018074219\" \ndata-ad-slot=\"2087940154\" \ndata-ad-format=\"auto\"><\/ins>\n<script> \n(adsbygoogle = window.adsbygoogle || []).push({}); \n<\/script>\n<\/div>\n\n\n\n<p>Mais des voix discordantes de l\u2019aile dure du Mfdc d\u00e9chirent le document issu de la m\u00e9diation du pr\u00e9sident de la Guin\u00e9e-Bissau, Umaro Cissoko Emballo.<br>C\u2019est Amidou Djiba, porte-parole du bureau national du Mangoukourou, qui s\u2019est adress\u00e9 \u00e0 la presse en donnant la position ferme des dissidents qui partagent la m\u00eame position que Salif Sadio. En effet, il r\u00e9cuse d\u2019embl\u00e9e toute d\u00e9cision n\u00e9e des n\u00e9gociations en Guin\u00e9e Bissau.<\/p>\n\n\n\n<p><em>\u00ab\u00a0Ces accords ne nous concernent pas. Ce n\u2019est pas le Mfdc authentique qui a sign\u00e9 ces accords. Ce Mfdc qui a sign\u00e9 ces accords n\u2019est pas reconnu. C\u2019est le comit\u00e9 provisoire du Mfdc qui ne peut pas signer \u00e0 la place du Mfdc authentique. Nous r\u00e9cusons cette signature de Guin\u00e9e-Bissau. L\u2019Abb\u00e9 Diamacoune Augustin disait : \u2018\u2019la paix ne se bricole pas, elle ne se b\u00e2tit pas sur du sable mouvant de moralisme et l\u2019arbitraire\u00a0\u00bb<\/em>, fait-il savoir, dans des propos repris par Les Echos.<\/p>\n\n\n\n<p>Il avance : \u00ab\u00a0C<em>ette solution est impossible et illusoire, quelle que soit l\u2019importance des forces utilis\u00e9es. Le S\u00e9n\u00e9gal utilise les strat\u00e9gies de la division et de la corruption. Nous appelons toujours \u00e0 se r\u00e9unir \u00e0 la table de n\u00e9gociation. Notre conviction, c\u2019est l\u2019ind\u00e9pendance de la Casamance\u00a0\u00bb.\u00a0<\/em><\/p>\n\n\n\n<p>Dans ce m\u00eame sillage, Mangoukourou semble ne plus reconna\u00eetre C\u00e9sar Atoute Badiate comme chef de guerre du Mfdc. \u00ab\u00a0<em>C\u00e9sar Atoute Badiate est souffrant et malade. C\u2019est un handicap\u00e9 visuel. Il a sign\u00e9 le document alors qu\u2019il n\u2019est m\u00eame pas en fonction. Ensuite, il est condamn\u00e9 \u00e0 perp\u00e9tuit\u00e9. Cela signifie qu\u2019il vaque \u00e0 ses occupations alors que d\u2019autres croupissent en prison\u00a0\u00bb,<\/em> d\u00e9clare Amidou Djiba.<\/p>\n\n\n\n<p><em>R\u00e9daction Public SN<\/em><\/p>\n<div class=\"publi-apres-le-contenu\" style=\"margin-top: 10px;margin-bottom: 10px;margin-left: auto;margin-right: auto;text-align: center;\" id=\"publi-1987939107\"><div class=\"publi-adlabel\">Publicit\u00e9<\/div><script async src=\"\/\/pagead2.googlesyndication.com\/pagead\/js\/adsbygoogle.js?client=ca-pub-4089586018074219\" crossorigin=\"anonymous\"><\/script><ins class=\"adsbygoogle\" style=\"display:block;\" data-ad-client=\"ca-pub-4089586018074219\" \ndata-ad-slot=\"2087940154\" \ndata-ad-format=\"auto\"><\/ins>\n<script> \n(adsbygoogle = window.adsbygoogle || []).push({}); \n<\/script>\n<\/div>","protected":false},"excerpt":{"rendered":"<p>Le chef rebelle, C\u00e9sar Atoute Badiate, \u00e0 la t\u00eate d\u2019une unit\u00e9 du Mouvement des forces d\u00e9mocratiques de Casamance (MFDC), et un \u00e9missaire du pr\u00e9sident s\u00e9n\u00e9galais, Macky Sall, qui a ratifi\u00e9 l\u2019accord \u00e0 la pr\u00e9sidence de la R\u00e9publique bissau-guin\u00e9enne s\u2019engagent \u00e0 d\u00e9poser les armes. Mais des voix discordantes de l\u2019aile dure du Mfdc d\u00e9chirent le document issu de la m\u00e9diation du pr\u00e9sident de la Guin\u00e9e-Bissau, Umaro Cissoko Emballo.C\u2019est Amidou Djiba, porte-parole du bureau national du Mangoukourou, qui s\u2019est adress\u00e9 \u00e0 la presse en donnant la position ferme des dissidents qui partagent la m\u00eame position que Salif Sadio. En effet, il r\u00e9cuse d\u2019embl\u00e9e toute d\u00e9cision n\u00e9e des n\u00e9gociations en Guin\u00e9e Bissau. \u00ab\u00a0Ces accords ne nous concernent pas. Ce n\u2019est pas le Mfdc authentique qui a sign\u00e9 ces accords. Ce Mfdc qui a sign\u00e9 ces accords n\u2019est pas reconnu. C\u2019est le comit\u00e9 provisoire du Mfdc qui ne peut pas signer \u00e0 la place du Mfdc authentique. Nous r\u00e9cusons cette signature de Guin\u00e9e-Bissau. L\u2019Abb\u00e9 Diamacoune Augustin disait : \u2018\u2019la paix ne se bricole pas, elle ne se b\u00e2tit pas sur du sable mouvant de moralisme et l\u2019arbitraire\u00a0\u00bb, fait-il savoir, dans des propos repris par Les Echos. Il avance : \u00ab\u00a0Cette solution est impossible et illusoire, quelle que soit l\u2019importance des forces utilis\u00e9es. Le S\u00e9n\u00e9gal utilise les strat\u00e9gies de la division et de la corruption. Nous appelons toujours \u00e0 se r\u00e9unir \u00e0 la table de n\u00e9gociation. Notre conviction, c\u2019est l\u2019ind\u00e9pendance de la Casamance\u00a0\u00bb.\u00a0 Dans ce m\u00eame sillage, Mangoukourou semble ne plus reconna\u00eetre C\u00e9sar Atoute Badiate comme chef de guerre du Mfdc. \u00ab\u00a0C\u00e9sar Atoute Badiate est souffrant et malade. C\u2019est un handicap\u00e9 visuel. Il a sign\u00e9 le document alors qu\u2019il n\u2019est m\u00eame pas en fonction. Ensuite, il est condamn\u00e9 \u00e0 perp\u00e9tuit\u00e9. Cela signifie qu\u2019il vaque \u00e0 ses occupations alors que d\u2019autres croupissent en prison\u00a0\u00bb, d\u00e9clare Amidou Djiba. R\u00e9daction Public SN<\/p>\n","protected":false},"author":1,"featured_media":488,"comment_status":"open","ping_status":"open","sticky":false,"template":"","format":"standard","meta":{"_jetpack_memberships_contains_paid_content":false,"footnotes":""},"categories":[3,4],"tags":[243,241,75,242],"class_list":["post-487","post","type-post","status-publish","format-standard","has-post-thumbnail","hentry","category-politique","category-societe","tag-accords-de-paix","tag-bissau","tag-dakar","tag-mfdc","entry","has-media","owp-thumbs-layout-horizontal","owp-btn-normal","owp-tabs-layout-horizontal","has-no-thumbnails","has-product-nav"],"yoast_head":"<!-- This site is optimized with the Yoast SEO plugin v25.5 - https:\/\/yoast.com\/wordpress\/plugins\/seo\/ -->\n<title>Dakar, Bissau et le MFDC signent un accord de paix pour d\u00e9poser les armes. - LE PUBLIC<\/title>\n<meta name=\"robots\" content=\"index, follow, max-snippet:-1, max-image-preview:large, max-video-preview:-1\" \/>\n<link rel=\"canonical\" href=\"https:\/\/www.public.sn\/index.php\/2022\/08\/23\/dakar-bissau-et-le-mfdc-signent-un-accord-de-paix-pour-deposer-les-armes\/\" \/>\n<meta property=\"og:locale\" content=\"fr_FR\" \/>\n<meta property=\"og:type\" content=\"article\" \/>\n<meta property=\"og:title\" content=\"Dakar, Bissau et le MFDC signent un accord de paix pour d\u00e9poser les armes. - LE PUBLIC\" \/>\n<meta property=\"og:description\" content=\"Le chef rebelle, C\u00e9sar Atoute Badiate, \u00e0 la t\u00eate d\u2019une unit\u00e9 du Mouvement des forces d\u00e9mocratiques de Casamance (MFDC), et un \u00e9missaire du pr\u00e9sident s\u00e9n\u00e9galais, Macky Sall, qui a ratifi\u00e9 l\u2019accord \u00e0 la pr\u00e9sidence de la R\u00e9publique bissau-guin\u00e9enne s\u2019engagent \u00e0 d\u00e9poser les armes. Mais des voix discordantes de l\u2019aile dure du Mfdc d\u00e9chirent le document issu de la m\u00e9diation du pr\u00e9sident de la Guin\u00e9e-Bissau, Umaro Cissoko Emballo.C\u2019est Amidou Djiba, porte-parole du bureau national du Mangoukourou, qui s\u2019est adress\u00e9 \u00e0 la presse en donnant la position ferme des dissidents qui partagent la m\u00eame position que Salif Sadio. En effet, il r\u00e9cuse d\u2019embl\u00e9e toute d\u00e9cision n\u00e9e des n\u00e9gociations en Guin\u00e9e Bissau. \u00ab\u00a0Ces accords ne nous concernent pas. Ce n\u2019est pas le Mfdc authentique qui a sign\u00e9 ces accords. Ce Mfdc qui a sign\u00e9 ces accords n\u2019est pas reconnu. C\u2019est le comit\u00e9 provisoire du Mfdc qui ne peut pas signer \u00e0 la place du Mfdc authentique. Nous r\u00e9cusons cette signature de Guin\u00e9e-Bissau. L\u2019Abb\u00e9 Diamacoune Augustin disait : \u2018\u2019la paix ne se bricole pas, elle ne se b\u00e2tit pas sur du sable mouvant de moralisme et l\u2019arbitraire\u00a0\u00bb, fait-il savoir, dans des propos repris par Les Echos. Il avance : \u00ab\u00a0Cette solution est impossible et illusoire, quelle que soit l\u2019importance des forces utilis\u00e9es. Le S\u00e9n\u00e9gal utilise les strat\u00e9gies de la division et de la corruption. Nous appelons toujours \u00e0 se r\u00e9unir \u00e0 la table de n\u00e9gociation. Notre conviction, c\u2019est l\u2019ind\u00e9pendance de la Casamance\u00a0\u00bb.\u00a0 Dans ce m\u00eame sillage, Mangoukourou semble ne plus reconna\u00eetre C\u00e9sar Atoute Badiate comme chef de guerre du Mfdc. \u00ab\u00a0C\u00e9sar Atoute Badiate est souffrant et malade. C\u2019est un handicap\u00e9 visuel. Il a sign\u00e9 le document alors qu\u2019il n\u2019est m\u00eame pas en fonction. Ensuite, il est condamn\u00e9 \u00e0 perp\u00e9tuit\u00e9. Cela signifie qu\u2019il vaque \u00e0 ses occupations alors que d\u2019autres croupissent en prison\u00a0\u00bb, d\u00e9clare Amidou Djiba. R\u00e9daction Public SN\" \/>\n<meta property=\"og:url\" content=\"https:\/\/www.public.sn\/index.php\/2022\/08\/23\/dakar-bissau-et-le-mfdc-signent-un-accord-de-paix-pour-deposer-les-armes\/\" \/>\n<meta property=\"og:site_name\" content=\"LE PUBLIC\" \/>\n<meta property=\"article:published_time\" content=\"2022-08-23T13:15:37+00:00\" \/>\n<meta property=\"article:modified_time\" content=\"2022-08-23T13:15:38+00:00\" \/>\n<meta property=\"og:image\" content=\"https:\/\/www.public.sn\/wp-content\/uploads\/2022\/08\/FZVt4V8WAAE2tN0.jpeg\" \/>\n\t<meta property=\"og:image:width\" content=\"680\" \/>\n\t<meta property=\"og:image:height\" content=\"243\" \/>\n\t<meta property=\"og:image:type\" content=\"image\/jpeg\" \/>\n<meta name=\"author\" content=\"LA REDACTION\" \/>\n<meta name=\"twitter:card\" content=\"summary_large_image\" \/>\n<meta name=\"twitter:label1\" content=\"\u00c9crit par\" \/>\n\t<meta name=\"twitter:data1\" content=\"LA REDACTION\" \/>\n\t<meta name=\"twitter:label2\" content=\"Dur\u00e9e de lecture estim\u00e9e\" \/>\n\t<meta name=\"twitter:data2\" content=\"2 minutes\" \/>\n<script type=\"application\/ld+json\" class=\"yoast-schema-graph\">{\"@context\":\"https:\/\/schema.org\",\"@graph\":[{\"@type\":\"Article\",\"@id\":\"https:\/\/www.public.sn\/index.php\/2022\/08\/23\/dakar-bissau-et-le-mfdc-signent-un-accord-de-paix-pour-deposer-les-armes\/#article\",\"isPartOf\":{\"@id\":\"https:\/\/www.public.sn\/index.php\/2022\/08\/23\/dakar-bissau-et-le-mfdc-signent-un-accord-de-paix-pour-deposer-les-armes\/\"},\"author\":{\"name\":\"LA REDACTION\",\"@id\":\"https:\/\/www.public.sn\/#\/schema\/person\/e3f4a11b037d4203902db148f9bc8d5a\"},\"headline\":\"Dakar, Bissau et le MFDC signent un accord de paix pour d\u00e9poser les armes.\",\"datePublished\":\"2022-08-23T13:15:37+00:00\",\"dateModified\":\"2022-08-23T13:15:38+00:00\",\"mainEntityOfPage\":{\"@id\":\"https:\/\/www.public.sn\/index.php\/2022\/08\/23\/dakar-bissau-et-le-mfdc-signent-un-accord-de-paix-pour-deposer-les-armes\/\"},\"wordCount\":368,\"commentCount\":0,\"publisher\":{\"@id\":\"https:\/\/www.public.sn\/#organization\"},\"image\":{\"@id\":\"https:\/\/www.public.sn\/index.php\/2022\/08\/23\/dakar-bissau-et-le-mfdc-signent-un-accord-de-paix-pour-deposer-les-armes\/#primaryimage\"},\"thumbnailUrl\":\"https:\/\/www.public.sn\/wp-content\/uploads\/2022\/08\/FZVt4V8WAAE2tN0.jpeg\",\"keywords\":[\"Accords de Paix\",\"Bissau\",\"Dakar\",\"MFDC\"],\"articleSection\":[\"POLITIQUE\",\"SOCIETE\"],\"inLanguage\":\"fr-FR\",\"potentialAction\":[{\"@type\":\"CommentAction\",\"name\":\"Comment\",\"target\":[\"https:\/\/www.public.sn\/index.php\/2022\/08\/23\/dakar-bissau-et-le-mfdc-signent-un-accord-de-paix-pour-deposer-les-armes\/#respond\"]}]},{\"@type\":\"WebPage\",\"@id\":\"https:\/\/www.public.sn\/index.php\/2022\/08\/23\/dakar-bissau-et-le-mfdc-signent-un-accord-de-paix-pour-deposer-les-armes\/\",\"url\":\"https:\/\/www.public.sn\/index.php\/2022\/08\/23\/dakar-bissau-et-le-mfdc-signent-un-accord-de-paix-pour-deposer-les-armes\/\",\"name\":\"Dakar, Bissau et le MFDC signent un accord de paix pour d\u00e9poser les armes. - LE PUBLIC\",\"isPartOf\":{\"@id\":\"https:\/\/www.public.sn\/#website\"},\"primaryImageOfPage\":{\"@id\":\"https:\/\/www.public.sn\/index.php\/2022\/08\/23\/dakar-bissau-et-le-mfdc-signent-un-accord-de-paix-pour-deposer-les-armes\/#primaryimage\"},\"image\":{\"@id\":\"https:\/\/www.public.sn\/index.php\/2022\/08\/23\/dakar-bissau-et-le-mfdc-signent-un-accord-de-paix-pour-deposer-les-armes\/#primaryimage\"},\"thumbnailUrl\":\"https:\/\/www.public.sn\/wp-content\/uploads\/2022\/08\/FZVt4V8WAAE2tN0.jpeg\",\"datePublished\":\"2022-08-23T13:15:37+00:00\",\"dateModified\":\"2022-08-23T13:15:38+00:00\",\"breadcrumb\":{\"@id\":\"https:\/\/www.public.sn\/index.php\/2022\/08\/23\/dakar-bissau-et-le-mfdc-signent-un-accord-de-paix-pour-deposer-les-armes\/#breadcrumb\"},\"inLanguage\":\"fr-FR\",\"potentialAction\":[{\"@type\":\"ReadAction\",\"target\":[\"https:\/\/www.public.sn\/index.php\/2022\/08\/23\/dakar-bissau-et-le-mfdc-signent-un-accord-de-paix-pour-deposer-les-armes\/\"]}]},{\"@type\":\"ImageObject\",\"inLanguage\":\"fr-FR\",\"@id\":\"https:\/\/www.public.sn\/index.php\/2022\/08\/23\/dakar-bissau-et-le-mfdc-signent-un-accord-de-paix-pour-deposer-les-armes\/#primaryimage\",\"url\":\"https:\/\/www.public.sn\/wp-content\/uploads\/2022\/08\/FZVt4V8WAAE2tN0.jpeg\",\"contentUrl\":\"https:\/\/www.public.sn\/wp-content\/uploads\/2022\/08\/FZVt4V8WAAE2tN0.jpeg\",\"width\":680,\"height\":243},{\"@type\":\"BreadcrumbList\",\"@id\":\"https:\/\/www.public.sn\/index.php\/2022\/08\/23\/dakar-bissau-et-le-mfdc-signent-un-accord-de-paix-pour-deposer-les-armes\/#breadcrumb\",\"itemListElement\":[{\"@type\":\"ListItem\",\"position\":1,\"name\":\"Accueil\",\"item\":\"https:\/\/www.public.sn\/\"},{\"@type\":\"ListItem\",\"position\":2,\"name\":\"Dakar, Bissau et le MFDC signent un accord de paix pour d\u00e9poser les armes.\"}]},{\"@type\":\"WebSite\",\"@id\":\"https:\/\/www.public.sn\/#website\",\"url\":\"https:\/\/www.public.sn\/\",\"name\":\"LE PUBLIC\",\"description\":\"\",\"publisher\":{\"@id\":\"https:\/\/www.public.sn\/#organization\"},\"potentialAction\":[{\"@type\":\"SearchAction\",\"target\":{\"@type\":\"EntryPoint\",\"urlTemplate\":\"https:\/\/www.public.sn\/?s={search_term_string}\"},\"query-input\":{\"@type\":\"PropertyValueSpecification\",\"valueRequired\":true,\"valueName\":\"search_term_string\"}}],\"inLanguage\":\"fr-FR\"},{\"@type\":\"Organization\",\"@id\":\"https:\/\/www.public.sn\/#organization\",\"name\":\"LE PUBLIC\",\"url\":\"https:\/\/www.public.sn\/\",\"logo\":{\"@type\":\"ImageObject\",\"inLanguage\":\"fr-FR\",\"@id\":\"https:\/\/www.public.sn\/#\/schema\/logo\/image\/\",\"url\":\"https:\/\/www.public.sn\/wp-content\/uploads\/2024\/05\/cropped-LOGO-PUBLIC.SN_.png\",\"contentUrl\":\"https:\/\/www.public.sn\/wp-content\/uploads\/2024\/05\/cropped-LOGO-PUBLIC.SN_.png\",\"width\":682,\"height\":192,\"caption\":\"LE PUBLIC\"},\"image\":{\"@id\":\"https:\/\/www.public.sn\/#\/schema\/logo\/image\/\"}},{\"@type\":\"Person\",\"@id\":\"https:\/\/www.public.sn\/#\/schema\/person\/e3f4a11b037d4203902db148f9bc8d5a\",\"name\":\"LA REDACTION\",\"image\":{\"@type\":\"ImageObject\",\"inLanguage\":\"fr-FR\",\"@id\":\"https:\/\/www.public.sn\/#\/schema\/person\/image\/\",\"url\":\"https:\/\/secure.gravatar.com\/avatar\/d6c030db45db2883c075085c5d6c6258654a801a93766b49af0b82d4f454e2a5?s=96&d=mm&r=g\",\"contentUrl\":\"https:\/\/secure.gravatar.com\/avatar\/d6c030db45db2883c075085c5d6c6258654a801a93766b49af0b82d4f454e2a5?s=96&d=mm&r=g\",\"caption\":\"LA REDACTION\"},\"sameAs\":[\"http:\/\/www.public.sn\"],\"url\":\"https:\/\/www.public.sn\/index.php\/author\/admin7324\/\"}]}<\/script>\n<!-- \/ Yoast SEO plugin. -->","yoast_head_json":{"title":"Dakar, Bissau et le MFDC signent un accord de paix pour d\u00e9poser les armes. - LE PUBLIC","robots":{"index":"index","follow":"follow","max-snippet":"max-snippet:-1","max-image-preview":"max-image-preview:large","max-video-preview":"max-video-preview:-1"},"canonical":"https:\/\/www.public.sn\/index.php\/2022\/08\/23\/dakar-bissau-et-le-mfdc-signent-un-accord-de-paix-pour-deposer-les-armes\/","og_locale":"fr_FR","og_type":"article","og_title":"Dakar, Bissau et le MFDC signent un accord de paix pour d\u00e9poser les armes. - LE PUBLIC","og_description":"Le chef rebelle, C\u00e9sar Atoute Badiate, \u00e0 la t\u00eate d\u2019une unit\u00e9 du Mouvement des forces d\u00e9mocratiques de Casamance (MFDC), et un \u00e9missaire du pr\u00e9sident s\u00e9n\u00e9galais, Macky Sall, qui a ratifi\u00e9 l\u2019accord \u00e0 la pr\u00e9sidence de la R\u00e9publique bissau-guin\u00e9enne s\u2019engagent \u00e0 d\u00e9poser les armes. Mais des voix discordantes de l\u2019aile dure du Mfdc d\u00e9chirent le document issu de la m\u00e9diation du pr\u00e9sident de la Guin\u00e9e-Bissau, Umaro Cissoko Emballo.C\u2019est Amidou Djiba, porte-parole du bureau national du Mangoukourou, qui s\u2019est adress\u00e9 \u00e0 la presse en donnant la position ferme des dissidents qui partagent la m\u00eame position que Salif Sadio. En effet, il r\u00e9cuse d\u2019embl\u00e9e toute d\u00e9cision n\u00e9e des n\u00e9gociations en Guin\u00e9e Bissau. \u00ab\u00a0Ces accords ne nous concernent pas. Ce n\u2019est pas le Mfdc authentique qui a sign\u00e9 ces accords. Ce Mfdc qui a sign\u00e9 ces accords n\u2019est pas reconnu. C\u2019est le comit\u00e9 provisoire du Mfdc qui ne peut pas signer \u00e0 la place du Mfdc authentique. Nous r\u00e9cusons cette signature de Guin\u00e9e-Bissau. L\u2019Abb\u00e9 Diamacoune Augustin disait : \u2018\u2019la paix ne se bricole pas, elle ne se b\u00e2tit pas sur du sable mouvant de moralisme et l\u2019arbitraire\u00a0\u00bb, fait-il savoir, dans des propos repris par Les Echos. Il avance : \u00ab\u00a0Cette solution est impossible et illusoire, quelle que soit l\u2019importance des forces utilis\u00e9es. Le S\u00e9n\u00e9gal utilise les strat\u00e9gies de la division et de la corruption. Nous appelons toujours \u00e0 se r\u00e9unir \u00e0 la table de n\u00e9gociation. Notre conviction, c\u2019est l\u2019ind\u00e9pendance de la Casamance\u00a0\u00bb.\u00a0 Dans ce m\u00eame sillage, Mangoukourou semble ne plus reconna\u00eetre C\u00e9sar Atoute Badiate comme chef de guerre du Mfdc. \u00ab\u00a0C\u00e9sar Atoute Badiate est souffrant et malade. C\u2019est un handicap\u00e9 visuel. Il a sign\u00e9 le document alors qu\u2019il n\u2019est m\u00eame pas en fonction. Ensuite, il est condamn\u00e9 \u00e0 perp\u00e9tuit\u00e9. Cela signifie qu\u2019il vaque \u00e0 ses occupations alors que d\u2019autres croupissent en prison\u00a0\u00bb, d\u00e9clare Amidou Djiba. R\u00e9daction Public SN","og_url":"https:\/\/www.public.sn\/index.php\/2022\/08\/23\/dakar-bissau-et-le-mfdc-signent-un-accord-de-paix-pour-deposer-les-armes\/","og_site_name":"LE PUBLIC","article_published_time":"2022-08-23T13:15:37+00:00","article_modified_time":"2022-08-23T13:15:38+00:00","og_image":[{"width":680,"height":243,"url":"https:\/\/www.public.sn\/wp-content\/uploads\/2022\/08\/FZVt4V8WAAE2tN0.jpeg","type":"image\/jpeg"}],"author":"LA REDACTION","twitter_card":"summary_large_image","twitter_misc":{"\u00c9crit par":"LA REDACTION","Dur\u00e9e de lecture estim\u00e9e":"2 minutes"},"schema":{"@context":"https:\/\/schema.org","@graph":[{"@type":"Article","@id":"https:\/\/www.public.sn\/index.php\/2022\/08\/23\/dakar-bissau-et-le-mfdc-signent-un-accord-de-paix-pour-deposer-les-armes\/#article","isPartOf":{"@id":"https:\/\/www.public.sn\/index.php\/2022\/08\/23\/dakar-bissau-et-le-mfdc-signent-un-accord-de-paix-pour-deposer-les-armes\/"},"author":{"name":"LA REDACTION","@id":"https:\/\/www.public.sn\/#\/schema\/person\/e3f4a11b037d4203902db148f9bc8d5a"},"headline":"Dakar, Bissau et le MFDC signent un accord de paix pour d\u00e9poser les armes.","datePublished":"2022-08-23T13:15:37+00:00","dateModified":"2022-08-23T13:15:38+00:00","mainEntityOfPage":{"@id":"https:\/\/www.public.sn\/index.php\/2022\/08\/23\/dakar-bissau-et-le-mfdc-signent-un-accord-de-paix-pour-deposer-les-armes\/"},"wordCount":368,"commentCount":0,"publisher":{"@id":"https:\/\/www.public.sn\/#organization"},"image":{"@id":"https:\/\/www.public.sn\/index.php\/2022\/08\/23\/dakar-bissau-et-le-mfdc-signent-un-accord-de-paix-pour-deposer-les-armes\/#primaryimage"},"thumbnailUrl":"https:\/\/www.public.sn\/wp-content\/uploads\/2022\/08\/FZVt4V8WAAE2tN0.jpeg","keywords":["Accords de Paix","Bissau","Dakar","MFDC"],"articleSection":["POLITIQUE","SOCIETE"],"inLanguage":"fr-FR","potentialAction":[{"@type":"CommentAction","name":"Comment","target":["https:\/\/www.public.sn\/index.php\/2022\/08\/23\/dakar-bissau-et-le-mfdc-signent-un-accord-de-paix-pour-deposer-les-armes\/#respond"]}]},{"@type":"WebPage","@id":"https:\/\/www.public.sn\/index.php\/2022\/08\/23\/dakar-bissau-et-le-mfdc-signent-un-accord-de-paix-pour-deposer-les-armes\/","url":"https:\/\/www.public.sn\/index.php\/2022\/08\/23\/dakar-bissau-et-le-mfdc-signent-un-accord-de-paix-pour-deposer-les-armes\/","name":"Dakar, Bissau et le MFDC signent un accord de paix pour d\u00e9poser les armes. - LE PUBLIC","isPartOf":{"@id":"https:\/\/www.public.sn\/#website"},"primaryImageOfPage":{"@id":"https:\/\/www.public.sn\/index.php\/2022\/08\/23\/dakar-bissau-et-le-mfdc-signent-un-accord-de-paix-pour-deposer-les-armes\/#primaryimage"},"image":{"@id":"https:\/\/www.public.sn\/index.php\/2022\/08\/23\/dakar-bissau-et-le-mfdc-signent-un-accord-de-paix-pour-deposer-les-armes\/#primaryimage"},"thumbnailUrl":"https:\/\/www.public.sn\/wp-content\/uploads\/2022\/08\/FZVt4V8WAAE2tN0.jpeg","datePublished":"2022-08-23T13:15:37+00:00","dateModified":"2022-08-23T13:15:38+00:00","breadcrumb":{"@id":"https:\/\/www.public.sn\/index.php\/2022\/08\/23\/dakar-bissau-et-le-mfdc-signent-un-accord-de-paix-pour-deposer-les-armes\/#breadcrumb"},"inLanguage":"fr-FR","potentialAction":[{"@type":"ReadAction","target":["https:\/\/www.public.sn\/index.php\/2022\/08\/23\/dakar-bissau-et-le-mfdc-signent-un-accord-de-paix-pour-deposer-les-armes\/"]}]},{"@type":"ImageObject","inLanguage":"fr-FR","@id":"https:\/\/www.public.sn\/index.php\/2022\/08\/23\/dakar-bissau-et-le-mfdc-signent-un-accord-de-paix-pour-deposer-les-armes\/#primaryimage","url":"https:\/\/www.public.sn\/wp-content\/uploads\/2022\/08\/FZVt4V8WAAE2tN0.jpeg","contentUrl":"https:\/\/www.public.sn\/wp-content\/uploads\/2022\/08\/FZVt4V8WAAE2tN0.jpeg","width":680,"height":243},{"@type":"BreadcrumbList","@id":"https:\/\/www.public.sn\/index.php\/2022\/08\/23\/dakar-bissau-et-le-mfdc-signent-un-accord-de-paix-pour-deposer-les-armes\/#breadcrumb","itemListElement":[{"@type":"ListItem","position":1,"name":"Accueil","item":"https:\/\/www.public.sn\/"},{"@type":"ListItem","position":2,"name":"Dakar, Bissau et le MFDC signent un accord de paix pour d\u00e9poser les armes."}]},{"@type":"WebSite","@id":"https:\/\/www.public.sn\/#website","url":"https:\/\/www.public.sn\/","name":"LE PUBLIC","description":"","publisher":{"@id":"https:\/\/www.public.sn\/#organization"},"potentialAction":[{"@type":"SearchAction","target":{"@type":"EntryPoint","urlTemplate":"https:\/\/www.public.sn\/?s={search_term_string}"},"query-input":{"@type":"PropertyValueSpecification","valueRequired":true,"valueName":"search_term_string"}}],"inLanguage":"fr-FR"},{"@type":"Organization","@id":"https:\/\/www.public.sn\/#organization","name":"LE PUBLIC","url":"https:\/\/www.public.sn\/","logo":{"@type":"ImageObject","inLanguage":"fr-FR","@id":"https:\/\/www.public.sn\/#\/schema\/logo\/image\/","url":"https:\/\/www.public.sn\/wp-content\/uploads\/2024\/05\/cropped-LOGO-PUBLIC.SN_.png","contentUrl":"https:\/\/www.public.sn\/wp-content\/uploads\/2024\/05\/cropped-LOGO-PUBLIC.SN_.png","width":682,"height":192,"caption":"LE PUBLIC"},"image":{"@id":"https:\/\/www.public.sn\/#\/schema\/logo\/image\/"}},{"@type":"Person","@id":"https:\/\/www.public.sn\/#\/schema\/person\/e3f4a11b037d4203902db148f9bc8d5a","name":"LA REDACTION","image":{"@type":"ImageObject","inLanguage":"fr-FR","@id":"https:\/\/www.public.sn\/#\/schema\/person\/image\/","url":"https:\/\/secure.gravatar.com\/avatar\/d6c030db45db2883c075085c5d6c6258654a801a93766b49af0b82d4f454e2a5?s=96&d=mm&r=g","contentUrl":"https:\/\/secure.gravatar.com\/avatar\/d6c030db45db2883c075085c5d6c6258654a801a93766b49af0b82d4f454e2a5?s=96&d=mm&r=g","caption":"LA REDACTION"},"sameAs":["http:\/\/www.public.sn"],"url":"https:\/\/www.public.sn\/index.php\/author\/admin7324\/"}]}},"jetpack_featured_media_url":"https:\/\/www.public.sn\/wp-content\/uploads\/2022\/08\/FZVt4V8WAAE2tN0.jpeg","jetpack_sharing_enabled":true,"_links":{"self":[{"href":"https:\/\/www.public.sn\/index.php\/wp-json\/wp\/v2\/posts\/487","targetHints":{"allow":["GET"]}}],"collection":[{"href":"https:\/\/www.public.sn\/index.php\/wp-json\/wp\/v2\/posts"}],"about":[{"href":"https:\/\/www.public.sn\/index.php\/wp-json\/wp\/v2\/types\/post"}],"author":[{"embeddable":true,"href":"https:\/\/www.public.sn\/index.php\/wp-json\/wp\/v2\/users\/1"}],"replies":[{"embeddable":true,"href":"https:\/\/www.public.sn\/index.php\/wp-json\/wp\/v2\/comments?post=487"}],"version-history":[{"count":1,"href":"https:\/\/www.public.sn\/index.php\/wp-json\/wp\/v2\/posts\/487\/revisions"}],"predecessor-version":[{"id":489,"href":"https:\/\/www.public.sn\/index.php\/wp-json\/wp\/v2\/posts\/487\/revisions\/489"}],"wp:featuredmedia":[{"embeddable":true,"href":"https:\/\/www.public.sn\/index.php\/wp-json\/wp\/v2\/media\/488"}],"wp:attachment":[{"href":"https:\/\/www.public.sn\/index.php\/wp-json\/wp\/v2\/media?parent=487"}],"wp:term":[{"taxonomy":"category","embeddable":true,"href":"https:\/\/www.public.sn\/index.php\/wp-json\/wp\/v2\/categories?post=487"},{"taxonomy":"post_tag","embeddable":true,"href":"https:\/\/www.public.sn\/index.php\/wp-json\/wp\/v2\/tags?post=487"}],"curies":[{"name":"wp","href":"https:\/\/api.w.org\/{rel}","templated":true}]}}