{"id":4911,"date":"2022-10-17T14:16:22","date_gmt":"2022-10-17T14:16:22","guid":{"rendered":"https:\/\/www.public.sn\/?p=4911"},"modified":"2022-10-17T14:16:25","modified_gmt":"2022-10-17T14:16:25","slug":"urgent-des-personnes-mal-intentionnees-vol-les-cables-du-brt","status":"publish","type":"post","link":"https:\/\/www.public.sn\/index.php\/2022\/10\/17\/urgent-des-personnes-mal-intentionnees-vol-les-cables-du-brt\/","title":{"rendered":"Urgent\u00a0: Des personnes mal intentionn\u00e9es vol les c\u00e2bles du BRT."},"content":{"rendered":"\n<p><\/p>\n\n\n\n<p><strong>Le projet BRT s\u2019inscrit dans une vision\u00a0 de projet urbain global \u00e0 utilit\u00e9 public. Il constitue une r\u00e9elle opportunit\u00e9 de transformation qualitative de la physionomie de Dakar de remodeler les espaces publics aux standards internationaux, d\u2019encourager les modes actifs et de restructurer le r\u00e9seau des transports en commun dans son ensemble. Le projet BRT contribuera \u00e0 la concr\u00e9tisation d\u2019un double objectif de\u00a0 mettre fin \u00e0 l\u2019extr\u00eame pauvret\u00e9 et de promouvoir une prosp\u00e9rit\u00e9 partag\u00e9e en am\u00e9liorant l\u2019acc\u00e8s \u00e0 l\u2019emploi et aux march\u00e9s par la mise en place d\u2019un r\u00e9seau de transport collectif efficace avec un rapport qualit\u00e9 prix satisfaisant.\u00a0<\/strong><\/p><div class=\"publi-paragraphe1\" style=\"margin-top: 10px;margin-bottom: 10px;margin-left: auto;margin-right: auto;text-align: center;\" id=\"publi-1272210303\"><div class=\"publi-adlabel\">Publicit\u00e9<\/div><script async src=\"\/\/pagead2.googlesyndication.com\/pagead\/js\/adsbygoogle.js?client=ca-pub-4089586018074219\" crossorigin=\"anonymous\"><\/script><ins class=\"adsbygoogle\" style=\"display:block;\" data-ad-client=\"ca-pub-4089586018074219\" \ndata-ad-slot=\"2087940154\" \ndata-ad-format=\"auto\"><\/ins>\n<script> \n(adsbygoogle = window.adsbygoogle || []).push({}); \n<\/script>\n<\/div>\n\n\n\n<p><strong>Selon IRadio, <\/strong>Des personnes malintentionn\u00e9es ont sectionn\u00e9s les c\u00e2bles du BRT. Les malfaiteurs n\u2019ont pas jusque l\u00e0 \u00e9t\u00e9 arr\u00eat\u00e9s par la police.<\/p>\n\n\n\n<p>\u00a0Les populations riveraines se plaignent de l\u2019absence de s\u00e9curit\u00e9 sur les lieux. \u00ab<em> J\u2019\u00e9tais en train de sortir mes bagages et c\u2019est l\u00e0 que la voisine m\u2019a appel\u00e9 pour me dire qu\u2019il y\u2019avait des personnes en train de couper les c\u00e2bles. C\u2019est l\u00e0 que la police a \u00e9t\u00e9 alert\u00e9e et ils ont pris la poudre d\u2019escampette .Ils ont laiss\u00e9 un sac juste sous ma fen\u00eatre. J\u2019\u00e9tais en train de veiller sur les affaires de ma voisine quand j\u2019ai vu une personne venir r\u00e9cup\u00e9rer le sac contenant des c\u00e2bles, j\u2019ai alert\u00e9 le voisinage. Il y a trop d\u2019ins\u00e9curit\u00e9 par ici<\/em> \u00bb, explique Fatou Dia un t\u00e9moin des faits.<\/p>\n\n\n\n<p>Les riverains d\u00e9plorent cette situation et d\u00e9noncent l\u2019ins\u00e9curit\u00e9 totale. C\u2019est le cas de Marthe Sagna : \u00ab <em>Moi, je suis d\u00e9sol\u00e9 qu\u2019on vole le bien public. C\u2019est vraiment dommage mais nous sommes habitu\u00e9s \u00e0 cela au S\u00e9n\u00e9gal parce que m\u00eame les bouches d\u2019\u00e9gouts on les vole<\/em> \u00bb.<\/p>\n\n\n\n<p><strong>M<\/strong>ame Marie THAM<\/p>\n<div class=\"publi-apres-le-contenu\" style=\"margin-top: 10px;margin-bottom: 10px;margin-left: auto;margin-right: auto;text-align: center;\" id=\"publi-551514011\"><div class=\"publi-adlabel\">Publicit\u00e9<\/div><script async src=\"\/\/pagead2.googlesyndication.com\/pagead\/js\/adsbygoogle.js?client=ca-pub-4089586018074219\" crossorigin=\"anonymous\"><\/script><ins class=\"adsbygoogle\" style=\"display:block;\" data-ad-client=\"ca-pub-4089586018074219\" \ndata-ad-slot=\"2087940154\" \ndata-ad-format=\"auto\"><\/ins>\n<script> \n(adsbygoogle = window.adsbygoogle || []).push({}); \n<\/script>\n<\/div>","protected":false},"excerpt":{"rendered":"<p>Le projet BRT s\u2019inscrit dans une vision\u00a0 de projet urbain global \u00e0 utilit\u00e9 public. Il constitue une r\u00e9elle opportunit\u00e9 de transformation qualitative de la physionomie de Dakar de remodeler les espaces publics aux standards internationaux, d\u2019encourager les modes actifs et de restructurer le r\u00e9seau des transports en commun dans son ensemble. Le projet BRT contribuera \u00e0 la concr\u00e9tisation d\u2019un double objectif de\u00a0 mettre fin \u00e0 l\u2019extr\u00eame pauvret\u00e9 et de promouvoir une prosp\u00e9rit\u00e9 partag\u00e9e en am\u00e9liorant l\u2019acc\u00e8s \u00e0 l\u2019emploi et aux march\u00e9s par la mise en place d\u2019un r\u00e9seau de transport collectif efficace avec un rapport qualit\u00e9 prix satisfaisant.\u00a0 Selon IRadio, Des personnes malintentionn\u00e9es ont sectionn\u00e9s les c\u00e2bles du BRT. Les malfaiteurs n\u2019ont pas jusque l\u00e0 \u00e9t\u00e9 arr\u00eat\u00e9s par la police. \u00a0Les populations riveraines se plaignent de l\u2019absence de s\u00e9curit\u00e9 sur les lieux. \u00ab J\u2019\u00e9tais en train de sortir mes bagages et c\u2019est l\u00e0 que la voisine m\u2019a appel\u00e9 pour me dire qu\u2019il y\u2019avait des personnes en train de couper les c\u00e2bles. C\u2019est l\u00e0 que la police a \u00e9t\u00e9 alert\u00e9e et ils ont pris la poudre d\u2019escampette .Ils ont laiss\u00e9 un sac juste sous ma fen\u00eatre. J\u2019\u00e9tais en train de veiller sur les affaires de ma voisine quand j\u2019ai vu une personne venir r\u00e9cup\u00e9rer le sac contenant des c\u00e2bles, j\u2019ai alert\u00e9 le voisinage. Il y a trop d\u2019ins\u00e9curit\u00e9 par ici \u00bb, explique Fatou Dia un t\u00e9moin des faits. Les riverains d\u00e9plorent cette situation et d\u00e9noncent l\u2019ins\u00e9curit\u00e9 totale. C\u2019est le cas de Marthe Sagna : \u00ab Moi, je suis d\u00e9sol\u00e9 qu\u2019on vole le bien public. C\u2019est vraiment dommage mais nous sommes habitu\u00e9s \u00e0 cela au S\u00e9n\u00e9gal parce que m\u00eame les bouches d\u2019\u00e9gouts on les vole \u00bb. Mame Marie THAM<\/p>\n","protected":false},"author":7,"featured_media":4912,"comment_status":"open","ping_status":"open","sticky":false,"template":"","format":"standard","meta":{"_jetpack_memberships_contains_paid_content":false,"footnotes":""},"categories":[375,1,4],"tags":[1171,1621,237],"class_list":["post-4911","post","type-post","status-publish","format-standard","has-post-thumbnail","hentry","category-actualites","category-non-classe","category-societe","tag-brt","tag-cable","tag-vol","entry","has-media","owp-thumbs-layout-horizontal","owp-btn-normal","owp-tabs-layout-horizontal","has-no-thumbnails","has-product-nav"],"yoast_head":"<!-- This site is optimized with the Yoast SEO plugin v25.5 - https:\/\/yoast.com\/wordpress\/plugins\/seo\/ -->\n<title>Urgent\u00a0: Des personnes mal intentionn\u00e9es vol les c\u00e2bles du BRT. - LE PUBLIC<\/title>\n<meta name=\"robots\" content=\"index, follow, max-snippet:-1, max-image-preview:large, max-video-preview:-1\" \/>\n<link rel=\"canonical\" href=\"https:\/\/www.public.sn\/index.php\/2022\/10\/17\/urgent-des-personnes-mal-intentionnees-vol-les-cables-du-brt\/\" \/>\n<meta property=\"og:locale\" content=\"fr_FR\" \/>\n<meta property=\"og:type\" content=\"article\" \/>\n<meta property=\"og:title\" content=\"Urgent\u00a0: Des personnes mal intentionn\u00e9es vol les c\u00e2bles du BRT. - LE PUBLIC\" \/>\n<meta property=\"og:description\" content=\"Le projet BRT s\u2019inscrit dans une vision\u00a0 de projet urbain global \u00e0 utilit\u00e9 public. Il constitue une r\u00e9elle opportunit\u00e9 de transformation qualitative de la physionomie de Dakar de remodeler les espaces publics aux standards internationaux, d\u2019encourager les modes actifs et de restructurer le r\u00e9seau des transports en commun dans son ensemble. Le projet BRT contribuera \u00e0 la concr\u00e9tisation d\u2019un double objectif de\u00a0 mettre fin \u00e0 l\u2019extr\u00eame pauvret\u00e9 et de promouvoir une prosp\u00e9rit\u00e9 partag\u00e9e en am\u00e9liorant l\u2019acc\u00e8s \u00e0 l\u2019emploi et aux march\u00e9s par la mise en place d\u2019un r\u00e9seau de transport collectif efficace avec un rapport qualit\u00e9 prix satisfaisant.\u00a0 Selon IRadio, Des personnes malintentionn\u00e9es ont sectionn\u00e9s les c\u00e2bles du BRT. Les malfaiteurs n\u2019ont pas jusque l\u00e0 \u00e9t\u00e9 arr\u00eat\u00e9s par la police. \u00a0Les populations riveraines se plaignent de l\u2019absence de s\u00e9curit\u00e9 sur les lieux. \u00ab J\u2019\u00e9tais en train de sortir mes bagages et c\u2019est l\u00e0 que la voisine m\u2019a appel\u00e9 pour me dire qu\u2019il y\u2019avait des personnes en train de couper les c\u00e2bles. C\u2019est l\u00e0 que la police a \u00e9t\u00e9 alert\u00e9e et ils ont pris la poudre d\u2019escampette .Ils ont laiss\u00e9 un sac juste sous ma fen\u00eatre. J\u2019\u00e9tais en train de veiller sur les affaires de ma voisine quand j\u2019ai vu une personne venir r\u00e9cup\u00e9rer le sac contenant des c\u00e2bles, j\u2019ai alert\u00e9 le voisinage. Il y a trop d\u2019ins\u00e9curit\u00e9 par ici \u00bb, explique Fatou Dia un t\u00e9moin des faits. Les riverains d\u00e9plorent cette situation et d\u00e9noncent l\u2019ins\u00e9curit\u00e9 totale. C\u2019est le cas de Marthe Sagna : \u00ab Moi, je suis d\u00e9sol\u00e9 qu\u2019on vole le bien public. C\u2019est vraiment dommage mais nous sommes habitu\u00e9s \u00e0 cela au S\u00e9n\u00e9gal parce que m\u00eame les bouches d\u2019\u00e9gouts on les vole \u00bb. Mame Marie THAM\" \/>\n<meta property=\"og:url\" content=\"https:\/\/www.public.sn\/index.php\/2022\/10\/17\/urgent-des-personnes-mal-intentionnees-vol-les-cables-du-brt\/\" \/>\n<meta property=\"og:site_name\" content=\"LE PUBLIC\" \/>\n<meta property=\"article:published_time\" content=\"2022-10-17T14:16:22+00:00\" \/>\n<meta property=\"article:modified_time\" content=\"2022-10-17T14:16:25+00:00\" \/>\n<meta property=\"og:image\" content=\"https:\/\/www.public.sn\/wp-content\/uploads\/2022\/10\/cable.jpg\" \/>\n\t<meta property=\"og:image:width\" content=\"309\" \/>\n\t<meta property=\"og:image:height\" content=\"163\" \/>\n\t<meta property=\"og:image:type\" content=\"image\/jpeg\" \/>\n<meta name=\"author\" content=\"LA REDACTION\" \/>\n<meta name=\"twitter:card\" content=\"summary_large_image\" \/>\n<meta name=\"twitter:label1\" content=\"\u00c9crit par\" \/>\n\t<meta name=\"twitter:data1\" content=\"LA REDACTION\" \/>\n\t<meta name=\"twitter:label2\" content=\"Dur\u00e9e de lecture estim\u00e9e\" \/>\n\t<meta name=\"twitter:data2\" content=\"2 minutes\" \/>\n<script type=\"application\/ld+json\" class=\"yoast-schema-graph\">{\"@context\":\"https:\/\/schema.org\",\"@graph\":[{\"@type\":\"Article\",\"@id\":\"https:\/\/www.public.sn\/index.php\/2022\/10\/17\/urgent-des-personnes-mal-intentionnees-vol-les-cables-du-brt\/#article\",\"isPartOf\":{\"@id\":\"https:\/\/www.public.sn\/index.php\/2022\/10\/17\/urgent-des-personnes-mal-intentionnees-vol-les-cables-du-brt\/\"},\"author\":{\"name\":\"LA REDACTION\",\"@id\":\"https:\/\/www.public.sn\/#\/schema\/person\/cb76c8e1b8becc6be61fb5e92d6d0224\"},\"headline\":\"Urgent\u00a0: Des personnes mal intentionn\u00e9es vol les c\u00e2bles du BRT.\",\"datePublished\":\"2022-10-17T14:16:22+00:00\",\"dateModified\":\"2022-10-17T14:16:25+00:00\",\"mainEntityOfPage\":{\"@id\":\"https:\/\/www.public.sn\/index.php\/2022\/10\/17\/urgent-des-personnes-mal-intentionnees-vol-les-cables-du-brt\/\"},\"wordCount\":336,\"commentCount\":0,\"publisher\":{\"@id\":\"https:\/\/www.public.sn\/#organization\"},\"image\":{\"@id\":\"https:\/\/www.public.sn\/index.php\/2022\/10\/17\/urgent-des-personnes-mal-intentionnees-vol-les-cables-du-brt\/#primaryimage\"},\"thumbnailUrl\":\"https:\/\/www.public.sn\/wp-content\/uploads\/2022\/10\/cable.jpg\",\"keywords\":[\"BRT\",\"cable\",\"Vol\"],\"articleSection\":[\"ACTUALIT\u00c9S\",\"S\u00c9N\u00c9GAL\",\"SOCIETE\"],\"inLanguage\":\"fr-FR\",\"potentialAction\":[{\"@type\":\"CommentAction\",\"name\":\"Comment\",\"target\":[\"https:\/\/www.public.sn\/index.php\/2022\/10\/17\/urgent-des-personnes-mal-intentionnees-vol-les-cables-du-brt\/#respond\"]}]},{\"@type\":\"WebPage\",\"@id\":\"https:\/\/www.public.sn\/index.php\/2022\/10\/17\/urgent-des-personnes-mal-intentionnees-vol-les-cables-du-brt\/\",\"url\":\"https:\/\/www.public.sn\/index.php\/2022\/10\/17\/urgent-des-personnes-mal-intentionnees-vol-les-cables-du-brt\/\",\"name\":\"Urgent\u00a0: Des personnes mal intentionn\u00e9es vol les c\u00e2bles du BRT. - LE PUBLIC\",\"isPartOf\":{\"@id\":\"https:\/\/www.public.sn\/#website\"},\"primaryImageOfPage\":{\"@id\":\"https:\/\/www.public.sn\/index.php\/2022\/10\/17\/urgent-des-personnes-mal-intentionnees-vol-les-cables-du-brt\/#primaryimage\"},\"image\":{\"@id\":\"https:\/\/www.public.sn\/index.php\/2022\/10\/17\/urgent-des-personnes-mal-intentionnees-vol-les-cables-du-brt\/#primaryimage\"},\"thumbnailUrl\":\"https:\/\/www.public.sn\/wp-content\/uploads\/2022\/10\/cable.jpg\",\"datePublished\":\"2022-10-17T14:16:22+00:00\",\"dateModified\":\"2022-10-17T14:16:25+00:00\",\"breadcrumb\":{\"@id\":\"https:\/\/www.public.sn\/index.php\/2022\/10\/17\/urgent-des-personnes-mal-intentionnees-vol-les-cables-du-brt\/#breadcrumb\"},\"inLanguage\":\"fr-FR\",\"potentialAction\":[{\"@type\":\"ReadAction\",\"target\":[\"https:\/\/www.public.sn\/index.php\/2022\/10\/17\/urgent-des-personnes-mal-intentionnees-vol-les-cables-du-brt\/\"]}]},{\"@type\":\"ImageObject\",\"inLanguage\":\"fr-FR\",\"@id\":\"https:\/\/www.public.sn\/index.php\/2022\/10\/17\/urgent-des-personnes-mal-intentionnees-vol-les-cables-du-brt\/#primaryimage\",\"url\":\"https:\/\/www.public.sn\/wp-content\/uploads\/2022\/10\/cable.jpg\",\"contentUrl\":\"https:\/\/www.public.sn\/wp-content\/uploads\/2022\/10\/cable.jpg\",\"width\":309,\"height\":163},{\"@type\":\"BreadcrumbList\",\"@id\":\"https:\/\/www.public.sn\/index.php\/2022\/10\/17\/urgent-des-personnes-mal-intentionnees-vol-les-cables-du-brt\/#breadcrumb\",\"itemListElement\":[{\"@type\":\"ListItem\",\"position\":1,\"name\":\"Accueil\",\"item\":\"https:\/\/www.public.sn\/\"},{\"@type\":\"ListItem\",\"position\":2,\"name\":\"Urgent\u00a0: Des personnes mal intentionn\u00e9es vol les c\u00e2bles du BRT.\"}]},{\"@type\":\"WebSite\",\"@id\":\"https:\/\/www.public.sn\/#website\",\"url\":\"https:\/\/www.public.sn\/\",\"name\":\"LE PUBLIC\",\"description\":\"\",\"publisher\":{\"@id\":\"https:\/\/www.public.sn\/#organization\"},\"potentialAction\":[{\"@type\":\"SearchAction\",\"target\":{\"@type\":\"EntryPoint\",\"urlTemplate\":\"https:\/\/www.public.sn\/?s={search_term_string}\"},\"query-input\":{\"@type\":\"PropertyValueSpecification\",\"valueRequired\":true,\"valueName\":\"search_term_string\"}}],\"inLanguage\":\"fr-FR\"},{\"@type\":\"Organization\",\"@id\":\"https:\/\/www.public.sn\/#organization\",\"name\":\"LE PUBLIC\",\"url\":\"https:\/\/www.public.sn\/\",\"logo\":{\"@type\":\"ImageObject\",\"inLanguage\":\"fr-FR\",\"@id\":\"https:\/\/www.public.sn\/#\/schema\/logo\/image\/\",\"url\":\"https:\/\/www.public.sn\/wp-content\/uploads\/2024\/05\/cropped-LOGO-PUBLIC.SN_.png\",\"contentUrl\":\"https:\/\/www.public.sn\/wp-content\/uploads\/2024\/05\/cropped-LOGO-PUBLIC.SN_.png\",\"width\":682,\"height\":192,\"caption\":\"LE PUBLIC\"},\"image\":{\"@id\":\"https:\/\/www.public.sn\/#\/schema\/logo\/image\/\"}},{\"@type\":\"Person\",\"@id\":\"https:\/\/www.public.sn\/#\/schema\/person\/cb76c8e1b8becc6be61fb5e92d6d0224\",\"name\":\"LA REDACTION\",\"image\":{\"@type\":\"ImageObject\",\"inLanguage\":\"fr-FR\",\"@id\":\"https:\/\/www.public.sn\/#\/schema\/person\/image\/\",\"url\":\"https:\/\/secure.gravatar.com\/avatar\/2dce5ddd34b8fef0180efe03aa2a9bee7d953856048f9a16b298190a3178407c?s=96&d=mm&r=g\",\"contentUrl\":\"https:\/\/secure.gravatar.com\/avatar\/2dce5ddd34b8fef0180efe03aa2a9bee7d953856048f9a16b298190a3178407c?s=96&d=mm&r=g\",\"caption\":\"LA REDACTION\"},\"url\":\"https:\/\/www.public.sn\/index.php\/author\/editeurpsn\/\"}]}<\/script>\n<!-- \/ Yoast SEO plugin. -->","yoast_head_json":{"title":"Urgent\u00a0: Des personnes mal intentionn\u00e9es vol les c\u00e2bles du BRT. - LE PUBLIC","robots":{"index":"index","follow":"follow","max-snippet":"max-snippet:-1","max-image-preview":"max-image-preview:large","max-video-preview":"max-video-preview:-1"},"canonical":"https:\/\/www.public.sn\/index.php\/2022\/10\/17\/urgent-des-personnes-mal-intentionnees-vol-les-cables-du-brt\/","og_locale":"fr_FR","og_type":"article","og_title":"Urgent\u00a0: Des personnes mal intentionn\u00e9es vol les c\u00e2bles du BRT. - LE PUBLIC","og_description":"Le projet BRT s\u2019inscrit dans une vision\u00a0 de projet urbain global \u00e0 utilit\u00e9 public. Il constitue une r\u00e9elle opportunit\u00e9 de transformation qualitative de la physionomie de Dakar de remodeler les espaces publics aux standards internationaux, d\u2019encourager les modes actifs et de restructurer le r\u00e9seau des transports en commun dans son ensemble. Le projet BRT contribuera \u00e0 la concr\u00e9tisation d\u2019un double objectif de\u00a0 mettre fin \u00e0 l\u2019extr\u00eame pauvret\u00e9 et de promouvoir une prosp\u00e9rit\u00e9 partag\u00e9e en am\u00e9liorant l\u2019acc\u00e8s \u00e0 l\u2019emploi et aux march\u00e9s par la mise en place d\u2019un r\u00e9seau de transport collectif efficace avec un rapport qualit\u00e9 prix satisfaisant.\u00a0 Selon IRadio, Des personnes malintentionn\u00e9es ont sectionn\u00e9s les c\u00e2bles du BRT. Les malfaiteurs n\u2019ont pas jusque l\u00e0 \u00e9t\u00e9 arr\u00eat\u00e9s par la police. \u00a0Les populations riveraines se plaignent de l\u2019absence de s\u00e9curit\u00e9 sur les lieux. \u00ab J\u2019\u00e9tais en train de sortir mes bagages et c\u2019est l\u00e0 que la voisine m\u2019a appel\u00e9 pour me dire qu\u2019il y\u2019avait des personnes en train de couper les c\u00e2bles. C\u2019est l\u00e0 que la police a \u00e9t\u00e9 alert\u00e9e et ils ont pris la poudre d\u2019escampette .Ils ont laiss\u00e9 un sac juste sous ma fen\u00eatre. J\u2019\u00e9tais en train de veiller sur les affaires de ma voisine quand j\u2019ai vu une personne venir r\u00e9cup\u00e9rer le sac contenant des c\u00e2bles, j\u2019ai alert\u00e9 le voisinage. Il y a trop d\u2019ins\u00e9curit\u00e9 par ici \u00bb, explique Fatou Dia un t\u00e9moin des faits. Les riverains d\u00e9plorent cette situation et d\u00e9noncent l\u2019ins\u00e9curit\u00e9 totale. C\u2019est le cas de Marthe Sagna : \u00ab Moi, je suis d\u00e9sol\u00e9 qu\u2019on vole le bien public. C\u2019est vraiment dommage mais nous sommes habitu\u00e9s \u00e0 cela au S\u00e9n\u00e9gal parce que m\u00eame les bouches d\u2019\u00e9gouts on les vole \u00bb. Mame Marie THAM","og_url":"https:\/\/www.public.sn\/index.php\/2022\/10\/17\/urgent-des-personnes-mal-intentionnees-vol-les-cables-du-brt\/","og_site_name":"LE PUBLIC","article_published_time":"2022-10-17T14:16:22+00:00","article_modified_time":"2022-10-17T14:16:25+00:00","og_image":[{"width":309,"height":163,"url":"https:\/\/www.public.sn\/wp-content\/uploads\/2022\/10\/cable.jpg","type":"image\/jpeg"}],"author":"LA REDACTION","twitter_card":"summary_large_image","twitter_misc":{"\u00c9crit par":"LA REDACTION","Dur\u00e9e de lecture estim\u00e9e":"2 minutes"},"schema":{"@context":"https:\/\/schema.org","@graph":[{"@type":"Article","@id":"https:\/\/www.public.sn\/index.php\/2022\/10\/17\/urgent-des-personnes-mal-intentionnees-vol-les-cables-du-brt\/#article","isPartOf":{"@id":"https:\/\/www.public.sn\/index.php\/2022\/10\/17\/urgent-des-personnes-mal-intentionnees-vol-les-cables-du-brt\/"},"author":{"name":"LA REDACTION","@id":"https:\/\/www.public.sn\/#\/schema\/person\/cb76c8e1b8becc6be61fb5e92d6d0224"},"headline":"Urgent\u00a0: Des personnes mal intentionn\u00e9es vol les c\u00e2bles du BRT.","datePublished":"2022-10-17T14:16:22+00:00","dateModified":"2022-10-17T14:16:25+00:00","mainEntityOfPage":{"@id":"https:\/\/www.public.sn\/index.php\/2022\/10\/17\/urgent-des-personnes-mal-intentionnees-vol-les-cables-du-brt\/"},"wordCount":336,"commentCount":0,"publisher":{"@id":"https:\/\/www.public.sn\/#organization"},"image":{"@id":"https:\/\/www.public.sn\/index.php\/2022\/10\/17\/urgent-des-personnes-mal-intentionnees-vol-les-cables-du-brt\/#primaryimage"},"thumbnailUrl":"https:\/\/www.public.sn\/wp-content\/uploads\/2022\/10\/cable.jpg","keywords":["BRT","cable","Vol"],"articleSection":["ACTUALIT\u00c9S","S\u00c9N\u00c9GAL","SOCIETE"],"inLanguage":"fr-FR","potentialAction":[{"@type":"CommentAction","name":"Comment","target":["https:\/\/www.public.sn\/index.php\/2022\/10\/17\/urgent-des-personnes-mal-intentionnees-vol-les-cables-du-brt\/#respond"]}]},{"@type":"WebPage","@id":"https:\/\/www.public.sn\/index.php\/2022\/10\/17\/urgent-des-personnes-mal-intentionnees-vol-les-cables-du-brt\/","url":"https:\/\/www.public.sn\/index.php\/2022\/10\/17\/urgent-des-personnes-mal-intentionnees-vol-les-cables-du-brt\/","name":"Urgent\u00a0: Des personnes mal intentionn\u00e9es vol les c\u00e2bles du BRT. - LE PUBLIC","isPartOf":{"@id":"https:\/\/www.public.sn\/#website"},"primaryImageOfPage":{"@id":"https:\/\/www.public.sn\/index.php\/2022\/10\/17\/urgent-des-personnes-mal-intentionnees-vol-les-cables-du-brt\/#primaryimage"},"image":{"@id":"https:\/\/www.public.sn\/index.php\/2022\/10\/17\/urgent-des-personnes-mal-intentionnees-vol-les-cables-du-brt\/#primaryimage"},"thumbnailUrl":"https:\/\/www.public.sn\/wp-content\/uploads\/2022\/10\/cable.jpg","datePublished":"2022-10-17T14:16:22+00:00","dateModified":"2022-10-17T14:16:25+00:00","breadcrumb":{"@id":"https:\/\/www.public.sn\/index.php\/2022\/10\/17\/urgent-des-personnes-mal-intentionnees-vol-les-cables-du-brt\/#breadcrumb"},"inLanguage":"fr-FR","potentialAction":[{"@type":"ReadAction","target":["https:\/\/www.public.sn\/index.php\/2022\/10\/17\/urgent-des-personnes-mal-intentionnees-vol-les-cables-du-brt\/"]}]},{"@type":"ImageObject","inLanguage":"fr-FR","@id":"https:\/\/www.public.sn\/index.php\/2022\/10\/17\/urgent-des-personnes-mal-intentionnees-vol-les-cables-du-brt\/#primaryimage","url":"https:\/\/www.public.sn\/wp-content\/uploads\/2022\/10\/cable.jpg","contentUrl":"https:\/\/www.public.sn\/wp-content\/uploads\/2022\/10\/cable.jpg","width":309,"height":163},{"@type":"BreadcrumbList","@id":"https:\/\/www.public.sn\/index.php\/2022\/10\/17\/urgent-des-personnes-mal-intentionnees-vol-les-cables-du-brt\/#breadcrumb","itemListElement":[{"@type":"ListItem","position":1,"name":"Accueil","item":"https:\/\/www.public.sn\/"},{"@type":"ListItem","position":2,"name":"Urgent\u00a0: Des personnes mal intentionn\u00e9es vol les c\u00e2bles du BRT."}]},{"@type":"WebSite","@id":"https:\/\/www.public.sn\/#website","url":"https:\/\/www.public.sn\/","name":"LE PUBLIC","description":"","publisher":{"@id":"https:\/\/www.public.sn\/#organization"},"potentialAction":[{"@type":"SearchAction","target":{"@type":"EntryPoint","urlTemplate":"https:\/\/www.public.sn\/?s={search_term_string}"},"query-input":{"@type":"PropertyValueSpecification","valueRequired":true,"valueName":"search_term_string"}}],"inLanguage":"fr-FR"},{"@type":"Organization","@id":"https:\/\/www.public.sn\/#organization","name":"LE PUBLIC","url":"https:\/\/www.public.sn\/","logo":{"@type":"ImageObject","inLanguage":"fr-FR","@id":"https:\/\/www.public.sn\/#\/schema\/logo\/image\/","url":"https:\/\/www.public.sn\/wp-content\/uploads\/2024\/05\/cropped-LOGO-PUBLIC.SN_.png","contentUrl":"https:\/\/www.public.sn\/wp-content\/uploads\/2024\/05\/cropped-LOGO-PUBLIC.SN_.png","width":682,"height":192,"caption":"LE PUBLIC"},"image":{"@id":"https:\/\/www.public.sn\/#\/schema\/logo\/image\/"}},{"@type":"Person","@id":"https:\/\/www.public.sn\/#\/schema\/person\/cb76c8e1b8becc6be61fb5e92d6d0224","name":"LA REDACTION","image":{"@type":"ImageObject","inLanguage":"fr-FR","@id":"https:\/\/www.public.sn\/#\/schema\/person\/image\/","url":"https:\/\/secure.gravatar.com\/avatar\/2dce5ddd34b8fef0180efe03aa2a9bee7d953856048f9a16b298190a3178407c?s=96&d=mm&r=g","contentUrl":"https:\/\/secure.gravatar.com\/avatar\/2dce5ddd34b8fef0180efe03aa2a9bee7d953856048f9a16b298190a3178407c?s=96&d=mm&r=g","caption":"LA REDACTION"},"url":"https:\/\/www.public.sn\/index.php\/author\/editeurpsn\/"}]}},"jetpack_featured_media_url":"https:\/\/www.public.sn\/wp-content\/uploads\/2022\/10\/cable.jpg","jetpack_sharing_enabled":true,"_links":{"self":[{"href":"https:\/\/www.public.sn\/index.php\/wp-json\/wp\/v2\/posts\/4911","targetHints":{"allow":["GET"]}}],"collection":[{"href":"https:\/\/www.public.sn\/index.php\/wp-json\/wp\/v2\/posts"}],"about":[{"href":"https:\/\/www.public.sn\/index.php\/wp-json\/wp\/v2\/types\/post"}],"author":[{"embeddable":true,"href":"https:\/\/www.public.sn\/index.php\/wp-json\/wp\/v2\/users\/7"}],"replies":[{"embeddable":true,"href":"https:\/\/www.public.sn\/index.php\/wp-json\/wp\/v2\/comments?post=4911"}],"version-history":[{"count":2,"href":"https:\/\/www.public.sn\/index.php\/wp-json\/wp\/v2\/posts\/4911\/revisions"}],"predecessor-version":[{"id":4914,"href":"https:\/\/www.public.sn\/index.php\/wp-json\/wp\/v2\/posts\/4911\/revisions\/4914"}],"wp:featuredmedia":[{"embeddable":true,"href":"https:\/\/www.public.sn\/index.php\/wp-json\/wp\/v2\/media\/4912"}],"wp:attachment":[{"href":"https:\/\/www.public.sn\/index.php\/wp-json\/wp\/v2\/media?parent=4911"}],"wp:term":[{"taxonomy":"category","embeddable":true,"href":"https:\/\/www.public.sn\/index.php\/wp-json\/wp\/v2\/categories?post=4911"},{"taxonomy":"post_tag","embeddable":true,"href":"https:\/\/www.public.sn\/index.php\/wp-json\/wp\/v2\/tags?post=4911"}],"curies":[{"name":"wp","href":"https:\/\/api.w.org\/{rel}","templated":true}]}}