{"id":4933,"date":"2022-10-17T16:10:34","date_gmt":"2022-10-17T16:10:34","guid":{"rendered":"https:\/\/www.public.sn\/?p=4933"},"modified":"2022-10-17T16:12:58","modified_gmt":"2022-10-17T16:12:58","slug":"prives-deau-depuis-2-mois-les-profs-de-lpa-boycottent-les-cours","status":"publish","type":"post","link":"https:\/\/www.public.sn\/index.php\/2022\/10\/17\/prives-deau-depuis-2-mois-les-profs-de-lpa-boycottent-les-cours\/","title":{"rendered":"Priv\u00e9s d\u2019eau depuis 2 mois, les profs de LPA boycottent les cours."},"content":{"rendered":"\n<p><br><br>Le mot d\u2019ordre de gr\u00e8ve est maintenu au lyc\u00e9e Seydina Issa Rouhou Lahi des Parcelles Assainies (ex LPA). Les professeurs n&rsquo;entendent pas regagner les cours tant que le probl\u00e8me du ravitaillement en eau n&rsquo;est pas solutionn\u00e9.<br> <br><br>Le collectif des professeurs lyc\u00e9e Seydina Issa Rouhou Lahi des Parcelles Assainies (ex LPA) et le conseil de gestion dudit lyc\u00e9e poursuivent la lutte. Depuis deux mois le lyc\u00e9e est priv\u00e9 d\u2019eau et cette situation est intenable. Le manque d\u2019eau serait caus\u00e9 par les travaux du BRT. <\/p><div class=\"publi-paragraphe1\" style=\"margin-top: 10px;margin-bottom: 10px;margin-left: auto;margin-right: auto;text-align: center;\" id=\"publi-4092491211\"><div class=\"publi-adlabel\">Publicit\u00e9<\/div><script async src=\"\/\/pagead2.googlesyndication.com\/pagead\/js\/adsbygoogle.js?client=ca-pub-4089586018074219\" crossorigin=\"anonymous\"><\/script><ins class=\"adsbygoogle\" style=\"display:block;\" data-ad-client=\"ca-pub-4089586018074219\" \ndata-ad-slot=\"2087940154\" \ndata-ad-format=\"auto\"><\/ins>\n<script> \n(adsbygoogle = window.adsbygoogle || []).push({}); \n<\/script>\n<\/div>\n\n\n\n<p><\/p>\n\n\n\n<p>Mamadou Abou Diallo,  le porte parole du mouvement avance que le mot d\u2019ordre sera maintenu tant que ce probl\u00e8me ne sera pas r\u00e9gl\u00e9. Les professeurs ont ainsi d\u00e9cid\u00e9 de suspendre les cours en attendant qu\u2019une solution soit trouv\u00e9e.<br>Par ailleurs, le collectif lance un appel aux autorit\u00e9s comp\u00e9tentes pour qu\u2019elles r\u00e9agissent afin que la situation puisse \u00eatre d\u00e9cant\u00e9e.<br><br>Samba SY.<br><\/p>\n<div class=\"publi-apres-le-contenu\" style=\"margin-top: 10px;margin-bottom: 10px;margin-left: auto;margin-right: auto;text-align: center;\" id=\"publi-951321049\"><div class=\"publi-adlabel\">Publicit\u00e9<\/div><script async src=\"\/\/pagead2.googlesyndication.com\/pagead\/js\/adsbygoogle.js?client=ca-pub-4089586018074219\" crossorigin=\"anonymous\"><\/script><ins class=\"adsbygoogle\" style=\"display:block;\" data-ad-client=\"ca-pub-4089586018074219\" \ndata-ad-slot=\"2087940154\" \ndata-ad-format=\"auto\"><\/ins>\n<script> \n(adsbygoogle = window.adsbygoogle || []).push({}); \n<\/script>\n<\/div>","protected":false},"excerpt":{"rendered":"<p>Le mot d\u2019ordre de gr\u00e8ve est maintenu au lyc\u00e9e Seydina Issa Rouhou Lahi des Parcelles Assainies (ex LPA). Les professeurs n&rsquo;entendent pas regagner les cours tant que le probl\u00e8me du ravitaillement en eau n&rsquo;est pas solutionn\u00e9. Le collectif des professeurs lyc\u00e9e Seydina Issa Rouhou Lahi des Parcelles Assainies (ex LPA) et le conseil de gestion dudit lyc\u00e9e poursuivent la lutte. Depuis deux mois le lyc\u00e9e est priv\u00e9 d\u2019eau et cette situation est intenable. Le manque d\u2019eau serait caus\u00e9 par les travaux du BRT. Mamadou Abou Diallo, le porte parole du mouvement avance que le mot d\u2019ordre sera maintenu tant que ce probl\u00e8me ne sera pas r\u00e9gl\u00e9. Les professeurs ont ainsi d\u00e9cid\u00e9 de suspendre les cours en attendant qu\u2019une solution soit trouv\u00e9e.Par ailleurs, le collectif lance un appel aux autorit\u00e9s comp\u00e9tentes pour qu\u2019elles r\u00e9agissent afin que la situation puisse \u00eatre d\u00e9cant\u00e9e. Samba SY.<\/p>\n","protected":false},"author":7,"featured_media":4939,"comment_status":"open","ping_status":"open","sticky":false,"template":"","format":"standard","meta":{"_jetpack_memberships_contains_paid_content":false,"footnotes":""},"categories":[375,854,1],"tags":[1629,1630,1631],"class_list":["post-4933","post","type-post","status-publish","format-standard","has-post-thumbnail","hentry","category-actualites","category-education","category-non-classe","tag-education-2","tag-lpa","tag-manque-deau","entry","has-media","owp-thumbs-layout-horizontal","owp-btn-normal","owp-tabs-layout-horizontal","has-no-thumbnails","has-product-nav"],"yoast_head":"<!-- This site is optimized with the Yoast SEO plugin v25.5 - https:\/\/yoast.com\/wordpress\/plugins\/seo\/ -->\n<title>Priv\u00e9s d\u2019eau depuis 2 mois, les profs de LPA boycottent les cours. - LE PUBLIC<\/title>\n<meta name=\"robots\" content=\"index, follow, max-snippet:-1, max-image-preview:large, max-video-preview:-1\" \/>\n<link rel=\"canonical\" href=\"https:\/\/www.public.sn\/index.php\/2022\/10\/17\/prives-deau-depuis-2-mois-les-profs-de-lpa-boycottent-les-cours\/\" \/>\n<meta property=\"og:locale\" content=\"fr_FR\" \/>\n<meta property=\"og:type\" content=\"article\" \/>\n<meta property=\"og:title\" content=\"Priv\u00e9s d\u2019eau depuis 2 mois, les profs de LPA boycottent les cours. - LE PUBLIC\" \/>\n<meta property=\"og:description\" content=\"Le mot d\u2019ordre de gr\u00e8ve est maintenu au lyc\u00e9e Seydina Issa Rouhou Lahi des Parcelles Assainies (ex LPA). Les professeurs n&rsquo;entendent pas regagner les cours tant que le probl\u00e8me du ravitaillement en eau n&rsquo;est pas solutionn\u00e9. Le collectif des professeurs lyc\u00e9e Seydina Issa Rouhou Lahi des Parcelles Assainies (ex LPA) et le conseil de gestion dudit lyc\u00e9e poursuivent la lutte. Depuis deux mois le lyc\u00e9e est priv\u00e9 d\u2019eau et cette situation est intenable. Le manque d\u2019eau serait caus\u00e9 par les travaux du BRT. Mamadou Abou Diallo, le porte parole du mouvement avance que le mot d\u2019ordre sera maintenu tant que ce probl\u00e8me ne sera pas r\u00e9gl\u00e9. Les professeurs ont ainsi d\u00e9cid\u00e9 de suspendre les cours en attendant qu\u2019une solution soit trouv\u00e9e.Par ailleurs, le collectif lance un appel aux autorit\u00e9s comp\u00e9tentes pour qu\u2019elles r\u00e9agissent afin que la situation puisse \u00eatre d\u00e9cant\u00e9e. Samba SY.\" \/>\n<meta property=\"og:url\" content=\"https:\/\/www.public.sn\/index.php\/2022\/10\/17\/prives-deau-depuis-2-mois-les-profs-de-lpa-boycottent-les-cours\/\" \/>\n<meta property=\"og:site_name\" content=\"LE PUBLIC\" \/>\n<meta property=\"article:published_time\" content=\"2022-10-17T16:10:34+00:00\" \/>\n<meta property=\"article:modified_time\" content=\"2022-10-17T16:12:58+00:00\" \/>\n<meta property=\"og:image\" content=\"https:\/\/www.public.sn\/wp-content\/uploads\/2022\/10\/LYCEE-LPA.jpg\" \/>\n\t<meta property=\"og:image:width\" content=\"1000\" \/>\n\t<meta property=\"og:image:height\" content=\"471\" \/>\n\t<meta property=\"og:image:type\" content=\"image\/jpeg\" \/>\n<meta name=\"author\" content=\"LA REDACTION\" \/>\n<meta name=\"twitter:card\" content=\"summary_large_image\" \/>\n<meta name=\"twitter:label1\" content=\"\u00c9crit par\" \/>\n\t<meta name=\"twitter:data1\" content=\"LA REDACTION\" \/>\n\t<meta name=\"twitter:label2\" content=\"Dur\u00e9e de lecture estim\u00e9e\" \/>\n\t<meta name=\"twitter:data2\" content=\"1 minute\" \/>\n<script type=\"application\/ld+json\" class=\"yoast-schema-graph\">{\"@context\":\"https:\/\/schema.org\",\"@graph\":[{\"@type\":\"Article\",\"@id\":\"https:\/\/www.public.sn\/index.php\/2022\/10\/17\/prives-deau-depuis-2-mois-les-profs-de-lpa-boycottent-les-cours\/#article\",\"isPartOf\":{\"@id\":\"https:\/\/www.public.sn\/index.php\/2022\/10\/17\/prives-deau-depuis-2-mois-les-profs-de-lpa-boycottent-les-cours\/\"},\"author\":{\"name\":\"LA REDACTION\",\"@id\":\"https:\/\/www.public.sn\/#\/schema\/person\/cb76c8e1b8becc6be61fb5e92d6d0224\"},\"headline\":\"Priv\u00e9s d\u2019eau depuis 2 mois, les profs de LPA boycottent les cours.\",\"datePublished\":\"2022-10-17T16:10:34+00:00\",\"dateModified\":\"2022-10-17T16:12:58+00:00\",\"mainEntityOfPage\":{\"@id\":\"https:\/\/www.public.sn\/index.php\/2022\/10\/17\/prives-deau-depuis-2-mois-les-profs-de-lpa-boycottent-les-cours\/\"},\"wordCount\":177,\"commentCount\":0,\"publisher\":{\"@id\":\"https:\/\/www.public.sn\/#organization\"},\"image\":{\"@id\":\"https:\/\/www.public.sn\/index.php\/2022\/10\/17\/prives-deau-depuis-2-mois-les-profs-de-lpa-boycottent-les-cours\/#primaryimage\"},\"thumbnailUrl\":\"https:\/\/www.public.sn\/wp-content\/uploads\/2022\/10\/LYCEE-LPA.jpg\",\"keywords\":[\"education\",\"lpa\",\"manque d&#039;eau\"],\"articleSection\":[\"ACTUALIT\u00c9S\",\"\u00c9DUCATION\",\"S\u00c9N\u00c9GAL\"],\"inLanguage\":\"fr-FR\",\"potentialAction\":[{\"@type\":\"CommentAction\",\"name\":\"Comment\",\"target\":[\"https:\/\/www.public.sn\/index.php\/2022\/10\/17\/prives-deau-depuis-2-mois-les-profs-de-lpa-boycottent-les-cours\/#respond\"]}]},{\"@type\":\"WebPage\",\"@id\":\"https:\/\/www.public.sn\/index.php\/2022\/10\/17\/prives-deau-depuis-2-mois-les-profs-de-lpa-boycottent-les-cours\/\",\"url\":\"https:\/\/www.public.sn\/index.php\/2022\/10\/17\/prives-deau-depuis-2-mois-les-profs-de-lpa-boycottent-les-cours\/\",\"name\":\"Priv\u00e9s d\u2019eau depuis 2 mois, les profs de LPA boycottent les cours. - LE PUBLIC\",\"isPartOf\":{\"@id\":\"https:\/\/www.public.sn\/#website\"},\"primaryImageOfPage\":{\"@id\":\"https:\/\/www.public.sn\/index.php\/2022\/10\/17\/prives-deau-depuis-2-mois-les-profs-de-lpa-boycottent-les-cours\/#primaryimage\"},\"image\":{\"@id\":\"https:\/\/www.public.sn\/index.php\/2022\/10\/17\/prives-deau-depuis-2-mois-les-profs-de-lpa-boycottent-les-cours\/#primaryimage\"},\"thumbnailUrl\":\"https:\/\/www.public.sn\/wp-content\/uploads\/2022\/10\/LYCEE-LPA.jpg\",\"datePublished\":\"2022-10-17T16:10:34+00:00\",\"dateModified\":\"2022-10-17T16:12:58+00:00\",\"breadcrumb\":{\"@id\":\"https:\/\/www.public.sn\/index.php\/2022\/10\/17\/prives-deau-depuis-2-mois-les-profs-de-lpa-boycottent-les-cours\/#breadcrumb\"},\"inLanguage\":\"fr-FR\",\"potentialAction\":[{\"@type\":\"ReadAction\",\"target\":[\"https:\/\/www.public.sn\/index.php\/2022\/10\/17\/prives-deau-depuis-2-mois-les-profs-de-lpa-boycottent-les-cours\/\"]}]},{\"@type\":\"ImageObject\",\"inLanguage\":\"fr-FR\",\"@id\":\"https:\/\/www.public.sn\/index.php\/2022\/10\/17\/prives-deau-depuis-2-mois-les-profs-de-lpa-boycottent-les-cours\/#primaryimage\",\"url\":\"https:\/\/www.public.sn\/wp-content\/uploads\/2022\/10\/LYCEE-LPA.jpg\",\"contentUrl\":\"https:\/\/www.public.sn\/wp-content\/uploads\/2022\/10\/LYCEE-LPA.jpg\",\"width\":1000,\"height\":471,\"caption\":\"publicsn\"},{\"@type\":\"BreadcrumbList\",\"@id\":\"https:\/\/www.public.sn\/index.php\/2022\/10\/17\/prives-deau-depuis-2-mois-les-profs-de-lpa-boycottent-les-cours\/#breadcrumb\",\"itemListElement\":[{\"@type\":\"ListItem\",\"position\":1,\"name\":\"Accueil\",\"item\":\"https:\/\/www.public.sn\/\"},{\"@type\":\"ListItem\",\"position\":2,\"name\":\"Priv\u00e9s d\u2019eau depuis 2 mois, les profs de LPA boycottent les cours.\"}]},{\"@type\":\"WebSite\",\"@id\":\"https:\/\/www.public.sn\/#website\",\"url\":\"https:\/\/www.public.sn\/\",\"name\":\"LE PUBLIC\",\"description\":\"\",\"publisher\":{\"@id\":\"https:\/\/www.public.sn\/#organization\"},\"potentialAction\":[{\"@type\":\"SearchAction\",\"target\":{\"@type\":\"EntryPoint\",\"urlTemplate\":\"https:\/\/www.public.sn\/?s={search_term_string}\"},\"query-input\":{\"@type\":\"PropertyValueSpecification\",\"valueRequired\":true,\"valueName\":\"search_term_string\"}}],\"inLanguage\":\"fr-FR\"},{\"@type\":\"Organization\",\"@id\":\"https:\/\/www.public.sn\/#organization\",\"name\":\"LE PUBLIC\",\"url\":\"https:\/\/www.public.sn\/\",\"logo\":{\"@type\":\"ImageObject\",\"inLanguage\":\"fr-FR\",\"@id\":\"https:\/\/www.public.sn\/#\/schema\/logo\/image\/\",\"url\":\"https:\/\/www.public.sn\/wp-content\/uploads\/2024\/05\/cropped-LOGO-PUBLIC.SN_.png\",\"contentUrl\":\"https:\/\/www.public.sn\/wp-content\/uploads\/2024\/05\/cropped-LOGO-PUBLIC.SN_.png\",\"width\":682,\"height\":192,\"caption\":\"LE PUBLIC\"},\"image\":{\"@id\":\"https:\/\/www.public.sn\/#\/schema\/logo\/image\/\"}},{\"@type\":\"Person\",\"@id\":\"https:\/\/www.public.sn\/#\/schema\/person\/cb76c8e1b8becc6be61fb5e92d6d0224\",\"name\":\"LA REDACTION\",\"image\":{\"@type\":\"ImageObject\",\"inLanguage\":\"fr-FR\",\"@id\":\"https:\/\/www.public.sn\/#\/schema\/person\/image\/\",\"url\":\"https:\/\/secure.gravatar.com\/avatar\/2dce5ddd34b8fef0180efe03aa2a9bee7d953856048f9a16b298190a3178407c?s=96&d=mm&r=g\",\"contentUrl\":\"https:\/\/secure.gravatar.com\/avatar\/2dce5ddd34b8fef0180efe03aa2a9bee7d953856048f9a16b298190a3178407c?s=96&d=mm&r=g\",\"caption\":\"LA REDACTION\"},\"url\":\"https:\/\/www.public.sn\/index.php\/author\/editeurpsn\/\"}]}<\/script>\n<!-- \/ Yoast SEO plugin. -->","yoast_head_json":{"title":"Priv\u00e9s d\u2019eau depuis 2 mois, les profs de LPA boycottent les cours. - LE PUBLIC","robots":{"index":"index","follow":"follow","max-snippet":"max-snippet:-1","max-image-preview":"max-image-preview:large","max-video-preview":"max-video-preview:-1"},"canonical":"https:\/\/www.public.sn\/index.php\/2022\/10\/17\/prives-deau-depuis-2-mois-les-profs-de-lpa-boycottent-les-cours\/","og_locale":"fr_FR","og_type":"article","og_title":"Priv\u00e9s d\u2019eau depuis 2 mois, les profs de LPA boycottent les cours. - LE PUBLIC","og_description":"Le mot d\u2019ordre de gr\u00e8ve est maintenu au lyc\u00e9e Seydina Issa Rouhou Lahi des Parcelles Assainies (ex LPA). Les professeurs n&rsquo;entendent pas regagner les cours tant que le probl\u00e8me du ravitaillement en eau n&rsquo;est pas solutionn\u00e9. Le collectif des professeurs lyc\u00e9e Seydina Issa Rouhou Lahi des Parcelles Assainies (ex LPA) et le conseil de gestion dudit lyc\u00e9e poursuivent la lutte. Depuis deux mois le lyc\u00e9e est priv\u00e9 d\u2019eau et cette situation est intenable. Le manque d\u2019eau serait caus\u00e9 par les travaux du BRT. Mamadou Abou Diallo, le porte parole du mouvement avance que le mot d\u2019ordre sera maintenu tant que ce probl\u00e8me ne sera pas r\u00e9gl\u00e9. Les professeurs ont ainsi d\u00e9cid\u00e9 de suspendre les cours en attendant qu\u2019une solution soit trouv\u00e9e.Par ailleurs, le collectif lance un appel aux autorit\u00e9s comp\u00e9tentes pour qu\u2019elles r\u00e9agissent afin que la situation puisse \u00eatre d\u00e9cant\u00e9e. Samba SY.","og_url":"https:\/\/www.public.sn\/index.php\/2022\/10\/17\/prives-deau-depuis-2-mois-les-profs-de-lpa-boycottent-les-cours\/","og_site_name":"LE PUBLIC","article_published_time":"2022-10-17T16:10:34+00:00","article_modified_time":"2022-10-17T16:12:58+00:00","og_image":[{"width":1000,"height":471,"url":"https:\/\/www.public.sn\/wp-content\/uploads\/2022\/10\/LYCEE-LPA.jpg","type":"image\/jpeg"}],"author":"LA REDACTION","twitter_card":"summary_large_image","twitter_misc":{"\u00c9crit par":"LA REDACTION","Dur\u00e9e de lecture estim\u00e9e":"1 minute"},"schema":{"@context":"https:\/\/schema.org","@graph":[{"@type":"Article","@id":"https:\/\/www.public.sn\/index.php\/2022\/10\/17\/prives-deau-depuis-2-mois-les-profs-de-lpa-boycottent-les-cours\/#article","isPartOf":{"@id":"https:\/\/www.public.sn\/index.php\/2022\/10\/17\/prives-deau-depuis-2-mois-les-profs-de-lpa-boycottent-les-cours\/"},"author":{"name":"LA REDACTION","@id":"https:\/\/www.public.sn\/#\/schema\/person\/cb76c8e1b8becc6be61fb5e92d6d0224"},"headline":"Priv\u00e9s d\u2019eau depuis 2 mois, les profs de LPA boycottent les cours.","datePublished":"2022-10-17T16:10:34+00:00","dateModified":"2022-10-17T16:12:58+00:00","mainEntityOfPage":{"@id":"https:\/\/www.public.sn\/index.php\/2022\/10\/17\/prives-deau-depuis-2-mois-les-profs-de-lpa-boycottent-les-cours\/"},"wordCount":177,"commentCount":0,"publisher":{"@id":"https:\/\/www.public.sn\/#organization"},"image":{"@id":"https:\/\/www.public.sn\/index.php\/2022\/10\/17\/prives-deau-depuis-2-mois-les-profs-de-lpa-boycottent-les-cours\/#primaryimage"},"thumbnailUrl":"https:\/\/www.public.sn\/wp-content\/uploads\/2022\/10\/LYCEE-LPA.jpg","keywords":["education","lpa","manque d&#039;eau"],"articleSection":["ACTUALIT\u00c9S","\u00c9DUCATION","S\u00c9N\u00c9GAL"],"inLanguage":"fr-FR","potentialAction":[{"@type":"CommentAction","name":"Comment","target":["https:\/\/www.public.sn\/index.php\/2022\/10\/17\/prives-deau-depuis-2-mois-les-profs-de-lpa-boycottent-les-cours\/#respond"]}]},{"@type":"WebPage","@id":"https:\/\/www.public.sn\/index.php\/2022\/10\/17\/prives-deau-depuis-2-mois-les-profs-de-lpa-boycottent-les-cours\/","url":"https:\/\/www.public.sn\/index.php\/2022\/10\/17\/prives-deau-depuis-2-mois-les-profs-de-lpa-boycottent-les-cours\/","name":"Priv\u00e9s d\u2019eau depuis 2 mois, les profs de LPA boycottent les cours. - LE PUBLIC","isPartOf":{"@id":"https:\/\/www.public.sn\/#website"},"primaryImageOfPage":{"@id":"https:\/\/www.public.sn\/index.php\/2022\/10\/17\/prives-deau-depuis-2-mois-les-profs-de-lpa-boycottent-les-cours\/#primaryimage"},"image":{"@id":"https:\/\/www.public.sn\/index.php\/2022\/10\/17\/prives-deau-depuis-2-mois-les-profs-de-lpa-boycottent-les-cours\/#primaryimage"},"thumbnailUrl":"https:\/\/www.public.sn\/wp-content\/uploads\/2022\/10\/LYCEE-LPA.jpg","datePublished":"2022-10-17T16:10:34+00:00","dateModified":"2022-10-17T16:12:58+00:00","breadcrumb":{"@id":"https:\/\/www.public.sn\/index.php\/2022\/10\/17\/prives-deau-depuis-2-mois-les-profs-de-lpa-boycottent-les-cours\/#breadcrumb"},"inLanguage":"fr-FR","potentialAction":[{"@type":"ReadAction","target":["https:\/\/www.public.sn\/index.php\/2022\/10\/17\/prives-deau-depuis-2-mois-les-profs-de-lpa-boycottent-les-cours\/"]}]},{"@type":"ImageObject","inLanguage":"fr-FR","@id":"https:\/\/www.public.sn\/index.php\/2022\/10\/17\/prives-deau-depuis-2-mois-les-profs-de-lpa-boycottent-les-cours\/#primaryimage","url":"https:\/\/www.public.sn\/wp-content\/uploads\/2022\/10\/LYCEE-LPA.jpg","contentUrl":"https:\/\/www.public.sn\/wp-content\/uploads\/2022\/10\/LYCEE-LPA.jpg","width":1000,"height":471,"caption":"publicsn"},{"@type":"BreadcrumbList","@id":"https:\/\/www.public.sn\/index.php\/2022\/10\/17\/prives-deau-depuis-2-mois-les-profs-de-lpa-boycottent-les-cours\/#breadcrumb","itemListElement":[{"@type":"ListItem","position":1,"name":"Accueil","item":"https:\/\/www.public.sn\/"},{"@type":"ListItem","position":2,"name":"Priv\u00e9s d\u2019eau depuis 2 mois, les profs de LPA boycottent les cours."}]},{"@type":"WebSite","@id":"https:\/\/www.public.sn\/#website","url":"https:\/\/www.public.sn\/","name":"LE PUBLIC","description":"","publisher":{"@id":"https:\/\/www.public.sn\/#organization"},"potentialAction":[{"@type":"SearchAction","target":{"@type":"EntryPoint","urlTemplate":"https:\/\/www.public.sn\/?s={search_term_string}"},"query-input":{"@type":"PropertyValueSpecification","valueRequired":true,"valueName":"search_term_string"}}],"inLanguage":"fr-FR"},{"@type":"Organization","@id":"https:\/\/www.public.sn\/#organization","name":"LE PUBLIC","url":"https:\/\/www.public.sn\/","logo":{"@type":"ImageObject","inLanguage":"fr-FR","@id":"https:\/\/www.public.sn\/#\/schema\/logo\/image\/","url":"https:\/\/www.public.sn\/wp-content\/uploads\/2024\/05\/cropped-LOGO-PUBLIC.SN_.png","contentUrl":"https:\/\/www.public.sn\/wp-content\/uploads\/2024\/05\/cropped-LOGO-PUBLIC.SN_.png","width":682,"height":192,"caption":"LE PUBLIC"},"image":{"@id":"https:\/\/www.public.sn\/#\/schema\/logo\/image\/"}},{"@type":"Person","@id":"https:\/\/www.public.sn\/#\/schema\/person\/cb76c8e1b8becc6be61fb5e92d6d0224","name":"LA REDACTION","image":{"@type":"ImageObject","inLanguage":"fr-FR","@id":"https:\/\/www.public.sn\/#\/schema\/person\/image\/","url":"https:\/\/secure.gravatar.com\/avatar\/2dce5ddd34b8fef0180efe03aa2a9bee7d953856048f9a16b298190a3178407c?s=96&d=mm&r=g","contentUrl":"https:\/\/secure.gravatar.com\/avatar\/2dce5ddd34b8fef0180efe03aa2a9bee7d953856048f9a16b298190a3178407c?s=96&d=mm&r=g","caption":"LA REDACTION"},"url":"https:\/\/www.public.sn\/index.php\/author\/editeurpsn\/"}]}},"jetpack_featured_media_url":"https:\/\/www.public.sn\/wp-content\/uploads\/2022\/10\/LYCEE-LPA.jpg","jetpack_sharing_enabled":true,"_links":{"self":[{"href":"https:\/\/www.public.sn\/index.php\/wp-json\/wp\/v2\/posts\/4933","targetHints":{"allow":["GET"]}}],"collection":[{"href":"https:\/\/www.public.sn\/index.php\/wp-json\/wp\/v2\/posts"}],"about":[{"href":"https:\/\/www.public.sn\/index.php\/wp-json\/wp\/v2\/types\/post"}],"author":[{"embeddable":true,"href":"https:\/\/www.public.sn\/index.php\/wp-json\/wp\/v2\/users\/7"}],"replies":[{"embeddable":true,"href":"https:\/\/www.public.sn\/index.php\/wp-json\/wp\/v2\/comments?post=4933"}],"version-history":[{"count":3,"href":"https:\/\/www.public.sn\/index.php\/wp-json\/wp\/v2\/posts\/4933\/revisions"}],"predecessor-version":[{"id":4941,"href":"https:\/\/www.public.sn\/index.php\/wp-json\/wp\/v2\/posts\/4933\/revisions\/4941"}],"wp:featuredmedia":[{"embeddable":true,"href":"https:\/\/www.public.sn\/index.php\/wp-json\/wp\/v2\/media\/4939"}],"wp:attachment":[{"href":"https:\/\/www.public.sn\/index.php\/wp-json\/wp\/v2\/media?parent=4933"}],"wp:term":[{"taxonomy":"category","embeddable":true,"href":"https:\/\/www.public.sn\/index.php\/wp-json\/wp\/v2\/categories?post=4933"},{"taxonomy":"post_tag","embeddable":true,"href":"https:\/\/www.public.sn\/index.php\/wp-json\/wp\/v2\/tags?post=4933"}],"curies":[{"name":"wp","href":"https:\/\/api.w.org\/{rel}","templated":true}]}}