{"id":494,"date":"2022-08-23T16:07:12","date_gmt":"2022-08-23T14:07:12","guid":{"rendered":"https:\/\/www.public.sn\/?p=494"},"modified":"2022-08-23T16:07:42","modified_gmt":"2022-08-23T14:07:42","slug":"mort-de-daria-douguina-moscou-hausse-le-ton-cest-un-crime-barbare-impardonnable","status":"publish","type":"post","link":"https:\/\/www.public.sn\/index.php\/2022\/08\/23\/mort-de-daria-douguina-moscou-hausse-le-ton-cest-un-crime-barbare-impardonnable\/","title":{"rendered":"Mort de Daria Douguina : Moscou hausse le ton -\u00ab\u00a0C&rsquo;est un crime barbare impardonnable\u00a0\u00bb."},"content":{"rendered":"\n<p>Les services de s\u00e9curit\u00e9 russes ont accus\u00e9 des agents ukrainiens d\u2019avoir pi\u00e9g\u00e9 la voiture de la fille de l\u2019\u00e9crivain ultranationaliste russe Alexandre Douguine . <\/p><div class=\"publi-paragraphe1\" style=\"margin-top: 10px;margin-bottom: 10px;margin-left: auto;margin-right: auto;text-align: center;\" id=\"publi-2768006857\"><div class=\"publi-adlabel\">Publicit\u00e9<\/div><script async src=\"\/\/pagead2.googlesyndication.com\/pagead\/js\/adsbygoogle.js?client=ca-pub-4089586018074219\" crossorigin=\"anonymous\"><\/script><ins class=\"adsbygoogle\" style=\"display:block;\" data-ad-client=\"ca-pub-4089586018074219\" \ndata-ad-slot=\"2087940154\" \ndata-ad-format=\"auto\"><\/ins>\n<script> \n(adsbygoogle = window.adsbygoogle || []).push({}); \n<\/script>\n<\/div>\n\n\n\n<p>Le chef des affaires \u00e9trang\u00e8res de la Russie,\u00a0Sergue\u00ef Lavrov, a d\u00e9clar\u00e9 mardi 23 ao\u00fbt que le meurtrier de la fille d\u2019un penseur nationaliste pro-Kremlin serait\u00a0<em>\u00ab\u00a0implacable<\/em>\u00ab\u00a0. <em>\u00ab\u00a0C\u2019est un crime barbare impardonnable (\u2026). Les organisateurs, les sponsors et les artistes ne peuvent pas faire preuve de piti\u00e9\u00a0\u00bb,<\/em> a d\u00e9clar\u00e9 Sergue\u00ef Lavrov lors d\u2019une conf\u00e9rence de presse. <\/p>\n\n\n\n<p>Pour rappel, les services de s\u00e9curit\u00e9 russes ont accus\u00e9 les services secrets ukrainiens d\u2019avoir pi\u00e9g\u00e9 la voiture, mais Kyiv a ni\u00e9 toute implication.<\/p>\n\n\n\n<p><em>R\u00e9daction Public SN<\/em><\/p>\n<div class=\"publi-apres-le-contenu\" style=\"margin-top: 10px;margin-bottom: 10px;margin-left: auto;margin-right: auto;text-align: center;\" id=\"publi-3322538931\"><div class=\"publi-adlabel\">Publicit\u00e9<\/div><script async src=\"\/\/pagead2.googlesyndication.com\/pagead\/js\/adsbygoogle.js?client=ca-pub-4089586018074219\" crossorigin=\"anonymous\"><\/script><ins class=\"adsbygoogle\" style=\"display:block;\" data-ad-client=\"ca-pub-4089586018074219\" \ndata-ad-slot=\"2087940154\" \ndata-ad-format=\"auto\"><\/ins>\n<script> \n(adsbygoogle = window.adsbygoogle || []).push({}); \n<\/script>\n<\/div>","protected":false},"excerpt":{"rendered":"<p>Les services de s\u00e9curit\u00e9 russes ont accus\u00e9 des agents ukrainiens d\u2019avoir pi\u00e9g\u00e9 la voiture de la fille de l\u2019\u00e9crivain ultranationaliste russe Alexandre Douguine . Le chef des affaires \u00e9trang\u00e8res de la Russie,\u00a0Sergue\u00ef Lavrov, a d\u00e9clar\u00e9 mardi 23 ao\u00fbt que le meurtrier de la fille d\u2019un penseur nationaliste pro-Kremlin serait\u00a0\u00ab\u00a0implacable\u00ab\u00a0. \u00ab\u00a0C\u2019est un crime barbare impardonnable (\u2026). Les organisateurs, les sponsors et les artistes ne peuvent pas faire preuve de piti\u00e9\u00a0\u00bb, a d\u00e9clar\u00e9 Sergue\u00ef Lavrov lors d\u2019une conf\u00e9rence de presse. Pour rappel, les services de s\u00e9curit\u00e9 russes ont accus\u00e9 les services secrets ukrainiens d\u2019avoir pi\u00e9g\u00e9 la voiture, mais Kyiv a ni\u00e9 toute implication. R\u00e9daction Public SN<\/p>\n","protected":false},"author":1,"featured_media":495,"comment_status":"open","ping_status":"open","sticky":false,"template":"","format":"standard","meta":{"_jetpack_memberships_contains_paid_content":false,"footnotes":""},"categories":[3,4],"tags":[246,248,247,245],"class_list":["post-494","post","type-post","status-publish","format-standard","has-post-thumbnail","hentry","category-politique","category-societe","tag-lavrov","tag-meutre","tag-ukraine","tag-vladmir-poutine","entry","has-media","owp-thumbs-layout-horizontal","owp-btn-normal","owp-tabs-layout-horizontal","has-no-thumbnails","has-product-nav"],"yoast_head":"<!-- This site is optimized with the Yoast SEO plugin v25.5 - https:\/\/yoast.com\/wordpress\/plugins\/seo\/ -->\n<title>Mort de Daria Douguina : Moscou hausse le ton -&quot;C&#039;est un crime barbare impardonnable&quot;. - LE PUBLIC<\/title>\n<meta name=\"robots\" content=\"index, follow, max-snippet:-1, max-image-preview:large, max-video-preview:-1\" \/>\n<link rel=\"canonical\" href=\"https:\/\/www.public.sn\/index.php\/2022\/08\/23\/mort-de-daria-douguina-moscou-hausse-le-ton-cest-un-crime-barbare-impardonnable\/\" \/>\n<meta property=\"og:locale\" content=\"fr_FR\" \/>\n<meta property=\"og:type\" content=\"article\" \/>\n<meta property=\"og:title\" content=\"Mort de Daria Douguina : Moscou hausse le ton -&quot;C&#039;est un crime barbare impardonnable&quot;. - LE PUBLIC\" \/>\n<meta property=\"og:description\" content=\"Les services de s\u00e9curit\u00e9 russes ont accus\u00e9 des agents ukrainiens d\u2019avoir pi\u00e9g\u00e9 la voiture de la fille de l\u2019\u00e9crivain ultranationaliste russe Alexandre Douguine . Le chef des affaires \u00e9trang\u00e8res de la Russie,\u00a0Sergue\u00ef Lavrov, a d\u00e9clar\u00e9 mardi 23 ao\u00fbt que le meurtrier de la fille d\u2019un penseur nationaliste pro-Kremlin serait\u00a0\u00ab\u00a0implacable\u00ab\u00a0. \u00ab\u00a0C\u2019est un crime barbare impardonnable (\u2026). Les organisateurs, les sponsors et les artistes ne peuvent pas faire preuve de piti\u00e9\u00a0\u00bb, a d\u00e9clar\u00e9 Sergue\u00ef Lavrov lors d\u2019une conf\u00e9rence de presse. Pour rappel, les services de s\u00e9curit\u00e9 russes ont accus\u00e9 les services secrets ukrainiens d\u2019avoir pi\u00e9g\u00e9 la voiture, mais Kyiv a ni\u00e9 toute implication. R\u00e9daction Public SN\" \/>\n<meta property=\"og:url\" content=\"https:\/\/www.public.sn\/index.php\/2022\/08\/23\/mort-de-daria-douguina-moscou-hausse-le-ton-cest-un-crime-barbare-impardonnable\/\" \/>\n<meta property=\"og:site_name\" content=\"LE PUBLIC\" \/>\n<meta property=\"article:published_time\" content=\"2022-08-23T14:07:12+00:00\" \/>\n<meta property=\"article:modified_time\" content=\"2022-08-23T14:07:42+00:00\" \/>\n<meta property=\"og:image\" content=\"https:\/\/www.public.sn\/wp-content\/uploads\/2022\/08\/870x489_000_32cz2w3.jpeg\" \/>\n\t<meta property=\"og:image:width\" content=\"870\" \/>\n\t<meta property=\"og:image:height\" content=\"489\" \/>\n\t<meta property=\"og:image:type\" content=\"image\/jpeg\" \/>\n<meta name=\"author\" content=\"LA REDACTION\" \/>\n<meta name=\"twitter:card\" content=\"summary_large_image\" \/>\n<meta name=\"twitter:label1\" content=\"\u00c9crit par\" \/>\n\t<meta name=\"twitter:data1\" content=\"LA REDACTION\" \/>\n\t<meta name=\"twitter:label2\" content=\"Dur\u00e9e de lecture estim\u00e9e\" \/>\n\t<meta name=\"twitter:data2\" content=\"1 minute\" \/>\n<script type=\"application\/ld+json\" class=\"yoast-schema-graph\">{\"@context\":\"https:\/\/schema.org\",\"@graph\":[{\"@type\":\"Article\",\"@id\":\"https:\/\/www.public.sn\/index.php\/2022\/08\/23\/mort-de-daria-douguina-moscou-hausse-le-ton-cest-un-crime-barbare-impardonnable\/#article\",\"isPartOf\":{\"@id\":\"https:\/\/www.public.sn\/index.php\/2022\/08\/23\/mort-de-daria-douguina-moscou-hausse-le-ton-cest-un-crime-barbare-impardonnable\/\"},\"author\":{\"name\":\"LA REDACTION\",\"@id\":\"https:\/\/www.public.sn\/#\/schema\/person\/e3f4a11b037d4203902db148f9bc8d5a\"},\"headline\":\"Mort de Daria Douguina : Moscou hausse le ton -\u00ab\u00a0C&rsquo;est un crime barbare impardonnable\u00a0\u00bb.\",\"datePublished\":\"2022-08-23T14:07:12+00:00\",\"dateModified\":\"2022-08-23T14:07:42+00:00\",\"mainEntityOfPage\":{\"@id\":\"https:\/\/www.public.sn\/index.php\/2022\/08\/23\/mort-de-daria-douguina-moscou-hausse-le-ton-cest-un-crime-barbare-impardonnable\/\"},\"wordCount\":133,\"commentCount\":0,\"publisher\":{\"@id\":\"https:\/\/www.public.sn\/#organization\"},\"image\":{\"@id\":\"https:\/\/www.public.sn\/index.php\/2022\/08\/23\/mort-de-daria-douguina-moscou-hausse-le-ton-cest-un-crime-barbare-impardonnable\/#primaryimage\"},\"thumbnailUrl\":\"https:\/\/www.public.sn\/wp-content\/uploads\/2022\/08\/870x489_000_32cz2w3.jpeg\",\"keywords\":[\"Lavrov\",\"Meutre\",\"Ukraine\",\"Vladmir Poutine\"],\"articleSection\":[\"POLITIQUE\",\"SOCIETE\"],\"inLanguage\":\"fr-FR\",\"potentialAction\":[{\"@type\":\"CommentAction\",\"name\":\"Comment\",\"target\":[\"https:\/\/www.public.sn\/index.php\/2022\/08\/23\/mort-de-daria-douguina-moscou-hausse-le-ton-cest-un-crime-barbare-impardonnable\/#respond\"]}]},{\"@type\":\"WebPage\",\"@id\":\"https:\/\/www.public.sn\/index.php\/2022\/08\/23\/mort-de-daria-douguina-moscou-hausse-le-ton-cest-un-crime-barbare-impardonnable\/\",\"url\":\"https:\/\/www.public.sn\/index.php\/2022\/08\/23\/mort-de-daria-douguina-moscou-hausse-le-ton-cest-un-crime-barbare-impardonnable\/\",\"name\":\"Mort de Daria Douguina : Moscou hausse le ton -\\\"C'est un crime barbare impardonnable\\\". - LE PUBLIC\",\"isPartOf\":{\"@id\":\"https:\/\/www.public.sn\/#website\"},\"primaryImageOfPage\":{\"@id\":\"https:\/\/www.public.sn\/index.php\/2022\/08\/23\/mort-de-daria-douguina-moscou-hausse-le-ton-cest-un-crime-barbare-impardonnable\/#primaryimage\"},\"image\":{\"@id\":\"https:\/\/www.public.sn\/index.php\/2022\/08\/23\/mort-de-daria-douguina-moscou-hausse-le-ton-cest-un-crime-barbare-impardonnable\/#primaryimage\"},\"thumbnailUrl\":\"https:\/\/www.public.sn\/wp-content\/uploads\/2022\/08\/870x489_000_32cz2w3.jpeg\",\"datePublished\":\"2022-08-23T14:07:12+00:00\",\"dateModified\":\"2022-08-23T14:07:42+00:00\",\"breadcrumb\":{\"@id\":\"https:\/\/www.public.sn\/index.php\/2022\/08\/23\/mort-de-daria-douguina-moscou-hausse-le-ton-cest-un-crime-barbare-impardonnable\/#breadcrumb\"},\"inLanguage\":\"fr-FR\",\"potentialAction\":[{\"@type\":\"ReadAction\",\"target\":[\"https:\/\/www.public.sn\/index.php\/2022\/08\/23\/mort-de-daria-douguina-moscou-hausse-le-ton-cest-un-crime-barbare-impardonnable\/\"]}]},{\"@type\":\"ImageObject\",\"inLanguage\":\"fr-FR\",\"@id\":\"https:\/\/www.public.sn\/index.php\/2022\/08\/23\/mort-de-daria-douguina-moscou-hausse-le-ton-cest-un-crime-barbare-impardonnable\/#primaryimage\",\"url\":\"https:\/\/www.public.sn\/wp-content\/uploads\/2022\/08\/870x489_000_32cz2w3.jpeg\",\"contentUrl\":\"https:\/\/www.public.sn\/wp-content\/uploads\/2022\/08\/870x489_000_32cz2w3.jpeg\",\"width\":870,\"height\":489},{\"@type\":\"BreadcrumbList\",\"@id\":\"https:\/\/www.public.sn\/index.php\/2022\/08\/23\/mort-de-daria-douguina-moscou-hausse-le-ton-cest-un-crime-barbare-impardonnable\/#breadcrumb\",\"itemListElement\":[{\"@type\":\"ListItem\",\"position\":1,\"name\":\"Accueil\",\"item\":\"https:\/\/www.public.sn\/\"},{\"@type\":\"ListItem\",\"position\":2,\"name\":\"Mort de Daria Douguina : Moscou hausse le ton -\u00ab\u00a0C&rsquo;est un crime barbare impardonnable\u00a0\u00bb.\"}]},{\"@type\":\"WebSite\",\"@id\":\"https:\/\/www.public.sn\/#website\",\"url\":\"https:\/\/www.public.sn\/\",\"name\":\"LE PUBLIC\",\"description\":\"\",\"publisher\":{\"@id\":\"https:\/\/www.public.sn\/#organization\"},\"potentialAction\":[{\"@type\":\"SearchAction\",\"target\":{\"@type\":\"EntryPoint\",\"urlTemplate\":\"https:\/\/www.public.sn\/?s={search_term_string}\"},\"query-input\":{\"@type\":\"PropertyValueSpecification\",\"valueRequired\":true,\"valueName\":\"search_term_string\"}}],\"inLanguage\":\"fr-FR\"},{\"@type\":\"Organization\",\"@id\":\"https:\/\/www.public.sn\/#organization\",\"name\":\"LE PUBLIC\",\"url\":\"https:\/\/www.public.sn\/\",\"logo\":{\"@type\":\"ImageObject\",\"inLanguage\":\"fr-FR\",\"@id\":\"https:\/\/www.public.sn\/#\/schema\/logo\/image\/\",\"url\":\"https:\/\/www.public.sn\/wp-content\/uploads\/2024\/05\/cropped-LOGO-PUBLIC.SN_.png\",\"contentUrl\":\"https:\/\/www.public.sn\/wp-content\/uploads\/2024\/05\/cropped-LOGO-PUBLIC.SN_.png\",\"width\":682,\"height\":192,\"caption\":\"LE PUBLIC\"},\"image\":{\"@id\":\"https:\/\/www.public.sn\/#\/schema\/logo\/image\/\"}},{\"@type\":\"Person\",\"@id\":\"https:\/\/www.public.sn\/#\/schema\/person\/e3f4a11b037d4203902db148f9bc8d5a\",\"name\":\"LA REDACTION\",\"image\":{\"@type\":\"ImageObject\",\"inLanguage\":\"fr-FR\",\"@id\":\"https:\/\/www.public.sn\/#\/schema\/person\/image\/\",\"url\":\"https:\/\/secure.gravatar.com\/avatar\/d6c030db45db2883c075085c5d6c6258654a801a93766b49af0b82d4f454e2a5?s=96&d=mm&r=g\",\"contentUrl\":\"https:\/\/secure.gravatar.com\/avatar\/d6c030db45db2883c075085c5d6c6258654a801a93766b49af0b82d4f454e2a5?s=96&d=mm&r=g\",\"caption\":\"LA REDACTION\"},\"sameAs\":[\"http:\/\/www.public.sn\"],\"url\":\"https:\/\/www.public.sn\/index.php\/author\/admin7324\/\"}]}<\/script>\n<!-- \/ Yoast SEO plugin. -->","yoast_head_json":{"title":"Mort de Daria Douguina : Moscou hausse le ton -\"C'est un crime barbare impardonnable\". - LE PUBLIC","robots":{"index":"index","follow":"follow","max-snippet":"max-snippet:-1","max-image-preview":"max-image-preview:large","max-video-preview":"max-video-preview:-1"},"canonical":"https:\/\/www.public.sn\/index.php\/2022\/08\/23\/mort-de-daria-douguina-moscou-hausse-le-ton-cest-un-crime-barbare-impardonnable\/","og_locale":"fr_FR","og_type":"article","og_title":"Mort de Daria Douguina : Moscou hausse le ton -\"C'est un crime barbare impardonnable\". - LE PUBLIC","og_description":"Les services de s\u00e9curit\u00e9 russes ont accus\u00e9 des agents ukrainiens d\u2019avoir pi\u00e9g\u00e9 la voiture de la fille de l\u2019\u00e9crivain ultranationaliste russe Alexandre Douguine . Le chef des affaires \u00e9trang\u00e8res de la Russie,\u00a0Sergue\u00ef Lavrov, a d\u00e9clar\u00e9 mardi 23 ao\u00fbt que le meurtrier de la fille d\u2019un penseur nationaliste pro-Kremlin serait\u00a0\u00ab\u00a0implacable\u00ab\u00a0. \u00ab\u00a0C\u2019est un crime barbare impardonnable (\u2026). Les organisateurs, les sponsors et les artistes ne peuvent pas faire preuve de piti\u00e9\u00a0\u00bb, a d\u00e9clar\u00e9 Sergue\u00ef Lavrov lors d\u2019une conf\u00e9rence de presse. Pour rappel, les services de s\u00e9curit\u00e9 russes ont accus\u00e9 les services secrets ukrainiens d\u2019avoir pi\u00e9g\u00e9 la voiture, mais Kyiv a ni\u00e9 toute implication. R\u00e9daction Public SN","og_url":"https:\/\/www.public.sn\/index.php\/2022\/08\/23\/mort-de-daria-douguina-moscou-hausse-le-ton-cest-un-crime-barbare-impardonnable\/","og_site_name":"LE PUBLIC","article_published_time":"2022-08-23T14:07:12+00:00","article_modified_time":"2022-08-23T14:07:42+00:00","og_image":[{"width":870,"height":489,"url":"https:\/\/www.public.sn\/wp-content\/uploads\/2022\/08\/870x489_000_32cz2w3.jpeg","type":"image\/jpeg"}],"author":"LA REDACTION","twitter_card":"summary_large_image","twitter_misc":{"\u00c9crit par":"LA REDACTION","Dur\u00e9e de lecture estim\u00e9e":"1 minute"},"schema":{"@context":"https:\/\/schema.org","@graph":[{"@type":"Article","@id":"https:\/\/www.public.sn\/index.php\/2022\/08\/23\/mort-de-daria-douguina-moscou-hausse-le-ton-cest-un-crime-barbare-impardonnable\/#article","isPartOf":{"@id":"https:\/\/www.public.sn\/index.php\/2022\/08\/23\/mort-de-daria-douguina-moscou-hausse-le-ton-cest-un-crime-barbare-impardonnable\/"},"author":{"name":"LA REDACTION","@id":"https:\/\/www.public.sn\/#\/schema\/person\/e3f4a11b037d4203902db148f9bc8d5a"},"headline":"Mort de Daria Douguina : Moscou hausse le ton -\u00ab\u00a0C&rsquo;est un crime barbare impardonnable\u00a0\u00bb.","datePublished":"2022-08-23T14:07:12+00:00","dateModified":"2022-08-23T14:07:42+00:00","mainEntityOfPage":{"@id":"https:\/\/www.public.sn\/index.php\/2022\/08\/23\/mort-de-daria-douguina-moscou-hausse-le-ton-cest-un-crime-barbare-impardonnable\/"},"wordCount":133,"commentCount":0,"publisher":{"@id":"https:\/\/www.public.sn\/#organization"},"image":{"@id":"https:\/\/www.public.sn\/index.php\/2022\/08\/23\/mort-de-daria-douguina-moscou-hausse-le-ton-cest-un-crime-barbare-impardonnable\/#primaryimage"},"thumbnailUrl":"https:\/\/www.public.sn\/wp-content\/uploads\/2022\/08\/870x489_000_32cz2w3.jpeg","keywords":["Lavrov","Meutre","Ukraine","Vladmir Poutine"],"articleSection":["POLITIQUE","SOCIETE"],"inLanguage":"fr-FR","potentialAction":[{"@type":"CommentAction","name":"Comment","target":["https:\/\/www.public.sn\/index.php\/2022\/08\/23\/mort-de-daria-douguina-moscou-hausse-le-ton-cest-un-crime-barbare-impardonnable\/#respond"]}]},{"@type":"WebPage","@id":"https:\/\/www.public.sn\/index.php\/2022\/08\/23\/mort-de-daria-douguina-moscou-hausse-le-ton-cest-un-crime-barbare-impardonnable\/","url":"https:\/\/www.public.sn\/index.php\/2022\/08\/23\/mort-de-daria-douguina-moscou-hausse-le-ton-cest-un-crime-barbare-impardonnable\/","name":"Mort de Daria Douguina : Moscou hausse le ton -\"C'est un crime barbare impardonnable\". - LE PUBLIC","isPartOf":{"@id":"https:\/\/www.public.sn\/#website"},"primaryImageOfPage":{"@id":"https:\/\/www.public.sn\/index.php\/2022\/08\/23\/mort-de-daria-douguina-moscou-hausse-le-ton-cest-un-crime-barbare-impardonnable\/#primaryimage"},"image":{"@id":"https:\/\/www.public.sn\/index.php\/2022\/08\/23\/mort-de-daria-douguina-moscou-hausse-le-ton-cest-un-crime-barbare-impardonnable\/#primaryimage"},"thumbnailUrl":"https:\/\/www.public.sn\/wp-content\/uploads\/2022\/08\/870x489_000_32cz2w3.jpeg","datePublished":"2022-08-23T14:07:12+00:00","dateModified":"2022-08-23T14:07:42+00:00","breadcrumb":{"@id":"https:\/\/www.public.sn\/index.php\/2022\/08\/23\/mort-de-daria-douguina-moscou-hausse-le-ton-cest-un-crime-barbare-impardonnable\/#breadcrumb"},"inLanguage":"fr-FR","potentialAction":[{"@type":"ReadAction","target":["https:\/\/www.public.sn\/index.php\/2022\/08\/23\/mort-de-daria-douguina-moscou-hausse-le-ton-cest-un-crime-barbare-impardonnable\/"]}]},{"@type":"ImageObject","inLanguage":"fr-FR","@id":"https:\/\/www.public.sn\/index.php\/2022\/08\/23\/mort-de-daria-douguina-moscou-hausse-le-ton-cest-un-crime-barbare-impardonnable\/#primaryimage","url":"https:\/\/www.public.sn\/wp-content\/uploads\/2022\/08\/870x489_000_32cz2w3.jpeg","contentUrl":"https:\/\/www.public.sn\/wp-content\/uploads\/2022\/08\/870x489_000_32cz2w3.jpeg","width":870,"height":489},{"@type":"BreadcrumbList","@id":"https:\/\/www.public.sn\/index.php\/2022\/08\/23\/mort-de-daria-douguina-moscou-hausse-le-ton-cest-un-crime-barbare-impardonnable\/#breadcrumb","itemListElement":[{"@type":"ListItem","position":1,"name":"Accueil","item":"https:\/\/www.public.sn\/"},{"@type":"ListItem","position":2,"name":"Mort de Daria Douguina : Moscou hausse le ton -\u00ab\u00a0C&rsquo;est un crime barbare impardonnable\u00a0\u00bb."}]},{"@type":"WebSite","@id":"https:\/\/www.public.sn\/#website","url":"https:\/\/www.public.sn\/","name":"LE PUBLIC","description":"","publisher":{"@id":"https:\/\/www.public.sn\/#organization"},"potentialAction":[{"@type":"SearchAction","target":{"@type":"EntryPoint","urlTemplate":"https:\/\/www.public.sn\/?s={search_term_string}"},"query-input":{"@type":"PropertyValueSpecification","valueRequired":true,"valueName":"search_term_string"}}],"inLanguage":"fr-FR"},{"@type":"Organization","@id":"https:\/\/www.public.sn\/#organization","name":"LE PUBLIC","url":"https:\/\/www.public.sn\/","logo":{"@type":"ImageObject","inLanguage":"fr-FR","@id":"https:\/\/www.public.sn\/#\/schema\/logo\/image\/","url":"https:\/\/www.public.sn\/wp-content\/uploads\/2024\/05\/cropped-LOGO-PUBLIC.SN_.png","contentUrl":"https:\/\/www.public.sn\/wp-content\/uploads\/2024\/05\/cropped-LOGO-PUBLIC.SN_.png","width":682,"height":192,"caption":"LE PUBLIC"},"image":{"@id":"https:\/\/www.public.sn\/#\/schema\/logo\/image\/"}},{"@type":"Person","@id":"https:\/\/www.public.sn\/#\/schema\/person\/e3f4a11b037d4203902db148f9bc8d5a","name":"LA REDACTION","image":{"@type":"ImageObject","inLanguage":"fr-FR","@id":"https:\/\/www.public.sn\/#\/schema\/person\/image\/","url":"https:\/\/secure.gravatar.com\/avatar\/d6c030db45db2883c075085c5d6c6258654a801a93766b49af0b82d4f454e2a5?s=96&d=mm&r=g","contentUrl":"https:\/\/secure.gravatar.com\/avatar\/d6c030db45db2883c075085c5d6c6258654a801a93766b49af0b82d4f454e2a5?s=96&d=mm&r=g","caption":"LA REDACTION"},"sameAs":["http:\/\/www.public.sn"],"url":"https:\/\/www.public.sn\/index.php\/author\/admin7324\/"}]}},"jetpack_featured_media_url":"https:\/\/www.public.sn\/wp-content\/uploads\/2022\/08\/870x489_000_32cz2w3.jpeg","jetpack_sharing_enabled":true,"_links":{"self":[{"href":"https:\/\/www.public.sn\/index.php\/wp-json\/wp\/v2\/posts\/494","targetHints":{"allow":["GET"]}}],"collection":[{"href":"https:\/\/www.public.sn\/index.php\/wp-json\/wp\/v2\/posts"}],"about":[{"href":"https:\/\/www.public.sn\/index.php\/wp-json\/wp\/v2\/types\/post"}],"author":[{"embeddable":true,"href":"https:\/\/www.public.sn\/index.php\/wp-json\/wp\/v2\/users\/1"}],"replies":[{"embeddable":true,"href":"https:\/\/www.public.sn\/index.php\/wp-json\/wp\/v2\/comments?post=494"}],"version-history":[{"count":1,"href":"https:\/\/www.public.sn\/index.php\/wp-json\/wp\/v2\/posts\/494\/revisions"}],"predecessor-version":[{"id":496,"href":"https:\/\/www.public.sn\/index.php\/wp-json\/wp\/v2\/posts\/494\/revisions\/496"}],"wp:featuredmedia":[{"embeddable":true,"href":"https:\/\/www.public.sn\/index.php\/wp-json\/wp\/v2\/media\/495"}],"wp:attachment":[{"href":"https:\/\/www.public.sn\/index.php\/wp-json\/wp\/v2\/media?parent=494"}],"wp:term":[{"taxonomy":"category","embeddable":true,"href":"https:\/\/www.public.sn\/index.php\/wp-json\/wp\/v2\/categories?post=494"},{"taxonomy":"post_tag","embeddable":true,"href":"https:\/\/www.public.sn\/index.php\/wp-json\/wp\/v2\/tags?post=494"}],"curies":[{"name":"wp","href":"https:\/\/api.w.org\/{rel}","templated":true}]}}