{"id":4965,"date":"2022-10-17T17:29:36","date_gmt":"2022-10-17T17:29:36","guid":{"rendered":"https:\/\/www.public.sn\/?p=4965"},"modified":"2022-10-17T17:29:53","modified_gmt":"2022-10-17T17:29:53","slug":"sit-in-des-travailleurs-de-la-societe-rapide-service","status":"publish","type":"post","link":"https:\/\/www.public.sn\/index.php\/2022\/10\/17\/sit-in-des-travailleurs-de-la-societe-rapide-service\/","title":{"rendered":"sit in des travailleurs de la soci\u00e9t\u00e9 rapide service."},"content":{"rendered":"\n<p><strong>Les travailleurs de la soci\u00e9t\u00e9 technique rapide service, un sous traitant de la Sonatel ont organis\u00e9 un sit in devant le si\u00e8ge de leur soci\u00e9t\u00e9. Ils r\u00e9clament le paiement de leurs 6 mois d\u2019arri\u00e9r\u00e9s de salaire et de meilleures conditions de travail.<\/strong><\/p><div class=\"publi-paragraphe1\" style=\"margin-top: 10px;margin-bottom: 10px;margin-left: auto;margin-right: auto;text-align: center;\" id=\"publi-334325954\"><div class=\"publi-adlabel\">Publicit\u00e9<\/div><script async src=\"\/\/pagead2.googlesyndication.com\/pagead\/js\/adsbygoogle.js?client=ca-pub-4089586018074219\" crossorigin=\"anonymous\"><\/script><ins class=\"adsbygoogle\" style=\"display:block;\" data-ad-client=\"ca-pub-4089586018074219\" \ndata-ad-slot=\"2087940154\" \ndata-ad-format=\"auto\"><\/ins>\n<script> \n(adsbygoogle = window.adsbygoogle || []).push({}); \n<\/script>\n<\/div>\n\n\n\n<p><\/p>\n\n\n\n<p> Ces travailleurs estiment que leurs droits ne sont pas respect\u00e9s au sein de l\u2019entreprise. Ils interpellent le pr\u00e9sident de la R\u00e9publique pour une solution d\u00e9finitive \u00e0 leurs revendications. Delon leur porte parole Abdou Khadr Diene, si d\u2019ici \u00e0 quelques jours, la direction ne r\u00e9pond pas \u00e0 leurs sollicitations, ils comptent passer \u00e0 la vitesse sup\u00e9rieure.<\/p>\n\n\n\n<p>Samba SY.<\/p>\n<div class=\"publi-apres-le-contenu\" style=\"margin-top: 10px;margin-bottom: 10px;margin-left: auto;margin-right: auto;text-align: center;\" id=\"publi-778605181\"><div class=\"publi-adlabel\">Publicit\u00e9<\/div><script async src=\"\/\/pagead2.googlesyndication.com\/pagead\/js\/adsbygoogle.js?client=ca-pub-4089586018074219\" crossorigin=\"anonymous\"><\/script><ins class=\"adsbygoogle\" style=\"display:block;\" data-ad-client=\"ca-pub-4089586018074219\" \ndata-ad-slot=\"2087940154\" \ndata-ad-format=\"auto\"><\/ins>\n<script> \n(adsbygoogle = window.adsbygoogle || []).push({}); \n<\/script>\n<\/div>","protected":false},"excerpt":{"rendered":"<p>Les travailleurs de la soci\u00e9t\u00e9 technique rapide service, un sous traitant de la Sonatel ont organis\u00e9 un sit in devant le si\u00e8ge de leur soci\u00e9t\u00e9. Ils r\u00e9clament le paiement de leurs 6 mois d\u2019arri\u00e9r\u00e9s de salaire et de meilleures conditions de travail. Ces travailleurs estiment que leurs droits ne sont pas respect\u00e9s au sein de l\u2019entreprise. Ils interpellent le pr\u00e9sident de la R\u00e9publique pour une solution d\u00e9finitive \u00e0 leurs revendications. Delon leur porte parole Abdou Khadr Diene, si d\u2019ici \u00e0 quelques jours, la direction ne r\u00e9pond pas \u00e0 leurs sollicitations, ils comptent passer \u00e0 la vitesse sup\u00e9rieure. Samba SY.<\/p>\n","protected":false},"author":7,"featured_media":4966,"comment_status":"open","ping_status":"open","sticky":false,"template":"","format":"standard","meta":{"_jetpack_memberships_contains_paid_content":false,"footnotes":""},"categories":[375,4],"tags":[1642,1641,1358],"class_list":["post-4965","post","type-post","status-publish","format-standard","has-post-thumbnail","hentry","category-actualites","category-societe","tag-rapide","tag-service","tag-sit-in-2","entry","has-media","owp-thumbs-layout-horizontal","owp-btn-normal","owp-tabs-layout-horizontal","has-no-thumbnails","has-product-nav"],"yoast_head":"<!-- This site is optimized with the Yoast SEO plugin v25.5 - https:\/\/yoast.com\/wordpress\/plugins\/seo\/ -->\n<title>sit in des travailleurs de la soci\u00e9t\u00e9 rapide service. - LE PUBLIC<\/title>\n<meta name=\"robots\" content=\"index, follow, max-snippet:-1, max-image-preview:large, max-video-preview:-1\" \/>\n<link rel=\"canonical\" href=\"https:\/\/www.public.sn\/index.php\/2022\/10\/17\/sit-in-des-travailleurs-de-la-societe-rapide-service\/\" \/>\n<meta property=\"og:locale\" content=\"fr_FR\" \/>\n<meta property=\"og:type\" content=\"article\" \/>\n<meta property=\"og:title\" content=\"sit in des travailleurs de la soci\u00e9t\u00e9 rapide service. - LE PUBLIC\" \/>\n<meta property=\"og:description\" content=\"Les travailleurs de la soci\u00e9t\u00e9 technique rapide service, un sous traitant de la Sonatel ont organis\u00e9 un sit in devant le si\u00e8ge de leur soci\u00e9t\u00e9. Ils r\u00e9clament le paiement de leurs 6 mois d\u2019arri\u00e9r\u00e9s de salaire et de meilleures conditions de travail. Ces travailleurs estiment que leurs droits ne sont pas respect\u00e9s au sein de l\u2019entreprise. Ils interpellent le pr\u00e9sident de la R\u00e9publique pour une solution d\u00e9finitive \u00e0 leurs revendications. Delon leur porte parole Abdou Khadr Diene, si d\u2019ici \u00e0 quelques jours, la direction ne r\u00e9pond pas \u00e0 leurs sollicitations, ils comptent passer \u00e0 la vitesse sup\u00e9rieure. Samba SY.\" \/>\n<meta property=\"og:url\" content=\"https:\/\/www.public.sn\/index.php\/2022\/10\/17\/sit-in-des-travailleurs-de-la-societe-rapide-service\/\" \/>\n<meta property=\"og:site_name\" content=\"LE PUBLIC\" \/>\n<meta property=\"article:published_time\" content=\"2022-10-17T17:29:36+00:00\" \/>\n<meta property=\"article:modified_time\" content=\"2022-10-17T17:29:53+00:00\" \/>\n<meta property=\"og:image\" content=\"https:\/\/www.public.sn\/wp-content\/uploads\/2022\/10\/service.jpg\" \/>\n\t<meta property=\"og:image:width\" content=\"979\" \/>\n\t<meta property=\"og:image:height\" content=\"653\" \/>\n\t<meta property=\"og:image:type\" content=\"image\/jpeg\" \/>\n<meta name=\"author\" content=\"LA REDACTION\" \/>\n<meta name=\"twitter:card\" content=\"summary_large_image\" \/>\n<meta name=\"twitter:label1\" content=\"\u00c9crit par\" \/>\n\t<meta name=\"twitter:data1\" content=\"LA REDACTION\" \/>\n\t<meta name=\"twitter:label2\" content=\"Dur\u00e9e de lecture estim\u00e9e\" \/>\n\t<meta name=\"twitter:data2\" content=\"1 minute\" \/>\n<script type=\"application\/ld+json\" class=\"yoast-schema-graph\">{\"@context\":\"https:\/\/schema.org\",\"@graph\":[{\"@type\":\"Article\",\"@id\":\"https:\/\/www.public.sn\/index.php\/2022\/10\/17\/sit-in-des-travailleurs-de-la-societe-rapide-service\/#article\",\"isPartOf\":{\"@id\":\"https:\/\/www.public.sn\/index.php\/2022\/10\/17\/sit-in-des-travailleurs-de-la-societe-rapide-service\/\"},\"author\":{\"name\":\"LA REDACTION\",\"@id\":\"https:\/\/www.public.sn\/#\/schema\/person\/cb76c8e1b8becc6be61fb5e92d6d0224\"},\"headline\":\"sit in des travailleurs de la soci\u00e9t\u00e9 rapide service.\",\"datePublished\":\"2022-10-17T17:29:36+00:00\",\"dateModified\":\"2022-10-17T17:29:53+00:00\",\"mainEntityOfPage\":{\"@id\":\"https:\/\/www.public.sn\/index.php\/2022\/10\/17\/sit-in-des-travailleurs-de-la-societe-rapide-service\/\"},\"wordCount\":119,\"commentCount\":0,\"publisher\":{\"@id\":\"https:\/\/www.public.sn\/#organization\"},\"image\":{\"@id\":\"https:\/\/www.public.sn\/index.php\/2022\/10\/17\/sit-in-des-travailleurs-de-la-societe-rapide-service\/#primaryimage\"},\"thumbnailUrl\":\"https:\/\/www.public.sn\/wp-content\/uploads\/2022\/10\/service.jpg\",\"keywords\":[\"rapide\",\"service\",\"sit in\"],\"articleSection\":[\"ACTUALIT\u00c9S\",\"SOCIETE\"],\"inLanguage\":\"fr-FR\",\"potentialAction\":[{\"@type\":\"CommentAction\",\"name\":\"Comment\",\"target\":[\"https:\/\/www.public.sn\/index.php\/2022\/10\/17\/sit-in-des-travailleurs-de-la-societe-rapide-service\/#respond\"]}]},{\"@type\":\"WebPage\",\"@id\":\"https:\/\/www.public.sn\/index.php\/2022\/10\/17\/sit-in-des-travailleurs-de-la-societe-rapide-service\/\",\"url\":\"https:\/\/www.public.sn\/index.php\/2022\/10\/17\/sit-in-des-travailleurs-de-la-societe-rapide-service\/\",\"name\":\"sit in des travailleurs de la soci\u00e9t\u00e9 rapide service. - LE PUBLIC\",\"isPartOf\":{\"@id\":\"https:\/\/www.public.sn\/#website\"},\"primaryImageOfPage\":{\"@id\":\"https:\/\/www.public.sn\/index.php\/2022\/10\/17\/sit-in-des-travailleurs-de-la-societe-rapide-service\/#primaryimage\"},\"image\":{\"@id\":\"https:\/\/www.public.sn\/index.php\/2022\/10\/17\/sit-in-des-travailleurs-de-la-societe-rapide-service\/#primaryimage\"},\"thumbnailUrl\":\"https:\/\/www.public.sn\/wp-content\/uploads\/2022\/10\/service.jpg\",\"datePublished\":\"2022-10-17T17:29:36+00:00\",\"dateModified\":\"2022-10-17T17:29:53+00:00\",\"breadcrumb\":{\"@id\":\"https:\/\/www.public.sn\/index.php\/2022\/10\/17\/sit-in-des-travailleurs-de-la-societe-rapide-service\/#breadcrumb\"},\"inLanguage\":\"fr-FR\",\"potentialAction\":[{\"@type\":\"ReadAction\",\"target\":[\"https:\/\/www.public.sn\/index.php\/2022\/10\/17\/sit-in-des-travailleurs-de-la-societe-rapide-service\/\"]}]},{\"@type\":\"ImageObject\",\"inLanguage\":\"fr-FR\",\"@id\":\"https:\/\/www.public.sn\/index.php\/2022\/10\/17\/sit-in-des-travailleurs-de-la-societe-rapide-service\/#primaryimage\",\"url\":\"https:\/\/www.public.sn\/wp-content\/uploads\/2022\/10\/service.jpg\",\"contentUrl\":\"https:\/\/www.public.sn\/wp-content\/uploads\/2022\/10\/service.jpg\",\"width\":979,\"height\":653,\"caption\":\"publicsn\"},{\"@type\":\"BreadcrumbList\",\"@id\":\"https:\/\/www.public.sn\/index.php\/2022\/10\/17\/sit-in-des-travailleurs-de-la-societe-rapide-service\/#breadcrumb\",\"itemListElement\":[{\"@type\":\"ListItem\",\"position\":1,\"name\":\"Accueil\",\"item\":\"https:\/\/www.public.sn\/\"},{\"@type\":\"ListItem\",\"position\":2,\"name\":\"sit in des travailleurs de la soci\u00e9t\u00e9 rapide service.\"}]},{\"@type\":\"WebSite\",\"@id\":\"https:\/\/www.public.sn\/#website\",\"url\":\"https:\/\/www.public.sn\/\",\"name\":\"LE PUBLIC\",\"description\":\"\",\"publisher\":{\"@id\":\"https:\/\/www.public.sn\/#organization\"},\"potentialAction\":[{\"@type\":\"SearchAction\",\"target\":{\"@type\":\"EntryPoint\",\"urlTemplate\":\"https:\/\/www.public.sn\/?s={search_term_string}\"},\"query-input\":{\"@type\":\"PropertyValueSpecification\",\"valueRequired\":true,\"valueName\":\"search_term_string\"}}],\"inLanguage\":\"fr-FR\"},{\"@type\":\"Organization\",\"@id\":\"https:\/\/www.public.sn\/#organization\",\"name\":\"LE PUBLIC\",\"url\":\"https:\/\/www.public.sn\/\",\"logo\":{\"@type\":\"ImageObject\",\"inLanguage\":\"fr-FR\",\"@id\":\"https:\/\/www.public.sn\/#\/schema\/logo\/image\/\",\"url\":\"https:\/\/www.public.sn\/wp-content\/uploads\/2024\/05\/cropped-LOGO-PUBLIC.SN_.png\",\"contentUrl\":\"https:\/\/www.public.sn\/wp-content\/uploads\/2024\/05\/cropped-LOGO-PUBLIC.SN_.png\",\"width\":682,\"height\":192,\"caption\":\"LE PUBLIC\"},\"image\":{\"@id\":\"https:\/\/www.public.sn\/#\/schema\/logo\/image\/\"}},{\"@type\":\"Person\",\"@id\":\"https:\/\/www.public.sn\/#\/schema\/person\/cb76c8e1b8becc6be61fb5e92d6d0224\",\"name\":\"LA REDACTION\",\"image\":{\"@type\":\"ImageObject\",\"inLanguage\":\"fr-FR\",\"@id\":\"https:\/\/www.public.sn\/#\/schema\/person\/image\/\",\"url\":\"https:\/\/secure.gravatar.com\/avatar\/2dce5ddd34b8fef0180efe03aa2a9bee7d953856048f9a16b298190a3178407c?s=96&d=mm&r=g\",\"contentUrl\":\"https:\/\/secure.gravatar.com\/avatar\/2dce5ddd34b8fef0180efe03aa2a9bee7d953856048f9a16b298190a3178407c?s=96&d=mm&r=g\",\"caption\":\"LA REDACTION\"},\"url\":\"https:\/\/www.public.sn\/index.php\/author\/editeurpsn\/\"}]}<\/script>\n<!-- \/ Yoast SEO plugin. -->","yoast_head_json":{"title":"sit in des travailleurs de la soci\u00e9t\u00e9 rapide service. - LE PUBLIC","robots":{"index":"index","follow":"follow","max-snippet":"max-snippet:-1","max-image-preview":"max-image-preview:large","max-video-preview":"max-video-preview:-1"},"canonical":"https:\/\/www.public.sn\/index.php\/2022\/10\/17\/sit-in-des-travailleurs-de-la-societe-rapide-service\/","og_locale":"fr_FR","og_type":"article","og_title":"sit in des travailleurs de la soci\u00e9t\u00e9 rapide service. - LE PUBLIC","og_description":"Les travailleurs de la soci\u00e9t\u00e9 technique rapide service, un sous traitant de la Sonatel ont organis\u00e9 un sit in devant le si\u00e8ge de leur soci\u00e9t\u00e9. Ils r\u00e9clament le paiement de leurs 6 mois d\u2019arri\u00e9r\u00e9s de salaire et de meilleures conditions de travail. Ces travailleurs estiment que leurs droits ne sont pas respect\u00e9s au sein de l\u2019entreprise. Ils interpellent le pr\u00e9sident de la R\u00e9publique pour une solution d\u00e9finitive \u00e0 leurs revendications. Delon leur porte parole Abdou Khadr Diene, si d\u2019ici \u00e0 quelques jours, la direction ne r\u00e9pond pas \u00e0 leurs sollicitations, ils comptent passer \u00e0 la vitesse sup\u00e9rieure. Samba SY.","og_url":"https:\/\/www.public.sn\/index.php\/2022\/10\/17\/sit-in-des-travailleurs-de-la-societe-rapide-service\/","og_site_name":"LE PUBLIC","article_published_time":"2022-10-17T17:29:36+00:00","article_modified_time":"2022-10-17T17:29:53+00:00","og_image":[{"width":979,"height":653,"url":"https:\/\/www.public.sn\/wp-content\/uploads\/2022\/10\/service.jpg","type":"image\/jpeg"}],"author":"LA REDACTION","twitter_card":"summary_large_image","twitter_misc":{"\u00c9crit par":"LA REDACTION","Dur\u00e9e de lecture estim\u00e9e":"1 minute"},"schema":{"@context":"https:\/\/schema.org","@graph":[{"@type":"Article","@id":"https:\/\/www.public.sn\/index.php\/2022\/10\/17\/sit-in-des-travailleurs-de-la-societe-rapide-service\/#article","isPartOf":{"@id":"https:\/\/www.public.sn\/index.php\/2022\/10\/17\/sit-in-des-travailleurs-de-la-societe-rapide-service\/"},"author":{"name":"LA REDACTION","@id":"https:\/\/www.public.sn\/#\/schema\/person\/cb76c8e1b8becc6be61fb5e92d6d0224"},"headline":"sit in des travailleurs de la soci\u00e9t\u00e9 rapide service.","datePublished":"2022-10-17T17:29:36+00:00","dateModified":"2022-10-17T17:29:53+00:00","mainEntityOfPage":{"@id":"https:\/\/www.public.sn\/index.php\/2022\/10\/17\/sit-in-des-travailleurs-de-la-societe-rapide-service\/"},"wordCount":119,"commentCount":0,"publisher":{"@id":"https:\/\/www.public.sn\/#organization"},"image":{"@id":"https:\/\/www.public.sn\/index.php\/2022\/10\/17\/sit-in-des-travailleurs-de-la-societe-rapide-service\/#primaryimage"},"thumbnailUrl":"https:\/\/www.public.sn\/wp-content\/uploads\/2022\/10\/service.jpg","keywords":["rapide","service","sit in"],"articleSection":["ACTUALIT\u00c9S","SOCIETE"],"inLanguage":"fr-FR","potentialAction":[{"@type":"CommentAction","name":"Comment","target":["https:\/\/www.public.sn\/index.php\/2022\/10\/17\/sit-in-des-travailleurs-de-la-societe-rapide-service\/#respond"]}]},{"@type":"WebPage","@id":"https:\/\/www.public.sn\/index.php\/2022\/10\/17\/sit-in-des-travailleurs-de-la-societe-rapide-service\/","url":"https:\/\/www.public.sn\/index.php\/2022\/10\/17\/sit-in-des-travailleurs-de-la-societe-rapide-service\/","name":"sit in des travailleurs de la soci\u00e9t\u00e9 rapide service. - LE PUBLIC","isPartOf":{"@id":"https:\/\/www.public.sn\/#website"},"primaryImageOfPage":{"@id":"https:\/\/www.public.sn\/index.php\/2022\/10\/17\/sit-in-des-travailleurs-de-la-societe-rapide-service\/#primaryimage"},"image":{"@id":"https:\/\/www.public.sn\/index.php\/2022\/10\/17\/sit-in-des-travailleurs-de-la-societe-rapide-service\/#primaryimage"},"thumbnailUrl":"https:\/\/www.public.sn\/wp-content\/uploads\/2022\/10\/service.jpg","datePublished":"2022-10-17T17:29:36+00:00","dateModified":"2022-10-17T17:29:53+00:00","breadcrumb":{"@id":"https:\/\/www.public.sn\/index.php\/2022\/10\/17\/sit-in-des-travailleurs-de-la-societe-rapide-service\/#breadcrumb"},"inLanguage":"fr-FR","potentialAction":[{"@type":"ReadAction","target":["https:\/\/www.public.sn\/index.php\/2022\/10\/17\/sit-in-des-travailleurs-de-la-societe-rapide-service\/"]}]},{"@type":"ImageObject","inLanguage":"fr-FR","@id":"https:\/\/www.public.sn\/index.php\/2022\/10\/17\/sit-in-des-travailleurs-de-la-societe-rapide-service\/#primaryimage","url":"https:\/\/www.public.sn\/wp-content\/uploads\/2022\/10\/service.jpg","contentUrl":"https:\/\/www.public.sn\/wp-content\/uploads\/2022\/10\/service.jpg","width":979,"height":653,"caption":"publicsn"},{"@type":"BreadcrumbList","@id":"https:\/\/www.public.sn\/index.php\/2022\/10\/17\/sit-in-des-travailleurs-de-la-societe-rapide-service\/#breadcrumb","itemListElement":[{"@type":"ListItem","position":1,"name":"Accueil","item":"https:\/\/www.public.sn\/"},{"@type":"ListItem","position":2,"name":"sit in des travailleurs de la soci\u00e9t\u00e9 rapide service."}]},{"@type":"WebSite","@id":"https:\/\/www.public.sn\/#website","url":"https:\/\/www.public.sn\/","name":"LE PUBLIC","description":"","publisher":{"@id":"https:\/\/www.public.sn\/#organization"},"potentialAction":[{"@type":"SearchAction","target":{"@type":"EntryPoint","urlTemplate":"https:\/\/www.public.sn\/?s={search_term_string}"},"query-input":{"@type":"PropertyValueSpecification","valueRequired":true,"valueName":"search_term_string"}}],"inLanguage":"fr-FR"},{"@type":"Organization","@id":"https:\/\/www.public.sn\/#organization","name":"LE PUBLIC","url":"https:\/\/www.public.sn\/","logo":{"@type":"ImageObject","inLanguage":"fr-FR","@id":"https:\/\/www.public.sn\/#\/schema\/logo\/image\/","url":"https:\/\/www.public.sn\/wp-content\/uploads\/2024\/05\/cropped-LOGO-PUBLIC.SN_.png","contentUrl":"https:\/\/www.public.sn\/wp-content\/uploads\/2024\/05\/cropped-LOGO-PUBLIC.SN_.png","width":682,"height":192,"caption":"LE PUBLIC"},"image":{"@id":"https:\/\/www.public.sn\/#\/schema\/logo\/image\/"}},{"@type":"Person","@id":"https:\/\/www.public.sn\/#\/schema\/person\/cb76c8e1b8becc6be61fb5e92d6d0224","name":"LA REDACTION","image":{"@type":"ImageObject","inLanguage":"fr-FR","@id":"https:\/\/www.public.sn\/#\/schema\/person\/image\/","url":"https:\/\/secure.gravatar.com\/avatar\/2dce5ddd34b8fef0180efe03aa2a9bee7d953856048f9a16b298190a3178407c?s=96&d=mm&r=g","contentUrl":"https:\/\/secure.gravatar.com\/avatar\/2dce5ddd34b8fef0180efe03aa2a9bee7d953856048f9a16b298190a3178407c?s=96&d=mm&r=g","caption":"LA REDACTION"},"url":"https:\/\/www.public.sn\/index.php\/author\/editeurpsn\/"}]}},"jetpack_featured_media_url":"https:\/\/www.public.sn\/wp-content\/uploads\/2022\/10\/service.jpg","jetpack_sharing_enabled":true,"_links":{"self":[{"href":"https:\/\/www.public.sn\/index.php\/wp-json\/wp\/v2\/posts\/4965","targetHints":{"allow":["GET"]}}],"collection":[{"href":"https:\/\/www.public.sn\/index.php\/wp-json\/wp\/v2\/posts"}],"about":[{"href":"https:\/\/www.public.sn\/index.php\/wp-json\/wp\/v2\/types\/post"}],"author":[{"embeddable":true,"href":"https:\/\/www.public.sn\/index.php\/wp-json\/wp\/v2\/users\/7"}],"replies":[{"embeddable":true,"href":"https:\/\/www.public.sn\/index.php\/wp-json\/wp\/v2\/comments?post=4965"}],"version-history":[{"count":1,"href":"https:\/\/www.public.sn\/index.php\/wp-json\/wp\/v2\/posts\/4965\/revisions"}],"predecessor-version":[{"id":4967,"href":"https:\/\/www.public.sn\/index.php\/wp-json\/wp\/v2\/posts\/4965\/revisions\/4967"}],"wp:featuredmedia":[{"embeddable":true,"href":"https:\/\/www.public.sn\/index.php\/wp-json\/wp\/v2\/media\/4966"}],"wp:attachment":[{"href":"https:\/\/www.public.sn\/index.php\/wp-json\/wp\/v2\/media?parent=4965"}],"wp:term":[{"taxonomy":"category","embeddable":true,"href":"https:\/\/www.public.sn\/index.php\/wp-json\/wp\/v2\/categories?post=4965"},{"taxonomy":"post_tag","embeddable":true,"href":"https:\/\/www.public.sn\/index.php\/wp-json\/wp\/v2\/tags?post=4965"}],"curies":[{"name":"wp","href":"https:\/\/api.w.org\/{rel}","templated":true}]}}