{"id":4980,"date":"2022-10-17T18:06:17","date_gmt":"2022-10-17T18:06:17","guid":{"rendered":"https:\/\/www.public.sn\/?p=4980"},"modified":"2022-10-17T18:06:20","modified_gmt":"2022-10-17T18:06:20","slug":"neymar-est-arrive-a-barcelone-pour-son-proces","status":"publish","type":"post","link":"https:\/\/www.public.sn\/index.php\/2022\/10\/17\/neymar-est-arrive-a-barcelone-pour-son-proces\/","title":{"rendered":"Neymar est arriv\u00e9 \u00e0 Barcelone pour son proc\u00e8s."},"content":{"rendered":"\n<p>L&rsquo;Equipe nous apprend que Neymar est arriv\u00e9 \u00e0 Barcelone lundi pour le d\u00e9but de son proc\u00e8s qui porte sur des irr\u00e9gularit\u00e9s pr\u00e9sum\u00e9es lors de son transfert de Santos au FC Barcelone en 2013.<\/p><div class=\"publi-paragraphe1\" style=\"margin-top: 10px;margin-bottom: 10px;margin-left: auto;margin-right: auto;text-align: center;\" id=\"publi-292317087\"><div class=\"publi-adlabel\">Publicit\u00e9<\/div><script async src=\"\/\/pagead2.googlesyndication.com\/pagead\/js\/adsbygoogle.js?client=ca-pub-4089586018074219\" crossorigin=\"anonymous\"><\/script><ins class=\"adsbygoogle\" style=\"display:block;\" data-ad-client=\"ca-pub-4089586018074219\" \ndata-ad-slot=\"2087940154\" \ndata-ad-format=\"auto\"><\/ins>\n<script> \n(adsbygoogle = window.adsbygoogle || []).push({}); \n<\/script>\n<\/div>\n\n\n\n<p>&nbsp;Lundi, le proc\u00e8s qui met en cause Neymar pour des malversations datant de son d\u00e9part de Santos au Bar\u00e7a en 2013 a d\u00e9but\u00e9. Comme pr\u00e9vu, le Br\u00e9silien s&rsquo;est pr\u00e9sent\u00e9 devant le tribunal de Barcelone.<\/p>\n\n\n\n<p>&nbsp;L&rsquo;ancien pr\u00e9sident du club Josep Maria Bartomeu (2014-2020) a \u00e9galement comparu devant la juridiction catalane, \u00e0 l&rsquo;instar de Sandro Rosell, lui aussi ancien pr\u00e9sident des Blaugrana (2010-2014).<\/p>\n\n\n\n<p>\u00a0Annonc\u00e9 en Catalogne en mai 2013 pour un montant officiel de 51,70 M\u20ac, le transfert de l&rsquo;actuel joueur du PSG a suscit\u00e9 des interrogations d\u00e8s 2014, au point d&rsquo;alerter le fisc espagnol, qui consid\u00e8re que le transfert a, en r\u00e9alit\u00e9, avoisin\u00e9 les 107 M\u20ac, bonus compris. Le parquet requiert deux ans de prison contre le joueur.<\/p>\n\n\n\n<p> Falil Gadio<\/p>\n<div class=\"publi-apres-le-contenu\" style=\"margin-top: 10px;margin-bottom: 10px;margin-left: auto;margin-right: auto;text-align: center;\" id=\"publi-4007455327\"><div class=\"publi-adlabel\">Publicit\u00e9<\/div><script async src=\"\/\/pagead2.googlesyndication.com\/pagead\/js\/adsbygoogle.js?client=ca-pub-4089586018074219\" crossorigin=\"anonymous\"><\/script><ins class=\"adsbygoogle\" style=\"display:block;\" data-ad-client=\"ca-pub-4089586018074219\" \ndata-ad-slot=\"2087940154\" \ndata-ad-format=\"auto\"><\/ins>\n<script> \n(adsbygoogle = window.adsbygoogle || []).push({}); \n<\/script>\n<\/div>","protected":false},"excerpt":{"rendered":"<p>L&rsquo;Equipe nous apprend que Neymar est arriv\u00e9 \u00e0 Barcelone lundi pour le d\u00e9but de son proc\u00e8s qui porte sur des irr\u00e9gularit\u00e9s pr\u00e9sum\u00e9es lors de son transfert de Santos au FC Barcelone en 2013. &nbsp;Lundi, le proc\u00e8s qui met en cause Neymar pour des malversations datant de son d\u00e9part de Santos au Bar\u00e7a en 2013 a d\u00e9but\u00e9. Comme pr\u00e9vu, le Br\u00e9silien s&rsquo;est pr\u00e9sent\u00e9 devant le tribunal de Barcelone. &nbsp;L&rsquo;ancien pr\u00e9sident du club Josep Maria Bartomeu (2014-2020) a \u00e9galement comparu devant la juridiction catalane, \u00e0 l&rsquo;instar de Sandro Rosell, lui aussi ancien pr\u00e9sident des Blaugrana (2010-2014). \u00a0Annonc\u00e9 en Catalogne en mai 2013 pour un montant officiel de 51,70 M\u20ac, le transfert de l&rsquo;actuel joueur du PSG a suscit\u00e9 des interrogations d\u00e8s 2014, au point d&rsquo;alerter le fisc espagnol, qui consid\u00e8re que le transfert a, en r\u00e9alit\u00e9, avoisin\u00e9 les 107 M\u20ac, bonus compris. Le parquet requiert deux ans de prison contre le joueur. Falil Gadio<\/p>\n","protected":false},"author":1,"featured_media":4981,"comment_status":"open","ping_status":"open","sticky":false,"template":"","format":"standard","meta":{"_jetpack_memberships_contains_paid_content":false,"footnotes":""},"categories":[375,550,376],"tags":[1650,1381,611],"class_list":["post-4980","post","type-post","status-publish","format-standard","has-post-thumbnail","hentry","category-actualites","category-afrique-monde","category-securite-justice","tag-barca","tag-neymar","tag-proces","entry","has-media","owp-thumbs-layout-horizontal","owp-btn-normal","owp-tabs-layout-horizontal","has-no-thumbnails","has-product-nav"],"yoast_head":"<!-- This site is optimized with the Yoast SEO plugin v25.5 - https:\/\/yoast.com\/wordpress\/plugins\/seo\/ -->\n<title>Neymar est arriv\u00e9 \u00e0 Barcelone pour son proc\u00e8s. - LE PUBLIC<\/title>\n<meta name=\"robots\" content=\"index, follow, max-snippet:-1, max-image-preview:large, max-video-preview:-1\" \/>\n<link rel=\"canonical\" href=\"https:\/\/www.public.sn\/index.php\/2022\/10\/17\/neymar-est-arrive-a-barcelone-pour-son-proces\/\" \/>\n<meta property=\"og:locale\" content=\"fr_FR\" \/>\n<meta property=\"og:type\" content=\"article\" \/>\n<meta property=\"og:title\" content=\"Neymar est arriv\u00e9 \u00e0 Barcelone pour son proc\u00e8s. - LE PUBLIC\" \/>\n<meta property=\"og:description\" content=\"L&rsquo;Equipe nous apprend que Neymar est arriv\u00e9 \u00e0 Barcelone lundi pour le d\u00e9but de son proc\u00e8s qui porte sur des irr\u00e9gularit\u00e9s pr\u00e9sum\u00e9es lors de son transfert de Santos au FC Barcelone en 2013. &nbsp;Lundi, le proc\u00e8s qui met en cause Neymar pour des malversations datant de son d\u00e9part de Santos au Bar\u00e7a en 2013 a d\u00e9but\u00e9. Comme pr\u00e9vu, le Br\u00e9silien s&rsquo;est pr\u00e9sent\u00e9 devant le tribunal de Barcelone. &nbsp;L&rsquo;ancien pr\u00e9sident du club Josep Maria Bartomeu (2014-2020) a \u00e9galement comparu devant la juridiction catalane, \u00e0 l&rsquo;instar de Sandro Rosell, lui aussi ancien pr\u00e9sident des Blaugrana (2010-2014). \u00a0Annonc\u00e9 en Catalogne en mai 2013 pour un montant officiel de 51,70 M\u20ac, le transfert de l&rsquo;actuel joueur du PSG a suscit\u00e9 des interrogations d\u00e8s 2014, au point d&rsquo;alerter le fisc espagnol, qui consid\u00e8re que le transfert a, en r\u00e9alit\u00e9, avoisin\u00e9 les 107 M\u20ac, bonus compris. Le parquet requiert deux ans de prison contre le joueur. Falil Gadio\" \/>\n<meta property=\"og:url\" content=\"https:\/\/www.public.sn\/index.php\/2022\/10\/17\/neymar-est-arrive-a-barcelone-pour-son-proces\/\" \/>\n<meta property=\"og:site_name\" content=\"LE PUBLIC\" \/>\n<meta property=\"article:published_time\" content=\"2022-10-17T18:06:17+00:00\" \/>\n<meta property=\"article:modified_time\" content=\"2022-10-17T18:06:20+00:00\" \/>\n<meta property=\"og:image\" content=\"https:\/\/www.public.sn\/wp-content\/uploads\/2022\/10\/neymar.jpeg\" \/>\n\t<meta property=\"og:image:width\" content=\"612\" \/>\n\t<meta property=\"og:image:height\" content=\"298\" \/>\n\t<meta property=\"og:image:type\" content=\"image\/jpeg\" \/>\n<meta name=\"author\" content=\"LA REDACTION\" \/>\n<meta name=\"twitter:card\" content=\"summary_large_image\" \/>\n<meta name=\"twitter:label1\" content=\"\u00c9crit par\" \/>\n\t<meta name=\"twitter:data1\" content=\"LA REDACTION\" \/>\n\t<meta name=\"twitter:label2\" content=\"Dur\u00e9e de lecture estim\u00e9e\" \/>\n\t<meta name=\"twitter:data2\" content=\"1 minute\" \/>\n<script type=\"application\/ld+json\" class=\"yoast-schema-graph\">{\"@context\":\"https:\/\/schema.org\",\"@graph\":[{\"@type\":\"Article\",\"@id\":\"https:\/\/www.public.sn\/index.php\/2022\/10\/17\/neymar-est-arrive-a-barcelone-pour-son-proces\/#article\",\"isPartOf\":{\"@id\":\"https:\/\/www.public.sn\/index.php\/2022\/10\/17\/neymar-est-arrive-a-barcelone-pour-son-proces\/\"},\"author\":{\"name\":\"LA REDACTION\",\"@id\":\"https:\/\/www.public.sn\/#\/schema\/person\/e3f4a11b037d4203902db148f9bc8d5a\"},\"headline\":\"Neymar est arriv\u00e9 \u00e0 Barcelone pour son proc\u00e8s.\",\"datePublished\":\"2022-10-17T18:06:17+00:00\",\"dateModified\":\"2022-10-17T18:06:20+00:00\",\"mainEntityOfPage\":{\"@id\":\"https:\/\/www.public.sn\/index.php\/2022\/10\/17\/neymar-est-arrive-a-barcelone-pour-son-proces\/\"},\"wordCount\":172,\"commentCount\":0,\"publisher\":{\"@id\":\"https:\/\/www.public.sn\/#organization\"},\"image\":{\"@id\":\"https:\/\/www.public.sn\/index.php\/2022\/10\/17\/neymar-est-arrive-a-barcelone-pour-son-proces\/#primaryimage\"},\"thumbnailUrl\":\"https:\/\/www.public.sn\/wp-content\/uploads\/2022\/10\/neymar.jpeg\",\"keywords\":[\"Bar\u00e7a\",\"neymar\",\"Proc\u00e8s\"],\"articleSection\":[\"ACTUALIT\u00c9S\",\"AFRIQUE &amp; MONDE\",\"S\u00c9CURIT\u00c9 &amp; JUSTICE\"],\"inLanguage\":\"fr-FR\",\"potentialAction\":[{\"@type\":\"CommentAction\",\"name\":\"Comment\",\"target\":[\"https:\/\/www.public.sn\/index.php\/2022\/10\/17\/neymar-est-arrive-a-barcelone-pour-son-proces\/#respond\"]}]},{\"@type\":\"WebPage\",\"@id\":\"https:\/\/www.public.sn\/index.php\/2022\/10\/17\/neymar-est-arrive-a-barcelone-pour-son-proces\/\",\"url\":\"https:\/\/www.public.sn\/index.php\/2022\/10\/17\/neymar-est-arrive-a-barcelone-pour-son-proces\/\",\"name\":\"Neymar est arriv\u00e9 \u00e0 Barcelone pour son proc\u00e8s. - LE PUBLIC\",\"isPartOf\":{\"@id\":\"https:\/\/www.public.sn\/#website\"},\"primaryImageOfPage\":{\"@id\":\"https:\/\/www.public.sn\/index.php\/2022\/10\/17\/neymar-est-arrive-a-barcelone-pour-son-proces\/#primaryimage\"},\"image\":{\"@id\":\"https:\/\/www.public.sn\/index.php\/2022\/10\/17\/neymar-est-arrive-a-barcelone-pour-son-proces\/#primaryimage\"},\"thumbnailUrl\":\"https:\/\/www.public.sn\/wp-content\/uploads\/2022\/10\/neymar.jpeg\",\"datePublished\":\"2022-10-17T18:06:17+00:00\",\"dateModified\":\"2022-10-17T18:06:20+00:00\",\"breadcrumb\":{\"@id\":\"https:\/\/www.public.sn\/index.php\/2022\/10\/17\/neymar-est-arrive-a-barcelone-pour-son-proces\/#breadcrumb\"},\"inLanguage\":\"fr-FR\",\"potentialAction\":[{\"@type\":\"ReadAction\",\"target\":[\"https:\/\/www.public.sn\/index.php\/2022\/10\/17\/neymar-est-arrive-a-barcelone-pour-son-proces\/\"]}]},{\"@type\":\"ImageObject\",\"inLanguage\":\"fr-FR\",\"@id\":\"https:\/\/www.public.sn\/index.php\/2022\/10\/17\/neymar-est-arrive-a-barcelone-pour-son-proces\/#primaryimage\",\"url\":\"https:\/\/www.public.sn\/wp-content\/uploads\/2022\/10\/neymar.jpeg\",\"contentUrl\":\"https:\/\/www.public.sn\/wp-content\/uploads\/2022\/10\/neymar.jpeg\",\"width\":612,\"height\":298,\"caption\":\"Public sn\"},{\"@type\":\"BreadcrumbList\",\"@id\":\"https:\/\/www.public.sn\/index.php\/2022\/10\/17\/neymar-est-arrive-a-barcelone-pour-son-proces\/#breadcrumb\",\"itemListElement\":[{\"@type\":\"ListItem\",\"position\":1,\"name\":\"Accueil\",\"item\":\"https:\/\/www.public.sn\/\"},{\"@type\":\"ListItem\",\"position\":2,\"name\":\"Neymar est arriv\u00e9 \u00e0 Barcelone pour son proc\u00e8s.\"}]},{\"@type\":\"WebSite\",\"@id\":\"https:\/\/www.public.sn\/#website\",\"url\":\"https:\/\/www.public.sn\/\",\"name\":\"LE PUBLIC\",\"description\":\"\",\"publisher\":{\"@id\":\"https:\/\/www.public.sn\/#organization\"},\"potentialAction\":[{\"@type\":\"SearchAction\",\"target\":{\"@type\":\"EntryPoint\",\"urlTemplate\":\"https:\/\/www.public.sn\/?s={search_term_string}\"},\"query-input\":{\"@type\":\"PropertyValueSpecification\",\"valueRequired\":true,\"valueName\":\"search_term_string\"}}],\"inLanguage\":\"fr-FR\"},{\"@type\":\"Organization\",\"@id\":\"https:\/\/www.public.sn\/#organization\",\"name\":\"LE PUBLIC\",\"url\":\"https:\/\/www.public.sn\/\",\"logo\":{\"@type\":\"ImageObject\",\"inLanguage\":\"fr-FR\",\"@id\":\"https:\/\/www.public.sn\/#\/schema\/logo\/image\/\",\"url\":\"https:\/\/www.public.sn\/wp-content\/uploads\/2024\/05\/cropped-LOGO-PUBLIC.SN_.png\",\"contentUrl\":\"https:\/\/www.public.sn\/wp-content\/uploads\/2024\/05\/cropped-LOGO-PUBLIC.SN_.png\",\"width\":682,\"height\":192,\"caption\":\"LE PUBLIC\"},\"image\":{\"@id\":\"https:\/\/www.public.sn\/#\/schema\/logo\/image\/\"}},{\"@type\":\"Person\",\"@id\":\"https:\/\/www.public.sn\/#\/schema\/person\/e3f4a11b037d4203902db148f9bc8d5a\",\"name\":\"LA REDACTION\",\"image\":{\"@type\":\"ImageObject\",\"inLanguage\":\"fr-FR\",\"@id\":\"https:\/\/www.public.sn\/#\/schema\/person\/image\/\",\"url\":\"https:\/\/secure.gravatar.com\/avatar\/d6c030db45db2883c075085c5d6c6258654a801a93766b49af0b82d4f454e2a5?s=96&d=mm&r=g\",\"contentUrl\":\"https:\/\/secure.gravatar.com\/avatar\/d6c030db45db2883c075085c5d6c6258654a801a93766b49af0b82d4f454e2a5?s=96&d=mm&r=g\",\"caption\":\"LA REDACTION\"},\"sameAs\":[\"http:\/\/www.public.sn\"],\"url\":\"https:\/\/www.public.sn\/index.php\/author\/admin7324\/\"}]}<\/script>\n<!-- \/ Yoast SEO plugin. -->","yoast_head_json":{"title":"Neymar est arriv\u00e9 \u00e0 Barcelone pour son proc\u00e8s. - LE PUBLIC","robots":{"index":"index","follow":"follow","max-snippet":"max-snippet:-1","max-image-preview":"max-image-preview:large","max-video-preview":"max-video-preview:-1"},"canonical":"https:\/\/www.public.sn\/index.php\/2022\/10\/17\/neymar-est-arrive-a-barcelone-pour-son-proces\/","og_locale":"fr_FR","og_type":"article","og_title":"Neymar est arriv\u00e9 \u00e0 Barcelone pour son proc\u00e8s. - LE PUBLIC","og_description":"L&rsquo;Equipe nous apprend que Neymar est arriv\u00e9 \u00e0 Barcelone lundi pour le d\u00e9but de son proc\u00e8s qui porte sur des irr\u00e9gularit\u00e9s pr\u00e9sum\u00e9es lors de son transfert de Santos au FC Barcelone en 2013. &nbsp;Lundi, le proc\u00e8s qui met en cause Neymar pour des malversations datant de son d\u00e9part de Santos au Bar\u00e7a en 2013 a d\u00e9but\u00e9. Comme pr\u00e9vu, le Br\u00e9silien s&rsquo;est pr\u00e9sent\u00e9 devant le tribunal de Barcelone. &nbsp;L&rsquo;ancien pr\u00e9sident du club Josep Maria Bartomeu (2014-2020) a \u00e9galement comparu devant la juridiction catalane, \u00e0 l&rsquo;instar de Sandro Rosell, lui aussi ancien pr\u00e9sident des Blaugrana (2010-2014). \u00a0Annonc\u00e9 en Catalogne en mai 2013 pour un montant officiel de 51,70 M\u20ac, le transfert de l&rsquo;actuel joueur du PSG a suscit\u00e9 des interrogations d\u00e8s 2014, au point d&rsquo;alerter le fisc espagnol, qui consid\u00e8re que le transfert a, en r\u00e9alit\u00e9, avoisin\u00e9 les 107 M\u20ac, bonus compris. Le parquet requiert deux ans de prison contre le joueur. Falil Gadio","og_url":"https:\/\/www.public.sn\/index.php\/2022\/10\/17\/neymar-est-arrive-a-barcelone-pour-son-proces\/","og_site_name":"LE PUBLIC","article_published_time":"2022-10-17T18:06:17+00:00","article_modified_time":"2022-10-17T18:06:20+00:00","og_image":[{"width":612,"height":298,"url":"https:\/\/www.public.sn\/wp-content\/uploads\/2022\/10\/neymar.jpeg","type":"image\/jpeg"}],"author":"LA REDACTION","twitter_card":"summary_large_image","twitter_misc":{"\u00c9crit par":"LA REDACTION","Dur\u00e9e de lecture estim\u00e9e":"1 minute"},"schema":{"@context":"https:\/\/schema.org","@graph":[{"@type":"Article","@id":"https:\/\/www.public.sn\/index.php\/2022\/10\/17\/neymar-est-arrive-a-barcelone-pour-son-proces\/#article","isPartOf":{"@id":"https:\/\/www.public.sn\/index.php\/2022\/10\/17\/neymar-est-arrive-a-barcelone-pour-son-proces\/"},"author":{"name":"LA REDACTION","@id":"https:\/\/www.public.sn\/#\/schema\/person\/e3f4a11b037d4203902db148f9bc8d5a"},"headline":"Neymar est arriv\u00e9 \u00e0 Barcelone pour son proc\u00e8s.","datePublished":"2022-10-17T18:06:17+00:00","dateModified":"2022-10-17T18:06:20+00:00","mainEntityOfPage":{"@id":"https:\/\/www.public.sn\/index.php\/2022\/10\/17\/neymar-est-arrive-a-barcelone-pour-son-proces\/"},"wordCount":172,"commentCount":0,"publisher":{"@id":"https:\/\/www.public.sn\/#organization"},"image":{"@id":"https:\/\/www.public.sn\/index.php\/2022\/10\/17\/neymar-est-arrive-a-barcelone-pour-son-proces\/#primaryimage"},"thumbnailUrl":"https:\/\/www.public.sn\/wp-content\/uploads\/2022\/10\/neymar.jpeg","keywords":["Bar\u00e7a","neymar","Proc\u00e8s"],"articleSection":["ACTUALIT\u00c9S","AFRIQUE &amp; MONDE","S\u00c9CURIT\u00c9 &amp; JUSTICE"],"inLanguage":"fr-FR","potentialAction":[{"@type":"CommentAction","name":"Comment","target":["https:\/\/www.public.sn\/index.php\/2022\/10\/17\/neymar-est-arrive-a-barcelone-pour-son-proces\/#respond"]}]},{"@type":"WebPage","@id":"https:\/\/www.public.sn\/index.php\/2022\/10\/17\/neymar-est-arrive-a-barcelone-pour-son-proces\/","url":"https:\/\/www.public.sn\/index.php\/2022\/10\/17\/neymar-est-arrive-a-barcelone-pour-son-proces\/","name":"Neymar est arriv\u00e9 \u00e0 Barcelone pour son proc\u00e8s. - LE PUBLIC","isPartOf":{"@id":"https:\/\/www.public.sn\/#website"},"primaryImageOfPage":{"@id":"https:\/\/www.public.sn\/index.php\/2022\/10\/17\/neymar-est-arrive-a-barcelone-pour-son-proces\/#primaryimage"},"image":{"@id":"https:\/\/www.public.sn\/index.php\/2022\/10\/17\/neymar-est-arrive-a-barcelone-pour-son-proces\/#primaryimage"},"thumbnailUrl":"https:\/\/www.public.sn\/wp-content\/uploads\/2022\/10\/neymar.jpeg","datePublished":"2022-10-17T18:06:17+00:00","dateModified":"2022-10-17T18:06:20+00:00","breadcrumb":{"@id":"https:\/\/www.public.sn\/index.php\/2022\/10\/17\/neymar-est-arrive-a-barcelone-pour-son-proces\/#breadcrumb"},"inLanguage":"fr-FR","potentialAction":[{"@type":"ReadAction","target":["https:\/\/www.public.sn\/index.php\/2022\/10\/17\/neymar-est-arrive-a-barcelone-pour-son-proces\/"]}]},{"@type":"ImageObject","inLanguage":"fr-FR","@id":"https:\/\/www.public.sn\/index.php\/2022\/10\/17\/neymar-est-arrive-a-barcelone-pour-son-proces\/#primaryimage","url":"https:\/\/www.public.sn\/wp-content\/uploads\/2022\/10\/neymar.jpeg","contentUrl":"https:\/\/www.public.sn\/wp-content\/uploads\/2022\/10\/neymar.jpeg","width":612,"height":298,"caption":"Public sn"},{"@type":"BreadcrumbList","@id":"https:\/\/www.public.sn\/index.php\/2022\/10\/17\/neymar-est-arrive-a-barcelone-pour-son-proces\/#breadcrumb","itemListElement":[{"@type":"ListItem","position":1,"name":"Accueil","item":"https:\/\/www.public.sn\/"},{"@type":"ListItem","position":2,"name":"Neymar est arriv\u00e9 \u00e0 Barcelone pour son proc\u00e8s."}]},{"@type":"WebSite","@id":"https:\/\/www.public.sn\/#website","url":"https:\/\/www.public.sn\/","name":"LE PUBLIC","description":"","publisher":{"@id":"https:\/\/www.public.sn\/#organization"},"potentialAction":[{"@type":"SearchAction","target":{"@type":"EntryPoint","urlTemplate":"https:\/\/www.public.sn\/?s={search_term_string}"},"query-input":{"@type":"PropertyValueSpecification","valueRequired":true,"valueName":"search_term_string"}}],"inLanguage":"fr-FR"},{"@type":"Organization","@id":"https:\/\/www.public.sn\/#organization","name":"LE PUBLIC","url":"https:\/\/www.public.sn\/","logo":{"@type":"ImageObject","inLanguage":"fr-FR","@id":"https:\/\/www.public.sn\/#\/schema\/logo\/image\/","url":"https:\/\/www.public.sn\/wp-content\/uploads\/2024\/05\/cropped-LOGO-PUBLIC.SN_.png","contentUrl":"https:\/\/www.public.sn\/wp-content\/uploads\/2024\/05\/cropped-LOGO-PUBLIC.SN_.png","width":682,"height":192,"caption":"LE PUBLIC"},"image":{"@id":"https:\/\/www.public.sn\/#\/schema\/logo\/image\/"}},{"@type":"Person","@id":"https:\/\/www.public.sn\/#\/schema\/person\/e3f4a11b037d4203902db148f9bc8d5a","name":"LA REDACTION","image":{"@type":"ImageObject","inLanguage":"fr-FR","@id":"https:\/\/www.public.sn\/#\/schema\/person\/image\/","url":"https:\/\/secure.gravatar.com\/avatar\/d6c030db45db2883c075085c5d6c6258654a801a93766b49af0b82d4f454e2a5?s=96&d=mm&r=g","contentUrl":"https:\/\/secure.gravatar.com\/avatar\/d6c030db45db2883c075085c5d6c6258654a801a93766b49af0b82d4f454e2a5?s=96&d=mm&r=g","caption":"LA REDACTION"},"sameAs":["http:\/\/www.public.sn"],"url":"https:\/\/www.public.sn\/index.php\/author\/admin7324\/"}]}},"jetpack_featured_media_url":"https:\/\/www.public.sn\/wp-content\/uploads\/2022\/10\/neymar.jpeg","jetpack_sharing_enabled":true,"_links":{"self":[{"href":"https:\/\/www.public.sn\/index.php\/wp-json\/wp\/v2\/posts\/4980","targetHints":{"allow":["GET"]}}],"collection":[{"href":"https:\/\/www.public.sn\/index.php\/wp-json\/wp\/v2\/posts"}],"about":[{"href":"https:\/\/www.public.sn\/index.php\/wp-json\/wp\/v2\/types\/post"}],"author":[{"embeddable":true,"href":"https:\/\/www.public.sn\/index.php\/wp-json\/wp\/v2\/users\/1"}],"replies":[{"embeddable":true,"href":"https:\/\/www.public.sn\/index.php\/wp-json\/wp\/v2\/comments?post=4980"}],"version-history":[{"count":1,"href":"https:\/\/www.public.sn\/index.php\/wp-json\/wp\/v2\/posts\/4980\/revisions"}],"predecessor-version":[{"id":4982,"href":"https:\/\/www.public.sn\/index.php\/wp-json\/wp\/v2\/posts\/4980\/revisions\/4982"}],"wp:featuredmedia":[{"embeddable":true,"href":"https:\/\/www.public.sn\/index.php\/wp-json\/wp\/v2\/media\/4981"}],"wp:attachment":[{"href":"https:\/\/www.public.sn\/index.php\/wp-json\/wp\/v2\/media?parent=4980"}],"wp:term":[{"taxonomy":"category","embeddable":true,"href":"https:\/\/www.public.sn\/index.php\/wp-json\/wp\/v2\/categories?post=4980"},{"taxonomy":"post_tag","embeddable":true,"href":"https:\/\/www.public.sn\/index.php\/wp-json\/wp\/v2\/tags?post=4980"}],"curies":[{"name":"wp","href":"https:\/\/api.w.org\/{rel}","templated":true}]}}