{"id":5027,"date":"2022-10-18T08:50:19","date_gmt":"2022-10-18T08:50:19","guid":{"rendered":"https:\/\/www.public.sn\/?p=5027"},"modified":"2022-10-18T08:50:21","modified_gmt":"2022-10-18T08:50:21","slug":"barbarie-et-cannibalisme-au-proces-du-chef-rebelle-liberien-kunti-kamara","status":"publish","type":"post","link":"https:\/\/www.public.sn\/index.php\/2022\/10\/18\/barbarie-et-cannibalisme-au-proces-du-chef-rebelle-liberien-kunti-kamara\/","title":{"rendered":"Barbarie et cannibalisme au proc\u00e8s du chef rebelle lib\u00e9rien Kunti Kamara."},"content":{"rendered":"\n<p><strong>Au proc\u00e8s de l&rsquo;ancien commandant des rebelles de l&rsquo;Ulimo qui combattait \u00e0 l&rsquo;\u00e9poque de Charles Taylor, le meurtre particuli\u00e8rement sordide de David Ndeminin a \u00e9t\u00e9 abord\u00e9 ce lundi 17 octobre\u00a0devant la cour d&rsquo;assise de Paris.\u00a0Kunti Kamara est accus\u00e9 de complicit\u00e9 de crimes contre l\u2019humanit\u00e9, actes de torture et de barbarie lors de la guerre civile au Liberia.\u00a0<\/strong>D&rsquo;apr\u00e8s RFI<\/p><div class=\"publi-paragraphe1\" style=\"margin-top: 10px;margin-bottom: 10px;margin-left: auto;margin-right: auto;text-align: center;\" id=\"publi-895967636\"><div class=\"publi-adlabel\">Publicit\u00e9<\/div><script async src=\"\/\/pagead2.googlesyndication.com\/pagead\/js\/adsbygoogle.js?client=ca-pub-4089586018074219\" crossorigin=\"anonymous\"><\/script><ins class=\"adsbygoogle\" style=\"display:block;\" data-ad-client=\"ca-pub-4089586018074219\" \ndata-ad-slot=\"2087940154\" \ndata-ad-format=\"auto\"><\/ins>\n<script> \n(adsbygoogle = window.adsbygoogle || []).push({}); \n<\/script>\n<\/div>\n\n\n\n<p>    <\/p>\n\n\n\n<p>Un t\u00e9moin direct est venu \u00e0 la barre lundi raconter&nbsp;<a href=\"https:\/\/www.rfi.fr\/fr\/afrique\/20221014-r%C3%A9cits-d-horreur-au-proc%C3%A8s-du-chef-rebelle-lib%C3%A9rien-kunti-kamara-%C3%A0-paris\"><strong>des sc\u00e8nes d\u2019horreur<\/strong><\/a>&nbsp;commises \u00e0 Foya, dans le nord-est du Liberia entre 1993 et 1994.&nbsp;Jasper \u00e9tait comptable au coll\u00e8ge. Il a racont\u00e9 comment David Ndeminin&nbsp;avait subi un v\u00e9ritable supplice.<\/p>\n\n\n\n<p>L\u2019enseignant avait rapport\u00e9 \u00e0 une ONG su\u00e9doise que l\u2019Ulimo,&nbsp;<a href=\"https:\/\/www.rfi.fr\/fr\/afrique\/20221010-premier-proc%C3%A8s-en-france-d-un-ancien-chef-de-guerre-lib%C3%A9rien\"><strong>le mouvement de Kunti Kamara<\/strong><\/a>,&nbsp;avait pill\u00e9 et d\u00e9truit l\u2019\u00e9glise et l\u2019h\u00f4pital. Les rebelles l\u2019avaient appris, avaient arr\u00eat\u00e9 et tabass\u00e9 David Ndeminin. \u00ab<em>&nbsp;Ils l\u2019ont accus\u00e9 d\u2019\u00eatre un tra\u00eetre,&nbsp;<\/em>a racont\u00e9 le t\u00e9moin devant la cour d&rsquo;assises de Paris.&nbsp;<em>Il criait de douleur.&nbsp;<\/em>\u00bb&nbsp;\u00ab<em>&nbsp;Puis ils lui ont fait subir la torture du Tab\u00e9 en attachant ses coudes dans le dos pour faire ressortir sa poitrine, comme un canard<\/em>&nbsp;\u00bb, a expliqu\u00e9 Jasper.<\/p>\n\n\n\n<p>Un rebelle surnomm\u00e9 Ugly Boy lui a ensuite ouvert le torse avec une hache, lui a arrach\u00e9 le c\u0153ur avant de le servir sur un plat. L\u2019organe a ensuite \u00e9t\u00e9 tranch\u00e9 et mang\u00e9 par les officiers de l\u2019Ulimo. Kunti Kamara \u00e9tait l\u00e0 tout du long et a particip\u00e9, selon le t\u00e9moin.<\/p>\n\n\n\n<p>Un acte atroce commis devant plusieurs dizaines d\u2019habitants pour avertir la population de ce qui leur arriverait si elle trahissait l\u2019Ulimo. \u00ab&nbsp;<em>\u00c7a d\u00e9passait l\u2019entendement, les gens \u00e9taient forc\u00e9s de regarder. Je n&rsquo;oublierai jamais. Comment peut-on faire \u00e7a \u00e0 un autre \u00eatre humain&nbsp;?<\/em>&nbsp;\u00bb a demand\u00e9 Jasper qui a fondu&nbsp;plusieurs fois en larmes durant son t\u00e9moignage.<\/p>\n\n\n\n<p>\u00ab&nbsp;<em>\u00c7a a \u00e9t\u00e9 tr\u00e8s, tr\u00e8s&nbsp;douloureux de parler&nbsp;\u00e0 cause de toutes ces horreurs,&nbsp;<\/em>a-t-il confi\u00e9.&nbsp;<em>\u00c7a a \u00e9t\u00e9 un choc psychologique. Mais obtenir justice n\u2019est pas facile. Aujourd\u2019hui, la justice a \u00e9t\u00e9 entendue. Que ce soit pour le cannibalisme, les viols, le travail forc\u00e9, les pillages, \u00e7a m\u2019a procur\u00e9 une grande joie de pouvoir \u00eatre entendu. Car je ne pouvais rien faire d\u2019autre que dire la v\u00e9rit\u00e9. Parce que Kunti Kamara a \u00e9t\u00e9 arr\u00eat\u00e9. Donc je n\u2019avais plus peur de lui.&nbsp;<\/em>\u00bb<\/p>\n\n\n\n<h2 class=\"wp-block-heading\">La d\u00e9fense tente de fragiliser les t\u00e9moignages<\/h2>\n\n\n\n<p>Face \u00e0 cela,&nbsp;<a href=\"https:\/\/www.rfi.fr\/fr\/afrique\/20221011-liberia-la-justice-fran%C3%A7aise-se-penche-sur-la-personnalit%C3%A9-de-kunti-camara\"><strong>Kunti Kamara, qui se dit innocent<\/strong><\/a>&nbsp;depuis le d\u00e9but du proc\u00e8s, a continu\u00e9 de nier.&nbsp;\u00ab&nbsp;<em>Entendre \u00e7a, \u00e7a me donne envie de vomir. Je suis musulman, je ne mange m\u00eame pas de porc&nbsp;<\/em>\u00bb, a d\u00e9clar\u00e9 l\u2019ancien rebelle. Lui&nbsp;affirme&nbsp;ne pas avoir commis les crimes dont on l\u2019accuse. Il d\u00e9clare n\u2019avoir jamais rencontr\u00e9 les t\u00e9moins qui ont d\u00e9pos\u00e9 contre lui dans le proc\u00e8s.<\/p>\n\n\n\n<p>Selon lui, il y aurait derri\u00e8re tout cela un r\u00e9seau au Liberia&nbsp;dont le cerveau serait un responsable humanitaire local&nbsp;qui aurait pay\u00e9 ces gens pour t\u00e9moigner contre lui. Avec notamment des promesses de pouvoir aller vivre en Europe. Un des t\u00e9moins lib\u00e9riens vivant en France, qui a h\u00e9berg\u00e9 Kunti Kamara, dit croire en l\u2019influence de ce r\u00e9seau, m\u00eame si, pour l\u2019instant, aucune preuve de son existence n\u2019a \u00e9t\u00e9 apport\u00e9e.<\/p>\n\n\n\n<p>Les avocats de Kamara se concentrent sur les diff\u00e9rences de d\u00e9clarations des t\u00e9moins entre ce qui\u00a0a pu \u00eatre dit\u00a0devant le juge d\u2019instruction et ce qui est dit aujourd\u2019hui \u00e0 la cour d\u2019assises. Des variations aussi entre les versions donn\u00e9es par les diff\u00e9rents t\u00e9moins. Ils ont aussi attaqu\u00e9 l\u2019enqu\u00eate fran\u00e7aise, pointant particuli\u00e8rement l\u2019absence de preuves ADN ou de preuves mat\u00e9rielles qui font que, 28 ans apr\u00e8s les faits, le dossier repose essentiellement sur ces t\u00e9moignages que la d\u00e9fense tente de fragilis<\/p>\n\n\n\n<p><\/p>\n<div class=\"publi-apres-le-contenu\" style=\"margin-top: 10px;margin-bottom: 10px;margin-left: auto;margin-right: auto;text-align: center;\" id=\"publi-3802104434\"><div class=\"publi-adlabel\">Publicit\u00e9<\/div><script async src=\"\/\/pagead2.googlesyndication.com\/pagead\/js\/adsbygoogle.js?client=ca-pub-4089586018074219\" crossorigin=\"anonymous\"><\/script><ins class=\"adsbygoogle\" style=\"display:block;\" data-ad-client=\"ca-pub-4089586018074219\" \ndata-ad-slot=\"2087940154\" \ndata-ad-format=\"auto\"><\/ins>\n<script> \n(adsbygoogle = window.adsbygoogle || []).push({}); \n<\/script>\n<\/div>","protected":false},"excerpt":{"rendered":"<p>Au proc\u00e8s de l&rsquo;ancien commandant des rebelles de l&rsquo;Ulimo qui combattait \u00e0 l&rsquo;\u00e9poque de Charles Taylor, le meurtre particuli\u00e8rement sordide de David Ndeminin a \u00e9t\u00e9 abord\u00e9 ce lundi 17 octobre\u00a0devant la cour d&rsquo;assise de Paris.\u00a0Kunti Kamara est accus\u00e9 de complicit\u00e9 de crimes contre l\u2019humanit\u00e9, actes de torture et de barbarie lors de la guerre civile au Liberia.\u00a0D&rsquo;apr\u00e8s RFI Un t\u00e9moin direct est venu \u00e0 la barre lundi raconter&nbsp;des sc\u00e8nes d\u2019horreur&nbsp;commises \u00e0 Foya, dans le nord-est du Liberia entre 1993 et 1994.&nbsp;Jasper \u00e9tait comptable au coll\u00e8ge. Il a racont\u00e9 comment David Ndeminin&nbsp;avait subi un v\u00e9ritable supplice. L\u2019enseignant avait rapport\u00e9 \u00e0 une ONG su\u00e9doise que l\u2019Ulimo,&nbsp;le mouvement de Kunti Kamara,&nbsp;avait pill\u00e9 et d\u00e9truit l\u2019\u00e9glise et l\u2019h\u00f4pital. Les rebelles l\u2019avaient appris, avaient arr\u00eat\u00e9 et tabass\u00e9 David Ndeminin. \u00ab&nbsp;Ils l\u2019ont accus\u00e9 d\u2019\u00eatre un tra\u00eetre,&nbsp;a racont\u00e9 le t\u00e9moin devant la cour d&rsquo;assises de Paris.&nbsp;Il criait de douleur.&nbsp;\u00bb&nbsp;\u00ab&nbsp;Puis ils lui ont fait subir la torture du Tab\u00e9 en attachant ses coudes dans le dos pour faire ressortir sa poitrine, comme un canard&nbsp;\u00bb, a expliqu\u00e9 Jasper. Un rebelle surnomm\u00e9 Ugly Boy lui a ensuite ouvert le torse avec une hache, lui a arrach\u00e9 le c\u0153ur avant de le servir sur un plat. L\u2019organe a ensuite \u00e9t\u00e9 tranch\u00e9 et mang\u00e9 par les officiers de l\u2019Ulimo. Kunti Kamara \u00e9tait l\u00e0 tout du long et a particip\u00e9, selon le t\u00e9moin. Un acte atroce commis devant plusieurs dizaines d\u2019habitants pour avertir la population de ce qui leur arriverait si elle trahissait l\u2019Ulimo. \u00ab&nbsp;\u00c7a d\u00e9passait l\u2019entendement, les gens \u00e9taient forc\u00e9s de regarder. Je n&rsquo;oublierai jamais. Comment peut-on faire \u00e7a \u00e0 un autre \u00eatre humain&nbsp;?&nbsp;\u00bb a demand\u00e9 Jasper qui a fondu&nbsp;plusieurs fois en larmes durant son t\u00e9moignage. \u00ab&nbsp;\u00c7a a \u00e9t\u00e9 tr\u00e8s, tr\u00e8s&nbsp;douloureux de parler&nbsp;\u00e0 cause de toutes ces horreurs,&nbsp;a-t-il confi\u00e9.&nbsp;\u00c7a a \u00e9t\u00e9 un choc psychologique. Mais obtenir justice n\u2019est pas facile. Aujourd\u2019hui, la justice a \u00e9t\u00e9 entendue. Que ce soit pour le cannibalisme, les viols, le travail forc\u00e9, les pillages, \u00e7a m\u2019a procur\u00e9 une grande joie de pouvoir \u00eatre entendu. Car je ne pouvais rien faire d\u2019autre que dire la v\u00e9rit\u00e9. Parce que Kunti Kamara a \u00e9t\u00e9 arr\u00eat\u00e9. Donc je n\u2019avais plus peur de lui.&nbsp;\u00bb La d\u00e9fense tente de fragiliser les t\u00e9moignages Face \u00e0 cela,&nbsp;Kunti Kamara, qui se dit innocent&nbsp;depuis le d\u00e9but du proc\u00e8s, a continu\u00e9 de nier.&nbsp;\u00ab&nbsp;Entendre \u00e7a, \u00e7a me donne envie de vomir. Je suis musulman, je ne mange m\u00eame pas de porc&nbsp;\u00bb, a d\u00e9clar\u00e9 l\u2019ancien rebelle. Lui&nbsp;affirme&nbsp;ne pas avoir commis les crimes dont on l\u2019accuse. Il d\u00e9clare n\u2019avoir jamais rencontr\u00e9 les t\u00e9moins qui ont d\u00e9pos\u00e9 contre lui dans le proc\u00e8s. Selon lui, il y aurait derri\u00e8re tout cela un r\u00e9seau au Liberia&nbsp;dont le cerveau serait un responsable humanitaire local&nbsp;qui aurait pay\u00e9 ces gens pour t\u00e9moigner contre lui. Avec notamment des promesses de pouvoir aller vivre en Europe. Un des t\u00e9moins lib\u00e9riens vivant en France, qui a h\u00e9berg\u00e9 Kunti Kamara, dit croire en l\u2019influence de ce r\u00e9seau, m\u00eame si, pour l\u2019instant, aucune preuve de son existence n\u2019a \u00e9t\u00e9 apport\u00e9e. Les avocats de Kamara se concentrent sur les diff\u00e9rences de d\u00e9clarations des t\u00e9moins entre ce qui\u00a0a pu \u00eatre dit\u00a0devant le juge d\u2019instruction et ce qui est dit aujourd\u2019hui \u00e0 la cour d\u2019assises. Des variations aussi entre les versions donn\u00e9es par les diff\u00e9rents t\u00e9moins. Ils ont aussi attaqu\u00e9 l\u2019enqu\u00eate fran\u00e7aise, pointant particuli\u00e8rement l\u2019absence de preuves ADN ou de preuves mat\u00e9rielles qui font que, 28 ans apr\u00e8s les faits, le dossier repose essentiellement sur ces t\u00e9moignages que la d\u00e9fense tente de fragilis<\/p>\n","protected":false},"author":7,"featured_media":5028,"comment_status":"open","ping_status":"open","sticky":false,"template":"","format":"standard","meta":{"_jetpack_memberships_contains_paid_content":false,"footnotes":""},"categories":[375,550,376],"tags":[1661,1662,611],"class_list":["post-5027","post","type-post","status-publish","format-standard","has-post-thumbnail","hentry","category-actualites","category-afrique-monde","category-securite-justice","tag-crime","tag-guerre-siera-leone","tag-proces","entry","has-media","owp-thumbs-layout-horizontal","owp-btn-normal","owp-tabs-layout-horizontal","has-no-thumbnails","has-product-nav"],"yoast_head":"<!-- This site is optimized with the Yoast SEO plugin v25.5 - https:\/\/yoast.com\/wordpress\/plugins\/seo\/ -->\n<title>Barbarie et cannibalisme au proc\u00e8s du chef rebelle lib\u00e9rien Kunti Kamara. - LE PUBLIC<\/title>\n<meta name=\"robots\" content=\"index, follow, max-snippet:-1, max-image-preview:large, max-video-preview:-1\" \/>\n<link rel=\"canonical\" href=\"https:\/\/www.public.sn\/index.php\/2022\/10\/18\/barbarie-et-cannibalisme-au-proces-du-chef-rebelle-liberien-kunti-kamara\/\" \/>\n<meta property=\"og:locale\" content=\"fr_FR\" \/>\n<meta property=\"og:type\" content=\"article\" \/>\n<meta property=\"og:title\" content=\"Barbarie et cannibalisme au proc\u00e8s du chef rebelle lib\u00e9rien Kunti Kamara. - LE PUBLIC\" \/>\n<meta property=\"og:description\" content=\"Au proc\u00e8s de l&rsquo;ancien commandant des rebelles de l&rsquo;Ulimo qui combattait \u00e0 l&rsquo;\u00e9poque de Charles Taylor, le meurtre particuli\u00e8rement sordide de David Ndeminin a \u00e9t\u00e9 abord\u00e9 ce lundi 17 octobre\u00a0devant la cour d&rsquo;assise de Paris.\u00a0Kunti Kamara est accus\u00e9 de complicit\u00e9 de crimes contre l\u2019humanit\u00e9, actes de torture et de barbarie lors de la guerre civile au Liberia.\u00a0D&rsquo;apr\u00e8s RFI Un t\u00e9moin direct est venu \u00e0 la barre lundi raconter&nbsp;des sc\u00e8nes d\u2019horreur&nbsp;commises \u00e0 Foya, dans le nord-est du Liberia entre 1993 et 1994.&nbsp;Jasper \u00e9tait comptable au coll\u00e8ge. Il a racont\u00e9 comment David Ndeminin&nbsp;avait subi un v\u00e9ritable supplice. L\u2019enseignant avait rapport\u00e9 \u00e0 une ONG su\u00e9doise que l\u2019Ulimo,&nbsp;le mouvement de Kunti Kamara,&nbsp;avait pill\u00e9 et d\u00e9truit l\u2019\u00e9glise et l\u2019h\u00f4pital. Les rebelles l\u2019avaient appris, avaient arr\u00eat\u00e9 et tabass\u00e9 David Ndeminin. \u00ab&nbsp;Ils l\u2019ont accus\u00e9 d\u2019\u00eatre un tra\u00eetre,&nbsp;a racont\u00e9 le t\u00e9moin devant la cour d&rsquo;assises de Paris.&nbsp;Il criait de douleur.&nbsp;\u00bb&nbsp;\u00ab&nbsp;Puis ils lui ont fait subir la torture du Tab\u00e9 en attachant ses coudes dans le dos pour faire ressortir sa poitrine, comme un canard&nbsp;\u00bb, a expliqu\u00e9 Jasper. Un rebelle surnomm\u00e9 Ugly Boy lui a ensuite ouvert le torse avec une hache, lui a arrach\u00e9 le c\u0153ur avant de le servir sur un plat. L\u2019organe a ensuite \u00e9t\u00e9 tranch\u00e9 et mang\u00e9 par les officiers de l\u2019Ulimo. Kunti Kamara \u00e9tait l\u00e0 tout du long et a particip\u00e9, selon le t\u00e9moin. Un acte atroce commis devant plusieurs dizaines d\u2019habitants pour avertir la population de ce qui leur arriverait si elle trahissait l\u2019Ulimo. \u00ab&nbsp;\u00c7a d\u00e9passait l\u2019entendement, les gens \u00e9taient forc\u00e9s de regarder. Je n&rsquo;oublierai jamais. Comment peut-on faire \u00e7a \u00e0 un autre \u00eatre humain&nbsp;?&nbsp;\u00bb a demand\u00e9 Jasper qui a fondu&nbsp;plusieurs fois en larmes durant son t\u00e9moignage. \u00ab&nbsp;\u00c7a a \u00e9t\u00e9 tr\u00e8s, tr\u00e8s&nbsp;douloureux de parler&nbsp;\u00e0 cause de toutes ces horreurs,&nbsp;a-t-il confi\u00e9.&nbsp;\u00c7a a \u00e9t\u00e9 un choc psychologique. Mais obtenir justice n\u2019est pas facile. Aujourd\u2019hui, la justice a \u00e9t\u00e9 entendue. Que ce soit pour le cannibalisme, les viols, le travail forc\u00e9, les pillages, \u00e7a m\u2019a procur\u00e9 une grande joie de pouvoir \u00eatre entendu. Car je ne pouvais rien faire d\u2019autre que dire la v\u00e9rit\u00e9. Parce que Kunti Kamara a \u00e9t\u00e9 arr\u00eat\u00e9. Donc je n\u2019avais plus peur de lui.&nbsp;\u00bb La d\u00e9fense tente de fragiliser les t\u00e9moignages Face \u00e0 cela,&nbsp;Kunti Kamara, qui se dit innocent&nbsp;depuis le d\u00e9but du proc\u00e8s, a continu\u00e9 de nier.&nbsp;\u00ab&nbsp;Entendre \u00e7a, \u00e7a me donne envie de vomir. Je suis musulman, je ne mange m\u00eame pas de porc&nbsp;\u00bb, a d\u00e9clar\u00e9 l\u2019ancien rebelle. Lui&nbsp;affirme&nbsp;ne pas avoir commis les crimes dont on l\u2019accuse. Il d\u00e9clare n\u2019avoir jamais rencontr\u00e9 les t\u00e9moins qui ont d\u00e9pos\u00e9 contre lui dans le proc\u00e8s. Selon lui, il y aurait derri\u00e8re tout cela un r\u00e9seau au Liberia&nbsp;dont le cerveau serait un responsable humanitaire local&nbsp;qui aurait pay\u00e9 ces gens pour t\u00e9moigner contre lui. Avec notamment des promesses de pouvoir aller vivre en Europe. Un des t\u00e9moins lib\u00e9riens vivant en France, qui a h\u00e9berg\u00e9 Kunti Kamara, dit croire en l\u2019influence de ce r\u00e9seau, m\u00eame si, pour l\u2019instant, aucune preuve de son existence n\u2019a \u00e9t\u00e9 apport\u00e9e. Les avocats de Kamara se concentrent sur les diff\u00e9rences de d\u00e9clarations des t\u00e9moins entre ce qui\u00a0a pu \u00eatre dit\u00a0devant le juge d\u2019instruction et ce qui est dit aujourd\u2019hui \u00e0 la cour d\u2019assises. Des variations aussi entre les versions donn\u00e9es par les diff\u00e9rents t\u00e9moins. Ils ont aussi attaqu\u00e9 l\u2019enqu\u00eate fran\u00e7aise, pointant particuli\u00e8rement l\u2019absence de preuves ADN ou de preuves mat\u00e9rielles qui font que, 28 ans apr\u00e8s les faits, le dossier repose essentiellement sur ces t\u00e9moignages que la d\u00e9fense tente de fragilis\" \/>\n<meta property=\"og:url\" content=\"https:\/\/www.public.sn\/index.php\/2022\/10\/18\/barbarie-et-cannibalisme-au-proces-du-chef-rebelle-liberien-kunti-kamara\/\" \/>\n<meta property=\"og:site_name\" content=\"LE PUBLIC\" \/>\n<meta property=\"article:published_time\" content=\"2022-10-18T08:50:19+00:00\" \/>\n<meta property=\"article:modified_time\" content=\"2022-10-18T08:50:21+00:00\" \/>\n<meta property=\"og:image\" content=\"https:\/\/www.public.sn\/wp-content\/uploads\/2022\/10\/sierra-leone-pic.png\" \/>\n\t<meta property=\"og:image:width\" content=\"610\" \/>\n\t<meta property=\"og:image:height\" content=\"390\" \/>\n\t<meta property=\"og:image:type\" content=\"image\/png\" \/>\n<meta name=\"author\" content=\"LA REDACTION\" \/>\n<meta name=\"twitter:card\" content=\"summary_large_image\" \/>\n<meta name=\"twitter:label1\" content=\"\u00c9crit par\" \/>\n\t<meta name=\"twitter:data1\" content=\"LA REDACTION\" \/>\n\t<meta name=\"twitter:label2\" content=\"Dur\u00e9e de lecture estim\u00e9e\" \/>\n\t<meta name=\"twitter:data2\" content=\"4 minutes\" \/>\n<script type=\"application\/ld+json\" class=\"yoast-schema-graph\">{\"@context\":\"https:\/\/schema.org\",\"@graph\":[{\"@type\":\"Article\",\"@id\":\"https:\/\/www.public.sn\/index.php\/2022\/10\/18\/barbarie-et-cannibalisme-au-proces-du-chef-rebelle-liberien-kunti-kamara\/#article\",\"isPartOf\":{\"@id\":\"https:\/\/www.public.sn\/index.php\/2022\/10\/18\/barbarie-et-cannibalisme-au-proces-du-chef-rebelle-liberien-kunti-kamara\/\"},\"author\":{\"name\":\"LA REDACTION\",\"@id\":\"https:\/\/www.public.sn\/#\/schema\/person\/cb76c8e1b8becc6be61fb5e92d6d0224\"},\"headline\":\"Barbarie et cannibalisme au proc\u00e8s du chef rebelle lib\u00e9rien Kunti Kamara.\",\"datePublished\":\"2022-10-18T08:50:19+00:00\",\"dateModified\":\"2022-10-18T08:50:21+00:00\",\"mainEntityOfPage\":{\"@id\":\"https:\/\/www.public.sn\/index.php\/2022\/10\/18\/barbarie-et-cannibalisme-au-proces-du-chef-rebelle-liberien-kunti-kamara\/\"},\"wordCount\":712,\"commentCount\":0,\"publisher\":{\"@id\":\"https:\/\/www.public.sn\/#organization\"},\"image\":{\"@id\":\"https:\/\/www.public.sn\/index.php\/2022\/10\/18\/barbarie-et-cannibalisme-au-proces-du-chef-rebelle-liberien-kunti-kamara\/#primaryimage\"},\"thumbnailUrl\":\"https:\/\/www.public.sn\/wp-content\/uploads\/2022\/10\/sierra-leone-pic.png\",\"keywords\":[\"Crime\",\"Guerre Siera Leone\",\"Proc\u00e8s\"],\"articleSection\":[\"ACTUALIT\u00c9S\",\"AFRIQUE &amp; MONDE\",\"S\u00c9CURIT\u00c9 &amp; JUSTICE\"],\"inLanguage\":\"fr-FR\",\"potentialAction\":[{\"@type\":\"CommentAction\",\"name\":\"Comment\",\"target\":[\"https:\/\/www.public.sn\/index.php\/2022\/10\/18\/barbarie-et-cannibalisme-au-proces-du-chef-rebelle-liberien-kunti-kamara\/#respond\"]}]},{\"@type\":\"WebPage\",\"@id\":\"https:\/\/www.public.sn\/index.php\/2022\/10\/18\/barbarie-et-cannibalisme-au-proces-du-chef-rebelle-liberien-kunti-kamara\/\",\"url\":\"https:\/\/www.public.sn\/index.php\/2022\/10\/18\/barbarie-et-cannibalisme-au-proces-du-chef-rebelle-liberien-kunti-kamara\/\",\"name\":\"Barbarie et cannibalisme au proc\u00e8s du chef rebelle lib\u00e9rien Kunti Kamara. - LE PUBLIC\",\"isPartOf\":{\"@id\":\"https:\/\/www.public.sn\/#website\"},\"primaryImageOfPage\":{\"@id\":\"https:\/\/www.public.sn\/index.php\/2022\/10\/18\/barbarie-et-cannibalisme-au-proces-du-chef-rebelle-liberien-kunti-kamara\/#primaryimage\"},\"image\":{\"@id\":\"https:\/\/www.public.sn\/index.php\/2022\/10\/18\/barbarie-et-cannibalisme-au-proces-du-chef-rebelle-liberien-kunti-kamara\/#primaryimage\"},\"thumbnailUrl\":\"https:\/\/www.public.sn\/wp-content\/uploads\/2022\/10\/sierra-leone-pic.png\",\"datePublished\":\"2022-10-18T08:50:19+00:00\",\"dateModified\":\"2022-10-18T08:50:21+00:00\",\"breadcrumb\":{\"@id\":\"https:\/\/www.public.sn\/index.php\/2022\/10\/18\/barbarie-et-cannibalisme-au-proces-du-chef-rebelle-liberien-kunti-kamara\/#breadcrumb\"},\"inLanguage\":\"fr-FR\",\"potentialAction\":[{\"@type\":\"ReadAction\",\"target\":[\"https:\/\/www.public.sn\/index.php\/2022\/10\/18\/barbarie-et-cannibalisme-au-proces-du-chef-rebelle-liberien-kunti-kamara\/\"]}]},{\"@type\":\"ImageObject\",\"inLanguage\":\"fr-FR\",\"@id\":\"https:\/\/www.public.sn\/index.php\/2022\/10\/18\/barbarie-et-cannibalisme-au-proces-du-chef-rebelle-liberien-kunti-kamara\/#primaryimage\",\"url\":\"https:\/\/www.public.sn\/wp-content\/uploads\/2022\/10\/sierra-leone-pic.png\",\"contentUrl\":\"https:\/\/www.public.sn\/wp-content\/uploads\/2022\/10\/sierra-leone-pic.png\",\"width\":610,\"height\":390,\"caption\":\"Pubblic sn\"},{\"@type\":\"BreadcrumbList\",\"@id\":\"https:\/\/www.public.sn\/index.php\/2022\/10\/18\/barbarie-et-cannibalisme-au-proces-du-chef-rebelle-liberien-kunti-kamara\/#breadcrumb\",\"itemListElement\":[{\"@type\":\"ListItem\",\"position\":1,\"name\":\"Accueil\",\"item\":\"https:\/\/www.public.sn\/\"},{\"@type\":\"ListItem\",\"position\":2,\"name\":\"Barbarie et cannibalisme au proc\u00e8s du chef rebelle lib\u00e9rien Kunti Kamara.\"}]},{\"@type\":\"WebSite\",\"@id\":\"https:\/\/www.public.sn\/#website\",\"url\":\"https:\/\/www.public.sn\/\",\"name\":\"LE PUBLIC\",\"description\":\"\",\"publisher\":{\"@id\":\"https:\/\/www.public.sn\/#organization\"},\"potentialAction\":[{\"@type\":\"SearchAction\",\"target\":{\"@type\":\"EntryPoint\",\"urlTemplate\":\"https:\/\/www.public.sn\/?s={search_term_string}\"},\"query-input\":{\"@type\":\"PropertyValueSpecification\",\"valueRequired\":true,\"valueName\":\"search_term_string\"}}],\"inLanguage\":\"fr-FR\"},{\"@type\":\"Organization\",\"@id\":\"https:\/\/www.public.sn\/#organization\",\"name\":\"LE PUBLIC\",\"url\":\"https:\/\/www.public.sn\/\",\"logo\":{\"@type\":\"ImageObject\",\"inLanguage\":\"fr-FR\",\"@id\":\"https:\/\/www.public.sn\/#\/schema\/logo\/image\/\",\"url\":\"https:\/\/www.public.sn\/wp-content\/uploads\/2024\/05\/cropped-LOGO-PUBLIC.SN_.png\",\"contentUrl\":\"https:\/\/www.public.sn\/wp-content\/uploads\/2024\/05\/cropped-LOGO-PUBLIC.SN_.png\",\"width\":682,\"height\":192,\"caption\":\"LE PUBLIC\"},\"image\":{\"@id\":\"https:\/\/www.public.sn\/#\/schema\/logo\/image\/\"}},{\"@type\":\"Person\",\"@id\":\"https:\/\/www.public.sn\/#\/schema\/person\/cb76c8e1b8becc6be61fb5e92d6d0224\",\"name\":\"LA REDACTION\",\"image\":{\"@type\":\"ImageObject\",\"inLanguage\":\"fr-FR\",\"@id\":\"https:\/\/www.public.sn\/#\/schema\/person\/image\/\",\"url\":\"https:\/\/secure.gravatar.com\/avatar\/2dce5ddd34b8fef0180efe03aa2a9bee7d953856048f9a16b298190a3178407c?s=96&d=mm&r=g\",\"contentUrl\":\"https:\/\/secure.gravatar.com\/avatar\/2dce5ddd34b8fef0180efe03aa2a9bee7d953856048f9a16b298190a3178407c?s=96&d=mm&r=g\",\"caption\":\"LA REDACTION\"},\"url\":\"https:\/\/www.public.sn\/index.php\/author\/editeurpsn\/\"}]}<\/script>\n<!-- \/ Yoast SEO plugin. -->","yoast_head_json":{"title":"Barbarie et cannibalisme au proc\u00e8s du chef rebelle lib\u00e9rien Kunti Kamara. - LE PUBLIC","robots":{"index":"index","follow":"follow","max-snippet":"max-snippet:-1","max-image-preview":"max-image-preview:large","max-video-preview":"max-video-preview:-1"},"canonical":"https:\/\/www.public.sn\/index.php\/2022\/10\/18\/barbarie-et-cannibalisme-au-proces-du-chef-rebelle-liberien-kunti-kamara\/","og_locale":"fr_FR","og_type":"article","og_title":"Barbarie et cannibalisme au proc\u00e8s du chef rebelle lib\u00e9rien Kunti Kamara. - LE PUBLIC","og_description":"Au proc\u00e8s de l&rsquo;ancien commandant des rebelles de l&rsquo;Ulimo qui combattait \u00e0 l&rsquo;\u00e9poque de Charles Taylor, le meurtre particuli\u00e8rement sordide de David Ndeminin a \u00e9t\u00e9 abord\u00e9 ce lundi 17 octobre\u00a0devant la cour d&rsquo;assise de Paris.\u00a0Kunti Kamara est accus\u00e9 de complicit\u00e9 de crimes contre l\u2019humanit\u00e9, actes de torture et de barbarie lors de la guerre civile au Liberia.\u00a0D&rsquo;apr\u00e8s RFI Un t\u00e9moin direct est venu \u00e0 la barre lundi raconter&nbsp;des sc\u00e8nes d\u2019horreur&nbsp;commises \u00e0 Foya, dans le nord-est du Liberia entre 1993 et 1994.&nbsp;Jasper \u00e9tait comptable au coll\u00e8ge. Il a racont\u00e9 comment David Ndeminin&nbsp;avait subi un v\u00e9ritable supplice. L\u2019enseignant avait rapport\u00e9 \u00e0 une ONG su\u00e9doise que l\u2019Ulimo,&nbsp;le mouvement de Kunti Kamara,&nbsp;avait pill\u00e9 et d\u00e9truit l\u2019\u00e9glise et l\u2019h\u00f4pital. Les rebelles l\u2019avaient appris, avaient arr\u00eat\u00e9 et tabass\u00e9 David Ndeminin. \u00ab&nbsp;Ils l\u2019ont accus\u00e9 d\u2019\u00eatre un tra\u00eetre,&nbsp;a racont\u00e9 le t\u00e9moin devant la cour d&rsquo;assises de Paris.&nbsp;Il criait de douleur.&nbsp;\u00bb&nbsp;\u00ab&nbsp;Puis ils lui ont fait subir la torture du Tab\u00e9 en attachant ses coudes dans le dos pour faire ressortir sa poitrine, comme un canard&nbsp;\u00bb, a expliqu\u00e9 Jasper. Un rebelle surnomm\u00e9 Ugly Boy lui a ensuite ouvert le torse avec une hache, lui a arrach\u00e9 le c\u0153ur avant de le servir sur un plat. L\u2019organe a ensuite \u00e9t\u00e9 tranch\u00e9 et mang\u00e9 par les officiers de l\u2019Ulimo. Kunti Kamara \u00e9tait l\u00e0 tout du long et a particip\u00e9, selon le t\u00e9moin. Un acte atroce commis devant plusieurs dizaines d\u2019habitants pour avertir la population de ce qui leur arriverait si elle trahissait l\u2019Ulimo. \u00ab&nbsp;\u00c7a d\u00e9passait l\u2019entendement, les gens \u00e9taient forc\u00e9s de regarder. Je n&rsquo;oublierai jamais. Comment peut-on faire \u00e7a \u00e0 un autre \u00eatre humain&nbsp;?&nbsp;\u00bb a demand\u00e9 Jasper qui a fondu&nbsp;plusieurs fois en larmes durant son t\u00e9moignage. \u00ab&nbsp;\u00c7a a \u00e9t\u00e9 tr\u00e8s, tr\u00e8s&nbsp;douloureux de parler&nbsp;\u00e0 cause de toutes ces horreurs,&nbsp;a-t-il confi\u00e9.&nbsp;\u00c7a a \u00e9t\u00e9 un choc psychologique. Mais obtenir justice n\u2019est pas facile. Aujourd\u2019hui, la justice a \u00e9t\u00e9 entendue. Que ce soit pour le cannibalisme, les viols, le travail forc\u00e9, les pillages, \u00e7a m\u2019a procur\u00e9 une grande joie de pouvoir \u00eatre entendu. Car je ne pouvais rien faire d\u2019autre que dire la v\u00e9rit\u00e9. Parce que Kunti Kamara a \u00e9t\u00e9 arr\u00eat\u00e9. Donc je n\u2019avais plus peur de lui.&nbsp;\u00bb La d\u00e9fense tente de fragiliser les t\u00e9moignages Face \u00e0 cela,&nbsp;Kunti Kamara, qui se dit innocent&nbsp;depuis le d\u00e9but du proc\u00e8s, a continu\u00e9 de nier.&nbsp;\u00ab&nbsp;Entendre \u00e7a, \u00e7a me donne envie de vomir. Je suis musulman, je ne mange m\u00eame pas de porc&nbsp;\u00bb, a d\u00e9clar\u00e9 l\u2019ancien rebelle. Lui&nbsp;affirme&nbsp;ne pas avoir commis les crimes dont on l\u2019accuse. Il d\u00e9clare n\u2019avoir jamais rencontr\u00e9 les t\u00e9moins qui ont d\u00e9pos\u00e9 contre lui dans le proc\u00e8s. Selon lui, il y aurait derri\u00e8re tout cela un r\u00e9seau au Liberia&nbsp;dont le cerveau serait un responsable humanitaire local&nbsp;qui aurait pay\u00e9 ces gens pour t\u00e9moigner contre lui. Avec notamment des promesses de pouvoir aller vivre en Europe. Un des t\u00e9moins lib\u00e9riens vivant en France, qui a h\u00e9berg\u00e9 Kunti Kamara, dit croire en l\u2019influence de ce r\u00e9seau, m\u00eame si, pour l\u2019instant, aucune preuve de son existence n\u2019a \u00e9t\u00e9 apport\u00e9e. Les avocats de Kamara se concentrent sur les diff\u00e9rences de d\u00e9clarations des t\u00e9moins entre ce qui\u00a0a pu \u00eatre dit\u00a0devant le juge d\u2019instruction et ce qui est dit aujourd\u2019hui \u00e0 la cour d\u2019assises. Des variations aussi entre les versions donn\u00e9es par les diff\u00e9rents t\u00e9moins. Ils ont aussi attaqu\u00e9 l\u2019enqu\u00eate fran\u00e7aise, pointant particuli\u00e8rement l\u2019absence de preuves ADN ou de preuves mat\u00e9rielles qui font que, 28 ans apr\u00e8s les faits, le dossier repose essentiellement sur ces t\u00e9moignages que la d\u00e9fense tente de fragilis","og_url":"https:\/\/www.public.sn\/index.php\/2022\/10\/18\/barbarie-et-cannibalisme-au-proces-du-chef-rebelle-liberien-kunti-kamara\/","og_site_name":"LE PUBLIC","article_published_time":"2022-10-18T08:50:19+00:00","article_modified_time":"2022-10-18T08:50:21+00:00","og_image":[{"width":610,"height":390,"url":"https:\/\/www.public.sn\/wp-content\/uploads\/2022\/10\/sierra-leone-pic.png","type":"image\/png"}],"author":"LA REDACTION","twitter_card":"summary_large_image","twitter_misc":{"\u00c9crit par":"LA REDACTION","Dur\u00e9e de lecture estim\u00e9e":"4 minutes"},"schema":{"@context":"https:\/\/schema.org","@graph":[{"@type":"Article","@id":"https:\/\/www.public.sn\/index.php\/2022\/10\/18\/barbarie-et-cannibalisme-au-proces-du-chef-rebelle-liberien-kunti-kamara\/#article","isPartOf":{"@id":"https:\/\/www.public.sn\/index.php\/2022\/10\/18\/barbarie-et-cannibalisme-au-proces-du-chef-rebelle-liberien-kunti-kamara\/"},"author":{"name":"LA REDACTION","@id":"https:\/\/www.public.sn\/#\/schema\/person\/cb76c8e1b8becc6be61fb5e92d6d0224"},"headline":"Barbarie et cannibalisme au proc\u00e8s du chef rebelle lib\u00e9rien Kunti Kamara.","datePublished":"2022-10-18T08:50:19+00:00","dateModified":"2022-10-18T08:50:21+00:00","mainEntityOfPage":{"@id":"https:\/\/www.public.sn\/index.php\/2022\/10\/18\/barbarie-et-cannibalisme-au-proces-du-chef-rebelle-liberien-kunti-kamara\/"},"wordCount":712,"commentCount":0,"publisher":{"@id":"https:\/\/www.public.sn\/#organization"},"image":{"@id":"https:\/\/www.public.sn\/index.php\/2022\/10\/18\/barbarie-et-cannibalisme-au-proces-du-chef-rebelle-liberien-kunti-kamara\/#primaryimage"},"thumbnailUrl":"https:\/\/www.public.sn\/wp-content\/uploads\/2022\/10\/sierra-leone-pic.png","keywords":["Crime","Guerre Siera Leone","Proc\u00e8s"],"articleSection":["ACTUALIT\u00c9S","AFRIQUE &amp; MONDE","S\u00c9CURIT\u00c9 &amp; JUSTICE"],"inLanguage":"fr-FR","potentialAction":[{"@type":"CommentAction","name":"Comment","target":["https:\/\/www.public.sn\/index.php\/2022\/10\/18\/barbarie-et-cannibalisme-au-proces-du-chef-rebelle-liberien-kunti-kamara\/#respond"]}]},{"@type":"WebPage","@id":"https:\/\/www.public.sn\/index.php\/2022\/10\/18\/barbarie-et-cannibalisme-au-proces-du-chef-rebelle-liberien-kunti-kamara\/","url":"https:\/\/www.public.sn\/index.php\/2022\/10\/18\/barbarie-et-cannibalisme-au-proces-du-chef-rebelle-liberien-kunti-kamara\/","name":"Barbarie et cannibalisme au proc\u00e8s du chef rebelle lib\u00e9rien Kunti Kamara. - LE PUBLIC","isPartOf":{"@id":"https:\/\/www.public.sn\/#website"},"primaryImageOfPage":{"@id":"https:\/\/www.public.sn\/index.php\/2022\/10\/18\/barbarie-et-cannibalisme-au-proces-du-chef-rebelle-liberien-kunti-kamara\/#primaryimage"},"image":{"@id":"https:\/\/www.public.sn\/index.php\/2022\/10\/18\/barbarie-et-cannibalisme-au-proces-du-chef-rebelle-liberien-kunti-kamara\/#primaryimage"},"thumbnailUrl":"https:\/\/www.public.sn\/wp-content\/uploads\/2022\/10\/sierra-leone-pic.png","datePublished":"2022-10-18T08:50:19+00:00","dateModified":"2022-10-18T08:50:21+00:00","breadcrumb":{"@id":"https:\/\/www.public.sn\/index.php\/2022\/10\/18\/barbarie-et-cannibalisme-au-proces-du-chef-rebelle-liberien-kunti-kamara\/#breadcrumb"},"inLanguage":"fr-FR","potentialAction":[{"@type":"ReadAction","target":["https:\/\/www.public.sn\/index.php\/2022\/10\/18\/barbarie-et-cannibalisme-au-proces-du-chef-rebelle-liberien-kunti-kamara\/"]}]},{"@type":"ImageObject","inLanguage":"fr-FR","@id":"https:\/\/www.public.sn\/index.php\/2022\/10\/18\/barbarie-et-cannibalisme-au-proces-du-chef-rebelle-liberien-kunti-kamara\/#primaryimage","url":"https:\/\/www.public.sn\/wp-content\/uploads\/2022\/10\/sierra-leone-pic.png","contentUrl":"https:\/\/www.public.sn\/wp-content\/uploads\/2022\/10\/sierra-leone-pic.png","width":610,"height":390,"caption":"Pubblic sn"},{"@type":"BreadcrumbList","@id":"https:\/\/www.public.sn\/index.php\/2022\/10\/18\/barbarie-et-cannibalisme-au-proces-du-chef-rebelle-liberien-kunti-kamara\/#breadcrumb","itemListElement":[{"@type":"ListItem","position":1,"name":"Accueil","item":"https:\/\/www.public.sn\/"},{"@type":"ListItem","position":2,"name":"Barbarie et cannibalisme au proc\u00e8s du chef rebelle lib\u00e9rien Kunti Kamara."}]},{"@type":"WebSite","@id":"https:\/\/www.public.sn\/#website","url":"https:\/\/www.public.sn\/","name":"LE PUBLIC","description":"","publisher":{"@id":"https:\/\/www.public.sn\/#organization"},"potentialAction":[{"@type":"SearchAction","target":{"@type":"EntryPoint","urlTemplate":"https:\/\/www.public.sn\/?s={search_term_string}"},"query-input":{"@type":"PropertyValueSpecification","valueRequired":true,"valueName":"search_term_string"}}],"inLanguage":"fr-FR"},{"@type":"Organization","@id":"https:\/\/www.public.sn\/#organization","name":"LE PUBLIC","url":"https:\/\/www.public.sn\/","logo":{"@type":"ImageObject","inLanguage":"fr-FR","@id":"https:\/\/www.public.sn\/#\/schema\/logo\/image\/","url":"https:\/\/www.public.sn\/wp-content\/uploads\/2024\/05\/cropped-LOGO-PUBLIC.SN_.png","contentUrl":"https:\/\/www.public.sn\/wp-content\/uploads\/2024\/05\/cropped-LOGO-PUBLIC.SN_.png","width":682,"height":192,"caption":"LE PUBLIC"},"image":{"@id":"https:\/\/www.public.sn\/#\/schema\/logo\/image\/"}},{"@type":"Person","@id":"https:\/\/www.public.sn\/#\/schema\/person\/cb76c8e1b8becc6be61fb5e92d6d0224","name":"LA REDACTION","image":{"@type":"ImageObject","inLanguage":"fr-FR","@id":"https:\/\/www.public.sn\/#\/schema\/person\/image\/","url":"https:\/\/secure.gravatar.com\/avatar\/2dce5ddd34b8fef0180efe03aa2a9bee7d953856048f9a16b298190a3178407c?s=96&d=mm&r=g","contentUrl":"https:\/\/secure.gravatar.com\/avatar\/2dce5ddd34b8fef0180efe03aa2a9bee7d953856048f9a16b298190a3178407c?s=96&d=mm&r=g","caption":"LA REDACTION"},"url":"https:\/\/www.public.sn\/index.php\/author\/editeurpsn\/"}]}},"jetpack_featured_media_url":"https:\/\/www.public.sn\/wp-content\/uploads\/2022\/10\/sierra-leone-pic.png","jetpack_sharing_enabled":true,"_links":{"self":[{"href":"https:\/\/www.public.sn\/index.php\/wp-json\/wp\/v2\/posts\/5027","targetHints":{"allow":["GET"]}}],"collection":[{"href":"https:\/\/www.public.sn\/index.php\/wp-json\/wp\/v2\/posts"}],"about":[{"href":"https:\/\/www.public.sn\/index.php\/wp-json\/wp\/v2\/types\/post"}],"author":[{"embeddable":true,"href":"https:\/\/www.public.sn\/index.php\/wp-json\/wp\/v2\/users\/7"}],"replies":[{"embeddable":true,"href":"https:\/\/www.public.sn\/index.php\/wp-json\/wp\/v2\/comments?post=5027"}],"version-history":[{"count":2,"href":"https:\/\/www.public.sn\/index.php\/wp-json\/wp\/v2\/posts\/5027\/revisions"}],"predecessor-version":[{"id":5030,"href":"https:\/\/www.public.sn\/index.php\/wp-json\/wp\/v2\/posts\/5027\/revisions\/5030"}],"wp:featuredmedia":[{"embeddable":true,"href":"https:\/\/www.public.sn\/index.php\/wp-json\/wp\/v2\/media\/5028"}],"wp:attachment":[{"href":"https:\/\/www.public.sn\/index.php\/wp-json\/wp\/v2\/media?parent=5027"}],"wp:term":[{"taxonomy":"category","embeddable":true,"href":"https:\/\/www.public.sn\/index.php\/wp-json\/wp\/v2\/categories?post=5027"},{"taxonomy":"post_tag","embeddable":true,"href":"https:\/\/www.public.sn\/index.php\/wp-json\/wp\/v2\/tags?post=5027"}],"curies":[{"name":"wp","href":"https:\/\/api.w.org\/{rel}","templated":true}]}}