{"id":5036,"date":"2022-10-18T09:54:01","date_gmt":"2022-10-18T09:54:01","guid":{"rendered":"https:\/\/www.public.sn\/?p=5036"},"modified":"2022-10-18T09:57:33","modified_gmt":"2022-10-18T09:57:33","slug":"5036","status":"publish","type":"post","link":"https:\/\/www.public.sn\/index.php\/2022\/10\/18\/5036\/","title":{"rendered":"Affaire kaliphone: Adja Thiar\u00e9 risque la prison."},"content":{"rendered":"\n<p><strong>Le dossier judiciaire qui oppose Kalifone Sall \u00e0&nbsp;Adja Thiar\u00e9 Diaw est loin d\u2019\u00eatre termin\u00e9.<\/strong><\/p><div class=\"publi-paragraphe1\" style=\"margin-top: 10px;margin-bottom: 10px;margin-left: auto;margin-right: auto;text-align: center;\" id=\"publi-4126399866\"><div class=\"publi-adlabel\">Publicit\u00e9<\/div><script async src=\"\/\/pagead2.googlesyndication.com\/pagead\/js\/adsbygoogle.js?client=ca-pub-4089586018074219\" crossorigin=\"anonymous\"><\/script><ins class=\"adsbygoogle\" style=\"display:block;\" data-ad-client=\"ca-pub-4089586018074219\" \ndata-ad-slot=\"2087940154\" \ndata-ad-format=\"auto\"><\/ins>\n<script> \n(adsbygoogle = window.adsbygoogle || []).push({}); \n<\/script>\n<\/div>\n\n\n\n<p>  <\/p>\n\n\n\n<p>Kalifone Sall est en prison. Il a \u00e9t\u00e9 condamn\u00e9 \u00e0 six mois dont 1 mois ferme. Il sera bient\u00f4t lib\u00e9r\u00e9 d\u2019ici moins de deux semaines. Il a \u00e9t\u00e9 plac\u00e9 sous mandat de d\u00e9p\u00f4t jeudi 29 septembre 2022, pour coups et blessures volontaires.<\/p>\n\n\n\n<p>Sa victime pr\u00e9sum\u00e9e, Adja Thiar\u00e9 Diaw, risque de subir le m\u00eame sort pour le m\u00eame chef d\u2019accusation. Rappelons que le procureur de la r\u00e9publique avait, en effet, demand\u00e9 sa conduite au parquet. Et pour cause.<\/p>\n\n\n\n<p>Kaliphone, \u00e9galement muni d\u2019un certificat m\u00e9dical, a port\u00e9 plainte contre elle pour coups et blessures volontaires et d\u00e9nonciation calomnieuse. D\u2019apr\u00e8s Les Echos, le mannequin est dans le vise du parquet et un mandat de d\u00e9p\u00f4t plane sur la t\u00eate de&nbsp;<a href=\"https:\/\/sunubuzzsn.com\/condamnation-de-kaliphone-lavocat-dadja-thiare-sort-du-silence-et-fait-une-annonce-de-taille-video-376691\">Adja Thiar\u00e9<\/a>.<\/p>\n\n\n\n<p>Et elle risque d\u2019\u00eatre \u00e9crou\u00e9e pour coups et blessures. Convoqu\u00e9e par le parquet, l\u2019\u00e9tudiante en journaliste a \u00e9t\u00e9 sauv\u00e9e, selon le journal, par son \u00e9tat de sant\u00e9. Elle serait malade.<\/p>\n\n\n\n<p>Elle souffre de troubles de mentaux et a \u00e9t\u00e9 hospitalis\u00e9e au service psychiatrique de l\u2019h\u00f4pital Principal de Dakar. Elle n\u2019avait pas pu assister au proc\u00e8s au tribunal pour raison de maladie. Mais le journal informe que le parquet doute de sa maladie r\u00e9elle.<\/p>\n\n\n\n<p>Pour la petite histoire, Kalifone aurait confi\u00e9 aux enqu\u00eateurs qu\u2019une somme de 25000 FCFA serait \u00e0 l\u2019origine de sa dispute avec le mannequin. Il a soulign\u00e9 qu\u2019Adja Thiar\u00e9 voulait partir avec ses 25000 FCFA apr\u00e8s lui avoir demand\u00e9 sans succ\u00e8s de lui donner de l\u2019argent.<\/p>\n\n\n\n<p>Kalifone souligne qu\u2019il a promis au mannequin de la d\u00e9panner une prochaine fois. Et qu\u2019il avait juste cette somme. Non content de l\u2019attitude de la dame, il l\u2019a emp\u00each\u00e9e de partir. Ensuite s\u2019en est suivie la bagarre. Il a montr\u00e9 ses blessures aux hommes en bleu qui en ont parl\u00e9 au parquet.<\/p>\n\n\n\n<p>Le procureur constatant que Kalifone est aussi bless\u00e9, avait demand\u00e9 qu\u2019on le lib\u00e8re tout en poursuivant les investigations.<\/p>\n\n\n\n<p>Falil Gadio<\/p>\n<div class=\"publi-apres-le-contenu\" style=\"margin-top: 10px;margin-bottom: 10px;margin-left: auto;margin-right: auto;text-align: center;\" id=\"publi-3588525253\"><div class=\"publi-adlabel\">Publicit\u00e9<\/div><script async src=\"\/\/pagead2.googlesyndication.com\/pagead\/js\/adsbygoogle.js?client=ca-pub-4089586018074219\" crossorigin=\"anonymous\"><\/script><ins class=\"adsbygoogle\" style=\"display:block;\" data-ad-client=\"ca-pub-4089586018074219\" \ndata-ad-slot=\"2087940154\" \ndata-ad-format=\"auto\"><\/ins>\n<script> \n(adsbygoogle = window.adsbygoogle || []).push({}); \n<\/script>\n<\/div>","protected":false},"excerpt":{"rendered":"<p>Le dossier judiciaire qui oppose Kalifone Sall \u00e0&nbsp;Adja Thiar\u00e9 Diaw est loin d\u2019\u00eatre termin\u00e9. Kalifone Sall est en prison. Il a \u00e9t\u00e9 condamn\u00e9 \u00e0 six mois dont 1 mois ferme. Il sera bient\u00f4t lib\u00e9r\u00e9 d\u2019ici moins de deux semaines. Il a \u00e9t\u00e9 plac\u00e9 sous mandat de d\u00e9p\u00f4t jeudi 29 septembre 2022, pour coups et blessures volontaires. Sa victime pr\u00e9sum\u00e9e, Adja Thiar\u00e9 Diaw, risque de subir le m\u00eame sort pour le m\u00eame chef d\u2019accusation. Rappelons que le procureur de la r\u00e9publique avait, en effet, demand\u00e9 sa conduite au parquet. Et pour cause. Kaliphone, \u00e9galement muni d\u2019un certificat m\u00e9dical, a port\u00e9 plainte contre elle pour coups et blessures volontaires et d\u00e9nonciation calomnieuse. D\u2019apr\u00e8s Les Echos, le mannequin est dans le vise du parquet et un mandat de d\u00e9p\u00f4t plane sur la t\u00eate de&nbsp;Adja Thiar\u00e9. Et elle risque d\u2019\u00eatre \u00e9crou\u00e9e pour coups et blessures. Convoqu\u00e9e par le parquet, l\u2019\u00e9tudiante en journaliste a \u00e9t\u00e9 sauv\u00e9e, selon le journal, par son \u00e9tat de sant\u00e9. Elle serait malade. Elle souffre de troubles de mentaux et a \u00e9t\u00e9 hospitalis\u00e9e au service psychiatrique de l\u2019h\u00f4pital Principal de Dakar. Elle n\u2019avait pas pu assister au proc\u00e8s au tribunal pour raison de maladie. Mais le journal informe que le parquet doute de sa maladie r\u00e9elle. Pour la petite histoire, Kalifone aurait confi\u00e9 aux enqu\u00eateurs qu\u2019une somme de 25000 FCFA serait \u00e0 l\u2019origine de sa dispute avec le mannequin. Il a soulign\u00e9 qu\u2019Adja Thiar\u00e9 voulait partir avec ses 25000 FCFA apr\u00e8s lui avoir demand\u00e9 sans succ\u00e8s de lui donner de l\u2019argent. Kalifone souligne qu\u2019il a promis au mannequin de la d\u00e9panner une prochaine fois. Et qu\u2019il avait juste cette somme. Non content de l\u2019attitude de la dame, il l\u2019a emp\u00each\u00e9e de partir. Ensuite s\u2019en est suivie la bagarre. Il a montr\u00e9 ses blessures aux hommes en bleu qui en ont parl\u00e9 au parquet. Le procureur constatant que Kalifone est aussi bless\u00e9, avait demand\u00e9 qu\u2019on le lib\u00e8re tout en poursuivant les investigations. Falil Gadio<\/p>\n","protected":false},"author":1,"featured_media":4517,"comment_status":"open","ping_status":"open","sticky":false,"template":"","format":"standard","meta":{"_jetpack_memberships_contains_paid_content":false,"footnotes":""},"categories":[375,1,4,372],"tags":[1024,1215,1663],"class_list":["post-5036","post","type-post","status-publish","format-standard","has-post-thumbnail","hentry","category-actualites","category-non-classe","category-societe","category-vedette","tag-adja-thiare","tag-affaire-kalifone","tag-suite-judiciaire","entry","has-media","owp-thumbs-layout-horizontal","owp-btn-normal","owp-tabs-layout-horizontal","has-no-thumbnails","has-product-nav"],"yoast_head":"<!-- This site is optimized with the Yoast SEO plugin v25.5 - https:\/\/yoast.com\/wordpress\/plugins\/seo\/ -->\n<title>Affaire kaliphone: Adja Thiar\u00e9 risque la prison. - LE PUBLIC<\/title>\n<meta name=\"robots\" content=\"index, follow, max-snippet:-1, max-image-preview:large, max-video-preview:-1\" \/>\n<link rel=\"canonical\" href=\"https:\/\/www.public.sn\/index.php\/2022\/10\/18\/5036\/\" \/>\n<meta property=\"og:locale\" content=\"fr_FR\" \/>\n<meta property=\"og:type\" content=\"article\" \/>\n<meta property=\"og:title\" content=\"Affaire kaliphone: Adja Thiar\u00e9 risque la prison. - LE PUBLIC\" \/>\n<meta property=\"og:description\" content=\"Le dossier judiciaire qui oppose Kalifone Sall \u00e0&nbsp;Adja Thiar\u00e9 Diaw est loin d\u2019\u00eatre termin\u00e9. Kalifone Sall est en prison. Il a \u00e9t\u00e9 condamn\u00e9 \u00e0 six mois dont 1 mois ferme. Il sera bient\u00f4t lib\u00e9r\u00e9 d\u2019ici moins de deux semaines. Il a \u00e9t\u00e9 plac\u00e9 sous mandat de d\u00e9p\u00f4t jeudi 29 septembre 2022, pour coups et blessures volontaires. Sa victime pr\u00e9sum\u00e9e, Adja Thiar\u00e9 Diaw, risque de subir le m\u00eame sort pour le m\u00eame chef d\u2019accusation. Rappelons que le procureur de la r\u00e9publique avait, en effet, demand\u00e9 sa conduite au parquet. Et pour cause. Kaliphone, \u00e9galement muni d\u2019un certificat m\u00e9dical, a port\u00e9 plainte contre elle pour coups et blessures volontaires et d\u00e9nonciation calomnieuse. D\u2019apr\u00e8s Les Echos, le mannequin est dans le vise du parquet et un mandat de d\u00e9p\u00f4t plane sur la t\u00eate de&nbsp;Adja Thiar\u00e9. Et elle risque d\u2019\u00eatre \u00e9crou\u00e9e pour coups et blessures. Convoqu\u00e9e par le parquet, l\u2019\u00e9tudiante en journaliste a \u00e9t\u00e9 sauv\u00e9e, selon le journal, par son \u00e9tat de sant\u00e9. Elle serait malade. Elle souffre de troubles de mentaux et a \u00e9t\u00e9 hospitalis\u00e9e au service psychiatrique de l\u2019h\u00f4pital Principal de Dakar. Elle n\u2019avait pas pu assister au proc\u00e8s au tribunal pour raison de maladie. Mais le journal informe que le parquet doute de sa maladie r\u00e9elle. Pour la petite histoire, Kalifone aurait confi\u00e9 aux enqu\u00eateurs qu\u2019une somme de 25000 FCFA serait \u00e0 l\u2019origine de sa dispute avec le mannequin. Il a soulign\u00e9 qu\u2019Adja Thiar\u00e9 voulait partir avec ses 25000 FCFA apr\u00e8s lui avoir demand\u00e9 sans succ\u00e8s de lui donner de l\u2019argent. Kalifone souligne qu\u2019il a promis au mannequin de la d\u00e9panner une prochaine fois. Et qu\u2019il avait juste cette somme. Non content de l\u2019attitude de la dame, il l\u2019a emp\u00each\u00e9e de partir. Ensuite s\u2019en est suivie la bagarre. Il a montr\u00e9 ses blessures aux hommes en bleu qui en ont parl\u00e9 au parquet. Le procureur constatant que Kalifone est aussi bless\u00e9, avait demand\u00e9 qu\u2019on le lib\u00e8re tout en poursuivant les investigations. Falil Gadio\" \/>\n<meta property=\"og:url\" content=\"https:\/\/www.public.sn\/index.php\/2022\/10\/18\/5036\/\" \/>\n<meta property=\"og:site_name\" content=\"LE PUBLIC\" \/>\n<meta property=\"article:published_time\" content=\"2022-10-18T09:54:01+00:00\" \/>\n<meta property=\"article:modified_time\" content=\"2022-10-18T09:57:33+00:00\" \/>\n<meta property=\"og:image\" content=\"https:\/\/www.public.sn\/wp-content\/uploads\/2022\/10\/affaire-kaliphone.jpg\" \/>\n\t<meta property=\"og:image:width\" content=\"612\" \/>\n\t<meta property=\"og:image:height\" content=\"298\" \/>\n\t<meta property=\"og:image:type\" content=\"image\/jpeg\" \/>\n<meta name=\"author\" content=\"LA REDACTION\" \/>\n<meta name=\"twitter:card\" content=\"summary_large_image\" \/>\n<meta name=\"twitter:label1\" content=\"\u00c9crit par\" \/>\n\t<meta name=\"twitter:data1\" content=\"LA REDACTION\" \/>\n\t<meta name=\"twitter:label2\" content=\"Dur\u00e9e de lecture estim\u00e9e\" \/>\n\t<meta name=\"twitter:data2\" content=\"2 minutes\" \/>\n<script type=\"application\/ld+json\" class=\"yoast-schema-graph\">{\"@context\":\"https:\/\/schema.org\",\"@graph\":[{\"@type\":\"Article\",\"@id\":\"https:\/\/www.public.sn\/index.php\/2022\/10\/18\/5036\/#article\",\"isPartOf\":{\"@id\":\"https:\/\/www.public.sn\/index.php\/2022\/10\/18\/5036\/\"},\"author\":{\"name\":\"LA REDACTION\",\"@id\":\"https:\/\/www.public.sn\/#\/schema\/person\/e3f4a11b037d4203902db148f9bc8d5a\"},\"headline\":\"Affaire kaliphone: Adja Thiar\u00e9 risque la prison.\",\"datePublished\":\"2022-10-18T09:54:01+00:00\",\"dateModified\":\"2022-10-18T09:57:33+00:00\",\"mainEntityOfPage\":{\"@id\":\"https:\/\/www.public.sn\/index.php\/2022\/10\/18\/5036\/\"},\"wordCount\":373,\"commentCount\":0,\"publisher\":{\"@id\":\"https:\/\/www.public.sn\/#organization\"},\"image\":{\"@id\":\"https:\/\/www.public.sn\/index.php\/2022\/10\/18\/5036\/#primaryimage\"},\"thumbnailUrl\":\"https:\/\/www.public.sn\/wp-content\/uploads\/2022\/10\/affaire-kaliphone.jpg\",\"keywords\":[\"Adja Thiar\u00e9\",\"Affaire Kalifone\",\"suite judiciaire\"],\"articleSection\":[\"ACTUALIT\u00c9S\",\"S\u00c9N\u00c9GAL\",\"SOCIETE\",\"VEDETTE\"],\"inLanguage\":\"fr-FR\",\"potentialAction\":[{\"@type\":\"CommentAction\",\"name\":\"Comment\",\"target\":[\"https:\/\/www.public.sn\/index.php\/2022\/10\/18\/5036\/#respond\"]}]},{\"@type\":\"WebPage\",\"@id\":\"https:\/\/www.public.sn\/index.php\/2022\/10\/18\/5036\/\",\"url\":\"https:\/\/www.public.sn\/index.php\/2022\/10\/18\/5036\/\",\"name\":\"Affaire kaliphone: Adja Thiar\u00e9 risque la prison. - LE PUBLIC\",\"isPartOf\":{\"@id\":\"https:\/\/www.public.sn\/#website\"},\"primaryImageOfPage\":{\"@id\":\"https:\/\/www.public.sn\/index.php\/2022\/10\/18\/5036\/#primaryimage\"},\"image\":{\"@id\":\"https:\/\/www.public.sn\/index.php\/2022\/10\/18\/5036\/#primaryimage\"},\"thumbnailUrl\":\"https:\/\/www.public.sn\/wp-content\/uploads\/2022\/10\/affaire-kaliphone.jpg\",\"datePublished\":\"2022-10-18T09:54:01+00:00\",\"dateModified\":\"2022-10-18T09:57:33+00:00\",\"breadcrumb\":{\"@id\":\"https:\/\/www.public.sn\/index.php\/2022\/10\/18\/5036\/#breadcrumb\"},\"inLanguage\":\"fr-FR\",\"potentialAction\":[{\"@type\":\"ReadAction\",\"target\":[\"https:\/\/www.public.sn\/index.php\/2022\/10\/18\/5036\/\"]}]},{\"@type\":\"ImageObject\",\"inLanguage\":\"fr-FR\",\"@id\":\"https:\/\/www.public.sn\/index.php\/2022\/10\/18\/5036\/#primaryimage\",\"url\":\"https:\/\/www.public.sn\/wp-content\/uploads\/2022\/10\/affaire-kaliphone.jpg\",\"contentUrl\":\"https:\/\/www.public.sn\/wp-content\/uploads\/2022\/10\/affaire-kaliphone.jpg\",\"width\":612,\"height\":298,\"caption\":\"publicsn\"},{\"@type\":\"BreadcrumbList\",\"@id\":\"https:\/\/www.public.sn\/index.php\/2022\/10\/18\/5036\/#breadcrumb\",\"itemListElement\":[{\"@type\":\"ListItem\",\"position\":1,\"name\":\"Accueil\",\"item\":\"https:\/\/www.public.sn\/\"},{\"@type\":\"ListItem\",\"position\":2,\"name\":\"Affaire kaliphone: Adja Thiar\u00e9 risque la prison.\"}]},{\"@type\":\"WebSite\",\"@id\":\"https:\/\/www.public.sn\/#website\",\"url\":\"https:\/\/www.public.sn\/\",\"name\":\"LE PUBLIC\",\"description\":\"\",\"publisher\":{\"@id\":\"https:\/\/www.public.sn\/#organization\"},\"potentialAction\":[{\"@type\":\"SearchAction\",\"target\":{\"@type\":\"EntryPoint\",\"urlTemplate\":\"https:\/\/www.public.sn\/?s={search_term_string}\"},\"query-input\":{\"@type\":\"PropertyValueSpecification\",\"valueRequired\":true,\"valueName\":\"search_term_string\"}}],\"inLanguage\":\"fr-FR\"},{\"@type\":\"Organization\",\"@id\":\"https:\/\/www.public.sn\/#organization\",\"name\":\"LE PUBLIC\",\"url\":\"https:\/\/www.public.sn\/\",\"logo\":{\"@type\":\"ImageObject\",\"inLanguage\":\"fr-FR\",\"@id\":\"https:\/\/www.public.sn\/#\/schema\/logo\/image\/\",\"url\":\"https:\/\/www.public.sn\/wp-content\/uploads\/2024\/05\/cropped-LOGO-PUBLIC.SN_.png\",\"contentUrl\":\"https:\/\/www.public.sn\/wp-content\/uploads\/2024\/05\/cropped-LOGO-PUBLIC.SN_.png\",\"width\":682,\"height\":192,\"caption\":\"LE PUBLIC\"},\"image\":{\"@id\":\"https:\/\/www.public.sn\/#\/schema\/logo\/image\/\"}},{\"@type\":\"Person\",\"@id\":\"https:\/\/www.public.sn\/#\/schema\/person\/e3f4a11b037d4203902db148f9bc8d5a\",\"name\":\"LA REDACTION\",\"image\":{\"@type\":\"ImageObject\",\"inLanguage\":\"fr-FR\",\"@id\":\"https:\/\/www.public.sn\/#\/schema\/person\/image\/\",\"url\":\"https:\/\/secure.gravatar.com\/avatar\/d6c030db45db2883c075085c5d6c6258654a801a93766b49af0b82d4f454e2a5?s=96&d=mm&r=g\",\"contentUrl\":\"https:\/\/secure.gravatar.com\/avatar\/d6c030db45db2883c075085c5d6c6258654a801a93766b49af0b82d4f454e2a5?s=96&d=mm&r=g\",\"caption\":\"LA REDACTION\"},\"sameAs\":[\"http:\/\/www.public.sn\"],\"url\":\"https:\/\/www.public.sn\/index.php\/author\/admin7324\/\"}]}<\/script>\n<!-- \/ Yoast SEO plugin. -->","yoast_head_json":{"title":"Affaire kaliphone: Adja Thiar\u00e9 risque la prison. - LE PUBLIC","robots":{"index":"index","follow":"follow","max-snippet":"max-snippet:-1","max-image-preview":"max-image-preview:large","max-video-preview":"max-video-preview:-1"},"canonical":"https:\/\/www.public.sn\/index.php\/2022\/10\/18\/5036\/","og_locale":"fr_FR","og_type":"article","og_title":"Affaire kaliphone: Adja Thiar\u00e9 risque la prison. - LE PUBLIC","og_description":"Le dossier judiciaire qui oppose Kalifone Sall \u00e0&nbsp;Adja Thiar\u00e9 Diaw est loin d\u2019\u00eatre termin\u00e9. Kalifone Sall est en prison. Il a \u00e9t\u00e9 condamn\u00e9 \u00e0 six mois dont 1 mois ferme. Il sera bient\u00f4t lib\u00e9r\u00e9 d\u2019ici moins de deux semaines. Il a \u00e9t\u00e9 plac\u00e9 sous mandat de d\u00e9p\u00f4t jeudi 29 septembre 2022, pour coups et blessures volontaires. Sa victime pr\u00e9sum\u00e9e, Adja Thiar\u00e9 Diaw, risque de subir le m\u00eame sort pour le m\u00eame chef d\u2019accusation. Rappelons que le procureur de la r\u00e9publique avait, en effet, demand\u00e9 sa conduite au parquet. Et pour cause. Kaliphone, \u00e9galement muni d\u2019un certificat m\u00e9dical, a port\u00e9 plainte contre elle pour coups et blessures volontaires et d\u00e9nonciation calomnieuse. D\u2019apr\u00e8s Les Echos, le mannequin est dans le vise du parquet et un mandat de d\u00e9p\u00f4t plane sur la t\u00eate de&nbsp;Adja Thiar\u00e9. Et elle risque d\u2019\u00eatre \u00e9crou\u00e9e pour coups et blessures. Convoqu\u00e9e par le parquet, l\u2019\u00e9tudiante en journaliste a \u00e9t\u00e9 sauv\u00e9e, selon le journal, par son \u00e9tat de sant\u00e9. Elle serait malade. Elle souffre de troubles de mentaux et a \u00e9t\u00e9 hospitalis\u00e9e au service psychiatrique de l\u2019h\u00f4pital Principal de Dakar. Elle n\u2019avait pas pu assister au proc\u00e8s au tribunal pour raison de maladie. Mais le journal informe que le parquet doute de sa maladie r\u00e9elle. Pour la petite histoire, Kalifone aurait confi\u00e9 aux enqu\u00eateurs qu\u2019une somme de 25000 FCFA serait \u00e0 l\u2019origine de sa dispute avec le mannequin. Il a soulign\u00e9 qu\u2019Adja Thiar\u00e9 voulait partir avec ses 25000 FCFA apr\u00e8s lui avoir demand\u00e9 sans succ\u00e8s de lui donner de l\u2019argent. Kalifone souligne qu\u2019il a promis au mannequin de la d\u00e9panner une prochaine fois. Et qu\u2019il avait juste cette somme. Non content de l\u2019attitude de la dame, il l\u2019a emp\u00each\u00e9e de partir. Ensuite s\u2019en est suivie la bagarre. Il a montr\u00e9 ses blessures aux hommes en bleu qui en ont parl\u00e9 au parquet. Le procureur constatant que Kalifone est aussi bless\u00e9, avait demand\u00e9 qu\u2019on le lib\u00e8re tout en poursuivant les investigations. Falil Gadio","og_url":"https:\/\/www.public.sn\/index.php\/2022\/10\/18\/5036\/","og_site_name":"LE PUBLIC","article_published_time":"2022-10-18T09:54:01+00:00","article_modified_time":"2022-10-18T09:57:33+00:00","og_image":[{"width":612,"height":298,"url":"https:\/\/www.public.sn\/wp-content\/uploads\/2022\/10\/affaire-kaliphone.jpg","type":"image\/jpeg"}],"author":"LA REDACTION","twitter_card":"summary_large_image","twitter_misc":{"\u00c9crit par":"LA REDACTION","Dur\u00e9e de lecture estim\u00e9e":"2 minutes"},"schema":{"@context":"https:\/\/schema.org","@graph":[{"@type":"Article","@id":"https:\/\/www.public.sn\/index.php\/2022\/10\/18\/5036\/#article","isPartOf":{"@id":"https:\/\/www.public.sn\/index.php\/2022\/10\/18\/5036\/"},"author":{"name":"LA REDACTION","@id":"https:\/\/www.public.sn\/#\/schema\/person\/e3f4a11b037d4203902db148f9bc8d5a"},"headline":"Affaire kaliphone: Adja Thiar\u00e9 risque la prison.","datePublished":"2022-10-18T09:54:01+00:00","dateModified":"2022-10-18T09:57:33+00:00","mainEntityOfPage":{"@id":"https:\/\/www.public.sn\/index.php\/2022\/10\/18\/5036\/"},"wordCount":373,"commentCount":0,"publisher":{"@id":"https:\/\/www.public.sn\/#organization"},"image":{"@id":"https:\/\/www.public.sn\/index.php\/2022\/10\/18\/5036\/#primaryimage"},"thumbnailUrl":"https:\/\/www.public.sn\/wp-content\/uploads\/2022\/10\/affaire-kaliphone.jpg","keywords":["Adja Thiar\u00e9","Affaire Kalifone","suite judiciaire"],"articleSection":["ACTUALIT\u00c9S","S\u00c9N\u00c9GAL","SOCIETE","VEDETTE"],"inLanguage":"fr-FR","potentialAction":[{"@type":"CommentAction","name":"Comment","target":["https:\/\/www.public.sn\/index.php\/2022\/10\/18\/5036\/#respond"]}]},{"@type":"WebPage","@id":"https:\/\/www.public.sn\/index.php\/2022\/10\/18\/5036\/","url":"https:\/\/www.public.sn\/index.php\/2022\/10\/18\/5036\/","name":"Affaire kaliphone: Adja Thiar\u00e9 risque la prison. - LE PUBLIC","isPartOf":{"@id":"https:\/\/www.public.sn\/#website"},"primaryImageOfPage":{"@id":"https:\/\/www.public.sn\/index.php\/2022\/10\/18\/5036\/#primaryimage"},"image":{"@id":"https:\/\/www.public.sn\/index.php\/2022\/10\/18\/5036\/#primaryimage"},"thumbnailUrl":"https:\/\/www.public.sn\/wp-content\/uploads\/2022\/10\/affaire-kaliphone.jpg","datePublished":"2022-10-18T09:54:01+00:00","dateModified":"2022-10-18T09:57:33+00:00","breadcrumb":{"@id":"https:\/\/www.public.sn\/index.php\/2022\/10\/18\/5036\/#breadcrumb"},"inLanguage":"fr-FR","potentialAction":[{"@type":"ReadAction","target":["https:\/\/www.public.sn\/index.php\/2022\/10\/18\/5036\/"]}]},{"@type":"ImageObject","inLanguage":"fr-FR","@id":"https:\/\/www.public.sn\/index.php\/2022\/10\/18\/5036\/#primaryimage","url":"https:\/\/www.public.sn\/wp-content\/uploads\/2022\/10\/affaire-kaliphone.jpg","contentUrl":"https:\/\/www.public.sn\/wp-content\/uploads\/2022\/10\/affaire-kaliphone.jpg","width":612,"height":298,"caption":"publicsn"},{"@type":"BreadcrumbList","@id":"https:\/\/www.public.sn\/index.php\/2022\/10\/18\/5036\/#breadcrumb","itemListElement":[{"@type":"ListItem","position":1,"name":"Accueil","item":"https:\/\/www.public.sn\/"},{"@type":"ListItem","position":2,"name":"Affaire kaliphone: Adja Thiar\u00e9 risque la prison."}]},{"@type":"WebSite","@id":"https:\/\/www.public.sn\/#website","url":"https:\/\/www.public.sn\/","name":"LE PUBLIC","description":"","publisher":{"@id":"https:\/\/www.public.sn\/#organization"},"potentialAction":[{"@type":"SearchAction","target":{"@type":"EntryPoint","urlTemplate":"https:\/\/www.public.sn\/?s={search_term_string}"},"query-input":{"@type":"PropertyValueSpecification","valueRequired":true,"valueName":"search_term_string"}}],"inLanguage":"fr-FR"},{"@type":"Organization","@id":"https:\/\/www.public.sn\/#organization","name":"LE PUBLIC","url":"https:\/\/www.public.sn\/","logo":{"@type":"ImageObject","inLanguage":"fr-FR","@id":"https:\/\/www.public.sn\/#\/schema\/logo\/image\/","url":"https:\/\/www.public.sn\/wp-content\/uploads\/2024\/05\/cropped-LOGO-PUBLIC.SN_.png","contentUrl":"https:\/\/www.public.sn\/wp-content\/uploads\/2024\/05\/cropped-LOGO-PUBLIC.SN_.png","width":682,"height":192,"caption":"LE PUBLIC"},"image":{"@id":"https:\/\/www.public.sn\/#\/schema\/logo\/image\/"}},{"@type":"Person","@id":"https:\/\/www.public.sn\/#\/schema\/person\/e3f4a11b037d4203902db148f9bc8d5a","name":"LA REDACTION","image":{"@type":"ImageObject","inLanguage":"fr-FR","@id":"https:\/\/www.public.sn\/#\/schema\/person\/image\/","url":"https:\/\/secure.gravatar.com\/avatar\/d6c030db45db2883c075085c5d6c6258654a801a93766b49af0b82d4f454e2a5?s=96&d=mm&r=g","contentUrl":"https:\/\/secure.gravatar.com\/avatar\/d6c030db45db2883c075085c5d6c6258654a801a93766b49af0b82d4f454e2a5?s=96&d=mm&r=g","caption":"LA REDACTION"},"sameAs":["http:\/\/www.public.sn"],"url":"https:\/\/www.public.sn\/index.php\/author\/admin7324\/"}]}},"jetpack_featured_media_url":"https:\/\/www.public.sn\/wp-content\/uploads\/2022\/10\/affaire-kaliphone.jpg","jetpack_sharing_enabled":true,"_links":{"self":[{"href":"https:\/\/www.public.sn\/index.php\/wp-json\/wp\/v2\/posts\/5036","targetHints":{"allow":["GET"]}}],"collection":[{"href":"https:\/\/www.public.sn\/index.php\/wp-json\/wp\/v2\/posts"}],"about":[{"href":"https:\/\/www.public.sn\/index.php\/wp-json\/wp\/v2\/types\/post"}],"author":[{"embeddable":true,"href":"https:\/\/www.public.sn\/index.php\/wp-json\/wp\/v2\/users\/1"}],"replies":[{"embeddable":true,"href":"https:\/\/www.public.sn\/index.php\/wp-json\/wp\/v2\/comments?post=5036"}],"version-history":[{"count":2,"href":"https:\/\/www.public.sn\/index.php\/wp-json\/wp\/v2\/posts\/5036\/revisions"}],"predecessor-version":[{"id":5040,"href":"https:\/\/www.public.sn\/index.php\/wp-json\/wp\/v2\/posts\/5036\/revisions\/5040"}],"wp:featuredmedia":[{"embeddable":true,"href":"https:\/\/www.public.sn\/index.php\/wp-json\/wp\/v2\/media\/4517"}],"wp:attachment":[{"href":"https:\/\/www.public.sn\/index.php\/wp-json\/wp\/v2\/media?parent=5036"}],"wp:term":[{"taxonomy":"category","embeddable":true,"href":"https:\/\/www.public.sn\/index.php\/wp-json\/wp\/v2\/categories?post=5036"},{"taxonomy":"post_tag","embeddable":true,"href":"https:\/\/www.public.sn\/index.php\/wp-json\/wp\/v2\/tags?post=5036"}],"curies":[{"name":"wp","href":"https:\/\/api.w.org\/{rel}","templated":true}]}}