{"id":5057,"date":"2022-10-18T11:48:05","date_gmt":"2022-10-18T11:48:05","guid":{"rendered":"https:\/\/www.public.sn\/?p=5057"},"modified":"2022-10-18T11:48:07","modified_gmt":"2022-10-18T11:48:07","slug":"bakel-un-etudiant-poignarde-par-un-berger","status":"publish","type":"post","link":"https:\/\/www.public.sn\/index.php\/2022\/10\/18\/bakel-un-etudiant-poignarde-par-un-berger\/","title":{"rendered":"Bakel : Un \u00e9tudiant poignard\u00e9 par un berger"},"content":{"rendered":"\n<p><strong>Selon des informations du quotidien le Soleil, un drame s&rsquo;est produit dans la commune de Diawara situ\u00e9e dans le d\u00e9partement de Bakel. Un \u00e9tudiant du nom de Mademba Dieng a \u00e9t\u00e9 poignard\u00e9 par un berger.<\/strong><\/p><div class=\"publi-paragraphe1\" style=\"margin-top: 10px;margin-bottom: 10px;margin-left: auto;margin-right: auto;text-align: center;\" id=\"publi-1239869084\"><div class=\"publi-adlabel\">Publicit\u00e9<\/div><script async src=\"\/\/pagead2.googlesyndication.com\/pagead\/js\/adsbygoogle.js?client=ca-pub-4089586018074219\" crossorigin=\"anonymous\"><\/script><ins class=\"adsbygoogle\" style=\"display:block;\" data-ad-client=\"ca-pub-4089586018074219\" \ndata-ad-slot=\"2087940154\" \ndata-ad-format=\"auto\"><\/ins>\n<script> \n(adsbygoogle = window.adsbygoogle || []).push({}); \n<\/script>\n<\/div>\n\n\n\n<p><br>Il \u00e9tait all\u00e9 au village pour cultiver un champ de past\u00e8que afin de subvenir \u00e0 ses frais scolaires. Il a re\u00e7u la visite d\u2019un berger aux environs de 11 heures qui lui a demand\u00e9 tout simplement de s\u2019en aller car le b\u00e9tail \u00e9tait \u00e0 proximit\u00e9. Sous le coup de la col\u00e8re, la victime a refus\u00e9 de s\u2019y conformer. Ce qui a entra\u00een\u00e9 une querelle entre les hommes.<\/p>\n\n\n\n<p><br>D\u2019apr\u00e8s des t\u00e9moignages recueillis, l\u2019\u00e9tudiant l\u2019a pris par le poignet pour le sommer de quitter les lieux. C\u2019est sur ses entrefaites que le berger a pris son couteau avant de le poignarder dans la cage thoracique.<\/p>\n\n\n\n<p><br>Il est tomb\u00e9 gisant dans une marre de sang. Avis\u00e9s, les \u00e9l\u00e9ments de la gendarmerie se sont pr\u00e9sent\u00e9s sur les lieux et ont arr\u00eat\u00e9 le malfaiteur.<br>Le corps sans vie du jeune \u00e9tudiant a \u00e9t\u00e9 \u00e9vacu\u00e9 \u00e0 l\u2019h\u00f4pital de Tamba.<\/p>\n\n\n\n<p><br>Mame Marie THIAM<\/p>\n<div class=\"publi-apres-le-contenu\" style=\"margin-top: 10px;margin-bottom: 10px;margin-left: auto;margin-right: auto;text-align: center;\" id=\"publi-2481260187\"><div class=\"publi-adlabel\">Publicit\u00e9<\/div><script async src=\"\/\/pagead2.googlesyndication.com\/pagead\/js\/adsbygoogle.js?client=ca-pub-4089586018074219\" crossorigin=\"anonymous\"><\/script><ins class=\"adsbygoogle\" style=\"display:block;\" data-ad-client=\"ca-pub-4089586018074219\" \ndata-ad-slot=\"2087940154\" \ndata-ad-format=\"auto\"><\/ins>\n<script> \n(adsbygoogle = window.adsbygoogle || []).push({}); \n<\/script>\n<\/div>","protected":false},"excerpt":{"rendered":"<p>Selon des informations du quotidien le Soleil, un drame s&rsquo;est produit dans la commune de Diawara situ\u00e9e dans le d\u00e9partement de Bakel. Un \u00e9tudiant du nom de Mademba Dieng a \u00e9t\u00e9 poignard\u00e9 par un berger. Il \u00e9tait all\u00e9 au village pour cultiver un champ de past\u00e8que afin de subvenir \u00e0 ses frais scolaires. Il a re\u00e7u la visite d\u2019un berger aux environs de 11 heures qui lui a demand\u00e9 tout simplement de s\u2019en aller car le b\u00e9tail \u00e9tait \u00e0 proximit\u00e9. Sous le coup de la col\u00e8re, la victime a refus\u00e9 de s\u2019y conformer. Ce qui a entra\u00een\u00e9 une querelle entre les hommes. D\u2019apr\u00e8s des t\u00e9moignages recueillis, l\u2019\u00e9tudiant l\u2019a pris par le poignet pour le sommer de quitter les lieux. C\u2019est sur ses entrefaites que le berger a pris son couteau avant de le poignarder dans la cage thoracique. Il est tomb\u00e9 gisant dans une marre de sang. Avis\u00e9s, les \u00e9l\u00e9ments de la gendarmerie se sont pr\u00e9sent\u00e9s sur les lieux et ont arr\u00eat\u00e9 le malfaiteur.Le corps sans vie du jeune \u00e9tudiant a \u00e9t\u00e9 \u00e9vacu\u00e9 \u00e0 l\u2019h\u00f4pital de Tamba. Mame Marie THIAM<\/p>\n","protected":false},"author":1,"featured_media":5058,"comment_status":"open","ping_status":"open","sticky":false,"template":"","format":"standard","meta":{"_jetpack_memberships_contains_paid_content":false,"footnotes":""},"categories":[375,379,1,4],"tags":[1674,631,1676,1677],"class_list":["post-5057","post","type-post","status-publish","format-standard","has-post-thumbnail","hentry","category-actualites","category-faits-divers","category-non-classe","category-societe","tag-bakel","tag-berger","tag-etudiant","tag-tue","entry","has-media","owp-thumbs-layout-horizontal","owp-btn-normal","owp-tabs-layout-horizontal","has-no-thumbnails","has-product-nav"],"yoast_head":"<!-- This site is optimized with the Yoast SEO plugin v25.5 - https:\/\/yoast.com\/wordpress\/plugins\/seo\/ -->\n<title>Bakel : Un \u00e9tudiant poignard\u00e9 par un berger - LE PUBLIC<\/title>\n<meta name=\"robots\" content=\"index, follow, max-snippet:-1, max-image-preview:large, max-video-preview:-1\" \/>\n<link rel=\"canonical\" href=\"https:\/\/www.public.sn\/index.php\/2022\/10\/18\/bakel-un-etudiant-poignarde-par-un-berger\/\" \/>\n<meta property=\"og:locale\" content=\"fr_FR\" \/>\n<meta property=\"og:type\" content=\"article\" \/>\n<meta property=\"og:title\" content=\"Bakel : Un \u00e9tudiant poignard\u00e9 par un berger - LE PUBLIC\" \/>\n<meta property=\"og:description\" content=\"Selon des informations du quotidien le Soleil, un drame s&rsquo;est produit dans la commune de Diawara situ\u00e9e dans le d\u00e9partement de Bakel. Un \u00e9tudiant du nom de Mademba Dieng a \u00e9t\u00e9 poignard\u00e9 par un berger. Il \u00e9tait all\u00e9 au village pour cultiver un champ de past\u00e8que afin de subvenir \u00e0 ses frais scolaires. Il a re\u00e7u la visite d\u2019un berger aux environs de 11 heures qui lui a demand\u00e9 tout simplement de s\u2019en aller car le b\u00e9tail \u00e9tait \u00e0 proximit\u00e9. Sous le coup de la col\u00e8re, la victime a refus\u00e9 de s\u2019y conformer. Ce qui a entra\u00een\u00e9 une querelle entre les hommes. D\u2019apr\u00e8s des t\u00e9moignages recueillis, l\u2019\u00e9tudiant l\u2019a pris par le poignet pour le sommer de quitter les lieux. C\u2019est sur ses entrefaites que le berger a pris son couteau avant de le poignarder dans la cage thoracique. Il est tomb\u00e9 gisant dans une marre de sang. Avis\u00e9s, les \u00e9l\u00e9ments de la gendarmerie se sont pr\u00e9sent\u00e9s sur les lieux et ont arr\u00eat\u00e9 le malfaiteur.Le corps sans vie du jeune \u00e9tudiant a \u00e9t\u00e9 \u00e9vacu\u00e9 \u00e0 l\u2019h\u00f4pital de Tamba. Mame Marie THIAM\" \/>\n<meta property=\"og:url\" content=\"https:\/\/www.public.sn\/index.php\/2022\/10\/18\/bakel-un-etudiant-poignarde-par-un-berger\/\" \/>\n<meta property=\"og:site_name\" content=\"LE PUBLIC\" \/>\n<meta property=\"article:published_time\" content=\"2022-10-18T11:48:05+00:00\" \/>\n<meta property=\"article:modified_time\" content=\"2022-10-18T11:48:07+00:00\" \/>\n<meta property=\"og:image\" content=\"https:\/\/www.public.sn\/wp-content\/uploads\/2022\/10\/hhh.jpg\" \/>\n\t<meta property=\"og:image:width\" content=\"284\" \/>\n\t<meta property=\"og:image:height\" content=\"177\" \/>\n\t<meta property=\"og:image:type\" content=\"image\/jpeg\" \/>\n<meta name=\"author\" content=\"LA REDACTION\" \/>\n<meta name=\"twitter:card\" content=\"summary_large_image\" \/>\n<meta name=\"twitter:label1\" content=\"\u00c9crit par\" \/>\n\t<meta name=\"twitter:data1\" content=\"LA REDACTION\" \/>\n\t<meta name=\"twitter:label2\" content=\"Dur\u00e9e de lecture estim\u00e9e\" \/>\n\t<meta name=\"twitter:data2\" content=\"1 minute\" \/>\n<script type=\"application\/ld+json\" class=\"yoast-schema-graph\">{\"@context\":\"https:\/\/schema.org\",\"@graph\":[{\"@type\":\"Article\",\"@id\":\"https:\/\/www.public.sn\/index.php\/2022\/10\/18\/bakel-un-etudiant-poignarde-par-un-berger\/#article\",\"isPartOf\":{\"@id\":\"https:\/\/www.public.sn\/index.php\/2022\/10\/18\/bakel-un-etudiant-poignarde-par-un-berger\/\"},\"author\":{\"name\":\"LA REDACTION\",\"@id\":\"https:\/\/www.public.sn\/#\/schema\/person\/e3f4a11b037d4203902db148f9bc8d5a\"},\"headline\":\"Bakel : Un \u00e9tudiant poignard\u00e9 par un berger\",\"datePublished\":\"2022-10-18T11:48:05+00:00\",\"dateModified\":\"2022-10-18T11:48:07+00:00\",\"mainEntityOfPage\":{\"@id\":\"https:\/\/www.public.sn\/index.php\/2022\/10\/18\/bakel-un-etudiant-poignarde-par-un-berger\/\"},\"wordCount\":207,\"commentCount\":0,\"publisher\":{\"@id\":\"https:\/\/www.public.sn\/#organization\"},\"image\":{\"@id\":\"https:\/\/www.public.sn\/index.php\/2022\/10\/18\/bakel-un-etudiant-poignarde-par-un-berger\/#primaryimage\"},\"thumbnailUrl\":\"https:\/\/www.public.sn\/wp-content\/uploads\/2022\/10\/hhh.jpg\",\"keywords\":[\"bakel\",\"Berger\",\"etudiant\",\"tue\"],\"articleSection\":[\"ACTUALIT\u00c9S\",\"FAITS DIVERS\",\"S\u00c9N\u00c9GAL\",\"SOCIETE\"],\"inLanguage\":\"fr-FR\",\"potentialAction\":[{\"@type\":\"CommentAction\",\"name\":\"Comment\",\"target\":[\"https:\/\/www.public.sn\/index.php\/2022\/10\/18\/bakel-un-etudiant-poignarde-par-un-berger\/#respond\"]}]},{\"@type\":\"WebPage\",\"@id\":\"https:\/\/www.public.sn\/index.php\/2022\/10\/18\/bakel-un-etudiant-poignarde-par-un-berger\/\",\"url\":\"https:\/\/www.public.sn\/index.php\/2022\/10\/18\/bakel-un-etudiant-poignarde-par-un-berger\/\",\"name\":\"Bakel : Un \u00e9tudiant poignard\u00e9 par un berger - LE PUBLIC\",\"isPartOf\":{\"@id\":\"https:\/\/www.public.sn\/#website\"},\"primaryImageOfPage\":{\"@id\":\"https:\/\/www.public.sn\/index.php\/2022\/10\/18\/bakel-un-etudiant-poignarde-par-un-berger\/#primaryimage\"},\"image\":{\"@id\":\"https:\/\/www.public.sn\/index.php\/2022\/10\/18\/bakel-un-etudiant-poignarde-par-un-berger\/#primaryimage\"},\"thumbnailUrl\":\"https:\/\/www.public.sn\/wp-content\/uploads\/2022\/10\/hhh.jpg\",\"datePublished\":\"2022-10-18T11:48:05+00:00\",\"dateModified\":\"2022-10-18T11:48:07+00:00\",\"breadcrumb\":{\"@id\":\"https:\/\/www.public.sn\/index.php\/2022\/10\/18\/bakel-un-etudiant-poignarde-par-un-berger\/#breadcrumb\"},\"inLanguage\":\"fr-FR\",\"potentialAction\":[{\"@type\":\"ReadAction\",\"target\":[\"https:\/\/www.public.sn\/index.php\/2022\/10\/18\/bakel-un-etudiant-poignarde-par-un-berger\/\"]}]},{\"@type\":\"ImageObject\",\"inLanguage\":\"fr-FR\",\"@id\":\"https:\/\/www.public.sn\/index.php\/2022\/10\/18\/bakel-un-etudiant-poignarde-par-un-berger\/#primaryimage\",\"url\":\"https:\/\/www.public.sn\/wp-content\/uploads\/2022\/10\/hhh.jpg\",\"contentUrl\":\"https:\/\/www.public.sn\/wp-content\/uploads\/2022\/10\/hhh.jpg\",\"width\":284,\"height\":177},{\"@type\":\"BreadcrumbList\",\"@id\":\"https:\/\/www.public.sn\/index.php\/2022\/10\/18\/bakel-un-etudiant-poignarde-par-un-berger\/#breadcrumb\",\"itemListElement\":[{\"@type\":\"ListItem\",\"position\":1,\"name\":\"Accueil\",\"item\":\"https:\/\/www.public.sn\/\"},{\"@type\":\"ListItem\",\"position\":2,\"name\":\"Bakel : Un \u00e9tudiant poignard\u00e9 par un berger\"}]},{\"@type\":\"WebSite\",\"@id\":\"https:\/\/www.public.sn\/#website\",\"url\":\"https:\/\/www.public.sn\/\",\"name\":\"LE PUBLIC\",\"description\":\"\",\"publisher\":{\"@id\":\"https:\/\/www.public.sn\/#organization\"},\"potentialAction\":[{\"@type\":\"SearchAction\",\"target\":{\"@type\":\"EntryPoint\",\"urlTemplate\":\"https:\/\/www.public.sn\/?s={search_term_string}\"},\"query-input\":{\"@type\":\"PropertyValueSpecification\",\"valueRequired\":true,\"valueName\":\"search_term_string\"}}],\"inLanguage\":\"fr-FR\"},{\"@type\":\"Organization\",\"@id\":\"https:\/\/www.public.sn\/#organization\",\"name\":\"LE PUBLIC\",\"url\":\"https:\/\/www.public.sn\/\",\"logo\":{\"@type\":\"ImageObject\",\"inLanguage\":\"fr-FR\",\"@id\":\"https:\/\/www.public.sn\/#\/schema\/logo\/image\/\",\"url\":\"https:\/\/www.public.sn\/wp-content\/uploads\/2024\/05\/cropped-LOGO-PUBLIC.SN_.png\",\"contentUrl\":\"https:\/\/www.public.sn\/wp-content\/uploads\/2024\/05\/cropped-LOGO-PUBLIC.SN_.png\",\"width\":682,\"height\":192,\"caption\":\"LE PUBLIC\"},\"image\":{\"@id\":\"https:\/\/www.public.sn\/#\/schema\/logo\/image\/\"}},{\"@type\":\"Person\",\"@id\":\"https:\/\/www.public.sn\/#\/schema\/person\/e3f4a11b037d4203902db148f9bc8d5a\",\"name\":\"LA REDACTION\",\"image\":{\"@type\":\"ImageObject\",\"inLanguage\":\"fr-FR\",\"@id\":\"https:\/\/www.public.sn\/#\/schema\/person\/image\/\",\"url\":\"https:\/\/secure.gravatar.com\/avatar\/d6c030db45db2883c075085c5d6c6258654a801a93766b49af0b82d4f454e2a5?s=96&d=mm&r=g\",\"contentUrl\":\"https:\/\/secure.gravatar.com\/avatar\/d6c030db45db2883c075085c5d6c6258654a801a93766b49af0b82d4f454e2a5?s=96&d=mm&r=g\",\"caption\":\"LA REDACTION\"},\"sameAs\":[\"http:\/\/www.public.sn\"],\"url\":\"https:\/\/www.public.sn\/index.php\/author\/admin7324\/\"}]}<\/script>\n<!-- \/ Yoast SEO plugin. -->","yoast_head_json":{"title":"Bakel : Un \u00e9tudiant poignard\u00e9 par un berger - LE PUBLIC","robots":{"index":"index","follow":"follow","max-snippet":"max-snippet:-1","max-image-preview":"max-image-preview:large","max-video-preview":"max-video-preview:-1"},"canonical":"https:\/\/www.public.sn\/index.php\/2022\/10\/18\/bakel-un-etudiant-poignarde-par-un-berger\/","og_locale":"fr_FR","og_type":"article","og_title":"Bakel : Un \u00e9tudiant poignard\u00e9 par un berger - LE PUBLIC","og_description":"Selon des informations du quotidien le Soleil, un drame s&rsquo;est produit dans la commune de Diawara situ\u00e9e dans le d\u00e9partement de Bakel. Un \u00e9tudiant du nom de Mademba Dieng a \u00e9t\u00e9 poignard\u00e9 par un berger. Il \u00e9tait all\u00e9 au village pour cultiver un champ de past\u00e8que afin de subvenir \u00e0 ses frais scolaires. Il a re\u00e7u la visite d\u2019un berger aux environs de 11 heures qui lui a demand\u00e9 tout simplement de s\u2019en aller car le b\u00e9tail \u00e9tait \u00e0 proximit\u00e9. Sous le coup de la col\u00e8re, la victime a refus\u00e9 de s\u2019y conformer. Ce qui a entra\u00een\u00e9 une querelle entre les hommes. D\u2019apr\u00e8s des t\u00e9moignages recueillis, l\u2019\u00e9tudiant l\u2019a pris par le poignet pour le sommer de quitter les lieux. C\u2019est sur ses entrefaites que le berger a pris son couteau avant de le poignarder dans la cage thoracique. Il est tomb\u00e9 gisant dans une marre de sang. Avis\u00e9s, les \u00e9l\u00e9ments de la gendarmerie se sont pr\u00e9sent\u00e9s sur les lieux et ont arr\u00eat\u00e9 le malfaiteur.Le corps sans vie du jeune \u00e9tudiant a \u00e9t\u00e9 \u00e9vacu\u00e9 \u00e0 l\u2019h\u00f4pital de Tamba. Mame Marie THIAM","og_url":"https:\/\/www.public.sn\/index.php\/2022\/10\/18\/bakel-un-etudiant-poignarde-par-un-berger\/","og_site_name":"LE PUBLIC","article_published_time":"2022-10-18T11:48:05+00:00","article_modified_time":"2022-10-18T11:48:07+00:00","og_image":[{"width":284,"height":177,"url":"https:\/\/www.public.sn\/wp-content\/uploads\/2022\/10\/hhh.jpg","type":"image\/jpeg"}],"author":"LA REDACTION","twitter_card":"summary_large_image","twitter_misc":{"\u00c9crit par":"LA REDACTION","Dur\u00e9e de lecture estim\u00e9e":"1 minute"},"schema":{"@context":"https:\/\/schema.org","@graph":[{"@type":"Article","@id":"https:\/\/www.public.sn\/index.php\/2022\/10\/18\/bakel-un-etudiant-poignarde-par-un-berger\/#article","isPartOf":{"@id":"https:\/\/www.public.sn\/index.php\/2022\/10\/18\/bakel-un-etudiant-poignarde-par-un-berger\/"},"author":{"name":"LA REDACTION","@id":"https:\/\/www.public.sn\/#\/schema\/person\/e3f4a11b037d4203902db148f9bc8d5a"},"headline":"Bakel : Un \u00e9tudiant poignard\u00e9 par un berger","datePublished":"2022-10-18T11:48:05+00:00","dateModified":"2022-10-18T11:48:07+00:00","mainEntityOfPage":{"@id":"https:\/\/www.public.sn\/index.php\/2022\/10\/18\/bakel-un-etudiant-poignarde-par-un-berger\/"},"wordCount":207,"commentCount":0,"publisher":{"@id":"https:\/\/www.public.sn\/#organization"},"image":{"@id":"https:\/\/www.public.sn\/index.php\/2022\/10\/18\/bakel-un-etudiant-poignarde-par-un-berger\/#primaryimage"},"thumbnailUrl":"https:\/\/www.public.sn\/wp-content\/uploads\/2022\/10\/hhh.jpg","keywords":["bakel","Berger","etudiant","tue"],"articleSection":["ACTUALIT\u00c9S","FAITS DIVERS","S\u00c9N\u00c9GAL","SOCIETE"],"inLanguage":"fr-FR","potentialAction":[{"@type":"CommentAction","name":"Comment","target":["https:\/\/www.public.sn\/index.php\/2022\/10\/18\/bakel-un-etudiant-poignarde-par-un-berger\/#respond"]}]},{"@type":"WebPage","@id":"https:\/\/www.public.sn\/index.php\/2022\/10\/18\/bakel-un-etudiant-poignarde-par-un-berger\/","url":"https:\/\/www.public.sn\/index.php\/2022\/10\/18\/bakel-un-etudiant-poignarde-par-un-berger\/","name":"Bakel : Un \u00e9tudiant poignard\u00e9 par un berger - LE PUBLIC","isPartOf":{"@id":"https:\/\/www.public.sn\/#website"},"primaryImageOfPage":{"@id":"https:\/\/www.public.sn\/index.php\/2022\/10\/18\/bakel-un-etudiant-poignarde-par-un-berger\/#primaryimage"},"image":{"@id":"https:\/\/www.public.sn\/index.php\/2022\/10\/18\/bakel-un-etudiant-poignarde-par-un-berger\/#primaryimage"},"thumbnailUrl":"https:\/\/www.public.sn\/wp-content\/uploads\/2022\/10\/hhh.jpg","datePublished":"2022-10-18T11:48:05+00:00","dateModified":"2022-10-18T11:48:07+00:00","breadcrumb":{"@id":"https:\/\/www.public.sn\/index.php\/2022\/10\/18\/bakel-un-etudiant-poignarde-par-un-berger\/#breadcrumb"},"inLanguage":"fr-FR","potentialAction":[{"@type":"ReadAction","target":["https:\/\/www.public.sn\/index.php\/2022\/10\/18\/bakel-un-etudiant-poignarde-par-un-berger\/"]}]},{"@type":"ImageObject","inLanguage":"fr-FR","@id":"https:\/\/www.public.sn\/index.php\/2022\/10\/18\/bakel-un-etudiant-poignarde-par-un-berger\/#primaryimage","url":"https:\/\/www.public.sn\/wp-content\/uploads\/2022\/10\/hhh.jpg","contentUrl":"https:\/\/www.public.sn\/wp-content\/uploads\/2022\/10\/hhh.jpg","width":284,"height":177},{"@type":"BreadcrumbList","@id":"https:\/\/www.public.sn\/index.php\/2022\/10\/18\/bakel-un-etudiant-poignarde-par-un-berger\/#breadcrumb","itemListElement":[{"@type":"ListItem","position":1,"name":"Accueil","item":"https:\/\/www.public.sn\/"},{"@type":"ListItem","position":2,"name":"Bakel : Un \u00e9tudiant poignard\u00e9 par un berger"}]},{"@type":"WebSite","@id":"https:\/\/www.public.sn\/#website","url":"https:\/\/www.public.sn\/","name":"LE PUBLIC","description":"","publisher":{"@id":"https:\/\/www.public.sn\/#organization"},"potentialAction":[{"@type":"SearchAction","target":{"@type":"EntryPoint","urlTemplate":"https:\/\/www.public.sn\/?s={search_term_string}"},"query-input":{"@type":"PropertyValueSpecification","valueRequired":true,"valueName":"search_term_string"}}],"inLanguage":"fr-FR"},{"@type":"Organization","@id":"https:\/\/www.public.sn\/#organization","name":"LE PUBLIC","url":"https:\/\/www.public.sn\/","logo":{"@type":"ImageObject","inLanguage":"fr-FR","@id":"https:\/\/www.public.sn\/#\/schema\/logo\/image\/","url":"https:\/\/www.public.sn\/wp-content\/uploads\/2024\/05\/cropped-LOGO-PUBLIC.SN_.png","contentUrl":"https:\/\/www.public.sn\/wp-content\/uploads\/2024\/05\/cropped-LOGO-PUBLIC.SN_.png","width":682,"height":192,"caption":"LE PUBLIC"},"image":{"@id":"https:\/\/www.public.sn\/#\/schema\/logo\/image\/"}},{"@type":"Person","@id":"https:\/\/www.public.sn\/#\/schema\/person\/e3f4a11b037d4203902db148f9bc8d5a","name":"LA REDACTION","image":{"@type":"ImageObject","inLanguage":"fr-FR","@id":"https:\/\/www.public.sn\/#\/schema\/person\/image\/","url":"https:\/\/secure.gravatar.com\/avatar\/d6c030db45db2883c075085c5d6c6258654a801a93766b49af0b82d4f454e2a5?s=96&d=mm&r=g","contentUrl":"https:\/\/secure.gravatar.com\/avatar\/d6c030db45db2883c075085c5d6c6258654a801a93766b49af0b82d4f454e2a5?s=96&d=mm&r=g","caption":"LA REDACTION"},"sameAs":["http:\/\/www.public.sn"],"url":"https:\/\/www.public.sn\/index.php\/author\/admin7324\/"}]}},"jetpack_featured_media_url":"https:\/\/www.public.sn\/wp-content\/uploads\/2022\/10\/hhh.jpg","jetpack_sharing_enabled":true,"_links":{"self":[{"href":"https:\/\/www.public.sn\/index.php\/wp-json\/wp\/v2\/posts\/5057","targetHints":{"allow":["GET"]}}],"collection":[{"href":"https:\/\/www.public.sn\/index.php\/wp-json\/wp\/v2\/posts"}],"about":[{"href":"https:\/\/www.public.sn\/index.php\/wp-json\/wp\/v2\/types\/post"}],"author":[{"embeddable":true,"href":"https:\/\/www.public.sn\/index.php\/wp-json\/wp\/v2\/users\/1"}],"replies":[{"embeddable":true,"href":"https:\/\/www.public.sn\/index.php\/wp-json\/wp\/v2\/comments?post=5057"}],"version-history":[{"count":1,"href":"https:\/\/www.public.sn\/index.php\/wp-json\/wp\/v2\/posts\/5057\/revisions"}],"predecessor-version":[{"id":5059,"href":"https:\/\/www.public.sn\/index.php\/wp-json\/wp\/v2\/posts\/5057\/revisions\/5059"}],"wp:featuredmedia":[{"embeddable":true,"href":"https:\/\/www.public.sn\/index.php\/wp-json\/wp\/v2\/media\/5058"}],"wp:attachment":[{"href":"https:\/\/www.public.sn\/index.php\/wp-json\/wp\/v2\/media?parent=5057"}],"wp:term":[{"taxonomy":"category","embeddable":true,"href":"https:\/\/www.public.sn\/index.php\/wp-json\/wp\/v2\/categories?post=5057"},{"taxonomy":"post_tag","embeddable":true,"href":"https:\/\/www.public.sn\/index.php\/wp-json\/wp\/v2\/tags?post=5057"}],"curies":[{"name":"wp","href":"https:\/\/api.w.org\/{rel}","templated":true}]}}