{"id":5062,"date":"2022-10-18T12:17:18","date_gmt":"2022-10-18T12:17:18","guid":{"rendered":"https:\/\/www.public.sn\/?p=5062"},"modified":"2022-10-18T12:19:09","modified_gmt":"2022-10-18T12:19:09","slug":"rts-vers-la-creation-dun-autre-syndicat","status":"publish","type":"post","link":"https:\/\/www.public.sn\/index.php\/2022\/10\/18\/rts-vers-la-creation-dun-autre-syndicat\/","title":{"rendered":"RTS\u00a0: Vers la cr\u00e9ation d\u2019un autre syndicat."},"content":{"rendered":"\n<p><\/p>\n\n\n\n<p>La section Synpics \u2013CNTS rappelle qu\u2019il est et demeure&nbsp; le repr\u00e9sentant l\u00e9gitime des travailleurs de la RTS. Dans un communiqu\u00e9, elle rappelle que la section RTS Synpics a \u00e9t\u00e9 reconduite lors de la derni\u00e8re \u00e9lection de renouvellement malgr\u00e9 les moyens d\u00e9ploy\u00e9s par la direction g\u00e9n\u00e9rale pour les contraindre \u00e0 partir.&nbsp; <\/p><div class=\"publi-paragraphe1\" style=\"margin-top: 10px;margin-bottom: 10px;margin-left: auto;margin-right: auto;text-align: center;\" id=\"publi-1004305629\"><div class=\"publi-adlabel\">Publicit\u00e9<\/div><script async src=\"\/\/pagead2.googlesyndication.com\/pagead\/js\/adsbygoogle.js?client=ca-pub-4089586018074219\" crossorigin=\"anonymous\"><\/script><ins class=\"adsbygoogle\" style=\"display:block;\" data-ad-client=\"ca-pub-4089586018074219\" \ndata-ad-slot=\"2087940154\" \ndata-ad-format=\"auto\"><\/ins>\n<script> \n(adsbygoogle = window.adsbygoogle || []).push({}); \n<\/script>\n<\/div>\n\n\n\n<p><\/p>\n\n\n\n<p>Le communiqu\u00e9 pr\u00e9cise que des agents ont d\u00e9cid\u00e9 de mettre sur pied le syndicat\u00a0 des professionnels de l\u2019audiovisuel dont l\u2019objectif est de \u00ab\u00a0promouvoir un syndicalisme privil\u00e9giant les propositions concr\u00e8tes, le dialogue et la n\u00e9gociation, avec comme unique motivation\u00a0 la d\u00e9fense des int\u00e9r\u00eats mat\u00e9riels et moraux du personnel\u00a0\u00bb. La section Synpics RTS rappelle au directeur Racine Talla ses revendications \u00e0 \u0153uvrer pour la satisfaction\u00a0 des revendications des travailleurs relatives au reversement \u00a0aux sommes pr\u00e9lev\u00e9es sur les salaires\u00a0 au profit de certaines structures. <\/p>\n\n\n\n<p><\/p>\n\n\n\n<p>Par ailleurs, la section Synpics condamne les intimidations et continuera de d\u00e9noncer vigoureusement ce qu\u2019elle qualifie de \u00ab\u00a0mauvaises pratiques\u00a0\u00bb au sein de l\u2019entreprise public de l\u2019audiovisuel.<\/p>\n\n\n\n<p>Samba SY.<\/p>\n<div class=\"publi-apres-le-contenu\" style=\"margin-top: 10px;margin-bottom: 10px;margin-left: auto;margin-right: auto;text-align: center;\" id=\"publi-727717647\"><div class=\"publi-adlabel\">Publicit\u00e9<\/div><script async src=\"\/\/pagead2.googlesyndication.com\/pagead\/js\/adsbygoogle.js?client=ca-pub-4089586018074219\" crossorigin=\"anonymous\"><\/script><ins class=\"adsbygoogle\" style=\"display:block;\" data-ad-client=\"ca-pub-4089586018074219\" \ndata-ad-slot=\"2087940154\" \ndata-ad-format=\"auto\"><\/ins>\n<script> \n(adsbygoogle = window.adsbygoogle || []).push({}); \n<\/script>\n<\/div>","protected":false},"excerpt":{"rendered":"<p>La section Synpics \u2013CNTS rappelle qu\u2019il est et demeure&nbsp; le repr\u00e9sentant l\u00e9gitime des travailleurs de la RTS. Dans un communiqu\u00e9, elle rappelle que la section RTS Synpics a \u00e9t\u00e9 reconduite lors de la derni\u00e8re \u00e9lection de renouvellement malgr\u00e9 les moyens d\u00e9ploy\u00e9s par la direction g\u00e9n\u00e9rale pour les contraindre \u00e0 partir.&nbsp; Le communiqu\u00e9 pr\u00e9cise que des agents ont d\u00e9cid\u00e9 de mettre sur pied le syndicat\u00a0 des professionnels de l\u2019audiovisuel dont l\u2019objectif est de \u00ab\u00a0promouvoir un syndicalisme privil\u00e9giant les propositions concr\u00e8tes, le dialogue et la n\u00e9gociation, avec comme unique motivation\u00a0 la d\u00e9fense des int\u00e9r\u00eats mat\u00e9riels et moraux du personnel\u00a0\u00bb. La section Synpics RTS rappelle au directeur Racine Talla ses revendications \u00e0 \u0153uvrer pour la satisfaction\u00a0 des revendications des travailleurs relatives au reversement \u00a0aux sommes pr\u00e9lev\u00e9es sur les salaires\u00a0 au profit de certaines structures. Par ailleurs, la section Synpics condamne les intimidations et continuera de d\u00e9noncer vigoureusement ce qu\u2019elle qualifie de \u00ab\u00a0mauvaises pratiques\u00a0\u00bb au sein de l\u2019entreprise public de l\u2019audiovisuel. Samba SY.<\/p>\n","protected":false},"author":7,"featured_media":5063,"comment_status":"open","ping_status":"open","sticky":false,"template":"","format":"standard","meta":{"_jetpack_memberships_contains_paid_content":false,"footnotes":""},"categories":[375,1,4],"tags":[1679,57,1678],"class_list":["post-5062","post","type-post","status-publish","format-standard","has-post-thumbnail","hentry","category-actualites","category-non-classe","category-societe","tag-revendication","tag-rts","tag-syndicats","entry","has-media","owp-thumbs-layout-horizontal","owp-btn-normal","owp-tabs-layout-horizontal","has-no-thumbnails","has-product-nav"],"yoast_head":"<!-- This site is optimized with the Yoast SEO plugin v25.5 - https:\/\/yoast.com\/wordpress\/plugins\/seo\/ -->\n<title>RTS\u00a0: Vers la cr\u00e9ation d\u2019un autre syndicat. - LE PUBLIC<\/title>\n<meta name=\"robots\" content=\"index, follow, max-snippet:-1, max-image-preview:large, max-video-preview:-1\" \/>\n<link rel=\"canonical\" href=\"https:\/\/www.public.sn\/index.php\/2022\/10\/18\/rts-vers-la-creation-dun-autre-syndicat\/\" \/>\n<meta property=\"og:locale\" content=\"fr_FR\" \/>\n<meta property=\"og:type\" content=\"article\" \/>\n<meta property=\"og:title\" content=\"RTS\u00a0: Vers la cr\u00e9ation d\u2019un autre syndicat. - LE PUBLIC\" \/>\n<meta property=\"og:description\" content=\"La section Synpics \u2013CNTS rappelle qu\u2019il est et demeure&nbsp; le repr\u00e9sentant l\u00e9gitime des travailleurs de la RTS. Dans un communiqu\u00e9, elle rappelle que la section RTS Synpics a \u00e9t\u00e9 reconduite lors de la derni\u00e8re \u00e9lection de renouvellement malgr\u00e9 les moyens d\u00e9ploy\u00e9s par la direction g\u00e9n\u00e9rale pour les contraindre \u00e0 partir.&nbsp; Le communiqu\u00e9 pr\u00e9cise que des agents ont d\u00e9cid\u00e9 de mettre sur pied le syndicat\u00a0 des professionnels de l\u2019audiovisuel dont l\u2019objectif est de \u00ab\u00a0promouvoir un syndicalisme privil\u00e9giant les propositions concr\u00e8tes, le dialogue et la n\u00e9gociation, avec comme unique motivation\u00a0 la d\u00e9fense des int\u00e9r\u00eats mat\u00e9riels et moraux du personnel\u00a0\u00bb. La section Synpics RTS rappelle au directeur Racine Talla ses revendications \u00e0 \u0153uvrer pour la satisfaction\u00a0 des revendications des travailleurs relatives au reversement \u00a0aux sommes pr\u00e9lev\u00e9es sur les salaires\u00a0 au profit de certaines structures. Par ailleurs, la section Synpics condamne les intimidations et continuera de d\u00e9noncer vigoureusement ce qu\u2019elle qualifie de \u00ab\u00a0mauvaises pratiques\u00a0\u00bb au sein de l\u2019entreprise public de l\u2019audiovisuel. Samba SY.\" \/>\n<meta property=\"og:url\" content=\"https:\/\/www.public.sn\/index.php\/2022\/10\/18\/rts-vers-la-creation-dun-autre-syndicat\/\" \/>\n<meta property=\"og:site_name\" content=\"LE PUBLIC\" \/>\n<meta property=\"article:published_time\" content=\"2022-10-18T12:17:18+00:00\" \/>\n<meta property=\"article:modified_time\" content=\"2022-10-18T12:19:09+00:00\" \/>\n<meta property=\"og:image\" content=\"https:\/\/www.public.sn\/wp-content\/uploads\/2022\/10\/rts.png\" \/>\n\t<meta property=\"og:image:width\" content=\"696\" \/>\n\t<meta property=\"og:image:height\" content=\"401\" \/>\n\t<meta property=\"og:image:type\" content=\"image\/png\" \/>\n<meta name=\"author\" content=\"LA REDACTION\" \/>\n<meta name=\"twitter:card\" content=\"summary_large_image\" \/>\n<meta name=\"twitter:label1\" content=\"\u00c9crit par\" \/>\n\t<meta name=\"twitter:data1\" content=\"LA REDACTION\" \/>\n\t<meta name=\"twitter:label2\" content=\"Dur\u00e9e de lecture estim\u00e9e\" \/>\n\t<meta name=\"twitter:data2\" content=\"1 minute\" \/>\n<script type=\"application\/ld+json\" class=\"yoast-schema-graph\">{\"@context\":\"https:\/\/schema.org\",\"@graph\":[{\"@type\":\"Article\",\"@id\":\"https:\/\/www.public.sn\/index.php\/2022\/10\/18\/rts-vers-la-creation-dun-autre-syndicat\/#article\",\"isPartOf\":{\"@id\":\"https:\/\/www.public.sn\/index.php\/2022\/10\/18\/rts-vers-la-creation-dun-autre-syndicat\/\"},\"author\":{\"name\":\"LA REDACTION\",\"@id\":\"https:\/\/www.public.sn\/#\/schema\/person\/cb76c8e1b8becc6be61fb5e92d6d0224\"},\"headline\":\"RTS\u00a0: Vers la cr\u00e9ation d\u2019un autre syndicat.\",\"datePublished\":\"2022-10-18T12:17:18+00:00\",\"dateModified\":\"2022-10-18T12:19:09+00:00\",\"mainEntityOfPage\":{\"@id\":\"https:\/\/www.public.sn\/index.php\/2022\/10\/18\/rts-vers-la-creation-dun-autre-syndicat\/\"},\"wordCount\":193,\"commentCount\":0,\"publisher\":{\"@id\":\"https:\/\/www.public.sn\/#organization\"},\"image\":{\"@id\":\"https:\/\/www.public.sn\/index.php\/2022\/10\/18\/rts-vers-la-creation-dun-autre-syndicat\/#primaryimage\"},\"thumbnailUrl\":\"https:\/\/www.public.sn\/wp-content\/uploads\/2022\/10\/rts.png\",\"keywords\":[\"revendication\",\"RTS\",\"syndicats\"],\"articleSection\":[\"ACTUALIT\u00c9S\",\"S\u00c9N\u00c9GAL\",\"SOCIETE\"],\"inLanguage\":\"fr-FR\",\"potentialAction\":[{\"@type\":\"CommentAction\",\"name\":\"Comment\",\"target\":[\"https:\/\/www.public.sn\/index.php\/2022\/10\/18\/rts-vers-la-creation-dun-autre-syndicat\/#respond\"]}]},{\"@type\":\"WebPage\",\"@id\":\"https:\/\/www.public.sn\/index.php\/2022\/10\/18\/rts-vers-la-creation-dun-autre-syndicat\/\",\"url\":\"https:\/\/www.public.sn\/index.php\/2022\/10\/18\/rts-vers-la-creation-dun-autre-syndicat\/\",\"name\":\"RTS\u00a0: Vers la cr\u00e9ation d\u2019un autre syndicat. - LE PUBLIC\",\"isPartOf\":{\"@id\":\"https:\/\/www.public.sn\/#website\"},\"primaryImageOfPage\":{\"@id\":\"https:\/\/www.public.sn\/index.php\/2022\/10\/18\/rts-vers-la-creation-dun-autre-syndicat\/#primaryimage\"},\"image\":{\"@id\":\"https:\/\/www.public.sn\/index.php\/2022\/10\/18\/rts-vers-la-creation-dun-autre-syndicat\/#primaryimage\"},\"thumbnailUrl\":\"https:\/\/www.public.sn\/wp-content\/uploads\/2022\/10\/rts.png\",\"datePublished\":\"2022-10-18T12:17:18+00:00\",\"dateModified\":\"2022-10-18T12:19:09+00:00\",\"breadcrumb\":{\"@id\":\"https:\/\/www.public.sn\/index.php\/2022\/10\/18\/rts-vers-la-creation-dun-autre-syndicat\/#breadcrumb\"},\"inLanguage\":\"fr-FR\",\"potentialAction\":[{\"@type\":\"ReadAction\",\"target\":[\"https:\/\/www.public.sn\/index.php\/2022\/10\/18\/rts-vers-la-creation-dun-autre-syndicat\/\"]}]},{\"@type\":\"ImageObject\",\"inLanguage\":\"fr-FR\",\"@id\":\"https:\/\/www.public.sn\/index.php\/2022\/10\/18\/rts-vers-la-creation-dun-autre-syndicat\/#primaryimage\",\"url\":\"https:\/\/www.public.sn\/wp-content\/uploads\/2022\/10\/rts.png\",\"contentUrl\":\"https:\/\/www.public.sn\/wp-content\/uploads\/2022\/10\/rts.png\",\"width\":696,\"height\":401,\"caption\":\"publicsn\"},{\"@type\":\"BreadcrumbList\",\"@id\":\"https:\/\/www.public.sn\/index.php\/2022\/10\/18\/rts-vers-la-creation-dun-autre-syndicat\/#breadcrumb\",\"itemListElement\":[{\"@type\":\"ListItem\",\"position\":1,\"name\":\"Accueil\",\"item\":\"https:\/\/www.public.sn\/\"},{\"@type\":\"ListItem\",\"position\":2,\"name\":\"RTS\u00a0: Vers la cr\u00e9ation d\u2019un autre syndicat.\"}]},{\"@type\":\"WebSite\",\"@id\":\"https:\/\/www.public.sn\/#website\",\"url\":\"https:\/\/www.public.sn\/\",\"name\":\"LE PUBLIC\",\"description\":\"\",\"publisher\":{\"@id\":\"https:\/\/www.public.sn\/#organization\"},\"potentialAction\":[{\"@type\":\"SearchAction\",\"target\":{\"@type\":\"EntryPoint\",\"urlTemplate\":\"https:\/\/www.public.sn\/?s={search_term_string}\"},\"query-input\":{\"@type\":\"PropertyValueSpecification\",\"valueRequired\":true,\"valueName\":\"search_term_string\"}}],\"inLanguage\":\"fr-FR\"},{\"@type\":\"Organization\",\"@id\":\"https:\/\/www.public.sn\/#organization\",\"name\":\"LE PUBLIC\",\"url\":\"https:\/\/www.public.sn\/\",\"logo\":{\"@type\":\"ImageObject\",\"inLanguage\":\"fr-FR\",\"@id\":\"https:\/\/www.public.sn\/#\/schema\/logo\/image\/\",\"url\":\"https:\/\/www.public.sn\/wp-content\/uploads\/2024\/05\/cropped-LOGO-PUBLIC.SN_.png\",\"contentUrl\":\"https:\/\/www.public.sn\/wp-content\/uploads\/2024\/05\/cropped-LOGO-PUBLIC.SN_.png\",\"width\":682,\"height\":192,\"caption\":\"LE PUBLIC\"},\"image\":{\"@id\":\"https:\/\/www.public.sn\/#\/schema\/logo\/image\/\"}},{\"@type\":\"Person\",\"@id\":\"https:\/\/www.public.sn\/#\/schema\/person\/cb76c8e1b8becc6be61fb5e92d6d0224\",\"name\":\"LA REDACTION\",\"image\":{\"@type\":\"ImageObject\",\"inLanguage\":\"fr-FR\",\"@id\":\"https:\/\/www.public.sn\/#\/schema\/person\/image\/\",\"url\":\"https:\/\/secure.gravatar.com\/avatar\/2dce5ddd34b8fef0180efe03aa2a9bee7d953856048f9a16b298190a3178407c?s=96&d=mm&r=g\",\"contentUrl\":\"https:\/\/secure.gravatar.com\/avatar\/2dce5ddd34b8fef0180efe03aa2a9bee7d953856048f9a16b298190a3178407c?s=96&d=mm&r=g\",\"caption\":\"LA REDACTION\"},\"url\":\"https:\/\/www.public.sn\/index.php\/author\/editeurpsn\/\"}]}<\/script>\n<!-- \/ Yoast SEO plugin. -->","yoast_head_json":{"title":"RTS\u00a0: Vers la cr\u00e9ation d\u2019un autre syndicat. - LE PUBLIC","robots":{"index":"index","follow":"follow","max-snippet":"max-snippet:-1","max-image-preview":"max-image-preview:large","max-video-preview":"max-video-preview:-1"},"canonical":"https:\/\/www.public.sn\/index.php\/2022\/10\/18\/rts-vers-la-creation-dun-autre-syndicat\/","og_locale":"fr_FR","og_type":"article","og_title":"RTS\u00a0: Vers la cr\u00e9ation d\u2019un autre syndicat. - LE PUBLIC","og_description":"La section Synpics \u2013CNTS rappelle qu\u2019il est et demeure&nbsp; le repr\u00e9sentant l\u00e9gitime des travailleurs de la RTS. Dans un communiqu\u00e9, elle rappelle que la section RTS Synpics a \u00e9t\u00e9 reconduite lors de la derni\u00e8re \u00e9lection de renouvellement malgr\u00e9 les moyens d\u00e9ploy\u00e9s par la direction g\u00e9n\u00e9rale pour les contraindre \u00e0 partir.&nbsp; Le communiqu\u00e9 pr\u00e9cise que des agents ont d\u00e9cid\u00e9 de mettre sur pied le syndicat\u00a0 des professionnels de l\u2019audiovisuel dont l\u2019objectif est de \u00ab\u00a0promouvoir un syndicalisme privil\u00e9giant les propositions concr\u00e8tes, le dialogue et la n\u00e9gociation, avec comme unique motivation\u00a0 la d\u00e9fense des int\u00e9r\u00eats mat\u00e9riels et moraux du personnel\u00a0\u00bb. La section Synpics RTS rappelle au directeur Racine Talla ses revendications \u00e0 \u0153uvrer pour la satisfaction\u00a0 des revendications des travailleurs relatives au reversement \u00a0aux sommes pr\u00e9lev\u00e9es sur les salaires\u00a0 au profit de certaines structures. Par ailleurs, la section Synpics condamne les intimidations et continuera de d\u00e9noncer vigoureusement ce qu\u2019elle qualifie de \u00ab\u00a0mauvaises pratiques\u00a0\u00bb au sein de l\u2019entreprise public de l\u2019audiovisuel. Samba SY.","og_url":"https:\/\/www.public.sn\/index.php\/2022\/10\/18\/rts-vers-la-creation-dun-autre-syndicat\/","og_site_name":"LE PUBLIC","article_published_time":"2022-10-18T12:17:18+00:00","article_modified_time":"2022-10-18T12:19:09+00:00","og_image":[{"width":696,"height":401,"url":"https:\/\/www.public.sn\/wp-content\/uploads\/2022\/10\/rts.png","type":"image\/png"}],"author":"LA REDACTION","twitter_card":"summary_large_image","twitter_misc":{"\u00c9crit par":"LA REDACTION","Dur\u00e9e de lecture estim\u00e9e":"1 minute"},"schema":{"@context":"https:\/\/schema.org","@graph":[{"@type":"Article","@id":"https:\/\/www.public.sn\/index.php\/2022\/10\/18\/rts-vers-la-creation-dun-autre-syndicat\/#article","isPartOf":{"@id":"https:\/\/www.public.sn\/index.php\/2022\/10\/18\/rts-vers-la-creation-dun-autre-syndicat\/"},"author":{"name":"LA REDACTION","@id":"https:\/\/www.public.sn\/#\/schema\/person\/cb76c8e1b8becc6be61fb5e92d6d0224"},"headline":"RTS\u00a0: Vers la cr\u00e9ation d\u2019un autre syndicat.","datePublished":"2022-10-18T12:17:18+00:00","dateModified":"2022-10-18T12:19:09+00:00","mainEntityOfPage":{"@id":"https:\/\/www.public.sn\/index.php\/2022\/10\/18\/rts-vers-la-creation-dun-autre-syndicat\/"},"wordCount":193,"commentCount":0,"publisher":{"@id":"https:\/\/www.public.sn\/#organization"},"image":{"@id":"https:\/\/www.public.sn\/index.php\/2022\/10\/18\/rts-vers-la-creation-dun-autre-syndicat\/#primaryimage"},"thumbnailUrl":"https:\/\/www.public.sn\/wp-content\/uploads\/2022\/10\/rts.png","keywords":["revendication","RTS","syndicats"],"articleSection":["ACTUALIT\u00c9S","S\u00c9N\u00c9GAL","SOCIETE"],"inLanguage":"fr-FR","potentialAction":[{"@type":"CommentAction","name":"Comment","target":["https:\/\/www.public.sn\/index.php\/2022\/10\/18\/rts-vers-la-creation-dun-autre-syndicat\/#respond"]}]},{"@type":"WebPage","@id":"https:\/\/www.public.sn\/index.php\/2022\/10\/18\/rts-vers-la-creation-dun-autre-syndicat\/","url":"https:\/\/www.public.sn\/index.php\/2022\/10\/18\/rts-vers-la-creation-dun-autre-syndicat\/","name":"RTS\u00a0: Vers la cr\u00e9ation d\u2019un autre syndicat. - LE PUBLIC","isPartOf":{"@id":"https:\/\/www.public.sn\/#website"},"primaryImageOfPage":{"@id":"https:\/\/www.public.sn\/index.php\/2022\/10\/18\/rts-vers-la-creation-dun-autre-syndicat\/#primaryimage"},"image":{"@id":"https:\/\/www.public.sn\/index.php\/2022\/10\/18\/rts-vers-la-creation-dun-autre-syndicat\/#primaryimage"},"thumbnailUrl":"https:\/\/www.public.sn\/wp-content\/uploads\/2022\/10\/rts.png","datePublished":"2022-10-18T12:17:18+00:00","dateModified":"2022-10-18T12:19:09+00:00","breadcrumb":{"@id":"https:\/\/www.public.sn\/index.php\/2022\/10\/18\/rts-vers-la-creation-dun-autre-syndicat\/#breadcrumb"},"inLanguage":"fr-FR","potentialAction":[{"@type":"ReadAction","target":["https:\/\/www.public.sn\/index.php\/2022\/10\/18\/rts-vers-la-creation-dun-autre-syndicat\/"]}]},{"@type":"ImageObject","inLanguage":"fr-FR","@id":"https:\/\/www.public.sn\/index.php\/2022\/10\/18\/rts-vers-la-creation-dun-autre-syndicat\/#primaryimage","url":"https:\/\/www.public.sn\/wp-content\/uploads\/2022\/10\/rts.png","contentUrl":"https:\/\/www.public.sn\/wp-content\/uploads\/2022\/10\/rts.png","width":696,"height":401,"caption":"publicsn"},{"@type":"BreadcrumbList","@id":"https:\/\/www.public.sn\/index.php\/2022\/10\/18\/rts-vers-la-creation-dun-autre-syndicat\/#breadcrumb","itemListElement":[{"@type":"ListItem","position":1,"name":"Accueil","item":"https:\/\/www.public.sn\/"},{"@type":"ListItem","position":2,"name":"RTS\u00a0: Vers la cr\u00e9ation d\u2019un autre syndicat."}]},{"@type":"WebSite","@id":"https:\/\/www.public.sn\/#website","url":"https:\/\/www.public.sn\/","name":"LE PUBLIC","description":"","publisher":{"@id":"https:\/\/www.public.sn\/#organization"},"potentialAction":[{"@type":"SearchAction","target":{"@type":"EntryPoint","urlTemplate":"https:\/\/www.public.sn\/?s={search_term_string}"},"query-input":{"@type":"PropertyValueSpecification","valueRequired":true,"valueName":"search_term_string"}}],"inLanguage":"fr-FR"},{"@type":"Organization","@id":"https:\/\/www.public.sn\/#organization","name":"LE PUBLIC","url":"https:\/\/www.public.sn\/","logo":{"@type":"ImageObject","inLanguage":"fr-FR","@id":"https:\/\/www.public.sn\/#\/schema\/logo\/image\/","url":"https:\/\/www.public.sn\/wp-content\/uploads\/2024\/05\/cropped-LOGO-PUBLIC.SN_.png","contentUrl":"https:\/\/www.public.sn\/wp-content\/uploads\/2024\/05\/cropped-LOGO-PUBLIC.SN_.png","width":682,"height":192,"caption":"LE PUBLIC"},"image":{"@id":"https:\/\/www.public.sn\/#\/schema\/logo\/image\/"}},{"@type":"Person","@id":"https:\/\/www.public.sn\/#\/schema\/person\/cb76c8e1b8becc6be61fb5e92d6d0224","name":"LA REDACTION","image":{"@type":"ImageObject","inLanguage":"fr-FR","@id":"https:\/\/www.public.sn\/#\/schema\/person\/image\/","url":"https:\/\/secure.gravatar.com\/avatar\/2dce5ddd34b8fef0180efe03aa2a9bee7d953856048f9a16b298190a3178407c?s=96&d=mm&r=g","contentUrl":"https:\/\/secure.gravatar.com\/avatar\/2dce5ddd34b8fef0180efe03aa2a9bee7d953856048f9a16b298190a3178407c?s=96&d=mm&r=g","caption":"LA REDACTION"},"url":"https:\/\/www.public.sn\/index.php\/author\/editeurpsn\/"}]}},"jetpack_featured_media_url":"https:\/\/www.public.sn\/wp-content\/uploads\/2022\/10\/rts.png","jetpack_sharing_enabled":true,"_links":{"self":[{"href":"https:\/\/www.public.sn\/index.php\/wp-json\/wp\/v2\/posts\/5062","targetHints":{"allow":["GET"]}}],"collection":[{"href":"https:\/\/www.public.sn\/index.php\/wp-json\/wp\/v2\/posts"}],"about":[{"href":"https:\/\/www.public.sn\/index.php\/wp-json\/wp\/v2\/types\/post"}],"author":[{"embeddable":true,"href":"https:\/\/www.public.sn\/index.php\/wp-json\/wp\/v2\/users\/7"}],"replies":[{"embeddable":true,"href":"https:\/\/www.public.sn\/index.php\/wp-json\/wp\/v2\/comments?post=5062"}],"version-history":[{"count":2,"href":"https:\/\/www.public.sn\/index.php\/wp-json\/wp\/v2\/posts\/5062\/revisions"}],"predecessor-version":[{"id":5065,"href":"https:\/\/www.public.sn\/index.php\/wp-json\/wp\/v2\/posts\/5062\/revisions\/5065"}],"wp:featuredmedia":[{"embeddable":true,"href":"https:\/\/www.public.sn\/index.php\/wp-json\/wp\/v2\/media\/5063"}],"wp:attachment":[{"href":"https:\/\/www.public.sn\/index.php\/wp-json\/wp\/v2\/media?parent=5062"}],"wp:term":[{"taxonomy":"category","embeddable":true,"href":"https:\/\/www.public.sn\/index.php\/wp-json\/wp\/v2\/categories?post=5062"},{"taxonomy":"post_tag","embeddable":true,"href":"https:\/\/www.public.sn\/index.php\/wp-json\/wp\/v2\/tags?post=5062"}],"curies":[{"name":"wp","href":"https:\/\/api.w.org\/{rel}","templated":true}]}}