{"id":5099,"date":"2022-10-18T16:09:41","date_gmt":"2022-10-18T16:09:41","guid":{"rendered":"https:\/\/www.public.sn\/?p=5099"},"modified":"2022-10-18T18:00:04","modified_gmt":"2022-10-18T18:00:04","slug":"5099","status":"publish","type":"post","link":"https:\/\/www.public.sn\/index.php\/2022\/10\/18\/5099\/","title":{"rendered":"Abdoulaye Mbow : \u00ab\u00a0La sortie de Diouf Sarr est normale&#8230;\u00a0\u00bb"},"content":{"rendered":"\n<p>L\u2019analyste politique Abdoulaye Mbow est d\u2019avis que la sortie de Abdoulaye Diouf Sarr est tout \u00e0 fait normale. Il a \u00e9t\u00e9 accul\u00e9 et entend se d\u00e9fendre. Et sur Aminata Tour\u00e9, il estime que le pr\u00e9sident \u00e0 d\u00e9cid\u00e9 au dernier moment de renier sa parole de la porter \u00e0 la t\u00eate de l\u2019Assembl\u00e9e Nationale. L\u2019APR peut il receuillir 1 Millions 500 Mille \u00e9lecteurs&nbsp;? \u00ab\u00a0Tout est possible\u00a0\u00bb m\u00eame si ceux qui ont vot\u00e9 ne sont pas tous militants de l\u2019APR. le dauphin de Macky Sall a \u00e9t\u00e9 \u00e9galement abord\u00e9.<\/p><div class=\"publi-paragraphe1\" style=\"margin-top: 10px;margin-bottom: 10px;margin-left: auto;margin-right: auto;text-align: center;\" id=\"publi-2622723424\"><div class=\"publi-adlabel\">Publicit\u00e9<\/div><script async src=\"\/\/pagead2.googlesyndication.com\/pagead\/js\/adsbygoogle.js?client=ca-pub-4089586018074219\" crossorigin=\"anonymous\"><\/script><ins class=\"adsbygoogle\" style=\"display:block;\" data-ad-client=\"ca-pub-4089586018074219\" \ndata-ad-slot=\"2087940154\" \ndata-ad-format=\"auto\"><\/ins>\n<script> \n(adsbygoogle = window.adsbygoogle || []).push({}); \n<\/script>\n<\/div>\n\n\n\n<p>Suivons l\u2019analyse de Abdoulaye Mbow.<\/p>\n\n\n\n<p>Mame Marie Thiam.<\/p>\n\n\n<p><iframe width=\"640\" height=\"360\" src=\"https:\/\/www.youtube.com\/embed\/PB7YAjHV1K8\" title=\"Abdoulaye Mbow crache ses v\u00e9rit\u00e9s sur Ousmane Sonko ,Macky Sall et compagnies\" frameborder=\"0\" allow=\"accelerometer; autoplay; clipboard-write; encrypted-media; gyroscope; picture-in-picture\" allowfullscreen=\"\"><\/iframe><\/p><div class=\"publi-apres-le-contenu\" style=\"margin-top: 10px;margin-bottom: 10px;margin-left: auto;margin-right: auto;text-align: center;\" id=\"publi-1585389004\"><div class=\"publi-adlabel\">Publicit\u00e9<\/div><script async src=\"\/\/pagead2.googlesyndication.com\/pagead\/js\/adsbygoogle.js?client=ca-pub-4089586018074219\" crossorigin=\"anonymous\"><\/script><ins class=\"adsbygoogle\" style=\"display:block;\" data-ad-client=\"ca-pub-4089586018074219\" \ndata-ad-slot=\"2087940154\" \ndata-ad-format=\"auto\"><\/ins>\n<script> \n(adsbygoogle = window.adsbygoogle || []).push({}); \n<\/script>\n<\/div>","protected":false},"excerpt":{"rendered":"<p>L\u2019analyste politique Abdoulaye Mbow est d\u2019avis que la sortie de Abdoulaye Diouf Sarr est tout \u00e0 fait normale. Il a \u00e9t\u00e9 accul\u00e9 et entend se d\u00e9fendre. Et sur Aminata Tour\u00e9, il estime que le pr\u00e9sident \u00e0 d\u00e9cid\u00e9 au dernier moment de renier sa parole de la porter \u00e0 la t\u00eate de l\u2019Assembl\u00e9e Nationale. L\u2019APR peut il receuillir 1 Millions 500 Mille \u00e9lecteurs&nbsp;? \u00ab\u00a0Tout est possible\u00a0\u00bb m\u00eame si ceux qui ont vot\u00e9 ne sont pas tous militants de l\u2019APR. le dauphin de Macky Sall a \u00e9t\u00e9 \u00e9galement abord\u00e9. Suivons l\u2019analyse de Abdoulaye Mbow. Mame Marie Thiam.<\/p>\n","protected":false},"author":7,"featured_media":5100,"comment_status":"open","ping_status":"open","sticky":false,"template":"","format":"standard","meta":{"_jetpack_memberships_contains_paid_content":false,"footnotes":""},"categories":[375,3,1],"tags":[1694,742,11],"class_list":["post-5099","post","type-post","status-publish","format-standard","has-post-thumbnail","hentry","category-actualites","category-politique","category-non-classe","tag-ablaye-mbow","tag-apr","tag-macky-sall","entry","has-media","owp-thumbs-layout-horizontal","owp-btn-normal","owp-tabs-layout-horizontal","has-no-thumbnails","has-product-nav"],"yoast_head":"<!-- This site is optimized with the Yoast SEO plugin v25.5 - https:\/\/yoast.com\/wordpress\/plugins\/seo\/ -->\n<title>Abdoulaye Mbow : &quot;La sortie de Diouf Sarr est normale...&quot; - LE PUBLIC<\/title>\n<meta name=\"robots\" content=\"index, follow, max-snippet:-1, max-image-preview:large, max-video-preview:-1\" \/>\n<link rel=\"canonical\" href=\"https:\/\/www.public.sn\/index.php\/2022\/10\/18\/5099\/\" \/>\n<meta property=\"og:locale\" content=\"fr_FR\" \/>\n<meta property=\"og:type\" content=\"article\" \/>\n<meta property=\"og:title\" content=\"Abdoulaye Mbow : &quot;La sortie de Diouf Sarr est normale...&quot; - LE PUBLIC\" \/>\n<meta property=\"og:description\" content=\"L\u2019analyste politique Abdoulaye Mbow est d\u2019avis que la sortie de Abdoulaye Diouf Sarr est tout \u00e0 fait normale. Il a \u00e9t\u00e9 accul\u00e9 et entend se d\u00e9fendre. Et sur Aminata Tour\u00e9, il estime que le pr\u00e9sident \u00e0 d\u00e9cid\u00e9 au dernier moment de renier sa parole de la porter \u00e0 la t\u00eate de l\u2019Assembl\u00e9e Nationale. L\u2019APR peut il receuillir 1 Millions 500 Mille \u00e9lecteurs&nbsp;? \u00ab\u00a0Tout est possible\u00a0\u00bb m\u00eame si ceux qui ont vot\u00e9 ne sont pas tous militants de l\u2019APR. le dauphin de Macky Sall a \u00e9t\u00e9 \u00e9galement abord\u00e9. Suivons l\u2019analyse de Abdoulaye Mbow. Mame Marie Thiam.\" \/>\n<meta property=\"og:url\" content=\"https:\/\/www.public.sn\/index.php\/2022\/10\/18\/5099\/\" \/>\n<meta property=\"og:site_name\" content=\"LE PUBLIC\" \/>\n<meta property=\"article:published_time\" content=\"2022-10-18T16:09:41+00:00\" \/>\n<meta property=\"article:modified_time\" content=\"2022-10-18T18:00:04+00:00\" \/>\n<meta property=\"og:image\" content=\"https:\/\/www.public.sn\/wp-content\/uploads\/2022\/10\/laye-mbow.jpg\" \/>\n\t<meta property=\"og:image:width\" content=\"259\" \/>\n\t<meta property=\"og:image:height\" content=\"194\" \/>\n\t<meta property=\"og:image:type\" content=\"image\/jpeg\" \/>\n<meta name=\"author\" content=\"LA REDACTION\" \/>\n<meta name=\"twitter:card\" content=\"summary_large_image\" \/>\n<meta name=\"twitter:label1\" content=\"\u00c9crit par\" \/>\n\t<meta name=\"twitter:data1\" content=\"LA REDACTION\" \/>\n\t<meta name=\"twitter:label2\" content=\"Dur\u00e9e de lecture estim\u00e9e\" \/>\n\t<meta name=\"twitter:data2\" content=\"1 minute\" \/>\n<script type=\"application\/ld+json\" class=\"yoast-schema-graph\">{\"@context\":\"https:\/\/schema.org\",\"@graph\":[{\"@type\":\"Article\",\"@id\":\"https:\/\/www.public.sn\/index.php\/2022\/10\/18\/5099\/#article\",\"isPartOf\":{\"@id\":\"https:\/\/www.public.sn\/index.php\/2022\/10\/18\/5099\/\"},\"author\":{\"name\":\"LA REDACTION\",\"@id\":\"https:\/\/www.public.sn\/#\/schema\/person\/cb76c8e1b8becc6be61fb5e92d6d0224\"},\"headline\":\"Abdoulaye Mbow : \u00ab\u00a0La sortie de Diouf Sarr est normale&#8230;\u00a0\u00bb\",\"datePublished\":\"2022-10-18T16:09:41+00:00\",\"dateModified\":\"2022-10-18T18:00:04+00:00\",\"mainEntityOfPage\":{\"@id\":\"https:\/\/www.public.sn\/index.php\/2022\/10\/18\/5099\/\"},\"wordCount\":112,\"commentCount\":0,\"publisher\":{\"@id\":\"https:\/\/www.public.sn\/#organization\"},\"image\":{\"@id\":\"https:\/\/www.public.sn\/index.php\/2022\/10\/18\/5099\/#primaryimage\"},\"thumbnailUrl\":\"https:\/\/www.public.sn\/wp-content\/uploads\/2022\/10\/laye-mbow.jpg\",\"keywords\":[\"ablaye mbow\",\"Apr\",\"Macky Sall\"],\"articleSection\":[\"ACTUALIT\u00c9S\",\"POLITIQUE\",\"S\u00c9N\u00c9GAL\"],\"inLanguage\":\"fr-FR\",\"potentialAction\":[{\"@type\":\"CommentAction\",\"name\":\"Comment\",\"target\":[\"https:\/\/www.public.sn\/index.php\/2022\/10\/18\/5099\/#respond\"]}]},{\"@type\":\"WebPage\",\"@id\":\"https:\/\/www.public.sn\/index.php\/2022\/10\/18\/5099\/\",\"url\":\"https:\/\/www.public.sn\/index.php\/2022\/10\/18\/5099\/\",\"name\":\"Abdoulaye Mbow : \\\"La sortie de Diouf Sarr est normale...\\\" - LE PUBLIC\",\"isPartOf\":{\"@id\":\"https:\/\/www.public.sn\/#website\"},\"primaryImageOfPage\":{\"@id\":\"https:\/\/www.public.sn\/index.php\/2022\/10\/18\/5099\/#primaryimage\"},\"image\":{\"@id\":\"https:\/\/www.public.sn\/index.php\/2022\/10\/18\/5099\/#primaryimage\"},\"thumbnailUrl\":\"https:\/\/www.public.sn\/wp-content\/uploads\/2022\/10\/laye-mbow.jpg\",\"datePublished\":\"2022-10-18T16:09:41+00:00\",\"dateModified\":\"2022-10-18T18:00:04+00:00\",\"breadcrumb\":{\"@id\":\"https:\/\/www.public.sn\/index.php\/2022\/10\/18\/5099\/#breadcrumb\"},\"inLanguage\":\"fr-FR\",\"potentialAction\":[{\"@type\":\"ReadAction\",\"target\":[\"https:\/\/www.public.sn\/index.php\/2022\/10\/18\/5099\/\"]}]},{\"@type\":\"ImageObject\",\"inLanguage\":\"fr-FR\",\"@id\":\"https:\/\/www.public.sn\/index.php\/2022\/10\/18\/5099\/#primaryimage\",\"url\":\"https:\/\/www.public.sn\/wp-content\/uploads\/2022\/10\/laye-mbow.jpg\",\"contentUrl\":\"https:\/\/www.public.sn\/wp-content\/uploads\/2022\/10\/laye-mbow.jpg\",\"width\":259,\"height\":194,\"caption\":\"publicsn\"},{\"@type\":\"BreadcrumbList\",\"@id\":\"https:\/\/www.public.sn\/index.php\/2022\/10\/18\/5099\/#breadcrumb\",\"itemListElement\":[{\"@type\":\"ListItem\",\"position\":1,\"name\":\"Accueil\",\"item\":\"https:\/\/www.public.sn\/\"},{\"@type\":\"ListItem\",\"position\":2,\"name\":\"Abdoulaye Mbow : \u00ab\u00a0La sortie de Diouf Sarr est normale&#8230;\u00a0\u00bb\"}]},{\"@type\":\"WebSite\",\"@id\":\"https:\/\/www.public.sn\/#website\",\"url\":\"https:\/\/www.public.sn\/\",\"name\":\"LE PUBLIC\",\"description\":\"\",\"publisher\":{\"@id\":\"https:\/\/www.public.sn\/#organization\"},\"potentialAction\":[{\"@type\":\"SearchAction\",\"target\":{\"@type\":\"EntryPoint\",\"urlTemplate\":\"https:\/\/www.public.sn\/?s={search_term_string}\"},\"query-input\":{\"@type\":\"PropertyValueSpecification\",\"valueRequired\":true,\"valueName\":\"search_term_string\"}}],\"inLanguage\":\"fr-FR\"},{\"@type\":\"Organization\",\"@id\":\"https:\/\/www.public.sn\/#organization\",\"name\":\"LE PUBLIC\",\"url\":\"https:\/\/www.public.sn\/\",\"logo\":{\"@type\":\"ImageObject\",\"inLanguage\":\"fr-FR\",\"@id\":\"https:\/\/www.public.sn\/#\/schema\/logo\/image\/\",\"url\":\"https:\/\/www.public.sn\/wp-content\/uploads\/2024\/05\/cropped-LOGO-PUBLIC.SN_.png\",\"contentUrl\":\"https:\/\/www.public.sn\/wp-content\/uploads\/2024\/05\/cropped-LOGO-PUBLIC.SN_.png\",\"width\":682,\"height\":192,\"caption\":\"LE PUBLIC\"},\"image\":{\"@id\":\"https:\/\/www.public.sn\/#\/schema\/logo\/image\/\"}},{\"@type\":\"Person\",\"@id\":\"https:\/\/www.public.sn\/#\/schema\/person\/cb76c8e1b8becc6be61fb5e92d6d0224\",\"name\":\"LA REDACTION\",\"image\":{\"@type\":\"ImageObject\",\"inLanguage\":\"fr-FR\",\"@id\":\"https:\/\/www.public.sn\/#\/schema\/person\/image\/\",\"url\":\"https:\/\/secure.gravatar.com\/avatar\/2dce5ddd34b8fef0180efe03aa2a9bee7d953856048f9a16b298190a3178407c?s=96&d=mm&r=g\",\"contentUrl\":\"https:\/\/secure.gravatar.com\/avatar\/2dce5ddd34b8fef0180efe03aa2a9bee7d953856048f9a16b298190a3178407c?s=96&d=mm&r=g\",\"caption\":\"LA REDACTION\"},\"url\":\"https:\/\/www.public.sn\/index.php\/author\/editeurpsn\/\"}]}<\/script>\n<!-- \/ Yoast SEO plugin. -->","yoast_head_json":{"title":"Abdoulaye Mbow : \"La sortie de Diouf Sarr est normale...\" - LE PUBLIC","robots":{"index":"index","follow":"follow","max-snippet":"max-snippet:-1","max-image-preview":"max-image-preview:large","max-video-preview":"max-video-preview:-1"},"canonical":"https:\/\/www.public.sn\/index.php\/2022\/10\/18\/5099\/","og_locale":"fr_FR","og_type":"article","og_title":"Abdoulaye Mbow : \"La sortie de Diouf Sarr est normale...\" - LE PUBLIC","og_description":"L\u2019analyste politique Abdoulaye Mbow est d\u2019avis que la sortie de Abdoulaye Diouf Sarr est tout \u00e0 fait normale. Il a \u00e9t\u00e9 accul\u00e9 et entend se d\u00e9fendre. Et sur Aminata Tour\u00e9, il estime que le pr\u00e9sident \u00e0 d\u00e9cid\u00e9 au dernier moment de renier sa parole de la porter \u00e0 la t\u00eate de l\u2019Assembl\u00e9e Nationale. L\u2019APR peut il receuillir 1 Millions 500 Mille \u00e9lecteurs&nbsp;? \u00ab\u00a0Tout est possible\u00a0\u00bb m\u00eame si ceux qui ont vot\u00e9 ne sont pas tous militants de l\u2019APR. le dauphin de Macky Sall a \u00e9t\u00e9 \u00e9galement abord\u00e9. Suivons l\u2019analyse de Abdoulaye Mbow. Mame Marie Thiam.","og_url":"https:\/\/www.public.sn\/index.php\/2022\/10\/18\/5099\/","og_site_name":"LE PUBLIC","article_published_time":"2022-10-18T16:09:41+00:00","article_modified_time":"2022-10-18T18:00:04+00:00","og_image":[{"width":259,"height":194,"url":"https:\/\/www.public.sn\/wp-content\/uploads\/2022\/10\/laye-mbow.jpg","type":"image\/jpeg"}],"author":"LA REDACTION","twitter_card":"summary_large_image","twitter_misc":{"\u00c9crit par":"LA REDACTION","Dur\u00e9e de lecture estim\u00e9e":"1 minute"},"schema":{"@context":"https:\/\/schema.org","@graph":[{"@type":"Article","@id":"https:\/\/www.public.sn\/index.php\/2022\/10\/18\/5099\/#article","isPartOf":{"@id":"https:\/\/www.public.sn\/index.php\/2022\/10\/18\/5099\/"},"author":{"name":"LA REDACTION","@id":"https:\/\/www.public.sn\/#\/schema\/person\/cb76c8e1b8becc6be61fb5e92d6d0224"},"headline":"Abdoulaye Mbow : \u00ab\u00a0La sortie de Diouf Sarr est normale&#8230;\u00a0\u00bb","datePublished":"2022-10-18T16:09:41+00:00","dateModified":"2022-10-18T18:00:04+00:00","mainEntityOfPage":{"@id":"https:\/\/www.public.sn\/index.php\/2022\/10\/18\/5099\/"},"wordCount":112,"commentCount":0,"publisher":{"@id":"https:\/\/www.public.sn\/#organization"},"image":{"@id":"https:\/\/www.public.sn\/index.php\/2022\/10\/18\/5099\/#primaryimage"},"thumbnailUrl":"https:\/\/www.public.sn\/wp-content\/uploads\/2022\/10\/laye-mbow.jpg","keywords":["ablaye mbow","Apr","Macky Sall"],"articleSection":["ACTUALIT\u00c9S","POLITIQUE","S\u00c9N\u00c9GAL"],"inLanguage":"fr-FR","potentialAction":[{"@type":"CommentAction","name":"Comment","target":["https:\/\/www.public.sn\/index.php\/2022\/10\/18\/5099\/#respond"]}]},{"@type":"WebPage","@id":"https:\/\/www.public.sn\/index.php\/2022\/10\/18\/5099\/","url":"https:\/\/www.public.sn\/index.php\/2022\/10\/18\/5099\/","name":"Abdoulaye Mbow : \"La sortie de Diouf Sarr est normale...\" - LE PUBLIC","isPartOf":{"@id":"https:\/\/www.public.sn\/#website"},"primaryImageOfPage":{"@id":"https:\/\/www.public.sn\/index.php\/2022\/10\/18\/5099\/#primaryimage"},"image":{"@id":"https:\/\/www.public.sn\/index.php\/2022\/10\/18\/5099\/#primaryimage"},"thumbnailUrl":"https:\/\/www.public.sn\/wp-content\/uploads\/2022\/10\/laye-mbow.jpg","datePublished":"2022-10-18T16:09:41+00:00","dateModified":"2022-10-18T18:00:04+00:00","breadcrumb":{"@id":"https:\/\/www.public.sn\/index.php\/2022\/10\/18\/5099\/#breadcrumb"},"inLanguage":"fr-FR","potentialAction":[{"@type":"ReadAction","target":["https:\/\/www.public.sn\/index.php\/2022\/10\/18\/5099\/"]}]},{"@type":"ImageObject","inLanguage":"fr-FR","@id":"https:\/\/www.public.sn\/index.php\/2022\/10\/18\/5099\/#primaryimage","url":"https:\/\/www.public.sn\/wp-content\/uploads\/2022\/10\/laye-mbow.jpg","contentUrl":"https:\/\/www.public.sn\/wp-content\/uploads\/2022\/10\/laye-mbow.jpg","width":259,"height":194,"caption":"publicsn"},{"@type":"BreadcrumbList","@id":"https:\/\/www.public.sn\/index.php\/2022\/10\/18\/5099\/#breadcrumb","itemListElement":[{"@type":"ListItem","position":1,"name":"Accueil","item":"https:\/\/www.public.sn\/"},{"@type":"ListItem","position":2,"name":"Abdoulaye Mbow : \u00ab\u00a0La sortie de Diouf Sarr est normale&#8230;\u00a0\u00bb"}]},{"@type":"WebSite","@id":"https:\/\/www.public.sn\/#website","url":"https:\/\/www.public.sn\/","name":"LE PUBLIC","description":"","publisher":{"@id":"https:\/\/www.public.sn\/#organization"},"potentialAction":[{"@type":"SearchAction","target":{"@type":"EntryPoint","urlTemplate":"https:\/\/www.public.sn\/?s={search_term_string}"},"query-input":{"@type":"PropertyValueSpecification","valueRequired":true,"valueName":"search_term_string"}}],"inLanguage":"fr-FR"},{"@type":"Organization","@id":"https:\/\/www.public.sn\/#organization","name":"LE PUBLIC","url":"https:\/\/www.public.sn\/","logo":{"@type":"ImageObject","inLanguage":"fr-FR","@id":"https:\/\/www.public.sn\/#\/schema\/logo\/image\/","url":"https:\/\/www.public.sn\/wp-content\/uploads\/2024\/05\/cropped-LOGO-PUBLIC.SN_.png","contentUrl":"https:\/\/www.public.sn\/wp-content\/uploads\/2024\/05\/cropped-LOGO-PUBLIC.SN_.png","width":682,"height":192,"caption":"LE PUBLIC"},"image":{"@id":"https:\/\/www.public.sn\/#\/schema\/logo\/image\/"}},{"@type":"Person","@id":"https:\/\/www.public.sn\/#\/schema\/person\/cb76c8e1b8becc6be61fb5e92d6d0224","name":"LA REDACTION","image":{"@type":"ImageObject","inLanguage":"fr-FR","@id":"https:\/\/www.public.sn\/#\/schema\/person\/image\/","url":"https:\/\/secure.gravatar.com\/avatar\/2dce5ddd34b8fef0180efe03aa2a9bee7d953856048f9a16b298190a3178407c?s=96&d=mm&r=g","contentUrl":"https:\/\/secure.gravatar.com\/avatar\/2dce5ddd34b8fef0180efe03aa2a9bee7d953856048f9a16b298190a3178407c?s=96&d=mm&r=g","caption":"LA REDACTION"},"url":"https:\/\/www.public.sn\/index.php\/author\/editeurpsn\/"}]}},"jetpack_featured_media_url":"https:\/\/www.public.sn\/wp-content\/uploads\/2022\/10\/laye-mbow.jpg","jetpack_sharing_enabled":true,"_links":{"self":[{"href":"https:\/\/www.public.sn\/index.php\/wp-json\/wp\/v2\/posts\/5099","targetHints":{"allow":["GET"]}}],"collection":[{"href":"https:\/\/www.public.sn\/index.php\/wp-json\/wp\/v2\/posts"}],"about":[{"href":"https:\/\/www.public.sn\/index.php\/wp-json\/wp\/v2\/types\/post"}],"author":[{"embeddable":true,"href":"https:\/\/www.public.sn\/index.php\/wp-json\/wp\/v2\/users\/7"}],"replies":[{"embeddable":true,"href":"https:\/\/www.public.sn\/index.php\/wp-json\/wp\/v2\/comments?post=5099"}],"version-history":[{"count":3,"href":"https:\/\/www.public.sn\/index.php\/wp-json\/wp\/v2\/posts\/5099\/revisions"}],"predecessor-version":[{"id":5125,"href":"https:\/\/www.public.sn\/index.php\/wp-json\/wp\/v2\/posts\/5099\/revisions\/5125"}],"wp:featuredmedia":[{"embeddable":true,"href":"https:\/\/www.public.sn\/index.php\/wp-json\/wp\/v2\/media\/5100"}],"wp:attachment":[{"href":"https:\/\/www.public.sn\/index.php\/wp-json\/wp\/v2\/media?parent=5099"}],"wp:term":[{"taxonomy":"category","embeddable":true,"href":"https:\/\/www.public.sn\/index.php\/wp-json\/wp\/v2\/categories?post=5099"},{"taxonomy":"post_tag","embeddable":true,"href":"https:\/\/www.public.sn\/index.php\/wp-json\/wp\/v2\/tags?post=5099"}],"curies":[{"name":"wp","href":"https:\/\/api.w.org\/{rel}","templated":true}]}}