{"id":5103,"date":"2022-10-18T16:25:21","date_gmt":"2022-10-18T16:25:21","guid":{"rendered":"https:\/\/www.public.sn\/?p=5103"},"modified":"2022-10-18T17:55:49","modified_gmt":"2022-10-18T17:55:49","slug":"5103","status":"publish","type":"post","link":"https:\/\/www.public.sn\/index.php\/2022\/10\/18\/5103\/","title":{"rendered":"Doudou Coulibaly condamne l&rsquo;acharnement contre Sonko."},"content":{"rendered":"\n<p>Le chroniqueur Doudou Coulibaly dit ne pas comprendre cet acharnement contre le leader du Pastef. Sur le motif d\u2019attroupement ou de trouble \u00e0 l\u2019ordre public, ces arguments ne tiennent pas. Il rappelle que si Me Abdoulaye Wade avait adopt\u00e9 la m\u00eame attitude, Macky Sall ne serait pas pr\u00e9sident de la R\u00e9publique. Et tout ceci est peine perdue car contribue \u00e0 le rendre plus populaire. Celui-ci rappelle que souvent ces genres de comportements mettent plus en valeur l\u2019adversaire politique qu\u2019on essaie d\u2019\u00e9carter. Par ailleurs Doudou Coulibaly estime que ce \u00ab&nbsp;N\u00e9m\u00e9kou Tour&nbsp;\u00bb est une bonne initiative car il est en train de faire le \u00ab\u00a0buzz\u00a0\u00bb.<\/p><div class=\"publi-paragraphe1\" style=\"margin-top: 10px;margin-bottom: 10px;margin-left: auto;margin-right: auto;text-align: center;\" id=\"publi-1114748994\"><div class=\"publi-adlabel\">Publicit\u00e9<\/div><script async src=\"\/\/pagead2.googlesyndication.com\/pagead\/js\/adsbygoogle.js?client=ca-pub-4089586018074219\" crossorigin=\"anonymous\"><\/script><ins class=\"adsbygoogle\" style=\"display:block;\" data-ad-client=\"ca-pub-4089586018074219\" \ndata-ad-slot=\"2087940154\" \ndata-ad-format=\"auto\"><\/ins>\n<script> \n(adsbygoogle = window.adsbygoogle || []).push({}); \n<\/script>\n<\/div>\n\n\n\n<p>Suivez son analyse avec Publicsn.<\/p>\n\n\n\n<p>Maimouna Diallo<\/p>\n\n\n<p><iframe width=\"640\" height=\"360\" src=\"https:\/\/www.youtube.com\/embed\/Ao-sXaRXdFI\" title=\"N\u00e9m\u00e9kou tour de Ousmane Sonko perturb\u00e9 Doudou Koulibaly tire sur l\u2019\u00e9tat&nbsp;\u00abDa gnou koy\u2026&nbsp;\u00bb\" frameborder=\"0\" allow=\"accelerometer; autoplay; clipboard-write; encrypted-media; gyroscope; picture-in-picture\" allowfullscreen=\"\"><\/iframe><\/p><div class=\"publi-apres-le-contenu\" style=\"margin-top: 10px;margin-bottom: 10px;margin-left: auto;margin-right: auto;text-align: center;\" id=\"publi-688020084\"><div class=\"publi-adlabel\">Publicit\u00e9<\/div><script async src=\"\/\/pagead2.googlesyndication.com\/pagead\/js\/adsbygoogle.js?client=ca-pub-4089586018074219\" crossorigin=\"anonymous\"><\/script><ins class=\"adsbygoogle\" style=\"display:block;\" data-ad-client=\"ca-pub-4089586018074219\" \ndata-ad-slot=\"2087940154\" \ndata-ad-format=\"auto\"><\/ins>\n<script> \n(adsbygoogle = window.adsbygoogle || []).push({}); \n<\/script>\n<\/div>","protected":false},"excerpt":{"rendered":"<p>Le chroniqueur Doudou Coulibaly dit ne pas comprendre cet acharnement contre le leader du Pastef. Sur le motif d\u2019attroupement ou de trouble \u00e0 l\u2019ordre public, ces arguments ne tiennent pas. Il rappelle que si Me Abdoulaye Wade avait adopt\u00e9 la m\u00eame attitude, Macky Sall ne serait pas pr\u00e9sident de la R\u00e9publique. Et tout ceci est peine perdue car contribue \u00e0 le rendre plus populaire. Celui-ci rappelle que souvent ces genres de comportements mettent plus en valeur l\u2019adversaire politique qu\u2019on essaie d\u2019\u00e9carter. Par ailleurs Doudou Coulibaly estime que ce \u00ab&nbsp;N\u00e9m\u00e9kou Tour&nbsp;\u00bb est une bonne initiative car il est en train de faire le \u00ab\u00a0buzz\u00a0\u00bb. Suivez son analyse avec Publicsn. Maimouna Diallo<\/p>\n","protected":false},"author":7,"featured_media":5104,"comment_status":"open","ping_status":"open","sticky":false,"template":"","format":"standard","meta":{"_jetpack_memberships_contains_paid_content":false,"footnotes":""},"categories":[375,3,1],"tags":[1695,1696,16],"class_list":["post-5103","post","type-post","status-publish","format-standard","has-post-thumbnail","hentry","category-actualites","category-politique","category-non-classe","tag-doudou-coulibaly","tag-nemekou-tour","tag-ousmane-sonko","entry","has-media","owp-thumbs-layout-horizontal","owp-btn-normal","owp-tabs-layout-horizontal","has-no-thumbnails","has-product-nav"],"yoast_head":"<!-- This site is optimized with the Yoast SEO plugin v25.5 - https:\/\/yoast.com\/wordpress\/plugins\/seo\/ -->\n<title>Doudou Coulibaly condamne l&#039;acharnement contre Sonko. - LE PUBLIC<\/title>\n<meta name=\"robots\" content=\"index, follow, max-snippet:-1, max-image-preview:large, max-video-preview:-1\" \/>\n<link rel=\"canonical\" href=\"https:\/\/www.public.sn\/index.php\/2022\/10\/18\/5103\/\" \/>\n<meta property=\"og:locale\" content=\"fr_FR\" \/>\n<meta property=\"og:type\" content=\"article\" \/>\n<meta property=\"og:title\" content=\"Doudou Coulibaly condamne l&#039;acharnement contre Sonko. - LE PUBLIC\" \/>\n<meta property=\"og:description\" content=\"Le chroniqueur Doudou Coulibaly dit ne pas comprendre cet acharnement contre le leader du Pastef. Sur le motif d\u2019attroupement ou de trouble \u00e0 l\u2019ordre public, ces arguments ne tiennent pas. Il rappelle que si Me Abdoulaye Wade avait adopt\u00e9 la m\u00eame attitude, Macky Sall ne serait pas pr\u00e9sident de la R\u00e9publique. Et tout ceci est peine perdue car contribue \u00e0 le rendre plus populaire. Celui-ci rappelle que souvent ces genres de comportements mettent plus en valeur l\u2019adversaire politique qu\u2019on essaie d\u2019\u00e9carter. Par ailleurs Doudou Coulibaly estime que ce \u00ab&nbsp;N\u00e9m\u00e9kou Tour&nbsp;\u00bb est une bonne initiative car il est en train de faire le \u00ab\u00a0buzz\u00a0\u00bb. Suivez son analyse avec Publicsn. Maimouna Diallo\" \/>\n<meta property=\"og:url\" content=\"https:\/\/www.public.sn\/index.php\/2022\/10\/18\/5103\/\" \/>\n<meta property=\"og:site_name\" content=\"LE PUBLIC\" \/>\n<meta property=\"article:published_time\" content=\"2022-10-18T16:25:21+00:00\" \/>\n<meta property=\"article:modified_time\" content=\"2022-10-18T17:55:49+00:00\" \/>\n<meta property=\"og:image\" content=\"https:\/\/www.public.sn\/wp-content\/uploads\/2022\/10\/doudou-coulibaly.jpg\" \/>\n\t<meta property=\"og:image:width\" content=\"960\" \/>\n\t<meta property=\"og:image:height\" content=\"635\" \/>\n\t<meta property=\"og:image:type\" content=\"image\/jpeg\" \/>\n<meta name=\"author\" content=\"LA REDACTION\" \/>\n<meta name=\"twitter:card\" content=\"summary_large_image\" \/>\n<meta name=\"twitter:label1\" content=\"\u00c9crit par\" \/>\n\t<meta name=\"twitter:data1\" content=\"LA REDACTION\" \/>\n\t<meta name=\"twitter:label2\" content=\"Dur\u00e9e de lecture estim\u00e9e\" \/>\n\t<meta name=\"twitter:data2\" content=\"1 minute\" \/>\n<script type=\"application\/ld+json\" class=\"yoast-schema-graph\">{\"@context\":\"https:\/\/schema.org\",\"@graph\":[{\"@type\":\"Article\",\"@id\":\"https:\/\/www.public.sn\/index.php\/2022\/10\/18\/5103\/#article\",\"isPartOf\":{\"@id\":\"https:\/\/www.public.sn\/index.php\/2022\/10\/18\/5103\/\"},\"author\":{\"name\":\"LA REDACTION\",\"@id\":\"https:\/\/www.public.sn\/#\/schema\/person\/cb76c8e1b8becc6be61fb5e92d6d0224\"},\"headline\":\"Doudou Coulibaly condamne l&rsquo;acharnement contre Sonko.\",\"datePublished\":\"2022-10-18T16:25:21+00:00\",\"dateModified\":\"2022-10-18T17:55:49+00:00\",\"mainEntityOfPage\":{\"@id\":\"https:\/\/www.public.sn\/index.php\/2022\/10\/18\/5103\/\"},\"wordCount\":126,\"commentCount\":0,\"publisher\":{\"@id\":\"https:\/\/www.public.sn\/#organization\"},\"image\":{\"@id\":\"https:\/\/www.public.sn\/index.php\/2022\/10\/18\/5103\/#primaryimage\"},\"thumbnailUrl\":\"https:\/\/www.public.sn\/wp-content\/uploads\/2022\/10\/doudou-coulibaly.jpg\",\"keywords\":[\"doudou coulibaly\",\"nemekou tour\",\"Ousmane Sonko\"],\"articleSection\":[\"ACTUALIT\u00c9S\",\"POLITIQUE\",\"S\u00c9N\u00c9GAL\"],\"inLanguage\":\"fr-FR\",\"potentialAction\":[{\"@type\":\"CommentAction\",\"name\":\"Comment\",\"target\":[\"https:\/\/www.public.sn\/index.php\/2022\/10\/18\/5103\/#respond\"]}]},{\"@type\":\"WebPage\",\"@id\":\"https:\/\/www.public.sn\/index.php\/2022\/10\/18\/5103\/\",\"url\":\"https:\/\/www.public.sn\/index.php\/2022\/10\/18\/5103\/\",\"name\":\"Doudou Coulibaly condamne l'acharnement contre Sonko. - LE PUBLIC\",\"isPartOf\":{\"@id\":\"https:\/\/www.public.sn\/#website\"},\"primaryImageOfPage\":{\"@id\":\"https:\/\/www.public.sn\/index.php\/2022\/10\/18\/5103\/#primaryimage\"},\"image\":{\"@id\":\"https:\/\/www.public.sn\/index.php\/2022\/10\/18\/5103\/#primaryimage\"},\"thumbnailUrl\":\"https:\/\/www.public.sn\/wp-content\/uploads\/2022\/10\/doudou-coulibaly.jpg\",\"datePublished\":\"2022-10-18T16:25:21+00:00\",\"dateModified\":\"2022-10-18T17:55:49+00:00\",\"breadcrumb\":{\"@id\":\"https:\/\/www.public.sn\/index.php\/2022\/10\/18\/5103\/#breadcrumb\"},\"inLanguage\":\"fr-FR\",\"potentialAction\":[{\"@type\":\"ReadAction\",\"target\":[\"https:\/\/www.public.sn\/index.php\/2022\/10\/18\/5103\/\"]}]},{\"@type\":\"ImageObject\",\"inLanguage\":\"fr-FR\",\"@id\":\"https:\/\/www.public.sn\/index.php\/2022\/10\/18\/5103\/#primaryimage\",\"url\":\"https:\/\/www.public.sn\/wp-content\/uploads\/2022\/10\/doudou-coulibaly.jpg\",\"contentUrl\":\"https:\/\/www.public.sn\/wp-content\/uploads\/2022\/10\/doudou-coulibaly.jpg\",\"width\":960,\"height\":635,\"caption\":\"publicsn\"},{\"@type\":\"BreadcrumbList\",\"@id\":\"https:\/\/www.public.sn\/index.php\/2022\/10\/18\/5103\/#breadcrumb\",\"itemListElement\":[{\"@type\":\"ListItem\",\"position\":1,\"name\":\"Accueil\",\"item\":\"https:\/\/www.public.sn\/\"},{\"@type\":\"ListItem\",\"position\":2,\"name\":\"Doudou Coulibaly condamne l&rsquo;acharnement contre Sonko.\"}]},{\"@type\":\"WebSite\",\"@id\":\"https:\/\/www.public.sn\/#website\",\"url\":\"https:\/\/www.public.sn\/\",\"name\":\"LE PUBLIC\",\"description\":\"\",\"publisher\":{\"@id\":\"https:\/\/www.public.sn\/#organization\"},\"potentialAction\":[{\"@type\":\"SearchAction\",\"target\":{\"@type\":\"EntryPoint\",\"urlTemplate\":\"https:\/\/www.public.sn\/?s={search_term_string}\"},\"query-input\":{\"@type\":\"PropertyValueSpecification\",\"valueRequired\":true,\"valueName\":\"search_term_string\"}}],\"inLanguage\":\"fr-FR\"},{\"@type\":\"Organization\",\"@id\":\"https:\/\/www.public.sn\/#organization\",\"name\":\"LE PUBLIC\",\"url\":\"https:\/\/www.public.sn\/\",\"logo\":{\"@type\":\"ImageObject\",\"inLanguage\":\"fr-FR\",\"@id\":\"https:\/\/www.public.sn\/#\/schema\/logo\/image\/\",\"url\":\"https:\/\/www.public.sn\/wp-content\/uploads\/2024\/05\/cropped-LOGO-PUBLIC.SN_.png\",\"contentUrl\":\"https:\/\/www.public.sn\/wp-content\/uploads\/2024\/05\/cropped-LOGO-PUBLIC.SN_.png\",\"width\":682,\"height\":192,\"caption\":\"LE PUBLIC\"},\"image\":{\"@id\":\"https:\/\/www.public.sn\/#\/schema\/logo\/image\/\"}},{\"@type\":\"Person\",\"@id\":\"https:\/\/www.public.sn\/#\/schema\/person\/cb76c8e1b8becc6be61fb5e92d6d0224\",\"name\":\"LA REDACTION\",\"image\":{\"@type\":\"ImageObject\",\"inLanguage\":\"fr-FR\",\"@id\":\"https:\/\/www.public.sn\/#\/schema\/person\/image\/\",\"url\":\"https:\/\/secure.gravatar.com\/avatar\/2dce5ddd34b8fef0180efe03aa2a9bee7d953856048f9a16b298190a3178407c?s=96&d=mm&r=g\",\"contentUrl\":\"https:\/\/secure.gravatar.com\/avatar\/2dce5ddd34b8fef0180efe03aa2a9bee7d953856048f9a16b298190a3178407c?s=96&d=mm&r=g\",\"caption\":\"LA REDACTION\"},\"url\":\"https:\/\/www.public.sn\/index.php\/author\/editeurpsn\/\"}]}<\/script>\n<!-- \/ Yoast SEO plugin. -->","yoast_head_json":{"title":"Doudou Coulibaly condamne l'acharnement contre Sonko. - LE PUBLIC","robots":{"index":"index","follow":"follow","max-snippet":"max-snippet:-1","max-image-preview":"max-image-preview:large","max-video-preview":"max-video-preview:-1"},"canonical":"https:\/\/www.public.sn\/index.php\/2022\/10\/18\/5103\/","og_locale":"fr_FR","og_type":"article","og_title":"Doudou Coulibaly condamne l'acharnement contre Sonko. - LE PUBLIC","og_description":"Le chroniqueur Doudou Coulibaly dit ne pas comprendre cet acharnement contre le leader du Pastef. Sur le motif d\u2019attroupement ou de trouble \u00e0 l\u2019ordre public, ces arguments ne tiennent pas. Il rappelle que si Me Abdoulaye Wade avait adopt\u00e9 la m\u00eame attitude, Macky Sall ne serait pas pr\u00e9sident de la R\u00e9publique. Et tout ceci est peine perdue car contribue \u00e0 le rendre plus populaire. Celui-ci rappelle que souvent ces genres de comportements mettent plus en valeur l\u2019adversaire politique qu\u2019on essaie d\u2019\u00e9carter. Par ailleurs Doudou Coulibaly estime que ce \u00ab&nbsp;N\u00e9m\u00e9kou Tour&nbsp;\u00bb est une bonne initiative car il est en train de faire le \u00ab\u00a0buzz\u00a0\u00bb. Suivez son analyse avec Publicsn. Maimouna Diallo","og_url":"https:\/\/www.public.sn\/index.php\/2022\/10\/18\/5103\/","og_site_name":"LE PUBLIC","article_published_time":"2022-10-18T16:25:21+00:00","article_modified_time":"2022-10-18T17:55:49+00:00","og_image":[{"width":960,"height":635,"url":"https:\/\/www.public.sn\/wp-content\/uploads\/2022\/10\/doudou-coulibaly.jpg","type":"image\/jpeg"}],"author":"LA REDACTION","twitter_card":"summary_large_image","twitter_misc":{"\u00c9crit par":"LA REDACTION","Dur\u00e9e de lecture estim\u00e9e":"1 minute"},"schema":{"@context":"https:\/\/schema.org","@graph":[{"@type":"Article","@id":"https:\/\/www.public.sn\/index.php\/2022\/10\/18\/5103\/#article","isPartOf":{"@id":"https:\/\/www.public.sn\/index.php\/2022\/10\/18\/5103\/"},"author":{"name":"LA REDACTION","@id":"https:\/\/www.public.sn\/#\/schema\/person\/cb76c8e1b8becc6be61fb5e92d6d0224"},"headline":"Doudou Coulibaly condamne l&rsquo;acharnement contre Sonko.","datePublished":"2022-10-18T16:25:21+00:00","dateModified":"2022-10-18T17:55:49+00:00","mainEntityOfPage":{"@id":"https:\/\/www.public.sn\/index.php\/2022\/10\/18\/5103\/"},"wordCount":126,"commentCount":0,"publisher":{"@id":"https:\/\/www.public.sn\/#organization"},"image":{"@id":"https:\/\/www.public.sn\/index.php\/2022\/10\/18\/5103\/#primaryimage"},"thumbnailUrl":"https:\/\/www.public.sn\/wp-content\/uploads\/2022\/10\/doudou-coulibaly.jpg","keywords":["doudou coulibaly","nemekou tour","Ousmane Sonko"],"articleSection":["ACTUALIT\u00c9S","POLITIQUE","S\u00c9N\u00c9GAL"],"inLanguage":"fr-FR","potentialAction":[{"@type":"CommentAction","name":"Comment","target":["https:\/\/www.public.sn\/index.php\/2022\/10\/18\/5103\/#respond"]}]},{"@type":"WebPage","@id":"https:\/\/www.public.sn\/index.php\/2022\/10\/18\/5103\/","url":"https:\/\/www.public.sn\/index.php\/2022\/10\/18\/5103\/","name":"Doudou Coulibaly condamne l'acharnement contre Sonko. - LE PUBLIC","isPartOf":{"@id":"https:\/\/www.public.sn\/#website"},"primaryImageOfPage":{"@id":"https:\/\/www.public.sn\/index.php\/2022\/10\/18\/5103\/#primaryimage"},"image":{"@id":"https:\/\/www.public.sn\/index.php\/2022\/10\/18\/5103\/#primaryimage"},"thumbnailUrl":"https:\/\/www.public.sn\/wp-content\/uploads\/2022\/10\/doudou-coulibaly.jpg","datePublished":"2022-10-18T16:25:21+00:00","dateModified":"2022-10-18T17:55:49+00:00","breadcrumb":{"@id":"https:\/\/www.public.sn\/index.php\/2022\/10\/18\/5103\/#breadcrumb"},"inLanguage":"fr-FR","potentialAction":[{"@type":"ReadAction","target":["https:\/\/www.public.sn\/index.php\/2022\/10\/18\/5103\/"]}]},{"@type":"ImageObject","inLanguage":"fr-FR","@id":"https:\/\/www.public.sn\/index.php\/2022\/10\/18\/5103\/#primaryimage","url":"https:\/\/www.public.sn\/wp-content\/uploads\/2022\/10\/doudou-coulibaly.jpg","contentUrl":"https:\/\/www.public.sn\/wp-content\/uploads\/2022\/10\/doudou-coulibaly.jpg","width":960,"height":635,"caption":"publicsn"},{"@type":"BreadcrumbList","@id":"https:\/\/www.public.sn\/index.php\/2022\/10\/18\/5103\/#breadcrumb","itemListElement":[{"@type":"ListItem","position":1,"name":"Accueil","item":"https:\/\/www.public.sn\/"},{"@type":"ListItem","position":2,"name":"Doudou Coulibaly condamne l&rsquo;acharnement contre Sonko."}]},{"@type":"WebSite","@id":"https:\/\/www.public.sn\/#website","url":"https:\/\/www.public.sn\/","name":"LE PUBLIC","description":"","publisher":{"@id":"https:\/\/www.public.sn\/#organization"},"potentialAction":[{"@type":"SearchAction","target":{"@type":"EntryPoint","urlTemplate":"https:\/\/www.public.sn\/?s={search_term_string}"},"query-input":{"@type":"PropertyValueSpecification","valueRequired":true,"valueName":"search_term_string"}}],"inLanguage":"fr-FR"},{"@type":"Organization","@id":"https:\/\/www.public.sn\/#organization","name":"LE PUBLIC","url":"https:\/\/www.public.sn\/","logo":{"@type":"ImageObject","inLanguage":"fr-FR","@id":"https:\/\/www.public.sn\/#\/schema\/logo\/image\/","url":"https:\/\/www.public.sn\/wp-content\/uploads\/2024\/05\/cropped-LOGO-PUBLIC.SN_.png","contentUrl":"https:\/\/www.public.sn\/wp-content\/uploads\/2024\/05\/cropped-LOGO-PUBLIC.SN_.png","width":682,"height":192,"caption":"LE PUBLIC"},"image":{"@id":"https:\/\/www.public.sn\/#\/schema\/logo\/image\/"}},{"@type":"Person","@id":"https:\/\/www.public.sn\/#\/schema\/person\/cb76c8e1b8becc6be61fb5e92d6d0224","name":"LA REDACTION","image":{"@type":"ImageObject","inLanguage":"fr-FR","@id":"https:\/\/www.public.sn\/#\/schema\/person\/image\/","url":"https:\/\/secure.gravatar.com\/avatar\/2dce5ddd34b8fef0180efe03aa2a9bee7d953856048f9a16b298190a3178407c?s=96&d=mm&r=g","contentUrl":"https:\/\/secure.gravatar.com\/avatar\/2dce5ddd34b8fef0180efe03aa2a9bee7d953856048f9a16b298190a3178407c?s=96&d=mm&r=g","caption":"LA REDACTION"},"url":"https:\/\/www.public.sn\/index.php\/author\/editeurpsn\/"}]}},"jetpack_featured_media_url":"https:\/\/www.public.sn\/wp-content\/uploads\/2022\/10\/doudou-coulibaly.jpg","jetpack_sharing_enabled":true,"_links":{"self":[{"href":"https:\/\/www.public.sn\/index.php\/wp-json\/wp\/v2\/posts\/5103","targetHints":{"allow":["GET"]}}],"collection":[{"href":"https:\/\/www.public.sn\/index.php\/wp-json\/wp\/v2\/posts"}],"about":[{"href":"https:\/\/www.public.sn\/index.php\/wp-json\/wp\/v2\/types\/post"}],"author":[{"embeddable":true,"href":"https:\/\/www.public.sn\/index.php\/wp-json\/wp\/v2\/users\/7"}],"replies":[{"embeddable":true,"href":"https:\/\/www.public.sn\/index.php\/wp-json\/wp\/v2\/comments?post=5103"}],"version-history":[{"count":2,"href":"https:\/\/www.public.sn\/index.php\/wp-json\/wp\/v2\/posts\/5103\/revisions"}],"predecessor-version":[{"id":5123,"href":"https:\/\/www.public.sn\/index.php\/wp-json\/wp\/v2\/posts\/5103\/revisions\/5123"}],"wp:featuredmedia":[{"embeddable":true,"href":"https:\/\/www.public.sn\/index.php\/wp-json\/wp\/v2\/media\/5104"}],"wp:attachment":[{"href":"https:\/\/www.public.sn\/index.php\/wp-json\/wp\/v2\/media?parent=5103"}],"wp:term":[{"taxonomy":"category","embeddable":true,"href":"https:\/\/www.public.sn\/index.php\/wp-json\/wp\/v2\/categories?post=5103"},{"taxonomy":"post_tag","embeddable":true,"href":"https:\/\/www.public.sn\/index.php\/wp-json\/wp\/v2\/tags?post=5103"}],"curies":[{"name":"wp","href":"https:\/\/api.w.org\/{rel}","templated":true}]}}