{"id":5113,"date":"2022-10-18T17:25:46","date_gmt":"2022-10-18T17:25:46","guid":{"rendered":"https:\/\/www.public.sn\/?p=5113"},"modified":"2022-10-18T17:25:49","modified_gmt":"2022-10-18T17:25:49","slug":"vol-mysterieux-a-la-mosquee-de-nietty-mbaar","status":"publish","type":"post","link":"https:\/\/www.public.sn\/index.php\/2022\/10\/18\/vol-mysterieux-a-la-mosquee-de-nietty-mbaar\/","title":{"rendered":"Vol myst\u00e9rieux \u00e0 la mosqu\u00e9e de Ni\u00e9tty Mbaar."},"content":{"rendered":"\n<p><strong>Livres coraniques, argents et ventilos emport\u00e9s.<\/strong><\/p><div class=\"publi-paragraphe1\" style=\"margin-top: 10px;margin-bottom: 10px;margin-left: auto;margin-right: auto;text-align: center;\" id=\"publi-364732315\"><div class=\"publi-adlabel\">Publicit\u00e9<\/div><script async src=\"\/\/pagead2.googlesyndication.com\/pagead\/js\/adsbygoogle.js?client=ca-pub-4089586018074219\" crossorigin=\"anonymous\"><\/script><ins class=\"adsbygoogle\" style=\"display:block;\" data-ad-client=\"ca-pub-4089586018074219\" \ndata-ad-slot=\"2087940154\" \ndata-ad-format=\"auto\"><\/ins>\n<script> \n(adsbygoogle = window.adsbygoogle || []).push({}); \n<\/script>\n<\/div>\n\n\n\n<p>La mosqu\u00e9e \u00ab&nbsp;Imam Ousmane Kair\u00e9&nbsp;\u00bb situ\u00e9e \u00e0 Djida Thiaroye Kaw a \u00e9t\u00e9 cambriol\u00e9e durant la nuit du samedi au dimanche. Une somme de 150 milles francs Cfa, des livres coraniques entre autres ont \u00e9t\u00e8 d\u00e9rob\u00e9s dans ce lieu sacr\u00e9.<\/p>\n\n\n\n<p>&nbsp;Bonnet blanc sur sa t\u00eate, t\u00e9l\u00e9phone coll\u00e9 \u00e0 son oreille, Ibrahima Dian\u00e9 imam de la mosqu\u00e9e d\u00e9plore cet acte&nbsp;:&nbsp;\u00ab&nbsp;Je ne comprends pas comment on peut cambrioler un lieu sacr\u00e9 surtout une mosqu\u00e9e qui est en phase de r\u00e9novation dans les prochains mois&nbsp;\u00bb. Dans ce quartier de la banlieue Dakaroise, l\u2019ins\u00e9curit\u00e9 y r\u00e8gne de plus en plus.<\/p>\n\n\n\n<p>&nbsp; De ce fait, il lance un appel aux autorit\u00e9s pour la s\u00e9curit\u00e9 de la population. Le pr\u00e9pos\u00e9 aux cl\u00e9s Ibrahima Faye est surpris de voir l\u2019\u00e9tat dans lequel la mosqu\u00e9e est transform\u00e9e apr\u00e8s l\u2019avoir bien ferm\u00e9e la veille du cambriolage.<\/p>\n\n\n\n<p>Maimouna Diallo.<\/p>\n\n\n\n<p><\/p>\n\n\n<p><iframe width=\"875\" height=\"492\" src=\"https:\/\/www.youtube.com\/embed\/C3P3nR8CnDw\" title=\"L\u2019identit\u00e9 du voleur de la mosqu\u00e9e de Ni\u00e9tti Mbar d\u00e9voil\u00e9&nbsp;\u00abVentilo,xalis ak alkhourane sakh sathie..\" frameborder=\"0\" allow=\"accelerometer; autoplay; clipboard-write; encrypted-media; gyroscope; picture-in-picture\" allowfullscreen=\"\"><\/iframe><\/p><div class=\"publi-apres-le-contenu\" style=\"margin-top: 10px;margin-bottom: 10px;margin-left: auto;margin-right: auto;text-align: center;\" id=\"publi-3375853472\"><div class=\"publi-adlabel\">Publicit\u00e9<\/div><script async src=\"\/\/pagead2.googlesyndication.com\/pagead\/js\/adsbygoogle.js?client=ca-pub-4089586018074219\" crossorigin=\"anonymous\"><\/script><ins class=\"adsbygoogle\" style=\"display:block;\" data-ad-client=\"ca-pub-4089586018074219\" \ndata-ad-slot=\"2087940154\" \ndata-ad-format=\"auto\"><\/ins>\n<script> \n(adsbygoogle = window.adsbygoogle || []).push({}); \n<\/script>\n<\/div>","protected":false},"excerpt":{"rendered":"<p>Livres coraniques, argents et ventilos emport\u00e9s. La mosqu\u00e9e \u00ab&nbsp;Imam Ousmane Kair\u00e9&nbsp;\u00bb situ\u00e9e \u00e0 Djida Thiaroye Kaw a \u00e9t\u00e9 cambriol\u00e9e durant la nuit du samedi au dimanche. Une somme de 150 milles francs Cfa, des livres coraniques entre autres ont \u00e9t\u00e8 d\u00e9rob\u00e9s dans ce lieu sacr\u00e9. &nbsp;Bonnet blanc sur sa t\u00eate, t\u00e9l\u00e9phone coll\u00e9 \u00e0 son oreille, Ibrahima Dian\u00e9 imam de la mosqu\u00e9e d\u00e9plore cet acte&nbsp;:&nbsp;\u00ab&nbsp;Je ne comprends pas comment on peut cambrioler un lieu sacr\u00e9 surtout une mosqu\u00e9e qui est en phase de r\u00e9novation dans les prochains mois&nbsp;\u00bb. Dans ce quartier de la banlieue Dakaroise, l\u2019ins\u00e9curit\u00e9 y r\u00e8gne de plus en plus. &nbsp; De ce fait, il lance un appel aux autorit\u00e9s pour la s\u00e9curit\u00e9 de la population. Le pr\u00e9pos\u00e9 aux cl\u00e9s Ibrahima Faye est surpris de voir l\u2019\u00e9tat dans lequel la mosqu\u00e9e est transform\u00e9e apr\u00e8s l\u2019avoir bien ferm\u00e9e la veille du cambriolage. Maimouna Diallo.<\/p>\n","protected":false},"author":7,"featured_media":5114,"comment_status":"open","ping_status":"open","sticky":false,"template":"","format":"standard","meta":{"_jetpack_memberships_contains_paid_content":false,"footnotes":""},"categories":[375,8,1,4],"tags":[321,1702,237],"class_list":["post-5113","post","type-post","status-publish","format-standard","has-post-thumbnail","hentry","category-actualites","category-public-tv","category-non-classe","category-societe","tag-mosquee","tag-nietty-mbaar","tag-vol","entry","has-media","owp-thumbs-layout-horizontal","owp-btn-normal","owp-tabs-layout-horizontal","has-no-thumbnails","has-product-nav"],"yoast_head":"<!-- This site is optimized with the Yoast SEO plugin v25.5 - https:\/\/yoast.com\/wordpress\/plugins\/seo\/ -->\n<title>Vol myst\u00e9rieux \u00e0 la mosqu\u00e9e de Ni\u00e9tty Mbaar. - LE PUBLIC<\/title>\n<meta name=\"robots\" content=\"index, follow, max-snippet:-1, max-image-preview:large, max-video-preview:-1\" \/>\n<link rel=\"canonical\" href=\"https:\/\/www.public.sn\/index.php\/2022\/10\/18\/vol-mysterieux-a-la-mosquee-de-nietty-mbaar\/\" \/>\n<meta property=\"og:locale\" content=\"fr_FR\" \/>\n<meta property=\"og:type\" content=\"article\" \/>\n<meta property=\"og:title\" content=\"Vol myst\u00e9rieux \u00e0 la mosqu\u00e9e de Ni\u00e9tty Mbaar. - LE PUBLIC\" \/>\n<meta property=\"og:description\" content=\"Livres coraniques, argents et ventilos emport\u00e9s. La mosqu\u00e9e \u00ab&nbsp;Imam Ousmane Kair\u00e9&nbsp;\u00bb situ\u00e9e \u00e0 Djida Thiaroye Kaw a \u00e9t\u00e9 cambriol\u00e9e durant la nuit du samedi au dimanche. Une somme de 150 milles francs Cfa, des livres coraniques entre autres ont \u00e9t\u00e8 d\u00e9rob\u00e9s dans ce lieu sacr\u00e9. &nbsp;Bonnet blanc sur sa t\u00eate, t\u00e9l\u00e9phone coll\u00e9 \u00e0 son oreille, Ibrahima Dian\u00e9 imam de la mosqu\u00e9e d\u00e9plore cet acte&nbsp;:&nbsp;\u00ab&nbsp;Je ne comprends pas comment on peut cambrioler un lieu sacr\u00e9 surtout une mosqu\u00e9e qui est en phase de r\u00e9novation dans les prochains mois&nbsp;\u00bb. Dans ce quartier de la banlieue Dakaroise, l\u2019ins\u00e9curit\u00e9 y r\u00e8gne de plus en plus. &nbsp; De ce fait, il lance un appel aux autorit\u00e9s pour la s\u00e9curit\u00e9 de la population. Le pr\u00e9pos\u00e9 aux cl\u00e9s Ibrahima Faye est surpris de voir l\u2019\u00e9tat dans lequel la mosqu\u00e9e est transform\u00e9e apr\u00e8s l\u2019avoir bien ferm\u00e9e la veille du cambriolage. Maimouna Diallo.\" \/>\n<meta property=\"og:url\" content=\"https:\/\/www.public.sn\/index.php\/2022\/10\/18\/vol-mysterieux-a-la-mosquee-de-nietty-mbaar\/\" \/>\n<meta property=\"og:site_name\" content=\"LE PUBLIC\" \/>\n<meta property=\"article:published_time\" content=\"2022-10-18T17:25:46+00:00\" \/>\n<meta property=\"article:modified_time\" content=\"2022-10-18T17:25:49+00:00\" \/>\n<meta property=\"og:image\" content=\"https:\/\/www.public.sn\/wp-content\/uploads\/2022\/10\/miniature-N1-copie.jpg\" \/>\n\t<meta property=\"og:image:width\" content=\"1890\" \/>\n\t<meta property=\"og:image:height\" content=\"1417\" \/>\n\t<meta property=\"og:image:type\" content=\"image\/jpeg\" \/>\n<meta name=\"author\" content=\"LA REDACTION\" \/>\n<meta name=\"twitter:card\" content=\"summary_large_image\" \/>\n<meta name=\"twitter:label1\" content=\"\u00c9crit par\" \/>\n\t<meta name=\"twitter:data1\" content=\"LA REDACTION\" \/>\n\t<meta name=\"twitter:label2\" content=\"Dur\u00e9e de lecture estim\u00e9e\" \/>\n\t<meta name=\"twitter:data2\" content=\"1 minute\" \/>\n<script type=\"application\/ld+json\" class=\"yoast-schema-graph\">{\"@context\":\"https:\/\/schema.org\",\"@graph\":[{\"@type\":\"Article\",\"@id\":\"https:\/\/www.public.sn\/index.php\/2022\/10\/18\/vol-mysterieux-a-la-mosquee-de-nietty-mbaar\/#article\",\"isPartOf\":{\"@id\":\"https:\/\/www.public.sn\/index.php\/2022\/10\/18\/vol-mysterieux-a-la-mosquee-de-nietty-mbaar\/\"},\"author\":{\"name\":\"LA REDACTION\",\"@id\":\"https:\/\/www.public.sn\/#\/schema\/person\/cb76c8e1b8becc6be61fb5e92d6d0224\"},\"headline\":\"Vol myst\u00e9rieux \u00e0 la mosqu\u00e9e de Ni\u00e9tty Mbaar.\",\"datePublished\":\"2022-10-18T17:25:46+00:00\",\"dateModified\":\"2022-10-18T17:25:49+00:00\",\"mainEntityOfPage\":{\"@id\":\"https:\/\/www.public.sn\/index.php\/2022\/10\/18\/vol-mysterieux-a-la-mosquee-de-nietty-mbaar\/\"},\"wordCount\":185,\"commentCount\":0,\"publisher\":{\"@id\":\"https:\/\/www.public.sn\/#organization\"},\"image\":{\"@id\":\"https:\/\/www.public.sn\/index.php\/2022\/10\/18\/vol-mysterieux-a-la-mosquee-de-nietty-mbaar\/#primaryimage\"},\"thumbnailUrl\":\"https:\/\/www.public.sn\/wp-content\/uploads\/2022\/10\/miniature-N1-copie.jpg\",\"keywords\":[\"Mosqu\u00e9e\",\"Ni\u00e9tty Mbaar\",\"Vol\"],\"articleSection\":[\"ACTUALIT\u00c9S\",\"PUBLIC TV\",\"S\u00c9N\u00c9GAL\",\"SOCIETE\"],\"inLanguage\":\"fr-FR\",\"potentialAction\":[{\"@type\":\"CommentAction\",\"name\":\"Comment\",\"target\":[\"https:\/\/www.public.sn\/index.php\/2022\/10\/18\/vol-mysterieux-a-la-mosquee-de-nietty-mbaar\/#respond\"]}]},{\"@type\":\"WebPage\",\"@id\":\"https:\/\/www.public.sn\/index.php\/2022\/10\/18\/vol-mysterieux-a-la-mosquee-de-nietty-mbaar\/\",\"url\":\"https:\/\/www.public.sn\/index.php\/2022\/10\/18\/vol-mysterieux-a-la-mosquee-de-nietty-mbaar\/\",\"name\":\"Vol myst\u00e9rieux \u00e0 la mosqu\u00e9e de Ni\u00e9tty Mbaar. - LE PUBLIC\",\"isPartOf\":{\"@id\":\"https:\/\/www.public.sn\/#website\"},\"primaryImageOfPage\":{\"@id\":\"https:\/\/www.public.sn\/index.php\/2022\/10\/18\/vol-mysterieux-a-la-mosquee-de-nietty-mbaar\/#primaryimage\"},\"image\":{\"@id\":\"https:\/\/www.public.sn\/index.php\/2022\/10\/18\/vol-mysterieux-a-la-mosquee-de-nietty-mbaar\/#primaryimage\"},\"thumbnailUrl\":\"https:\/\/www.public.sn\/wp-content\/uploads\/2022\/10\/miniature-N1-copie.jpg\",\"datePublished\":\"2022-10-18T17:25:46+00:00\",\"dateModified\":\"2022-10-18T17:25:49+00:00\",\"breadcrumb\":{\"@id\":\"https:\/\/www.public.sn\/index.php\/2022\/10\/18\/vol-mysterieux-a-la-mosquee-de-nietty-mbaar\/#breadcrumb\"},\"inLanguage\":\"fr-FR\",\"potentialAction\":[{\"@type\":\"ReadAction\",\"target\":[\"https:\/\/www.public.sn\/index.php\/2022\/10\/18\/vol-mysterieux-a-la-mosquee-de-nietty-mbaar\/\"]}]},{\"@type\":\"ImageObject\",\"inLanguage\":\"fr-FR\",\"@id\":\"https:\/\/www.public.sn\/index.php\/2022\/10\/18\/vol-mysterieux-a-la-mosquee-de-nietty-mbaar\/#primaryimage\",\"url\":\"https:\/\/www.public.sn\/wp-content\/uploads\/2022\/10\/miniature-N1-copie.jpg\",\"contentUrl\":\"https:\/\/www.public.sn\/wp-content\/uploads\/2022\/10\/miniature-N1-copie.jpg\",\"width\":1890,\"height\":1417,\"caption\":\"Publicsn\"},{\"@type\":\"BreadcrumbList\",\"@id\":\"https:\/\/www.public.sn\/index.php\/2022\/10\/18\/vol-mysterieux-a-la-mosquee-de-nietty-mbaar\/#breadcrumb\",\"itemListElement\":[{\"@type\":\"ListItem\",\"position\":1,\"name\":\"Accueil\",\"item\":\"https:\/\/www.public.sn\/\"},{\"@type\":\"ListItem\",\"position\":2,\"name\":\"Vol myst\u00e9rieux \u00e0 la mosqu\u00e9e de Ni\u00e9tty Mbaar.\"}]},{\"@type\":\"WebSite\",\"@id\":\"https:\/\/www.public.sn\/#website\",\"url\":\"https:\/\/www.public.sn\/\",\"name\":\"LE PUBLIC\",\"description\":\"\",\"publisher\":{\"@id\":\"https:\/\/www.public.sn\/#organization\"},\"potentialAction\":[{\"@type\":\"SearchAction\",\"target\":{\"@type\":\"EntryPoint\",\"urlTemplate\":\"https:\/\/www.public.sn\/?s={search_term_string}\"},\"query-input\":{\"@type\":\"PropertyValueSpecification\",\"valueRequired\":true,\"valueName\":\"search_term_string\"}}],\"inLanguage\":\"fr-FR\"},{\"@type\":\"Organization\",\"@id\":\"https:\/\/www.public.sn\/#organization\",\"name\":\"LE PUBLIC\",\"url\":\"https:\/\/www.public.sn\/\",\"logo\":{\"@type\":\"ImageObject\",\"inLanguage\":\"fr-FR\",\"@id\":\"https:\/\/www.public.sn\/#\/schema\/logo\/image\/\",\"url\":\"https:\/\/www.public.sn\/wp-content\/uploads\/2024\/05\/cropped-LOGO-PUBLIC.SN_.png\",\"contentUrl\":\"https:\/\/www.public.sn\/wp-content\/uploads\/2024\/05\/cropped-LOGO-PUBLIC.SN_.png\",\"width\":682,\"height\":192,\"caption\":\"LE PUBLIC\"},\"image\":{\"@id\":\"https:\/\/www.public.sn\/#\/schema\/logo\/image\/\"}},{\"@type\":\"Person\",\"@id\":\"https:\/\/www.public.sn\/#\/schema\/person\/cb76c8e1b8becc6be61fb5e92d6d0224\",\"name\":\"LA REDACTION\",\"image\":{\"@type\":\"ImageObject\",\"inLanguage\":\"fr-FR\",\"@id\":\"https:\/\/www.public.sn\/#\/schema\/person\/image\/\",\"url\":\"https:\/\/secure.gravatar.com\/avatar\/2dce5ddd34b8fef0180efe03aa2a9bee7d953856048f9a16b298190a3178407c?s=96&d=mm&r=g\",\"contentUrl\":\"https:\/\/secure.gravatar.com\/avatar\/2dce5ddd34b8fef0180efe03aa2a9bee7d953856048f9a16b298190a3178407c?s=96&d=mm&r=g\",\"caption\":\"LA REDACTION\"},\"url\":\"https:\/\/www.public.sn\/index.php\/author\/editeurpsn\/\"}]}<\/script>\n<!-- \/ Yoast SEO plugin. -->","yoast_head_json":{"title":"Vol myst\u00e9rieux \u00e0 la mosqu\u00e9e de Ni\u00e9tty Mbaar. - LE PUBLIC","robots":{"index":"index","follow":"follow","max-snippet":"max-snippet:-1","max-image-preview":"max-image-preview:large","max-video-preview":"max-video-preview:-1"},"canonical":"https:\/\/www.public.sn\/index.php\/2022\/10\/18\/vol-mysterieux-a-la-mosquee-de-nietty-mbaar\/","og_locale":"fr_FR","og_type":"article","og_title":"Vol myst\u00e9rieux \u00e0 la mosqu\u00e9e de Ni\u00e9tty Mbaar. - LE PUBLIC","og_description":"Livres coraniques, argents et ventilos emport\u00e9s. La mosqu\u00e9e \u00ab&nbsp;Imam Ousmane Kair\u00e9&nbsp;\u00bb situ\u00e9e \u00e0 Djida Thiaroye Kaw a \u00e9t\u00e9 cambriol\u00e9e durant la nuit du samedi au dimanche. Une somme de 150 milles francs Cfa, des livres coraniques entre autres ont \u00e9t\u00e8 d\u00e9rob\u00e9s dans ce lieu sacr\u00e9. &nbsp;Bonnet blanc sur sa t\u00eate, t\u00e9l\u00e9phone coll\u00e9 \u00e0 son oreille, Ibrahima Dian\u00e9 imam de la mosqu\u00e9e d\u00e9plore cet acte&nbsp;:&nbsp;\u00ab&nbsp;Je ne comprends pas comment on peut cambrioler un lieu sacr\u00e9 surtout une mosqu\u00e9e qui est en phase de r\u00e9novation dans les prochains mois&nbsp;\u00bb. Dans ce quartier de la banlieue Dakaroise, l\u2019ins\u00e9curit\u00e9 y r\u00e8gne de plus en plus. &nbsp; De ce fait, il lance un appel aux autorit\u00e9s pour la s\u00e9curit\u00e9 de la population. Le pr\u00e9pos\u00e9 aux cl\u00e9s Ibrahima Faye est surpris de voir l\u2019\u00e9tat dans lequel la mosqu\u00e9e est transform\u00e9e apr\u00e8s l\u2019avoir bien ferm\u00e9e la veille du cambriolage. Maimouna Diallo.","og_url":"https:\/\/www.public.sn\/index.php\/2022\/10\/18\/vol-mysterieux-a-la-mosquee-de-nietty-mbaar\/","og_site_name":"LE PUBLIC","article_published_time":"2022-10-18T17:25:46+00:00","article_modified_time":"2022-10-18T17:25:49+00:00","og_image":[{"width":1890,"height":1417,"url":"https:\/\/www.public.sn\/wp-content\/uploads\/2022\/10\/miniature-N1-copie.jpg","type":"image\/jpeg"}],"author":"LA REDACTION","twitter_card":"summary_large_image","twitter_misc":{"\u00c9crit par":"LA REDACTION","Dur\u00e9e de lecture estim\u00e9e":"1 minute"},"schema":{"@context":"https:\/\/schema.org","@graph":[{"@type":"Article","@id":"https:\/\/www.public.sn\/index.php\/2022\/10\/18\/vol-mysterieux-a-la-mosquee-de-nietty-mbaar\/#article","isPartOf":{"@id":"https:\/\/www.public.sn\/index.php\/2022\/10\/18\/vol-mysterieux-a-la-mosquee-de-nietty-mbaar\/"},"author":{"name":"LA REDACTION","@id":"https:\/\/www.public.sn\/#\/schema\/person\/cb76c8e1b8becc6be61fb5e92d6d0224"},"headline":"Vol myst\u00e9rieux \u00e0 la mosqu\u00e9e de Ni\u00e9tty Mbaar.","datePublished":"2022-10-18T17:25:46+00:00","dateModified":"2022-10-18T17:25:49+00:00","mainEntityOfPage":{"@id":"https:\/\/www.public.sn\/index.php\/2022\/10\/18\/vol-mysterieux-a-la-mosquee-de-nietty-mbaar\/"},"wordCount":185,"commentCount":0,"publisher":{"@id":"https:\/\/www.public.sn\/#organization"},"image":{"@id":"https:\/\/www.public.sn\/index.php\/2022\/10\/18\/vol-mysterieux-a-la-mosquee-de-nietty-mbaar\/#primaryimage"},"thumbnailUrl":"https:\/\/www.public.sn\/wp-content\/uploads\/2022\/10\/miniature-N1-copie.jpg","keywords":["Mosqu\u00e9e","Ni\u00e9tty Mbaar","Vol"],"articleSection":["ACTUALIT\u00c9S","PUBLIC TV","S\u00c9N\u00c9GAL","SOCIETE"],"inLanguage":"fr-FR","potentialAction":[{"@type":"CommentAction","name":"Comment","target":["https:\/\/www.public.sn\/index.php\/2022\/10\/18\/vol-mysterieux-a-la-mosquee-de-nietty-mbaar\/#respond"]}]},{"@type":"WebPage","@id":"https:\/\/www.public.sn\/index.php\/2022\/10\/18\/vol-mysterieux-a-la-mosquee-de-nietty-mbaar\/","url":"https:\/\/www.public.sn\/index.php\/2022\/10\/18\/vol-mysterieux-a-la-mosquee-de-nietty-mbaar\/","name":"Vol myst\u00e9rieux \u00e0 la mosqu\u00e9e de Ni\u00e9tty Mbaar. - LE PUBLIC","isPartOf":{"@id":"https:\/\/www.public.sn\/#website"},"primaryImageOfPage":{"@id":"https:\/\/www.public.sn\/index.php\/2022\/10\/18\/vol-mysterieux-a-la-mosquee-de-nietty-mbaar\/#primaryimage"},"image":{"@id":"https:\/\/www.public.sn\/index.php\/2022\/10\/18\/vol-mysterieux-a-la-mosquee-de-nietty-mbaar\/#primaryimage"},"thumbnailUrl":"https:\/\/www.public.sn\/wp-content\/uploads\/2022\/10\/miniature-N1-copie.jpg","datePublished":"2022-10-18T17:25:46+00:00","dateModified":"2022-10-18T17:25:49+00:00","breadcrumb":{"@id":"https:\/\/www.public.sn\/index.php\/2022\/10\/18\/vol-mysterieux-a-la-mosquee-de-nietty-mbaar\/#breadcrumb"},"inLanguage":"fr-FR","potentialAction":[{"@type":"ReadAction","target":["https:\/\/www.public.sn\/index.php\/2022\/10\/18\/vol-mysterieux-a-la-mosquee-de-nietty-mbaar\/"]}]},{"@type":"ImageObject","inLanguage":"fr-FR","@id":"https:\/\/www.public.sn\/index.php\/2022\/10\/18\/vol-mysterieux-a-la-mosquee-de-nietty-mbaar\/#primaryimage","url":"https:\/\/www.public.sn\/wp-content\/uploads\/2022\/10\/miniature-N1-copie.jpg","contentUrl":"https:\/\/www.public.sn\/wp-content\/uploads\/2022\/10\/miniature-N1-copie.jpg","width":1890,"height":1417,"caption":"Publicsn"},{"@type":"BreadcrumbList","@id":"https:\/\/www.public.sn\/index.php\/2022\/10\/18\/vol-mysterieux-a-la-mosquee-de-nietty-mbaar\/#breadcrumb","itemListElement":[{"@type":"ListItem","position":1,"name":"Accueil","item":"https:\/\/www.public.sn\/"},{"@type":"ListItem","position":2,"name":"Vol myst\u00e9rieux \u00e0 la mosqu\u00e9e de Ni\u00e9tty Mbaar."}]},{"@type":"WebSite","@id":"https:\/\/www.public.sn\/#website","url":"https:\/\/www.public.sn\/","name":"LE PUBLIC","description":"","publisher":{"@id":"https:\/\/www.public.sn\/#organization"},"potentialAction":[{"@type":"SearchAction","target":{"@type":"EntryPoint","urlTemplate":"https:\/\/www.public.sn\/?s={search_term_string}"},"query-input":{"@type":"PropertyValueSpecification","valueRequired":true,"valueName":"search_term_string"}}],"inLanguage":"fr-FR"},{"@type":"Organization","@id":"https:\/\/www.public.sn\/#organization","name":"LE PUBLIC","url":"https:\/\/www.public.sn\/","logo":{"@type":"ImageObject","inLanguage":"fr-FR","@id":"https:\/\/www.public.sn\/#\/schema\/logo\/image\/","url":"https:\/\/www.public.sn\/wp-content\/uploads\/2024\/05\/cropped-LOGO-PUBLIC.SN_.png","contentUrl":"https:\/\/www.public.sn\/wp-content\/uploads\/2024\/05\/cropped-LOGO-PUBLIC.SN_.png","width":682,"height":192,"caption":"LE PUBLIC"},"image":{"@id":"https:\/\/www.public.sn\/#\/schema\/logo\/image\/"}},{"@type":"Person","@id":"https:\/\/www.public.sn\/#\/schema\/person\/cb76c8e1b8becc6be61fb5e92d6d0224","name":"LA REDACTION","image":{"@type":"ImageObject","inLanguage":"fr-FR","@id":"https:\/\/www.public.sn\/#\/schema\/person\/image\/","url":"https:\/\/secure.gravatar.com\/avatar\/2dce5ddd34b8fef0180efe03aa2a9bee7d953856048f9a16b298190a3178407c?s=96&d=mm&r=g","contentUrl":"https:\/\/secure.gravatar.com\/avatar\/2dce5ddd34b8fef0180efe03aa2a9bee7d953856048f9a16b298190a3178407c?s=96&d=mm&r=g","caption":"LA REDACTION"},"url":"https:\/\/www.public.sn\/index.php\/author\/editeurpsn\/"}]}},"jetpack_featured_media_url":"https:\/\/www.public.sn\/wp-content\/uploads\/2022\/10\/miniature-N1-copie.jpg","jetpack_sharing_enabled":true,"_links":{"self":[{"href":"https:\/\/www.public.sn\/index.php\/wp-json\/wp\/v2\/posts\/5113","targetHints":{"allow":["GET"]}}],"collection":[{"href":"https:\/\/www.public.sn\/index.php\/wp-json\/wp\/v2\/posts"}],"about":[{"href":"https:\/\/www.public.sn\/index.php\/wp-json\/wp\/v2\/types\/post"}],"author":[{"embeddable":true,"href":"https:\/\/www.public.sn\/index.php\/wp-json\/wp\/v2\/users\/7"}],"replies":[{"embeddable":true,"href":"https:\/\/www.public.sn\/index.php\/wp-json\/wp\/v2\/comments?post=5113"}],"version-history":[{"count":1,"href":"https:\/\/www.public.sn\/index.php\/wp-json\/wp\/v2\/posts\/5113\/revisions"}],"predecessor-version":[{"id":5115,"href":"https:\/\/www.public.sn\/index.php\/wp-json\/wp\/v2\/posts\/5113\/revisions\/5115"}],"wp:featuredmedia":[{"embeddable":true,"href":"https:\/\/www.public.sn\/index.php\/wp-json\/wp\/v2\/media\/5114"}],"wp:attachment":[{"href":"https:\/\/www.public.sn\/index.php\/wp-json\/wp\/v2\/media?parent=5113"}],"wp:term":[{"taxonomy":"category","embeddable":true,"href":"https:\/\/www.public.sn\/index.php\/wp-json\/wp\/v2\/categories?post=5113"},{"taxonomy":"post_tag","embeddable":true,"href":"https:\/\/www.public.sn\/index.php\/wp-json\/wp\/v2\/tags?post=5113"}],"curies":[{"name":"wp","href":"https:\/\/api.w.org\/{rel}","templated":true}]}}