{"id":5133,"date":"2022-10-19T08:50:28","date_gmt":"2022-10-19T08:50:28","guid":{"rendered":"https:\/\/www.public.sn\/?p=5133"},"modified":"2022-10-19T08:50:30","modified_gmt":"2022-10-19T08:50:30","slug":"matam-les-blouses-blanches-en-ordre-de-bataille","status":"publish","type":"post","link":"https:\/\/www.public.sn\/index.php\/2022\/10\/19\/matam-les-blouses-blanches-en-ordre-de-bataille\/","title":{"rendered":"Matam\u00a0: Les blouses blanches en ordre de bataille."},"content":{"rendered":"\n<p><\/p>\n\n\n\n<p><strong>Les syndicalistes de l\u2019union r\u00e9gionale de Matam ont d\u00e9cid\u00e9 d\u2019aller en gr\u00e8ve ce Mercredi. Ces travailleurs avancent qu\u2019ils vont boycotter les r\u00e9unions de coordination, le programme paludisme et cancer, ainsi que la r\u00e9tention des informations sanitaires. <\/strong><\/p><div class=\"publi-paragraphe1\" style=\"margin-top: 10px;margin-bottom: 10px;margin-left: auto;margin-right: auto;text-align: center;\" id=\"publi-688278435\"><div class=\"publi-adlabel\">Publicit\u00e9<\/div><script async src=\"\/\/pagead2.googlesyndication.com\/pagead\/js\/adsbygoogle.js?client=ca-pub-4089586018074219\" crossorigin=\"anonymous\"><\/script><ins class=\"adsbygoogle\" style=\"display:block;\" data-ad-client=\"ca-pub-4089586018074219\" \ndata-ad-slot=\"2087940154\" \ndata-ad-format=\"auto\"><\/ins>\n<script> \n(adsbygoogle = window.adsbygoogle || []).push({}); \n<\/script>\n<\/div>\n\n\n\n<p><\/p>\n\n\n\n<p>Ils exigent le retour de leur secr\u00e9taire g\u00e9n\u00e9ral qui a \u00e9t\u00e9 injustement affect\u00e9. Pour rappel, le directeur de l\u2019h\u00f4pital de Matam avait fait une sortie pour affirmer que d\u00e9sormais, les assembl\u00e9es g\u00e9n\u00e9rales au sein de la structure seraient interdites. Le pr\u00e9texte \u00e9voqu\u00e9 est que les patients ont besoin de s\u00e9r\u00e9nit\u00e9 et de tranquillit\u00e9 et il est hors de question d\u2019accepter ces turbulences dans l\u2019enceinte de l\u2019h\u00f4pital.<\/p>\n\n\n\n<p>Samba SY.<\/p>\n<div class=\"publi-apres-le-contenu\" style=\"margin-top: 10px;margin-bottom: 10px;margin-left: auto;margin-right: auto;text-align: center;\" id=\"publi-3427231297\"><div class=\"publi-adlabel\">Publicit\u00e9<\/div><script async src=\"\/\/pagead2.googlesyndication.com\/pagead\/js\/adsbygoogle.js?client=ca-pub-4089586018074219\" crossorigin=\"anonymous\"><\/script><ins class=\"adsbygoogle\" style=\"display:block;\" data-ad-client=\"ca-pub-4089586018074219\" \ndata-ad-slot=\"2087940154\" \ndata-ad-format=\"auto\"><\/ins>\n<script> \n(adsbygoogle = window.adsbygoogle || []).push({}); \n<\/script>\n<\/div>","protected":false},"excerpt":{"rendered":"<p>Les syndicalistes de l\u2019union r\u00e9gionale de Matam ont d\u00e9cid\u00e9 d\u2019aller en gr\u00e8ve ce Mercredi. Ces travailleurs avancent qu\u2019ils vont boycotter les r\u00e9unions de coordination, le programme paludisme et cancer, ainsi que la r\u00e9tention des informations sanitaires. Ils exigent le retour de leur secr\u00e9taire g\u00e9n\u00e9ral qui a \u00e9t\u00e9 injustement affect\u00e9. Pour rappel, le directeur de l\u2019h\u00f4pital de Matam avait fait une sortie pour affirmer que d\u00e9sormais, les assembl\u00e9es g\u00e9n\u00e9rales au sein de la structure seraient interdites. Le pr\u00e9texte \u00e9voqu\u00e9 est que les patients ont besoin de s\u00e9r\u00e9nit\u00e9 et de tranquillit\u00e9 et il est hors de question d\u2019accepter ces turbulences dans l\u2019enceinte de l\u2019h\u00f4pital. Samba SY.<\/p>\n","protected":false},"author":7,"featured_media":5135,"comment_status":"open","ping_status":"open","sticky":false,"template":"","format":"standard","meta":{"_jetpack_memberships_contains_paid_content":false,"footnotes":""},"categories":[375,1574,1],"tags":[1710,1142,577],"class_list":["post-5133","post","type-post","status-publish","format-standard","has-post-thumbnail","hentry","category-actualites","category-sante","category-non-classe","tag-directeur-hopital","tag-greve-2","tag-matam","entry","has-media","owp-thumbs-layout-horizontal","owp-btn-normal","owp-tabs-layout-horizontal","has-no-thumbnails","has-product-nav"],"yoast_head":"<!-- This site is optimized with the Yoast SEO plugin v25.5 - https:\/\/yoast.com\/wordpress\/plugins\/seo\/ -->\n<title>Matam\u00a0: Les blouses blanches en ordre de bataille. - LE PUBLIC<\/title>\n<meta name=\"robots\" content=\"index, follow, max-snippet:-1, max-image-preview:large, max-video-preview:-1\" \/>\n<link rel=\"canonical\" href=\"https:\/\/www.public.sn\/index.php\/2022\/10\/19\/matam-les-blouses-blanches-en-ordre-de-bataille\/\" \/>\n<meta property=\"og:locale\" content=\"fr_FR\" \/>\n<meta property=\"og:type\" content=\"article\" \/>\n<meta property=\"og:title\" content=\"Matam\u00a0: Les blouses blanches en ordre de bataille. - LE PUBLIC\" \/>\n<meta property=\"og:description\" content=\"Les syndicalistes de l\u2019union r\u00e9gionale de Matam ont d\u00e9cid\u00e9 d\u2019aller en gr\u00e8ve ce Mercredi. Ces travailleurs avancent qu\u2019ils vont boycotter les r\u00e9unions de coordination, le programme paludisme et cancer, ainsi que la r\u00e9tention des informations sanitaires. Ils exigent le retour de leur secr\u00e9taire g\u00e9n\u00e9ral qui a \u00e9t\u00e9 injustement affect\u00e9. Pour rappel, le directeur de l\u2019h\u00f4pital de Matam avait fait une sortie pour affirmer que d\u00e9sormais, les assembl\u00e9es g\u00e9n\u00e9rales au sein de la structure seraient interdites. Le pr\u00e9texte \u00e9voqu\u00e9 est que les patients ont besoin de s\u00e9r\u00e9nit\u00e9 et de tranquillit\u00e9 et il est hors de question d\u2019accepter ces turbulences dans l\u2019enceinte de l\u2019h\u00f4pital. Samba SY.\" \/>\n<meta property=\"og:url\" content=\"https:\/\/www.public.sn\/index.php\/2022\/10\/19\/matam-les-blouses-blanches-en-ordre-de-bataille\/\" \/>\n<meta property=\"og:site_name\" content=\"LE PUBLIC\" \/>\n<meta property=\"article:published_time\" content=\"2022-10-19T08:50:28+00:00\" \/>\n<meta property=\"article:modified_time\" content=\"2022-10-19T08:50:30+00:00\" \/>\n<meta property=\"og:image\" content=\"https:\/\/www.public.sn\/wp-content\/uploads\/2022\/10\/hopital-matam.webp\" \/>\n\t<meta property=\"og:image:width\" content=\"640\" \/>\n\t<meta property=\"og:image:height\" content=\"360\" \/>\n\t<meta property=\"og:image:type\" content=\"image\/webp\" \/>\n<meta name=\"author\" content=\"LA REDACTION\" \/>\n<meta name=\"twitter:card\" content=\"summary_large_image\" \/>\n<meta name=\"twitter:label1\" content=\"\u00c9crit par\" \/>\n\t<meta name=\"twitter:data1\" content=\"LA REDACTION\" \/>\n\t<meta name=\"twitter:label2\" content=\"Dur\u00e9e de lecture estim\u00e9e\" \/>\n\t<meta name=\"twitter:data2\" content=\"1 minute\" \/>\n<script type=\"application\/ld+json\" class=\"yoast-schema-graph\">{\"@context\":\"https:\/\/schema.org\",\"@graph\":[{\"@type\":\"Article\",\"@id\":\"https:\/\/www.public.sn\/index.php\/2022\/10\/19\/matam-les-blouses-blanches-en-ordre-de-bataille\/#article\",\"isPartOf\":{\"@id\":\"https:\/\/www.public.sn\/index.php\/2022\/10\/19\/matam-les-blouses-blanches-en-ordre-de-bataille\/\"},\"author\":{\"name\":\"LA REDACTION\",\"@id\":\"https:\/\/www.public.sn\/#\/schema\/person\/cb76c8e1b8becc6be61fb5e92d6d0224\"},\"headline\":\"Matam\u00a0: Les blouses blanches en ordre de bataille.\",\"datePublished\":\"2022-10-19T08:50:28+00:00\",\"dateModified\":\"2022-10-19T08:50:30+00:00\",\"mainEntityOfPage\":{\"@id\":\"https:\/\/www.public.sn\/index.php\/2022\/10\/19\/matam-les-blouses-blanches-en-ordre-de-bataille\/\"},\"wordCount\":136,\"commentCount\":0,\"publisher\":{\"@id\":\"https:\/\/www.public.sn\/#organization\"},\"image\":{\"@id\":\"https:\/\/www.public.sn\/index.php\/2022\/10\/19\/matam-les-blouses-blanches-en-ordre-de-bataille\/#primaryimage\"},\"thumbnailUrl\":\"https:\/\/www.public.sn\/wp-content\/uploads\/2022\/10\/hopital-matam.webp\",\"keywords\":[\"directeur hopital\",\"greve\",\"Matam\"],\"articleSection\":[\"ACTUALIT\u00c9S\",\"SANT\u00c9\",\"S\u00c9N\u00c9GAL\"],\"inLanguage\":\"fr-FR\",\"potentialAction\":[{\"@type\":\"CommentAction\",\"name\":\"Comment\",\"target\":[\"https:\/\/www.public.sn\/index.php\/2022\/10\/19\/matam-les-blouses-blanches-en-ordre-de-bataille\/#respond\"]}]},{\"@type\":\"WebPage\",\"@id\":\"https:\/\/www.public.sn\/index.php\/2022\/10\/19\/matam-les-blouses-blanches-en-ordre-de-bataille\/\",\"url\":\"https:\/\/www.public.sn\/index.php\/2022\/10\/19\/matam-les-blouses-blanches-en-ordre-de-bataille\/\",\"name\":\"Matam\u00a0: Les blouses blanches en ordre de bataille. - LE PUBLIC\",\"isPartOf\":{\"@id\":\"https:\/\/www.public.sn\/#website\"},\"primaryImageOfPage\":{\"@id\":\"https:\/\/www.public.sn\/index.php\/2022\/10\/19\/matam-les-blouses-blanches-en-ordre-de-bataille\/#primaryimage\"},\"image\":{\"@id\":\"https:\/\/www.public.sn\/index.php\/2022\/10\/19\/matam-les-blouses-blanches-en-ordre-de-bataille\/#primaryimage\"},\"thumbnailUrl\":\"https:\/\/www.public.sn\/wp-content\/uploads\/2022\/10\/hopital-matam.webp\",\"datePublished\":\"2022-10-19T08:50:28+00:00\",\"dateModified\":\"2022-10-19T08:50:30+00:00\",\"breadcrumb\":{\"@id\":\"https:\/\/www.public.sn\/index.php\/2022\/10\/19\/matam-les-blouses-blanches-en-ordre-de-bataille\/#breadcrumb\"},\"inLanguage\":\"fr-FR\",\"potentialAction\":[{\"@type\":\"ReadAction\",\"target\":[\"https:\/\/www.public.sn\/index.php\/2022\/10\/19\/matam-les-blouses-blanches-en-ordre-de-bataille\/\"]}]},{\"@type\":\"ImageObject\",\"inLanguage\":\"fr-FR\",\"@id\":\"https:\/\/www.public.sn\/index.php\/2022\/10\/19\/matam-les-blouses-blanches-en-ordre-de-bataille\/#primaryimage\",\"url\":\"https:\/\/www.public.sn\/wp-content\/uploads\/2022\/10\/hopital-matam.webp\",\"contentUrl\":\"https:\/\/www.public.sn\/wp-content\/uploads\/2022\/10\/hopital-matam.webp\",\"width\":640,\"height\":360,\"caption\":\"publicsn\"},{\"@type\":\"BreadcrumbList\",\"@id\":\"https:\/\/www.public.sn\/index.php\/2022\/10\/19\/matam-les-blouses-blanches-en-ordre-de-bataille\/#breadcrumb\",\"itemListElement\":[{\"@type\":\"ListItem\",\"position\":1,\"name\":\"Accueil\",\"item\":\"https:\/\/www.public.sn\/\"},{\"@type\":\"ListItem\",\"position\":2,\"name\":\"Matam\u00a0: Les blouses blanches en ordre de bataille.\"}]},{\"@type\":\"WebSite\",\"@id\":\"https:\/\/www.public.sn\/#website\",\"url\":\"https:\/\/www.public.sn\/\",\"name\":\"LE PUBLIC\",\"description\":\"\",\"publisher\":{\"@id\":\"https:\/\/www.public.sn\/#organization\"},\"potentialAction\":[{\"@type\":\"SearchAction\",\"target\":{\"@type\":\"EntryPoint\",\"urlTemplate\":\"https:\/\/www.public.sn\/?s={search_term_string}\"},\"query-input\":{\"@type\":\"PropertyValueSpecification\",\"valueRequired\":true,\"valueName\":\"search_term_string\"}}],\"inLanguage\":\"fr-FR\"},{\"@type\":\"Organization\",\"@id\":\"https:\/\/www.public.sn\/#organization\",\"name\":\"LE PUBLIC\",\"url\":\"https:\/\/www.public.sn\/\",\"logo\":{\"@type\":\"ImageObject\",\"inLanguage\":\"fr-FR\",\"@id\":\"https:\/\/www.public.sn\/#\/schema\/logo\/image\/\",\"url\":\"https:\/\/www.public.sn\/wp-content\/uploads\/2024\/05\/cropped-LOGO-PUBLIC.SN_.png\",\"contentUrl\":\"https:\/\/www.public.sn\/wp-content\/uploads\/2024\/05\/cropped-LOGO-PUBLIC.SN_.png\",\"width\":682,\"height\":192,\"caption\":\"LE PUBLIC\"},\"image\":{\"@id\":\"https:\/\/www.public.sn\/#\/schema\/logo\/image\/\"}},{\"@type\":\"Person\",\"@id\":\"https:\/\/www.public.sn\/#\/schema\/person\/cb76c8e1b8becc6be61fb5e92d6d0224\",\"name\":\"LA REDACTION\",\"image\":{\"@type\":\"ImageObject\",\"inLanguage\":\"fr-FR\",\"@id\":\"https:\/\/www.public.sn\/#\/schema\/person\/image\/\",\"url\":\"https:\/\/secure.gravatar.com\/avatar\/2dce5ddd34b8fef0180efe03aa2a9bee7d953856048f9a16b298190a3178407c?s=96&d=mm&r=g\",\"contentUrl\":\"https:\/\/secure.gravatar.com\/avatar\/2dce5ddd34b8fef0180efe03aa2a9bee7d953856048f9a16b298190a3178407c?s=96&d=mm&r=g\",\"caption\":\"LA REDACTION\"},\"url\":\"https:\/\/www.public.sn\/index.php\/author\/editeurpsn\/\"}]}<\/script>\n<!-- \/ Yoast SEO plugin. -->","yoast_head_json":{"title":"Matam\u00a0: Les blouses blanches en ordre de bataille. - LE PUBLIC","robots":{"index":"index","follow":"follow","max-snippet":"max-snippet:-1","max-image-preview":"max-image-preview:large","max-video-preview":"max-video-preview:-1"},"canonical":"https:\/\/www.public.sn\/index.php\/2022\/10\/19\/matam-les-blouses-blanches-en-ordre-de-bataille\/","og_locale":"fr_FR","og_type":"article","og_title":"Matam\u00a0: Les blouses blanches en ordre de bataille. - LE PUBLIC","og_description":"Les syndicalistes de l\u2019union r\u00e9gionale de Matam ont d\u00e9cid\u00e9 d\u2019aller en gr\u00e8ve ce Mercredi. Ces travailleurs avancent qu\u2019ils vont boycotter les r\u00e9unions de coordination, le programme paludisme et cancer, ainsi que la r\u00e9tention des informations sanitaires. Ils exigent le retour de leur secr\u00e9taire g\u00e9n\u00e9ral qui a \u00e9t\u00e9 injustement affect\u00e9. Pour rappel, le directeur de l\u2019h\u00f4pital de Matam avait fait une sortie pour affirmer que d\u00e9sormais, les assembl\u00e9es g\u00e9n\u00e9rales au sein de la structure seraient interdites. Le pr\u00e9texte \u00e9voqu\u00e9 est que les patients ont besoin de s\u00e9r\u00e9nit\u00e9 et de tranquillit\u00e9 et il est hors de question d\u2019accepter ces turbulences dans l\u2019enceinte de l\u2019h\u00f4pital. Samba SY.","og_url":"https:\/\/www.public.sn\/index.php\/2022\/10\/19\/matam-les-blouses-blanches-en-ordre-de-bataille\/","og_site_name":"LE PUBLIC","article_published_time":"2022-10-19T08:50:28+00:00","article_modified_time":"2022-10-19T08:50:30+00:00","og_image":[{"width":640,"height":360,"url":"https:\/\/www.public.sn\/wp-content\/uploads\/2022\/10\/hopital-matam.webp","type":"image\/webp"}],"author":"LA REDACTION","twitter_card":"summary_large_image","twitter_misc":{"\u00c9crit par":"LA REDACTION","Dur\u00e9e de lecture estim\u00e9e":"1 minute"},"schema":{"@context":"https:\/\/schema.org","@graph":[{"@type":"Article","@id":"https:\/\/www.public.sn\/index.php\/2022\/10\/19\/matam-les-blouses-blanches-en-ordre-de-bataille\/#article","isPartOf":{"@id":"https:\/\/www.public.sn\/index.php\/2022\/10\/19\/matam-les-blouses-blanches-en-ordre-de-bataille\/"},"author":{"name":"LA REDACTION","@id":"https:\/\/www.public.sn\/#\/schema\/person\/cb76c8e1b8becc6be61fb5e92d6d0224"},"headline":"Matam\u00a0: Les blouses blanches en ordre de bataille.","datePublished":"2022-10-19T08:50:28+00:00","dateModified":"2022-10-19T08:50:30+00:00","mainEntityOfPage":{"@id":"https:\/\/www.public.sn\/index.php\/2022\/10\/19\/matam-les-blouses-blanches-en-ordre-de-bataille\/"},"wordCount":136,"commentCount":0,"publisher":{"@id":"https:\/\/www.public.sn\/#organization"},"image":{"@id":"https:\/\/www.public.sn\/index.php\/2022\/10\/19\/matam-les-blouses-blanches-en-ordre-de-bataille\/#primaryimage"},"thumbnailUrl":"https:\/\/www.public.sn\/wp-content\/uploads\/2022\/10\/hopital-matam.webp","keywords":["directeur hopital","greve","Matam"],"articleSection":["ACTUALIT\u00c9S","SANT\u00c9","S\u00c9N\u00c9GAL"],"inLanguage":"fr-FR","potentialAction":[{"@type":"CommentAction","name":"Comment","target":["https:\/\/www.public.sn\/index.php\/2022\/10\/19\/matam-les-blouses-blanches-en-ordre-de-bataille\/#respond"]}]},{"@type":"WebPage","@id":"https:\/\/www.public.sn\/index.php\/2022\/10\/19\/matam-les-blouses-blanches-en-ordre-de-bataille\/","url":"https:\/\/www.public.sn\/index.php\/2022\/10\/19\/matam-les-blouses-blanches-en-ordre-de-bataille\/","name":"Matam\u00a0: Les blouses blanches en ordre de bataille. - LE PUBLIC","isPartOf":{"@id":"https:\/\/www.public.sn\/#website"},"primaryImageOfPage":{"@id":"https:\/\/www.public.sn\/index.php\/2022\/10\/19\/matam-les-blouses-blanches-en-ordre-de-bataille\/#primaryimage"},"image":{"@id":"https:\/\/www.public.sn\/index.php\/2022\/10\/19\/matam-les-blouses-blanches-en-ordre-de-bataille\/#primaryimage"},"thumbnailUrl":"https:\/\/www.public.sn\/wp-content\/uploads\/2022\/10\/hopital-matam.webp","datePublished":"2022-10-19T08:50:28+00:00","dateModified":"2022-10-19T08:50:30+00:00","breadcrumb":{"@id":"https:\/\/www.public.sn\/index.php\/2022\/10\/19\/matam-les-blouses-blanches-en-ordre-de-bataille\/#breadcrumb"},"inLanguage":"fr-FR","potentialAction":[{"@type":"ReadAction","target":["https:\/\/www.public.sn\/index.php\/2022\/10\/19\/matam-les-blouses-blanches-en-ordre-de-bataille\/"]}]},{"@type":"ImageObject","inLanguage":"fr-FR","@id":"https:\/\/www.public.sn\/index.php\/2022\/10\/19\/matam-les-blouses-blanches-en-ordre-de-bataille\/#primaryimage","url":"https:\/\/www.public.sn\/wp-content\/uploads\/2022\/10\/hopital-matam.webp","contentUrl":"https:\/\/www.public.sn\/wp-content\/uploads\/2022\/10\/hopital-matam.webp","width":640,"height":360,"caption":"publicsn"},{"@type":"BreadcrumbList","@id":"https:\/\/www.public.sn\/index.php\/2022\/10\/19\/matam-les-blouses-blanches-en-ordre-de-bataille\/#breadcrumb","itemListElement":[{"@type":"ListItem","position":1,"name":"Accueil","item":"https:\/\/www.public.sn\/"},{"@type":"ListItem","position":2,"name":"Matam\u00a0: Les blouses blanches en ordre de bataille."}]},{"@type":"WebSite","@id":"https:\/\/www.public.sn\/#website","url":"https:\/\/www.public.sn\/","name":"LE PUBLIC","description":"","publisher":{"@id":"https:\/\/www.public.sn\/#organization"},"potentialAction":[{"@type":"SearchAction","target":{"@type":"EntryPoint","urlTemplate":"https:\/\/www.public.sn\/?s={search_term_string}"},"query-input":{"@type":"PropertyValueSpecification","valueRequired":true,"valueName":"search_term_string"}}],"inLanguage":"fr-FR"},{"@type":"Organization","@id":"https:\/\/www.public.sn\/#organization","name":"LE PUBLIC","url":"https:\/\/www.public.sn\/","logo":{"@type":"ImageObject","inLanguage":"fr-FR","@id":"https:\/\/www.public.sn\/#\/schema\/logo\/image\/","url":"https:\/\/www.public.sn\/wp-content\/uploads\/2024\/05\/cropped-LOGO-PUBLIC.SN_.png","contentUrl":"https:\/\/www.public.sn\/wp-content\/uploads\/2024\/05\/cropped-LOGO-PUBLIC.SN_.png","width":682,"height":192,"caption":"LE PUBLIC"},"image":{"@id":"https:\/\/www.public.sn\/#\/schema\/logo\/image\/"}},{"@type":"Person","@id":"https:\/\/www.public.sn\/#\/schema\/person\/cb76c8e1b8becc6be61fb5e92d6d0224","name":"LA REDACTION","image":{"@type":"ImageObject","inLanguage":"fr-FR","@id":"https:\/\/www.public.sn\/#\/schema\/person\/image\/","url":"https:\/\/secure.gravatar.com\/avatar\/2dce5ddd34b8fef0180efe03aa2a9bee7d953856048f9a16b298190a3178407c?s=96&d=mm&r=g","contentUrl":"https:\/\/secure.gravatar.com\/avatar\/2dce5ddd34b8fef0180efe03aa2a9bee7d953856048f9a16b298190a3178407c?s=96&d=mm&r=g","caption":"LA REDACTION"},"url":"https:\/\/www.public.sn\/index.php\/author\/editeurpsn\/"}]}},"jetpack_featured_media_url":"https:\/\/www.public.sn\/wp-content\/uploads\/2022\/10\/hopital-matam.webp","jetpack_sharing_enabled":true,"_links":{"self":[{"href":"https:\/\/www.public.sn\/index.php\/wp-json\/wp\/v2\/posts\/5133","targetHints":{"allow":["GET"]}}],"collection":[{"href":"https:\/\/www.public.sn\/index.php\/wp-json\/wp\/v2\/posts"}],"about":[{"href":"https:\/\/www.public.sn\/index.php\/wp-json\/wp\/v2\/types\/post"}],"author":[{"embeddable":true,"href":"https:\/\/www.public.sn\/index.php\/wp-json\/wp\/v2\/users\/7"}],"replies":[{"embeddable":true,"href":"https:\/\/www.public.sn\/index.php\/wp-json\/wp\/v2\/comments?post=5133"}],"version-history":[{"count":2,"href":"https:\/\/www.public.sn\/index.php\/wp-json\/wp\/v2\/posts\/5133\/revisions"}],"predecessor-version":[{"id":5137,"href":"https:\/\/www.public.sn\/index.php\/wp-json\/wp\/v2\/posts\/5133\/revisions\/5137"}],"wp:featuredmedia":[{"embeddable":true,"href":"https:\/\/www.public.sn\/index.php\/wp-json\/wp\/v2\/media\/5135"}],"wp:attachment":[{"href":"https:\/\/www.public.sn\/index.php\/wp-json\/wp\/v2\/media?parent=5133"}],"wp:term":[{"taxonomy":"category","embeddable":true,"href":"https:\/\/www.public.sn\/index.php\/wp-json\/wp\/v2\/categories?post=5133"},{"taxonomy":"post_tag","embeddable":true,"href":"https:\/\/www.public.sn\/index.php\/wp-json\/wp\/v2\/tags?post=5133"}],"curies":[{"name":"wp","href":"https:\/\/api.w.org\/{rel}","templated":true}]}}