{"id":5149,"date":"2022-10-19T09:20:44","date_gmt":"2022-10-19T09:20:44","guid":{"rendered":"https:\/\/www.public.sn\/?p=5149"},"modified":"2022-10-19T09:20:47","modified_gmt":"2022-10-19T09:20:47","slug":"jamra-veut-la-paix-entre-macky-sall-et-ousmane-sonko","status":"publish","type":"post","link":"https:\/\/www.public.sn\/index.php\/2022\/10\/19\/jamra-veut-la-paix-entre-macky-sall-et-ousmane-sonko\/","title":{"rendered":"Jamra veut la paix entre Macky Sall et Ousmane Sonko."},"content":{"rendered":"\n<p>L\u2019ONG Jamra \u00a0intervient chaque jour que Dieu fait sur les probl\u00e8mes des s\u00e9n\u00e9galais et souvent ces m\u00e9diations sont couronn\u00e9es de succ\u00e8s. Tout r\u00e9cemment elle a effectu\u00e9 des m\u00e9diations sur le cas d\u2019Abdoulaye Wade et Macky Sall, Lamine Ndiaye et Sanekh, Fatoumata Ndiaye et sa fille Thiaba sans compter les autres. Cette fois ci Jamra veut bien essayer de r\u00e9concilier le \u00a0Pr\u00e9sident Macky Sall et Ousmane Sonko qui ont des diff\u00e9rends. Ces deux hommes politiques n arrivent toujours pas \u00e0 s\u2019entendre politiquement. Selon a221.NET Jamra avertit les insulteurs et les commentateurs insolents qui sont toujours derri\u00e8re leur clavier de ne pas s\u2019int\u00e9resser au d\u00e9bat afin de ne pas torpiller cette m\u00e9diation.<\/p><div class=\"publi-paragraphe1\" style=\"margin-top: 10px;margin-bottom: 10px;margin-left: auto;margin-right: auto;text-align: center;\" id=\"publi-3974691250\"><div class=\"publi-adlabel\">Publicit\u00e9<\/div><script async src=\"\/\/pagead2.googlesyndication.com\/pagead\/js\/adsbygoogle.js?client=ca-pub-4089586018074219\" crossorigin=\"anonymous\"><\/script><ins class=\"adsbygoogle\" style=\"display:block;\" data-ad-client=\"ca-pub-4089586018074219\" \ndata-ad-slot=\"2087940154\" \ndata-ad-format=\"auto\"><\/ins>\n<script> \n(adsbygoogle = window.adsbygoogle || []).push({}); \n<\/script>\n<\/div>\n\n\n\n<p>Maimouna Niang<\/p>\n<div class=\"publi-apres-le-contenu\" style=\"margin-top: 10px;margin-bottom: 10px;margin-left: auto;margin-right: auto;text-align: center;\" id=\"publi-3512746150\"><div class=\"publi-adlabel\">Publicit\u00e9<\/div><script async src=\"\/\/pagead2.googlesyndication.com\/pagead\/js\/adsbygoogle.js?client=ca-pub-4089586018074219\" crossorigin=\"anonymous\"><\/script><ins class=\"adsbygoogle\" style=\"display:block;\" data-ad-client=\"ca-pub-4089586018074219\" \ndata-ad-slot=\"2087940154\" \ndata-ad-format=\"auto\"><\/ins>\n<script> \n(adsbygoogle = window.adsbygoogle || []).push({}); \n<\/script>\n<\/div>","protected":false},"excerpt":{"rendered":"<p>L\u2019ONG Jamra \u00a0intervient chaque jour que Dieu fait sur les probl\u00e8mes des s\u00e9n\u00e9galais et souvent ces m\u00e9diations sont couronn\u00e9es de succ\u00e8s. Tout r\u00e9cemment elle a effectu\u00e9 des m\u00e9diations sur le cas d\u2019Abdoulaye Wade et Macky Sall, Lamine Ndiaye et Sanekh, Fatoumata Ndiaye et sa fille Thiaba sans compter les autres. Cette fois ci Jamra veut bien essayer de r\u00e9concilier le \u00a0Pr\u00e9sident Macky Sall et Ousmane Sonko qui ont des diff\u00e9rends. Ces deux hommes politiques n arrivent toujours pas \u00e0 s\u2019entendre politiquement. Selon a221.NET Jamra avertit les insulteurs et les commentateurs insolents qui sont toujours derri\u00e8re leur clavier de ne pas s\u2019int\u00e9resser au d\u00e9bat afin de ne pas torpiller cette m\u00e9diation. Maimouna Niang<\/p>\n","protected":false},"author":1,"featured_media":5150,"comment_status":"open","ping_status":"open","sticky":false,"template":"","format":"standard","meta":{"_jetpack_memberships_contains_paid_content":false,"footnotes":""},"categories":[375,3,1],"tags":[1715,11,1716,306],"class_list":["post-5149","post","type-post","status-publish","format-standard","has-post-thumbnail","hentry","category-actualites","category-politique","category-non-classe","tag-jamra","tag-macky-sall","tag-mediation","tag-sonko","entry","has-media","owp-thumbs-layout-horizontal","owp-btn-normal","owp-tabs-layout-horizontal","has-no-thumbnails","has-product-nav"],"yoast_head":"<!-- This site is optimized with the Yoast SEO plugin v25.5 - https:\/\/yoast.com\/wordpress\/plugins\/seo\/ -->\n<title>Jamra veut la paix entre Macky Sall et Ousmane Sonko. - LE PUBLIC<\/title>\n<meta name=\"robots\" content=\"index, follow, max-snippet:-1, max-image-preview:large, max-video-preview:-1\" \/>\n<link rel=\"canonical\" href=\"https:\/\/www.public.sn\/index.php\/2022\/10\/19\/jamra-veut-la-paix-entre-macky-sall-et-ousmane-sonko\/\" \/>\n<meta property=\"og:locale\" content=\"fr_FR\" \/>\n<meta property=\"og:type\" content=\"article\" \/>\n<meta property=\"og:title\" content=\"Jamra veut la paix entre Macky Sall et Ousmane Sonko. - LE PUBLIC\" \/>\n<meta property=\"og:description\" content=\"L\u2019ONG Jamra \u00a0intervient chaque jour que Dieu fait sur les probl\u00e8mes des s\u00e9n\u00e9galais et souvent ces m\u00e9diations sont couronn\u00e9es de succ\u00e8s. Tout r\u00e9cemment elle a effectu\u00e9 des m\u00e9diations sur le cas d\u2019Abdoulaye Wade et Macky Sall, Lamine Ndiaye et Sanekh, Fatoumata Ndiaye et sa fille Thiaba sans compter les autres. Cette fois ci Jamra veut bien essayer de r\u00e9concilier le \u00a0Pr\u00e9sident Macky Sall et Ousmane Sonko qui ont des diff\u00e9rends. Ces deux hommes politiques n arrivent toujours pas \u00e0 s\u2019entendre politiquement. Selon a221.NET Jamra avertit les insulteurs et les commentateurs insolents qui sont toujours derri\u00e8re leur clavier de ne pas s\u2019int\u00e9resser au d\u00e9bat afin de ne pas torpiller cette m\u00e9diation. Maimouna Niang\" \/>\n<meta property=\"og:url\" content=\"https:\/\/www.public.sn\/index.php\/2022\/10\/19\/jamra-veut-la-paix-entre-macky-sall-et-ousmane-sonko\/\" \/>\n<meta property=\"og:site_name\" content=\"LE PUBLIC\" \/>\n<meta property=\"article:published_time\" content=\"2022-10-19T09:20:44+00:00\" \/>\n<meta property=\"article:modified_time\" content=\"2022-10-19T09:20:47+00:00\" \/>\n<meta property=\"og:image\" content=\"https:\/\/www.public.sn\/wp-content\/uploads\/2022\/10\/dd.jpg\" \/>\n\t<meta property=\"og:image:width\" content=\"1024\" \/>\n\t<meta property=\"og:image:height\" content=\"768\" \/>\n\t<meta property=\"og:image:type\" content=\"image\/jpeg\" \/>\n<meta name=\"author\" content=\"LA REDACTION\" \/>\n<meta name=\"twitter:card\" content=\"summary_large_image\" \/>\n<meta name=\"twitter:label1\" content=\"\u00c9crit par\" \/>\n\t<meta name=\"twitter:data1\" content=\"LA REDACTION\" \/>\n\t<meta name=\"twitter:label2\" content=\"Dur\u00e9e de lecture estim\u00e9e\" \/>\n\t<meta name=\"twitter:data2\" content=\"1 minute\" \/>\n<script type=\"application\/ld+json\" class=\"yoast-schema-graph\">{\"@context\":\"https:\/\/schema.org\",\"@graph\":[{\"@type\":\"Article\",\"@id\":\"https:\/\/www.public.sn\/index.php\/2022\/10\/19\/jamra-veut-la-paix-entre-macky-sall-et-ousmane-sonko\/#article\",\"isPartOf\":{\"@id\":\"https:\/\/www.public.sn\/index.php\/2022\/10\/19\/jamra-veut-la-paix-entre-macky-sall-et-ousmane-sonko\/\"},\"author\":{\"name\":\"LA REDACTION\",\"@id\":\"https:\/\/www.public.sn\/#\/schema\/person\/e3f4a11b037d4203902db148f9bc8d5a\"},\"headline\":\"Jamra veut la paix entre Macky Sall et Ousmane Sonko.\",\"datePublished\":\"2022-10-19T09:20:44+00:00\",\"dateModified\":\"2022-10-19T09:20:47+00:00\",\"mainEntityOfPage\":{\"@id\":\"https:\/\/www.public.sn\/index.php\/2022\/10\/19\/jamra-veut-la-paix-entre-macky-sall-et-ousmane-sonko\/\"},\"wordCount\":141,\"commentCount\":0,\"publisher\":{\"@id\":\"https:\/\/www.public.sn\/#organization\"},\"image\":{\"@id\":\"https:\/\/www.public.sn\/index.php\/2022\/10\/19\/jamra-veut-la-paix-entre-macky-sall-et-ousmane-sonko\/#primaryimage\"},\"thumbnailUrl\":\"https:\/\/www.public.sn\/wp-content\/uploads\/2022\/10\/dd.jpg\",\"keywords\":[\"jamra\",\"Macky Sall\",\"mediation\",\"sonko\"],\"articleSection\":[\"ACTUALIT\u00c9S\",\"POLITIQUE\",\"S\u00c9N\u00c9GAL\"],\"inLanguage\":\"fr-FR\",\"potentialAction\":[{\"@type\":\"CommentAction\",\"name\":\"Comment\",\"target\":[\"https:\/\/www.public.sn\/index.php\/2022\/10\/19\/jamra-veut-la-paix-entre-macky-sall-et-ousmane-sonko\/#respond\"]}]},{\"@type\":\"WebPage\",\"@id\":\"https:\/\/www.public.sn\/index.php\/2022\/10\/19\/jamra-veut-la-paix-entre-macky-sall-et-ousmane-sonko\/\",\"url\":\"https:\/\/www.public.sn\/index.php\/2022\/10\/19\/jamra-veut-la-paix-entre-macky-sall-et-ousmane-sonko\/\",\"name\":\"Jamra veut la paix entre Macky Sall et Ousmane Sonko. - LE PUBLIC\",\"isPartOf\":{\"@id\":\"https:\/\/www.public.sn\/#website\"},\"primaryImageOfPage\":{\"@id\":\"https:\/\/www.public.sn\/index.php\/2022\/10\/19\/jamra-veut-la-paix-entre-macky-sall-et-ousmane-sonko\/#primaryimage\"},\"image\":{\"@id\":\"https:\/\/www.public.sn\/index.php\/2022\/10\/19\/jamra-veut-la-paix-entre-macky-sall-et-ousmane-sonko\/#primaryimage\"},\"thumbnailUrl\":\"https:\/\/www.public.sn\/wp-content\/uploads\/2022\/10\/dd.jpg\",\"datePublished\":\"2022-10-19T09:20:44+00:00\",\"dateModified\":\"2022-10-19T09:20:47+00:00\",\"breadcrumb\":{\"@id\":\"https:\/\/www.public.sn\/index.php\/2022\/10\/19\/jamra-veut-la-paix-entre-macky-sall-et-ousmane-sonko\/#breadcrumb\"},\"inLanguage\":\"fr-FR\",\"potentialAction\":[{\"@type\":\"ReadAction\",\"target\":[\"https:\/\/www.public.sn\/index.php\/2022\/10\/19\/jamra-veut-la-paix-entre-macky-sall-et-ousmane-sonko\/\"]}]},{\"@type\":\"ImageObject\",\"inLanguage\":\"fr-FR\",\"@id\":\"https:\/\/www.public.sn\/index.php\/2022\/10\/19\/jamra-veut-la-paix-entre-macky-sall-et-ousmane-sonko\/#primaryimage\",\"url\":\"https:\/\/www.public.sn\/wp-content\/uploads\/2022\/10\/dd.jpg\",\"contentUrl\":\"https:\/\/www.public.sn\/wp-content\/uploads\/2022\/10\/dd.jpg\",\"width\":1024,\"height\":768,\"caption\":\"Publicsn\"},{\"@type\":\"BreadcrumbList\",\"@id\":\"https:\/\/www.public.sn\/index.php\/2022\/10\/19\/jamra-veut-la-paix-entre-macky-sall-et-ousmane-sonko\/#breadcrumb\",\"itemListElement\":[{\"@type\":\"ListItem\",\"position\":1,\"name\":\"Accueil\",\"item\":\"https:\/\/www.public.sn\/\"},{\"@type\":\"ListItem\",\"position\":2,\"name\":\"Jamra veut la paix entre Macky Sall et Ousmane Sonko.\"}]},{\"@type\":\"WebSite\",\"@id\":\"https:\/\/www.public.sn\/#website\",\"url\":\"https:\/\/www.public.sn\/\",\"name\":\"LE PUBLIC\",\"description\":\"\",\"publisher\":{\"@id\":\"https:\/\/www.public.sn\/#organization\"},\"potentialAction\":[{\"@type\":\"SearchAction\",\"target\":{\"@type\":\"EntryPoint\",\"urlTemplate\":\"https:\/\/www.public.sn\/?s={search_term_string}\"},\"query-input\":{\"@type\":\"PropertyValueSpecification\",\"valueRequired\":true,\"valueName\":\"search_term_string\"}}],\"inLanguage\":\"fr-FR\"},{\"@type\":\"Organization\",\"@id\":\"https:\/\/www.public.sn\/#organization\",\"name\":\"LE PUBLIC\",\"url\":\"https:\/\/www.public.sn\/\",\"logo\":{\"@type\":\"ImageObject\",\"inLanguage\":\"fr-FR\",\"@id\":\"https:\/\/www.public.sn\/#\/schema\/logo\/image\/\",\"url\":\"https:\/\/www.public.sn\/wp-content\/uploads\/2024\/05\/cropped-LOGO-PUBLIC.SN_.png\",\"contentUrl\":\"https:\/\/www.public.sn\/wp-content\/uploads\/2024\/05\/cropped-LOGO-PUBLIC.SN_.png\",\"width\":682,\"height\":192,\"caption\":\"LE PUBLIC\"},\"image\":{\"@id\":\"https:\/\/www.public.sn\/#\/schema\/logo\/image\/\"}},{\"@type\":\"Person\",\"@id\":\"https:\/\/www.public.sn\/#\/schema\/person\/e3f4a11b037d4203902db148f9bc8d5a\",\"name\":\"LA REDACTION\",\"image\":{\"@type\":\"ImageObject\",\"inLanguage\":\"fr-FR\",\"@id\":\"https:\/\/www.public.sn\/#\/schema\/person\/image\/\",\"url\":\"https:\/\/secure.gravatar.com\/avatar\/d6c030db45db2883c075085c5d6c6258654a801a93766b49af0b82d4f454e2a5?s=96&d=mm&r=g\",\"contentUrl\":\"https:\/\/secure.gravatar.com\/avatar\/d6c030db45db2883c075085c5d6c6258654a801a93766b49af0b82d4f454e2a5?s=96&d=mm&r=g\",\"caption\":\"LA REDACTION\"},\"sameAs\":[\"http:\/\/www.public.sn\"],\"url\":\"https:\/\/www.public.sn\/index.php\/author\/admin7324\/\"}]}<\/script>\n<!-- \/ Yoast SEO plugin. -->","yoast_head_json":{"title":"Jamra veut la paix entre Macky Sall et Ousmane Sonko. - LE PUBLIC","robots":{"index":"index","follow":"follow","max-snippet":"max-snippet:-1","max-image-preview":"max-image-preview:large","max-video-preview":"max-video-preview:-1"},"canonical":"https:\/\/www.public.sn\/index.php\/2022\/10\/19\/jamra-veut-la-paix-entre-macky-sall-et-ousmane-sonko\/","og_locale":"fr_FR","og_type":"article","og_title":"Jamra veut la paix entre Macky Sall et Ousmane Sonko. - LE PUBLIC","og_description":"L\u2019ONG Jamra \u00a0intervient chaque jour que Dieu fait sur les probl\u00e8mes des s\u00e9n\u00e9galais et souvent ces m\u00e9diations sont couronn\u00e9es de succ\u00e8s. Tout r\u00e9cemment elle a effectu\u00e9 des m\u00e9diations sur le cas d\u2019Abdoulaye Wade et Macky Sall, Lamine Ndiaye et Sanekh, Fatoumata Ndiaye et sa fille Thiaba sans compter les autres. Cette fois ci Jamra veut bien essayer de r\u00e9concilier le \u00a0Pr\u00e9sident Macky Sall et Ousmane Sonko qui ont des diff\u00e9rends. Ces deux hommes politiques n arrivent toujours pas \u00e0 s\u2019entendre politiquement. Selon a221.NET Jamra avertit les insulteurs et les commentateurs insolents qui sont toujours derri\u00e8re leur clavier de ne pas s\u2019int\u00e9resser au d\u00e9bat afin de ne pas torpiller cette m\u00e9diation. Maimouna Niang","og_url":"https:\/\/www.public.sn\/index.php\/2022\/10\/19\/jamra-veut-la-paix-entre-macky-sall-et-ousmane-sonko\/","og_site_name":"LE PUBLIC","article_published_time":"2022-10-19T09:20:44+00:00","article_modified_time":"2022-10-19T09:20:47+00:00","og_image":[{"width":1024,"height":768,"url":"https:\/\/www.public.sn\/wp-content\/uploads\/2022\/10\/dd.jpg","type":"image\/jpeg"}],"author":"LA REDACTION","twitter_card":"summary_large_image","twitter_misc":{"\u00c9crit par":"LA REDACTION","Dur\u00e9e de lecture estim\u00e9e":"1 minute"},"schema":{"@context":"https:\/\/schema.org","@graph":[{"@type":"Article","@id":"https:\/\/www.public.sn\/index.php\/2022\/10\/19\/jamra-veut-la-paix-entre-macky-sall-et-ousmane-sonko\/#article","isPartOf":{"@id":"https:\/\/www.public.sn\/index.php\/2022\/10\/19\/jamra-veut-la-paix-entre-macky-sall-et-ousmane-sonko\/"},"author":{"name":"LA REDACTION","@id":"https:\/\/www.public.sn\/#\/schema\/person\/e3f4a11b037d4203902db148f9bc8d5a"},"headline":"Jamra veut la paix entre Macky Sall et Ousmane Sonko.","datePublished":"2022-10-19T09:20:44+00:00","dateModified":"2022-10-19T09:20:47+00:00","mainEntityOfPage":{"@id":"https:\/\/www.public.sn\/index.php\/2022\/10\/19\/jamra-veut-la-paix-entre-macky-sall-et-ousmane-sonko\/"},"wordCount":141,"commentCount":0,"publisher":{"@id":"https:\/\/www.public.sn\/#organization"},"image":{"@id":"https:\/\/www.public.sn\/index.php\/2022\/10\/19\/jamra-veut-la-paix-entre-macky-sall-et-ousmane-sonko\/#primaryimage"},"thumbnailUrl":"https:\/\/www.public.sn\/wp-content\/uploads\/2022\/10\/dd.jpg","keywords":["jamra","Macky Sall","mediation","sonko"],"articleSection":["ACTUALIT\u00c9S","POLITIQUE","S\u00c9N\u00c9GAL"],"inLanguage":"fr-FR","potentialAction":[{"@type":"CommentAction","name":"Comment","target":["https:\/\/www.public.sn\/index.php\/2022\/10\/19\/jamra-veut-la-paix-entre-macky-sall-et-ousmane-sonko\/#respond"]}]},{"@type":"WebPage","@id":"https:\/\/www.public.sn\/index.php\/2022\/10\/19\/jamra-veut-la-paix-entre-macky-sall-et-ousmane-sonko\/","url":"https:\/\/www.public.sn\/index.php\/2022\/10\/19\/jamra-veut-la-paix-entre-macky-sall-et-ousmane-sonko\/","name":"Jamra veut la paix entre Macky Sall et Ousmane Sonko. - LE PUBLIC","isPartOf":{"@id":"https:\/\/www.public.sn\/#website"},"primaryImageOfPage":{"@id":"https:\/\/www.public.sn\/index.php\/2022\/10\/19\/jamra-veut-la-paix-entre-macky-sall-et-ousmane-sonko\/#primaryimage"},"image":{"@id":"https:\/\/www.public.sn\/index.php\/2022\/10\/19\/jamra-veut-la-paix-entre-macky-sall-et-ousmane-sonko\/#primaryimage"},"thumbnailUrl":"https:\/\/www.public.sn\/wp-content\/uploads\/2022\/10\/dd.jpg","datePublished":"2022-10-19T09:20:44+00:00","dateModified":"2022-10-19T09:20:47+00:00","breadcrumb":{"@id":"https:\/\/www.public.sn\/index.php\/2022\/10\/19\/jamra-veut-la-paix-entre-macky-sall-et-ousmane-sonko\/#breadcrumb"},"inLanguage":"fr-FR","potentialAction":[{"@type":"ReadAction","target":["https:\/\/www.public.sn\/index.php\/2022\/10\/19\/jamra-veut-la-paix-entre-macky-sall-et-ousmane-sonko\/"]}]},{"@type":"ImageObject","inLanguage":"fr-FR","@id":"https:\/\/www.public.sn\/index.php\/2022\/10\/19\/jamra-veut-la-paix-entre-macky-sall-et-ousmane-sonko\/#primaryimage","url":"https:\/\/www.public.sn\/wp-content\/uploads\/2022\/10\/dd.jpg","contentUrl":"https:\/\/www.public.sn\/wp-content\/uploads\/2022\/10\/dd.jpg","width":1024,"height":768,"caption":"Publicsn"},{"@type":"BreadcrumbList","@id":"https:\/\/www.public.sn\/index.php\/2022\/10\/19\/jamra-veut-la-paix-entre-macky-sall-et-ousmane-sonko\/#breadcrumb","itemListElement":[{"@type":"ListItem","position":1,"name":"Accueil","item":"https:\/\/www.public.sn\/"},{"@type":"ListItem","position":2,"name":"Jamra veut la paix entre Macky Sall et Ousmane Sonko."}]},{"@type":"WebSite","@id":"https:\/\/www.public.sn\/#website","url":"https:\/\/www.public.sn\/","name":"LE PUBLIC","description":"","publisher":{"@id":"https:\/\/www.public.sn\/#organization"},"potentialAction":[{"@type":"SearchAction","target":{"@type":"EntryPoint","urlTemplate":"https:\/\/www.public.sn\/?s={search_term_string}"},"query-input":{"@type":"PropertyValueSpecification","valueRequired":true,"valueName":"search_term_string"}}],"inLanguage":"fr-FR"},{"@type":"Organization","@id":"https:\/\/www.public.sn\/#organization","name":"LE PUBLIC","url":"https:\/\/www.public.sn\/","logo":{"@type":"ImageObject","inLanguage":"fr-FR","@id":"https:\/\/www.public.sn\/#\/schema\/logo\/image\/","url":"https:\/\/www.public.sn\/wp-content\/uploads\/2024\/05\/cropped-LOGO-PUBLIC.SN_.png","contentUrl":"https:\/\/www.public.sn\/wp-content\/uploads\/2024\/05\/cropped-LOGO-PUBLIC.SN_.png","width":682,"height":192,"caption":"LE PUBLIC"},"image":{"@id":"https:\/\/www.public.sn\/#\/schema\/logo\/image\/"}},{"@type":"Person","@id":"https:\/\/www.public.sn\/#\/schema\/person\/e3f4a11b037d4203902db148f9bc8d5a","name":"LA REDACTION","image":{"@type":"ImageObject","inLanguage":"fr-FR","@id":"https:\/\/www.public.sn\/#\/schema\/person\/image\/","url":"https:\/\/secure.gravatar.com\/avatar\/d6c030db45db2883c075085c5d6c6258654a801a93766b49af0b82d4f454e2a5?s=96&d=mm&r=g","contentUrl":"https:\/\/secure.gravatar.com\/avatar\/d6c030db45db2883c075085c5d6c6258654a801a93766b49af0b82d4f454e2a5?s=96&d=mm&r=g","caption":"LA REDACTION"},"sameAs":["http:\/\/www.public.sn"],"url":"https:\/\/www.public.sn\/index.php\/author\/admin7324\/"}]}},"jetpack_featured_media_url":"https:\/\/www.public.sn\/wp-content\/uploads\/2022\/10\/dd.jpg","jetpack_sharing_enabled":true,"_links":{"self":[{"href":"https:\/\/www.public.sn\/index.php\/wp-json\/wp\/v2\/posts\/5149","targetHints":{"allow":["GET"]}}],"collection":[{"href":"https:\/\/www.public.sn\/index.php\/wp-json\/wp\/v2\/posts"}],"about":[{"href":"https:\/\/www.public.sn\/index.php\/wp-json\/wp\/v2\/types\/post"}],"author":[{"embeddable":true,"href":"https:\/\/www.public.sn\/index.php\/wp-json\/wp\/v2\/users\/1"}],"replies":[{"embeddable":true,"href":"https:\/\/www.public.sn\/index.php\/wp-json\/wp\/v2\/comments?post=5149"}],"version-history":[{"count":1,"href":"https:\/\/www.public.sn\/index.php\/wp-json\/wp\/v2\/posts\/5149\/revisions"}],"predecessor-version":[{"id":5151,"href":"https:\/\/www.public.sn\/index.php\/wp-json\/wp\/v2\/posts\/5149\/revisions\/5151"}],"wp:featuredmedia":[{"embeddable":true,"href":"https:\/\/www.public.sn\/index.php\/wp-json\/wp\/v2\/media\/5150"}],"wp:attachment":[{"href":"https:\/\/www.public.sn\/index.php\/wp-json\/wp\/v2\/media?parent=5149"}],"wp:term":[{"taxonomy":"category","embeddable":true,"href":"https:\/\/www.public.sn\/index.php\/wp-json\/wp\/v2\/categories?post=5149"},{"taxonomy":"post_tag","embeddable":true,"href":"https:\/\/www.public.sn\/index.php\/wp-json\/wp\/v2\/tags?post=5149"}],"curies":[{"name":"wp","href":"https:\/\/api.w.org\/{rel}","templated":true}]}}