{"id":5203,"date":"2022-10-19T14:04:38","date_gmt":"2022-10-19T14:04:38","guid":{"rendered":"https:\/\/www.public.sn\/?p=5203"},"modified":"2022-10-19T14:05:31","modified_gmt":"2022-10-19T14:05:31","slug":"visite-dune-delegation-de-la-cedeao-en-guinee-la-duree-de-la-transition-en-ligne-de-mire","status":"publish","type":"post","link":"https:\/\/www.public.sn\/index.php\/2022\/10\/19\/visite-dune-delegation-de-la-cedeao-en-guinee-la-duree-de-la-transition-en-ligne-de-mire\/","title":{"rendered":"Visite d&rsquo;une d\u00e9l\u00e9gation de la C\u00e9d\u00e9ao en Guin\u00e9e: la dur\u00e9e de la transition en ligne de mire."},"content":{"rendered":"\n<p><strong>Le m\u00e9diateur de la C\u00e9d\u00e9ao est arriv\u00e9 ce mardi \u00e0 Conakry. La visite de Thomas Boni Yayi intervient alors qu&rsquo;une mission technique de l&rsquo;organisation r\u00e9gionale est en Guin\u00e9e depuis dimanche soir. La mission de la C\u00e9d\u00e9ao doit rester jusqu\u2019\u00e0 la fin de la semaine pour discuter du chronogramme de la transition avec les autorit\u00e9s.<\/strong><\/p><div class=\"publi-paragraphe1\" style=\"margin-top: 10px;margin-bottom: 10px;margin-left: auto;margin-right: auto;text-align: center;\" id=\"publi-3057302554\"><div class=\"publi-adlabel\">Publicit\u00e9<\/div><script async src=\"\/\/pagead2.googlesyndication.com\/pagead\/js\/adsbygoogle.js?client=ca-pub-4089586018074219\" crossorigin=\"anonymous\"><\/script><ins class=\"adsbygoogle\" style=\"display:block;\" data-ad-client=\"ca-pub-4089586018074219\" \ndata-ad-slot=\"2087940154\" \ndata-ad-format=\"auto\"><\/ins>\n<script> \n(adsbygoogle = window.adsbygoogle || []).push({}); \n<\/script>\n<\/div>\n\n\n\n<p>  Les membres de la d\u00e9l\u00e9gation ont rencontr\u00e9&nbsp;le ministre des Affaires \u00e9trang\u00e8res et le chef du gouvernement.&nbsp;Lors de ces premiers \u00e9changes, Bernard Goumou a assur\u00e9 que son gouvernement n\u2019\u00e9tait pas \u00ab&nbsp;<em>fig\u00e9 sur la question de la dur\u00e9e<\/em>&nbsp;\u00bb. Les autorit\u00e9s guin\u00e9ennes ont opt\u00e9 pour trois ans en mai dernier, mais la C\u00e9d\u00e9ao souhaite qu\u2019elles revoient leur copie. Impossible pour l\u2019organisation sous-r\u00e9gionale d\u2019accepter un tel d\u00e9lai.<\/p>\n\n\n\n<p>    <\/p>\n\n\n\n<p>Pour faire passer son message la C\u00e9d\u00e9ao veut d\u00e9sormais y mettre les formes, selon le politologue Kabinet Fofana. \u00ab&nbsp;<em>La C\u00e9d\u00e9ao fait en sorte&nbsp;de ne pas \u00eatre tax\u00e9e d&rsquo;immobilisme ; elle vient donc discuter avec les autorit\u00e9s guin\u00e9ennes des activit\u00e9s essentielles et non essentielles \u00e0 une sortie de crise.<\/em>&nbsp;\u00bb<\/p>\n\n\n\n<p>La visite a lieu tout juste un mois apr\u00e8s que des sanctions cibl\u00e9es contre la junte et ses alli\u00e9s ont \u00e9t\u00e9 d\u00e9cid\u00e9es par la C\u00e9d\u00e9ao. \u00ab&nbsp;<em>Cette approche de la C\u00e9d\u00e9ao a commenc\u00e9&nbsp;apr\u00e8s les&nbsp;<a href=\"https:\/\/www.rfi.fr\/fr\/afrique\/20220703-la-c%C3%A9d%C3%A9ao-l%C3%A8ve-une-partie-de-ses-sanctions-contre-le-mali-la-guin%C3%A9e-en-sursis\"><strong>sanctions contre le Mali<\/strong><\/a><\/em>, poursuit&nbsp;Kabinet Fofana, (il s&rsquo;agit)&nbsp;<em>d&rsquo;\u00e9viter les bras de fer, la survenance au moins en octobre de sanctions lourdes et cibl\u00e9es contre les autorit\u00e9s de la transition en Guin\u00e9e.<\/em>&nbsp;<em>\u00bb<\/em><\/p>\n\n\n\n<p>   En septembre, la C\u00e9d\u00e9ao avait donn\u00e9 un mois aux autorit\u00e9s pour r\u00e9duire la dur\u00e9e du r\u00e9gime d\u2019exception, sous peine de subir de nouvelles mesures de r\u00e9torsion. La date butoir tombe ce samedi.&nbsp;&nbsp;<\/p>\n\n\n\n<p>    Falil Gadio<\/p>\n<div class=\"publi-apres-le-contenu\" style=\"margin-top: 10px;margin-bottom: 10px;margin-left: auto;margin-right: auto;text-align: center;\" id=\"publi-1897921454\"><div class=\"publi-adlabel\">Publicit\u00e9<\/div><script async src=\"\/\/pagead2.googlesyndication.com\/pagead\/js\/adsbygoogle.js?client=ca-pub-4089586018074219\" crossorigin=\"anonymous\"><\/script><ins class=\"adsbygoogle\" style=\"display:block;\" data-ad-client=\"ca-pub-4089586018074219\" \ndata-ad-slot=\"2087940154\" \ndata-ad-format=\"auto\"><\/ins>\n<script> \n(adsbygoogle = window.adsbygoogle || []).push({}); \n<\/script>\n<\/div>","protected":false},"excerpt":{"rendered":"<p>Le m\u00e9diateur de la C\u00e9d\u00e9ao est arriv\u00e9 ce mardi \u00e0 Conakry. La visite de Thomas Boni Yayi intervient alors qu&rsquo;une mission technique de l&rsquo;organisation r\u00e9gionale est en Guin\u00e9e depuis dimanche soir. La mission de la C\u00e9d\u00e9ao doit rester jusqu\u2019\u00e0 la fin de la semaine pour discuter du chronogramme de la transition avec les autorit\u00e9s. Les membres de la d\u00e9l\u00e9gation ont rencontr\u00e9&nbsp;le ministre des Affaires \u00e9trang\u00e8res et le chef du gouvernement.&nbsp;Lors de ces premiers \u00e9changes, Bernard Goumou a assur\u00e9 que son gouvernement n\u2019\u00e9tait pas \u00ab&nbsp;fig\u00e9 sur la question de la dur\u00e9e&nbsp;\u00bb. Les autorit\u00e9s guin\u00e9ennes ont opt\u00e9 pour trois ans en mai dernier, mais la C\u00e9d\u00e9ao souhaite qu\u2019elles revoient leur copie. Impossible pour l\u2019organisation sous-r\u00e9gionale d\u2019accepter un tel d\u00e9lai. Pour faire passer son message la C\u00e9d\u00e9ao veut d\u00e9sormais y mettre les formes, selon le politologue Kabinet Fofana. \u00ab&nbsp;La C\u00e9d\u00e9ao fait en sorte&nbsp;de ne pas \u00eatre tax\u00e9e d&rsquo;immobilisme ; elle vient donc discuter avec les autorit\u00e9s guin\u00e9ennes des activit\u00e9s essentielles et non essentielles \u00e0 une sortie de crise.&nbsp;\u00bb La visite a lieu tout juste un mois apr\u00e8s que des sanctions cibl\u00e9es contre la junte et ses alli\u00e9s ont \u00e9t\u00e9 d\u00e9cid\u00e9es par la C\u00e9d\u00e9ao. \u00ab&nbsp;Cette approche de la C\u00e9d\u00e9ao a commenc\u00e9&nbsp;apr\u00e8s les&nbsp;sanctions contre le Mali, poursuit&nbsp;Kabinet Fofana, (il s&rsquo;agit)&nbsp;d&rsquo;\u00e9viter les bras de fer, la survenance au moins en octobre de sanctions lourdes et cibl\u00e9es contre les autorit\u00e9s de la transition en Guin\u00e9e.&nbsp;\u00bb En septembre, la C\u00e9d\u00e9ao avait donn\u00e9 un mois aux autorit\u00e9s pour r\u00e9duire la dur\u00e9e du r\u00e9gime d\u2019exception, sous peine de subir de nouvelles mesures de r\u00e9torsion. La date butoir tombe ce samedi.&nbsp;&nbsp; Falil Gadio<\/p>\n","protected":false},"author":7,"featured_media":5207,"comment_status":"open","ping_status":"open","sticky":false,"template":"","format":"standard","meta":{"_jetpack_memberships_contains_paid_content":false,"footnotes":""},"categories":[375,550,3],"tags":[291,1742,516],"class_list":["post-5203","post","type-post","status-publish","format-standard","has-post-thumbnail","hentry","category-actualites","category-afrique-monde","category-politique","tag-cedeao","tag-delegation-2","tag-guinee","entry","has-media","owp-thumbs-layout-horizontal","owp-btn-normal","owp-tabs-layout-horizontal","has-no-thumbnails","has-product-nav"],"yoast_head":"<!-- This site is optimized with the Yoast SEO plugin v25.5 - https:\/\/yoast.com\/wordpress\/plugins\/seo\/ -->\n<title>Visite d&#039;une d\u00e9l\u00e9gation de la C\u00e9d\u00e9ao en Guin\u00e9e: la dur\u00e9e de la transition en ligne de mire. - LE PUBLIC<\/title>\n<meta name=\"robots\" content=\"index, follow, max-snippet:-1, max-image-preview:large, max-video-preview:-1\" \/>\n<link rel=\"canonical\" href=\"https:\/\/www.public.sn\/index.php\/2022\/10\/19\/visite-dune-delegation-de-la-cedeao-en-guinee-la-duree-de-la-transition-en-ligne-de-mire\/\" \/>\n<meta property=\"og:locale\" content=\"fr_FR\" \/>\n<meta property=\"og:type\" content=\"article\" \/>\n<meta property=\"og:title\" content=\"Visite d&#039;une d\u00e9l\u00e9gation de la C\u00e9d\u00e9ao en Guin\u00e9e: la dur\u00e9e de la transition en ligne de mire. - LE PUBLIC\" \/>\n<meta property=\"og:description\" content=\"Le m\u00e9diateur de la C\u00e9d\u00e9ao est arriv\u00e9 ce mardi \u00e0 Conakry. La visite de Thomas Boni Yayi intervient alors qu&rsquo;une mission technique de l&rsquo;organisation r\u00e9gionale est en Guin\u00e9e depuis dimanche soir. La mission de la C\u00e9d\u00e9ao doit rester jusqu\u2019\u00e0 la fin de la semaine pour discuter du chronogramme de la transition avec les autorit\u00e9s. Les membres de la d\u00e9l\u00e9gation ont rencontr\u00e9&nbsp;le ministre des Affaires \u00e9trang\u00e8res et le chef du gouvernement.&nbsp;Lors de ces premiers \u00e9changes, Bernard Goumou a assur\u00e9 que son gouvernement n\u2019\u00e9tait pas \u00ab&nbsp;fig\u00e9 sur la question de la dur\u00e9e&nbsp;\u00bb. Les autorit\u00e9s guin\u00e9ennes ont opt\u00e9 pour trois ans en mai dernier, mais la C\u00e9d\u00e9ao souhaite qu\u2019elles revoient leur copie. Impossible pour l\u2019organisation sous-r\u00e9gionale d\u2019accepter un tel d\u00e9lai. Pour faire passer son message la C\u00e9d\u00e9ao veut d\u00e9sormais y mettre les formes, selon le politologue Kabinet Fofana. \u00ab&nbsp;La C\u00e9d\u00e9ao fait en sorte&nbsp;de ne pas \u00eatre tax\u00e9e d&rsquo;immobilisme ; elle vient donc discuter avec les autorit\u00e9s guin\u00e9ennes des activit\u00e9s essentielles et non essentielles \u00e0 une sortie de crise.&nbsp;\u00bb La visite a lieu tout juste un mois apr\u00e8s que des sanctions cibl\u00e9es contre la junte et ses alli\u00e9s ont \u00e9t\u00e9 d\u00e9cid\u00e9es par la C\u00e9d\u00e9ao. \u00ab&nbsp;Cette approche de la C\u00e9d\u00e9ao a commenc\u00e9&nbsp;apr\u00e8s les&nbsp;sanctions contre le Mali, poursuit&nbsp;Kabinet Fofana, (il s&rsquo;agit)&nbsp;d&rsquo;\u00e9viter les bras de fer, la survenance au moins en octobre de sanctions lourdes et cibl\u00e9es contre les autorit\u00e9s de la transition en Guin\u00e9e.&nbsp;\u00bb En septembre, la C\u00e9d\u00e9ao avait donn\u00e9 un mois aux autorit\u00e9s pour r\u00e9duire la dur\u00e9e du r\u00e9gime d\u2019exception, sous peine de subir de nouvelles mesures de r\u00e9torsion. La date butoir tombe ce samedi.&nbsp;&nbsp; Falil Gadio\" \/>\n<meta property=\"og:url\" content=\"https:\/\/www.public.sn\/index.php\/2022\/10\/19\/visite-dune-delegation-de-la-cedeao-en-guinee-la-duree-de-la-transition-en-ligne-de-mire\/\" \/>\n<meta property=\"og:site_name\" content=\"LE PUBLIC\" \/>\n<meta property=\"article:published_time\" content=\"2022-10-19T14:04:38+00:00\" \/>\n<meta property=\"article:modified_time\" content=\"2022-10-19T14:05:31+00:00\" \/>\n<meta property=\"og:image\" content=\"https:\/\/www.public.sn\/wp-content\/uploads\/2022\/10\/Guinea-junta-ECOWAS.webp\" \/>\n\t<meta property=\"og:image:width\" content=\"1024\" \/>\n\t<meta property=\"og:image:height\" content=\"576\" \/>\n\t<meta property=\"og:image:type\" content=\"image\/webp\" \/>\n<meta name=\"author\" content=\"LA REDACTION\" \/>\n<meta name=\"twitter:card\" content=\"summary_large_image\" \/>\n<meta name=\"twitter:label1\" content=\"\u00c9crit par\" \/>\n\t<meta name=\"twitter:data1\" content=\"LA REDACTION\" \/>\n\t<meta name=\"twitter:label2\" content=\"Dur\u00e9e de lecture estim\u00e9e\" \/>\n\t<meta name=\"twitter:data2\" content=\"2 minutes\" \/>\n<script type=\"application\/ld+json\" class=\"yoast-schema-graph\">{\"@context\":\"https:\/\/schema.org\",\"@graph\":[{\"@type\":\"Article\",\"@id\":\"https:\/\/www.public.sn\/index.php\/2022\/10\/19\/visite-dune-delegation-de-la-cedeao-en-guinee-la-duree-de-la-transition-en-ligne-de-mire\/#article\",\"isPartOf\":{\"@id\":\"https:\/\/www.public.sn\/index.php\/2022\/10\/19\/visite-dune-delegation-de-la-cedeao-en-guinee-la-duree-de-la-transition-en-ligne-de-mire\/\"},\"author\":{\"name\":\"LA REDACTION\",\"@id\":\"https:\/\/www.public.sn\/#\/schema\/person\/cb76c8e1b8becc6be61fb5e92d6d0224\"},\"headline\":\"Visite d&rsquo;une d\u00e9l\u00e9gation de la C\u00e9d\u00e9ao en Guin\u00e9e: la dur\u00e9e de la transition en ligne de mire.\",\"datePublished\":\"2022-10-19T14:04:38+00:00\",\"dateModified\":\"2022-10-19T14:05:31+00:00\",\"mainEntityOfPage\":{\"@id\":\"https:\/\/www.public.sn\/index.php\/2022\/10\/19\/visite-dune-delegation-de-la-cedeao-en-guinee-la-duree-de-la-transition-en-ligne-de-mire\/\"},\"wordCount\":357,\"commentCount\":0,\"publisher\":{\"@id\":\"https:\/\/www.public.sn\/#organization\"},\"image\":{\"@id\":\"https:\/\/www.public.sn\/index.php\/2022\/10\/19\/visite-dune-delegation-de-la-cedeao-en-guinee-la-duree-de-la-transition-en-ligne-de-mire\/#primaryimage\"},\"thumbnailUrl\":\"https:\/\/www.public.sn\/wp-content\/uploads\/2022\/10\/Guinea-junta-ECOWAS.webp\",\"keywords\":[\"cedeao\",\"d\u00e9l\u00e9gation\",\"Guin\u00e9e\"],\"articleSection\":[\"ACTUALIT\u00c9S\",\"AFRIQUE &amp; MONDE\",\"POLITIQUE\"],\"inLanguage\":\"fr-FR\",\"potentialAction\":[{\"@type\":\"CommentAction\",\"name\":\"Comment\",\"target\":[\"https:\/\/www.public.sn\/index.php\/2022\/10\/19\/visite-dune-delegation-de-la-cedeao-en-guinee-la-duree-de-la-transition-en-ligne-de-mire\/#respond\"]}]},{\"@type\":\"WebPage\",\"@id\":\"https:\/\/www.public.sn\/index.php\/2022\/10\/19\/visite-dune-delegation-de-la-cedeao-en-guinee-la-duree-de-la-transition-en-ligne-de-mire\/\",\"url\":\"https:\/\/www.public.sn\/index.php\/2022\/10\/19\/visite-dune-delegation-de-la-cedeao-en-guinee-la-duree-de-la-transition-en-ligne-de-mire\/\",\"name\":\"Visite d'une d\u00e9l\u00e9gation de la C\u00e9d\u00e9ao en Guin\u00e9e: la dur\u00e9e de la transition en ligne de mire. - LE PUBLIC\",\"isPartOf\":{\"@id\":\"https:\/\/www.public.sn\/#website\"},\"primaryImageOfPage\":{\"@id\":\"https:\/\/www.public.sn\/index.php\/2022\/10\/19\/visite-dune-delegation-de-la-cedeao-en-guinee-la-duree-de-la-transition-en-ligne-de-mire\/#primaryimage\"},\"image\":{\"@id\":\"https:\/\/www.public.sn\/index.php\/2022\/10\/19\/visite-dune-delegation-de-la-cedeao-en-guinee-la-duree-de-la-transition-en-ligne-de-mire\/#primaryimage\"},\"thumbnailUrl\":\"https:\/\/www.public.sn\/wp-content\/uploads\/2022\/10\/Guinea-junta-ECOWAS.webp\",\"datePublished\":\"2022-10-19T14:04:38+00:00\",\"dateModified\":\"2022-10-19T14:05:31+00:00\",\"breadcrumb\":{\"@id\":\"https:\/\/www.public.sn\/index.php\/2022\/10\/19\/visite-dune-delegation-de-la-cedeao-en-guinee-la-duree-de-la-transition-en-ligne-de-mire\/#breadcrumb\"},\"inLanguage\":\"fr-FR\",\"potentialAction\":[{\"@type\":\"ReadAction\",\"target\":[\"https:\/\/www.public.sn\/index.php\/2022\/10\/19\/visite-dune-delegation-de-la-cedeao-en-guinee-la-duree-de-la-transition-en-ligne-de-mire\/\"]}]},{\"@type\":\"ImageObject\",\"inLanguage\":\"fr-FR\",\"@id\":\"https:\/\/www.public.sn\/index.php\/2022\/10\/19\/visite-dune-delegation-de-la-cedeao-en-guinee-la-duree-de-la-transition-en-ligne-de-mire\/#primaryimage\",\"url\":\"https:\/\/www.public.sn\/wp-content\/uploads\/2022\/10\/Guinea-junta-ECOWAS.webp\",\"contentUrl\":\"https:\/\/www.public.sn\/wp-content\/uploads\/2022\/10\/Guinea-junta-ECOWAS.webp\",\"width\":1024,\"height\":576,\"caption\":\"publicsn\"},{\"@type\":\"BreadcrumbList\",\"@id\":\"https:\/\/www.public.sn\/index.php\/2022\/10\/19\/visite-dune-delegation-de-la-cedeao-en-guinee-la-duree-de-la-transition-en-ligne-de-mire\/#breadcrumb\",\"itemListElement\":[{\"@type\":\"ListItem\",\"position\":1,\"name\":\"Accueil\",\"item\":\"https:\/\/www.public.sn\/\"},{\"@type\":\"ListItem\",\"position\":2,\"name\":\"Visite d&rsquo;une d\u00e9l\u00e9gation de la C\u00e9d\u00e9ao en Guin\u00e9e: la dur\u00e9e de la transition en ligne de mire.\"}]},{\"@type\":\"WebSite\",\"@id\":\"https:\/\/www.public.sn\/#website\",\"url\":\"https:\/\/www.public.sn\/\",\"name\":\"LE PUBLIC\",\"description\":\"\",\"publisher\":{\"@id\":\"https:\/\/www.public.sn\/#organization\"},\"potentialAction\":[{\"@type\":\"SearchAction\",\"target\":{\"@type\":\"EntryPoint\",\"urlTemplate\":\"https:\/\/www.public.sn\/?s={search_term_string}\"},\"query-input\":{\"@type\":\"PropertyValueSpecification\",\"valueRequired\":true,\"valueName\":\"search_term_string\"}}],\"inLanguage\":\"fr-FR\"},{\"@type\":\"Organization\",\"@id\":\"https:\/\/www.public.sn\/#organization\",\"name\":\"LE PUBLIC\",\"url\":\"https:\/\/www.public.sn\/\",\"logo\":{\"@type\":\"ImageObject\",\"inLanguage\":\"fr-FR\",\"@id\":\"https:\/\/www.public.sn\/#\/schema\/logo\/image\/\",\"url\":\"https:\/\/www.public.sn\/wp-content\/uploads\/2024\/05\/cropped-LOGO-PUBLIC.SN_.png\",\"contentUrl\":\"https:\/\/www.public.sn\/wp-content\/uploads\/2024\/05\/cropped-LOGO-PUBLIC.SN_.png\",\"width\":682,\"height\":192,\"caption\":\"LE PUBLIC\"},\"image\":{\"@id\":\"https:\/\/www.public.sn\/#\/schema\/logo\/image\/\"}},{\"@type\":\"Person\",\"@id\":\"https:\/\/www.public.sn\/#\/schema\/person\/cb76c8e1b8becc6be61fb5e92d6d0224\",\"name\":\"LA REDACTION\",\"image\":{\"@type\":\"ImageObject\",\"inLanguage\":\"fr-FR\",\"@id\":\"https:\/\/www.public.sn\/#\/schema\/person\/image\/\",\"url\":\"https:\/\/secure.gravatar.com\/avatar\/2dce5ddd34b8fef0180efe03aa2a9bee7d953856048f9a16b298190a3178407c?s=96&d=mm&r=g\",\"contentUrl\":\"https:\/\/secure.gravatar.com\/avatar\/2dce5ddd34b8fef0180efe03aa2a9bee7d953856048f9a16b298190a3178407c?s=96&d=mm&r=g\",\"caption\":\"LA REDACTION\"},\"url\":\"https:\/\/www.public.sn\/index.php\/author\/editeurpsn\/\"}]}<\/script>\n<!-- \/ Yoast SEO plugin. -->","yoast_head_json":{"title":"Visite d'une d\u00e9l\u00e9gation de la C\u00e9d\u00e9ao en Guin\u00e9e: la dur\u00e9e de la transition en ligne de mire. - LE PUBLIC","robots":{"index":"index","follow":"follow","max-snippet":"max-snippet:-1","max-image-preview":"max-image-preview:large","max-video-preview":"max-video-preview:-1"},"canonical":"https:\/\/www.public.sn\/index.php\/2022\/10\/19\/visite-dune-delegation-de-la-cedeao-en-guinee-la-duree-de-la-transition-en-ligne-de-mire\/","og_locale":"fr_FR","og_type":"article","og_title":"Visite d'une d\u00e9l\u00e9gation de la C\u00e9d\u00e9ao en Guin\u00e9e: la dur\u00e9e de la transition en ligne de mire. - LE PUBLIC","og_description":"Le m\u00e9diateur de la C\u00e9d\u00e9ao est arriv\u00e9 ce mardi \u00e0 Conakry. La visite de Thomas Boni Yayi intervient alors qu&rsquo;une mission technique de l&rsquo;organisation r\u00e9gionale est en Guin\u00e9e depuis dimanche soir. La mission de la C\u00e9d\u00e9ao doit rester jusqu\u2019\u00e0 la fin de la semaine pour discuter du chronogramme de la transition avec les autorit\u00e9s. Les membres de la d\u00e9l\u00e9gation ont rencontr\u00e9&nbsp;le ministre des Affaires \u00e9trang\u00e8res et le chef du gouvernement.&nbsp;Lors de ces premiers \u00e9changes, Bernard Goumou a assur\u00e9 que son gouvernement n\u2019\u00e9tait pas \u00ab&nbsp;fig\u00e9 sur la question de la dur\u00e9e&nbsp;\u00bb. Les autorit\u00e9s guin\u00e9ennes ont opt\u00e9 pour trois ans en mai dernier, mais la C\u00e9d\u00e9ao souhaite qu\u2019elles revoient leur copie. Impossible pour l\u2019organisation sous-r\u00e9gionale d\u2019accepter un tel d\u00e9lai. Pour faire passer son message la C\u00e9d\u00e9ao veut d\u00e9sormais y mettre les formes, selon le politologue Kabinet Fofana. \u00ab&nbsp;La C\u00e9d\u00e9ao fait en sorte&nbsp;de ne pas \u00eatre tax\u00e9e d&rsquo;immobilisme ; elle vient donc discuter avec les autorit\u00e9s guin\u00e9ennes des activit\u00e9s essentielles et non essentielles \u00e0 une sortie de crise.&nbsp;\u00bb La visite a lieu tout juste un mois apr\u00e8s que des sanctions cibl\u00e9es contre la junte et ses alli\u00e9s ont \u00e9t\u00e9 d\u00e9cid\u00e9es par la C\u00e9d\u00e9ao. \u00ab&nbsp;Cette approche de la C\u00e9d\u00e9ao a commenc\u00e9&nbsp;apr\u00e8s les&nbsp;sanctions contre le Mali, poursuit&nbsp;Kabinet Fofana, (il s&rsquo;agit)&nbsp;d&rsquo;\u00e9viter les bras de fer, la survenance au moins en octobre de sanctions lourdes et cibl\u00e9es contre les autorit\u00e9s de la transition en Guin\u00e9e.&nbsp;\u00bb En septembre, la C\u00e9d\u00e9ao avait donn\u00e9 un mois aux autorit\u00e9s pour r\u00e9duire la dur\u00e9e du r\u00e9gime d\u2019exception, sous peine de subir de nouvelles mesures de r\u00e9torsion. La date butoir tombe ce samedi.&nbsp;&nbsp; Falil Gadio","og_url":"https:\/\/www.public.sn\/index.php\/2022\/10\/19\/visite-dune-delegation-de-la-cedeao-en-guinee-la-duree-de-la-transition-en-ligne-de-mire\/","og_site_name":"LE PUBLIC","article_published_time":"2022-10-19T14:04:38+00:00","article_modified_time":"2022-10-19T14:05:31+00:00","og_image":[{"width":1024,"height":576,"url":"https:\/\/www.public.sn\/wp-content\/uploads\/2022\/10\/Guinea-junta-ECOWAS.webp","type":"image\/webp"}],"author":"LA REDACTION","twitter_card":"summary_large_image","twitter_misc":{"\u00c9crit par":"LA REDACTION","Dur\u00e9e de lecture estim\u00e9e":"2 minutes"},"schema":{"@context":"https:\/\/schema.org","@graph":[{"@type":"Article","@id":"https:\/\/www.public.sn\/index.php\/2022\/10\/19\/visite-dune-delegation-de-la-cedeao-en-guinee-la-duree-de-la-transition-en-ligne-de-mire\/#article","isPartOf":{"@id":"https:\/\/www.public.sn\/index.php\/2022\/10\/19\/visite-dune-delegation-de-la-cedeao-en-guinee-la-duree-de-la-transition-en-ligne-de-mire\/"},"author":{"name":"LA REDACTION","@id":"https:\/\/www.public.sn\/#\/schema\/person\/cb76c8e1b8becc6be61fb5e92d6d0224"},"headline":"Visite d&rsquo;une d\u00e9l\u00e9gation de la C\u00e9d\u00e9ao en Guin\u00e9e: la dur\u00e9e de la transition en ligne de mire.","datePublished":"2022-10-19T14:04:38+00:00","dateModified":"2022-10-19T14:05:31+00:00","mainEntityOfPage":{"@id":"https:\/\/www.public.sn\/index.php\/2022\/10\/19\/visite-dune-delegation-de-la-cedeao-en-guinee-la-duree-de-la-transition-en-ligne-de-mire\/"},"wordCount":357,"commentCount":0,"publisher":{"@id":"https:\/\/www.public.sn\/#organization"},"image":{"@id":"https:\/\/www.public.sn\/index.php\/2022\/10\/19\/visite-dune-delegation-de-la-cedeao-en-guinee-la-duree-de-la-transition-en-ligne-de-mire\/#primaryimage"},"thumbnailUrl":"https:\/\/www.public.sn\/wp-content\/uploads\/2022\/10\/Guinea-junta-ECOWAS.webp","keywords":["cedeao","d\u00e9l\u00e9gation","Guin\u00e9e"],"articleSection":["ACTUALIT\u00c9S","AFRIQUE &amp; MONDE","POLITIQUE"],"inLanguage":"fr-FR","potentialAction":[{"@type":"CommentAction","name":"Comment","target":["https:\/\/www.public.sn\/index.php\/2022\/10\/19\/visite-dune-delegation-de-la-cedeao-en-guinee-la-duree-de-la-transition-en-ligne-de-mire\/#respond"]}]},{"@type":"WebPage","@id":"https:\/\/www.public.sn\/index.php\/2022\/10\/19\/visite-dune-delegation-de-la-cedeao-en-guinee-la-duree-de-la-transition-en-ligne-de-mire\/","url":"https:\/\/www.public.sn\/index.php\/2022\/10\/19\/visite-dune-delegation-de-la-cedeao-en-guinee-la-duree-de-la-transition-en-ligne-de-mire\/","name":"Visite d'une d\u00e9l\u00e9gation de la C\u00e9d\u00e9ao en Guin\u00e9e: la dur\u00e9e de la transition en ligne de mire. - LE PUBLIC","isPartOf":{"@id":"https:\/\/www.public.sn\/#website"},"primaryImageOfPage":{"@id":"https:\/\/www.public.sn\/index.php\/2022\/10\/19\/visite-dune-delegation-de-la-cedeao-en-guinee-la-duree-de-la-transition-en-ligne-de-mire\/#primaryimage"},"image":{"@id":"https:\/\/www.public.sn\/index.php\/2022\/10\/19\/visite-dune-delegation-de-la-cedeao-en-guinee-la-duree-de-la-transition-en-ligne-de-mire\/#primaryimage"},"thumbnailUrl":"https:\/\/www.public.sn\/wp-content\/uploads\/2022\/10\/Guinea-junta-ECOWAS.webp","datePublished":"2022-10-19T14:04:38+00:00","dateModified":"2022-10-19T14:05:31+00:00","breadcrumb":{"@id":"https:\/\/www.public.sn\/index.php\/2022\/10\/19\/visite-dune-delegation-de-la-cedeao-en-guinee-la-duree-de-la-transition-en-ligne-de-mire\/#breadcrumb"},"inLanguage":"fr-FR","potentialAction":[{"@type":"ReadAction","target":["https:\/\/www.public.sn\/index.php\/2022\/10\/19\/visite-dune-delegation-de-la-cedeao-en-guinee-la-duree-de-la-transition-en-ligne-de-mire\/"]}]},{"@type":"ImageObject","inLanguage":"fr-FR","@id":"https:\/\/www.public.sn\/index.php\/2022\/10\/19\/visite-dune-delegation-de-la-cedeao-en-guinee-la-duree-de-la-transition-en-ligne-de-mire\/#primaryimage","url":"https:\/\/www.public.sn\/wp-content\/uploads\/2022\/10\/Guinea-junta-ECOWAS.webp","contentUrl":"https:\/\/www.public.sn\/wp-content\/uploads\/2022\/10\/Guinea-junta-ECOWAS.webp","width":1024,"height":576,"caption":"publicsn"},{"@type":"BreadcrumbList","@id":"https:\/\/www.public.sn\/index.php\/2022\/10\/19\/visite-dune-delegation-de-la-cedeao-en-guinee-la-duree-de-la-transition-en-ligne-de-mire\/#breadcrumb","itemListElement":[{"@type":"ListItem","position":1,"name":"Accueil","item":"https:\/\/www.public.sn\/"},{"@type":"ListItem","position":2,"name":"Visite d&rsquo;une d\u00e9l\u00e9gation de la C\u00e9d\u00e9ao en Guin\u00e9e: la dur\u00e9e de la transition en ligne de mire."}]},{"@type":"WebSite","@id":"https:\/\/www.public.sn\/#website","url":"https:\/\/www.public.sn\/","name":"LE PUBLIC","description":"","publisher":{"@id":"https:\/\/www.public.sn\/#organization"},"potentialAction":[{"@type":"SearchAction","target":{"@type":"EntryPoint","urlTemplate":"https:\/\/www.public.sn\/?s={search_term_string}"},"query-input":{"@type":"PropertyValueSpecification","valueRequired":true,"valueName":"search_term_string"}}],"inLanguage":"fr-FR"},{"@type":"Organization","@id":"https:\/\/www.public.sn\/#organization","name":"LE PUBLIC","url":"https:\/\/www.public.sn\/","logo":{"@type":"ImageObject","inLanguage":"fr-FR","@id":"https:\/\/www.public.sn\/#\/schema\/logo\/image\/","url":"https:\/\/www.public.sn\/wp-content\/uploads\/2024\/05\/cropped-LOGO-PUBLIC.SN_.png","contentUrl":"https:\/\/www.public.sn\/wp-content\/uploads\/2024\/05\/cropped-LOGO-PUBLIC.SN_.png","width":682,"height":192,"caption":"LE PUBLIC"},"image":{"@id":"https:\/\/www.public.sn\/#\/schema\/logo\/image\/"}},{"@type":"Person","@id":"https:\/\/www.public.sn\/#\/schema\/person\/cb76c8e1b8becc6be61fb5e92d6d0224","name":"LA REDACTION","image":{"@type":"ImageObject","inLanguage":"fr-FR","@id":"https:\/\/www.public.sn\/#\/schema\/person\/image\/","url":"https:\/\/secure.gravatar.com\/avatar\/2dce5ddd34b8fef0180efe03aa2a9bee7d953856048f9a16b298190a3178407c?s=96&d=mm&r=g","contentUrl":"https:\/\/secure.gravatar.com\/avatar\/2dce5ddd34b8fef0180efe03aa2a9bee7d953856048f9a16b298190a3178407c?s=96&d=mm&r=g","caption":"LA REDACTION"},"url":"https:\/\/www.public.sn\/index.php\/author\/editeurpsn\/"}]}},"jetpack_featured_media_url":"https:\/\/www.public.sn\/wp-content\/uploads\/2022\/10\/Guinea-junta-ECOWAS.webp","jetpack_sharing_enabled":true,"_links":{"self":[{"href":"https:\/\/www.public.sn\/index.php\/wp-json\/wp\/v2\/posts\/5203","targetHints":{"allow":["GET"]}}],"collection":[{"href":"https:\/\/www.public.sn\/index.php\/wp-json\/wp\/v2\/posts"}],"about":[{"href":"https:\/\/www.public.sn\/index.php\/wp-json\/wp\/v2\/types\/post"}],"author":[{"embeddable":true,"href":"https:\/\/www.public.sn\/index.php\/wp-json\/wp\/v2\/users\/7"}],"replies":[{"embeddable":true,"href":"https:\/\/www.public.sn\/index.php\/wp-json\/wp\/v2\/comments?post=5203"}],"version-history":[{"count":2,"href":"https:\/\/www.public.sn\/index.php\/wp-json\/wp\/v2\/posts\/5203\/revisions"}],"predecessor-version":[{"id":5211,"href":"https:\/\/www.public.sn\/index.php\/wp-json\/wp\/v2\/posts\/5203\/revisions\/5211"}],"wp:featuredmedia":[{"embeddable":true,"href":"https:\/\/www.public.sn\/index.php\/wp-json\/wp\/v2\/media\/5207"}],"wp:attachment":[{"href":"https:\/\/www.public.sn\/index.php\/wp-json\/wp\/v2\/media?parent=5203"}],"wp:term":[{"taxonomy":"category","embeddable":true,"href":"https:\/\/www.public.sn\/index.php\/wp-json\/wp\/v2\/categories?post=5203"},{"taxonomy":"post_tag","embeddable":true,"href":"https:\/\/www.public.sn\/index.php\/wp-json\/wp\/v2\/tags?post=5203"}],"curies":[{"name":"wp","href":"https:\/\/api.w.org\/{rel}","templated":true}]}}