{"id":5252,"date":"2022-10-19T17:32:13","date_gmt":"2022-10-19T17:32:13","guid":{"rendered":"https:\/\/www.public.sn\/?p=5252"},"modified":"2022-10-19T17:32:15","modified_gmt":"2022-10-19T17:32:15","slug":"guy-marius-sagna-defend-les-malentendants","status":"publish","type":"post","link":"https:\/\/www.public.sn\/index.php\/2022\/10\/19\/guy-marius-sagna-defend-les-malentendants\/","title":{"rendered":"Guy Marius Sagna d\u00e9fend les malentendants."},"content":{"rendered":"\n<p><\/p>\n\n\n\n<p><strong>Le nouveau d\u00e9put\u00e9 a adress\u00e9 une lettre au pr\u00e9sident de l\u2019institution parlementaire. L\u2019objectif est de lui rappeler la n\u00e9cessit\u00e9 de respecter la Loi relative aux personnes malentendantes et sourdes. Pour lui i faut recruter un traducteur afin que ces personnes ne se sentent pas exclues des d\u00e9bats \u00e0 l\u2019Assembl\u00e9e Nationale.<\/strong><\/p><div class=\"publi-paragraphe1\" style=\"margin-top: 10px;margin-bottom: 10px;margin-left: auto;margin-right: auto;text-align: center;\" id=\"publi-3203251100\"><div class=\"publi-adlabel\">Publicit\u00e9<\/div><script async src=\"\/\/pagead2.googlesyndication.com\/pagead\/js\/adsbygoogle.js?client=ca-pub-4089586018074219\" crossorigin=\"anonymous\"><\/script><ins class=\"adsbygoogle\" style=\"display:block;\" data-ad-client=\"ca-pub-4089586018074219\" \ndata-ad-slot=\"2087940154\" \ndata-ad-format=\"auto\"><\/ins>\n<script> \n(adsbygoogle = window.adsbygoogle || []).push({}); \n<\/script>\n<\/div>\n\n\n\n<p><\/p>\n\n\n\n<p>\u00ab Le recrutement par l\u2019Assembl\u00e9e d\u2019un interpr\u00e8te pr\u00e9pos\u00e9 \u00e0 la traduction en langue des signes des d\u00e9bats et travaux en s\u00e9ances pl\u00e9ni\u00e8res est un acquis d\u00e9terminant dans la lutte contre la discrimination dont sont victimes les personnes sourdes et malentendantes. La XIVe l\u00e9gislature gagnerait d\u00e8s lors \u00e0 le sauvegarder \u00bb. C\u2019est \u00e0 travers une lettre adress\u00e9e au pr\u00e9sident de l\u2019Assembl\u00e9e Nationale que Guy Maruis Sagna interpelle sur<\/p>\n\n\n\n<p>\u00a0<\/p>\n\n\n\n<p>L\u2019absence d\u2019un interpr\u00e8te en langue des signes lors des quatre (4) derni\u00e8res s\u00e9ances pl\u00e9ni\u00e8res. Ce, malgr\u00e9 l\u2019adoption de la loi n\u00b02010-15 du 6 juillet 2010 portant loi d\u2019orientation sociale relative \u00e0 la promotion et \u00e0 la protection des droits des personnes handicap\u00e9es, obligeant l\u2019h\u00e9micycle \u00e0 s\u2019attacher les services d\u2019un interpr\u00e8te en langue des signes lors des s\u00e9ances pl\u00e9ni\u00e8res.<\/p>\n\n\n\n<p> Le nouveau d\u00e9put\u00e9 pr\u00e9cise que \u00ab dans le guide du d\u00e9put\u00e9, document officiel de l\u2019institution parlementaire, il est formellement indiqu\u00e9 que l\u2019Assembl\u00e9e loue les services d\u2019un interpr\u00e8te en langue des signes lors des s\u00e9ances pl\u00e9ni\u00e8res. Depuis le d\u00e9but des travaux de la XIVe l\u00e9gislature, les personnes sourdes et malentendantes n\u2019ont pas acc\u00e8s aux travaux en pl\u00e9ni\u00e8re. Cette situation est constitutive d\u2019un d\u00e9ni du droit \u00e0 l\u2019information, un droit fondamental que la Constitution garantie en son article 8 et que l\u2019institution parlementaire \u00e0 l\u2019obligation de respecter \u00bb, a-t-il regrett\u00e9.<\/p>\n\n\n\n<p><\/p>\n\n\n\n<p>Pour le parlementaire, l\u2019Assembl\u00e9e Nationale doit \u00a0\u00ab montrer le bon exemple \u00e0 l\u2019Ex\u00e9cutif qui en 10 ans a pris tr\u00e8s peu de textes d\u2019application de la loi d\u2019orientation sociale relative \u00e0 la promotion et \u00e0 la protection des droits des personnes handicap\u00e9es \u00bb.<\/p>\n\n\n\n<p>Samba SY.<\/p>\n<div class=\"publi-apres-le-contenu\" style=\"margin-top: 10px;margin-bottom: 10px;margin-left: auto;margin-right: auto;text-align: center;\" id=\"publi-3516393718\"><div class=\"publi-adlabel\">Publicit\u00e9<\/div><script async src=\"\/\/pagead2.googlesyndication.com\/pagead\/js\/adsbygoogle.js?client=ca-pub-4089586018074219\" crossorigin=\"anonymous\"><\/script><ins class=\"adsbygoogle\" style=\"display:block;\" data-ad-client=\"ca-pub-4089586018074219\" \ndata-ad-slot=\"2087940154\" \ndata-ad-format=\"auto\"><\/ins>\n<script> \n(adsbygoogle = window.adsbygoogle || []).push({}); \n<\/script>\n<\/div>","protected":false},"excerpt":{"rendered":"<p>Le nouveau d\u00e9put\u00e9 a adress\u00e9 une lettre au pr\u00e9sident de l\u2019institution parlementaire. L\u2019objectif est de lui rappeler la n\u00e9cessit\u00e9 de respecter la Loi relative aux personnes malentendantes et sourdes. Pour lui i faut recruter un traducteur afin que ces personnes ne se sentent pas exclues des d\u00e9bats \u00e0 l\u2019Assembl\u00e9e Nationale. \u00ab Le recrutement par l\u2019Assembl\u00e9e d\u2019un interpr\u00e8te pr\u00e9pos\u00e9 \u00e0 la traduction en langue des signes des d\u00e9bats et travaux en s\u00e9ances pl\u00e9ni\u00e8res est un acquis d\u00e9terminant dans la lutte contre la discrimination dont sont victimes les personnes sourdes et malentendantes. La XIVe l\u00e9gislature gagnerait d\u00e8s lors \u00e0 le sauvegarder \u00bb. C\u2019est \u00e0 travers une lettre adress\u00e9e au pr\u00e9sident de l\u2019Assembl\u00e9e Nationale que Guy Maruis Sagna interpelle sur \u00a0 L\u2019absence d\u2019un interpr\u00e8te en langue des signes lors des quatre (4) derni\u00e8res s\u00e9ances pl\u00e9ni\u00e8res. Ce, malgr\u00e9 l\u2019adoption de la loi n\u00b02010-15 du 6 juillet 2010 portant loi d\u2019orientation sociale relative \u00e0 la promotion et \u00e0 la protection des droits des personnes handicap\u00e9es, obligeant l\u2019h\u00e9micycle \u00e0 s\u2019attacher les services d\u2019un interpr\u00e8te en langue des signes lors des s\u00e9ances pl\u00e9ni\u00e8res. Le nouveau d\u00e9put\u00e9 pr\u00e9cise que \u00ab dans le guide du d\u00e9put\u00e9, document officiel de l\u2019institution parlementaire, il est formellement indiqu\u00e9 que l\u2019Assembl\u00e9e loue les services d\u2019un interpr\u00e8te en langue des signes lors des s\u00e9ances pl\u00e9ni\u00e8res. Depuis le d\u00e9but des travaux de la XIVe l\u00e9gislature, les personnes sourdes et malentendantes n\u2019ont pas acc\u00e8s aux travaux en pl\u00e9ni\u00e8re. Cette situation est constitutive d\u2019un d\u00e9ni du droit \u00e0 l\u2019information, un droit fondamental que la Constitution garantie en son article 8 et que l\u2019institution parlementaire \u00e0 l\u2019obligation de respecter \u00bb, a-t-il regrett\u00e9. Pour le parlementaire, l\u2019Assembl\u00e9e Nationale doit \u00a0\u00ab montrer le bon exemple \u00e0 l\u2019Ex\u00e9cutif qui en 10 ans a pris tr\u00e8s peu de textes d\u2019application de la loi d\u2019orientation sociale relative \u00e0 la promotion et \u00e0 la protection des droits des personnes handicap\u00e9es \u00bb. Samba SY.<\/p>\n","protected":false},"author":7,"featured_media":5253,"comment_status":"open","ping_status":"open","sticky":false,"template":"","format":"standard","meta":{"_jetpack_memberships_contains_paid_content":false,"footnotes":""},"categories":[375,1,4],"tags":[1757,1758,1759],"class_list":["post-5252","post","type-post","status-publish","format-standard","has-post-thumbnail","hentry","category-actualites","category-non-classe","category-societe","tag-guy-marius","tag-malentendants","tag-sourds","entry","has-media","owp-thumbs-layout-horizontal","owp-btn-normal","owp-tabs-layout-horizontal","has-no-thumbnails","has-product-nav"],"yoast_head":"<!-- This site is optimized with the Yoast SEO plugin v25.5 - https:\/\/yoast.com\/wordpress\/plugins\/seo\/ -->\n<title>Guy Marius Sagna d\u00e9fend les malentendants. - LE PUBLIC<\/title>\n<meta name=\"robots\" content=\"index, follow, max-snippet:-1, max-image-preview:large, max-video-preview:-1\" \/>\n<link rel=\"canonical\" href=\"https:\/\/www.public.sn\/index.php\/2022\/10\/19\/guy-marius-sagna-defend-les-malentendants\/\" \/>\n<meta property=\"og:locale\" content=\"fr_FR\" \/>\n<meta property=\"og:type\" content=\"article\" \/>\n<meta property=\"og:title\" content=\"Guy Marius Sagna d\u00e9fend les malentendants. - LE PUBLIC\" \/>\n<meta property=\"og:description\" content=\"Le nouveau d\u00e9put\u00e9 a adress\u00e9 une lettre au pr\u00e9sident de l\u2019institution parlementaire. L\u2019objectif est de lui rappeler la n\u00e9cessit\u00e9 de respecter la Loi relative aux personnes malentendantes et sourdes. Pour lui i faut recruter un traducteur afin que ces personnes ne se sentent pas exclues des d\u00e9bats \u00e0 l\u2019Assembl\u00e9e Nationale. \u00ab Le recrutement par l\u2019Assembl\u00e9e d\u2019un interpr\u00e8te pr\u00e9pos\u00e9 \u00e0 la traduction en langue des signes des d\u00e9bats et travaux en s\u00e9ances pl\u00e9ni\u00e8res est un acquis d\u00e9terminant dans la lutte contre la discrimination dont sont victimes les personnes sourdes et malentendantes. La XIVe l\u00e9gislature gagnerait d\u00e8s lors \u00e0 le sauvegarder \u00bb. C\u2019est \u00e0 travers une lettre adress\u00e9e au pr\u00e9sident de l\u2019Assembl\u00e9e Nationale que Guy Maruis Sagna interpelle sur \u00a0 L\u2019absence d\u2019un interpr\u00e8te en langue des signes lors des quatre (4) derni\u00e8res s\u00e9ances pl\u00e9ni\u00e8res. Ce, malgr\u00e9 l\u2019adoption de la loi n\u00b02010-15 du 6 juillet 2010 portant loi d\u2019orientation sociale relative \u00e0 la promotion et \u00e0 la protection des droits des personnes handicap\u00e9es, obligeant l\u2019h\u00e9micycle \u00e0 s\u2019attacher les services d\u2019un interpr\u00e8te en langue des signes lors des s\u00e9ances pl\u00e9ni\u00e8res. Le nouveau d\u00e9put\u00e9 pr\u00e9cise que \u00ab dans le guide du d\u00e9put\u00e9, document officiel de l\u2019institution parlementaire, il est formellement indiqu\u00e9 que l\u2019Assembl\u00e9e loue les services d\u2019un interpr\u00e8te en langue des signes lors des s\u00e9ances pl\u00e9ni\u00e8res. Depuis le d\u00e9but des travaux de la XIVe l\u00e9gislature, les personnes sourdes et malentendantes n\u2019ont pas acc\u00e8s aux travaux en pl\u00e9ni\u00e8re. Cette situation est constitutive d\u2019un d\u00e9ni du droit \u00e0 l\u2019information, un droit fondamental que la Constitution garantie en son article 8 et que l\u2019institution parlementaire \u00e0 l\u2019obligation de respecter \u00bb, a-t-il regrett\u00e9. Pour le parlementaire, l\u2019Assembl\u00e9e Nationale doit \u00a0\u00ab montrer le bon exemple \u00e0 l\u2019Ex\u00e9cutif qui en 10 ans a pris tr\u00e8s peu de textes d\u2019application de la loi d\u2019orientation sociale relative \u00e0 la promotion et \u00e0 la protection des droits des personnes handicap\u00e9es \u00bb. Samba SY.\" \/>\n<meta property=\"og:url\" content=\"https:\/\/www.public.sn\/index.php\/2022\/10\/19\/guy-marius-sagna-defend-les-malentendants\/\" \/>\n<meta property=\"og:site_name\" content=\"LE PUBLIC\" \/>\n<meta property=\"article:published_time\" content=\"2022-10-19T17:32:13+00:00\" \/>\n<meta property=\"article:modified_time\" content=\"2022-10-19T17:32:15+00:00\" \/>\n<meta property=\"og:image\" content=\"https:\/\/www.public.sn\/wp-content\/uploads\/2022\/10\/guy-marius.jpg\" \/>\n\t<meta property=\"og:image:width\" content=\"256\" \/>\n\t<meta property=\"og:image:height\" content=\"197\" \/>\n\t<meta property=\"og:image:type\" content=\"image\/jpeg\" \/>\n<meta name=\"author\" content=\"LA REDACTION\" \/>\n<meta name=\"twitter:card\" content=\"summary_large_image\" \/>\n<meta name=\"twitter:label1\" content=\"\u00c9crit par\" \/>\n\t<meta name=\"twitter:data1\" content=\"LA REDACTION\" \/>\n\t<meta name=\"twitter:label2\" content=\"Dur\u00e9e de lecture estim\u00e9e\" \/>\n\t<meta name=\"twitter:data2\" content=\"2 minutes\" \/>\n<script type=\"application\/ld+json\" class=\"yoast-schema-graph\">{\"@context\":\"https:\/\/schema.org\",\"@graph\":[{\"@type\":\"Article\",\"@id\":\"https:\/\/www.public.sn\/index.php\/2022\/10\/19\/guy-marius-sagna-defend-les-malentendants\/#article\",\"isPartOf\":{\"@id\":\"https:\/\/www.public.sn\/index.php\/2022\/10\/19\/guy-marius-sagna-defend-les-malentendants\/\"},\"author\":{\"name\":\"LA REDACTION\",\"@id\":\"https:\/\/www.public.sn\/#\/schema\/person\/cb76c8e1b8becc6be61fb5e92d6d0224\"},\"headline\":\"Guy Marius Sagna d\u00e9fend les malentendants.\",\"datePublished\":\"2022-10-19T17:32:13+00:00\",\"dateModified\":\"2022-10-19T17:32:15+00:00\",\"mainEntityOfPage\":{\"@id\":\"https:\/\/www.public.sn\/index.php\/2022\/10\/19\/guy-marius-sagna-defend-les-malentendants\/\"},\"wordCount\":366,\"commentCount\":0,\"publisher\":{\"@id\":\"https:\/\/www.public.sn\/#organization\"},\"image\":{\"@id\":\"https:\/\/www.public.sn\/index.php\/2022\/10\/19\/guy-marius-sagna-defend-les-malentendants\/#primaryimage\"},\"thumbnailUrl\":\"https:\/\/www.public.sn\/wp-content\/uploads\/2022\/10\/guy-marius.jpg\",\"keywords\":[\"guy marius\",\"malentendants\",\"sourds\"],\"articleSection\":[\"ACTUALIT\u00c9S\",\"S\u00c9N\u00c9GAL\",\"SOCIETE\"],\"inLanguage\":\"fr-FR\",\"potentialAction\":[{\"@type\":\"CommentAction\",\"name\":\"Comment\",\"target\":[\"https:\/\/www.public.sn\/index.php\/2022\/10\/19\/guy-marius-sagna-defend-les-malentendants\/#respond\"]}]},{\"@type\":\"WebPage\",\"@id\":\"https:\/\/www.public.sn\/index.php\/2022\/10\/19\/guy-marius-sagna-defend-les-malentendants\/\",\"url\":\"https:\/\/www.public.sn\/index.php\/2022\/10\/19\/guy-marius-sagna-defend-les-malentendants\/\",\"name\":\"Guy Marius Sagna d\u00e9fend les malentendants. - LE PUBLIC\",\"isPartOf\":{\"@id\":\"https:\/\/www.public.sn\/#website\"},\"primaryImageOfPage\":{\"@id\":\"https:\/\/www.public.sn\/index.php\/2022\/10\/19\/guy-marius-sagna-defend-les-malentendants\/#primaryimage\"},\"image\":{\"@id\":\"https:\/\/www.public.sn\/index.php\/2022\/10\/19\/guy-marius-sagna-defend-les-malentendants\/#primaryimage\"},\"thumbnailUrl\":\"https:\/\/www.public.sn\/wp-content\/uploads\/2022\/10\/guy-marius.jpg\",\"datePublished\":\"2022-10-19T17:32:13+00:00\",\"dateModified\":\"2022-10-19T17:32:15+00:00\",\"breadcrumb\":{\"@id\":\"https:\/\/www.public.sn\/index.php\/2022\/10\/19\/guy-marius-sagna-defend-les-malentendants\/#breadcrumb\"},\"inLanguage\":\"fr-FR\",\"potentialAction\":[{\"@type\":\"ReadAction\",\"target\":[\"https:\/\/www.public.sn\/index.php\/2022\/10\/19\/guy-marius-sagna-defend-les-malentendants\/\"]}]},{\"@type\":\"ImageObject\",\"inLanguage\":\"fr-FR\",\"@id\":\"https:\/\/www.public.sn\/index.php\/2022\/10\/19\/guy-marius-sagna-defend-les-malentendants\/#primaryimage\",\"url\":\"https:\/\/www.public.sn\/wp-content\/uploads\/2022\/10\/guy-marius.jpg\",\"contentUrl\":\"https:\/\/www.public.sn\/wp-content\/uploads\/2022\/10\/guy-marius.jpg\",\"width\":256,\"height\":197,\"caption\":\"publicsn\"},{\"@type\":\"BreadcrumbList\",\"@id\":\"https:\/\/www.public.sn\/index.php\/2022\/10\/19\/guy-marius-sagna-defend-les-malentendants\/#breadcrumb\",\"itemListElement\":[{\"@type\":\"ListItem\",\"position\":1,\"name\":\"Accueil\",\"item\":\"https:\/\/www.public.sn\/\"},{\"@type\":\"ListItem\",\"position\":2,\"name\":\"Guy Marius Sagna d\u00e9fend les malentendants.\"}]},{\"@type\":\"WebSite\",\"@id\":\"https:\/\/www.public.sn\/#website\",\"url\":\"https:\/\/www.public.sn\/\",\"name\":\"LE PUBLIC\",\"description\":\"\",\"publisher\":{\"@id\":\"https:\/\/www.public.sn\/#organization\"},\"potentialAction\":[{\"@type\":\"SearchAction\",\"target\":{\"@type\":\"EntryPoint\",\"urlTemplate\":\"https:\/\/www.public.sn\/?s={search_term_string}\"},\"query-input\":{\"@type\":\"PropertyValueSpecification\",\"valueRequired\":true,\"valueName\":\"search_term_string\"}}],\"inLanguage\":\"fr-FR\"},{\"@type\":\"Organization\",\"@id\":\"https:\/\/www.public.sn\/#organization\",\"name\":\"LE PUBLIC\",\"url\":\"https:\/\/www.public.sn\/\",\"logo\":{\"@type\":\"ImageObject\",\"inLanguage\":\"fr-FR\",\"@id\":\"https:\/\/www.public.sn\/#\/schema\/logo\/image\/\",\"url\":\"https:\/\/www.public.sn\/wp-content\/uploads\/2024\/05\/cropped-LOGO-PUBLIC.SN_.png\",\"contentUrl\":\"https:\/\/www.public.sn\/wp-content\/uploads\/2024\/05\/cropped-LOGO-PUBLIC.SN_.png\",\"width\":682,\"height\":192,\"caption\":\"LE PUBLIC\"},\"image\":{\"@id\":\"https:\/\/www.public.sn\/#\/schema\/logo\/image\/\"}},{\"@type\":\"Person\",\"@id\":\"https:\/\/www.public.sn\/#\/schema\/person\/cb76c8e1b8becc6be61fb5e92d6d0224\",\"name\":\"LA REDACTION\",\"image\":{\"@type\":\"ImageObject\",\"inLanguage\":\"fr-FR\",\"@id\":\"https:\/\/www.public.sn\/#\/schema\/person\/image\/\",\"url\":\"https:\/\/secure.gravatar.com\/avatar\/2dce5ddd34b8fef0180efe03aa2a9bee7d953856048f9a16b298190a3178407c?s=96&d=mm&r=g\",\"contentUrl\":\"https:\/\/secure.gravatar.com\/avatar\/2dce5ddd34b8fef0180efe03aa2a9bee7d953856048f9a16b298190a3178407c?s=96&d=mm&r=g\",\"caption\":\"LA REDACTION\"},\"url\":\"https:\/\/www.public.sn\/index.php\/author\/editeurpsn\/\"}]}<\/script>\n<!-- \/ Yoast SEO plugin. -->","yoast_head_json":{"title":"Guy Marius Sagna d\u00e9fend les malentendants. - LE PUBLIC","robots":{"index":"index","follow":"follow","max-snippet":"max-snippet:-1","max-image-preview":"max-image-preview:large","max-video-preview":"max-video-preview:-1"},"canonical":"https:\/\/www.public.sn\/index.php\/2022\/10\/19\/guy-marius-sagna-defend-les-malentendants\/","og_locale":"fr_FR","og_type":"article","og_title":"Guy Marius Sagna d\u00e9fend les malentendants. - LE PUBLIC","og_description":"Le nouveau d\u00e9put\u00e9 a adress\u00e9 une lettre au pr\u00e9sident de l\u2019institution parlementaire. L\u2019objectif est de lui rappeler la n\u00e9cessit\u00e9 de respecter la Loi relative aux personnes malentendantes et sourdes. Pour lui i faut recruter un traducteur afin que ces personnes ne se sentent pas exclues des d\u00e9bats \u00e0 l\u2019Assembl\u00e9e Nationale. \u00ab Le recrutement par l\u2019Assembl\u00e9e d\u2019un interpr\u00e8te pr\u00e9pos\u00e9 \u00e0 la traduction en langue des signes des d\u00e9bats et travaux en s\u00e9ances pl\u00e9ni\u00e8res est un acquis d\u00e9terminant dans la lutte contre la discrimination dont sont victimes les personnes sourdes et malentendantes. La XIVe l\u00e9gislature gagnerait d\u00e8s lors \u00e0 le sauvegarder \u00bb. C\u2019est \u00e0 travers une lettre adress\u00e9e au pr\u00e9sident de l\u2019Assembl\u00e9e Nationale que Guy Maruis Sagna interpelle sur \u00a0 L\u2019absence d\u2019un interpr\u00e8te en langue des signes lors des quatre (4) derni\u00e8res s\u00e9ances pl\u00e9ni\u00e8res. Ce, malgr\u00e9 l\u2019adoption de la loi n\u00b02010-15 du 6 juillet 2010 portant loi d\u2019orientation sociale relative \u00e0 la promotion et \u00e0 la protection des droits des personnes handicap\u00e9es, obligeant l\u2019h\u00e9micycle \u00e0 s\u2019attacher les services d\u2019un interpr\u00e8te en langue des signes lors des s\u00e9ances pl\u00e9ni\u00e8res. Le nouveau d\u00e9put\u00e9 pr\u00e9cise que \u00ab dans le guide du d\u00e9put\u00e9, document officiel de l\u2019institution parlementaire, il est formellement indiqu\u00e9 que l\u2019Assembl\u00e9e loue les services d\u2019un interpr\u00e8te en langue des signes lors des s\u00e9ances pl\u00e9ni\u00e8res. Depuis le d\u00e9but des travaux de la XIVe l\u00e9gislature, les personnes sourdes et malentendantes n\u2019ont pas acc\u00e8s aux travaux en pl\u00e9ni\u00e8re. Cette situation est constitutive d\u2019un d\u00e9ni du droit \u00e0 l\u2019information, un droit fondamental que la Constitution garantie en son article 8 et que l\u2019institution parlementaire \u00e0 l\u2019obligation de respecter \u00bb, a-t-il regrett\u00e9. Pour le parlementaire, l\u2019Assembl\u00e9e Nationale doit \u00a0\u00ab montrer le bon exemple \u00e0 l\u2019Ex\u00e9cutif qui en 10 ans a pris tr\u00e8s peu de textes d\u2019application de la loi d\u2019orientation sociale relative \u00e0 la promotion et \u00e0 la protection des droits des personnes handicap\u00e9es \u00bb. Samba SY.","og_url":"https:\/\/www.public.sn\/index.php\/2022\/10\/19\/guy-marius-sagna-defend-les-malentendants\/","og_site_name":"LE PUBLIC","article_published_time":"2022-10-19T17:32:13+00:00","article_modified_time":"2022-10-19T17:32:15+00:00","og_image":[{"width":256,"height":197,"url":"https:\/\/www.public.sn\/wp-content\/uploads\/2022\/10\/guy-marius.jpg","type":"image\/jpeg"}],"author":"LA REDACTION","twitter_card":"summary_large_image","twitter_misc":{"\u00c9crit par":"LA REDACTION","Dur\u00e9e de lecture estim\u00e9e":"2 minutes"},"schema":{"@context":"https:\/\/schema.org","@graph":[{"@type":"Article","@id":"https:\/\/www.public.sn\/index.php\/2022\/10\/19\/guy-marius-sagna-defend-les-malentendants\/#article","isPartOf":{"@id":"https:\/\/www.public.sn\/index.php\/2022\/10\/19\/guy-marius-sagna-defend-les-malentendants\/"},"author":{"name":"LA REDACTION","@id":"https:\/\/www.public.sn\/#\/schema\/person\/cb76c8e1b8becc6be61fb5e92d6d0224"},"headline":"Guy Marius Sagna d\u00e9fend les malentendants.","datePublished":"2022-10-19T17:32:13+00:00","dateModified":"2022-10-19T17:32:15+00:00","mainEntityOfPage":{"@id":"https:\/\/www.public.sn\/index.php\/2022\/10\/19\/guy-marius-sagna-defend-les-malentendants\/"},"wordCount":366,"commentCount":0,"publisher":{"@id":"https:\/\/www.public.sn\/#organization"},"image":{"@id":"https:\/\/www.public.sn\/index.php\/2022\/10\/19\/guy-marius-sagna-defend-les-malentendants\/#primaryimage"},"thumbnailUrl":"https:\/\/www.public.sn\/wp-content\/uploads\/2022\/10\/guy-marius.jpg","keywords":["guy marius","malentendants","sourds"],"articleSection":["ACTUALIT\u00c9S","S\u00c9N\u00c9GAL","SOCIETE"],"inLanguage":"fr-FR","potentialAction":[{"@type":"CommentAction","name":"Comment","target":["https:\/\/www.public.sn\/index.php\/2022\/10\/19\/guy-marius-sagna-defend-les-malentendants\/#respond"]}]},{"@type":"WebPage","@id":"https:\/\/www.public.sn\/index.php\/2022\/10\/19\/guy-marius-sagna-defend-les-malentendants\/","url":"https:\/\/www.public.sn\/index.php\/2022\/10\/19\/guy-marius-sagna-defend-les-malentendants\/","name":"Guy Marius Sagna d\u00e9fend les malentendants. - LE PUBLIC","isPartOf":{"@id":"https:\/\/www.public.sn\/#website"},"primaryImageOfPage":{"@id":"https:\/\/www.public.sn\/index.php\/2022\/10\/19\/guy-marius-sagna-defend-les-malentendants\/#primaryimage"},"image":{"@id":"https:\/\/www.public.sn\/index.php\/2022\/10\/19\/guy-marius-sagna-defend-les-malentendants\/#primaryimage"},"thumbnailUrl":"https:\/\/www.public.sn\/wp-content\/uploads\/2022\/10\/guy-marius.jpg","datePublished":"2022-10-19T17:32:13+00:00","dateModified":"2022-10-19T17:32:15+00:00","breadcrumb":{"@id":"https:\/\/www.public.sn\/index.php\/2022\/10\/19\/guy-marius-sagna-defend-les-malentendants\/#breadcrumb"},"inLanguage":"fr-FR","potentialAction":[{"@type":"ReadAction","target":["https:\/\/www.public.sn\/index.php\/2022\/10\/19\/guy-marius-sagna-defend-les-malentendants\/"]}]},{"@type":"ImageObject","inLanguage":"fr-FR","@id":"https:\/\/www.public.sn\/index.php\/2022\/10\/19\/guy-marius-sagna-defend-les-malentendants\/#primaryimage","url":"https:\/\/www.public.sn\/wp-content\/uploads\/2022\/10\/guy-marius.jpg","contentUrl":"https:\/\/www.public.sn\/wp-content\/uploads\/2022\/10\/guy-marius.jpg","width":256,"height":197,"caption":"publicsn"},{"@type":"BreadcrumbList","@id":"https:\/\/www.public.sn\/index.php\/2022\/10\/19\/guy-marius-sagna-defend-les-malentendants\/#breadcrumb","itemListElement":[{"@type":"ListItem","position":1,"name":"Accueil","item":"https:\/\/www.public.sn\/"},{"@type":"ListItem","position":2,"name":"Guy Marius Sagna d\u00e9fend les malentendants."}]},{"@type":"WebSite","@id":"https:\/\/www.public.sn\/#website","url":"https:\/\/www.public.sn\/","name":"LE PUBLIC","description":"","publisher":{"@id":"https:\/\/www.public.sn\/#organization"},"potentialAction":[{"@type":"SearchAction","target":{"@type":"EntryPoint","urlTemplate":"https:\/\/www.public.sn\/?s={search_term_string}"},"query-input":{"@type":"PropertyValueSpecification","valueRequired":true,"valueName":"search_term_string"}}],"inLanguage":"fr-FR"},{"@type":"Organization","@id":"https:\/\/www.public.sn\/#organization","name":"LE PUBLIC","url":"https:\/\/www.public.sn\/","logo":{"@type":"ImageObject","inLanguage":"fr-FR","@id":"https:\/\/www.public.sn\/#\/schema\/logo\/image\/","url":"https:\/\/www.public.sn\/wp-content\/uploads\/2024\/05\/cropped-LOGO-PUBLIC.SN_.png","contentUrl":"https:\/\/www.public.sn\/wp-content\/uploads\/2024\/05\/cropped-LOGO-PUBLIC.SN_.png","width":682,"height":192,"caption":"LE PUBLIC"},"image":{"@id":"https:\/\/www.public.sn\/#\/schema\/logo\/image\/"}},{"@type":"Person","@id":"https:\/\/www.public.sn\/#\/schema\/person\/cb76c8e1b8becc6be61fb5e92d6d0224","name":"LA REDACTION","image":{"@type":"ImageObject","inLanguage":"fr-FR","@id":"https:\/\/www.public.sn\/#\/schema\/person\/image\/","url":"https:\/\/secure.gravatar.com\/avatar\/2dce5ddd34b8fef0180efe03aa2a9bee7d953856048f9a16b298190a3178407c?s=96&d=mm&r=g","contentUrl":"https:\/\/secure.gravatar.com\/avatar\/2dce5ddd34b8fef0180efe03aa2a9bee7d953856048f9a16b298190a3178407c?s=96&d=mm&r=g","caption":"LA REDACTION"},"url":"https:\/\/www.public.sn\/index.php\/author\/editeurpsn\/"}]}},"jetpack_featured_media_url":"https:\/\/www.public.sn\/wp-content\/uploads\/2022\/10\/guy-marius.jpg","jetpack_sharing_enabled":true,"_links":{"self":[{"href":"https:\/\/www.public.sn\/index.php\/wp-json\/wp\/v2\/posts\/5252","targetHints":{"allow":["GET"]}}],"collection":[{"href":"https:\/\/www.public.sn\/index.php\/wp-json\/wp\/v2\/posts"}],"about":[{"href":"https:\/\/www.public.sn\/index.php\/wp-json\/wp\/v2\/types\/post"}],"author":[{"embeddable":true,"href":"https:\/\/www.public.sn\/index.php\/wp-json\/wp\/v2\/users\/7"}],"replies":[{"embeddable":true,"href":"https:\/\/www.public.sn\/index.php\/wp-json\/wp\/v2\/comments?post=5252"}],"version-history":[{"count":1,"href":"https:\/\/www.public.sn\/index.php\/wp-json\/wp\/v2\/posts\/5252\/revisions"}],"predecessor-version":[{"id":5254,"href":"https:\/\/www.public.sn\/index.php\/wp-json\/wp\/v2\/posts\/5252\/revisions\/5254"}],"wp:featuredmedia":[{"embeddable":true,"href":"https:\/\/www.public.sn\/index.php\/wp-json\/wp\/v2\/media\/5253"}],"wp:attachment":[{"href":"https:\/\/www.public.sn\/index.php\/wp-json\/wp\/v2\/media?parent=5252"}],"wp:term":[{"taxonomy":"category","embeddable":true,"href":"https:\/\/www.public.sn\/index.php\/wp-json\/wp\/v2\/categories?post=5252"},{"taxonomy":"post_tag","embeddable":true,"href":"https:\/\/www.public.sn\/index.php\/wp-json\/wp\/v2\/tags?post=5252"}],"curies":[{"name":"wp","href":"https:\/\/api.w.org\/{rel}","templated":true}]}}