{"id":5286,"date":"2022-10-20T09:03:13","date_gmt":"2022-10-20T09:03:13","guid":{"rendered":"https:\/\/www.public.sn\/?p=5286"},"modified":"2022-10-20T09:03:15","modified_gmt":"2022-10-20T09:03:15","slug":"macky-assiste-les-hemodialyses","status":"publish","type":"post","link":"https:\/\/www.public.sn\/index.php\/2022\/10\/20\/macky-assiste-les-hemodialyses\/","title":{"rendered":"Macky \u00ab\u00a0assiste\u00a0\u00bb les h\u00e9modialys\u00e9s."},"content":{"rendered":"\n<p><\/p>\n\n\n\n<p>A l\u2019occasion du conseil des ministres tenu ce Mercredi le pr\u00e9sident de la R\u00e9publique \u00e0 donn\u00e9 des instructions au ministre de la sant\u00e9 afin que la situation des h\u00e9modialys\u00e9s soit prise en charge.\u00a0<\/p><div class=\"publi-paragraphe1\" style=\"margin-top: 10px;margin-bottom: 10px;margin-left: auto;margin-right: auto;text-align: center;\" id=\"publi-451605954\"><div class=\"publi-adlabel\">Publicit\u00e9<\/div><script async src=\"\/\/pagead2.googlesyndication.com\/pagead\/js\/adsbygoogle.js?client=ca-pub-4089586018074219\" crossorigin=\"anonymous\"><\/script><ins class=\"adsbygoogle\" style=\"display:block;\" data-ad-client=\"ca-pub-4089586018074219\" \ndata-ad-slot=\"2087940154\" \ndata-ad-format=\"auto\"><\/ins>\n<script> \n(adsbygoogle = window.adsbygoogle || []).push({}); \n<\/script>\n<\/div>\n\n\n\n<p> En effet le pr\u00e9sident de la R\u00e9publique a insist\u00e9 sur la gestion des patients insuffisants r\u00e9naux dans les h\u00f4pitaux et centres de dialyse et la qualit\u00e9 des infrastructures sanitaires. Il a \u00e9t\u00e9 demand\u00e9\u00a0 au ministre de la sant\u00e9 de prendre toutes les dispositions requises pour une am\u00e9lioration de la prise en charge. Le pr\u00e9sident de la R\u00e9publique a notamment l\u2019urgence d\u2019acc\u00e9l\u00e9rer la r\u00e9habilitation du service de Neurologie de l\u2019h\u00f4pital de Fann.<\/p>\n\n\n\n<p>Samba SY.<\/p>\n<div class=\"publi-apres-le-contenu\" style=\"margin-top: 10px;margin-bottom: 10px;margin-left: auto;margin-right: auto;text-align: center;\" id=\"publi-3145995984\"><div class=\"publi-adlabel\">Publicit\u00e9<\/div><script async src=\"\/\/pagead2.googlesyndication.com\/pagead\/js\/adsbygoogle.js?client=ca-pub-4089586018074219\" crossorigin=\"anonymous\"><\/script><ins class=\"adsbygoogle\" style=\"display:block;\" data-ad-client=\"ca-pub-4089586018074219\" \ndata-ad-slot=\"2087940154\" \ndata-ad-format=\"auto\"><\/ins>\n<script> \n(adsbygoogle = window.adsbygoogle || []).push({}); \n<\/script>\n<\/div>","protected":false},"excerpt":{"rendered":"<p>A l\u2019occasion du conseil des ministres tenu ce Mercredi le pr\u00e9sident de la R\u00e9publique \u00e0 donn\u00e9 des instructions au ministre de la sant\u00e9 afin que la situation des h\u00e9modialys\u00e9s soit prise en charge.\u00a0 En effet le pr\u00e9sident de la R\u00e9publique a insist\u00e9 sur la gestion des patients insuffisants r\u00e9naux dans les h\u00f4pitaux et centres de dialyse et la qualit\u00e9 des infrastructures sanitaires. Il a \u00e9t\u00e9 demand\u00e9\u00a0 au ministre de la sant\u00e9 de prendre toutes les dispositions requises pour une am\u00e9lioration de la prise en charge. Le pr\u00e9sident de la R\u00e9publique a notamment l\u2019urgence d\u2019acc\u00e9l\u00e9rer la r\u00e9habilitation du service de Neurologie de l\u2019h\u00f4pital de Fann. Samba SY.<\/p>\n","protected":false},"author":7,"featured_media":5290,"comment_status":"open","ping_status":"open","sticky":false,"template":"","format":"standard","meta":{"_jetpack_memberships_contains_paid_content":false,"footnotes":""},"categories":[375,1574,1],"tags":[1775,1774,11],"class_list":["post-5286","post","type-post","status-publish","format-standard","has-post-thumbnail","hentry","category-actualites","category-sante","category-non-classe","tag-assistance","tag-hemodyalises","tag-macky-sall","entry","has-media","owp-thumbs-layout-horizontal","owp-btn-normal","owp-tabs-layout-horizontal","has-no-thumbnails","has-product-nav"],"yoast_head":"<!-- This site is optimized with the Yoast SEO plugin v25.5 - https:\/\/yoast.com\/wordpress\/plugins\/seo\/ -->\n<title>Macky \u00ab\u00a0assiste\u00a0\u00bb les h\u00e9modialys\u00e9s. - LE PUBLIC<\/title>\n<meta name=\"robots\" content=\"index, follow, max-snippet:-1, max-image-preview:large, max-video-preview:-1\" \/>\n<link rel=\"canonical\" href=\"https:\/\/www.public.sn\/index.php\/2022\/10\/20\/macky-assiste-les-hemodialyses\/\" \/>\n<meta property=\"og:locale\" content=\"fr_FR\" \/>\n<meta property=\"og:type\" content=\"article\" \/>\n<meta property=\"og:title\" content=\"Macky \u00ab\u00a0assiste\u00a0\u00bb les h\u00e9modialys\u00e9s. - LE PUBLIC\" \/>\n<meta property=\"og:description\" content=\"A l\u2019occasion du conseil des ministres tenu ce Mercredi le pr\u00e9sident de la R\u00e9publique \u00e0 donn\u00e9 des instructions au ministre de la sant\u00e9 afin que la situation des h\u00e9modialys\u00e9s soit prise en charge.\u00a0 En effet le pr\u00e9sident de la R\u00e9publique a insist\u00e9 sur la gestion des patients insuffisants r\u00e9naux dans les h\u00f4pitaux et centres de dialyse et la qualit\u00e9 des infrastructures sanitaires. Il a \u00e9t\u00e9 demand\u00e9\u00a0 au ministre de la sant\u00e9 de prendre toutes les dispositions requises pour une am\u00e9lioration de la prise en charge. Le pr\u00e9sident de la R\u00e9publique a notamment l\u2019urgence d\u2019acc\u00e9l\u00e9rer la r\u00e9habilitation du service de Neurologie de l\u2019h\u00f4pital de Fann. Samba SY.\" \/>\n<meta property=\"og:url\" content=\"https:\/\/www.public.sn\/index.php\/2022\/10\/20\/macky-assiste-les-hemodialyses\/\" \/>\n<meta property=\"og:site_name\" content=\"LE PUBLIC\" \/>\n<meta property=\"article:published_time\" content=\"2022-10-20T09:03:13+00:00\" \/>\n<meta property=\"article:modified_time\" content=\"2022-10-20T09:03:15+00:00\" \/>\n<meta property=\"og:image\" content=\"https:\/\/www.public.sn\/wp-content\/uploads\/2022\/10\/sante_dialyse.jpg\" \/>\n\t<meta property=\"og:image:width\" content=\"700\" \/>\n\t<meta property=\"og:image:height\" content=\"525\" \/>\n\t<meta property=\"og:image:type\" content=\"image\/jpeg\" \/>\n<meta name=\"author\" content=\"LA REDACTION\" \/>\n<meta name=\"twitter:card\" content=\"summary_large_image\" \/>\n<meta name=\"twitter:label1\" content=\"\u00c9crit par\" \/>\n\t<meta name=\"twitter:data1\" content=\"LA REDACTION\" \/>\n\t<meta name=\"twitter:label2\" content=\"Dur\u00e9e de lecture estim\u00e9e\" \/>\n\t<meta name=\"twitter:data2\" content=\"1 minute\" \/>\n<script type=\"application\/ld+json\" class=\"yoast-schema-graph\">{\"@context\":\"https:\/\/schema.org\",\"@graph\":[{\"@type\":\"Article\",\"@id\":\"https:\/\/www.public.sn\/index.php\/2022\/10\/20\/macky-assiste-les-hemodialyses\/#article\",\"isPartOf\":{\"@id\":\"https:\/\/www.public.sn\/index.php\/2022\/10\/20\/macky-assiste-les-hemodialyses\/\"},\"author\":{\"name\":\"LA REDACTION\",\"@id\":\"https:\/\/www.public.sn\/#\/schema\/person\/cb76c8e1b8becc6be61fb5e92d6d0224\"},\"headline\":\"Macky \u00ab\u00a0assiste\u00a0\u00bb les h\u00e9modialys\u00e9s.\",\"datePublished\":\"2022-10-20T09:03:13+00:00\",\"dateModified\":\"2022-10-20T09:03:15+00:00\",\"mainEntityOfPage\":{\"@id\":\"https:\/\/www.public.sn\/index.php\/2022\/10\/20\/macky-assiste-les-hemodialyses\/\"},\"wordCount\":130,\"commentCount\":0,\"publisher\":{\"@id\":\"https:\/\/www.public.sn\/#organization\"},\"image\":{\"@id\":\"https:\/\/www.public.sn\/index.php\/2022\/10\/20\/macky-assiste-les-hemodialyses\/#primaryimage\"},\"thumbnailUrl\":\"https:\/\/www.public.sn\/wp-content\/uploads\/2022\/10\/sante_dialyse.jpg\",\"keywords\":[\"assistance\",\"hemodyalis\u00e9s\",\"Macky Sall\"],\"articleSection\":[\"ACTUALIT\u00c9S\",\"SANT\u00c9\",\"S\u00c9N\u00c9GAL\"],\"inLanguage\":\"fr-FR\",\"potentialAction\":[{\"@type\":\"CommentAction\",\"name\":\"Comment\",\"target\":[\"https:\/\/www.public.sn\/index.php\/2022\/10\/20\/macky-assiste-les-hemodialyses\/#respond\"]}]},{\"@type\":\"WebPage\",\"@id\":\"https:\/\/www.public.sn\/index.php\/2022\/10\/20\/macky-assiste-les-hemodialyses\/\",\"url\":\"https:\/\/www.public.sn\/index.php\/2022\/10\/20\/macky-assiste-les-hemodialyses\/\",\"name\":\"Macky \u00ab\u00a0assiste\u00a0\u00bb les h\u00e9modialys\u00e9s. - LE PUBLIC\",\"isPartOf\":{\"@id\":\"https:\/\/www.public.sn\/#website\"},\"primaryImageOfPage\":{\"@id\":\"https:\/\/www.public.sn\/index.php\/2022\/10\/20\/macky-assiste-les-hemodialyses\/#primaryimage\"},\"image\":{\"@id\":\"https:\/\/www.public.sn\/index.php\/2022\/10\/20\/macky-assiste-les-hemodialyses\/#primaryimage\"},\"thumbnailUrl\":\"https:\/\/www.public.sn\/wp-content\/uploads\/2022\/10\/sante_dialyse.jpg\",\"datePublished\":\"2022-10-20T09:03:13+00:00\",\"dateModified\":\"2022-10-20T09:03:15+00:00\",\"breadcrumb\":{\"@id\":\"https:\/\/www.public.sn\/index.php\/2022\/10\/20\/macky-assiste-les-hemodialyses\/#breadcrumb\"},\"inLanguage\":\"fr-FR\",\"potentialAction\":[{\"@type\":\"ReadAction\",\"target\":[\"https:\/\/www.public.sn\/index.php\/2022\/10\/20\/macky-assiste-les-hemodialyses\/\"]}]},{\"@type\":\"ImageObject\",\"inLanguage\":\"fr-FR\",\"@id\":\"https:\/\/www.public.sn\/index.php\/2022\/10\/20\/macky-assiste-les-hemodialyses\/#primaryimage\",\"url\":\"https:\/\/www.public.sn\/wp-content\/uploads\/2022\/10\/sante_dialyse.jpg\",\"contentUrl\":\"https:\/\/www.public.sn\/wp-content\/uploads\/2022\/10\/sante_dialyse.jpg\",\"width\":700,\"height\":525,\"caption\":\"publicsn\"},{\"@type\":\"BreadcrumbList\",\"@id\":\"https:\/\/www.public.sn\/index.php\/2022\/10\/20\/macky-assiste-les-hemodialyses\/#breadcrumb\",\"itemListElement\":[{\"@type\":\"ListItem\",\"position\":1,\"name\":\"Accueil\",\"item\":\"https:\/\/www.public.sn\/\"},{\"@type\":\"ListItem\",\"position\":2,\"name\":\"Macky \u00ab\u00a0assiste\u00a0\u00bb les h\u00e9modialys\u00e9s.\"}]},{\"@type\":\"WebSite\",\"@id\":\"https:\/\/www.public.sn\/#website\",\"url\":\"https:\/\/www.public.sn\/\",\"name\":\"LE PUBLIC\",\"description\":\"\",\"publisher\":{\"@id\":\"https:\/\/www.public.sn\/#organization\"},\"potentialAction\":[{\"@type\":\"SearchAction\",\"target\":{\"@type\":\"EntryPoint\",\"urlTemplate\":\"https:\/\/www.public.sn\/?s={search_term_string}\"},\"query-input\":{\"@type\":\"PropertyValueSpecification\",\"valueRequired\":true,\"valueName\":\"search_term_string\"}}],\"inLanguage\":\"fr-FR\"},{\"@type\":\"Organization\",\"@id\":\"https:\/\/www.public.sn\/#organization\",\"name\":\"LE PUBLIC\",\"url\":\"https:\/\/www.public.sn\/\",\"logo\":{\"@type\":\"ImageObject\",\"inLanguage\":\"fr-FR\",\"@id\":\"https:\/\/www.public.sn\/#\/schema\/logo\/image\/\",\"url\":\"https:\/\/www.public.sn\/wp-content\/uploads\/2024\/05\/cropped-LOGO-PUBLIC.SN_.png\",\"contentUrl\":\"https:\/\/www.public.sn\/wp-content\/uploads\/2024\/05\/cropped-LOGO-PUBLIC.SN_.png\",\"width\":682,\"height\":192,\"caption\":\"LE PUBLIC\"},\"image\":{\"@id\":\"https:\/\/www.public.sn\/#\/schema\/logo\/image\/\"}},{\"@type\":\"Person\",\"@id\":\"https:\/\/www.public.sn\/#\/schema\/person\/cb76c8e1b8becc6be61fb5e92d6d0224\",\"name\":\"LA REDACTION\",\"image\":{\"@type\":\"ImageObject\",\"inLanguage\":\"fr-FR\",\"@id\":\"https:\/\/www.public.sn\/#\/schema\/person\/image\/\",\"url\":\"https:\/\/secure.gravatar.com\/avatar\/2dce5ddd34b8fef0180efe03aa2a9bee7d953856048f9a16b298190a3178407c?s=96&d=mm&r=g\",\"contentUrl\":\"https:\/\/secure.gravatar.com\/avatar\/2dce5ddd34b8fef0180efe03aa2a9bee7d953856048f9a16b298190a3178407c?s=96&d=mm&r=g\",\"caption\":\"LA REDACTION\"},\"url\":\"https:\/\/www.public.sn\/index.php\/author\/editeurpsn\/\"}]}<\/script>\n<!-- \/ Yoast SEO plugin. -->","yoast_head_json":{"title":"Macky \u00ab\u00a0assiste\u00a0\u00bb les h\u00e9modialys\u00e9s. - LE PUBLIC","robots":{"index":"index","follow":"follow","max-snippet":"max-snippet:-1","max-image-preview":"max-image-preview:large","max-video-preview":"max-video-preview:-1"},"canonical":"https:\/\/www.public.sn\/index.php\/2022\/10\/20\/macky-assiste-les-hemodialyses\/","og_locale":"fr_FR","og_type":"article","og_title":"Macky \u00ab\u00a0assiste\u00a0\u00bb les h\u00e9modialys\u00e9s. - LE PUBLIC","og_description":"A l\u2019occasion du conseil des ministres tenu ce Mercredi le pr\u00e9sident de la R\u00e9publique \u00e0 donn\u00e9 des instructions au ministre de la sant\u00e9 afin que la situation des h\u00e9modialys\u00e9s soit prise en charge.\u00a0 En effet le pr\u00e9sident de la R\u00e9publique a insist\u00e9 sur la gestion des patients insuffisants r\u00e9naux dans les h\u00f4pitaux et centres de dialyse et la qualit\u00e9 des infrastructures sanitaires. Il a \u00e9t\u00e9 demand\u00e9\u00a0 au ministre de la sant\u00e9 de prendre toutes les dispositions requises pour une am\u00e9lioration de la prise en charge. Le pr\u00e9sident de la R\u00e9publique a notamment l\u2019urgence d\u2019acc\u00e9l\u00e9rer la r\u00e9habilitation du service de Neurologie de l\u2019h\u00f4pital de Fann. Samba SY.","og_url":"https:\/\/www.public.sn\/index.php\/2022\/10\/20\/macky-assiste-les-hemodialyses\/","og_site_name":"LE PUBLIC","article_published_time":"2022-10-20T09:03:13+00:00","article_modified_time":"2022-10-20T09:03:15+00:00","og_image":[{"width":700,"height":525,"url":"https:\/\/www.public.sn\/wp-content\/uploads\/2022\/10\/sante_dialyse.jpg","type":"image\/jpeg"}],"author":"LA REDACTION","twitter_card":"summary_large_image","twitter_misc":{"\u00c9crit par":"LA REDACTION","Dur\u00e9e de lecture estim\u00e9e":"1 minute"},"schema":{"@context":"https:\/\/schema.org","@graph":[{"@type":"Article","@id":"https:\/\/www.public.sn\/index.php\/2022\/10\/20\/macky-assiste-les-hemodialyses\/#article","isPartOf":{"@id":"https:\/\/www.public.sn\/index.php\/2022\/10\/20\/macky-assiste-les-hemodialyses\/"},"author":{"name":"LA REDACTION","@id":"https:\/\/www.public.sn\/#\/schema\/person\/cb76c8e1b8becc6be61fb5e92d6d0224"},"headline":"Macky \u00ab\u00a0assiste\u00a0\u00bb les h\u00e9modialys\u00e9s.","datePublished":"2022-10-20T09:03:13+00:00","dateModified":"2022-10-20T09:03:15+00:00","mainEntityOfPage":{"@id":"https:\/\/www.public.sn\/index.php\/2022\/10\/20\/macky-assiste-les-hemodialyses\/"},"wordCount":130,"commentCount":0,"publisher":{"@id":"https:\/\/www.public.sn\/#organization"},"image":{"@id":"https:\/\/www.public.sn\/index.php\/2022\/10\/20\/macky-assiste-les-hemodialyses\/#primaryimage"},"thumbnailUrl":"https:\/\/www.public.sn\/wp-content\/uploads\/2022\/10\/sante_dialyse.jpg","keywords":["assistance","hemodyalis\u00e9s","Macky Sall"],"articleSection":["ACTUALIT\u00c9S","SANT\u00c9","S\u00c9N\u00c9GAL"],"inLanguage":"fr-FR","potentialAction":[{"@type":"CommentAction","name":"Comment","target":["https:\/\/www.public.sn\/index.php\/2022\/10\/20\/macky-assiste-les-hemodialyses\/#respond"]}]},{"@type":"WebPage","@id":"https:\/\/www.public.sn\/index.php\/2022\/10\/20\/macky-assiste-les-hemodialyses\/","url":"https:\/\/www.public.sn\/index.php\/2022\/10\/20\/macky-assiste-les-hemodialyses\/","name":"Macky \u00ab\u00a0assiste\u00a0\u00bb les h\u00e9modialys\u00e9s. - LE PUBLIC","isPartOf":{"@id":"https:\/\/www.public.sn\/#website"},"primaryImageOfPage":{"@id":"https:\/\/www.public.sn\/index.php\/2022\/10\/20\/macky-assiste-les-hemodialyses\/#primaryimage"},"image":{"@id":"https:\/\/www.public.sn\/index.php\/2022\/10\/20\/macky-assiste-les-hemodialyses\/#primaryimage"},"thumbnailUrl":"https:\/\/www.public.sn\/wp-content\/uploads\/2022\/10\/sante_dialyse.jpg","datePublished":"2022-10-20T09:03:13+00:00","dateModified":"2022-10-20T09:03:15+00:00","breadcrumb":{"@id":"https:\/\/www.public.sn\/index.php\/2022\/10\/20\/macky-assiste-les-hemodialyses\/#breadcrumb"},"inLanguage":"fr-FR","potentialAction":[{"@type":"ReadAction","target":["https:\/\/www.public.sn\/index.php\/2022\/10\/20\/macky-assiste-les-hemodialyses\/"]}]},{"@type":"ImageObject","inLanguage":"fr-FR","@id":"https:\/\/www.public.sn\/index.php\/2022\/10\/20\/macky-assiste-les-hemodialyses\/#primaryimage","url":"https:\/\/www.public.sn\/wp-content\/uploads\/2022\/10\/sante_dialyse.jpg","contentUrl":"https:\/\/www.public.sn\/wp-content\/uploads\/2022\/10\/sante_dialyse.jpg","width":700,"height":525,"caption":"publicsn"},{"@type":"BreadcrumbList","@id":"https:\/\/www.public.sn\/index.php\/2022\/10\/20\/macky-assiste-les-hemodialyses\/#breadcrumb","itemListElement":[{"@type":"ListItem","position":1,"name":"Accueil","item":"https:\/\/www.public.sn\/"},{"@type":"ListItem","position":2,"name":"Macky \u00ab\u00a0assiste\u00a0\u00bb les h\u00e9modialys\u00e9s."}]},{"@type":"WebSite","@id":"https:\/\/www.public.sn\/#website","url":"https:\/\/www.public.sn\/","name":"LE PUBLIC","description":"","publisher":{"@id":"https:\/\/www.public.sn\/#organization"},"potentialAction":[{"@type":"SearchAction","target":{"@type":"EntryPoint","urlTemplate":"https:\/\/www.public.sn\/?s={search_term_string}"},"query-input":{"@type":"PropertyValueSpecification","valueRequired":true,"valueName":"search_term_string"}}],"inLanguage":"fr-FR"},{"@type":"Organization","@id":"https:\/\/www.public.sn\/#organization","name":"LE PUBLIC","url":"https:\/\/www.public.sn\/","logo":{"@type":"ImageObject","inLanguage":"fr-FR","@id":"https:\/\/www.public.sn\/#\/schema\/logo\/image\/","url":"https:\/\/www.public.sn\/wp-content\/uploads\/2024\/05\/cropped-LOGO-PUBLIC.SN_.png","contentUrl":"https:\/\/www.public.sn\/wp-content\/uploads\/2024\/05\/cropped-LOGO-PUBLIC.SN_.png","width":682,"height":192,"caption":"LE PUBLIC"},"image":{"@id":"https:\/\/www.public.sn\/#\/schema\/logo\/image\/"}},{"@type":"Person","@id":"https:\/\/www.public.sn\/#\/schema\/person\/cb76c8e1b8becc6be61fb5e92d6d0224","name":"LA REDACTION","image":{"@type":"ImageObject","inLanguage":"fr-FR","@id":"https:\/\/www.public.sn\/#\/schema\/person\/image\/","url":"https:\/\/secure.gravatar.com\/avatar\/2dce5ddd34b8fef0180efe03aa2a9bee7d953856048f9a16b298190a3178407c?s=96&d=mm&r=g","contentUrl":"https:\/\/secure.gravatar.com\/avatar\/2dce5ddd34b8fef0180efe03aa2a9bee7d953856048f9a16b298190a3178407c?s=96&d=mm&r=g","caption":"LA REDACTION"},"url":"https:\/\/www.public.sn\/index.php\/author\/editeurpsn\/"}]}},"jetpack_featured_media_url":"https:\/\/www.public.sn\/wp-content\/uploads\/2022\/10\/sante_dialyse.jpg","jetpack_sharing_enabled":true,"_links":{"self":[{"href":"https:\/\/www.public.sn\/index.php\/wp-json\/wp\/v2\/posts\/5286","targetHints":{"allow":["GET"]}}],"collection":[{"href":"https:\/\/www.public.sn\/index.php\/wp-json\/wp\/v2\/posts"}],"about":[{"href":"https:\/\/www.public.sn\/index.php\/wp-json\/wp\/v2\/types\/post"}],"author":[{"embeddable":true,"href":"https:\/\/www.public.sn\/index.php\/wp-json\/wp\/v2\/users\/7"}],"replies":[{"embeddable":true,"href":"https:\/\/www.public.sn\/index.php\/wp-json\/wp\/v2\/comments?post=5286"}],"version-history":[{"count":1,"href":"https:\/\/www.public.sn\/index.php\/wp-json\/wp\/v2\/posts\/5286\/revisions"}],"predecessor-version":[{"id":5292,"href":"https:\/\/www.public.sn\/index.php\/wp-json\/wp\/v2\/posts\/5286\/revisions\/5292"}],"wp:featuredmedia":[{"embeddable":true,"href":"https:\/\/www.public.sn\/index.php\/wp-json\/wp\/v2\/media\/5290"}],"wp:attachment":[{"href":"https:\/\/www.public.sn\/index.php\/wp-json\/wp\/v2\/media?parent=5286"}],"wp:term":[{"taxonomy":"category","embeddable":true,"href":"https:\/\/www.public.sn\/index.php\/wp-json\/wp\/v2\/categories?post=5286"},{"taxonomy":"post_tag","embeddable":true,"href":"https:\/\/www.public.sn\/index.php\/wp-json\/wp\/v2\/tags?post=5286"}],"curies":[{"name":"wp","href":"https:\/\/api.w.org\/{rel}","templated":true}]}}