{"id":5311,"date":"2022-10-20T10:29:19","date_gmt":"2022-10-20T10:29:19","guid":{"rendered":"https:\/\/www.public.sn\/?p=5311"},"modified":"2022-10-20T10:29:21","modified_gmt":"2022-10-20T10:29:21","slug":"qatar-2022-le-collectif-des-supporters-du-foot-local-monte-au-creneau","status":"publish","type":"post","link":"https:\/\/www.public.sn\/index.php\/2022\/10\/20\/qatar-2022-le-collectif-des-supporters-du-foot-local-monte-au-creneau\/","title":{"rendered":"Qatar 2022 : Le collectif des supporters du foot local monte au cr\u00e9neau"},"content":{"rendered":"\n<p><br> Le foot local est laiss\u00e9 en rade par les dirigeants dans le cadre de la d\u00e9signation des supporters devant participer \u00e0 la coupe du monde. Le collectif exige   plus de consid\u00e9ration de la part des autorit\u00e9s .Au moment o\u00f9  le Pr\u00e9sident de la R\u00e9publique a donn\u00e9 des directives au ministre des sports, il fallait aussi penser aux  autres  supporters. L\u2019ASC L\u00e9bougui  n\u2019est qu\u2019une \u00e9quipe de Nav\u00e9tane, le ministre et la f\u00e9d\u00e9ration auraient d\u2019 abord subventionn\u00e9s les clubs du foot local pour accompagner les lions durant la coupe du monde. Le collectif lance un message au chef de l\u2019Etat et au ministre des sports, Yankhoba Diattara de prendre en compte les comit\u00e9s des supporters  du foot local. Le pr\u00e9sident du comit\u00e9 des supporters de l\u2019ASC Pikine d\u00e9nonce leur non prise en compte  pour la coupe du monde 2022.<\/p><div class=\"publi-paragraphe1\" style=\"margin-top: 10px;margin-bottom: 10px;margin-left: auto;margin-right: auto;text-align: center;\" id=\"publi-2052778050\"><div class=\"publi-adlabel\">Publicit\u00e9<\/div><script async src=\"\/\/pagead2.googlesyndication.com\/pagead\/js\/adsbygoogle.js?client=ca-pub-4089586018074219\" crossorigin=\"anonymous\"><\/script><ins class=\"adsbygoogle\" style=\"display:block;\" data-ad-client=\"ca-pub-4089586018074219\" \ndata-ad-slot=\"2087940154\" \ndata-ad-format=\"auto\"><\/ins>\n<script> \n(adsbygoogle = window.adsbygoogle || []).push({}); \n<\/script>\n<\/div>\n\n\n\n<p>Maimouna Niang<br><\/p>\n<div class=\"publi-apres-le-contenu\" style=\"margin-top: 10px;margin-bottom: 10px;margin-left: auto;margin-right: auto;text-align: center;\" id=\"publi-2033950040\"><div class=\"publi-adlabel\">Publicit\u00e9<\/div><script async src=\"\/\/pagead2.googlesyndication.com\/pagead\/js\/adsbygoogle.js?client=ca-pub-4089586018074219\" crossorigin=\"anonymous\"><\/script><ins class=\"adsbygoogle\" style=\"display:block;\" data-ad-client=\"ca-pub-4089586018074219\" \ndata-ad-slot=\"2087940154\" \ndata-ad-format=\"auto\"><\/ins>\n<script> \n(adsbygoogle = window.adsbygoogle || []).push({}); \n<\/script>\n<\/div>","protected":false},"excerpt":{"rendered":"<p>Le foot local est laiss\u00e9 en rade par les dirigeants dans le cadre de la d\u00e9signation des supporters devant participer \u00e0 la coupe du monde. Le collectif exige plus de consid\u00e9ration de la part des autorit\u00e9s .Au moment o\u00f9 le Pr\u00e9sident de la R\u00e9publique a donn\u00e9 des directives au ministre des sports, il fallait aussi penser aux autres supporters. L\u2019ASC L\u00e9bougui n\u2019est qu\u2019une \u00e9quipe de Nav\u00e9tane, le ministre et la f\u00e9d\u00e9ration auraient d\u2019 abord subventionn\u00e9s les clubs du foot local pour accompagner les lions durant la coupe du monde. Le collectif lance un message au chef de l\u2019Etat et au ministre des sports, Yankhoba Diattara de prendre en compte les comit\u00e9s des supporters du foot local. Le pr\u00e9sident du comit\u00e9 des supporters de l\u2019ASC Pikine d\u00e9nonce leur non prise en compte pour la coupe du monde 2022. Maimouna Niang<\/p>\n","protected":false},"author":1,"featured_media":5321,"comment_status":"open","ping_status":"open","sticky":false,"template":"","format":"standard","meta":{"_jetpack_memberships_contains_paid_content":false,"footnotes":""},"categories":[375,1,7],"tags":[1785,1787,1786,56],"class_list":["post-5311","post","type-post","status-publish","format-standard","has-post-thumbnail","hentry","category-actualites","category-non-classe","category-sport","tag-collectif-supporter","tag-federation","tag-ministe","tag-qatar-2022","entry","has-media","owp-thumbs-layout-horizontal","owp-btn-normal","owp-tabs-layout-horizontal","has-no-thumbnails","has-product-nav"],"yoast_head":"<!-- This site is optimized with the Yoast SEO plugin v25.5 - https:\/\/yoast.com\/wordpress\/plugins\/seo\/ -->\n<title>Qatar 2022 : Le collectif des supporters du foot local monte au cr\u00e9neau - LE PUBLIC<\/title>\n<meta name=\"robots\" content=\"index, follow, max-snippet:-1, max-image-preview:large, max-video-preview:-1\" \/>\n<link rel=\"canonical\" href=\"https:\/\/www.public.sn\/index.php\/2022\/10\/20\/qatar-2022-le-collectif-des-supporters-du-foot-local-monte-au-creneau\/\" \/>\n<meta property=\"og:locale\" content=\"fr_FR\" \/>\n<meta property=\"og:type\" content=\"article\" \/>\n<meta property=\"og:title\" content=\"Qatar 2022 : Le collectif des supporters du foot local monte au cr\u00e9neau - LE PUBLIC\" \/>\n<meta property=\"og:description\" content=\"Le foot local est laiss\u00e9 en rade par les dirigeants dans le cadre de la d\u00e9signation des supporters devant participer \u00e0 la coupe du monde. Le collectif exige plus de consid\u00e9ration de la part des autorit\u00e9s .Au moment o\u00f9 le Pr\u00e9sident de la R\u00e9publique a donn\u00e9 des directives au ministre des sports, il fallait aussi penser aux autres supporters. L\u2019ASC L\u00e9bougui n\u2019est qu\u2019une \u00e9quipe de Nav\u00e9tane, le ministre et la f\u00e9d\u00e9ration auraient d\u2019 abord subventionn\u00e9s les clubs du foot local pour accompagner les lions durant la coupe du monde. Le collectif lance un message au chef de l\u2019Etat et au ministre des sports, Yankhoba Diattara de prendre en compte les comit\u00e9s des supporters du foot local. Le pr\u00e9sident du comit\u00e9 des supporters de l\u2019ASC Pikine d\u00e9nonce leur non prise en compte pour la coupe du monde 2022. Maimouna Niang\" \/>\n<meta property=\"og:url\" content=\"https:\/\/www.public.sn\/index.php\/2022\/10\/20\/qatar-2022-le-collectif-des-supporters-du-foot-local-monte-au-creneau\/\" \/>\n<meta property=\"og:site_name\" content=\"LE PUBLIC\" \/>\n<meta property=\"article:published_time\" content=\"2022-10-20T10:29:19+00:00\" \/>\n<meta property=\"article:modified_time\" content=\"2022-10-20T10:29:21+00:00\" \/>\n<meta property=\"og:image\" content=\"https:\/\/www.public.sn\/wp-content\/uploads\/2022\/10\/le.jpg\" \/>\n\t<meta property=\"og:image:width\" content=\"1280\" \/>\n\t<meta property=\"og:image:height\" content=\"720\" \/>\n\t<meta property=\"og:image:type\" content=\"image\/jpeg\" \/>\n<meta name=\"author\" content=\"LA REDACTION\" \/>\n<meta name=\"twitter:card\" content=\"summary_large_image\" \/>\n<meta name=\"twitter:label1\" content=\"\u00c9crit par\" \/>\n\t<meta name=\"twitter:data1\" content=\"LA REDACTION\" \/>\n\t<meta name=\"twitter:label2\" content=\"Dur\u00e9e de lecture estim\u00e9e\" \/>\n\t<meta name=\"twitter:data2\" content=\"1 minute\" \/>\n<script type=\"application\/ld+json\" class=\"yoast-schema-graph\">{\"@context\":\"https:\/\/schema.org\",\"@graph\":[{\"@type\":\"Article\",\"@id\":\"https:\/\/www.public.sn\/index.php\/2022\/10\/20\/qatar-2022-le-collectif-des-supporters-du-foot-local-monte-au-creneau\/#article\",\"isPartOf\":{\"@id\":\"https:\/\/www.public.sn\/index.php\/2022\/10\/20\/qatar-2022-le-collectif-des-supporters-du-foot-local-monte-au-creneau\/\"},\"author\":{\"name\":\"LA REDACTION\",\"@id\":\"https:\/\/www.public.sn\/#\/schema\/person\/e3f4a11b037d4203902db148f9bc8d5a\"},\"headline\":\"Qatar 2022 : Le collectif des supporters du foot local monte au cr\u00e9neau\",\"datePublished\":\"2022-10-20T10:29:19+00:00\",\"dateModified\":\"2022-10-20T10:29:21+00:00\",\"mainEntityOfPage\":{\"@id\":\"https:\/\/www.public.sn\/index.php\/2022\/10\/20\/qatar-2022-le-collectif-des-supporters-du-foot-local-monte-au-creneau\/\"},\"wordCount\":167,\"commentCount\":0,\"publisher\":{\"@id\":\"https:\/\/www.public.sn\/#organization\"},\"image\":{\"@id\":\"https:\/\/www.public.sn\/index.php\/2022\/10\/20\/qatar-2022-le-collectif-des-supporters-du-foot-local-monte-au-creneau\/#primaryimage\"},\"thumbnailUrl\":\"https:\/\/www.public.sn\/wp-content\/uploads\/2022\/10\/le.jpg\",\"keywords\":[\"collectif supporter\",\"federation\",\"ministe\",\"Qatar 2022\"],\"articleSection\":[\"ACTUALIT\u00c9S\",\"S\u00c9N\u00c9GAL\",\"SPORTS\"],\"inLanguage\":\"fr-FR\",\"potentialAction\":[{\"@type\":\"CommentAction\",\"name\":\"Comment\",\"target\":[\"https:\/\/www.public.sn\/index.php\/2022\/10\/20\/qatar-2022-le-collectif-des-supporters-du-foot-local-monte-au-creneau\/#respond\"]}]},{\"@type\":\"WebPage\",\"@id\":\"https:\/\/www.public.sn\/index.php\/2022\/10\/20\/qatar-2022-le-collectif-des-supporters-du-foot-local-monte-au-creneau\/\",\"url\":\"https:\/\/www.public.sn\/index.php\/2022\/10\/20\/qatar-2022-le-collectif-des-supporters-du-foot-local-monte-au-creneau\/\",\"name\":\"Qatar 2022 : Le collectif des supporters du foot local monte au cr\u00e9neau - LE PUBLIC\",\"isPartOf\":{\"@id\":\"https:\/\/www.public.sn\/#website\"},\"primaryImageOfPage\":{\"@id\":\"https:\/\/www.public.sn\/index.php\/2022\/10\/20\/qatar-2022-le-collectif-des-supporters-du-foot-local-monte-au-creneau\/#primaryimage\"},\"image\":{\"@id\":\"https:\/\/www.public.sn\/index.php\/2022\/10\/20\/qatar-2022-le-collectif-des-supporters-du-foot-local-monte-au-creneau\/#primaryimage\"},\"thumbnailUrl\":\"https:\/\/www.public.sn\/wp-content\/uploads\/2022\/10\/le.jpg\",\"datePublished\":\"2022-10-20T10:29:19+00:00\",\"dateModified\":\"2022-10-20T10:29:21+00:00\",\"breadcrumb\":{\"@id\":\"https:\/\/www.public.sn\/index.php\/2022\/10\/20\/qatar-2022-le-collectif-des-supporters-du-foot-local-monte-au-creneau\/#breadcrumb\"},\"inLanguage\":\"fr-FR\",\"potentialAction\":[{\"@type\":\"ReadAction\",\"target\":[\"https:\/\/www.public.sn\/index.php\/2022\/10\/20\/qatar-2022-le-collectif-des-supporters-du-foot-local-monte-au-creneau\/\"]}]},{\"@type\":\"ImageObject\",\"inLanguage\":\"fr-FR\",\"@id\":\"https:\/\/www.public.sn\/index.php\/2022\/10\/20\/qatar-2022-le-collectif-des-supporters-du-foot-local-monte-au-creneau\/#primaryimage\",\"url\":\"https:\/\/www.public.sn\/wp-content\/uploads\/2022\/10\/le.jpg\",\"contentUrl\":\"https:\/\/www.public.sn\/wp-content\/uploads\/2022\/10\/le.jpg\",\"width\":1280,\"height\":720},{\"@type\":\"BreadcrumbList\",\"@id\":\"https:\/\/www.public.sn\/index.php\/2022\/10\/20\/qatar-2022-le-collectif-des-supporters-du-foot-local-monte-au-creneau\/#breadcrumb\",\"itemListElement\":[{\"@type\":\"ListItem\",\"position\":1,\"name\":\"Accueil\",\"item\":\"https:\/\/www.public.sn\/\"},{\"@type\":\"ListItem\",\"position\":2,\"name\":\"Qatar 2022 : Le collectif des supporters du foot local monte au cr\u00e9neau\"}]},{\"@type\":\"WebSite\",\"@id\":\"https:\/\/www.public.sn\/#website\",\"url\":\"https:\/\/www.public.sn\/\",\"name\":\"LE PUBLIC\",\"description\":\"\",\"publisher\":{\"@id\":\"https:\/\/www.public.sn\/#organization\"},\"potentialAction\":[{\"@type\":\"SearchAction\",\"target\":{\"@type\":\"EntryPoint\",\"urlTemplate\":\"https:\/\/www.public.sn\/?s={search_term_string}\"},\"query-input\":{\"@type\":\"PropertyValueSpecification\",\"valueRequired\":true,\"valueName\":\"search_term_string\"}}],\"inLanguage\":\"fr-FR\"},{\"@type\":\"Organization\",\"@id\":\"https:\/\/www.public.sn\/#organization\",\"name\":\"LE PUBLIC\",\"url\":\"https:\/\/www.public.sn\/\",\"logo\":{\"@type\":\"ImageObject\",\"inLanguage\":\"fr-FR\",\"@id\":\"https:\/\/www.public.sn\/#\/schema\/logo\/image\/\",\"url\":\"https:\/\/www.public.sn\/wp-content\/uploads\/2024\/05\/cropped-LOGO-PUBLIC.SN_.png\",\"contentUrl\":\"https:\/\/www.public.sn\/wp-content\/uploads\/2024\/05\/cropped-LOGO-PUBLIC.SN_.png\",\"width\":682,\"height\":192,\"caption\":\"LE PUBLIC\"},\"image\":{\"@id\":\"https:\/\/www.public.sn\/#\/schema\/logo\/image\/\"}},{\"@type\":\"Person\",\"@id\":\"https:\/\/www.public.sn\/#\/schema\/person\/e3f4a11b037d4203902db148f9bc8d5a\",\"name\":\"LA REDACTION\",\"image\":{\"@type\":\"ImageObject\",\"inLanguage\":\"fr-FR\",\"@id\":\"https:\/\/www.public.sn\/#\/schema\/person\/image\/\",\"url\":\"https:\/\/secure.gravatar.com\/avatar\/d6c030db45db2883c075085c5d6c6258654a801a93766b49af0b82d4f454e2a5?s=96&d=mm&r=g\",\"contentUrl\":\"https:\/\/secure.gravatar.com\/avatar\/d6c030db45db2883c075085c5d6c6258654a801a93766b49af0b82d4f454e2a5?s=96&d=mm&r=g\",\"caption\":\"LA REDACTION\"},\"sameAs\":[\"http:\/\/www.public.sn\"],\"url\":\"https:\/\/www.public.sn\/index.php\/author\/admin7324\/\"}]}<\/script>\n<!-- \/ Yoast SEO plugin. -->","yoast_head_json":{"title":"Qatar 2022 : Le collectif des supporters du foot local monte au cr\u00e9neau - LE PUBLIC","robots":{"index":"index","follow":"follow","max-snippet":"max-snippet:-1","max-image-preview":"max-image-preview:large","max-video-preview":"max-video-preview:-1"},"canonical":"https:\/\/www.public.sn\/index.php\/2022\/10\/20\/qatar-2022-le-collectif-des-supporters-du-foot-local-monte-au-creneau\/","og_locale":"fr_FR","og_type":"article","og_title":"Qatar 2022 : Le collectif des supporters du foot local monte au cr\u00e9neau - LE PUBLIC","og_description":"Le foot local est laiss\u00e9 en rade par les dirigeants dans le cadre de la d\u00e9signation des supporters devant participer \u00e0 la coupe du monde. Le collectif exige plus de consid\u00e9ration de la part des autorit\u00e9s .Au moment o\u00f9 le Pr\u00e9sident de la R\u00e9publique a donn\u00e9 des directives au ministre des sports, il fallait aussi penser aux autres supporters. L\u2019ASC L\u00e9bougui n\u2019est qu\u2019une \u00e9quipe de Nav\u00e9tane, le ministre et la f\u00e9d\u00e9ration auraient d\u2019 abord subventionn\u00e9s les clubs du foot local pour accompagner les lions durant la coupe du monde. Le collectif lance un message au chef de l\u2019Etat et au ministre des sports, Yankhoba Diattara de prendre en compte les comit\u00e9s des supporters du foot local. Le pr\u00e9sident du comit\u00e9 des supporters de l\u2019ASC Pikine d\u00e9nonce leur non prise en compte pour la coupe du monde 2022. Maimouna Niang","og_url":"https:\/\/www.public.sn\/index.php\/2022\/10\/20\/qatar-2022-le-collectif-des-supporters-du-foot-local-monte-au-creneau\/","og_site_name":"LE PUBLIC","article_published_time":"2022-10-20T10:29:19+00:00","article_modified_time":"2022-10-20T10:29:21+00:00","og_image":[{"width":1280,"height":720,"url":"https:\/\/www.public.sn\/wp-content\/uploads\/2022\/10\/le.jpg","type":"image\/jpeg"}],"author":"LA REDACTION","twitter_card":"summary_large_image","twitter_misc":{"\u00c9crit par":"LA REDACTION","Dur\u00e9e de lecture estim\u00e9e":"1 minute"},"schema":{"@context":"https:\/\/schema.org","@graph":[{"@type":"Article","@id":"https:\/\/www.public.sn\/index.php\/2022\/10\/20\/qatar-2022-le-collectif-des-supporters-du-foot-local-monte-au-creneau\/#article","isPartOf":{"@id":"https:\/\/www.public.sn\/index.php\/2022\/10\/20\/qatar-2022-le-collectif-des-supporters-du-foot-local-monte-au-creneau\/"},"author":{"name":"LA REDACTION","@id":"https:\/\/www.public.sn\/#\/schema\/person\/e3f4a11b037d4203902db148f9bc8d5a"},"headline":"Qatar 2022 : Le collectif des supporters du foot local monte au cr\u00e9neau","datePublished":"2022-10-20T10:29:19+00:00","dateModified":"2022-10-20T10:29:21+00:00","mainEntityOfPage":{"@id":"https:\/\/www.public.sn\/index.php\/2022\/10\/20\/qatar-2022-le-collectif-des-supporters-du-foot-local-monte-au-creneau\/"},"wordCount":167,"commentCount":0,"publisher":{"@id":"https:\/\/www.public.sn\/#organization"},"image":{"@id":"https:\/\/www.public.sn\/index.php\/2022\/10\/20\/qatar-2022-le-collectif-des-supporters-du-foot-local-monte-au-creneau\/#primaryimage"},"thumbnailUrl":"https:\/\/www.public.sn\/wp-content\/uploads\/2022\/10\/le.jpg","keywords":["collectif supporter","federation","ministe","Qatar 2022"],"articleSection":["ACTUALIT\u00c9S","S\u00c9N\u00c9GAL","SPORTS"],"inLanguage":"fr-FR","potentialAction":[{"@type":"CommentAction","name":"Comment","target":["https:\/\/www.public.sn\/index.php\/2022\/10\/20\/qatar-2022-le-collectif-des-supporters-du-foot-local-monte-au-creneau\/#respond"]}]},{"@type":"WebPage","@id":"https:\/\/www.public.sn\/index.php\/2022\/10\/20\/qatar-2022-le-collectif-des-supporters-du-foot-local-monte-au-creneau\/","url":"https:\/\/www.public.sn\/index.php\/2022\/10\/20\/qatar-2022-le-collectif-des-supporters-du-foot-local-monte-au-creneau\/","name":"Qatar 2022 : Le collectif des supporters du foot local monte au cr\u00e9neau - LE PUBLIC","isPartOf":{"@id":"https:\/\/www.public.sn\/#website"},"primaryImageOfPage":{"@id":"https:\/\/www.public.sn\/index.php\/2022\/10\/20\/qatar-2022-le-collectif-des-supporters-du-foot-local-monte-au-creneau\/#primaryimage"},"image":{"@id":"https:\/\/www.public.sn\/index.php\/2022\/10\/20\/qatar-2022-le-collectif-des-supporters-du-foot-local-monte-au-creneau\/#primaryimage"},"thumbnailUrl":"https:\/\/www.public.sn\/wp-content\/uploads\/2022\/10\/le.jpg","datePublished":"2022-10-20T10:29:19+00:00","dateModified":"2022-10-20T10:29:21+00:00","breadcrumb":{"@id":"https:\/\/www.public.sn\/index.php\/2022\/10\/20\/qatar-2022-le-collectif-des-supporters-du-foot-local-monte-au-creneau\/#breadcrumb"},"inLanguage":"fr-FR","potentialAction":[{"@type":"ReadAction","target":["https:\/\/www.public.sn\/index.php\/2022\/10\/20\/qatar-2022-le-collectif-des-supporters-du-foot-local-monte-au-creneau\/"]}]},{"@type":"ImageObject","inLanguage":"fr-FR","@id":"https:\/\/www.public.sn\/index.php\/2022\/10\/20\/qatar-2022-le-collectif-des-supporters-du-foot-local-monte-au-creneau\/#primaryimage","url":"https:\/\/www.public.sn\/wp-content\/uploads\/2022\/10\/le.jpg","contentUrl":"https:\/\/www.public.sn\/wp-content\/uploads\/2022\/10\/le.jpg","width":1280,"height":720},{"@type":"BreadcrumbList","@id":"https:\/\/www.public.sn\/index.php\/2022\/10\/20\/qatar-2022-le-collectif-des-supporters-du-foot-local-monte-au-creneau\/#breadcrumb","itemListElement":[{"@type":"ListItem","position":1,"name":"Accueil","item":"https:\/\/www.public.sn\/"},{"@type":"ListItem","position":2,"name":"Qatar 2022 : Le collectif des supporters du foot local monte au cr\u00e9neau"}]},{"@type":"WebSite","@id":"https:\/\/www.public.sn\/#website","url":"https:\/\/www.public.sn\/","name":"LE PUBLIC","description":"","publisher":{"@id":"https:\/\/www.public.sn\/#organization"},"potentialAction":[{"@type":"SearchAction","target":{"@type":"EntryPoint","urlTemplate":"https:\/\/www.public.sn\/?s={search_term_string}"},"query-input":{"@type":"PropertyValueSpecification","valueRequired":true,"valueName":"search_term_string"}}],"inLanguage":"fr-FR"},{"@type":"Organization","@id":"https:\/\/www.public.sn\/#organization","name":"LE PUBLIC","url":"https:\/\/www.public.sn\/","logo":{"@type":"ImageObject","inLanguage":"fr-FR","@id":"https:\/\/www.public.sn\/#\/schema\/logo\/image\/","url":"https:\/\/www.public.sn\/wp-content\/uploads\/2024\/05\/cropped-LOGO-PUBLIC.SN_.png","contentUrl":"https:\/\/www.public.sn\/wp-content\/uploads\/2024\/05\/cropped-LOGO-PUBLIC.SN_.png","width":682,"height":192,"caption":"LE PUBLIC"},"image":{"@id":"https:\/\/www.public.sn\/#\/schema\/logo\/image\/"}},{"@type":"Person","@id":"https:\/\/www.public.sn\/#\/schema\/person\/e3f4a11b037d4203902db148f9bc8d5a","name":"LA REDACTION","image":{"@type":"ImageObject","inLanguage":"fr-FR","@id":"https:\/\/www.public.sn\/#\/schema\/person\/image\/","url":"https:\/\/secure.gravatar.com\/avatar\/d6c030db45db2883c075085c5d6c6258654a801a93766b49af0b82d4f454e2a5?s=96&d=mm&r=g","contentUrl":"https:\/\/secure.gravatar.com\/avatar\/d6c030db45db2883c075085c5d6c6258654a801a93766b49af0b82d4f454e2a5?s=96&d=mm&r=g","caption":"LA REDACTION"},"sameAs":["http:\/\/www.public.sn"],"url":"https:\/\/www.public.sn\/index.php\/author\/admin7324\/"}]}},"jetpack_featured_media_url":"https:\/\/www.public.sn\/wp-content\/uploads\/2022\/10\/le.jpg","jetpack_sharing_enabled":true,"_links":{"self":[{"href":"https:\/\/www.public.sn\/index.php\/wp-json\/wp\/v2\/posts\/5311","targetHints":{"allow":["GET"]}}],"collection":[{"href":"https:\/\/www.public.sn\/index.php\/wp-json\/wp\/v2\/posts"}],"about":[{"href":"https:\/\/www.public.sn\/index.php\/wp-json\/wp\/v2\/types\/post"}],"author":[{"embeddable":true,"href":"https:\/\/www.public.sn\/index.php\/wp-json\/wp\/v2\/users\/1"}],"replies":[{"embeddable":true,"href":"https:\/\/www.public.sn\/index.php\/wp-json\/wp\/v2\/comments?post=5311"}],"version-history":[{"count":2,"href":"https:\/\/www.public.sn\/index.php\/wp-json\/wp\/v2\/posts\/5311\/revisions"}],"predecessor-version":[{"id":5322,"href":"https:\/\/www.public.sn\/index.php\/wp-json\/wp\/v2\/posts\/5311\/revisions\/5322"}],"wp:featuredmedia":[{"embeddable":true,"href":"https:\/\/www.public.sn\/index.php\/wp-json\/wp\/v2\/media\/5321"}],"wp:attachment":[{"href":"https:\/\/www.public.sn\/index.php\/wp-json\/wp\/v2\/media?parent=5311"}],"wp:term":[{"taxonomy":"category","embeddable":true,"href":"https:\/\/www.public.sn\/index.php\/wp-json\/wp\/v2\/categories?post=5311"},{"taxonomy":"post_tag","embeddable":true,"href":"https:\/\/www.public.sn\/index.php\/wp-json\/wp\/v2\/tags?post=5311"}],"curies":[{"name":"wp","href":"https:\/\/api.w.org\/{rel}","templated":true}]}}