{"id":5323,"date":"2022-10-20T10:34:07","date_gmt":"2022-10-20T10:34:07","guid":{"rendered":"https:\/\/www.public.sn\/?p=5323"},"modified":"2022-10-20T10:34:10","modified_gmt":"2022-10-20T10:34:10","slug":"affaire-2stv-tfm-mamoudou-ibra-kane-veut-la-paix-entre-youssou-ndour-et-el-hadji-ndiaye","status":"publish","type":"post","link":"https:\/\/www.public.sn\/index.php\/2022\/10\/20\/affaire-2stv-tfm-mamoudou-ibra-kane-veut-la-paix-entre-youssou-ndour-et-el-hadji-ndiaye\/","title":{"rendered":"Affaire 2stv-Tfm : Mamoudou Ibra Kane veut la paix entre Youssou Ndour et El hadji Ndiaye"},"content":{"rendered":"\n<p><\/p>\n\n\n\n<p><strong>Apr\u00e8s Aissatou Diop Fall, c\u2019est au tour du patron du groupe E-media d\u2019entrer en jeu dans l\u2019affaire du pr\u00e9sum\u00e9 vol de fr\u00e9quence opposant El Hadj Ndiaye \u00e0 Ndiaga Ndour. Sur sa page Facebook, Mamoudou Ibra Kane estime que les deux cha\u00eenes de t\u00e9l\u00e9vision sont des \u00ab p<em>iliers importants de l\u2019audiovisuel <\/em>\u00bb. De ce fait, il convie ses \u00ab <em>grands fr\u00e8res El Hadj Ndiaye et Youssou Ndour<\/em> \u00bb au dialogue.<br><\/strong><br>Il a aussi parl\u00e9 de l\u2019appel t\u00e9l\u00e9phonique des deux ex pr\u00e9sident de la R\u00e9publique du S\u00e9n\u00e9gal. Pour Mamoudou Ibra Kane, les deux anciens Chefs d\u2019Etat, Me Abdoulaye Wade et Abdou Diouf ont donn\u00e9 une \u00ab <em>belle le\u00e7on d\u2019\u00e9l\u00e9gance r\u00e9publicaine, d\u00e9mocratique, sociale et patriotique<\/em> \u00bb. Le journaliste consid\u00e8re qu\u2019au S\u00e9n\u00e9gal, l\u2019heure est de rassembler nos poussins \u00e0 l\u2019abri des milans.<br><br>Rappelons que, Ndiaga Ndour, le petit-fr\u00e8re du patron du groupe Futur M\u00e9dia a \u00e9t\u00e9 arr\u00eat\u00e9 puis lib\u00e9r\u00e9 mardi dernier pour non-respect de son contr\u00f4le judiciaire.<\/p><div class=\"publi-paragraphe1\" style=\"margin-top: 10px;margin-bottom: 10px;margin-left: auto;margin-right: auto;text-align: center;\" id=\"publi-4022894488\"><div class=\"publi-adlabel\">Publicit\u00e9<\/div><script async src=\"\/\/pagead2.googlesyndication.com\/pagead\/js\/adsbygoogle.js?client=ca-pub-4089586018074219\" crossorigin=\"anonymous\"><\/script><ins class=\"adsbygoogle\" style=\"display:block;\" data-ad-client=\"ca-pub-4089586018074219\" \ndata-ad-slot=\"2087940154\" \ndata-ad-format=\"auto\"><\/ins>\n<script> \n(adsbygoogle = window.adsbygoogle || []).push({}); \n<\/script>\n<\/div>\n\n\n\n<p>Mame Marie THIAM<\/p>\n<div class=\"publi-apres-le-contenu\" style=\"margin-top: 10px;margin-bottom: 10px;margin-left: auto;margin-right: auto;text-align: center;\" id=\"publi-2145507927\"><div class=\"publi-adlabel\">Publicit\u00e9<\/div><script async src=\"\/\/pagead2.googlesyndication.com\/pagead\/js\/adsbygoogle.js?client=ca-pub-4089586018074219\" crossorigin=\"anonymous\"><\/script><ins class=\"adsbygoogle\" style=\"display:block;\" data-ad-client=\"ca-pub-4089586018074219\" \ndata-ad-slot=\"2087940154\" \ndata-ad-format=\"auto\"><\/ins>\n<script> \n(adsbygoogle = window.adsbygoogle || []).push({}); \n<\/script>\n<\/div>","protected":false},"excerpt":{"rendered":"<p>Apr\u00e8s Aissatou Diop Fall, c\u2019est au tour du patron du groupe E-media d\u2019entrer en jeu dans l\u2019affaire du pr\u00e9sum\u00e9 vol de fr\u00e9quence opposant El Hadj Ndiaye \u00e0 Ndiaga Ndour. Sur sa page Facebook, Mamoudou Ibra Kane estime que les deux cha\u00eenes de t\u00e9l\u00e9vision sont des \u00ab piliers importants de l\u2019audiovisuel \u00bb. De ce fait, il convie ses \u00ab grands fr\u00e8res El Hadj Ndiaye et Youssou Ndour \u00bb au dialogue.Il a aussi parl\u00e9 de l\u2019appel t\u00e9l\u00e9phonique des deux ex pr\u00e9sident de la R\u00e9publique du S\u00e9n\u00e9gal. Pour Mamoudou Ibra Kane, les deux anciens Chefs d\u2019Etat, Me Abdoulaye Wade et Abdou Diouf ont donn\u00e9 une \u00ab belle le\u00e7on d\u2019\u00e9l\u00e9gance r\u00e9publicaine, d\u00e9mocratique, sociale et patriotique \u00bb. Le journaliste consid\u00e8re qu\u2019au S\u00e9n\u00e9gal, l\u2019heure est de rassembler nos poussins \u00e0 l\u2019abri des milans. Rappelons que, Ndiaga Ndour, le petit-fr\u00e8re du patron du groupe Futur M\u00e9dia a \u00e9t\u00e9 arr\u00eat\u00e9 puis lib\u00e9r\u00e9 mardi dernier pour non-respect de son contr\u00f4le judiciaire. Mame Marie THIAM<\/p>\n","protected":false},"author":7,"featured_media":5324,"comment_status":"open","ping_status":"open","sticky":false,"template":"","format":"standard","meta":{"_jetpack_memberships_contains_paid_content":false,"footnotes":""},"categories":[375,1,4],"tags":[1789,1788,525,509],"class_list":["post-5323","post","type-post","status-publish","format-standard","has-post-thumbnail","hentry","category-actualites","category-non-classe","category-societe","tag-el-hadji-ndiaye","tag-mamadou-ibra-kane","tag-paix","tag-youssou-ndour","entry","has-media","owp-thumbs-layout-horizontal","owp-btn-normal","owp-tabs-layout-horizontal","has-no-thumbnails","has-product-nav"],"yoast_head":"<!-- This site is optimized with the Yoast SEO plugin v25.5 - https:\/\/yoast.com\/wordpress\/plugins\/seo\/ -->\n<title>Affaire 2stv-Tfm : Mamoudou Ibra Kane veut la paix entre Youssou Ndour et El hadji Ndiaye - LE PUBLIC<\/title>\n<meta name=\"robots\" content=\"index, follow, max-snippet:-1, max-image-preview:large, max-video-preview:-1\" \/>\n<link rel=\"canonical\" href=\"https:\/\/www.public.sn\/index.php\/2022\/10\/20\/affaire-2stv-tfm-mamoudou-ibra-kane-veut-la-paix-entre-youssou-ndour-et-el-hadji-ndiaye\/\" \/>\n<meta property=\"og:locale\" content=\"fr_FR\" \/>\n<meta property=\"og:type\" content=\"article\" \/>\n<meta property=\"og:title\" content=\"Affaire 2stv-Tfm : Mamoudou Ibra Kane veut la paix entre Youssou Ndour et El hadji Ndiaye - LE PUBLIC\" \/>\n<meta property=\"og:description\" content=\"Apr\u00e8s Aissatou Diop Fall, c\u2019est au tour du patron du groupe E-media d\u2019entrer en jeu dans l\u2019affaire du pr\u00e9sum\u00e9 vol de fr\u00e9quence opposant El Hadj Ndiaye \u00e0 Ndiaga Ndour. Sur sa page Facebook, Mamoudou Ibra Kane estime que les deux cha\u00eenes de t\u00e9l\u00e9vision sont des \u00ab piliers importants de l\u2019audiovisuel \u00bb. De ce fait, il convie ses \u00ab grands fr\u00e8res El Hadj Ndiaye et Youssou Ndour \u00bb au dialogue.Il a aussi parl\u00e9 de l\u2019appel t\u00e9l\u00e9phonique des deux ex pr\u00e9sident de la R\u00e9publique du S\u00e9n\u00e9gal. Pour Mamoudou Ibra Kane, les deux anciens Chefs d\u2019Etat, Me Abdoulaye Wade et Abdou Diouf ont donn\u00e9 une \u00ab belle le\u00e7on d\u2019\u00e9l\u00e9gance r\u00e9publicaine, d\u00e9mocratique, sociale et patriotique \u00bb. Le journaliste consid\u00e8re qu\u2019au S\u00e9n\u00e9gal, l\u2019heure est de rassembler nos poussins \u00e0 l\u2019abri des milans. Rappelons que, Ndiaga Ndour, le petit-fr\u00e8re du patron du groupe Futur M\u00e9dia a \u00e9t\u00e9 arr\u00eat\u00e9 puis lib\u00e9r\u00e9 mardi dernier pour non-respect de son contr\u00f4le judiciaire. Mame Marie THIAM\" \/>\n<meta property=\"og:url\" content=\"https:\/\/www.public.sn\/index.php\/2022\/10\/20\/affaire-2stv-tfm-mamoudou-ibra-kane-veut-la-paix-entre-youssou-ndour-et-el-hadji-ndiaye\/\" \/>\n<meta property=\"og:site_name\" content=\"LE PUBLIC\" \/>\n<meta property=\"article:published_time\" content=\"2022-10-20T10:34:07+00:00\" \/>\n<meta property=\"article:modified_time\" content=\"2022-10-20T10:34:10+00:00\" \/>\n<meta property=\"og:image\" content=\"https:\/\/www.public.sn\/wp-content\/uploads\/2022\/10\/mik.jpg\" \/>\n\t<meta property=\"og:image:width\" content=\"291\" \/>\n\t<meta property=\"og:image:height\" content=\"173\" \/>\n\t<meta property=\"og:image:type\" content=\"image\/jpeg\" \/>\n<meta name=\"author\" content=\"LA REDACTION\" \/>\n<meta name=\"twitter:card\" content=\"summary_large_image\" \/>\n<meta name=\"twitter:label1\" content=\"\u00c9crit par\" \/>\n\t<meta name=\"twitter:data1\" content=\"LA REDACTION\" \/>\n\t<meta name=\"twitter:label2\" content=\"Dur\u00e9e de lecture estim\u00e9e\" \/>\n\t<meta name=\"twitter:data2\" content=\"1 minute\" \/>\n<script type=\"application\/ld+json\" class=\"yoast-schema-graph\">{\"@context\":\"https:\/\/schema.org\",\"@graph\":[{\"@type\":\"Article\",\"@id\":\"https:\/\/www.public.sn\/index.php\/2022\/10\/20\/affaire-2stv-tfm-mamoudou-ibra-kane-veut-la-paix-entre-youssou-ndour-et-el-hadji-ndiaye\/#article\",\"isPartOf\":{\"@id\":\"https:\/\/www.public.sn\/index.php\/2022\/10\/20\/affaire-2stv-tfm-mamoudou-ibra-kane-veut-la-paix-entre-youssou-ndour-et-el-hadji-ndiaye\/\"},\"author\":{\"name\":\"LA REDACTION\",\"@id\":\"https:\/\/www.public.sn\/#\/schema\/person\/cb76c8e1b8becc6be61fb5e92d6d0224\"},\"headline\":\"Affaire 2stv-Tfm : Mamoudou Ibra Kane veut la paix entre Youssou Ndour et El hadji Ndiaye\",\"datePublished\":\"2022-10-20T10:34:07+00:00\",\"dateModified\":\"2022-10-20T10:34:10+00:00\",\"mainEntityOfPage\":{\"@id\":\"https:\/\/www.public.sn\/index.php\/2022\/10\/20\/affaire-2stv-tfm-mamoudou-ibra-kane-veut-la-paix-entre-youssou-ndour-et-el-hadji-ndiaye\/\"},\"wordCount\":198,\"commentCount\":0,\"publisher\":{\"@id\":\"https:\/\/www.public.sn\/#organization\"},\"image\":{\"@id\":\"https:\/\/www.public.sn\/index.php\/2022\/10\/20\/affaire-2stv-tfm-mamoudou-ibra-kane-veut-la-paix-entre-youssou-ndour-et-el-hadji-ndiaye\/#primaryimage\"},\"thumbnailUrl\":\"https:\/\/www.public.sn\/wp-content\/uploads\/2022\/10\/mik.jpg\",\"keywords\":[\"el hadji ndiaye\",\"mamadou ibra kane\",\"Paix\",\"Youssou Ndour\"],\"articleSection\":[\"ACTUALIT\u00c9S\",\"S\u00c9N\u00c9GAL\",\"SOCIETE\"],\"inLanguage\":\"fr-FR\",\"potentialAction\":[{\"@type\":\"CommentAction\",\"name\":\"Comment\",\"target\":[\"https:\/\/www.public.sn\/index.php\/2022\/10\/20\/affaire-2stv-tfm-mamoudou-ibra-kane-veut-la-paix-entre-youssou-ndour-et-el-hadji-ndiaye\/#respond\"]}]},{\"@type\":\"WebPage\",\"@id\":\"https:\/\/www.public.sn\/index.php\/2022\/10\/20\/affaire-2stv-tfm-mamoudou-ibra-kane-veut-la-paix-entre-youssou-ndour-et-el-hadji-ndiaye\/\",\"url\":\"https:\/\/www.public.sn\/index.php\/2022\/10\/20\/affaire-2stv-tfm-mamoudou-ibra-kane-veut-la-paix-entre-youssou-ndour-et-el-hadji-ndiaye\/\",\"name\":\"Affaire 2stv-Tfm : Mamoudou Ibra Kane veut la paix entre Youssou Ndour et El hadji Ndiaye - LE PUBLIC\",\"isPartOf\":{\"@id\":\"https:\/\/www.public.sn\/#website\"},\"primaryImageOfPage\":{\"@id\":\"https:\/\/www.public.sn\/index.php\/2022\/10\/20\/affaire-2stv-tfm-mamoudou-ibra-kane-veut-la-paix-entre-youssou-ndour-et-el-hadji-ndiaye\/#primaryimage\"},\"image\":{\"@id\":\"https:\/\/www.public.sn\/index.php\/2022\/10\/20\/affaire-2stv-tfm-mamoudou-ibra-kane-veut-la-paix-entre-youssou-ndour-et-el-hadji-ndiaye\/#primaryimage\"},\"thumbnailUrl\":\"https:\/\/www.public.sn\/wp-content\/uploads\/2022\/10\/mik.jpg\",\"datePublished\":\"2022-10-20T10:34:07+00:00\",\"dateModified\":\"2022-10-20T10:34:10+00:00\",\"breadcrumb\":{\"@id\":\"https:\/\/www.public.sn\/index.php\/2022\/10\/20\/affaire-2stv-tfm-mamoudou-ibra-kane-veut-la-paix-entre-youssou-ndour-et-el-hadji-ndiaye\/#breadcrumb\"},\"inLanguage\":\"fr-FR\",\"potentialAction\":[{\"@type\":\"ReadAction\",\"target\":[\"https:\/\/www.public.sn\/index.php\/2022\/10\/20\/affaire-2stv-tfm-mamoudou-ibra-kane-veut-la-paix-entre-youssou-ndour-et-el-hadji-ndiaye\/\"]}]},{\"@type\":\"ImageObject\",\"inLanguage\":\"fr-FR\",\"@id\":\"https:\/\/www.public.sn\/index.php\/2022\/10\/20\/affaire-2stv-tfm-mamoudou-ibra-kane-veut-la-paix-entre-youssou-ndour-et-el-hadji-ndiaye\/#primaryimage\",\"url\":\"https:\/\/www.public.sn\/wp-content\/uploads\/2022\/10\/mik.jpg\",\"contentUrl\":\"https:\/\/www.public.sn\/wp-content\/uploads\/2022\/10\/mik.jpg\",\"width\":291,\"height\":173},{\"@type\":\"BreadcrumbList\",\"@id\":\"https:\/\/www.public.sn\/index.php\/2022\/10\/20\/affaire-2stv-tfm-mamoudou-ibra-kane-veut-la-paix-entre-youssou-ndour-et-el-hadji-ndiaye\/#breadcrumb\",\"itemListElement\":[{\"@type\":\"ListItem\",\"position\":1,\"name\":\"Accueil\",\"item\":\"https:\/\/www.public.sn\/\"},{\"@type\":\"ListItem\",\"position\":2,\"name\":\"Affaire 2stv-Tfm : Mamoudou Ibra Kane veut la paix entre Youssou Ndour et El hadji Ndiaye\"}]},{\"@type\":\"WebSite\",\"@id\":\"https:\/\/www.public.sn\/#website\",\"url\":\"https:\/\/www.public.sn\/\",\"name\":\"LE PUBLIC\",\"description\":\"\",\"publisher\":{\"@id\":\"https:\/\/www.public.sn\/#organization\"},\"potentialAction\":[{\"@type\":\"SearchAction\",\"target\":{\"@type\":\"EntryPoint\",\"urlTemplate\":\"https:\/\/www.public.sn\/?s={search_term_string}\"},\"query-input\":{\"@type\":\"PropertyValueSpecification\",\"valueRequired\":true,\"valueName\":\"search_term_string\"}}],\"inLanguage\":\"fr-FR\"},{\"@type\":\"Organization\",\"@id\":\"https:\/\/www.public.sn\/#organization\",\"name\":\"LE PUBLIC\",\"url\":\"https:\/\/www.public.sn\/\",\"logo\":{\"@type\":\"ImageObject\",\"inLanguage\":\"fr-FR\",\"@id\":\"https:\/\/www.public.sn\/#\/schema\/logo\/image\/\",\"url\":\"https:\/\/www.public.sn\/wp-content\/uploads\/2024\/05\/cropped-LOGO-PUBLIC.SN_.png\",\"contentUrl\":\"https:\/\/www.public.sn\/wp-content\/uploads\/2024\/05\/cropped-LOGO-PUBLIC.SN_.png\",\"width\":682,\"height\":192,\"caption\":\"LE PUBLIC\"},\"image\":{\"@id\":\"https:\/\/www.public.sn\/#\/schema\/logo\/image\/\"}},{\"@type\":\"Person\",\"@id\":\"https:\/\/www.public.sn\/#\/schema\/person\/cb76c8e1b8becc6be61fb5e92d6d0224\",\"name\":\"LA REDACTION\",\"image\":{\"@type\":\"ImageObject\",\"inLanguage\":\"fr-FR\",\"@id\":\"https:\/\/www.public.sn\/#\/schema\/person\/image\/\",\"url\":\"https:\/\/secure.gravatar.com\/avatar\/2dce5ddd34b8fef0180efe03aa2a9bee7d953856048f9a16b298190a3178407c?s=96&d=mm&r=g\",\"contentUrl\":\"https:\/\/secure.gravatar.com\/avatar\/2dce5ddd34b8fef0180efe03aa2a9bee7d953856048f9a16b298190a3178407c?s=96&d=mm&r=g\",\"caption\":\"LA REDACTION\"},\"url\":\"https:\/\/www.public.sn\/index.php\/author\/editeurpsn\/\"}]}<\/script>\n<!-- \/ Yoast SEO plugin. -->","yoast_head_json":{"title":"Affaire 2stv-Tfm : Mamoudou Ibra Kane veut la paix entre Youssou Ndour et El hadji Ndiaye - LE PUBLIC","robots":{"index":"index","follow":"follow","max-snippet":"max-snippet:-1","max-image-preview":"max-image-preview:large","max-video-preview":"max-video-preview:-1"},"canonical":"https:\/\/www.public.sn\/index.php\/2022\/10\/20\/affaire-2stv-tfm-mamoudou-ibra-kane-veut-la-paix-entre-youssou-ndour-et-el-hadji-ndiaye\/","og_locale":"fr_FR","og_type":"article","og_title":"Affaire 2stv-Tfm : Mamoudou Ibra Kane veut la paix entre Youssou Ndour et El hadji Ndiaye - LE PUBLIC","og_description":"Apr\u00e8s Aissatou Diop Fall, c\u2019est au tour du patron du groupe E-media d\u2019entrer en jeu dans l\u2019affaire du pr\u00e9sum\u00e9 vol de fr\u00e9quence opposant El Hadj Ndiaye \u00e0 Ndiaga Ndour. Sur sa page Facebook, Mamoudou Ibra Kane estime que les deux cha\u00eenes de t\u00e9l\u00e9vision sont des \u00ab piliers importants de l\u2019audiovisuel \u00bb. De ce fait, il convie ses \u00ab grands fr\u00e8res El Hadj Ndiaye et Youssou Ndour \u00bb au dialogue.Il a aussi parl\u00e9 de l\u2019appel t\u00e9l\u00e9phonique des deux ex pr\u00e9sident de la R\u00e9publique du S\u00e9n\u00e9gal. Pour Mamoudou Ibra Kane, les deux anciens Chefs d\u2019Etat, Me Abdoulaye Wade et Abdou Diouf ont donn\u00e9 une \u00ab belle le\u00e7on d\u2019\u00e9l\u00e9gance r\u00e9publicaine, d\u00e9mocratique, sociale et patriotique \u00bb. Le journaliste consid\u00e8re qu\u2019au S\u00e9n\u00e9gal, l\u2019heure est de rassembler nos poussins \u00e0 l\u2019abri des milans. Rappelons que, Ndiaga Ndour, le petit-fr\u00e8re du patron du groupe Futur M\u00e9dia a \u00e9t\u00e9 arr\u00eat\u00e9 puis lib\u00e9r\u00e9 mardi dernier pour non-respect de son contr\u00f4le judiciaire. Mame Marie THIAM","og_url":"https:\/\/www.public.sn\/index.php\/2022\/10\/20\/affaire-2stv-tfm-mamoudou-ibra-kane-veut-la-paix-entre-youssou-ndour-et-el-hadji-ndiaye\/","og_site_name":"LE PUBLIC","article_published_time":"2022-10-20T10:34:07+00:00","article_modified_time":"2022-10-20T10:34:10+00:00","og_image":[{"width":291,"height":173,"url":"https:\/\/www.public.sn\/wp-content\/uploads\/2022\/10\/mik.jpg","type":"image\/jpeg"}],"author":"LA REDACTION","twitter_card":"summary_large_image","twitter_misc":{"\u00c9crit par":"LA REDACTION","Dur\u00e9e de lecture estim\u00e9e":"1 minute"},"schema":{"@context":"https:\/\/schema.org","@graph":[{"@type":"Article","@id":"https:\/\/www.public.sn\/index.php\/2022\/10\/20\/affaire-2stv-tfm-mamoudou-ibra-kane-veut-la-paix-entre-youssou-ndour-et-el-hadji-ndiaye\/#article","isPartOf":{"@id":"https:\/\/www.public.sn\/index.php\/2022\/10\/20\/affaire-2stv-tfm-mamoudou-ibra-kane-veut-la-paix-entre-youssou-ndour-et-el-hadji-ndiaye\/"},"author":{"name":"LA REDACTION","@id":"https:\/\/www.public.sn\/#\/schema\/person\/cb76c8e1b8becc6be61fb5e92d6d0224"},"headline":"Affaire 2stv-Tfm : Mamoudou Ibra Kane veut la paix entre Youssou Ndour et El hadji Ndiaye","datePublished":"2022-10-20T10:34:07+00:00","dateModified":"2022-10-20T10:34:10+00:00","mainEntityOfPage":{"@id":"https:\/\/www.public.sn\/index.php\/2022\/10\/20\/affaire-2stv-tfm-mamoudou-ibra-kane-veut-la-paix-entre-youssou-ndour-et-el-hadji-ndiaye\/"},"wordCount":198,"commentCount":0,"publisher":{"@id":"https:\/\/www.public.sn\/#organization"},"image":{"@id":"https:\/\/www.public.sn\/index.php\/2022\/10\/20\/affaire-2stv-tfm-mamoudou-ibra-kane-veut-la-paix-entre-youssou-ndour-et-el-hadji-ndiaye\/#primaryimage"},"thumbnailUrl":"https:\/\/www.public.sn\/wp-content\/uploads\/2022\/10\/mik.jpg","keywords":["el hadji ndiaye","mamadou ibra kane","Paix","Youssou Ndour"],"articleSection":["ACTUALIT\u00c9S","S\u00c9N\u00c9GAL","SOCIETE"],"inLanguage":"fr-FR","potentialAction":[{"@type":"CommentAction","name":"Comment","target":["https:\/\/www.public.sn\/index.php\/2022\/10\/20\/affaire-2stv-tfm-mamoudou-ibra-kane-veut-la-paix-entre-youssou-ndour-et-el-hadji-ndiaye\/#respond"]}]},{"@type":"WebPage","@id":"https:\/\/www.public.sn\/index.php\/2022\/10\/20\/affaire-2stv-tfm-mamoudou-ibra-kane-veut-la-paix-entre-youssou-ndour-et-el-hadji-ndiaye\/","url":"https:\/\/www.public.sn\/index.php\/2022\/10\/20\/affaire-2stv-tfm-mamoudou-ibra-kane-veut-la-paix-entre-youssou-ndour-et-el-hadji-ndiaye\/","name":"Affaire 2stv-Tfm : Mamoudou Ibra Kane veut la paix entre Youssou Ndour et El hadji Ndiaye - LE PUBLIC","isPartOf":{"@id":"https:\/\/www.public.sn\/#website"},"primaryImageOfPage":{"@id":"https:\/\/www.public.sn\/index.php\/2022\/10\/20\/affaire-2stv-tfm-mamoudou-ibra-kane-veut-la-paix-entre-youssou-ndour-et-el-hadji-ndiaye\/#primaryimage"},"image":{"@id":"https:\/\/www.public.sn\/index.php\/2022\/10\/20\/affaire-2stv-tfm-mamoudou-ibra-kane-veut-la-paix-entre-youssou-ndour-et-el-hadji-ndiaye\/#primaryimage"},"thumbnailUrl":"https:\/\/www.public.sn\/wp-content\/uploads\/2022\/10\/mik.jpg","datePublished":"2022-10-20T10:34:07+00:00","dateModified":"2022-10-20T10:34:10+00:00","breadcrumb":{"@id":"https:\/\/www.public.sn\/index.php\/2022\/10\/20\/affaire-2stv-tfm-mamoudou-ibra-kane-veut-la-paix-entre-youssou-ndour-et-el-hadji-ndiaye\/#breadcrumb"},"inLanguage":"fr-FR","potentialAction":[{"@type":"ReadAction","target":["https:\/\/www.public.sn\/index.php\/2022\/10\/20\/affaire-2stv-tfm-mamoudou-ibra-kane-veut-la-paix-entre-youssou-ndour-et-el-hadji-ndiaye\/"]}]},{"@type":"ImageObject","inLanguage":"fr-FR","@id":"https:\/\/www.public.sn\/index.php\/2022\/10\/20\/affaire-2stv-tfm-mamoudou-ibra-kane-veut-la-paix-entre-youssou-ndour-et-el-hadji-ndiaye\/#primaryimage","url":"https:\/\/www.public.sn\/wp-content\/uploads\/2022\/10\/mik.jpg","contentUrl":"https:\/\/www.public.sn\/wp-content\/uploads\/2022\/10\/mik.jpg","width":291,"height":173},{"@type":"BreadcrumbList","@id":"https:\/\/www.public.sn\/index.php\/2022\/10\/20\/affaire-2stv-tfm-mamoudou-ibra-kane-veut-la-paix-entre-youssou-ndour-et-el-hadji-ndiaye\/#breadcrumb","itemListElement":[{"@type":"ListItem","position":1,"name":"Accueil","item":"https:\/\/www.public.sn\/"},{"@type":"ListItem","position":2,"name":"Affaire 2stv-Tfm : Mamoudou Ibra Kane veut la paix entre Youssou Ndour et El hadji Ndiaye"}]},{"@type":"WebSite","@id":"https:\/\/www.public.sn\/#website","url":"https:\/\/www.public.sn\/","name":"LE PUBLIC","description":"","publisher":{"@id":"https:\/\/www.public.sn\/#organization"},"potentialAction":[{"@type":"SearchAction","target":{"@type":"EntryPoint","urlTemplate":"https:\/\/www.public.sn\/?s={search_term_string}"},"query-input":{"@type":"PropertyValueSpecification","valueRequired":true,"valueName":"search_term_string"}}],"inLanguage":"fr-FR"},{"@type":"Organization","@id":"https:\/\/www.public.sn\/#organization","name":"LE PUBLIC","url":"https:\/\/www.public.sn\/","logo":{"@type":"ImageObject","inLanguage":"fr-FR","@id":"https:\/\/www.public.sn\/#\/schema\/logo\/image\/","url":"https:\/\/www.public.sn\/wp-content\/uploads\/2024\/05\/cropped-LOGO-PUBLIC.SN_.png","contentUrl":"https:\/\/www.public.sn\/wp-content\/uploads\/2024\/05\/cropped-LOGO-PUBLIC.SN_.png","width":682,"height":192,"caption":"LE PUBLIC"},"image":{"@id":"https:\/\/www.public.sn\/#\/schema\/logo\/image\/"}},{"@type":"Person","@id":"https:\/\/www.public.sn\/#\/schema\/person\/cb76c8e1b8becc6be61fb5e92d6d0224","name":"LA REDACTION","image":{"@type":"ImageObject","inLanguage":"fr-FR","@id":"https:\/\/www.public.sn\/#\/schema\/person\/image\/","url":"https:\/\/secure.gravatar.com\/avatar\/2dce5ddd34b8fef0180efe03aa2a9bee7d953856048f9a16b298190a3178407c?s=96&d=mm&r=g","contentUrl":"https:\/\/secure.gravatar.com\/avatar\/2dce5ddd34b8fef0180efe03aa2a9bee7d953856048f9a16b298190a3178407c?s=96&d=mm&r=g","caption":"LA REDACTION"},"url":"https:\/\/www.public.sn\/index.php\/author\/editeurpsn\/"}]}},"jetpack_featured_media_url":"https:\/\/www.public.sn\/wp-content\/uploads\/2022\/10\/mik.jpg","jetpack_sharing_enabled":true,"_links":{"self":[{"href":"https:\/\/www.public.sn\/index.php\/wp-json\/wp\/v2\/posts\/5323","targetHints":{"allow":["GET"]}}],"collection":[{"href":"https:\/\/www.public.sn\/index.php\/wp-json\/wp\/v2\/posts"}],"about":[{"href":"https:\/\/www.public.sn\/index.php\/wp-json\/wp\/v2\/types\/post"}],"author":[{"embeddable":true,"href":"https:\/\/www.public.sn\/index.php\/wp-json\/wp\/v2\/users\/7"}],"replies":[{"embeddable":true,"href":"https:\/\/www.public.sn\/index.php\/wp-json\/wp\/v2\/comments?post=5323"}],"version-history":[{"count":2,"href":"https:\/\/www.public.sn\/index.php\/wp-json\/wp\/v2\/posts\/5323\/revisions"}],"predecessor-version":[{"id":5326,"href":"https:\/\/www.public.sn\/index.php\/wp-json\/wp\/v2\/posts\/5323\/revisions\/5326"}],"wp:featuredmedia":[{"embeddable":true,"href":"https:\/\/www.public.sn\/index.php\/wp-json\/wp\/v2\/media\/5324"}],"wp:attachment":[{"href":"https:\/\/www.public.sn\/index.php\/wp-json\/wp\/v2\/media?parent=5323"}],"wp:term":[{"taxonomy":"category","embeddable":true,"href":"https:\/\/www.public.sn\/index.php\/wp-json\/wp\/v2\/categories?post=5323"},{"taxonomy":"post_tag","embeddable":true,"href":"https:\/\/www.public.sn\/index.php\/wp-json\/wp\/v2\/tags?post=5323"}],"curies":[{"name":"wp","href":"https:\/\/api.w.org\/{rel}","templated":true}]}}