{"id":534,"date":"2022-08-24T13:55:02","date_gmt":"2022-08-24T11:55:02","guid":{"rendered":"https:\/\/www.public.sn\/?p=534"},"modified":"2022-08-24T14:07:41","modified_gmt":"2022-08-24T12:07:41","slug":"touba-les-inondations-font-un-mort-et-plusieurs-degats-materiels-notes","status":"publish","type":"post","link":"https:\/\/www.public.sn\/index.php\/2022\/08\/24\/touba-les-inondations-font-un-mort-et-plusieurs-degats-materiels-notes\/","title":{"rendered":"Touba : Les inondations font un mort et plusieurs d\u00e9g\u00e2ts mat\u00e9riels not\u00e9s."},"content":{"rendered":"\n<p><em><strong>Apr\u00e8s les maisons englouties dans la cit\u00e9 de Touba, le premier cadavre est rep\u00each\u00e9 \u00e0 Darou Rahman. Il s\u2019agit d\u2019un gar\u00e7on \u00e2g\u00e9 de 13 ans. Ce jeune est victime des fortes pr\u00e9cipitations derni\u00e8rement dans la ville sainte<\/strong><\/em>.<\/p><div class=\"publi-paragraphe1\" style=\"margin-top: 10px;margin-bottom: 10px;margin-left: auto;margin-right: auto;text-align: center;\" id=\"publi-2773644316\"><div class=\"publi-adlabel\">Publicit\u00e9<\/div><script async src=\"\/\/pagead2.googlesyndication.com\/pagead\/js\/adsbygoogle.js?client=ca-pub-4089586018074219\" crossorigin=\"anonymous\"><\/script><ins class=\"adsbygoogle\" style=\"display:block;\" data-ad-client=\"ca-pub-4089586018074219\" \ndata-ad-slot=\"2087940154\" \ndata-ad-format=\"auto\"><\/ins>\n<script> \n(adsbygoogle = window.adsbygoogle || []).push({}); \n<\/script>\n<\/div>\n\n\n\n<p>Mais \u00e9galement, plusieurs champs ont \u00e9t\u00e9 endommag\u00e9s par les inondations. Selon des sources proches,  des hectares de terres cultiv\u00e9es sont ab\u00eem\u00e9s. Les familles sinistr\u00e9es sont oblig\u00e9es de quitter leurs maisons \u00e0 quelques jours du grand Magal de la cit\u00e9 religieuse.<\/p>\n\n\n\n<p>Le ministre de l\u2019int\u00e9rieur F\u00e9lix Antoine Abdoulaye Diome qui a effectu\u00e9 une visite de terrain a promis des mesures urgentes dans le cadre du plan Orsec.<\/p>\n\n\n\n<figure class=\"wp-block-embed is-type-rich is-provider-prise-en-charge-des-contenus-embarques wp-block-embed-prise-en-charge-des-contenus-embarques wp-embed-aspect-16-9 wp-has-aspect-ratio\"><div class=\"wp-block-embed__wrapper\">\n<p class=\"responsive-video-wrap clr\"><iframe title=\"Inondations au S\u00e9n\u00e9gal, Ousmane Sonko..., Pape Diop senti au perchoir ?, Macky Sall dans le dilemme.\" width=\"1200\" height=\"675\" src=\"https:\/\/www.youtube.com\/embed\/Suf7PJYf2iw?feature=oembed\" frameborder=\"0\" allow=\"accelerometer; autoplay; clipboard-write; encrypted-media; gyroscope; picture-in-picture\" allowfullscreen><\/iframe><\/p>\n<\/div><\/figure>\n\n\n\n<p><em>R\u00e9daction Public SN<\/em><\/p>\n<div class=\"publi-apres-le-contenu\" style=\"margin-top: 10px;margin-bottom: 10px;margin-left: auto;margin-right: auto;text-align: center;\" id=\"publi-2065240068\"><div class=\"publi-adlabel\">Publicit\u00e9<\/div><script async src=\"\/\/pagead2.googlesyndication.com\/pagead\/js\/adsbygoogle.js?client=ca-pub-4089586018074219\" crossorigin=\"anonymous\"><\/script><ins class=\"adsbygoogle\" style=\"display:block;\" data-ad-client=\"ca-pub-4089586018074219\" \ndata-ad-slot=\"2087940154\" \ndata-ad-format=\"auto\"><\/ins>\n<script> \n(adsbygoogle = window.adsbygoogle || []).push({}); \n<\/script>\n<\/div>","protected":false},"excerpt":{"rendered":"<p>Apr\u00e8s les maisons englouties dans la cit\u00e9 de Touba, le premier cadavre est rep\u00each\u00e9 \u00e0 Darou Rahman. Il s\u2019agit d\u2019un gar\u00e7on \u00e2g\u00e9 de 13 ans. Ce jeune est victime des fortes pr\u00e9cipitations derni\u00e8rement dans la ville sainte. Mais \u00e9galement, plusieurs champs ont \u00e9t\u00e9 endommag\u00e9s par les inondations. Selon des sources proches, des hectares de terres cultiv\u00e9es sont ab\u00eem\u00e9s. Les familles sinistr\u00e9es sont oblig\u00e9es de quitter leurs maisons \u00e0 quelques jours du grand Magal de la cit\u00e9 religieuse. Le ministre de l\u2019int\u00e9rieur F\u00e9lix Antoine Abdoulaye Diome qui a effectu\u00e9 une visite de terrain a promis des mesures urgentes dans le cadre du plan Orsec. R\u00e9daction Public SN<\/p>\n","protected":false},"author":1,"featured_media":535,"comment_status":"open","ping_status":"open","sticky":false,"template":"","format":"standard","meta":{"_jetpack_memberships_contains_paid_content":false,"footnotes":""},"categories":[1],"tags":[253,92,69],"class_list":["post-534","post","type-post","status-publish","format-standard","has-post-thumbnail","hentry","category-non-classe","tag-antoine-felix-dione","tag-inondations","tag-touba","entry","has-media","owp-thumbs-layout-horizontal","owp-btn-normal","owp-tabs-layout-horizontal","has-no-thumbnails","has-product-nav"],"yoast_head":"<!-- This site is optimized with the Yoast SEO plugin v25.5 - https:\/\/yoast.com\/wordpress\/plugins\/seo\/ -->\n<title>Touba : Les inondations font un mort et plusieurs d\u00e9g\u00e2ts mat\u00e9riels not\u00e9s. - LE PUBLIC<\/title>\n<meta name=\"robots\" content=\"index, follow, max-snippet:-1, max-image-preview:large, max-video-preview:-1\" \/>\n<link rel=\"canonical\" href=\"https:\/\/www.public.sn\/index.php\/2022\/08\/24\/touba-les-inondations-font-un-mort-et-plusieurs-degats-materiels-notes\/\" \/>\n<meta property=\"og:locale\" content=\"fr_FR\" \/>\n<meta property=\"og:type\" content=\"article\" \/>\n<meta property=\"og:title\" content=\"Touba : Les inondations font un mort et plusieurs d\u00e9g\u00e2ts mat\u00e9riels not\u00e9s. - LE PUBLIC\" \/>\n<meta property=\"og:description\" content=\"Apr\u00e8s les maisons englouties dans la cit\u00e9 de Touba, le premier cadavre est rep\u00each\u00e9 \u00e0 Darou Rahman. Il s\u2019agit d\u2019un gar\u00e7on \u00e2g\u00e9 de 13 ans. Ce jeune est victime des fortes pr\u00e9cipitations derni\u00e8rement dans la ville sainte. Mais \u00e9galement, plusieurs champs ont \u00e9t\u00e9 endommag\u00e9s par les inondations. Selon des sources proches, des hectares de terres cultiv\u00e9es sont ab\u00eem\u00e9s. Les familles sinistr\u00e9es sont oblig\u00e9es de quitter leurs maisons \u00e0 quelques jours du grand Magal de la cit\u00e9 religieuse. Le ministre de l\u2019int\u00e9rieur F\u00e9lix Antoine Abdoulaye Diome qui a effectu\u00e9 une visite de terrain a promis des mesures urgentes dans le cadre du plan Orsec. R\u00e9daction Public SN\" \/>\n<meta property=\"og:url\" content=\"https:\/\/www.public.sn\/index.php\/2022\/08\/24\/touba-les-inondations-font-un-mort-et-plusieurs-degats-materiels-notes\/\" \/>\n<meta property=\"og:site_name\" content=\"LE PUBLIC\" \/>\n<meta property=\"article:published_time\" content=\"2022-08-24T11:55:02+00:00\" \/>\n<meta property=\"article:modified_time\" content=\"2022-08-24T12:07:41+00:00\" \/>\n<meta property=\"og:image\" content=\"https:\/\/www.public.sn\/wp-content\/uploads\/2022\/08\/inondation.jpeg\" \/>\n\t<meta property=\"og:image:width\" content=\"600\" \/>\n\t<meta property=\"og:image:height\" content=\"400\" \/>\n\t<meta property=\"og:image:type\" content=\"image\/jpeg\" \/>\n<meta name=\"author\" content=\"LA REDACTION\" \/>\n<meta name=\"twitter:card\" content=\"summary_large_image\" \/>\n<meta name=\"twitter:label1\" content=\"\u00c9crit par\" \/>\n\t<meta name=\"twitter:data1\" content=\"LA REDACTION\" \/>\n\t<meta name=\"twitter:label2\" content=\"Dur\u00e9e de lecture estim\u00e9e\" \/>\n\t<meta name=\"twitter:data2\" content=\"1 minute\" \/>\n<script type=\"application\/ld+json\" class=\"yoast-schema-graph\">{\"@context\":\"https:\/\/schema.org\",\"@graph\":[{\"@type\":\"Article\",\"@id\":\"https:\/\/www.public.sn\/index.php\/2022\/08\/24\/touba-les-inondations-font-un-mort-et-plusieurs-degats-materiels-notes\/#article\",\"isPartOf\":{\"@id\":\"https:\/\/www.public.sn\/index.php\/2022\/08\/24\/touba-les-inondations-font-un-mort-et-plusieurs-degats-materiels-notes\/\"},\"author\":{\"name\":\"LA REDACTION\",\"@id\":\"https:\/\/www.public.sn\/#\/schema\/person\/e3f4a11b037d4203902db148f9bc8d5a\"},\"headline\":\"Touba : Les inondations font un mort et plusieurs d\u00e9g\u00e2ts mat\u00e9riels not\u00e9s.\",\"datePublished\":\"2022-08-24T11:55:02+00:00\",\"dateModified\":\"2022-08-24T12:07:41+00:00\",\"mainEntityOfPage\":{\"@id\":\"https:\/\/www.public.sn\/index.php\/2022\/08\/24\/touba-les-inondations-font-un-mort-et-plusieurs-degats-materiels-notes\/\"},\"wordCount\":143,\"commentCount\":0,\"publisher\":{\"@id\":\"https:\/\/www.public.sn\/#organization\"},\"image\":{\"@id\":\"https:\/\/www.public.sn\/index.php\/2022\/08\/24\/touba-les-inondations-font-un-mort-et-plusieurs-degats-materiels-notes\/#primaryimage\"},\"thumbnailUrl\":\"https:\/\/www.public.sn\/wp-content\/uploads\/2022\/08\/inondation.jpeg\",\"keywords\":[\"Antoine F\u00e9lix Dione\",\"Inondations\",\"Touba\"],\"articleSection\":[\"S\u00c9N\u00c9GAL\"],\"inLanguage\":\"fr-FR\",\"potentialAction\":[{\"@type\":\"CommentAction\",\"name\":\"Comment\",\"target\":[\"https:\/\/www.public.sn\/index.php\/2022\/08\/24\/touba-les-inondations-font-un-mort-et-plusieurs-degats-materiels-notes\/#respond\"]}]},{\"@type\":\"WebPage\",\"@id\":\"https:\/\/www.public.sn\/index.php\/2022\/08\/24\/touba-les-inondations-font-un-mort-et-plusieurs-degats-materiels-notes\/\",\"url\":\"https:\/\/www.public.sn\/index.php\/2022\/08\/24\/touba-les-inondations-font-un-mort-et-plusieurs-degats-materiels-notes\/\",\"name\":\"Touba : Les inondations font un mort et plusieurs d\u00e9g\u00e2ts mat\u00e9riels not\u00e9s. - LE PUBLIC\",\"isPartOf\":{\"@id\":\"https:\/\/www.public.sn\/#website\"},\"primaryImageOfPage\":{\"@id\":\"https:\/\/www.public.sn\/index.php\/2022\/08\/24\/touba-les-inondations-font-un-mort-et-plusieurs-degats-materiels-notes\/#primaryimage\"},\"image\":{\"@id\":\"https:\/\/www.public.sn\/index.php\/2022\/08\/24\/touba-les-inondations-font-un-mort-et-plusieurs-degats-materiels-notes\/#primaryimage\"},\"thumbnailUrl\":\"https:\/\/www.public.sn\/wp-content\/uploads\/2022\/08\/inondation.jpeg\",\"datePublished\":\"2022-08-24T11:55:02+00:00\",\"dateModified\":\"2022-08-24T12:07:41+00:00\",\"breadcrumb\":{\"@id\":\"https:\/\/www.public.sn\/index.php\/2022\/08\/24\/touba-les-inondations-font-un-mort-et-plusieurs-degats-materiels-notes\/#breadcrumb\"},\"inLanguage\":\"fr-FR\",\"potentialAction\":[{\"@type\":\"ReadAction\",\"target\":[\"https:\/\/www.public.sn\/index.php\/2022\/08\/24\/touba-les-inondations-font-un-mort-et-plusieurs-degats-materiels-notes\/\"]}]},{\"@type\":\"ImageObject\",\"inLanguage\":\"fr-FR\",\"@id\":\"https:\/\/www.public.sn\/index.php\/2022\/08\/24\/touba-les-inondations-font-un-mort-et-plusieurs-degats-materiels-notes\/#primaryimage\",\"url\":\"https:\/\/www.public.sn\/wp-content\/uploads\/2022\/08\/inondation.jpeg\",\"contentUrl\":\"https:\/\/www.public.sn\/wp-content\/uploads\/2022\/08\/inondation.jpeg\",\"width\":600,\"height\":400},{\"@type\":\"BreadcrumbList\",\"@id\":\"https:\/\/www.public.sn\/index.php\/2022\/08\/24\/touba-les-inondations-font-un-mort-et-plusieurs-degats-materiels-notes\/#breadcrumb\",\"itemListElement\":[{\"@type\":\"ListItem\",\"position\":1,\"name\":\"Accueil\",\"item\":\"https:\/\/www.public.sn\/\"},{\"@type\":\"ListItem\",\"position\":2,\"name\":\"Touba : Les inondations font un mort et plusieurs d\u00e9g\u00e2ts mat\u00e9riels not\u00e9s.\"}]},{\"@type\":\"WebSite\",\"@id\":\"https:\/\/www.public.sn\/#website\",\"url\":\"https:\/\/www.public.sn\/\",\"name\":\"LE PUBLIC\",\"description\":\"\",\"publisher\":{\"@id\":\"https:\/\/www.public.sn\/#organization\"},\"potentialAction\":[{\"@type\":\"SearchAction\",\"target\":{\"@type\":\"EntryPoint\",\"urlTemplate\":\"https:\/\/www.public.sn\/?s={search_term_string}\"},\"query-input\":{\"@type\":\"PropertyValueSpecification\",\"valueRequired\":true,\"valueName\":\"search_term_string\"}}],\"inLanguage\":\"fr-FR\"},{\"@type\":\"Organization\",\"@id\":\"https:\/\/www.public.sn\/#organization\",\"name\":\"LE PUBLIC\",\"url\":\"https:\/\/www.public.sn\/\",\"logo\":{\"@type\":\"ImageObject\",\"inLanguage\":\"fr-FR\",\"@id\":\"https:\/\/www.public.sn\/#\/schema\/logo\/image\/\",\"url\":\"https:\/\/www.public.sn\/wp-content\/uploads\/2024\/05\/cropped-LOGO-PUBLIC.SN_.png\",\"contentUrl\":\"https:\/\/www.public.sn\/wp-content\/uploads\/2024\/05\/cropped-LOGO-PUBLIC.SN_.png\",\"width\":682,\"height\":192,\"caption\":\"LE PUBLIC\"},\"image\":{\"@id\":\"https:\/\/www.public.sn\/#\/schema\/logo\/image\/\"}},{\"@type\":\"Person\",\"@id\":\"https:\/\/www.public.sn\/#\/schema\/person\/e3f4a11b037d4203902db148f9bc8d5a\",\"name\":\"LA REDACTION\",\"image\":{\"@type\":\"ImageObject\",\"inLanguage\":\"fr-FR\",\"@id\":\"https:\/\/www.public.sn\/#\/schema\/person\/image\/\",\"url\":\"https:\/\/secure.gravatar.com\/avatar\/d6c030db45db2883c075085c5d6c6258654a801a93766b49af0b82d4f454e2a5?s=96&d=mm&r=g\",\"contentUrl\":\"https:\/\/secure.gravatar.com\/avatar\/d6c030db45db2883c075085c5d6c6258654a801a93766b49af0b82d4f454e2a5?s=96&d=mm&r=g\",\"caption\":\"LA REDACTION\"},\"sameAs\":[\"http:\/\/www.public.sn\"],\"url\":\"https:\/\/www.public.sn\/index.php\/author\/admin7324\/\"}]}<\/script>\n<!-- \/ Yoast SEO plugin. -->","yoast_head_json":{"title":"Touba : Les inondations font un mort et plusieurs d\u00e9g\u00e2ts mat\u00e9riels not\u00e9s. - LE PUBLIC","robots":{"index":"index","follow":"follow","max-snippet":"max-snippet:-1","max-image-preview":"max-image-preview:large","max-video-preview":"max-video-preview:-1"},"canonical":"https:\/\/www.public.sn\/index.php\/2022\/08\/24\/touba-les-inondations-font-un-mort-et-plusieurs-degats-materiels-notes\/","og_locale":"fr_FR","og_type":"article","og_title":"Touba : Les inondations font un mort et plusieurs d\u00e9g\u00e2ts mat\u00e9riels not\u00e9s. - LE PUBLIC","og_description":"Apr\u00e8s les maisons englouties dans la cit\u00e9 de Touba, le premier cadavre est rep\u00each\u00e9 \u00e0 Darou Rahman. Il s\u2019agit d\u2019un gar\u00e7on \u00e2g\u00e9 de 13 ans. Ce jeune est victime des fortes pr\u00e9cipitations derni\u00e8rement dans la ville sainte. Mais \u00e9galement, plusieurs champs ont \u00e9t\u00e9 endommag\u00e9s par les inondations. Selon des sources proches, des hectares de terres cultiv\u00e9es sont ab\u00eem\u00e9s. Les familles sinistr\u00e9es sont oblig\u00e9es de quitter leurs maisons \u00e0 quelques jours du grand Magal de la cit\u00e9 religieuse. Le ministre de l\u2019int\u00e9rieur F\u00e9lix Antoine Abdoulaye Diome qui a effectu\u00e9 une visite de terrain a promis des mesures urgentes dans le cadre du plan Orsec. R\u00e9daction Public SN","og_url":"https:\/\/www.public.sn\/index.php\/2022\/08\/24\/touba-les-inondations-font-un-mort-et-plusieurs-degats-materiels-notes\/","og_site_name":"LE PUBLIC","article_published_time":"2022-08-24T11:55:02+00:00","article_modified_time":"2022-08-24T12:07:41+00:00","og_image":[{"width":600,"height":400,"url":"https:\/\/www.public.sn\/wp-content\/uploads\/2022\/08\/inondation.jpeg","type":"image\/jpeg"}],"author":"LA REDACTION","twitter_card":"summary_large_image","twitter_misc":{"\u00c9crit par":"LA REDACTION","Dur\u00e9e de lecture estim\u00e9e":"1 minute"},"schema":{"@context":"https:\/\/schema.org","@graph":[{"@type":"Article","@id":"https:\/\/www.public.sn\/index.php\/2022\/08\/24\/touba-les-inondations-font-un-mort-et-plusieurs-degats-materiels-notes\/#article","isPartOf":{"@id":"https:\/\/www.public.sn\/index.php\/2022\/08\/24\/touba-les-inondations-font-un-mort-et-plusieurs-degats-materiels-notes\/"},"author":{"name":"LA REDACTION","@id":"https:\/\/www.public.sn\/#\/schema\/person\/e3f4a11b037d4203902db148f9bc8d5a"},"headline":"Touba : Les inondations font un mort et plusieurs d\u00e9g\u00e2ts mat\u00e9riels not\u00e9s.","datePublished":"2022-08-24T11:55:02+00:00","dateModified":"2022-08-24T12:07:41+00:00","mainEntityOfPage":{"@id":"https:\/\/www.public.sn\/index.php\/2022\/08\/24\/touba-les-inondations-font-un-mort-et-plusieurs-degats-materiels-notes\/"},"wordCount":143,"commentCount":0,"publisher":{"@id":"https:\/\/www.public.sn\/#organization"},"image":{"@id":"https:\/\/www.public.sn\/index.php\/2022\/08\/24\/touba-les-inondations-font-un-mort-et-plusieurs-degats-materiels-notes\/#primaryimage"},"thumbnailUrl":"https:\/\/www.public.sn\/wp-content\/uploads\/2022\/08\/inondation.jpeg","keywords":["Antoine F\u00e9lix Dione","Inondations","Touba"],"articleSection":["S\u00c9N\u00c9GAL"],"inLanguage":"fr-FR","potentialAction":[{"@type":"CommentAction","name":"Comment","target":["https:\/\/www.public.sn\/index.php\/2022\/08\/24\/touba-les-inondations-font-un-mort-et-plusieurs-degats-materiels-notes\/#respond"]}]},{"@type":"WebPage","@id":"https:\/\/www.public.sn\/index.php\/2022\/08\/24\/touba-les-inondations-font-un-mort-et-plusieurs-degats-materiels-notes\/","url":"https:\/\/www.public.sn\/index.php\/2022\/08\/24\/touba-les-inondations-font-un-mort-et-plusieurs-degats-materiels-notes\/","name":"Touba : Les inondations font un mort et plusieurs d\u00e9g\u00e2ts mat\u00e9riels not\u00e9s. - LE PUBLIC","isPartOf":{"@id":"https:\/\/www.public.sn\/#website"},"primaryImageOfPage":{"@id":"https:\/\/www.public.sn\/index.php\/2022\/08\/24\/touba-les-inondations-font-un-mort-et-plusieurs-degats-materiels-notes\/#primaryimage"},"image":{"@id":"https:\/\/www.public.sn\/index.php\/2022\/08\/24\/touba-les-inondations-font-un-mort-et-plusieurs-degats-materiels-notes\/#primaryimage"},"thumbnailUrl":"https:\/\/www.public.sn\/wp-content\/uploads\/2022\/08\/inondation.jpeg","datePublished":"2022-08-24T11:55:02+00:00","dateModified":"2022-08-24T12:07:41+00:00","breadcrumb":{"@id":"https:\/\/www.public.sn\/index.php\/2022\/08\/24\/touba-les-inondations-font-un-mort-et-plusieurs-degats-materiels-notes\/#breadcrumb"},"inLanguage":"fr-FR","potentialAction":[{"@type":"ReadAction","target":["https:\/\/www.public.sn\/index.php\/2022\/08\/24\/touba-les-inondations-font-un-mort-et-plusieurs-degats-materiels-notes\/"]}]},{"@type":"ImageObject","inLanguage":"fr-FR","@id":"https:\/\/www.public.sn\/index.php\/2022\/08\/24\/touba-les-inondations-font-un-mort-et-plusieurs-degats-materiels-notes\/#primaryimage","url":"https:\/\/www.public.sn\/wp-content\/uploads\/2022\/08\/inondation.jpeg","contentUrl":"https:\/\/www.public.sn\/wp-content\/uploads\/2022\/08\/inondation.jpeg","width":600,"height":400},{"@type":"BreadcrumbList","@id":"https:\/\/www.public.sn\/index.php\/2022\/08\/24\/touba-les-inondations-font-un-mort-et-plusieurs-degats-materiels-notes\/#breadcrumb","itemListElement":[{"@type":"ListItem","position":1,"name":"Accueil","item":"https:\/\/www.public.sn\/"},{"@type":"ListItem","position":2,"name":"Touba : Les inondations font un mort et plusieurs d\u00e9g\u00e2ts mat\u00e9riels not\u00e9s."}]},{"@type":"WebSite","@id":"https:\/\/www.public.sn\/#website","url":"https:\/\/www.public.sn\/","name":"LE PUBLIC","description":"","publisher":{"@id":"https:\/\/www.public.sn\/#organization"},"potentialAction":[{"@type":"SearchAction","target":{"@type":"EntryPoint","urlTemplate":"https:\/\/www.public.sn\/?s={search_term_string}"},"query-input":{"@type":"PropertyValueSpecification","valueRequired":true,"valueName":"search_term_string"}}],"inLanguage":"fr-FR"},{"@type":"Organization","@id":"https:\/\/www.public.sn\/#organization","name":"LE PUBLIC","url":"https:\/\/www.public.sn\/","logo":{"@type":"ImageObject","inLanguage":"fr-FR","@id":"https:\/\/www.public.sn\/#\/schema\/logo\/image\/","url":"https:\/\/www.public.sn\/wp-content\/uploads\/2024\/05\/cropped-LOGO-PUBLIC.SN_.png","contentUrl":"https:\/\/www.public.sn\/wp-content\/uploads\/2024\/05\/cropped-LOGO-PUBLIC.SN_.png","width":682,"height":192,"caption":"LE PUBLIC"},"image":{"@id":"https:\/\/www.public.sn\/#\/schema\/logo\/image\/"}},{"@type":"Person","@id":"https:\/\/www.public.sn\/#\/schema\/person\/e3f4a11b037d4203902db148f9bc8d5a","name":"LA REDACTION","image":{"@type":"ImageObject","inLanguage":"fr-FR","@id":"https:\/\/www.public.sn\/#\/schema\/person\/image\/","url":"https:\/\/secure.gravatar.com\/avatar\/d6c030db45db2883c075085c5d6c6258654a801a93766b49af0b82d4f454e2a5?s=96&d=mm&r=g","contentUrl":"https:\/\/secure.gravatar.com\/avatar\/d6c030db45db2883c075085c5d6c6258654a801a93766b49af0b82d4f454e2a5?s=96&d=mm&r=g","caption":"LA REDACTION"},"sameAs":["http:\/\/www.public.sn"],"url":"https:\/\/www.public.sn\/index.php\/author\/admin7324\/"}]}},"jetpack_featured_media_url":"https:\/\/www.public.sn\/wp-content\/uploads\/2022\/08\/inondation.jpeg","jetpack_sharing_enabled":true,"_links":{"self":[{"href":"https:\/\/www.public.sn\/index.php\/wp-json\/wp\/v2\/posts\/534","targetHints":{"allow":["GET"]}}],"collection":[{"href":"https:\/\/www.public.sn\/index.php\/wp-json\/wp\/v2\/posts"}],"about":[{"href":"https:\/\/www.public.sn\/index.php\/wp-json\/wp\/v2\/types\/post"}],"author":[{"embeddable":true,"href":"https:\/\/www.public.sn\/index.php\/wp-json\/wp\/v2\/users\/1"}],"replies":[{"embeddable":true,"href":"https:\/\/www.public.sn\/index.php\/wp-json\/wp\/v2\/comments?post=534"}],"version-history":[{"count":3,"href":"https:\/\/www.public.sn\/index.php\/wp-json\/wp\/v2\/posts\/534\/revisions"}],"predecessor-version":[{"id":544,"href":"https:\/\/www.public.sn\/index.php\/wp-json\/wp\/v2\/posts\/534\/revisions\/544"}],"wp:featuredmedia":[{"embeddable":true,"href":"https:\/\/www.public.sn\/index.php\/wp-json\/wp\/v2\/media\/535"}],"wp:attachment":[{"href":"https:\/\/www.public.sn\/index.php\/wp-json\/wp\/v2\/media?parent=534"}],"wp:term":[{"taxonomy":"category","embeddable":true,"href":"https:\/\/www.public.sn\/index.php\/wp-json\/wp\/v2\/categories?post=534"},{"taxonomy":"post_tag","embeddable":true,"href":"https:\/\/www.public.sn\/index.php\/wp-json\/wp\/v2\/tags?post=534"}],"curies":[{"name":"wp","href":"https:\/\/api.w.org\/{rel}","templated":true}]}}