{"id":5372,"date":"2022-10-20T13:36:27","date_gmt":"2022-10-20T13:36:27","guid":{"rendered":"https:\/\/www.public.sn\/?p=5372"},"modified":"2022-10-20T13:37:16","modified_gmt":"2022-10-20T13:37:16","slug":"drame-a-bakel-leffondrement-dun-balcon-fait-deux-morts","status":"publish","type":"post","link":"https:\/\/www.public.sn\/index.php\/2022\/10\/20\/drame-a-bakel-leffondrement-dun-balcon-fait-deux-morts\/","title":{"rendered":"Drame \u00e0 Bakel\u00a0: L\u2019effondrement d\u2019un balcon fait deux morts."},"content":{"rendered":"\n<p>b\u00e2timents .Cette fois ci, c\u2019est, au village de Dialiguel dans le d\u00e9partement de Bakel, un \u00e9croulement de balcon &nbsp;a fait deux morts La liste devient de plus en plus &nbsp;longue avec l\u2019effondrement&nbsp; des dont une dame et un enfant de 2ans.<\/p><div class=\"publi-paragraphe1\" style=\"margin-top: 10px;margin-bottom: 10px;margin-left: auto;margin-right: auto;text-align: center;\" id=\"publi-2170929101\"><div class=\"publi-adlabel\">Publicit\u00e9<\/div><script async src=\"\/\/pagead2.googlesyndication.com\/pagead\/js\/adsbygoogle.js?client=ca-pub-4089586018074219\" crossorigin=\"anonymous\"><\/script><ins class=\"adsbygoogle\" style=\"display:block;\" data-ad-client=\"ca-pub-4089586018074219\" \ndata-ad-slot=\"2087940154\" \ndata-ad-format=\"auto\"><\/ins>\n<script> \n(adsbygoogle = window.adsbygoogle || []).push({}); \n<\/script>\n<\/div>\n\n\n\n<p>Selon nos confr\u00e8res de Seneweb, c\u2019\u00a0 est ce mercredi qu\u2019un bruit assourdissant a rompu la sieste des populations de Dialiguel o\u00f9 un balcon s\u2019est \u00e9croul\u00e9 sur une femme et un enfant de sexe masculin qui ont perdu la vie. Inform\u00e9es de la situation, les populations se sont rendues sur les lieux pour extraire les deux corps sans vie. Ces derniers ont \u00e9t\u00e9 achemin\u00e9s au centre de sant\u00e9 de Kidira. La gendarmerie a proc\u00e9d\u00e9 au constat et \u00a0ouvert une enqu\u00eate pour d\u00e9terminer les v\u00e9ritables causes de ce drame.<\/p>\n\n\n\n<p>Maimouna Niang<\/p>\n<div class=\"publi-apres-le-contenu\" style=\"margin-top: 10px;margin-bottom: 10px;margin-left: auto;margin-right: auto;text-align: center;\" id=\"publi-846913614\"><div class=\"publi-adlabel\">Publicit\u00e9<\/div><script async src=\"\/\/pagead2.googlesyndication.com\/pagead\/js\/adsbygoogle.js?client=ca-pub-4089586018074219\" crossorigin=\"anonymous\"><\/script><ins class=\"adsbygoogle\" style=\"display:block;\" data-ad-client=\"ca-pub-4089586018074219\" \ndata-ad-slot=\"2087940154\" \ndata-ad-format=\"auto\"><\/ins>\n<script> \n(adsbygoogle = window.adsbygoogle || []).push({}); \n<\/script>\n<\/div>","protected":false},"excerpt":{"rendered":"<p>b\u00e2timents .Cette fois ci, c\u2019est, au village de Dialiguel dans le d\u00e9partement de Bakel, un \u00e9croulement de balcon &nbsp;a fait deux morts La liste devient de plus en plus &nbsp;longue avec l\u2019effondrement&nbsp; des dont une dame et un enfant de 2ans. Selon nos confr\u00e8res de Seneweb, c\u2019\u00a0 est ce mercredi qu\u2019un bruit assourdissant a rompu la sieste des populations de Dialiguel o\u00f9 un balcon s\u2019est \u00e9croul\u00e9 sur une femme et un enfant de sexe masculin qui ont perdu la vie. Inform\u00e9es de la situation, les populations se sont rendues sur les lieux pour extraire les deux corps sans vie. Ces derniers ont \u00e9t\u00e9 achemin\u00e9s au centre de sant\u00e9 de Kidira. La gendarmerie a proc\u00e9d\u00e9 au constat et \u00a0ouvert une enqu\u00eate pour d\u00e9terminer les v\u00e9ritables causes de ce drame. Maimouna Niang<\/p>\n","protected":false},"author":1,"featured_media":5373,"comment_status":"open","ping_status":"open","sticky":false,"template":"","format":"standard","meta":{"_jetpack_memberships_contains_paid_content":false,"footnotes":""},"categories":[375,1051,379,1,4],"tags":[1674,444,1133,492],"class_list":["post-5372","post","type-post","status-publish","format-standard","has-post-thumbnail","hentry","category-actualites","category-drame","category-faits-divers","category-non-classe","category-societe","tag-bakel","tag-drame","tag-effondrement","tag-mort","entry","has-media","owp-thumbs-layout-horizontal","owp-btn-normal","owp-tabs-layout-horizontal","has-no-thumbnails","has-product-nav"],"yoast_head":"<!-- This site is optimized with the Yoast SEO plugin v25.5 - https:\/\/yoast.com\/wordpress\/plugins\/seo\/ -->\n<title>Drame \u00e0 Bakel\u00a0: L\u2019effondrement d\u2019un balcon fait deux morts. - LE PUBLIC<\/title>\n<meta name=\"robots\" content=\"index, follow, max-snippet:-1, max-image-preview:large, max-video-preview:-1\" \/>\n<link rel=\"canonical\" href=\"https:\/\/www.public.sn\/index.php\/2022\/10\/20\/drame-a-bakel-leffondrement-dun-balcon-fait-deux-morts\/\" \/>\n<meta property=\"og:locale\" content=\"fr_FR\" \/>\n<meta property=\"og:type\" content=\"article\" \/>\n<meta property=\"og:title\" content=\"Drame \u00e0 Bakel\u00a0: L\u2019effondrement d\u2019un balcon fait deux morts. - LE PUBLIC\" \/>\n<meta property=\"og:description\" content=\"b\u00e2timents .Cette fois ci, c\u2019est, au village de Dialiguel dans le d\u00e9partement de Bakel, un \u00e9croulement de balcon &nbsp;a fait deux morts La liste devient de plus en plus &nbsp;longue avec l\u2019effondrement&nbsp; des dont une dame et un enfant de 2ans. Selon nos confr\u00e8res de Seneweb, c\u2019\u00a0 est ce mercredi qu\u2019un bruit assourdissant a rompu la sieste des populations de Dialiguel o\u00f9 un balcon s\u2019est \u00e9croul\u00e9 sur une femme et un enfant de sexe masculin qui ont perdu la vie. Inform\u00e9es de la situation, les populations se sont rendues sur les lieux pour extraire les deux corps sans vie. Ces derniers ont \u00e9t\u00e9 achemin\u00e9s au centre de sant\u00e9 de Kidira. La gendarmerie a proc\u00e9d\u00e9 au constat et \u00a0ouvert une enqu\u00eate pour d\u00e9terminer les v\u00e9ritables causes de ce drame. Maimouna Niang\" \/>\n<meta property=\"og:url\" content=\"https:\/\/www.public.sn\/index.php\/2022\/10\/20\/drame-a-bakel-leffondrement-dun-balcon-fait-deux-morts\/\" \/>\n<meta property=\"og:site_name\" content=\"LE PUBLIC\" \/>\n<meta property=\"article:published_time\" content=\"2022-10-20T13:36:27+00:00\" \/>\n<meta property=\"article:modified_time\" content=\"2022-10-20T13:37:16+00:00\" \/>\n<meta property=\"og:image\" content=\"https:\/\/www.public.sn\/wp-content\/uploads\/2022\/10\/e7fd0e8042f63b729872221b9c60e08fd86fad9d.jpg\" \/>\n\t<meta property=\"og:image:width\" content=\"612\" \/>\n\t<meta property=\"og:image:height\" content=\"298\" \/>\n\t<meta property=\"og:image:type\" content=\"image\/jpeg\" \/>\n<meta name=\"author\" content=\"LA REDACTION\" \/>\n<meta name=\"twitter:card\" content=\"summary_large_image\" \/>\n<meta name=\"twitter:label1\" content=\"\u00c9crit par\" \/>\n\t<meta name=\"twitter:data1\" content=\"LA REDACTION\" \/>\n\t<meta name=\"twitter:label2\" content=\"Dur\u00e9e de lecture estim\u00e9e\" \/>\n\t<meta name=\"twitter:data2\" content=\"1 minute\" \/>\n<script type=\"application\/ld+json\" class=\"yoast-schema-graph\">{\"@context\":\"https:\/\/schema.org\",\"@graph\":[{\"@type\":\"Article\",\"@id\":\"https:\/\/www.public.sn\/index.php\/2022\/10\/20\/drame-a-bakel-leffondrement-dun-balcon-fait-deux-morts\/#article\",\"isPartOf\":{\"@id\":\"https:\/\/www.public.sn\/index.php\/2022\/10\/20\/drame-a-bakel-leffondrement-dun-balcon-fait-deux-morts\/\"},\"author\":{\"name\":\"LA REDACTION\",\"@id\":\"https:\/\/www.public.sn\/#\/schema\/person\/e3f4a11b037d4203902db148f9bc8d5a\"},\"headline\":\"Drame \u00e0 Bakel\u00a0: L\u2019effondrement d\u2019un balcon fait deux morts.\",\"datePublished\":\"2022-10-20T13:36:27+00:00\",\"dateModified\":\"2022-10-20T13:37:16+00:00\",\"mainEntityOfPage\":{\"@id\":\"https:\/\/www.public.sn\/index.php\/2022\/10\/20\/drame-a-bakel-leffondrement-dun-balcon-fait-deux-morts\/\"},\"wordCount\":156,\"commentCount\":0,\"publisher\":{\"@id\":\"https:\/\/www.public.sn\/#organization\"},\"image\":{\"@id\":\"https:\/\/www.public.sn\/index.php\/2022\/10\/20\/drame-a-bakel-leffondrement-dun-balcon-fait-deux-morts\/#primaryimage\"},\"thumbnailUrl\":\"https:\/\/www.public.sn\/wp-content\/uploads\/2022\/10\/e7fd0e8042f63b729872221b9c60e08fd86fad9d.jpg\",\"keywords\":[\"bakel\",\"Drame\",\"Effondrement\",\"Mort\"],\"articleSection\":[\"ACTUALIT\u00c9S\",\"DRAME\",\"FAITS DIVERS\",\"S\u00c9N\u00c9GAL\",\"SOCIETE\"],\"inLanguage\":\"fr-FR\",\"potentialAction\":[{\"@type\":\"CommentAction\",\"name\":\"Comment\",\"target\":[\"https:\/\/www.public.sn\/index.php\/2022\/10\/20\/drame-a-bakel-leffondrement-dun-balcon-fait-deux-morts\/#respond\"]}]},{\"@type\":\"WebPage\",\"@id\":\"https:\/\/www.public.sn\/index.php\/2022\/10\/20\/drame-a-bakel-leffondrement-dun-balcon-fait-deux-morts\/\",\"url\":\"https:\/\/www.public.sn\/index.php\/2022\/10\/20\/drame-a-bakel-leffondrement-dun-balcon-fait-deux-morts\/\",\"name\":\"Drame \u00e0 Bakel\u00a0: L\u2019effondrement d\u2019un balcon fait deux morts. - LE PUBLIC\",\"isPartOf\":{\"@id\":\"https:\/\/www.public.sn\/#website\"},\"primaryImageOfPage\":{\"@id\":\"https:\/\/www.public.sn\/index.php\/2022\/10\/20\/drame-a-bakel-leffondrement-dun-balcon-fait-deux-morts\/#primaryimage\"},\"image\":{\"@id\":\"https:\/\/www.public.sn\/index.php\/2022\/10\/20\/drame-a-bakel-leffondrement-dun-balcon-fait-deux-morts\/#primaryimage\"},\"thumbnailUrl\":\"https:\/\/www.public.sn\/wp-content\/uploads\/2022\/10\/e7fd0e8042f63b729872221b9c60e08fd86fad9d.jpg\",\"datePublished\":\"2022-10-20T13:36:27+00:00\",\"dateModified\":\"2022-10-20T13:37:16+00:00\",\"breadcrumb\":{\"@id\":\"https:\/\/www.public.sn\/index.php\/2022\/10\/20\/drame-a-bakel-leffondrement-dun-balcon-fait-deux-morts\/#breadcrumb\"},\"inLanguage\":\"fr-FR\",\"potentialAction\":[{\"@type\":\"ReadAction\",\"target\":[\"https:\/\/www.public.sn\/index.php\/2022\/10\/20\/drame-a-bakel-leffondrement-dun-balcon-fait-deux-morts\/\"]}]},{\"@type\":\"ImageObject\",\"inLanguage\":\"fr-FR\",\"@id\":\"https:\/\/www.public.sn\/index.php\/2022\/10\/20\/drame-a-bakel-leffondrement-dun-balcon-fait-deux-morts\/#primaryimage\",\"url\":\"https:\/\/www.public.sn\/wp-content\/uploads\/2022\/10\/e7fd0e8042f63b729872221b9c60e08fd86fad9d.jpg\",\"contentUrl\":\"https:\/\/www.public.sn\/wp-content\/uploads\/2022\/10\/e7fd0e8042f63b729872221b9c60e08fd86fad9d.jpg\",\"width\":612,\"height\":298},{\"@type\":\"BreadcrumbList\",\"@id\":\"https:\/\/www.public.sn\/index.php\/2022\/10\/20\/drame-a-bakel-leffondrement-dun-balcon-fait-deux-morts\/#breadcrumb\",\"itemListElement\":[{\"@type\":\"ListItem\",\"position\":1,\"name\":\"Accueil\",\"item\":\"https:\/\/www.public.sn\/\"},{\"@type\":\"ListItem\",\"position\":2,\"name\":\"Drame \u00e0 Bakel\u00a0: L\u2019effondrement d\u2019un balcon fait deux morts.\"}]},{\"@type\":\"WebSite\",\"@id\":\"https:\/\/www.public.sn\/#website\",\"url\":\"https:\/\/www.public.sn\/\",\"name\":\"LE PUBLIC\",\"description\":\"\",\"publisher\":{\"@id\":\"https:\/\/www.public.sn\/#organization\"},\"potentialAction\":[{\"@type\":\"SearchAction\",\"target\":{\"@type\":\"EntryPoint\",\"urlTemplate\":\"https:\/\/www.public.sn\/?s={search_term_string}\"},\"query-input\":{\"@type\":\"PropertyValueSpecification\",\"valueRequired\":true,\"valueName\":\"search_term_string\"}}],\"inLanguage\":\"fr-FR\"},{\"@type\":\"Organization\",\"@id\":\"https:\/\/www.public.sn\/#organization\",\"name\":\"LE PUBLIC\",\"url\":\"https:\/\/www.public.sn\/\",\"logo\":{\"@type\":\"ImageObject\",\"inLanguage\":\"fr-FR\",\"@id\":\"https:\/\/www.public.sn\/#\/schema\/logo\/image\/\",\"url\":\"https:\/\/www.public.sn\/wp-content\/uploads\/2024\/05\/cropped-LOGO-PUBLIC.SN_.png\",\"contentUrl\":\"https:\/\/www.public.sn\/wp-content\/uploads\/2024\/05\/cropped-LOGO-PUBLIC.SN_.png\",\"width\":682,\"height\":192,\"caption\":\"LE PUBLIC\"},\"image\":{\"@id\":\"https:\/\/www.public.sn\/#\/schema\/logo\/image\/\"}},{\"@type\":\"Person\",\"@id\":\"https:\/\/www.public.sn\/#\/schema\/person\/e3f4a11b037d4203902db148f9bc8d5a\",\"name\":\"LA REDACTION\",\"image\":{\"@type\":\"ImageObject\",\"inLanguage\":\"fr-FR\",\"@id\":\"https:\/\/www.public.sn\/#\/schema\/person\/image\/\",\"url\":\"https:\/\/secure.gravatar.com\/avatar\/d6c030db45db2883c075085c5d6c6258654a801a93766b49af0b82d4f454e2a5?s=96&d=mm&r=g\",\"contentUrl\":\"https:\/\/secure.gravatar.com\/avatar\/d6c030db45db2883c075085c5d6c6258654a801a93766b49af0b82d4f454e2a5?s=96&d=mm&r=g\",\"caption\":\"LA REDACTION\"},\"sameAs\":[\"http:\/\/www.public.sn\"],\"url\":\"https:\/\/www.public.sn\/index.php\/author\/admin7324\/\"}]}<\/script>\n<!-- \/ Yoast SEO plugin. -->","yoast_head_json":{"title":"Drame \u00e0 Bakel\u00a0: L\u2019effondrement d\u2019un balcon fait deux morts. - LE PUBLIC","robots":{"index":"index","follow":"follow","max-snippet":"max-snippet:-1","max-image-preview":"max-image-preview:large","max-video-preview":"max-video-preview:-1"},"canonical":"https:\/\/www.public.sn\/index.php\/2022\/10\/20\/drame-a-bakel-leffondrement-dun-balcon-fait-deux-morts\/","og_locale":"fr_FR","og_type":"article","og_title":"Drame \u00e0 Bakel\u00a0: L\u2019effondrement d\u2019un balcon fait deux morts. - LE PUBLIC","og_description":"b\u00e2timents .Cette fois ci, c\u2019est, au village de Dialiguel dans le d\u00e9partement de Bakel, un \u00e9croulement de balcon &nbsp;a fait deux morts La liste devient de plus en plus &nbsp;longue avec l\u2019effondrement&nbsp; des dont une dame et un enfant de 2ans. Selon nos confr\u00e8res de Seneweb, c\u2019\u00a0 est ce mercredi qu\u2019un bruit assourdissant a rompu la sieste des populations de Dialiguel o\u00f9 un balcon s\u2019est \u00e9croul\u00e9 sur une femme et un enfant de sexe masculin qui ont perdu la vie. Inform\u00e9es de la situation, les populations se sont rendues sur les lieux pour extraire les deux corps sans vie. Ces derniers ont \u00e9t\u00e9 achemin\u00e9s au centre de sant\u00e9 de Kidira. La gendarmerie a proc\u00e9d\u00e9 au constat et \u00a0ouvert une enqu\u00eate pour d\u00e9terminer les v\u00e9ritables causes de ce drame. Maimouna Niang","og_url":"https:\/\/www.public.sn\/index.php\/2022\/10\/20\/drame-a-bakel-leffondrement-dun-balcon-fait-deux-morts\/","og_site_name":"LE PUBLIC","article_published_time":"2022-10-20T13:36:27+00:00","article_modified_time":"2022-10-20T13:37:16+00:00","og_image":[{"width":612,"height":298,"url":"https:\/\/www.public.sn\/wp-content\/uploads\/2022\/10\/e7fd0e8042f63b729872221b9c60e08fd86fad9d.jpg","type":"image\/jpeg"}],"author":"LA REDACTION","twitter_card":"summary_large_image","twitter_misc":{"\u00c9crit par":"LA REDACTION","Dur\u00e9e de lecture estim\u00e9e":"1 minute"},"schema":{"@context":"https:\/\/schema.org","@graph":[{"@type":"Article","@id":"https:\/\/www.public.sn\/index.php\/2022\/10\/20\/drame-a-bakel-leffondrement-dun-balcon-fait-deux-morts\/#article","isPartOf":{"@id":"https:\/\/www.public.sn\/index.php\/2022\/10\/20\/drame-a-bakel-leffondrement-dun-balcon-fait-deux-morts\/"},"author":{"name":"LA REDACTION","@id":"https:\/\/www.public.sn\/#\/schema\/person\/e3f4a11b037d4203902db148f9bc8d5a"},"headline":"Drame \u00e0 Bakel\u00a0: L\u2019effondrement d\u2019un balcon fait deux morts.","datePublished":"2022-10-20T13:36:27+00:00","dateModified":"2022-10-20T13:37:16+00:00","mainEntityOfPage":{"@id":"https:\/\/www.public.sn\/index.php\/2022\/10\/20\/drame-a-bakel-leffondrement-dun-balcon-fait-deux-morts\/"},"wordCount":156,"commentCount":0,"publisher":{"@id":"https:\/\/www.public.sn\/#organization"},"image":{"@id":"https:\/\/www.public.sn\/index.php\/2022\/10\/20\/drame-a-bakel-leffondrement-dun-balcon-fait-deux-morts\/#primaryimage"},"thumbnailUrl":"https:\/\/www.public.sn\/wp-content\/uploads\/2022\/10\/e7fd0e8042f63b729872221b9c60e08fd86fad9d.jpg","keywords":["bakel","Drame","Effondrement","Mort"],"articleSection":["ACTUALIT\u00c9S","DRAME","FAITS DIVERS","S\u00c9N\u00c9GAL","SOCIETE"],"inLanguage":"fr-FR","potentialAction":[{"@type":"CommentAction","name":"Comment","target":["https:\/\/www.public.sn\/index.php\/2022\/10\/20\/drame-a-bakel-leffondrement-dun-balcon-fait-deux-morts\/#respond"]}]},{"@type":"WebPage","@id":"https:\/\/www.public.sn\/index.php\/2022\/10\/20\/drame-a-bakel-leffondrement-dun-balcon-fait-deux-morts\/","url":"https:\/\/www.public.sn\/index.php\/2022\/10\/20\/drame-a-bakel-leffondrement-dun-balcon-fait-deux-morts\/","name":"Drame \u00e0 Bakel\u00a0: L\u2019effondrement d\u2019un balcon fait deux morts. - LE PUBLIC","isPartOf":{"@id":"https:\/\/www.public.sn\/#website"},"primaryImageOfPage":{"@id":"https:\/\/www.public.sn\/index.php\/2022\/10\/20\/drame-a-bakel-leffondrement-dun-balcon-fait-deux-morts\/#primaryimage"},"image":{"@id":"https:\/\/www.public.sn\/index.php\/2022\/10\/20\/drame-a-bakel-leffondrement-dun-balcon-fait-deux-morts\/#primaryimage"},"thumbnailUrl":"https:\/\/www.public.sn\/wp-content\/uploads\/2022\/10\/e7fd0e8042f63b729872221b9c60e08fd86fad9d.jpg","datePublished":"2022-10-20T13:36:27+00:00","dateModified":"2022-10-20T13:37:16+00:00","breadcrumb":{"@id":"https:\/\/www.public.sn\/index.php\/2022\/10\/20\/drame-a-bakel-leffondrement-dun-balcon-fait-deux-morts\/#breadcrumb"},"inLanguage":"fr-FR","potentialAction":[{"@type":"ReadAction","target":["https:\/\/www.public.sn\/index.php\/2022\/10\/20\/drame-a-bakel-leffondrement-dun-balcon-fait-deux-morts\/"]}]},{"@type":"ImageObject","inLanguage":"fr-FR","@id":"https:\/\/www.public.sn\/index.php\/2022\/10\/20\/drame-a-bakel-leffondrement-dun-balcon-fait-deux-morts\/#primaryimage","url":"https:\/\/www.public.sn\/wp-content\/uploads\/2022\/10\/e7fd0e8042f63b729872221b9c60e08fd86fad9d.jpg","contentUrl":"https:\/\/www.public.sn\/wp-content\/uploads\/2022\/10\/e7fd0e8042f63b729872221b9c60e08fd86fad9d.jpg","width":612,"height":298},{"@type":"BreadcrumbList","@id":"https:\/\/www.public.sn\/index.php\/2022\/10\/20\/drame-a-bakel-leffondrement-dun-balcon-fait-deux-morts\/#breadcrumb","itemListElement":[{"@type":"ListItem","position":1,"name":"Accueil","item":"https:\/\/www.public.sn\/"},{"@type":"ListItem","position":2,"name":"Drame \u00e0 Bakel\u00a0: L\u2019effondrement d\u2019un balcon fait deux morts."}]},{"@type":"WebSite","@id":"https:\/\/www.public.sn\/#website","url":"https:\/\/www.public.sn\/","name":"LE PUBLIC","description":"","publisher":{"@id":"https:\/\/www.public.sn\/#organization"},"potentialAction":[{"@type":"SearchAction","target":{"@type":"EntryPoint","urlTemplate":"https:\/\/www.public.sn\/?s={search_term_string}"},"query-input":{"@type":"PropertyValueSpecification","valueRequired":true,"valueName":"search_term_string"}}],"inLanguage":"fr-FR"},{"@type":"Organization","@id":"https:\/\/www.public.sn\/#organization","name":"LE PUBLIC","url":"https:\/\/www.public.sn\/","logo":{"@type":"ImageObject","inLanguage":"fr-FR","@id":"https:\/\/www.public.sn\/#\/schema\/logo\/image\/","url":"https:\/\/www.public.sn\/wp-content\/uploads\/2024\/05\/cropped-LOGO-PUBLIC.SN_.png","contentUrl":"https:\/\/www.public.sn\/wp-content\/uploads\/2024\/05\/cropped-LOGO-PUBLIC.SN_.png","width":682,"height":192,"caption":"LE PUBLIC"},"image":{"@id":"https:\/\/www.public.sn\/#\/schema\/logo\/image\/"}},{"@type":"Person","@id":"https:\/\/www.public.sn\/#\/schema\/person\/e3f4a11b037d4203902db148f9bc8d5a","name":"LA REDACTION","image":{"@type":"ImageObject","inLanguage":"fr-FR","@id":"https:\/\/www.public.sn\/#\/schema\/person\/image\/","url":"https:\/\/secure.gravatar.com\/avatar\/d6c030db45db2883c075085c5d6c6258654a801a93766b49af0b82d4f454e2a5?s=96&d=mm&r=g","contentUrl":"https:\/\/secure.gravatar.com\/avatar\/d6c030db45db2883c075085c5d6c6258654a801a93766b49af0b82d4f454e2a5?s=96&d=mm&r=g","caption":"LA REDACTION"},"sameAs":["http:\/\/www.public.sn"],"url":"https:\/\/www.public.sn\/index.php\/author\/admin7324\/"}]}},"jetpack_featured_media_url":"https:\/\/www.public.sn\/wp-content\/uploads\/2022\/10\/e7fd0e8042f63b729872221b9c60e08fd86fad9d.jpg","jetpack_sharing_enabled":true,"_links":{"self":[{"href":"https:\/\/www.public.sn\/index.php\/wp-json\/wp\/v2\/posts\/5372","targetHints":{"allow":["GET"]}}],"collection":[{"href":"https:\/\/www.public.sn\/index.php\/wp-json\/wp\/v2\/posts"}],"about":[{"href":"https:\/\/www.public.sn\/index.php\/wp-json\/wp\/v2\/types\/post"}],"author":[{"embeddable":true,"href":"https:\/\/www.public.sn\/index.php\/wp-json\/wp\/v2\/users\/1"}],"replies":[{"embeddable":true,"href":"https:\/\/www.public.sn\/index.php\/wp-json\/wp\/v2\/comments?post=5372"}],"version-history":[{"count":2,"href":"https:\/\/www.public.sn\/index.php\/wp-json\/wp\/v2\/posts\/5372\/revisions"}],"predecessor-version":[{"id":5376,"href":"https:\/\/www.public.sn\/index.php\/wp-json\/wp\/v2\/posts\/5372\/revisions\/5376"}],"wp:featuredmedia":[{"embeddable":true,"href":"https:\/\/www.public.sn\/index.php\/wp-json\/wp\/v2\/media\/5373"}],"wp:attachment":[{"href":"https:\/\/www.public.sn\/index.php\/wp-json\/wp\/v2\/media?parent=5372"}],"wp:term":[{"taxonomy":"category","embeddable":true,"href":"https:\/\/www.public.sn\/index.php\/wp-json\/wp\/v2\/categories?post=5372"},{"taxonomy":"post_tag","embeddable":true,"href":"https:\/\/www.public.sn\/index.php\/wp-json\/wp\/v2\/tags?post=5372"}],"curies":[{"name":"wp","href":"https:\/\/api.w.org\/{rel}","templated":true}]}}