{"id":5382,"date":"2022-10-20T15:29:52","date_gmt":"2022-10-20T15:29:52","guid":{"rendered":"https:\/\/www.public.sn\/?p=5382"},"modified":"2022-10-20T16:18:37","modified_gmt":"2022-10-20T16:18:37","slug":"sambou-biagui-senegal-paregoul-pour-coupe-du-monde","status":"publish","type":"post","link":"https:\/\/www.public.sn\/index.php\/2022\/10\/20\/sambou-biagui-senegal-paregoul-pour-coupe-du-monde\/","title":{"rendered":"Sambou Biagui\u00a0: \u00ab\u00a0S\u00e9n\u00e9gal par\u00e9goul pour Coupe du Monde\u00a0\u00bb"},"content":{"rendered":"\n<p><\/p>\n\n\n\n<p><strong>Sadio Man\u00e9 est un model pour toute l\u2019Afrique et il est entr\u00e9 dans l\u2019histoire. Son prix&nbsp;\u00ab&nbsp;Socrates&nbsp;\u00bb est une confirmation des actions sociales qu\u2019il entreprend \u00e0 Bambali et au S\u00e9n\u00e9gal. Sadio Man\u00e9 a connu toutes les \u00e9tapes avant son heure de gloire. <\/strong><\/p><div class=\"publi-paragraphe1\" style=\"margin-top: 10px;margin-bottom: 10px;margin-left: auto;margin-right: auto;text-align: center;\" id=\"publi-983109461\"><div class=\"publi-adlabel\">Publicit\u00e9<\/div><script async src=\"\/\/pagead2.googlesyndication.com\/pagead\/js\/adsbygoogle.js?client=ca-pub-4089586018074219\" crossorigin=\"anonymous\"><\/script><ins class=\"adsbygoogle\" style=\"display:block;\" data-ad-client=\"ca-pub-4089586018074219\" \ndata-ad-slot=\"2087940154\" \ndata-ad-format=\"auto\"><\/ins>\n<script> \n(adsbygoogle = window.adsbygoogle || []).push({}); \n<\/script>\n<\/div>\n\n\n\n<p><\/p>\n\n\n\n<p>Pour le journaliste sportif Sambou Biagui, Sadio est le ballon d\u2019or des c\u0153urs et il a remport\u00e9 toutes les r\u00e9compenses. Il est le meilleur joueur du monde et le ballon d\u2019or est biais\u00e9 car ce sont souvent les fran\u00e7ais ou des joueurs qui jouent dans le championnat de France qui sont privil\u00e9gi\u00e9s. Pour la coupe du monde, l\u2019\u00e9quipe du S\u00e9n\u00e9gal n\u2019est pas pr\u00eate et le changement de ministre est une erreur. <\/p>\n\n\n\n<p><\/p>\n\n\n\n<p>Autres questions abord\u00e9es, le manque de temps de jeu de certains lions et le comportement des agents de joueurs, le salaire de Aliou Ciss\u00e9, le sort des autres entraineurs des \u00e9quipes nationales, les disparit\u00e9s dans le sport, les d\u00e9tenus politiques.<\/p>\n\n\n\n<p>Toutes ces questions sont abord\u00e9es avec Publicsn.<\/p>\n\n\n\n<p>Maimouna Niang.<\/p>\n\n\n<p><iframe width=\"640\" height=\"360\" src=\"https:\/\/www.youtube.com\/embed\/oVvc_CCWnP0\" title=\"Sambou Biagui:Le S\u00e9n\u00e9gal n'est pas pr\u00eat pour la coupe du monde...\" frameborder=\"0\" allow=\"accelerometer; autoplay; clipboard-write; encrypted-media; gyroscope; picture-in-picture\" allowfullscreen=\"\"><\/iframe><\/p><div class=\"publi-apres-le-contenu\" style=\"margin-top: 10px;margin-bottom: 10px;margin-left: auto;margin-right: auto;text-align: center;\" id=\"publi-668740199\"><div class=\"publi-adlabel\">Publicit\u00e9<\/div><script async src=\"\/\/pagead2.googlesyndication.com\/pagead\/js\/adsbygoogle.js?client=ca-pub-4089586018074219\" crossorigin=\"anonymous\"><\/script><ins class=\"adsbygoogle\" style=\"display:block;\" data-ad-client=\"ca-pub-4089586018074219\" \ndata-ad-slot=\"2087940154\" \ndata-ad-format=\"auto\"><\/ins>\n<script> \n(adsbygoogle = window.adsbygoogle || []).push({}); \n<\/script>\n<\/div>","protected":false},"excerpt":{"rendered":"<p>Sadio Man\u00e9 est un model pour toute l\u2019Afrique et il est entr\u00e9 dans l\u2019histoire. Son prix&nbsp;\u00ab&nbsp;Socrates&nbsp;\u00bb est une confirmation des actions sociales qu\u2019il entreprend \u00e0 Bambali et au S\u00e9n\u00e9gal. Sadio Man\u00e9 a connu toutes les \u00e9tapes avant son heure de gloire. Pour le journaliste sportif Sambou Biagui, Sadio est le ballon d\u2019or des c\u0153urs et il a remport\u00e9 toutes les r\u00e9compenses. Il est le meilleur joueur du monde et le ballon d\u2019or est biais\u00e9 car ce sont souvent les fran\u00e7ais ou des joueurs qui jouent dans le championnat de France qui sont privil\u00e9gi\u00e9s. Pour la coupe du monde, l\u2019\u00e9quipe du S\u00e9n\u00e9gal n\u2019est pas pr\u00eate et le changement de ministre est une erreur. Autres questions abord\u00e9es, le manque de temps de jeu de certains lions et le comportement des agents de joueurs, le salaire de Aliou Ciss\u00e9, le sort des autres entraineurs des \u00e9quipes nationales, les disparit\u00e9s dans le sport, les d\u00e9tenus politiques. Toutes ces questions sont abord\u00e9es avec Publicsn. Maimouna Niang.<\/p>\n","protected":false},"author":7,"featured_media":5383,"comment_status":"open","ping_status":"open","sticky":false,"template":"","format":"standard","meta":{"_jetpack_memberships_contains_paid_content":false,"footnotes":""},"categories":[375,1,7],"tags":[1223,1806,1262],"class_list":["post-5382","post","type-post","status-publish","format-standard","has-post-thumbnail","hentry","category-actualites","category-non-classe","category-sport","tag-coupe-du-monde","tag-sambou-biagui","tag-sport","entry","has-media","owp-thumbs-layout-horizontal","owp-btn-normal","owp-tabs-layout-horizontal","has-no-thumbnails","has-product-nav"],"yoast_head":"<!-- This site is optimized with the Yoast SEO plugin v25.5 - https:\/\/yoast.com\/wordpress\/plugins\/seo\/ -->\n<title>Sambou Biagui\u00a0: &quot;S\u00e9n\u00e9gal par\u00e9goul pour Coupe du Monde&quot; - LE PUBLIC<\/title>\n<meta name=\"robots\" content=\"index, follow, max-snippet:-1, max-image-preview:large, max-video-preview:-1\" \/>\n<link rel=\"canonical\" href=\"https:\/\/www.public.sn\/index.php\/2022\/10\/20\/sambou-biagui-senegal-paregoul-pour-coupe-du-monde\/\" \/>\n<meta property=\"og:locale\" content=\"fr_FR\" \/>\n<meta property=\"og:type\" content=\"article\" \/>\n<meta property=\"og:title\" content=\"Sambou Biagui\u00a0: &quot;S\u00e9n\u00e9gal par\u00e9goul pour Coupe du Monde&quot; - LE PUBLIC\" \/>\n<meta property=\"og:description\" content=\"Sadio Man\u00e9 est un model pour toute l\u2019Afrique et il est entr\u00e9 dans l\u2019histoire. Son prix&nbsp;\u00ab&nbsp;Socrates&nbsp;\u00bb est une confirmation des actions sociales qu\u2019il entreprend \u00e0 Bambali et au S\u00e9n\u00e9gal. Sadio Man\u00e9 a connu toutes les \u00e9tapes avant son heure de gloire. Pour le journaliste sportif Sambou Biagui, Sadio est le ballon d\u2019or des c\u0153urs et il a remport\u00e9 toutes les r\u00e9compenses. Il est le meilleur joueur du monde et le ballon d\u2019or est biais\u00e9 car ce sont souvent les fran\u00e7ais ou des joueurs qui jouent dans le championnat de France qui sont privil\u00e9gi\u00e9s. Pour la coupe du monde, l\u2019\u00e9quipe du S\u00e9n\u00e9gal n\u2019est pas pr\u00eate et le changement de ministre est une erreur. Autres questions abord\u00e9es, le manque de temps de jeu de certains lions et le comportement des agents de joueurs, le salaire de Aliou Ciss\u00e9, le sort des autres entraineurs des \u00e9quipes nationales, les disparit\u00e9s dans le sport, les d\u00e9tenus politiques. Toutes ces questions sont abord\u00e9es avec Publicsn. Maimouna Niang.\" \/>\n<meta property=\"og:url\" content=\"https:\/\/www.public.sn\/index.php\/2022\/10\/20\/sambou-biagui-senegal-paregoul-pour-coupe-du-monde\/\" \/>\n<meta property=\"og:site_name\" content=\"LE PUBLIC\" \/>\n<meta property=\"article:published_time\" content=\"2022-10-20T15:29:52+00:00\" \/>\n<meta property=\"article:modified_time\" content=\"2022-10-20T16:18:37+00:00\" \/>\n<meta property=\"og:image\" content=\"https:\/\/www.public.sn\/wp-content\/uploads\/2022\/10\/biagui.jpg\" \/>\n\t<meta property=\"og:image:width\" content=\"698\" \/>\n\t<meta property=\"og:image:height\" content=\"444\" \/>\n\t<meta property=\"og:image:type\" content=\"image\/jpeg\" \/>\n<meta name=\"author\" content=\"LA REDACTION\" \/>\n<meta name=\"twitter:card\" content=\"summary_large_image\" \/>\n<meta name=\"twitter:label1\" content=\"\u00c9crit par\" \/>\n\t<meta name=\"twitter:data1\" content=\"LA REDACTION\" \/>\n\t<meta name=\"twitter:label2\" content=\"Dur\u00e9e de lecture estim\u00e9e\" \/>\n\t<meta name=\"twitter:data2\" content=\"1 minute\" \/>\n<script type=\"application\/ld+json\" class=\"yoast-schema-graph\">{\"@context\":\"https:\/\/schema.org\",\"@graph\":[{\"@type\":\"Article\",\"@id\":\"https:\/\/www.public.sn\/index.php\/2022\/10\/20\/sambou-biagui-senegal-paregoul-pour-coupe-du-monde\/#article\",\"isPartOf\":{\"@id\":\"https:\/\/www.public.sn\/index.php\/2022\/10\/20\/sambou-biagui-senegal-paregoul-pour-coupe-du-monde\/\"},\"author\":{\"name\":\"LA REDACTION\",\"@id\":\"https:\/\/www.public.sn\/#\/schema\/person\/cb76c8e1b8becc6be61fb5e92d6d0224\"},\"headline\":\"Sambou Biagui\u00a0: \u00ab\u00a0S\u00e9n\u00e9gal par\u00e9goul pour Coupe du Monde\u00a0\u00bb\",\"datePublished\":\"2022-10-20T15:29:52+00:00\",\"dateModified\":\"2022-10-20T16:18:37+00:00\",\"mainEntityOfPage\":{\"@id\":\"https:\/\/www.public.sn\/index.php\/2022\/10\/20\/sambou-biagui-senegal-paregoul-pour-coupe-du-monde\/\"},\"wordCount\":196,\"commentCount\":0,\"publisher\":{\"@id\":\"https:\/\/www.public.sn\/#organization\"},\"image\":{\"@id\":\"https:\/\/www.public.sn\/index.php\/2022\/10\/20\/sambou-biagui-senegal-paregoul-pour-coupe-du-monde\/#primaryimage\"},\"thumbnailUrl\":\"https:\/\/www.public.sn\/wp-content\/uploads\/2022\/10\/biagui.jpg\",\"keywords\":[\"coupe du monde\",\"sambou biagui\",\"Sport\"],\"articleSection\":[\"ACTUALIT\u00c9S\",\"S\u00c9N\u00c9GAL\",\"SPORTS\"],\"inLanguage\":\"fr-FR\",\"potentialAction\":[{\"@type\":\"CommentAction\",\"name\":\"Comment\",\"target\":[\"https:\/\/www.public.sn\/index.php\/2022\/10\/20\/sambou-biagui-senegal-paregoul-pour-coupe-du-monde\/#respond\"]}]},{\"@type\":\"WebPage\",\"@id\":\"https:\/\/www.public.sn\/index.php\/2022\/10\/20\/sambou-biagui-senegal-paregoul-pour-coupe-du-monde\/\",\"url\":\"https:\/\/www.public.sn\/index.php\/2022\/10\/20\/sambou-biagui-senegal-paregoul-pour-coupe-du-monde\/\",\"name\":\"Sambou Biagui\u00a0: \\\"S\u00e9n\u00e9gal par\u00e9goul pour Coupe du Monde\\\" - LE PUBLIC\",\"isPartOf\":{\"@id\":\"https:\/\/www.public.sn\/#website\"},\"primaryImageOfPage\":{\"@id\":\"https:\/\/www.public.sn\/index.php\/2022\/10\/20\/sambou-biagui-senegal-paregoul-pour-coupe-du-monde\/#primaryimage\"},\"image\":{\"@id\":\"https:\/\/www.public.sn\/index.php\/2022\/10\/20\/sambou-biagui-senegal-paregoul-pour-coupe-du-monde\/#primaryimage\"},\"thumbnailUrl\":\"https:\/\/www.public.sn\/wp-content\/uploads\/2022\/10\/biagui.jpg\",\"datePublished\":\"2022-10-20T15:29:52+00:00\",\"dateModified\":\"2022-10-20T16:18:37+00:00\",\"breadcrumb\":{\"@id\":\"https:\/\/www.public.sn\/index.php\/2022\/10\/20\/sambou-biagui-senegal-paregoul-pour-coupe-du-monde\/#breadcrumb\"},\"inLanguage\":\"fr-FR\",\"potentialAction\":[{\"@type\":\"ReadAction\",\"target\":[\"https:\/\/www.public.sn\/index.php\/2022\/10\/20\/sambou-biagui-senegal-paregoul-pour-coupe-du-monde\/\"]}]},{\"@type\":\"ImageObject\",\"inLanguage\":\"fr-FR\",\"@id\":\"https:\/\/www.public.sn\/index.php\/2022\/10\/20\/sambou-biagui-senegal-paregoul-pour-coupe-du-monde\/#primaryimage\",\"url\":\"https:\/\/www.public.sn\/wp-content\/uploads\/2022\/10\/biagui.jpg\",\"contentUrl\":\"https:\/\/www.public.sn\/wp-content\/uploads\/2022\/10\/biagui.jpg\",\"width\":698,\"height\":444,\"caption\":\"publicssn\"},{\"@type\":\"BreadcrumbList\",\"@id\":\"https:\/\/www.public.sn\/index.php\/2022\/10\/20\/sambou-biagui-senegal-paregoul-pour-coupe-du-monde\/#breadcrumb\",\"itemListElement\":[{\"@type\":\"ListItem\",\"position\":1,\"name\":\"Accueil\",\"item\":\"https:\/\/www.public.sn\/\"},{\"@type\":\"ListItem\",\"position\":2,\"name\":\"Sambou Biagui\u00a0: \u00ab\u00a0S\u00e9n\u00e9gal par\u00e9goul pour Coupe du Monde\u00a0\u00bb\"}]},{\"@type\":\"WebSite\",\"@id\":\"https:\/\/www.public.sn\/#website\",\"url\":\"https:\/\/www.public.sn\/\",\"name\":\"LE PUBLIC\",\"description\":\"\",\"publisher\":{\"@id\":\"https:\/\/www.public.sn\/#organization\"},\"potentialAction\":[{\"@type\":\"SearchAction\",\"target\":{\"@type\":\"EntryPoint\",\"urlTemplate\":\"https:\/\/www.public.sn\/?s={search_term_string}\"},\"query-input\":{\"@type\":\"PropertyValueSpecification\",\"valueRequired\":true,\"valueName\":\"search_term_string\"}}],\"inLanguage\":\"fr-FR\"},{\"@type\":\"Organization\",\"@id\":\"https:\/\/www.public.sn\/#organization\",\"name\":\"LE PUBLIC\",\"url\":\"https:\/\/www.public.sn\/\",\"logo\":{\"@type\":\"ImageObject\",\"inLanguage\":\"fr-FR\",\"@id\":\"https:\/\/www.public.sn\/#\/schema\/logo\/image\/\",\"url\":\"https:\/\/www.public.sn\/wp-content\/uploads\/2024\/05\/cropped-LOGO-PUBLIC.SN_.png\",\"contentUrl\":\"https:\/\/www.public.sn\/wp-content\/uploads\/2024\/05\/cropped-LOGO-PUBLIC.SN_.png\",\"width\":682,\"height\":192,\"caption\":\"LE PUBLIC\"},\"image\":{\"@id\":\"https:\/\/www.public.sn\/#\/schema\/logo\/image\/\"}},{\"@type\":\"Person\",\"@id\":\"https:\/\/www.public.sn\/#\/schema\/person\/cb76c8e1b8becc6be61fb5e92d6d0224\",\"name\":\"LA REDACTION\",\"image\":{\"@type\":\"ImageObject\",\"inLanguage\":\"fr-FR\",\"@id\":\"https:\/\/www.public.sn\/#\/schema\/person\/image\/\",\"url\":\"https:\/\/secure.gravatar.com\/avatar\/2dce5ddd34b8fef0180efe03aa2a9bee7d953856048f9a16b298190a3178407c?s=96&d=mm&r=g\",\"contentUrl\":\"https:\/\/secure.gravatar.com\/avatar\/2dce5ddd34b8fef0180efe03aa2a9bee7d953856048f9a16b298190a3178407c?s=96&d=mm&r=g\",\"caption\":\"LA REDACTION\"},\"url\":\"https:\/\/www.public.sn\/index.php\/author\/editeurpsn\/\"}]}<\/script>\n<!-- \/ Yoast SEO plugin. -->","yoast_head_json":{"title":"Sambou Biagui\u00a0: \"S\u00e9n\u00e9gal par\u00e9goul pour Coupe du Monde\" - LE PUBLIC","robots":{"index":"index","follow":"follow","max-snippet":"max-snippet:-1","max-image-preview":"max-image-preview:large","max-video-preview":"max-video-preview:-1"},"canonical":"https:\/\/www.public.sn\/index.php\/2022\/10\/20\/sambou-biagui-senegal-paregoul-pour-coupe-du-monde\/","og_locale":"fr_FR","og_type":"article","og_title":"Sambou Biagui\u00a0: \"S\u00e9n\u00e9gal par\u00e9goul pour Coupe du Monde\" - LE PUBLIC","og_description":"Sadio Man\u00e9 est un model pour toute l\u2019Afrique et il est entr\u00e9 dans l\u2019histoire. Son prix&nbsp;\u00ab&nbsp;Socrates&nbsp;\u00bb est une confirmation des actions sociales qu\u2019il entreprend \u00e0 Bambali et au S\u00e9n\u00e9gal. Sadio Man\u00e9 a connu toutes les \u00e9tapes avant son heure de gloire. Pour le journaliste sportif Sambou Biagui, Sadio est le ballon d\u2019or des c\u0153urs et il a remport\u00e9 toutes les r\u00e9compenses. Il est le meilleur joueur du monde et le ballon d\u2019or est biais\u00e9 car ce sont souvent les fran\u00e7ais ou des joueurs qui jouent dans le championnat de France qui sont privil\u00e9gi\u00e9s. Pour la coupe du monde, l\u2019\u00e9quipe du S\u00e9n\u00e9gal n\u2019est pas pr\u00eate et le changement de ministre est une erreur. Autres questions abord\u00e9es, le manque de temps de jeu de certains lions et le comportement des agents de joueurs, le salaire de Aliou Ciss\u00e9, le sort des autres entraineurs des \u00e9quipes nationales, les disparit\u00e9s dans le sport, les d\u00e9tenus politiques. Toutes ces questions sont abord\u00e9es avec Publicsn. Maimouna Niang.","og_url":"https:\/\/www.public.sn\/index.php\/2022\/10\/20\/sambou-biagui-senegal-paregoul-pour-coupe-du-monde\/","og_site_name":"LE PUBLIC","article_published_time":"2022-10-20T15:29:52+00:00","article_modified_time":"2022-10-20T16:18:37+00:00","og_image":[{"width":698,"height":444,"url":"https:\/\/www.public.sn\/wp-content\/uploads\/2022\/10\/biagui.jpg","type":"image\/jpeg"}],"author":"LA REDACTION","twitter_card":"summary_large_image","twitter_misc":{"\u00c9crit par":"LA REDACTION","Dur\u00e9e de lecture estim\u00e9e":"1 minute"},"schema":{"@context":"https:\/\/schema.org","@graph":[{"@type":"Article","@id":"https:\/\/www.public.sn\/index.php\/2022\/10\/20\/sambou-biagui-senegal-paregoul-pour-coupe-du-monde\/#article","isPartOf":{"@id":"https:\/\/www.public.sn\/index.php\/2022\/10\/20\/sambou-biagui-senegal-paregoul-pour-coupe-du-monde\/"},"author":{"name":"LA REDACTION","@id":"https:\/\/www.public.sn\/#\/schema\/person\/cb76c8e1b8becc6be61fb5e92d6d0224"},"headline":"Sambou Biagui\u00a0: \u00ab\u00a0S\u00e9n\u00e9gal par\u00e9goul pour Coupe du Monde\u00a0\u00bb","datePublished":"2022-10-20T15:29:52+00:00","dateModified":"2022-10-20T16:18:37+00:00","mainEntityOfPage":{"@id":"https:\/\/www.public.sn\/index.php\/2022\/10\/20\/sambou-biagui-senegal-paregoul-pour-coupe-du-monde\/"},"wordCount":196,"commentCount":0,"publisher":{"@id":"https:\/\/www.public.sn\/#organization"},"image":{"@id":"https:\/\/www.public.sn\/index.php\/2022\/10\/20\/sambou-biagui-senegal-paregoul-pour-coupe-du-monde\/#primaryimage"},"thumbnailUrl":"https:\/\/www.public.sn\/wp-content\/uploads\/2022\/10\/biagui.jpg","keywords":["coupe du monde","sambou biagui","Sport"],"articleSection":["ACTUALIT\u00c9S","S\u00c9N\u00c9GAL","SPORTS"],"inLanguage":"fr-FR","potentialAction":[{"@type":"CommentAction","name":"Comment","target":["https:\/\/www.public.sn\/index.php\/2022\/10\/20\/sambou-biagui-senegal-paregoul-pour-coupe-du-monde\/#respond"]}]},{"@type":"WebPage","@id":"https:\/\/www.public.sn\/index.php\/2022\/10\/20\/sambou-biagui-senegal-paregoul-pour-coupe-du-monde\/","url":"https:\/\/www.public.sn\/index.php\/2022\/10\/20\/sambou-biagui-senegal-paregoul-pour-coupe-du-monde\/","name":"Sambou Biagui\u00a0: \"S\u00e9n\u00e9gal par\u00e9goul pour Coupe du Monde\" - LE PUBLIC","isPartOf":{"@id":"https:\/\/www.public.sn\/#website"},"primaryImageOfPage":{"@id":"https:\/\/www.public.sn\/index.php\/2022\/10\/20\/sambou-biagui-senegal-paregoul-pour-coupe-du-monde\/#primaryimage"},"image":{"@id":"https:\/\/www.public.sn\/index.php\/2022\/10\/20\/sambou-biagui-senegal-paregoul-pour-coupe-du-monde\/#primaryimage"},"thumbnailUrl":"https:\/\/www.public.sn\/wp-content\/uploads\/2022\/10\/biagui.jpg","datePublished":"2022-10-20T15:29:52+00:00","dateModified":"2022-10-20T16:18:37+00:00","breadcrumb":{"@id":"https:\/\/www.public.sn\/index.php\/2022\/10\/20\/sambou-biagui-senegal-paregoul-pour-coupe-du-monde\/#breadcrumb"},"inLanguage":"fr-FR","potentialAction":[{"@type":"ReadAction","target":["https:\/\/www.public.sn\/index.php\/2022\/10\/20\/sambou-biagui-senegal-paregoul-pour-coupe-du-monde\/"]}]},{"@type":"ImageObject","inLanguage":"fr-FR","@id":"https:\/\/www.public.sn\/index.php\/2022\/10\/20\/sambou-biagui-senegal-paregoul-pour-coupe-du-monde\/#primaryimage","url":"https:\/\/www.public.sn\/wp-content\/uploads\/2022\/10\/biagui.jpg","contentUrl":"https:\/\/www.public.sn\/wp-content\/uploads\/2022\/10\/biagui.jpg","width":698,"height":444,"caption":"publicssn"},{"@type":"BreadcrumbList","@id":"https:\/\/www.public.sn\/index.php\/2022\/10\/20\/sambou-biagui-senegal-paregoul-pour-coupe-du-monde\/#breadcrumb","itemListElement":[{"@type":"ListItem","position":1,"name":"Accueil","item":"https:\/\/www.public.sn\/"},{"@type":"ListItem","position":2,"name":"Sambou Biagui\u00a0: \u00ab\u00a0S\u00e9n\u00e9gal par\u00e9goul pour Coupe du Monde\u00a0\u00bb"}]},{"@type":"WebSite","@id":"https:\/\/www.public.sn\/#website","url":"https:\/\/www.public.sn\/","name":"LE PUBLIC","description":"","publisher":{"@id":"https:\/\/www.public.sn\/#organization"},"potentialAction":[{"@type":"SearchAction","target":{"@type":"EntryPoint","urlTemplate":"https:\/\/www.public.sn\/?s={search_term_string}"},"query-input":{"@type":"PropertyValueSpecification","valueRequired":true,"valueName":"search_term_string"}}],"inLanguage":"fr-FR"},{"@type":"Organization","@id":"https:\/\/www.public.sn\/#organization","name":"LE PUBLIC","url":"https:\/\/www.public.sn\/","logo":{"@type":"ImageObject","inLanguage":"fr-FR","@id":"https:\/\/www.public.sn\/#\/schema\/logo\/image\/","url":"https:\/\/www.public.sn\/wp-content\/uploads\/2024\/05\/cropped-LOGO-PUBLIC.SN_.png","contentUrl":"https:\/\/www.public.sn\/wp-content\/uploads\/2024\/05\/cropped-LOGO-PUBLIC.SN_.png","width":682,"height":192,"caption":"LE PUBLIC"},"image":{"@id":"https:\/\/www.public.sn\/#\/schema\/logo\/image\/"}},{"@type":"Person","@id":"https:\/\/www.public.sn\/#\/schema\/person\/cb76c8e1b8becc6be61fb5e92d6d0224","name":"LA REDACTION","image":{"@type":"ImageObject","inLanguage":"fr-FR","@id":"https:\/\/www.public.sn\/#\/schema\/person\/image\/","url":"https:\/\/secure.gravatar.com\/avatar\/2dce5ddd34b8fef0180efe03aa2a9bee7d953856048f9a16b298190a3178407c?s=96&d=mm&r=g","contentUrl":"https:\/\/secure.gravatar.com\/avatar\/2dce5ddd34b8fef0180efe03aa2a9bee7d953856048f9a16b298190a3178407c?s=96&d=mm&r=g","caption":"LA REDACTION"},"url":"https:\/\/www.public.sn\/index.php\/author\/editeurpsn\/"}]}},"jetpack_featured_media_url":"https:\/\/www.public.sn\/wp-content\/uploads\/2022\/10\/biagui.jpg","jetpack_sharing_enabled":true,"_links":{"self":[{"href":"https:\/\/www.public.sn\/index.php\/wp-json\/wp\/v2\/posts\/5382","targetHints":{"allow":["GET"]}}],"collection":[{"href":"https:\/\/www.public.sn\/index.php\/wp-json\/wp\/v2\/posts"}],"about":[{"href":"https:\/\/www.public.sn\/index.php\/wp-json\/wp\/v2\/types\/post"}],"author":[{"embeddable":true,"href":"https:\/\/www.public.sn\/index.php\/wp-json\/wp\/v2\/users\/7"}],"replies":[{"embeddable":true,"href":"https:\/\/www.public.sn\/index.php\/wp-json\/wp\/v2\/comments?post=5382"}],"version-history":[{"count":3,"href":"https:\/\/www.public.sn\/index.php\/wp-json\/wp\/v2\/posts\/5382\/revisions"}],"predecessor-version":[{"id":5403,"href":"https:\/\/www.public.sn\/index.php\/wp-json\/wp\/v2\/posts\/5382\/revisions\/5403"}],"wp:featuredmedia":[{"embeddable":true,"href":"https:\/\/www.public.sn\/index.php\/wp-json\/wp\/v2\/media\/5383"}],"wp:attachment":[{"href":"https:\/\/www.public.sn\/index.php\/wp-json\/wp\/v2\/media?parent=5382"}],"wp:term":[{"taxonomy":"category","embeddable":true,"href":"https:\/\/www.public.sn\/index.php\/wp-json\/wp\/v2\/categories?post=5382"},{"taxonomy":"post_tag","embeddable":true,"href":"https:\/\/www.public.sn\/index.php\/wp-json\/wp\/v2\/tags?post=5382"}],"curies":[{"name":"wp","href":"https:\/\/api.w.org\/{rel}","templated":true}]}}