{"id":5460,"date":"2022-10-20T20:35:28","date_gmt":"2022-10-20T20:35:28","guid":{"rendered":"https:\/\/www.public.sn\/?p=5460"},"modified":"2022-10-20T20:36:25","modified_gmt":"2022-10-20T20:36:25","slug":"ismaila-diop-tire-sur-racine-talla-dg-de-la-rts","status":"publish","type":"post","link":"https:\/\/www.public.sn\/index.php\/2022\/10\/20\/ismaila-diop-tire-sur-racine-talla-dg-de-la-rts\/","title":{"rendered":"Isma\u00efla Diop tire sur Racine Talla Dg de la Rts."},"content":{"rendered":"\n<p>Depuis un certain temps la Rts est secou\u00e9e par une crise entre le syndicat et le Dg Racine Talla. Ainsi, on note une vague de d\u00e9part de ses agents qui disparaissent subitement des \u00e9crans. Parmi eux, Isma\u00efla Diop animateur de l\u2019\u00e9mission \u00ab&nbsp;degn Koumpa&nbsp;\u00bb qui l\u2019a r\u00e9v\u00e9l\u00e9 au grand public, d\u00e9nonce l\u2019injustice qui r\u00e8gne au sein de la t\u00e9l\u00e9vision nationale. &nbsp;Selon lui, \u00ab&nbsp;une cinquantaine d\u2019agents de la Rts sont mis \u00e0 l\u2019\u00e9cart par la faute du Dg qui profite des biens de la Rts pour son propre compte&nbsp;\u00bb.<\/p><div class=\"publi-paragraphe1\" style=\"margin-top: 10px;margin-bottom: 10px;margin-left: auto;margin-right: auto;text-align: center;\" id=\"publi-423250252\"><div class=\"publi-adlabel\">Publicit\u00e9<\/div><script async src=\"\/\/pagead2.googlesyndication.com\/pagead\/js\/adsbygoogle.js?client=ca-pub-4089586018074219\" crossorigin=\"anonymous\"><\/script><ins class=\"adsbygoogle\" style=\"display:block;\" data-ad-client=\"ca-pub-4089586018074219\" \ndata-ad-slot=\"2087940154\" \ndata-ad-format=\"auto\"><\/ins>\n<script> \n(adsbygoogle = window.adsbygoogle || []).push({}); \n<\/script>\n<\/div>\n\n\n\n<p>&nbsp;&nbsp;&nbsp; &nbsp;Il d\u00e9nonce la dilapidation du parc automobile de la Rts, \u00ab&nbsp;m\u00eame certaines de nos voitures sont chez lui pour les besoins de sa famille et personne n\u2019ose en parler&nbsp;\u00bb&nbsp; d\u00e9clare l\u2019animateur sur un ton dur. L\u2019enfant de Guinguin\u00e9o ajoutera: \u00ab&nbsp;Si vous \u00eates un proche de Racine Talla tu es bien trait\u00e9 \u00e0 la Rts dans le cas contraire, vous \u00eates mis au frigo pour un temps ind\u00e9termin\u00e9&nbsp;\u00bb. Sur ce, l\u2019intersyndical a d\u00e9pos\u00e9 une plainte&nbsp; \u00e0 l\u2019OFNAC contre DG le Racine Talla.<\/p>\n\n\n\n<p>Ma\u00efmouna Diallo<\/p>\n\n\n<p><iframe width=\"875\" height=\"492\" src=\"https:\/\/www.youtube.com\/embed\/ok35PqJ71xk\" title=\"Isma\u00efla diop tire sur Racine talla: Kou andoul ak mom mou \u00e9cart\u00e9 le\" frameborder=\"0\" allow=\"accelerometer; autoplay; clipboard-write; encrypted-media; gyroscope; picture-in-picture\" allowfullscreen=\"\"><\/iframe><\/p><div class=\"publi-apres-le-contenu\" style=\"margin-top: 10px;margin-bottom: 10px;margin-left: auto;margin-right: auto;text-align: center;\" id=\"publi-2920333320\"><div class=\"publi-adlabel\">Publicit\u00e9<\/div><script async src=\"\/\/pagead2.googlesyndication.com\/pagead\/js\/adsbygoogle.js?client=ca-pub-4089586018074219\" crossorigin=\"anonymous\"><\/script><ins class=\"adsbygoogle\" style=\"display:block;\" data-ad-client=\"ca-pub-4089586018074219\" \ndata-ad-slot=\"2087940154\" \ndata-ad-format=\"auto\"><\/ins>\n<script> \n(adsbygoogle = window.adsbygoogle || []).push({}); \n<\/script>\n<\/div>","protected":false},"excerpt":{"rendered":"<p>Depuis un certain temps la Rts est secou\u00e9e par une crise entre le syndicat et le Dg Racine Talla. Ainsi, on note une vague de d\u00e9part de ses agents qui disparaissent subitement des \u00e9crans. Parmi eux, Isma\u00efla Diop animateur de l\u2019\u00e9mission \u00ab&nbsp;degn Koumpa&nbsp;\u00bb qui l\u2019a r\u00e9v\u00e9l\u00e9 au grand public, d\u00e9nonce l\u2019injustice qui r\u00e8gne au sein de la t\u00e9l\u00e9vision nationale. &nbsp;Selon lui, \u00ab&nbsp;une cinquantaine d\u2019agents de la Rts sont mis \u00e0 l\u2019\u00e9cart par la faute du Dg qui profite des biens de la Rts pour son propre compte&nbsp;\u00bb. &nbsp;&nbsp;&nbsp; &nbsp;Il d\u00e9nonce la dilapidation du parc automobile de la Rts, \u00ab&nbsp;m\u00eame certaines de nos voitures sont chez lui pour les besoins de sa famille et personne n\u2019ose en parler&nbsp;\u00bb&nbsp; d\u00e9clare l\u2019animateur sur un ton dur. L\u2019enfant de Guinguin\u00e9o ajoutera: \u00ab&nbsp;Si vous \u00eates un proche de Racine Talla tu es bien trait\u00e9 \u00e0 la Rts dans le cas contraire, vous \u00eates mis au frigo pour un temps ind\u00e9termin\u00e9&nbsp;\u00bb. Sur ce, l\u2019intersyndical a d\u00e9pos\u00e9 une plainte&nbsp; \u00e0 l\u2019OFNAC contre DG le Racine Talla. Ma\u00efmouna Diallo<\/p>\n","protected":false},"author":7,"featured_media":5461,"comment_status":"open","ping_status":"open","sticky":false,"template":"","format":"standard","meta":{"_jetpack_memberships_contains_paid_content":false,"footnotes":""},"categories":[375,961,8,1,372],"tags":[1832,1833,579,57],"class_list":["post-5460","post","type-post","status-publish","format-standard","has-post-thumbnail","hentry","category-actualites","category-medias","category-public-tv","category-non-classe","category-vedette","tag-crise","tag-ismaela-diop","tag-racine-talla","tag-rts","entry","has-media","owp-thumbs-layout-horizontal","owp-btn-normal","owp-tabs-layout-horizontal","has-no-thumbnails","has-product-nav"],"yoast_head":"<!-- This site is optimized with the Yoast SEO plugin v25.5 - https:\/\/yoast.com\/wordpress\/plugins\/seo\/ -->\n<title>Isma\u00efla Diop tire sur Racine Talla Dg de la Rts. - LE PUBLIC<\/title>\n<meta name=\"robots\" content=\"index, follow, max-snippet:-1, max-image-preview:large, max-video-preview:-1\" \/>\n<link rel=\"canonical\" href=\"https:\/\/www.public.sn\/index.php\/2022\/10\/20\/ismaila-diop-tire-sur-racine-talla-dg-de-la-rts\/\" \/>\n<meta property=\"og:locale\" content=\"fr_FR\" \/>\n<meta property=\"og:type\" content=\"article\" \/>\n<meta property=\"og:title\" content=\"Isma\u00efla Diop tire sur Racine Talla Dg de la Rts. - LE PUBLIC\" \/>\n<meta property=\"og:description\" content=\"Depuis un certain temps la Rts est secou\u00e9e par une crise entre le syndicat et le Dg Racine Talla. Ainsi, on note une vague de d\u00e9part de ses agents qui disparaissent subitement des \u00e9crans. Parmi eux, Isma\u00efla Diop animateur de l\u2019\u00e9mission \u00ab&nbsp;degn Koumpa&nbsp;\u00bb qui l\u2019a r\u00e9v\u00e9l\u00e9 au grand public, d\u00e9nonce l\u2019injustice qui r\u00e8gne au sein de la t\u00e9l\u00e9vision nationale. &nbsp;Selon lui, \u00ab&nbsp;une cinquantaine d\u2019agents de la Rts sont mis \u00e0 l\u2019\u00e9cart par la faute du Dg qui profite des biens de la Rts pour son propre compte&nbsp;\u00bb. &nbsp;&nbsp;&nbsp; &nbsp;Il d\u00e9nonce la dilapidation du parc automobile de la Rts, \u00ab&nbsp;m\u00eame certaines de nos voitures sont chez lui pour les besoins de sa famille et personne n\u2019ose en parler&nbsp;\u00bb&nbsp; d\u00e9clare l\u2019animateur sur un ton dur. L\u2019enfant de Guinguin\u00e9o ajoutera: \u00ab&nbsp;Si vous \u00eates un proche de Racine Talla tu es bien trait\u00e9 \u00e0 la Rts dans le cas contraire, vous \u00eates mis au frigo pour un temps ind\u00e9termin\u00e9&nbsp;\u00bb. Sur ce, l\u2019intersyndical a d\u00e9pos\u00e9 une plainte&nbsp; \u00e0 l\u2019OFNAC contre DG le Racine Talla. Ma\u00efmouna Diallo\" \/>\n<meta property=\"og:url\" content=\"https:\/\/www.public.sn\/index.php\/2022\/10\/20\/ismaila-diop-tire-sur-racine-talla-dg-de-la-rts\/\" \/>\n<meta property=\"og:site_name\" content=\"LE PUBLIC\" \/>\n<meta property=\"article:published_time\" content=\"2022-10-20T20:35:28+00:00\" \/>\n<meta property=\"article:modified_time\" content=\"2022-10-20T20:36:25+00:00\" \/>\n<meta property=\"og:image\" content=\"https:\/\/www.public.sn\/wp-content\/uploads\/2022\/10\/rts.jpg\" \/>\n\t<meta property=\"og:image:width\" content=\"1280\" \/>\n\t<meta property=\"og:image:height\" content=\"720\" \/>\n\t<meta property=\"og:image:type\" content=\"image\/jpeg\" \/>\n<meta name=\"author\" content=\"LA REDACTION\" \/>\n<meta name=\"twitter:card\" content=\"summary_large_image\" \/>\n<meta name=\"twitter:label1\" content=\"\u00c9crit par\" \/>\n\t<meta name=\"twitter:data1\" content=\"LA REDACTION\" \/>\n\t<meta name=\"twitter:label2\" content=\"Dur\u00e9e de lecture estim\u00e9e\" \/>\n\t<meta name=\"twitter:data2\" content=\"1 minute\" \/>\n<script type=\"application\/ld+json\" class=\"yoast-schema-graph\">{\"@context\":\"https:\/\/schema.org\",\"@graph\":[{\"@type\":\"Article\",\"@id\":\"https:\/\/www.public.sn\/index.php\/2022\/10\/20\/ismaila-diop-tire-sur-racine-talla-dg-de-la-rts\/#article\",\"isPartOf\":{\"@id\":\"https:\/\/www.public.sn\/index.php\/2022\/10\/20\/ismaila-diop-tire-sur-racine-talla-dg-de-la-rts\/\"},\"author\":{\"name\":\"LA REDACTION\",\"@id\":\"https:\/\/www.public.sn\/#\/schema\/person\/cb76c8e1b8becc6be61fb5e92d6d0224\"},\"headline\":\"Isma\u00efla Diop tire sur Racine Talla Dg de la Rts.\",\"datePublished\":\"2022-10-20T20:35:28+00:00\",\"dateModified\":\"2022-10-20T20:36:25+00:00\",\"mainEntityOfPage\":{\"@id\":\"https:\/\/www.public.sn\/index.php\/2022\/10\/20\/ismaila-diop-tire-sur-racine-talla-dg-de-la-rts\/\"},\"wordCount\":219,\"commentCount\":0,\"publisher\":{\"@id\":\"https:\/\/www.public.sn\/#organization\"},\"image\":{\"@id\":\"https:\/\/www.public.sn\/index.php\/2022\/10\/20\/ismaila-diop-tire-sur-racine-talla-dg-de-la-rts\/#primaryimage\"},\"thumbnailUrl\":\"https:\/\/www.public.sn\/wp-content\/uploads\/2022\/10\/rts.jpg\",\"keywords\":[\"crise\",\"Ismaela diop\",\"Racine Talla\",\"RTS\"],\"articleSection\":[\"ACTUALIT\u00c9S\",\"M\u00c9DIAS\",\"PUBLIC TV\",\"S\u00c9N\u00c9GAL\",\"VEDETTE\"],\"inLanguage\":\"fr-FR\",\"potentialAction\":[{\"@type\":\"CommentAction\",\"name\":\"Comment\",\"target\":[\"https:\/\/www.public.sn\/index.php\/2022\/10\/20\/ismaila-diop-tire-sur-racine-talla-dg-de-la-rts\/#respond\"]}]},{\"@type\":\"WebPage\",\"@id\":\"https:\/\/www.public.sn\/index.php\/2022\/10\/20\/ismaila-diop-tire-sur-racine-talla-dg-de-la-rts\/\",\"url\":\"https:\/\/www.public.sn\/index.php\/2022\/10\/20\/ismaila-diop-tire-sur-racine-talla-dg-de-la-rts\/\",\"name\":\"Isma\u00efla Diop tire sur Racine Talla Dg de la Rts. - LE PUBLIC\",\"isPartOf\":{\"@id\":\"https:\/\/www.public.sn\/#website\"},\"primaryImageOfPage\":{\"@id\":\"https:\/\/www.public.sn\/index.php\/2022\/10\/20\/ismaila-diop-tire-sur-racine-talla-dg-de-la-rts\/#primaryimage\"},\"image\":{\"@id\":\"https:\/\/www.public.sn\/index.php\/2022\/10\/20\/ismaila-diop-tire-sur-racine-talla-dg-de-la-rts\/#primaryimage\"},\"thumbnailUrl\":\"https:\/\/www.public.sn\/wp-content\/uploads\/2022\/10\/rts.jpg\",\"datePublished\":\"2022-10-20T20:35:28+00:00\",\"dateModified\":\"2022-10-20T20:36:25+00:00\",\"breadcrumb\":{\"@id\":\"https:\/\/www.public.sn\/index.php\/2022\/10\/20\/ismaila-diop-tire-sur-racine-talla-dg-de-la-rts\/#breadcrumb\"},\"inLanguage\":\"fr-FR\",\"potentialAction\":[{\"@type\":\"ReadAction\",\"target\":[\"https:\/\/www.public.sn\/index.php\/2022\/10\/20\/ismaila-diop-tire-sur-racine-talla-dg-de-la-rts\/\"]}]},{\"@type\":\"ImageObject\",\"inLanguage\":\"fr-FR\",\"@id\":\"https:\/\/www.public.sn\/index.php\/2022\/10\/20\/ismaila-diop-tire-sur-racine-talla-dg-de-la-rts\/#primaryimage\",\"url\":\"https:\/\/www.public.sn\/wp-content\/uploads\/2022\/10\/rts.jpg\",\"contentUrl\":\"https:\/\/www.public.sn\/wp-content\/uploads\/2022\/10\/rts.jpg\",\"width\":1280,\"height\":720,\"caption\":\"Public Sn\"},{\"@type\":\"BreadcrumbList\",\"@id\":\"https:\/\/www.public.sn\/index.php\/2022\/10\/20\/ismaila-diop-tire-sur-racine-talla-dg-de-la-rts\/#breadcrumb\",\"itemListElement\":[{\"@type\":\"ListItem\",\"position\":1,\"name\":\"Accueil\",\"item\":\"https:\/\/www.public.sn\/\"},{\"@type\":\"ListItem\",\"position\":2,\"name\":\"Isma\u00efla Diop tire sur Racine Talla Dg de la Rts.\"}]},{\"@type\":\"WebSite\",\"@id\":\"https:\/\/www.public.sn\/#website\",\"url\":\"https:\/\/www.public.sn\/\",\"name\":\"LE PUBLIC\",\"description\":\"\",\"publisher\":{\"@id\":\"https:\/\/www.public.sn\/#organization\"},\"potentialAction\":[{\"@type\":\"SearchAction\",\"target\":{\"@type\":\"EntryPoint\",\"urlTemplate\":\"https:\/\/www.public.sn\/?s={search_term_string}\"},\"query-input\":{\"@type\":\"PropertyValueSpecification\",\"valueRequired\":true,\"valueName\":\"search_term_string\"}}],\"inLanguage\":\"fr-FR\"},{\"@type\":\"Organization\",\"@id\":\"https:\/\/www.public.sn\/#organization\",\"name\":\"LE PUBLIC\",\"url\":\"https:\/\/www.public.sn\/\",\"logo\":{\"@type\":\"ImageObject\",\"inLanguage\":\"fr-FR\",\"@id\":\"https:\/\/www.public.sn\/#\/schema\/logo\/image\/\",\"url\":\"https:\/\/www.public.sn\/wp-content\/uploads\/2024\/05\/cropped-LOGO-PUBLIC.SN_.png\",\"contentUrl\":\"https:\/\/www.public.sn\/wp-content\/uploads\/2024\/05\/cropped-LOGO-PUBLIC.SN_.png\",\"width\":682,\"height\":192,\"caption\":\"LE PUBLIC\"},\"image\":{\"@id\":\"https:\/\/www.public.sn\/#\/schema\/logo\/image\/\"}},{\"@type\":\"Person\",\"@id\":\"https:\/\/www.public.sn\/#\/schema\/person\/cb76c8e1b8becc6be61fb5e92d6d0224\",\"name\":\"LA REDACTION\",\"image\":{\"@type\":\"ImageObject\",\"inLanguage\":\"fr-FR\",\"@id\":\"https:\/\/www.public.sn\/#\/schema\/person\/image\/\",\"url\":\"https:\/\/secure.gravatar.com\/avatar\/2dce5ddd34b8fef0180efe03aa2a9bee7d953856048f9a16b298190a3178407c?s=96&d=mm&r=g\",\"contentUrl\":\"https:\/\/secure.gravatar.com\/avatar\/2dce5ddd34b8fef0180efe03aa2a9bee7d953856048f9a16b298190a3178407c?s=96&d=mm&r=g\",\"caption\":\"LA REDACTION\"},\"url\":\"https:\/\/www.public.sn\/index.php\/author\/editeurpsn\/\"}]}<\/script>\n<!-- \/ Yoast SEO plugin. -->","yoast_head_json":{"title":"Isma\u00efla Diop tire sur Racine Talla Dg de la Rts. - LE PUBLIC","robots":{"index":"index","follow":"follow","max-snippet":"max-snippet:-1","max-image-preview":"max-image-preview:large","max-video-preview":"max-video-preview:-1"},"canonical":"https:\/\/www.public.sn\/index.php\/2022\/10\/20\/ismaila-diop-tire-sur-racine-talla-dg-de-la-rts\/","og_locale":"fr_FR","og_type":"article","og_title":"Isma\u00efla Diop tire sur Racine Talla Dg de la Rts. - LE PUBLIC","og_description":"Depuis un certain temps la Rts est secou\u00e9e par une crise entre le syndicat et le Dg Racine Talla. Ainsi, on note une vague de d\u00e9part de ses agents qui disparaissent subitement des \u00e9crans. Parmi eux, Isma\u00efla Diop animateur de l\u2019\u00e9mission \u00ab&nbsp;degn Koumpa&nbsp;\u00bb qui l\u2019a r\u00e9v\u00e9l\u00e9 au grand public, d\u00e9nonce l\u2019injustice qui r\u00e8gne au sein de la t\u00e9l\u00e9vision nationale. &nbsp;Selon lui, \u00ab&nbsp;une cinquantaine d\u2019agents de la Rts sont mis \u00e0 l\u2019\u00e9cart par la faute du Dg qui profite des biens de la Rts pour son propre compte&nbsp;\u00bb. &nbsp;&nbsp;&nbsp; &nbsp;Il d\u00e9nonce la dilapidation du parc automobile de la Rts, \u00ab&nbsp;m\u00eame certaines de nos voitures sont chez lui pour les besoins de sa famille et personne n\u2019ose en parler&nbsp;\u00bb&nbsp; d\u00e9clare l\u2019animateur sur un ton dur. L\u2019enfant de Guinguin\u00e9o ajoutera: \u00ab&nbsp;Si vous \u00eates un proche de Racine Talla tu es bien trait\u00e9 \u00e0 la Rts dans le cas contraire, vous \u00eates mis au frigo pour un temps ind\u00e9termin\u00e9&nbsp;\u00bb. Sur ce, l\u2019intersyndical a d\u00e9pos\u00e9 une plainte&nbsp; \u00e0 l\u2019OFNAC contre DG le Racine Talla. Ma\u00efmouna Diallo","og_url":"https:\/\/www.public.sn\/index.php\/2022\/10\/20\/ismaila-diop-tire-sur-racine-talla-dg-de-la-rts\/","og_site_name":"LE PUBLIC","article_published_time":"2022-10-20T20:35:28+00:00","article_modified_time":"2022-10-20T20:36:25+00:00","og_image":[{"width":1280,"height":720,"url":"https:\/\/www.public.sn\/wp-content\/uploads\/2022\/10\/rts.jpg","type":"image\/jpeg"}],"author":"LA REDACTION","twitter_card":"summary_large_image","twitter_misc":{"\u00c9crit par":"LA REDACTION","Dur\u00e9e de lecture estim\u00e9e":"1 minute"},"schema":{"@context":"https:\/\/schema.org","@graph":[{"@type":"Article","@id":"https:\/\/www.public.sn\/index.php\/2022\/10\/20\/ismaila-diop-tire-sur-racine-talla-dg-de-la-rts\/#article","isPartOf":{"@id":"https:\/\/www.public.sn\/index.php\/2022\/10\/20\/ismaila-diop-tire-sur-racine-talla-dg-de-la-rts\/"},"author":{"name":"LA REDACTION","@id":"https:\/\/www.public.sn\/#\/schema\/person\/cb76c8e1b8becc6be61fb5e92d6d0224"},"headline":"Isma\u00efla Diop tire sur Racine Talla Dg de la Rts.","datePublished":"2022-10-20T20:35:28+00:00","dateModified":"2022-10-20T20:36:25+00:00","mainEntityOfPage":{"@id":"https:\/\/www.public.sn\/index.php\/2022\/10\/20\/ismaila-diop-tire-sur-racine-talla-dg-de-la-rts\/"},"wordCount":219,"commentCount":0,"publisher":{"@id":"https:\/\/www.public.sn\/#organization"},"image":{"@id":"https:\/\/www.public.sn\/index.php\/2022\/10\/20\/ismaila-diop-tire-sur-racine-talla-dg-de-la-rts\/#primaryimage"},"thumbnailUrl":"https:\/\/www.public.sn\/wp-content\/uploads\/2022\/10\/rts.jpg","keywords":["crise","Ismaela diop","Racine Talla","RTS"],"articleSection":["ACTUALIT\u00c9S","M\u00c9DIAS","PUBLIC TV","S\u00c9N\u00c9GAL","VEDETTE"],"inLanguage":"fr-FR","potentialAction":[{"@type":"CommentAction","name":"Comment","target":["https:\/\/www.public.sn\/index.php\/2022\/10\/20\/ismaila-diop-tire-sur-racine-talla-dg-de-la-rts\/#respond"]}]},{"@type":"WebPage","@id":"https:\/\/www.public.sn\/index.php\/2022\/10\/20\/ismaila-diop-tire-sur-racine-talla-dg-de-la-rts\/","url":"https:\/\/www.public.sn\/index.php\/2022\/10\/20\/ismaila-diop-tire-sur-racine-talla-dg-de-la-rts\/","name":"Isma\u00efla Diop tire sur Racine Talla Dg de la Rts. - LE PUBLIC","isPartOf":{"@id":"https:\/\/www.public.sn\/#website"},"primaryImageOfPage":{"@id":"https:\/\/www.public.sn\/index.php\/2022\/10\/20\/ismaila-diop-tire-sur-racine-talla-dg-de-la-rts\/#primaryimage"},"image":{"@id":"https:\/\/www.public.sn\/index.php\/2022\/10\/20\/ismaila-diop-tire-sur-racine-talla-dg-de-la-rts\/#primaryimage"},"thumbnailUrl":"https:\/\/www.public.sn\/wp-content\/uploads\/2022\/10\/rts.jpg","datePublished":"2022-10-20T20:35:28+00:00","dateModified":"2022-10-20T20:36:25+00:00","breadcrumb":{"@id":"https:\/\/www.public.sn\/index.php\/2022\/10\/20\/ismaila-diop-tire-sur-racine-talla-dg-de-la-rts\/#breadcrumb"},"inLanguage":"fr-FR","potentialAction":[{"@type":"ReadAction","target":["https:\/\/www.public.sn\/index.php\/2022\/10\/20\/ismaila-diop-tire-sur-racine-talla-dg-de-la-rts\/"]}]},{"@type":"ImageObject","inLanguage":"fr-FR","@id":"https:\/\/www.public.sn\/index.php\/2022\/10\/20\/ismaila-diop-tire-sur-racine-talla-dg-de-la-rts\/#primaryimage","url":"https:\/\/www.public.sn\/wp-content\/uploads\/2022\/10\/rts.jpg","contentUrl":"https:\/\/www.public.sn\/wp-content\/uploads\/2022\/10\/rts.jpg","width":1280,"height":720,"caption":"Public Sn"},{"@type":"BreadcrumbList","@id":"https:\/\/www.public.sn\/index.php\/2022\/10\/20\/ismaila-diop-tire-sur-racine-talla-dg-de-la-rts\/#breadcrumb","itemListElement":[{"@type":"ListItem","position":1,"name":"Accueil","item":"https:\/\/www.public.sn\/"},{"@type":"ListItem","position":2,"name":"Isma\u00efla Diop tire sur Racine Talla Dg de la Rts."}]},{"@type":"WebSite","@id":"https:\/\/www.public.sn\/#website","url":"https:\/\/www.public.sn\/","name":"LE PUBLIC","description":"","publisher":{"@id":"https:\/\/www.public.sn\/#organization"},"potentialAction":[{"@type":"SearchAction","target":{"@type":"EntryPoint","urlTemplate":"https:\/\/www.public.sn\/?s={search_term_string}"},"query-input":{"@type":"PropertyValueSpecification","valueRequired":true,"valueName":"search_term_string"}}],"inLanguage":"fr-FR"},{"@type":"Organization","@id":"https:\/\/www.public.sn\/#organization","name":"LE PUBLIC","url":"https:\/\/www.public.sn\/","logo":{"@type":"ImageObject","inLanguage":"fr-FR","@id":"https:\/\/www.public.sn\/#\/schema\/logo\/image\/","url":"https:\/\/www.public.sn\/wp-content\/uploads\/2024\/05\/cropped-LOGO-PUBLIC.SN_.png","contentUrl":"https:\/\/www.public.sn\/wp-content\/uploads\/2024\/05\/cropped-LOGO-PUBLIC.SN_.png","width":682,"height":192,"caption":"LE PUBLIC"},"image":{"@id":"https:\/\/www.public.sn\/#\/schema\/logo\/image\/"}},{"@type":"Person","@id":"https:\/\/www.public.sn\/#\/schema\/person\/cb76c8e1b8becc6be61fb5e92d6d0224","name":"LA REDACTION","image":{"@type":"ImageObject","inLanguage":"fr-FR","@id":"https:\/\/www.public.sn\/#\/schema\/person\/image\/","url":"https:\/\/secure.gravatar.com\/avatar\/2dce5ddd34b8fef0180efe03aa2a9bee7d953856048f9a16b298190a3178407c?s=96&d=mm&r=g","contentUrl":"https:\/\/secure.gravatar.com\/avatar\/2dce5ddd34b8fef0180efe03aa2a9bee7d953856048f9a16b298190a3178407c?s=96&d=mm&r=g","caption":"LA REDACTION"},"url":"https:\/\/www.public.sn\/index.php\/author\/editeurpsn\/"}]}},"jetpack_featured_media_url":"https:\/\/www.public.sn\/wp-content\/uploads\/2022\/10\/rts.jpg","jetpack_sharing_enabled":true,"_links":{"self":[{"href":"https:\/\/www.public.sn\/index.php\/wp-json\/wp\/v2\/posts\/5460","targetHints":{"allow":["GET"]}}],"collection":[{"href":"https:\/\/www.public.sn\/index.php\/wp-json\/wp\/v2\/posts"}],"about":[{"href":"https:\/\/www.public.sn\/index.php\/wp-json\/wp\/v2\/types\/post"}],"author":[{"embeddable":true,"href":"https:\/\/www.public.sn\/index.php\/wp-json\/wp\/v2\/users\/7"}],"replies":[{"embeddable":true,"href":"https:\/\/www.public.sn\/index.php\/wp-json\/wp\/v2\/comments?post=5460"}],"version-history":[{"count":1,"href":"https:\/\/www.public.sn\/index.php\/wp-json\/wp\/v2\/posts\/5460\/revisions"}],"predecessor-version":[{"id":5462,"href":"https:\/\/www.public.sn\/index.php\/wp-json\/wp\/v2\/posts\/5460\/revisions\/5462"}],"wp:featuredmedia":[{"embeddable":true,"href":"https:\/\/www.public.sn\/index.php\/wp-json\/wp\/v2\/media\/5461"}],"wp:attachment":[{"href":"https:\/\/www.public.sn\/index.php\/wp-json\/wp\/v2\/media?parent=5460"}],"wp:term":[{"taxonomy":"category","embeddable":true,"href":"https:\/\/www.public.sn\/index.php\/wp-json\/wp\/v2\/categories?post=5460"},{"taxonomy":"post_tag","embeddable":true,"href":"https:\/\/www.public.sn\/index.php\/wp-json\/wp\/v2\/tags?post=5460"}],"curies":[{"name":"wp","href":"https:\/\/api.w.org\/{rel}","templated":true}]}}