{"id":5494,"date":"2022-10-21T11:08:05","date_gmt":"2022-10-21T11:08:05","guid":{"rendered":"https:\/\/www.public.sn\/?p=5494"},"modified":"2022-10-21T11:08:08","modified_gmt":"2022-10-21T11:08:08","slug":"accident-a-la-rts-un-ouvrier-chute-avant-detre-evacue-a-lhopital","status":"publish","type":"post","link":"https:\/\/www.public.sn\/index.php\/2022\/10\/21\/accident-a-la-rts-un-ouvrier-chute-avant-detre-evacue-a-lhopital\/","title":{"rendered":"Accident \u00e0 la RTS: Un ouvrier chute avant d\u2019\u00eatre \u00e9vacu\u00e9 \u00e0 l\u2019h\u00f4pital."},"content":{"rendered":"\n<p>L\u2019accident est survenu ce Mercredi 19 Octobre, aux environs de 22h au niveau de l\u2019enceinte de la RTS. Une tour moderne et futuriste \u00a0en construction pour une r\u00e9novation de la t\u00e9l\u00e9vision nationale. La victime serait gravement bless\u00e9e par la chute des \u00e9chafaudages qui soutenaient une dalle en b\u00e9ton lui causant de graves blessures avant d\u2019\u00eatre \u00e9vacu\u00e9 \u00e0 l\u2019h\u00f4pital. Selon nos confr\u00e8res de Samagal.Sn<\/p><div class=\"publi-paragraphe1\" style=\"margin-top: 10px;margin-bottom: 10px;margin-left: auto;margin-right: auto;text-align: center;\" id=\"publi-2095733627\"><div class=\"publi-adlabel\">Publicit\u00e9<\/div><script async src=\"\/\/pagead2.googlesyndication.com\/pagead\/js\/adsbygoogle.js?client=ca-pub-4089586018074219\" crossorigin=\"anonymous\"><\/script><ins class=\"adsbygoogle\" style=\"display:block;\" data-ad-client=\"ca-pub-4089586018074219\" \ndata-ad-slot=\"2087940154\" \ndata-ad-format=\"auto\"><\/ins>\n<script> \n(adsbygoogle = window.adsbygoogle || []).push({}); \n<\/script>\n<\/div>\n\n\n\n<p>&nbsp;&nbsp; &nbsp;Pour rappel, le co\u00fbt de la r\u00e9novation s\u2019\u00e9l\u00e8ve \u00e0 33 milliards pour une tour de 10 \u00e9tages. Par ailleurs la RTS est secou\u00e9e par crise interne, le DG Racine Talla est accus\u00e9 de gestion n\u00e9buleuse et de militantisme par le Synpics CNTS\/ FC.<\/p>\n\n\n\n<p>Falil Gadio<\/p>\n<div class=\"publi-apres-le-contenu\" style=\"margin-top: 10px;margin-bottom: 10px;margin-left: auto;margin-right: auto;text-align: center;\" id=\"publi-2772934122\"><div class=\"publi-adlabel\">Publicit\u00e9<\/div><script async src=\"\/\/pagead2.googlesyndication.com\/pagead\/js\/adsbygoogle.js?client=ca-pub-4089586018074219\" crossorigin=\"anonymous\"><\/script><ins class=\"adsbygoogle\" style=\"display:block;\" data-ad-client=\"ca-pub-4089586018074219\" \ndata-ad-slot=\"2087940154\" \ndata-ad-format=\"auto\"><\/ins>\n<script> \n(adsbygoogle = window.adsbygoogle || []).push({}); \n<\/script>\n<\/div>","protected":false},"excerpt":{"rendered":"<p>L\u2019accident est survenu ce Mercredi 19 Octobre, aux environs de 22h au niveau de l\u2019enceinte de la RTS. Une tour moderne et futuriste \u00a0en construction pour une r\u00e9novation de la t\u00e9l\u00e9vision nationale. La victime serait gravement bless\u00e9e par la chute des \u00e9chafaudages qui soutenaient une dalle en b\u00e9ton lui causant de graves blessures avant d\u2019\u00eatre \u00e9vacu\u00e9 \u00e0 l\u2019h\u00f4pital. Selon nos confr\u00e8res de Samagal.Sn &nbsp;&nbsp; &nbsp;Pour rappel, le co\u00fbt de la r\u00e9novation s\u2019\u00e9l\u00e8ve \u00e0 33 milliards pour une tour de 10 \u00e9tages. Par ailleurs la RTS est secou\u00e9e par crise interne, le DG Racine Talla est accus\u00e9 de gestion n\u00e9buleuse et de militantisme par le Synpics CNTS\/ FC. Falil Gadio<\/p>\n","protected":false},"author":7,"featured_media":5496,"comment_status":"open","ping_status":"open","sticky":false,"template":"","format":"standard","meta":{"_jetpack_memberships_contains_paid_content":false,"footnotes":""},"categories":[375,961,1,4],"tags":[1855,1854,57],"class_list":["post-5494","post","type-post","status-publish","format-standard","has-post-thumbnail","hentry","category-actualites","category-medias","category-non-classe","category-societe","tag-chute","tag-ouvriere","tag-rts","entry","has-media","owp-thumbs-layout-horizontal","owp-btn-normal","owp-tabs-layout-horizontal","has-no-thumbnails","has-product-nav"],"yoast_head":"<!-- This site is optimized with the Yoast SEO plugin v25.5 - https:\/\/yoast.com\/wordpress\/plugins\/seo\/ -->\n<title>Accident \u00e0 la RTS: Un ouvrier chute avant d\u2019\u00eatre \u00e9vacu\u00e9 \u00e0 l\u2019h\u00f4pital. - LE PUBLIC<\/title>\n<meta name=\"robots\" content=\"index, follow, max-snippet:-1, max-image-preview:large, max-video-preview:-1\" \/>\n<link rel=\"canonical\" href=\"https:\/\/www.public.sn\/index.php\/2022\/10\/21\/accident-a-la-rts-un-ouvrier-chute-avant-detre-evacue-a-lhopital\/\" \/>\n<meta property=\"og:locale\" content=\"fr_FR\" \/>\n<meta property=\"og:type\" content=\"article\" \/>\n<meta property=\"og:title\" content=\"Accident \u00e0 la RTS: Un ouvrier chute avant d\u2019\u00eatre \u00e9vacu\u00e9 \u00e0 l\u2019h\u00f4pital. - LE PUBLIC\" \/>\n<meta property=\"og:description\" content=\"L\u2019accident est survenu ce Mercredi 19 Octobre, aux environs de 22h au niveau de l\u2019enceinte de la RTS. Une tour moderne et futuriste \u00a0en construction pour une r\u00e9novation de la t\u00e9l\u00e9vision nationale. La victime serait gravement bless\u00e9e par la chute des \u00e9chafaudages qui soutenaient une dalle en b\u00e9ton lui causant de graves blessures avant d\u2019\u00eatre \u00e9vacu\u00e9 \u00e0 l\u2019h\u00f4pital. Selon nos confr\u00e8res de Samagal.Sn &nbsp;&nbsp; &nbsp;Pour rappel, le co\u00fbt de la r\u00e9novation s\u2019\u00e9l\u00e8ve \u00e0 33 milliards pour une tour de 10 \u00e9tages. Par ailleurs la RTS est secou\u00e9e par crise interne, le DG Racine Talla est accus\u00e9 de gestion n\u00e9buleuse et de militantisme par le Synpics CNTS\/ FC. Falil Gadio\" \/>\n<meta property=\"og:url\" content=\"https:\/\/www.public.sn\/index.php\/2022\/10\/21\/accident-a-la-rts-un-ouvrier-chute-avant-detre-evacue-a-lhopital\/\" \/>\n<meta property=\"og:site_name\" content=\"LE PUBLIC\" \/>\n<meta property=\"article:published_time\" content=\"2022-10-21T11:08:05+00:00\" \/>\n<meta property=\"article:modified_time\" content=\"2022-10-21T11:08:08+00:00\" \/>\n<meta property=\"og:image\" content=\"https:\/\/www.public.sn\/wp-content\/uploads\/2022\/10\/chute.webp\" \/>\n\t<meta property=\"og:image:width\" content=\"400\" \/>\n\t<meta property=\"og:image:height\" content=\"300\" \/>\n\t<meta property=\"og:image:type\" content=\"image\/webp\" \/>\n<meta name=\"author\" content=\"LA REDACTION\" \/>\n<meta name=\"twitter:card\" content=\"summary_large_image\" \/>\n<meta name=\"twitter:label1\" content=\"\u00c9crit par\" \/>\n\t<meta name=\"twitter:data1\" content=\"LA REDACTION\" \/>\n\t<meta name=\"twitter:label2\" content=\"Dur\u00e9e de lecture estim\u00e9e\" \/>\n\t<meta name=\"twitter:data2\" content=\"1 minute\" \/>\n<script type=\"application\/ld+json\" class=\"yoast-schema-graph\">{\"@context\":\"https:\/\/schema.org\",\"@graph\":[{\"@type\":\"Article\",\"@id\":\"https:\/\/www.public.sn\/index.php\/2022\/10\/21\/accident-a-la-rts-un-ouvrier-chute-avant-detre-evacue-a-lhopital\/#article\",\"isPartOf\":{\"@id\":\"https:\/\/www.public.sn\/index.php\/2022\/10\/21\/accident-a-la-rts-un-ouvrier-chute-avant-detre-evacue-a-lhopital\/\"},\"author\":{\"name\":\"LA REDACTION\",\"@id\":\"https:\/\/www.public.sn\/#\/schema\/person\/cb76c8e1b8becc6be61fb5e92d6d0224\"},\"headline\":\"Accident \u00e0 la RTS: Un ouvrier chute avant d\u2019\u00eatre \u00e9vacu\u00e9 \u00e0 l\u2019h\u00f4pital.\",\"datePublished\":\"2022-10-21T11:08:05+00:00\",\"dateModified\":\"2022-10-21T11:08:08+00:00\",\"mainEntityOfPage\":{\"@id\":\"https:\/\/www.public.sn\/index.php\/2022\/10\/21\/accident-a-la-rts-un-ouvrier-chute-avant-detre-evacue-a-lhopital\/\"},\"wordCount\":137,\"commentCount\":0,\"publisher\":{\"@id\":\"https:\/\/www.public.sn\/#organization\"},\"image\":{\"@id\":\"https:\/\/www.public.sn\/index.php\/2022\/10\/21\/accident-a-la-rts-un-ouvrier-chute-avant-detre-evacue-a-lhopital\/#primaryimage\"},\"thumbnailUrl\":\"https:\/\/www.public.sn\/wp-content\/uploads\/2022\/10\/chute.webp\",\"keywords\":[\"Chute\",\"ouvriere\",\"RTS\"],\"articleSection\":[\"ACTUALIT\u00c9S\",\"M\u00c9DIAS\",\"S\u00c9N\u00c9GAL\",\"SOCIETE\"],\"inLanguage\":\"fr-FR\",\"potentialAction\":[{\"@type\":\"CommentAction\",\"name\":\"Comment\",\"target\":[\"https:\/\/www.public.sn\/index.php\/2022\/10\/21\/accident-a-la-rts-un-ouvrier-chute-avant-detre-evacue-a-lhopital\/#respond\"]}]},{\"@type\":\"WebPage\",\"@id\":\"https:\/\/www.public.sn\/index.php\/2022\/10\/21\/accident-a-la-rts-un-ouvrier-chute-avant-detre-evacue-a-lhopital\/\",\"url\":\"https:\/\/www.public.sn\/index.php\/2022\/10\/21\/accident-a-la-rts-un-ouvrier-chute-avant-detre-evacue-a-lhopital\/\",\"name\":\"Accident \u00e0 la RTS: Un ouvrier chute avant d\u2019\u00eatre \u00e9vacu\u00e9 \u00e0 l\u2019h\u00f4pital. - LE PUBLIC\",\"isPartOf\":{\"@id\":\"https:\/\/www.public.sn\/#website\"},\"primaryImageOfPage\":{\"@id\":\"https:\/\/www.public.sn\/index.php\/2022\/10\/21\/accident-a-la-rts-un-ouvrier-chute-avant-detre-evacue-a-lhopital\/#primaryimage\"},\"image\":{\"@id\":\"https:\/\/www.public.sn\/index.php\/2022\/10\/21\/accident-a-la-rts-un-ouvrier-chute-avant-detre-evacue-a-lhopital\/#primaryimage\"},\"thumbnailUrl\":\"https:\/\/www.public.sn\/wp-content\/uploads\/2022\/10\/chute.webp\",\"datePublished\":\"2022-10-21T11:08:05+00:00\",\"dateModified\":\"2022-10-21T11:08:08+00:00\",\"breadcrumb\":{\"@id\":\"https:\/\/www.public.sn\/index.php\/2022\/10\/21\/accident-a-la-rts-un-ouvrier-chute-avant-detre-evacue-a-lhopital\/#breadcrumb\"},\"inLanguage\":\"fr-FR\",\"potentialAction\":[{\"@type\":\"ReadAction\",\"target\":[\"https:\/\/www.public.sn\/index.php\/2022\/10\/21\/accident-a-la-rts-un-ouvrier-chute-avant-detre-evacue-a-lhopital\/\"]}]},{\"@type\":\"ImageObject\",\"inLanguage\":\"fr-FR\",\"@id\":\"https:\/\/www.public.sn\/index.php\/2022\/10\/21\/accident-a-la-rts-un-ouvrier-chute-avant-detre-evacue-a-lhopital\/#primaryimage\",\"url\":\"https:\/\/www.public.sn\/wp-content\/uploads\/2022\/10\/chute.webp\",\"contentUrl\":\"https:\/\/www.public.sn\/wp-content\/uploads\/2022\/10\/chute.webp\",\"width\":400,\"height\":300,\"caption\":\"public sn\"},{\"@type\":\"BreadcrumbList\",\"@id\":\"https:\/\/www.public.sn\/index.php\/2022\/10\/21\/accident-a-la-rts-un-ouvrier-chute-avant-detre-evacue-a-lhopital\/#breadcrumb\",\"itemListElement\":[{\"@type\":\"ListItem\",\"position\":1,\"name\":\"Accueil\",\"item\":\"https:\/\/www.public.sn\/\"},{\"@type\":\"ListItem\",\"position\":2,\"name\":\"Accident \u00e0 la RTS: Un ouvrier chute avant d\u2019\u00eatre \u00e9vacu\u00e9 \u00e0 l\u2019h\u00f4pital.\"}]},{\"@type\":\"WebSite\",\"@id\":\"https:\/\/www.public.sn\/#website\",\"url\":\"https:\/\/www.public.sn\/\",\"name\":\"LE PUBLIC\",\"description\":\"\",\"publisher\":{\"@id\":\"https:\/\/www.public.sn\/#organization\"},\"potentialAction\":[{\"@type\":\"SearchAction\",\"target\":{\"@type\":\"EntryPoint\",\"urlTemplate\":\"https:\/\/www.public.sn\/?s={search_term_string}\"},\"query-input\":{\"@type\":\"PropertyValueSpecification\",\"valueRequired\":true,\"valueName\":\"search_term_string\"}}],\"inLanguage\":\"fr-FR\"},{\"@type\":\"Organization\",\"@id\":\"https:\/\/www.public.sn\/#organization\",\"name\":\"LE PUBLIC\",\"url\":\"https:\/\/www.public.sn\/\",\"logo\":{\"@type\":\"ImageObject\",\"inLanguage\":\"fr-FR\",\"@id\":\"https:\/\/www.public.sn\/#\/schema\/logo\/image\/\",\"url\":\"https:\/\/www.public.sn\/wp-content\/uploads\/2024\/05\/cropped-LOGO-PUBLIC.SN_.png\",\"contentUrl\":\"https:\/\/www.public.sn\/wp-content\/uploads\/2024\/05\/cropped-LOGO-PUBLIC.SN_.png\",\"width\":682,\"height\":192,\"caption\":\"LE PUBLIC\"},\"image\":{\"@id\":\"https:\/\/www.public.sn\/#\/schema\/logo\/image\/\"}},{\"@type\":\"Person\",\"@id\":\"https:\/\/www.public.sn\/#\/schema\/person\/cb76c8e1b8becc6be61fb5e92d6d0224\",\"name\":\"LA REDACTION\",\"image\":{\"@type\":\"ImageObject\",\"inLanguage\":\"fr-FR\",\"@id\":\"https:\/\/www.public.sn\/#\/schema\/person\/image\/\",\"url\":\"https:\/\/secure.gravatar.com\/avatar\/2dce5ddd34b8fef0180efe03aa2a9bee7d953856048f9a16b298190a3178407c?s=96&d=mm&r=g\",\"contentUrl\":\"https:\/\/secure.gravatar.com\/avatar\/2dce5ddd34b8fef0180efe03aa2a9bee7d953856048f9a16b298190a3178407c?s=96&d=mm&r=g\",\"caption\":\"LA REDACTION\"},\"url\":\"https:\/\/www.public.sn\/index.php\/author\/editeurpsn\/\"}]}<\/script>\n<!-- \/ Yoast SEO plugin. -->","yoast_head_json":{"title":"Accident \u00e0 la RTS: Un ouvrier chute avant d\u2019\u00eatre \u00e9vacu\u00e9 \u00e0 l\u2019h\u00f4pital. - LE PUBLIC","robots":{"index":"index","follow":"follow","max-snippet":"max-snippet:-1","max-image-preview":"max-image-preview:large","max-video-preview":"max-video-preview:-1"},"canonical":"https:\/\/www.public.sn\/index.php\/2022\/10\/21\/accident-a-la-rts-un-ouvrier-chute-avant-detre-evacue-a-lhopital\/","og_locale":"fr_FR","og_type":"article","og_title":"Accident \u00e0 la RTS: Un ouvrier chute avant d\u2019\u00eatre \u00e9vacu\u00e9 \u00e0 l\u2019h\u00f4pital. - LE PUBLIC","og_description":"L\u2019accident est survenu ce Mercredi 19 Octobre, aux environs de 22h au niveau de l\u2019enceinte de la RTS. Une tour moderne et futuriste \u00a0en construction pour une r\u00e9novation de la t\u00e9l\u00e9vision nationale. La victime serait gravement bless\u00e9e par la chute des \u00e9chafaudages qui soutenaient une dalle en b\u00e9ton lui causant de graves blessures avant d\u2019\u00eatre \u00e9vacu\u00e9 \u00e0 l\u2019h\u00f4pital. Selon nos confr\u00e8res de Samagal.Sn &nbsp;&nbsp; &nbsp;Pour rappel, le co\u00fbt de la r\u00e9novation s\u2019\u00e9l\u00e8ve \u00e0 33 milliards pour une tour de 10 \u00e9tages. Par ailleurs la RTS est secou\u00e9e par crise interne, le DG Racine Talla est accus\u00e9 de gestion n\u00e9buleuse et de militantisme par le Synpics CNTS\/ FC. Falil Gadio","og_url":"https:\/\/www.public.sn\/index.php\/2022\/10\/21\/accident-a-la-rts-un-ouvrier-chute-avant-detre-evacue-a-lhopital\/","og_site_name":"LE PUBLIC","article_published_time":"2022-10-21T11:08:05+00:00","article_modified_time":"2022-10-21T11:08:08+00:00","og_image":[{"width":400,"height":300,"url":"https:\/\/www.public.sn\/wp-content\/uploads\/2022\/10\/chute.webp","type":"image\/webp"}],"author":"LA REDACTION","twitter_card":"summary_large_image","twitter_misc":{"\u00c9crit par":"LA REDACTION","Dur\u00e9e de lecture estim\u00e9e":"1 minute"},"schema":{"@context":"https:\/\/schema.org","@graph":[{"@type":"Article","@id":"https:\/\/www.public.sn\/index.php\/2022\/10\/21\/accident-a-la-rts-un-ouvrier-chute-avant-detre-evacue-a-lhopital\/#article","isPartOf":{"@id":"https:\/\/www.public.sn\/index.php\/2022\/10\/21\/accident-a-la-rts-un-ouvrier-chute-avant-detre-evacue-a-lhopital\/"},"author":{"name":"LA REDACTION","@id":"https:\/\/www.public.sn\/#\/schema\/person\/cb76c8e1b8becc6be61fb5e92d6d0224"},"headline":"Accident \u00e0 la RTS: Un ouvrier chute avant d\u2019\u00eatre \u00e9vacu\u00e9 \u00e0 l\u2019h\u00f4pital.","datePublished":"2022-10-21T11:08:05+00:00","dateModified":"2022-10-21T11:08:08+00:00","mainEntityOfPage":{"@id":"https:\/\/www.public.sn\/index.php\/2022\/10\/21\/accident-a-la-rts-un-ouvrier-chute-avant-detre-evacue-a-lhopital\/"},"wordCount":137,"commentCount":0,"publisher":{"@id":"https:\/\/www.public.sn\/#organization"},"image":{"@id":"https:\/\/www.public.sn\/index.php\/2022\/10\/21\/accident-a-la-rts-un-ouvrier-chute-avant-detre-evacue-a-lhopital\/#primaryimage"},"thumbnailUrl":"https:\/\/www.public.sn\/wp-content\/uploads\/2022\/10\/chute.webp","keywords":["Chute","ouvriere","RTS"],"articleSection":["ACTUALIT\u00c9S","M\u00c9DIAS","S\u00c9N\u00c9GAL","SOCIETE"],"inLanguage":"fr-FR","potentialAction":[{"@type":"CommentAction","name":"Comment","target":["https:\/\/www.public.sn\/index.php\/2022\/10\/21\/accident-a-la-rts-un-ouvrier-chute-avant-detre-evacue-a-lhopital\/#respond"]}]},{"@type":"WebPage","@id":"https:\/\/www.public.sn\/index.php\/2022\/10\/21\/accident-a-la-rts-un-ouvrier-chute-avant-detre-evacue-a-lhopital\/","url":"https:\/\/www.public.sn\/index.php\/2022\/10\/21\/accident-a-la-rts-un-ouvrier-chute-avant-detre-evacue-a-lhopital\/","name":"Accident \u00e0 la RTS: Un ouvrier chute avant d\u2019\u00eatre \u00e9vacu\u00e9 \u00e0 l\u2019h\u00f4pital. - LE PUBLIC","isPartOf":{"@id":"https:\/\/www.public.sn\/#website"},"primaryImageOfPage":{"@id":"https:\/\/www.public.sn\/index.php\/2022\/10\/21\/accident-a-la-rts-un-ouvrier-chute-avant-detre-evacue-a-lhopital\/#primaryimage"},"image":{"@id":"https:\/\/www.public.sn\/index.php\/2022\/10\/21\/accident-a-la-rts-un-ouvrier-chute-avant-detre-evacue-a-lhopital\/#primaryimage"},"thumbnailUrl":"https:\/\/www.public.sn\/wp-content\/uploads\/2022\/10\/chute.webp","datePublished":"2022-10-21T11:08:05+00:00","dateModified":"2022-10-21T11:08:08+00:00","breadcrumb":{"@id":"https:\/\/www.public.sn\/index.php\/2022\/10\/21\/accident-a-la-rts-un-ouvrier-chute-avant-detre-evacue-a-lhopital\/#breadcrumb"},"inLanguage":"fr-FR","potentialAction":[{"@type":"ReadAction","target":["https:\/\/www.public.sn\/index.php\/2022\/10\/21\/accident-a-la-rts-un-ouvrier-chute-avant-detre-evacue-a-lhopital\/"]}]},{"@type":"ImageObject","inLanguage":"fr-FR","@id":"https:\/\/www.public.sn\/index.php\/2022\/10\/21\/accident-a-la-rts-un-ouvrier-chute-avant-detre-evacue-a-lhopital\/#primaryimage","url":"https:\/\/www.public.sn\/wp-content\/uploads\/2022\/10\/chute.webp","contentUrl":"https:\/\/www.public.sn\/wp-content\/uploads\/2022\/10\/chute.webp","width":400,"height":300,"caption":"public sn"},{"@type":"BreadcrumbList","@id":"https:\/\/www.public.sn\/index.php\/2022\/10\/21\/accident-a-la-rts-un-ouvrier-chute-avant-detre-evacue-a-lhopital\/#breadcrumb","itemListElement":[{"@type":"ListItem","position":1,"name":"Accueil","item":"https:\/\/www.public.sn\/"},{"@type":"ListItem","position":2,"name":"Accident \u00e0 la RTS: Un ouvrier chute avant d\u2019\u00eatre \u00e9vacu\u00e9 \u00e0 l\u2019h\u00f4pital."}]},{"@type":"WebSite","@id":"https:\/\/www.public.sn\/#website","url":"https:\/\/www.public.sn\/","name":"LE PUBLIC","description":"","publisher":{"@id":"https:\/\/www.public.sn\/#organization"},"potentialAction":[{"@type":"SearchAction","target":{"@type":"EntryPoint","urlTemplate":"https:\/\/www.public.sn\/?s={search_term_string}"},"query-input":{"@type":"PropertyValueSpecification","valueRequired":true,"valueName":"search_term_string"}}],"inLanguage":"fr-FR"},{"@type":"Organization","@id":"https:\/\/www.public.sn\/#organization","name":"LE PUBLIC","url":"https:\/\/www.public.sn\/","logo":{"@type":"ImageObject","inLanguage":"fr-FR","@id":"https:\/\/www.public.sn\/#\/schema\/logo\/image\/","url":"https:\/\/www.public.sn\/wp-content\/uploads\/2024\/05\/cropped-LOGO-PUBLIC.SN_.png","contentUrl":"https:\/\/www.public.sn\/wp-content\/uploads\/2024\/05\/cropped-LOGO-PUBLIC.SN_.png","width":682,"height":192,"caption":"LE PUBLIC"},"image":{"@id":"https:\/\/www.public.sn\/#\/schema\/logo\/image\/"}},{"@type":"Person","@id":"https:\/\/www.public.sn\/#\/schema\/person\/cb76c8e1b8becc6be61fb5e92d6d0224","name":"LA REDACTION","image":{"@type":"ImageObject","inLanguage":"fr-FR","@id":"https:\/\/www.public.sn\/#\/schema\/person\/image\/","url":"https:\/\/secure.gravatar.com\/avatar\/2dce5ddd34b8fef0180efe03aa2a9bee7d953856048f9a16b298190a3178407c?s=96&d=mm&r=g","contentUrl":"https:\/\/secure.gravatar.com\/avatar\/2dce5ddd34b8fef0180efe03aa2a9bee7d953856048f9a16b298190a3178407c?s=96&d=mm&r=g","caption":"LA REDACTION"},"url":"https:\/\/www.public.sn\/index.php\/author\/editeurpsn\/"}]}},"jetpack_featured_media_url":"https:\/\/www.public.sn\/wp-content\/uploads\/2022\/10\/chute.webp","jetpack_sharing_enabled":true,"_links":{"self":[{"href":"https:\/\/www.public.sn\/index.php\/wp-json\/wp\/v2\/posts\/5494","targetHints":{"allow":["GET"]}}],"collection":[{"href":"https:\/\/www.public.sn\/index.php\/wp-json\/wp\/v2\/posts"}],"about":[{"href":"https:\/\/www.public.sn\/index.php\/wp-json\/wp\/v2\/types\/post"}],"author":[{"embeddable":true,"href":"https:\/\/www.public.sn\/index.php\/wp-json\/wp\/v2\/users\/7"}],"replies":[{"embeddable":true,"href":"https:\/\/www.public.sn\/index.php\/wp-json\/wp\/v2\/comments?post=5494"}],"version-history":[{"count":2,"href":"https:\/\/www.public.sn\/index.php\/wp-json\/wp\/v2\/posts\/5494\/revisions"}],"predecessor-version":[{"id":5498,"href":"https:\/\/www.public.sn\/index.php\/wp-json\/wp\/v2\/posts\/5494\/revisions\/5498"}],"wp:featuredmedia":[{"embeddable":true,"href":"https:\/\/www.public.sn\/index.php\/wp-json\/wp\/v2\/media\/5496"}],"wp:attachment":[{"href":"https:\/\/www.public.sn\/index.php\/wp-json\/wp\/v2\/media?parent=5494"}],"wp:term":[{"taxonomy":"category","embeddable":true,"href":"https:\/\/www.public.sn\/index.php\/wp-json\/wp\/v2\/categories?post=5494"},{"taxonomy":"post_tag","embeddable":true,"href":"https:\/\/www.public.sn\/index.php\/wp-json\/wp\/v2\/tags?post=5494"}],"curies":[{"name":"wp","href":"https:\/\/api.w.org\/{rel}","templated":true}]}}