{"id":5506,"date":"2022-10-21T12:16:20","date_gmt":"2022-10-21T12:16:20","guid":{"rendered":"https:\/\/www.public.sn\/?p=5506"},"modified":"2022-10-21T12:18:15","modified_gmt":"2022-10-21T12:18:15","slug":"mosquee-amitie-baoback-karack-vers-une-ag-mouvementee-ce-dimanche","status":"publish","type":"post","link":"https:\/\/www.public.sn\/index.php\/2022\/10\/21\/mosquee-amitie-baoback-karack-vers-une-ag-mouvementee-ce-dimanche\/","title":{"rendered":"Mosqu\u00e9e Amiti\u00e9-Baoback-Karack\u00a0: Vers une AG mouvement\u00e9e ce Dimanche."},"content":{"rendered":"\n<p><\/p>\n\n\n\n<p><strong>L\u2019on avait pens\u00e9 que les divisions et querelles \u00e9taient le domaine de comp\u00e9tence des politiques mais voila que des imams entrent dans la danse. En effet le renouvellement du comit\u00e9 de gestion du bureau de la mosqu\u00e9e de Amiti\u00e9 -Baobab- Karack risque d\u2019\u00eatre tr\u00e8s tendu avec une assembl\u00e9e g\u00e9n\u00e9rale de tous les dangers.<\/strong><\/p><div class=\"publi-paragraphe1\" style=\"margin-top: 10px;margin-bottom: 10px;margin-left: auto;margin-right: auto;text-align: center;\" id=\"publi-2500698860\"><div class=\"publi-adlabel\">Publicit\u00e9<\/div><script async src=\"\/\/pagead2.googlesyndication.com\/pagead\/js\/adsbygoogle.js?client=ca-pub-4089586018074219\" crossorigin=\"anonymous\"><\/script><ins class=\"adsbygoogle\" style=\"display:block;\" data-ad-client=\"ca-pub-4089586018074219\" \ndata-ad-slot=\"2087940154\" \ndata-ad-format=\"auto\"><\/ins>\n<script> \n(adsbygoogle = window.adsbygoogle || []).push({}); \n<\/script>\n<\/div>\n\n\n\n<p><\/p>\n\n\n\n<p>\u00a0La gestion de la Mosqu\u00e9e avait pos\u00e9 beaucoup de probl\u00e8mes entre le comit\u00e9 de gestion, l\u2019Imam, son fils et la population riveraine. Le pr\u00e9fet avait ainsi ordonn\u00e9 la tenue de l\u2019Assembl\u00e9e g\u00e9n\u00e9rale\u00a0 ce Dimanche pour le renouvellement des membres du comit\u00e9 de gestion. \u00a0Entre temps, l\u2019Imam et son fils sortent un autre communiqu\u00e9 pour signifier qu\u2019en v\u00e9rit\u00e9, il s\u2019agissait de la pr\u00e9sentation des membres du comit\u00e9 de gestion. <\/p>\n\n\n\n<p>Le camps adverse inform\u00e9 de cette d\u00e9cision avertit et adresse une lettre au pr\u00e9fet pour lui demander de prendre ses responsabilit\u00e9s. Ils ont ou\u00ef dire que des nervis \u00e9taient en train d\u2019\u00eatre recrut\u00e9s afin de limiter l\u2019acc\u00e8s \u00e0 la salle. \u00a0Ils avertissent qu\u2019ils \u00ab\u00a0n\u2019accepteront pas cette attitude irresponsable, ill\u00e9gale, non conforme aux statuts et r\u00e8glement int\u00e9rieur. \u00a0\u00a0<\/p>\n\n\n\n<p>Samba SY.<\/p>\n<div class=\"publi-apres-le-contenu\" style=\"margin-top: 10px;margin-bottom: 10px;margin-left: auto;margin-right: auto;text-align: center;\" id=\"publi-2994303801\"><div class=\"publi-adlabel\">Publicit\u00e9<\/div><script async src=\"\/\/pagead2.googlesyndication.com\/pagead\/js\/adsbygoogle.js?client=ca-pub-4089586018074219\" crossorigin=\"anonymous\"><\/script><ins class=\"adsbygoogle\" style=\"display:block;\" data-ad-client=\"ca-pub-4089586018074219\" \ndata-ad-slot=\"2087940154\" \ndata-ad-format=\"auto\"><\/ins>\n<script> \n(adsbygoogle = window.adsbygoogle || []).push({}); \n<\/script>\n<\/div>","protected":false},"excerpt":{"rendered":"<p>L\u2019on avait pens\u00e9 que les divisions et querelles \u00e9taient le domaine de comp\u00e9tence des politiques mais voila que des imams entrent dans la danse. En effet le renouvellement du comit\u00e9 de gestion du bureau de la mosqu\u00e9e de Amiti\u00e9 -Baobab- Karack risque d\u2019\u00eatre tr\u00e8s tendu avec une assembl\u00e9e g\u00e9n\u00e9rale de tous les dangers. \u00a0La gestion de la Mosqu\u00e9e avait pos\u00e9 beaucoup de probl\u00e8mes entre le comit\u00e9 de gestion, l\u2019Imam, son fils et la population riveraine. Le pr\u00e9fet avait ainsi ordonn\u00e9 la tenue de l\u2019Assembl\u00e9e g\u00e9n\u00e9rale\u00a0 ce Dimanche pour le renouvellement des membres du comit\u00e9 de gestion. \u00a0Entre temps, l\u2019Imam et son fils sortent un autre communiqu\u00e9 pour signifier qu\u2019en v\u00e9rit\u00e9, il s\u2019agissait de la pr\u00e9sentation des membres du comit\u00e9 de gestion. Le camps adverse inform\u00e9 de cette d\u00e9cision avertit et adresse une lettre au pr\u00e9fet pour lui demander de prendre ses responsabilit\u00e9s. Ils ont ou\u00ef dire que des nervis \u00e9taient en train d\u2019\u00eatre recrut\u00e9s afin de limiter l\u2019acc\u00e8s \u00e0 la salle. \u00a0Ils avertissent qu\u2019ils \u00ab\u00a0n\u2019accepteront pas cette attitude irresponsable, ill\u00e9gale, non conforme aux statuts et r\u00e8glement int\u00e9rieur. \u00a0\u00a0 Samba SY.<\/p>\n","protected":false},"author":7,"featured_media":5507,"comment_status":"open","ping_status":"open","sticky":false,"template":"","format":"standard","meta":{"_jetpack_memberships_contains_paid_content":false,"footnotes":""},"categories":[375,878,1],"tags":[1864,1863,1862],"class_list":["post-5506","post","type-post","status-publish","format-standard","has-post-thumbnail","hentry","category-actualites","category-religion","category-non-classe","tag-ag","tag-mosque-baoback","tag-renouvellement","entry","has-media","owp-thumbs-layout-horizontal","owp-btn-normal","owp-tabs-layout-horizontal","has-no-thumbnails","has-product-nav"],"yoast_head":"<!-- This site is optimized with the Yoast SEO plugin v25.5 - https:\/\/yoast.com\/wordpress\/plugins\/seo\/ -->\n<title>Mosqu\u00e9e Amiti\u00e9-Baoback-Karack\u00a0: Vers une AG mouvement\u00e9e ce Dimanche. - LE PUBLIC<\/title>\n<meta name=\"robots\" content=\"index, follow, max-snippet:-1, max-image-preview:large, max-video-preview:-1\" \/>\n<link rel=\"canonical\" href=\"https:\/\/www.public.sn\/index.php\/2022\/10\/21\/mosquee-amitie-baoback-karack-vers-une-ag-mouvementee-ce-dimanche\/\" \/>\n<meta property=\"og:locale\" content=\"fr_FR\" \/>\n<meta property=\"og:type\" content=\"article\" \/>\n<meta property=\"og:title\" content=\"Mosqu\u00e9e Amiti\u00e9-Baoback-Karack\u00a0: Vers une AG mouvement\u00e9e ce Dimanche. - LE PUBLIC\" \/>\n<meta property=\"og:description\" content=\"L\u2019on avait pens\u00e9 que les divisions et querelles \u00e9taient le domaine de comp\u00e9tence des politiques mais voila que des imams entrent dans la danse. En effet le renouvellement du comit\u00e9 de gestion du bureau de la mosqu\u00e9e de Amiti\u00e9 -Baobab- Karack risque d\u2019\u00eatre tr\u00e8s tendu avec une assembl\u00e9e g\u00e9n\u00e9rale de tous les dangers. \u00a0La gestion de la Mosqu\u00e9e avait pos\u00e9 beaucoup de probl\u00e8mes entre le comit\u00e9 de gestion, l\u2019Imam, son fils et la population riveraine. Le pr\u00e9fet avait ainsi ordonn\u00e9 la tenue de l\u2019Assembl\u00e9e g\u00e9n\u00e9rale\u00a0 ce Dimanche pour le renouvellement des membres du comit\u00e9 de gestion. \u00a0Entre temps, l\u2019Imam et son fils sortent un autre communiqu\u00e9 pour signifier qu\u2019en v\u00e9rit\u00e9, il s\u2019agissait de la pr\u00e9sentation des membres du comit\u00e9 de gestion. Le camps adverse inform\u00e9 de cette d\u00e9cision avertit et adresse une lettre au pr\u00e9fet pour lui demander de prendre ses responsabilit\u00e9s. Ils ont ou\u00ef dire que des nervis \u00e9taient en train d\u2019\u00eatre recrut\u00e9s afin de limiter l\u2019acc\u00e8s \u00e0 la salle. \u00a0Ils avertissent qu\u2019ils \u00ab\u00a0n\u2019accepteront pas cette attitude irresponsable, ill\u00e9gale, non conforme aux statuts et r\u00e8glement int\u00e9rieur. \u00a0\u00a0 Samba SY.\" \/>\n<meta property=\"og:url\" content=\"https:\/\/www.public.sn\/index.php\/2022\/10\/21\/mosquee-amitie-baoback-karack-vers-une-ag-mouvementee-ce-dimanche\/\" \/>\n<meta property=\"og:site_name\" content=\"LE PUBLIC\" \/>\n<meta property=\"article:published_time\" content=\"2022-10-21T12:16:20+00:00\" \/>\n<meta property=\"article:modified_time\" content=\"2022-10-21T12:18:15+00:00\" \/>\n<meta property=\"og:image\" content=\"https:\/\/www.public.sn\/wp-content\/uploads\/2022\/10\/MOSQUEe-1.jpg\" \/>\n\t<meta property=\"og:image:width\" content=\"537\" \/>\n\t<meta property=\"og:image:height\" content=\"537\" \/>\n\t<meta property=\"og:image:type\" content=\"image\/jpeg\" \/>\n<meta name=\"author\" content=\"LA REDACTION\" \/>\n<meta name=\"twitter:card\" content=\"summary_large_image\" \/>\n<meta name=\"twitter:label1\" content=\"\u00c9crit par\" \/>\n\t<meta name=\"twitter:data1\" content=\"LA REDACTION\" \/>\n\t<meta name=\"twitter:label2\" content=\"Dur\u00e9e de lecture estim\u00e9e\" \/>\n\t<meta name=\"twitter:data2\" content=\"1 minute\" \/>\n<script type=\"application\/ld+json\" class=\"yoast-schema-graph\">{\"@context\":\"https:\/\/schema.org\",\"@graph\":[{\"@type\":\"Article\",\"@id\":\"https:\/\/www.public.sn\/index.php\/2022\/10\/21\/mosquee-amitie-baoback-karack-vers-une-ag-mouvementee-ce-dimanche\/#article\",\"isPartOf\":{\"@id\":\"https:\/\/www.public.sn\/index.php\/2022\/10\/21\/mosquee-amitie-baoback-karack-vers-une-ag-mouvementee-ce-dimanche\/\"},\"author\":{\"name\":\"LA REDACTION\",\"@id\":\"https:\/\/www.public.sn\/#\/schema\/person\/cb76c8e1b8becc6be61fb5e92d6d0224\"},\"headline\":\"Mosqu\u00e9e Amiti\u00e9-Baoback-Karack\u00a0: Vers une AG mouvement\u00e9e ce Dimanche.\",\"datePublished\":\"2022-10-21T12:16:20+00:00\",\"dateModified\":\"2022-10-21T12:18:15+00:00\",\"mainEntityOfPage\":{\"@id\":\"https:\/\/www.public.sn\/index.php\/2022\/10\/21\/mosquee-amitie-baoback-karack-vers-une-ag-mouvementee-ce-dimanche\/\"},\"wordCount\":222,\"commentCount\":0,\"publisher\":{\"@id\":\"https:\/\/www.public.sn\/#organization\"},\"image\":{\"@id\":\"https:\/\/www.public.sn\/index.php\/2022\/10\/21\/mosquee-amitie-baoback-karack-vers-une-ag-mouvementee-ce-dimanche\/#primaryimage\"},\"thumbnailUrl\":\"https:\/\/www.public.sn\/wp-content\/uploads\/2022\/10\/MOSQUEe-1.jpg\",\"keywords\":[\"ag\",\"mosque baoback\",\"renouvellement\"],\"articleSection\":[\"ACTUALIT\u00c9S\",\"RELIGION\",\"S\u00c9N\u00c9GAL\"],\"inLanguage\":\"fr-FR\",\"potentialAction\":[{\"@type\":\"CommentAction\",\"name\":\"Comment\",\"target\":[\"https:\/\/www.public.sn\/index.php\/2022\/10\/21\/mosquee-amitie-baoback-karack-vers-une-ag-mouvementee-ce-dimanche\/#respond\"]}]},{\"@type\":\"WebPage\",\"@id\":\"https:\/\/www.public.sn\/index.php\/2022\/10\/21\/mosquee-amitie-baoback-karack-vers-une-ag-mouvementee-ce-dimanche\/\",\"url\":\"https:\/\/www.public.sn\/index.php\/2022\/10\/21\/mosquee-amitie-baoback-karack-vers-une-ag-mouvementee-ce-dimanche\/\",\"name\":\"Mosqu\u00e9e Amiti\u00e9-Baoback-Karack\u00a0: Vers une AG mouvement\u00e9e ce Dimanche. - LE PUBLIC\",\"isPartOf\":{\"@id\":\"https:\/\/www.public.sn\/#website\"},\"primaryImageOfPage\":{\"@id\":\"https:\/\/www.public.sn\/index.php\/2022\/10\/21\/mosquee-amitie-baoback-karack-vers-une-ag-mouvementee-ce-dimanche\/#primaryimage\"},\"image\":{\"@id\":\"https:\/\/www.public.sn\/index.php\/2022\/10\/21\/mosquee-amitie-baoback-karack-vers-une-ag-mouvementee-ce-dimanche\/#primaryimage\"},\"thumbnailUrl\":\"https:\/\/www.public.sn\/wp-content\/uploads\/2022\/10\/MOSQUEe-1.jpg\",\"datePublished\":\"2022-10-21T12:16:20+00:00\",\"dateModified\":\"2022-10-21T12:18:15+00:00\",\"breadcrumb\":{\"@id\":\"https:\/\/www.public.sn\/index.php\/2022\/10\/21\/mosquee-amitie-baoback-karack-vers-une-ag-mouvementee-ce-dimanche\/#breadcrumb\"},\"inLanguage\":\"fr-FR\",\"potentialAction\":[{\"@type\":\"ReadAction\",\"target\":[\"https:\/\/www.public.sn\/index.php\/2022\/10\/21\/mosquee-amitie-baoback-karack-vers-une-ag-mouvementee-ce-dimanche\/\"]}]},{\"@type\":\"ImageObject\",\"inLanguage\":\"fr-FR\",\"@id\":\"https:\/\/www.public.sn\/index.php\/2022\/10\/21\/mosquee-amitie-baoback-karack-vers-une-ag-mouvementee-ce-dimanche\/#primaryimage\",\"url\":\"https:\/\/www.public.sn\/wp-content\/uploads\/2022\/10\/MOSQUEe-1.jpg\",\"contentUrl\":\"https:\/\/www.public.sn\/wp-content\/uploads\/2022\/10\/MOSQUEe-1.jpg\",\"width\":537,\"height\":537,\"caption\":\"publicsn\"},{\"@type\":\"BreadcrumbList\",\"@id\":\"https:\/\/www.public.sn\/index.php\/2022\/10\/21\/mosquee-amitie-baoback-karack-vers-une-ag-mouvementee-ce-dimanche\/#breadcrumb\",\"itemListElement\":[{\"@type\":\"ListItem\",\"position\":1,\"name\":\"Accueil\",\"item\":\"https:\/\/www.public.sn\/\"},{\"@type\":\"ListItem\",\"position\":2,\"name\":\"Mosqu\u00e9e Amiti\u00e9-Baoback-Karack\u00a0: Vers une AG mouvement\u00e9e ce Dimanche.\"}]},{\"@type\":\"WebSite\",\"@id\":\"https:\/\/www.public.sn\/#website\",\"url\":\"https:\/\/www.public.sn\/\",\"name\":\"LE PUBLIC\",\"description\":\"\",\"publisher\":{\"@id\":\"https:\/\/www.public.sn\/#organization\"},\"potentialAction\":[{\"@type\":\"SearchAction\",\"target\":{\"@type\":\"EntryPoint\",\"urlTemplate\":\"https:\/\/www.public.sn\/?s={search_term_string}\"},\"query-input\":{\"@type\":\"PropertyValueSpecification\",\"valueRequired\":true,\"valueName\":\"search_term_string\"}}],\"inLanguage\":\"fr-FR\"},{\"@type\":\"Organization\",\"@id\":\"https:\/\/www.public.sn\/#organization\",\"name\":\"LE PUBLIC\",\"url\":\"https:\/\/www.public.sn\/\",\"logo\":{\"@type\":\"ImageObject\",\"inLanguage\":\"fr-FR\",\"@id\":\"https:\/\/www.public.sn\/#\/schema\/logo\/image\/\",\"url\":\"https:\/\/www.public.sn\/wp-content\/uploads\/2024\/05\/cropped-LOGO-PUBLIC.SN_.png\",\"contentUrl\":\"https:\/\/www.public.sn\/wp-content\/uploads\/2024\/05\/cropped-LOGO-PUBLIC.SN_.png\",\"width\":682,\"height\":192,\"caption\":\"LE PUBLIC\"},\"image\":{\"@id\":\"https:\/\/www.public.sn\/#\/schema\/logo\/image\/\"}},{\"@type\":\"Person\",\"@id\":\"https:\/\/www.public.sn\/#\/schema\/person\/cb76c8e1b8becc6be61fb5e92d6d0224\",\"name\":\"LA REDACTION\",\"image\":{\"@type\":\"ImageObject\",\"inLanguage\":\"fr-FR\",\"@id\":\"https:\/\/www.public.sn\/#\/schema\/person\/image\/\",\"url\":\"https:\/\/secure.gravatar.com\/avatar\/2dce5ddd34b8fef0180efe03aa2a9bee7d953856048f9a16b298190a3178407c?s=96&d=mm&r=g\",\"contentUrl\":\"https:\/\/secure.gravatar.com\/avatar\/2dce5ddd34b8fef0180efe03aa2a9bee7d953856048f9a16b298190a3178407c?s=96&d=mm&r=g\",\"caption\":\"LA REDACTION\"},\"url\":\"https:\/\/www.public.sn\/index.php\/author\/editeurpsn\/\"}]}<\/script>\n<!-- \/ Yoast SEO plugin. -->","yoast_head_json":{"title":"Mosqu\u00e9e Amiti\u00e9-Baoback-Karack\u00a0: Vers une AG mouvement\u00e9e ce Dimanche. - LE PUBLIC","robots":{"index":"index","follow":"follow","max-snippet":"max-snippet:-1","max-image-preview":"max-image-preview:large","max-video-preview":"max-video-preview:-1"},"canonical":"https:\/\/www.public.sn\/index.php\/2022\/10\/21\/mosquee-amitie-baoback-karack-vers-une-ag-mouvementee-ce-dimanche\/","og_locale":"fr_FR","og_type":"article","og_title":"Mosqu\u00e9e Amiti\u00e9-Baoback-Karack\u00a0: Vers une AG mouvement\u00e9e ce Dimanche. - LE PUBLIC","og_description":"L\u2019on avait pens\u00e9 que les divisions et querelles \u00e9taient le domaine de comp\u00e9tence des politiques mais voila que des imams entrent dans la danse. En effet le renouvellement du comit\u00e9 de gestion du bureau de la mosqu\u00e9e de Amiti\u00e9 -Baobab- Karack risque d\u2019\u00eatre tr\u00e8s tendu avec une assembl\u00e9e g\u00e9n\u00e9rale de tous les dangers. \u00a0La gestion de la Mosqu\u00e9e avait pos\u00e9 beaucoup de probl\u00e8mes entre le comit\u00e9 de gestion, l\u2019Imam, son fils et la population riveraine. Le pr\u00e9fet avait ainsi ordonn\u00e9 la tenue de l\u2019Assembl\u00e9e g\u00e9n\u00e9rale\u00a0 ce Dimanche pour le renouvellement des membres du comit\u00e9 de gestion. \u00a0Entre temps, l\u2019Imam et son fils sortent un autre communiqu\u00e9 pour signifier qu\u2019en v\u00e9rit\u00e9, il s\u2019agissait de la pr\u00e9sentation des membres du comit\u00e9 de gestion. Le camps adverse inform\u00e9 de cette d\u00e9cision avertit et adresse une lettre au pr\u00e9fet pour lui demander de prendre ses responsabilit\u00e9s. Ils ont ou\u00ef dire que des nervis \u00e9taient en train d\u2019\u00eatre recrut\u00e9s afin de limiter l\u2019acc\u00e8s \u00e0 la salle. \u00a0Ils avertissent qu\u2019ils \u00ab\u00a0n\u2019accepteront pas cette attitude irresponsable, ill\u00e9gale, non conforme aux statuts et r\u00e8glement int\u00e9rieur. \u00a0\u00a0 Samba SY.","og_url":"https:\/\/www.public.sn\/index.php\/2022\/10\/21\/mosquee-amitie-baoback-karack-vers-une-ag-mouvementee-ce-dimanche\/","og_site_name":"LE PUBLIC","article_published_time":"2022-10-21T12:16:20+00:00","article_modified_time":"2022-10-21T12:18:15+00:00","og_image":[{"width":537,"height":537,"url":"https:\/\/www.public.sn\/wp-content\/uploads\/2022\/10\/MOSQUEe-1.jpg","type":"image\/jpeg"}],"author":"LA REDACTION","twitter_card":"summary_large_image","twitter_misc":{"\u00c9crit par":"LA REDACTION","Dur\u00e9e de lecture estim\u00e9e":"1 minute"},"schema":{"@context":"https:\/\/schema.org","@graph":[{"@type":"Article","@id":"https:\/\/www.public.sn\/index.php\/2022\/10\/21\/mosquee-amitie-baoback-karack-vers-une-ag-mouvementee-ce-dimanche\/#article","isPartOf":{"@id":"https:\/\/www.public.sn\/index.php\/2022\/10\/21\/mosquee-amitie-baoback-karack-vers-une-ag-mouvementee-ce-dimanche\/"},"author":{"name":"LA REDACTION","@id":"https:\/\/www.public.sn\/#\/schema\/person\/cb76c8e1b8becc6be61fb5e92d6d0224"},"headline":"Mosqu\u00e9e Amiti\u00e9-Baoback-Karack\u00a0: Vers une AG mouvement\u00e9e ce Dimanche.","datePublished":"2022-10-21T12:16:20+00:00","dateModified":"2022-10-21T12:18:15+00:00","mainEntityOfPage":{"@id":"https:\/\/www.public.sn\/index.php\/2022\/10\/21\/mosquee-amitie-baoback-karack-vers-une-ag-mouvementee-ce-dimanche\/"},"wordCount":222,"commentCount":0,"publisher":{"@id":"https:\/\/www.public.sn\/#organization"},"image":{"@id":"https:\/\/www.public.sn\/index.php\/2022\/10\/21\/mosquee-amitie-baoback-karack-vers-une-ag-mouvementee-ce-dimanche\/#primaryimage"},"thumbnailUrl":"https:\/\/www.public.sn\/wp-content\/uploads\/2022\/10\/MOSQUEe-1.jpg","keywords":["ag","mosque baoback","renouvellement"],"articleSection":["ACTUALIT\u00c9S","RELIGION","S\u00c9N\u00c9GAL"],"inLanguage":"fr-FR","potentialAction":[{"@type":"CommentAction","name":"Comment","target":["https:\/\/www.public.sn\/index.php\/2022\/10\/21\/mosquee-amitie-baoback-karack-vers-une-ag-mouvementee-ce-dimanche\/#respond"]}]},{"@type":"WebPage","@id":"https:\/\/www.public.sn\/index.php\/2022\/10\/21\/mosquee-amitie-baoback-karack-vers-une-ag-mouvementee-ce-dimanche\/","url":"https:\/\/www.public.sn\/index.php\/2022\/10\/21\/mosquee-amitie-baoback-karack-vers-une-ag-mouvementee-ce-dimanche\/","name":"Mosqu\u00e9e Amiti\u00e9-Baoback-Karack\u00a0: Vers une AG mouvement\u00e9e ce Dimanche. - LE PUBLIC","isPartOf":{"@id":"https:\/\/www.public.sn\/#website"},"primaryImageOfPage":{"@id":"https:\/\/www.public.sn\/index.php\/2022\/10\/21\/mosquee-amitie-baoback-karack-vers-une-ag-mouvementee-ce-dimanche\/#primaryimage"},"image":{"@id":"https:\/\/www.public.sn\/index.php\/2022\/10\/21\/mosquee-amitie-baoback-karack-vers-une-ag-mouvementee-ce-dimanche\/#primaryimage"},"thumbnailUrl":"https:\/\/www.public.sn\/wp-content\/uploads\/2022\/10\/MOSQUEe-1.jpg","datePublished":"2022-10-21T12:16:20+00:00","dateModified":"2022-10-21T12:18:15+00:00","breadcrumb":{"@id":"https:\/\/www.public.sn\/index.php\/2022\/10\/21\/mosquee-amitie-baoback-karack-vers-une-ag-mouvementee-ce-dimanche\/#breadcrumb"},"inLanguage":"fr-FR","potentialAction":[{"@type":"ReadAction","target":["https:\/\/www.public.sn\/index.php\/2022\/10\/21\/mosquee-amitie-baoback-karack-vers-une-ag-mouvementee-ce-dimanche\/"]}]},{"@type":"ImageObject","inLanguage":"fr-FR","@id":"https:\/\/www.public.sn\/index.php\/2022\/10\/21\/mosquee-amitie-baoback-karack-vers-une-ag-mouvementee-ce-dimanche\/#primaryimage","url":"https:\/\/www.public.sn\/wp-content\/uploads\/2022\/10\/MOSQUEe-1.jpg","contentUrl":"https:\/\/www.public.sn\/wp-content\/uploads\/2022\/10\/MOSQUEe-1.jpg","width":537,"height":537,"caption":"publicsn"},{"@type":"BreadcrumbList","@id":"https:\/\/www.public.sn\/index.php\/2022\/10\/21\/mosquee-amitie-baoback-karack-vers-une-ag-mouvementee-ce-dimanche\/#breadcrumb","itemListElement":[{"@type":"ListItem","position":1,"name":"Accueil","item":"https:\/\/www.public.sn\/"},{"@type":"ListItem","position":2,"name":"Mosqu\u00e9e Amiti\u00e9-Baoback-Karack\u00a0: Vers une AG mouvement\u00e9e ce Dimanche."}]},{"@type":"WebSite","@id":"https:\/\/www.public.sn\/#website","url":"https:\/\/www.public.sn\/","name":"LE PUBLIC","description":"","publisher":{"@id":"https:\/\/www.public.sn\/#organization"},"potentialAction":[{"@type":"SearchAction","target":{"@type":"EntryPoint","urlTemplate":"https:\/\/www.public.sn\/?s={search_term_string}"},"query-input":{"@type":"PropertyValueSpecification","valueRequired":true,"valueName":"search_term_string"}}],"inLanguage":"fr-FR"},{"@type":"Organization","@id":"https:\/\/www.public.sn\/#organization","name":"LE PUBLIC","url":"https:\/\/www.public.sn\/","logo":{"@type":"ImageObject","inLanguage":"fr-FR","@id":"https:\/\/www.public.sn\/#\/schema\/logo\/image\/","url":"https:\/\/www.public.sn\/wp-content\/uploads\/2024\/05\/cropped-LOGO-PUBLIC.SN_.png","contentUrl":"https:\/\/www.public.sn\/wp-content\/uploads\/2024\/05\/cropped-LOGO-PUBLIC.SN_.png","width":682,"height":192,"caption":"LE PUBLIC"},"image":{"@id":"https:\/\/www.public.sn\/#\/schema\/logo\/image\/"}},{"@type":"Person","@id":"https:\/\/www.public.sn\/#\/schema\/person\/cb76c8e1b8becc6be61fb5e92d6d0224","name":"LA REDACTION","image":{"@type":"ImageObject","inLanguage":"fr-FR","@id":"https:\/\/www.public.sn\/#\/schema\/person\/image\/","url":"https:\/\/secure.gravatar.com\/avatar\/2dce5ddd34b8fef0180efe03aa2a9bee7d953856048f9a16b298190a3178407c?s=96&d=mm&r=g","contentUrl":"https:\/\/secure.gravatar.com\/avatar\/2dce5ddd34b8fef0180efe03aa2a9bee7d953856048f9a16b298190a3178407c?s=96&d=mm&r=g","caption":"LA REDACTION"},"url":"https:\/\/www.public.sn\/index.php\/author\/editeurpsn\/"}]}},"jetpack_featured_media_url":"https:\/\/www.public.sn\/wp-content\/uploads\/2022\/10\/MOSQUEe-1.jpg","jetpack_sharing_enabled":true,"_links":{"self":[{"href":"https:\/\/www.public.sn\/index.php\/wp-json\/wp\/v2\/posts\/5506","targetHints":{"allow":["GET"]}}],"collection":[{"href":"https:\/\/www.public.sn\/index.php\/wp-json\/wp\/v2\/posts"}],"about":[{"href":"https:\/\/www.public.sn\/index.php\/wp-json\/wp\/v2\/types\/post"}],"author":[{"embeddable":true,"href":"https:\/\/www.public.sn\/index.php\/wp-json\/wp\/v2\/users\/7"}],"replies":[{"embeddable":true,"href":"https:\/\/www.public.sn\/index.php\/wp-json\/wp\/v2\/comments?post=5506"}],"version-history":[{"count":3,"href":"https:\/\/www.public.sn\/index.php\/wp-json\/wp\/v2\/posts\/5506\/revisions"}],"predecessor-version":[{"id":5510,"href":"https:\/\/www.public.sn\/index.php\/wp-json\/wp\/v2\/posts\/5506\/revisions\/5510"}],"wp:featuredmedia":[{"embeddable":true,"href":"https:\/\/www.public.sn\/index.php\/wp-json\/wp\/v2\/media\/5507"}],"wp:attachment":[{"href":"https:\/\/www.public.sn\/index.php\/wp-json\/wp\/v2\/media?parent=5506"}],"wp:term":[{"taxonomy":"category","embeddable":true,"href":"https:\/\/www.public.sn\/index.php\/wp-json\/wp\/v2\/categories?post=5506"},{"taxonomy":"post_tag","embeddable":true,"href":"https:\/\/www.public.sn\/index.php\/wp-json\/wp\/v2\/tags?post=5506"}],"curies":[{"name":"wp","href":"https:\/\/api.w.org\/{rel}","templated":true}]}}